{"id":465,"date":"2025-08-04T00:04:56","date_gmt":"2025-08-04T06:04:56","guid":{"rendered":"https:\/\/somos-hermanos.mx\/?p=465"},"modified":"2025-08-04T00:04:56","modified_gmt":"2025-08-04T06:04:56","slug":"concientizacion-y-reciclaje-ejes-de-una-asociacion-mexicana-lider-en-ecologia","status":"publish","type":"post","link":"https:\/\/somos-hermanos.mx\/index.php\/2025\/08\/04\/concientizacion-y-reciclaje-ejes-de-una-asociacion-mexicana-lider-en-ecologia\/","title":{"rendered":"Concientizaci\u00f3n y reciclaje: ejes de una asociaci\u00f3n mexicana l\u00edder en ecolog\u00eda"},"content":{"rendered":"<p>En 2002, un grupo de empresarios de la industria de alimentos comenzaron a preocuparse por una problem\u00e1tica que, hasta antes de esa fecha, no ten\u00eda relevancia en la pol\u00edtica y sociedad mexicana: la regulaci\u00f3n de residuos de envases y empaques para reciclaje. Sin embargo, la preocupaci\u00f3n que los albergaba en dichas personas se transform\u00f3 en una soluci\u00f3n clara: la creaci\u00f3n de la Ecolog\u00eda y Compromiso Empresarial (ECOCE), <strong>una asociaci\u00f3n dedicada a resolver situaciones ambientales y que promueve \u201cun manejo adecuado de los residuos de envases y empaques en M\u00e9xico\u201d, <\/strong>como dice su p\u00e1gina web oficial (<a href=\"https:\/\/www.ecoce.mx\"><u>https:\/\/www.ecoce.mx<\/u><\/a>).<\/p>\n<p>La principal misi\u00f3n de ECOCE consiste en <strong>fomentar, desde temprana edad, la separaci\u00f3n de envases y empaques posconsumo, por medio de educaci\u00f3n ambiental, campa\u00f1as de comunicaci\u00f3n, rescates ecol\u00f3gicos <\/strong>(jornadas de limpieza) y programas de acopio, en los cuales se promueven las siguientes labores: facilitar el acopio y la valorizaci\u00f3n de envases y empaques de bebidas y alimentos, sensibilizar sobre la importancia de una vida sustentable, atender la agenda legislativa y regulatoria, y promover la reciclabilidad de los envases y empaques, dentro de una Econom\u00eda Circular.<\/p>\n<p>ECOCE cuenta con distintos programas de apoyo que atienden las causas en diferentes espacios. Acopio Institucional, por un lado, contribuye a \u201cconcientizar de manera colectiva a las instituciones sobre la importancia del adecuado manejo de sus envases y empaques posconsumo, facilitando adem\u00e1s su clasificaci\u00f3n y adecuada gesti\u00f3n\u201d. Este programa est\u00e1 disponible para oficinas del sector p\u00fablico, centros deportivos, museos, zool\u00f3gicos, instituciones educativas media superior o peque\u00f1os comercios. Los registros a este proyecto se pueden hacer en el siguiente enlace: <a href=\"https:\/\/www.ecoce.mx\/acopio-institucional\/registro\"><u>https:\/\/www.ecoce.mx\/acopio-institucional\/registro<\/u><\/a><\/p>\n<p>Por otro lado, el Programa Universitario tiene como objetivo <strong>\u201cincentivar la formaci\u00f3n de una conciencia ecol\u00f3gica, tanto en universitarios, como en profesores y visitantes, mediante la correcta separaci\u00f3n y gesti\u00f3n <\/strong>de los residuos\u201d. Los materiales que se acopian son PET (Polietileno Tereftalato), PEAD (Polietileno de alta densidad), PEBD (Polietileno de baja densidad), BOPP (Polipropileno biorientado), aluminio y hojalata. El personal de la asociaci\u00f3n acude una vez al mes tanto para recolectar los materiales debidamente clasificados como para entregar al responsable del programa un eco-vale con el total de los kilogramos acopiados como comprobante. Registrarse en el siguiente enlace: <a href=\"https:\/\/www.ecoce.mx\/universidades\/registro\"><u>https:\/\/www.ecoce.mx\/universidades\/registro<\/u><\/a><\/p>\n<p>Carreras y Eventos Deportivos es el otro rubro en el que ECOCE realiza acopio. Aqu\u00ed, se apoya a diversos eventos deportivos (carreras, triatlones, maratones, etc.) mediante la recolecci\u00f3n de envases y empaques, y se promueve \u201cuna conciencia ambiental en deportistas, acompa\u00f1antes y p\u00fablico en general\u201d. Para cumplir con dicho prop\u00f3sito, la asociaci\u00f3n coloca contenedores a lo largo de los circuitos y eventos para evitar el esparcimiento de residuos en el \u00e1rea y motivar a los participantes para que depositen ah\u00ed sus residuos. Al t\u00e9rmino de cada evento, se clasifican correctamente los residuos, y despu\u00e9s se canalizan para su tratamiento o reciclaje. Para conocer m\u00e1s en torno a este programa, ingresar a la siguiente liga: <a href=\"https:\/\/www.ecoce.mx\/carreras-eventos\"><u>https:\/\/www.ecoce.mx\/carreras-eventos<\/u><\/a><\/p>\n<p>Finalmente, el programa Eco-Rescates se centra en \u201climpiar \u00e1reas naturales del pa\u00eds, como r\u00edos, playas, bosques y \u00e1reas urbanas, para salvaguardar su equilibrio ecol\u00f3gico.\u201d Estos trabajos implican una responsabilidad compartida que une esfuerzos voluntarios, tanto de los asociados de ECOCE como de gobiernos locales y sociedad civil, y buscan concientizar sobre el manejo adecuado oportuno y eficiente de los residuos, para evitar que lleguen a ambientes marinos, terrestres, \u00e1reas rurales y urbanas. Para registrarse a los eventos de Eco-Rescates, mandar \u00a0solicitud al correo: <a href=\"mailto:lkawas@ecoce.mx\"><u>lkawas@ecoce.mx<\/u><\/a><\/p>\n<p>Asimismo, ECOCE promueve Educaverde, una plataforma gratuita sobre \u201ceducaci\u00f3n ambiental en l\u00ednea, dirigida al sector acad\u00e9mico y al p\u00fablico en general, con la finalidad de promover el desarrollo sustentable\u201d. En este espacio se encuentran disponibles m\u00faltiples herramientas y actividades descargables sobre preservaci\u00f3n ambiental, las cuales, una vez terminadas, le permiten a la gente obtener un certificado. Para ingresar a dicha plataforma, entrar al siguiente enlace: <a href=\"https:\/\/educa-verde.ecoce.mx\/?_gl=1*1yj5vaw*_gcl_au*MTQxMjU5NzE5My4xNzQwODkwMTkz\"><u>https:\/\/educa-verde.ecoce.mx\/?_gl=1*1yj5vaw*_gcl_au*MTQxMjU5NzE5My4xNzQwODkwMTkz<\/u><\/a><\/p>\n<p><em>Para comunicarse con ECOCE, hacerlo a trav\u00e9s de los siguientes contactos:<\/em><\/p>\n<p><em>Tel\u00e9fonos: <\/em><\/p>\n<p><em>(52 55) 5281-2264<\/em><\/p>\n<p><em>(52 55) 5281-5318<\/em><\/p>\n<p><em>(52 55) 5281-2286<\/em><\/p>\n<p><em>WhatsApp: <\/em><\/p>\n<p><em>(52 55) 4577-2535<\/em><\/p>\n","protected":false},"excerpt":{"rendered":"<p>En 2002, un grupo de empresarios de la industria de alimentos comenzaron a preocuparse por una problem\u00e1tica que, hasta antes de esa fecha, no ten\u00eda relevancia en la pol\u00edtica y sociedad mexicana: la regulaci\u00f3n de residuos de envases y empaques para reciclaje. Sin embargo, la preocupaci\u00f3n que los albergaba en dichas personas se transform\u00f3 en [&hellip;]<\/p>\n","protected":false},"author":5,"featured_media":466,"comment_status":"open","ping_status":"closed","sticky":false,"template":"","format":"standard","meta":{"footnotes":""},"categories":[6],"tags":[],"class_list":["post-465","post","type-post","status-publish","format-standard","has-post-thumbnail","hentry","category-noticias"],"yoast_head":"<!-- This site is optimized with the Yoast SEO plugin v27.4 - https:\/\/yoast.com\/product\/yoast-seo-wordpress\/ -->\n<title>Concientizaci\u00f3n y reciclaje: ejes de una asociaci\u00f3n mexicana l\u00edder en ecolog\u00eda - Historias que inspiran...<\/title>\n<meta name=\"robots\" content=\"index, follow, max-snippet:-1, max-image-preview:large, max-video-preview:-1\" \/>\n<link rel=\"canonical\" href=\"https:\/\/somos-hermanos.mx\/index.php\/2025\/08\/04\/concientizacion-y-reciclaje-ejes-de-una-asociacion-mexicana-lider-en-ecologia\/\" \/>\n<meta property=\"og:locale\" content=\"es_MX\" \/>\n<meta property=\"og:type\" content=\"article\" \/>\n<meta property=\"og:title\" content=\"Concientizaci\u00f3n y reciclaje: ejes de una asociaci\u00f3n mexicana l\u00edder en ecolog\u00eda - Historias que inspiran...\" \/>\n<meta property=\"og:description\" content=\"En 2002, un grupo de empresarios de la industria de alimentos comenzaron a preocuparse por una problem\u00e1tica que, hasta antes de esa fecha, no ten\u00eda relevancia en la pol\u00edtica y sociedad mexicana: la regulaci\u00f3n de residuos de envases y empaques para reciclaje. Sin embargo, la preocupaci\u00f3n que los albergaba en dichas personas se transform\u00f3 en [&hellip;]\" \/>\n<meta property=\"og:url\" content=\"https:\/\/somos-hermanos.mx\/index.php\/2025\/08\/04\/concientizacion-y-reciclaje-ejes-de-una-asociacion-mexicana-lider-en-ecologia\/\" \/>\n<meta property=\"og:site_name\" content=\"Historias que inspiran...\" \/>\n<meta property=\"article:publisher\" content=\"https:\/\/www.facebook.com\/SomosHermanosIAP\/\" \/>\n<meta property=\"article:published_time\" content=\"2025-08-04T06:04:56+00:00\" \/>\n<meta property=\"og:image\" content=\"https:\/\/somos-hermanos.mx\/wp-content\/uploads\/2025\/08\/eco2.jpeg\" \/>\n\t<meta property=\"og:image:width\" content=\"1079\" \/>\n\t<meta property=\"og:image:height\" content=\"795\" \/>\n\t<meta property=\"og:image:type\" content=\"image\/jpeg\" \/>\n<meta name=\"author\" content=\"Ian Castelo Espinoza\" \/>\n<meta name=\"twitter:card\" content=\"summary_large_image\" \/>\n<meta name=\"twitter:creator\" content=\"@Somos__Hermanos\" \/>\n<meta name=\"twitter:site\" content=\"@Somos__Hermanos\" \/>\n<meta name=\"twitter:label1\" content=\"Escrito por\" \/>\n\t<meta name=\"twitter:data1\" content=\"Ian Castelo Espinoza\" \/>\n\t<meta name=\"twitter:label2\" content=\"Tiempo de lectura\" \/>\n\t<meta name=\"twitter:data2\" content=\"4 minutos\" \/>\n<script type=\"application\/ld+json\" class=\"yoast-schema-graph\">{\"@context\":\"https:\\\/\\\/schema.org\",\"@graph\":[{\"@type\":\"Article\",\"@id\":\"https:\\\/\\\/somos-hermanos.mx\\\/index.php\\\/2025\\\/08\\\/04\\\/concientizacion-y-reciclaje-ejes-de-una-asociacion-mexicana-lider-en-ecologia\\\/#article\",\"isPartOf\":{\"@id\":\"https:\\\/\\\/somos-hermanos.mx\\\/index.php\\\/2025\\\/08\\\/04\\\/concientizacion-y-reciclaje-ejes-de-una-asociacion-mexicana-lider-en-ecologia\\\/\"},\"author\":{\"name\":\"Ian Castelo Espinoza\",\"@id\":\"https:\\\/\\\/somos-hermanos.mx\\\/#\\\/schema\\\/person\\\/a23e73fa301c31e448c416ffef691a79\"},\"headline\":\"Concientizaci\u00f3n y reciclaje: ejes de una asociaci\u00f3n mexicana l\u00edder en ecolog\u00eda\",\"datePublished\":\"2025-08-04T06:04:56+00:00\",\"mainEntityOfPage\":{\"@id\":\"https:\\\/\\\/somos-hermanos.mx\\\/index.php\\\/2025\\\/08\\\/04\\\/concientizacion-y-reciclaje-ejes-de-una-asociacion-mexicana-lider-en-ecologia\\\/\"},\"wordCount\":736,\"commentCount\":0,\"publisher\":{\"@id\":\"https:\\\/\\\/somos-hermanos.mx\\\/#organization\"},\"image\":{\"@id\":\"https:\\\/\\\/somos-hermanos.mx\\\/index.php\\\/2025\\\/08\\\/04\\\/concientizacion-y-reciclaje-ejes-de-una-asociacion-mexicana-lider-en-ecologia\\\/#primaryimage\"},\"thumbnailUrl\":\"https:\\\/\\\/somos-hermanos.mx\\\/wp-content\\\/uploads\\\/2025\\\/08\\\/eco2.jpeg\",\"articleSection\":[\"Noticias\"],\"inLanguage\":\"es\",\"potentialAction\":[{\"@type\":\"CommentAction\",\"name\":\"Comment\",\"target\":[\"https:\\\/\\\/somos-hermanos.mx\\\/index.php\\\/2025\\\/08\\\/04\\\/concientizacion-y-reciclaje-ejes-de-una-asociacion-mexicana-lider-en-ecologia\\\/#respond\"]}]},{\"@type\":\"WebPage\",\"@id\":\"https:\\\/\\\/somos-hermanos.mx\\\/index.php\\\/2025\\\/08\\\/04\\\/concientizacion-y-reciclaje-ejes-de-una-asociacion-mexicana-lider-en-ecologia\\\/\",\"url\":\"https:\\\/\\\/somos-hermanos.mx\\\/index.php\\\/2025\\\/08\\\/04\\\/concientizacion-y-reciclaje-ejes-de-una-asociacion-mexicana-lider-en-ecologia\\\/\",\"name\":\"Concientizaci\u00f3n y reciclaje: ejes de una asociaci\u00f3n mexicana l\u00edder en ecolog\u00eda - Historias que inspiran...\",\"isPartOf\":{\"@id\":\"https:\\\/\\\/somos-hermanos.mx\\\/#website\"},\"primaryImageOfPage\":{\"@id\":\"https:\\\/\\\/somos-hermanos.mx\\\/index.php\\\/2025\\\/08\\\/04\\\/concientizacion-y-reciclaje-ejes-de-una-asociacion-mexicana-lider-en-ecologia\\\/#primaryimage\"},\"image\":{\"@id\":\"https:\\\/\\\/somos-hermanos.mx\\\/index.php\\\/2025\\\/08\\\/04\\\/concientizacion-y-reciclaje-ejes-de-una-asociacion-mexicana-lider-en-ecologia\\\/#primaryimage\"},\"thumbnailUrl\":\"https:\\\/\\\/somos-hermanos.mx\\\/wp-content\\\/uploads\\\/2025\\\/08\\\/eco2.jpeg\",\"datePublished\":\"2025-08-04T06:04:56+00:00\",\"breadcrumb\":{\"@id\":\"https:\\\/\\\/somos-hermanos.mx\\\/index.php\\\/2025\\\/08\\\/04\\\/concientizacion-y-reciclaje-ejes-de-una-asociacion-mexicana-lider-en-ecologia\\\/#breadcrumb\"},\"inLanguage\":\"es\",\"potentialAction\":[{\"@type\":\"ReadAction\",\"target\":[\"https:\\\/\\\/somos-hermanos.mx\\\/index.php\\\/2025\\\/08\\\/04\\\/concientizacion-y-reciclaje-ejes-de-una-asociacion-mexicana-lider-en-ecologia\\\/\"]}]},{\"@type\":\"ImageObject\",\"inLanguage\":\"es\",\"@id\":\"https:\\\/\\\/somos-hermanos.mx\\\/index.php\\\/2025\\\/08\\\/04\\\/concientizacion-y-reciclaje-ejes-de-una-asociacion-mexicana-lider-en-ecologia\\\/#primaryimage\",\"url\":\"https:\\\/\\\/somos-hermanos.mx\\\/wp-content\\\/uploads\\\/2025\\\/08\\\/eco2.jpeg\",\"contentUrl\":\"https:\\\/\\\/somos-hermanos.mx\\\/wp-content\\\/uploads\\\/2025\\\/08\\\/eco2.jpeg\",\"width\":1079,\"height\":795},{\"@type\":\"BreadcrumbList\",\"@id\":\"https:\\\/\\\/somos-hermanos.mx\\\/index.php\\\/2025\\\/08\\\/04\\\/concientizacion-y-reciclaje-ejes-de-una-asociacion-mexicana-lider-en-ecologia\\\/#breadcrumb\",\"itemListElement\":[{\"@type\":\"ListItem\",\"position\":1,\"name\":\"Inicio\",\"item\":\"https:\\\/\\\/somos-hermanos.mx\\\/\"},{\"@type\":\"ListItem\",\"position\":2,\"name\":\"Concientizaci\u00f3n y reciclaje: ejes de una asociaci\u00f3n mexicana l\u00edder en ecolog\u00eda\"}]},{\"@type\":\"WebSite\",\"@id\":\"https:\\\/\\\/somos-hermanos.mx\\\/#website\",\"url\":\"https:\\\/\\\/somos-hermanos.mx\\\/\",\"name\":\"Historias que inspiran...\",\"description\":\"Somos la voz del altruismo en M\u00e9xico\",\"publisher\":{\"@id\":\"https:\\\/\\\/somos-hermanos.mx\\\/#organization\"},\"potentialAction\":[{\"@type\":\"SearchAction\",\"target\":{\"@type\":\"EntryPoint\",\"urlTemplate\":\"https:\\\/\\\/somos-hermanos.mx\\\/?s={search_term_string}\"},\"query-input\":{\"@type\":\"PropertyValueSpecification\",\"valueRequired\":true,\"valueName\":\"search_term_string\"}}],\"inLanguage\":\"es\"},{\"@type\":\"Organization\",\"@id\":\"https:\\\/\\\/somos-hermanos.mx\\\/#organization\",\"name\":\"Somos Hermanos\",\"url\":\"https:\\\/\\\/somos-hermanos.mx\\\/\",\"logo\":{\"@type\":\"ImageObject\",\"inLanguage\":\"es\",\"@id\":\"https:\\\/\\\/somos-hermanos.mx\\\/#\\\/schema\\\/logo\\\/image\\\/\",\"url\":\"https:\\\/\\\/somos-hermanos.mx\\\/wp-content\\\/uploads\\\/2025\\\/08\\\/SH30-1.jpeg\",\"contentUrl\":\"https:\\\/\\\/somos-hermanos.mx\\\/wp-content\\\/uploads\\\/2025\\\/08\\\/SH30-1.jpeg\",\"width\":1600,\"height\":1142,\"caption\":\"Somos Hermanos\"},\"image\":{\"@id\":\"https:\\\/\\\/somos-hermanos.mx\\\/#\\\/schema\\\/logo\\\/image\\\/\"},\"sameAs\":[\"https:\\\/\\\/www.facebook.com\\\/SomosHermanosIAP\\\/\",\"https:\\\/\\\/x.com\\\/Somos__Hermanos\",\"https:\\\/\\\/www.instagram.com\\\/somos__hermanos\\\/#\",\"https:\\\/\\\/www.tiktok.com\\\/@somoshermanosiap\",\"https:\\\/\\\/www.youtube.com\\\/@somoshermanosiap1201\\\/videos\"]},{\"@type\":\"Person\",\"@id\":\"https:\\\/\\\/somos-hermanos.mx\\\/#\\\/schema\\\/person\\\/a23e73fa301c31e448c416ffef691a79\",\"name\":\"Ian Castelo Espinoza\",\"image\":{\"@type\":\"ImageObject\",\"inLanguage\":\"es\",\"@id\":\"https:\\\/\\\/secure.gravatar.com\\\/avatar\\\/f6d3daeb57e01d563e3f3a1d9b44389ba979de308271e31fe81ed15d473ce852?s=96&d=mm&r=g\",\"url\":\"https:\\\/\\\/secure.gravatar.com\\\/avatar\\\/f6d3daeb57e01d563e3f3a1d9b44389ba979de308271e31fe81ed15d473ce852?s=96&d=mm&r=g\",\"contentUrl\":\"https:\\\/\\\/secure.gravatar.com\\\/avatar\\\/f6d3daeb57e01d563e3f3a1d9b44389ba979de308271e31fe81ed15d473ce852?s=96&d=mm&r=g\",\"caption\":\"Ian Castelo Espinoza\"},\"url\":\"https:\\\/\\\/somos-hermanos.mx\\\/index.php\\\/author\\\/ian-castelo-espinoza\\\/\"}]}<\/script>\n<!-- \/ Yoast SEO plugin. -->","yoast_head_json":{"title":"Concientizaci\u00f3n y reciclaje: ejes de una asociaci\u00f3n mexicana l\u00edder en ecolog\u00eda - Historias que inspiran...","robots":{"index":"index","follow":"follow","max-snippet":"max-snippet:-1","max-image-preview":"max-image-preview:large","max-video-preview":"max-video-preview:-1"},"canonical":"https:\/\/somos-hermanos.mx\/index.php\/2025\/08\/04\/concientizacion-y-reciclaje-ejes-de-una-asociacion-mexicana-lider-en-ecologia\/","og_locale":"es_MX","og_type":"article","og_title":"Concientizaci\u00f3n y reciclaje: ejes de una asociaci\u00f3n mexicana l\u00edder en ecolog\u00eda - Historias que inspiran...","og_description":"En 2002, un grupo de empresarios de la industria de alimentos comenzaron a preocuparse por una problem\u00e1tica que, hasta antes de esa fecha, no ten\u00eda relevancia en la pol\u00edtica y sociedad mexicana: la regulaci\u00f3n de residuos de envases y empaques para reciclaje. Sin embargo, la preocupaci\u00f3n que los albergaba en dichas personas se transform\u00f3 en [&hellip;]","og_url":"https:\/\/somos-hermanos.mx\/index.php\/2025\/08\/04\/concientizacion-y-reciclaje-ejes-de-una-asociacion-mexicana-lider-en-ecologia\/","og_site_name":"Historias que inspiran...","article_publisher":"https:\/\/www.facebook.com\/SomosHermanosIAP\/","article_published_time":"2025-08-04T06:04:56+00:00","og_image":[{"width":1079,"height":795,"url":"https:\/\/somos-hermanos.mx\/wp-content\/uploads\/2025\/08\/eco2.jpeg","type":"image\/jpeg"}],"author":"Ian Castelo Espinoza","twitter_card":"summary_large_image","twitter_creator":"@Somos__Hermanos","twitter_site":"@Somos__Hermanos","twitter_misc":{"Escrito por":"Ian Castelo Espinoza","Tiempo de lectura":"4 minutos"},"schema":{"@context":"https:\/\/schema.org","@graph":[{"@type":"Article","@id":"https:\/\/somos-hermanos.mx\/index.php\/2025\/08\/04\/concientizacion-y-reciclaje-ejes-de-una-asociacion-mexicana-lider-en-ecologia\/#article","isPartOf":{"@id":"https:\/\/somos-hermanos.mx\/index.php\/2025\/08\/04\/concientizacion-y-reciclaje-ejes-de-una-asociacion-mexicana-lider-en-ecologia\/"},"author":{"name":"Ian Castelo Espinoza","@id":"https:\/\/somos-hermanos.mx\/#\/schema\/person\/a23e73fa301c31e448c416ffef691a79"},"headline":"Concientizaci\u00f3n y reciclaje: ejes de una asociaci\u00f3n mexicana l\u00edder en ecolog\u00eda","datePublished":"2025-08-04T06:04:56+00:00","mainEntityOfPage":{"@id":"https:\/\/somos-hermanos.mx\/index.php\/2025\/08\/04\/concientizacion-y-reciclaje-ejes-de-una-asociacion-mexicana-lider-en-ecologia\/"},"wordCount":736,"commentCount":0,"publisher":{"@id":"https:\/\/somos-hermanos.mx\/#organization"},"image":{"@id":"https:\/\/somos-hermanos.mx\/index.php\/2025\/08\/04\/concientizacion-y-reciclaje-ejes-de-una-asociacion-mexicana-lider-en-ecologia\/#primaryimage"},"thumbnailUrl":"https:\/\/somos-hermanos.mx\/wp-content\/uploads\/2025\/08\/eco2.jpeg","articleSection":["Noticias"],"inLanguage":"es","potentialAction":[{"@type":"CommentAction","name":"Comment","target":["https:\/\/somos-hermanos.mx\/index.php\/2025\/08\/04\/concientizacion-y-reciclaje-ejes-de-una-asociacion-mexicana-lider-en-ecologia\/#respond"]}]},{"@type":"WebPage","@id":"https:\/\/somos-hermanos.mx\/index.php\/2025\/08\/04\/concientizacion-y-reciclaje-ejes-de-una-asociacion-mexicana-lider-en-ecologia\/","url":"https:\/\/somos-hermanos.mx\/index.php\/2025\/08\/04\/concientizacion-y-reciclaje-ejes-de-una-asociacion-mexicana-lider-en-ecologia\/","name":"Concientizaci\u00f3n y reciclaje: ejes de una asociaci\u00f3n mexicana l\u00edder en ecolog\u00eda - Historias que inspiran...","isPartOf":{"@id":"https:\/\/somos-hermanos.mx\/#website"},"primaryImageOfPage":{"@id":"https:\/\/somos-hermanos.mx\/index.php\/2025\/08\/04\/concientizacion-y-reciclaje-ejes-de-una-asociacion-mexicana-lider-en-ecologia\/#primaryimage"},"image":{"@id":"https:\/\/somos-hermanos.mx\/index.php\/2025\/08\/04\/concientizacion-y-reciclaje-ejes-de-una-asociacion-mexicana-lider-en-ecologia\/#primaryimage"},"thumbnailUrl":"https:\/\/somos-hermanos.mx\/wp-content\/uploads\/2025\/08\/eco2.jpeg","datePublished":"2025-08-04T06:04:56+00:00","breadcrumb":{"@id":"https:\/\/somos-hermanos.mx\/index.php\/2025\/08\/04\/concientizacion-y-reciclaje-ejes-de-una-asociacion-mexicana-lider-en-ecologia\/#breadcrumb"},"inLanguage":"es","potentialAction":[{"@type":"ReadAction","target":["https:\/\/somos-hermanos.mx\/index.php\/2025\/08\/04\/concientizacion-y-reciclaje-ejes-de-una-asociacion-mexicana-lider-en-ecologia\/"]}]},{"@type":"ImageObject","inLanguage":"es","@id":"https:\/\/somos-hermanos.mx\/index.php\/2025\/08\/04\/concientizacion-y-reciclaje-ejes-de-una-asociacion-mexicana-lider-en-ecologia\/#primaryimage","url":"https:\/\/somos-hermanos.mx\/wp-content\/uploads\/2025\/08\/eco2.jpeg","contentUrl":"https:\/\/somos-hermanos.mx\/wp-content\/uploads\/2025\/08\/eco2.jpeg","width":1079,"height":795},{"@type":"BreadcrumbList","@id":"https:\/\/somos-hermanos.mx\/index.php\/2025\/08\/04\/concientizacion-y-reciclaje-ejes-de-una-asociacion-mexicana-lider-en-ecologia\/#breadcrumb","itemListElement":[{"@type":"ListItem","position":1,"name":"Inicio","item":"https:\/\/somos-hermanos.mx\/"},{"@type":"ListItem","position":2,"name":"Concientizaci\u00f3n y reciclaje: ejes de una asociaci\u00f3n mexicana l\u00edder en ecolog\u00eda"}]},{"@type":"WebSite","@id":"https:\/\/somos-hermanos.mx\/#website","url":"https:\/\/somos-hermanos.mx\/","name":"Historias que inspiran...","description":"Somos la voz del altruismo en M\u00e9xico","publisher":{"@id":"https:\/\/somos-hermanos.mx\/#organization"},"potentialAction":[{"@type":"SearchAction","target":{"@type":"EntryPoint","urlTemplate":"https:\/\/somos-hermanos.mx\/?s={search_term_string}"},"query-input":{"@type":"PropertyValueSpecification","valueRequired":true,"valueName":"search_term_string"}}],"inLanguage":"es"},{"@type":"Organization","@id":"https:\/\/somos-hermanos.mx\/#organization","name":"Somos Hermanos","url":"https:\/\/somos-hermanos.mx\/","logo":{"@type":"ImageObject","inLanguage":"es","@id":"https:\/\/somos-hermanos.mx\/#\/schema\/logo\/image\/","url":"https:\/\/somos-hermanos.mx\/wp-content\/uploads\/2025\/08\/SH30-1.jpeg","contentUrl":"https:\/\/somos-hermanos.mx\/wp-content\/uploads\/2025\/08\/SH30-1.jpeg","width":1600,"height":1142,"caption":"Somos Hermanos"},"image":{"@id":"https:\/\/somos-hermanos.mx\/#\/schema\/logo\/image\/"},"sameAs":["https:\/\/www.facebook.com\/SomosHermanosIAP\/","https:\/\/x.com\/Somos__Hermanos","https:\/\/www.instagram.com\/somos__hermanos\/#","https:\/\/www.tiktok.com\/@somoshermanosiap","https:\/\/www.youtube.com\/@somoshermanosiap1201\/videos"]},{"@type":"Person","@id":"https:\/\/somos-hermanos.mx\/#\/schema\/person\/a23e73fa301c31e448c416ffef691a79","name":"Ian Castelo Espinoza","image":{"@type":"ImageObject","inLanguage":"es","@id":"https:\/\/secure.gravatar.com\/avatar\/f6d3daeb57e01d563e3f3a1d9b44389ba979de308271e31fe81ed15d473ce852?s=96&d=mm&r=g","url":"https:\/\/secure.gravatar.com\/avatar\/f6d3daeb57e01d563e3f3a1d9b44389ba979de308271e31fe81ed15d473ce852?s=96&d=mm&r=g","contentUrl":"https:\/\/secure.gravatar.com\/avatar\/f6d3daeb57e01d563e3f3a1d9b44389ba979de308271e31fe81ed15d473ce852?s=96&d=mm&r=g","caption":"Ian Castelo Espinoza"},"url":"https:\/\/somos-hermanos.mx\/index.php\/author\/ian-castelo-espinoza\/"}]}},"_links":{"self":[{"href":"https:\/\/somos-hermanos.mx\/index.php\/wp-json\/wp\/v2\/posts\/465","targetHints":{"allow":["GET"]}}],"collection":[{"href":"https:\/\/somos-hermanos.mx\/index.php\/wp-json\/wp\/v2\/posts"}],"about":[{"href":"https:\/\/somos-hermanos.mx\/index.php\/wp-json\/wp\/v2\/types\/post"}],"author":[{"embeddable":true,"href":"https:\/\/somos-hermanos.mx\/index.php\/wp-json\/wp\/v2\/users\/5"}],"replies":[{"embeddable":true,"href":"https:\/\/somos-hermanos.mx\/index.php\/wp-json\/wp\/v2\/comments?post=465"}],"version-history":[{"count":1,"href":"https:\/\/somos-hermanos.mx\/index.php\/wp-json\/wp\/v2\/posts\/465\/revisions"}],"predecessor-version":[{"id":467,"href":"https:\/\/somos-hermanos.mx\/index.php\/wp-json\/wp\/v2\/posts\/465\/revisions\/467"}],"wp:featuredmedia":[{"embeddable":true,"href":"https:\/\/somos-hermanos.mx\/index.php\/wp-json\/wp\/v2\/media\/466"}],"wp:attachment":[{"href":"https:\/\/somos-hermanos.mx\/index.php\/wp-json\/wp\/v2\/media?parent=465"}],"wp:term":[{"taxonomy":"category","embeddable":true,"href":"https:\/\/somos-hermanos.mx\/index.php\/wp-json\/wp\/v2\/categories?post=465"},{"taxonomy":"post_tag","embeddable":true,"href":"https:\/\/somos-hermanos.mx\/index.php\/wp-json\/wp\/v2\/tags?post=465"}],"curies":[{"name":"wp","href":"https:\/\/api.w.org\/{rel}","templated":true}]}}