{"id":4337,"date":"2026-09-01T13:28:51","date_gmt":"2026-09-01T19:28:51","guid":{"rendered":"https:\/\/somos-hermanos.mx\/?p=4337"},"modified":"2026-09-01T13:28:51","modified_gmt":"2026-09-01T19:28:51","slug":"reconocen-la-trayectoria-de-la-casa-de-la-sal-ac","status":"publish","type":"post","link":"https:\/\/somos-hermanos.mx\/index.php\/2026\/09\/01\/reconocen-la-trayectoria-de-la-casa-de-la-sal-ac\/","title":{"rendered":"Reconocen la trayectoria de La Casa de la Sal AC"},"content":{"rendered":"<p><span class=\"TextRun SCXW77062615 BCX8\" lang=\"ES-MX\" xml:lang=\"ES-MX\" data-contrast=\"none\"><span class=\"NormalTextRun ContextualSpellingAndGrammarErrorV2Themed SCXW77062615 BCX8\" data-ccp-charstyle=\"normaltextrun\" data-ccp-charstyle-defn=\"{&quot;ObjectId&quot;:&quot;ac0262f4-8a9e-5820-b908-2d943c5f7113|1&quot;,&quot;ClassId&quot;:1073872969,&quot;Properties&quot;:[201342446,&quot;1&quot;,201342447,&quot;5&quot;,201342448,&quot;1&quot;,201342449,&quot;1&quot;,469777841,&quot;Aptos&quot;,469777842,&quot;&quot;,469777843,&quot;Aptos&quot;,469777844,&quot;Aptos&quot;,201341986,&quot;1&quot;,469769226,&quot;Aptos&quot;,268442635,&quot;24&quot;,469775450,&quot;normaltextrun&quot;,201340122,&quot;1&quot;,134233614,&quot;true&quot;,469778129,&quot;normaltextrun&quot;,335572020,&quot;1&quot;,469778324,&quot;Default Paragraph Font&quot;]}\">Redacci\u00f3n<\/span><span class=\"NormalTextRun ContextualSpellingAndGrammarErrorV2Themed SCXW77062615 BCX8\" data-ccp-charstyle=\"apple-converted-space\" data-ccp-charstyle-defn=\"{&quot;ObjectId&quot;:&quot;2fd183b4-ad5c-5199-9fc7-89a6d0356079|1&quot;,&quot;ClassId&quot;:1073872969,&quot;Properties&quot;:[201342446,&quot;1&quot;,201342447,&quot;5&quot;,201342448,&quot;1&quot;,201342449,&quot;1&quot;,469777841,&quot;Aptos&quot;,469777842,&quot;&quot;,469777843,&quot;Aptos&quot;,469777844,&quot;Aptos&quot;,201341986,&quot;1&quot;,469769226,&quot;Aptos&quot;,268442635,&quot;24&quot;,469775450,&quot;apple-converted-space&quot;,201340122,&quot;1&quot;,134233614,&quot;true&quot;,469778129,&quot;apple-converted-space&quot;,335572020,&quot;1&quot;,469778324,&quot;Default Paragraph Font&quot;]}\">\u202f<\/span><\/span> <span class=\"TextRun SCXW77062615 BCX8\" lang=\"ES-MX\" xml:lang=\"ES-MX\" data-contrast=\"auto\"><span class=\"NormalTextRun ContextualSpellingAndGrammarErrorV2Themed SCXW77062615 BCX8\" data-ccp-parastyle=\"paragraph\">Jes\u00fas<\/span><span class=\"NormalTextRun SCXW77062615 BCX8\" data-ccp-parastyle=\"paragraph\"> Arizmendi Valdez<\/span><\/span><\/p>\n<p>&nbsp;<\/p>\n<p><span data-contrast=\"auto\">\u201cCumplir 40 a\u00f1os nos permite mirar hacia atr\u00e1s y reconocer cu\u00e1nto ha cambiado la historia del VIH. La Casa de la Sal naci\u00f3 en un momento marcado por el miedo, la incertidumbre y el estigma; desde entonces, nuestra labor ha evolucionado con una convicci\u00f3n que permanece intacta, que es poner siempre a la persona y su dignidad en el centro\u201d, afirm\u00f3 Ana Luisa Escalante Rivero, presidenta y cofundadora de La Casa de la Sal AC.\u00a0<\/span><span data-ccp-props=\"{&quot;335551550&quot;:6,&quot;335551620&quot;:6}\">\u00a0<\/span><\/p>\n<p><span data-ccp-props=\"{&quot;335551550&quot;:6,&quot;335551620&quot;:6}\">\u00a0<\/span><\/p>\n<p><span data-contrast=\"auto\">Y es que, se dijo, en tan solo cuatro d\u00e9cadas la respuesta al VIH se ha transformado profundamente porque los avances m\u00e9dicos y el acceso al tratamiento antirretroviral permiten hoy que las personas que viven con VIH puedan desarrollar proyectos de vida plenos.\u00a0<\/span><span data-ccp-props=\"{&quot;335551550&quot;:6,&quot;335551620&quot;:6}\">\u00a0<\/span><\/p>\n<p><span data-ccp-props=\"{&quot;335551550&quot;:6,&quot;335551620&quot;:6}\">\u00a0<\/span><\/p>\n<p><span data-contrast=\"auto\">El reconocimiento fue entregado por el titular de la Secretar\u00eda de Salud, doctor David Kershenobich Stalnikowitz, quien resalt\u00f3 la respuesta al VIH de la Casa de la Sal. \u201cLas alianzas transforman y fue realmente muy significativo lo que hizo La Casa de la Sal para lograr esa transformaci\u00f3n\u201d, dijo.\u00a0<\/span><span data-ccp-props=\"{&quot;335551550&quot;:6,&quot;335551620&quot;:6}\">\u00a0<\/span><\/p>\n<p><span data-ccp-props=\"{&quot;335551550&quot;:6,&quot;335551620&quot;:6}\">\u00a0<\/span><\/p>\n<p><span data-contrast=\"auto\">\u201cSigamos adelante por otros 40 a\u00f1os, yo quisiera pensar que en los siguientes 40 a\u00f1os logremos la eliminaci\u00f3n del VIH, no solo vivir con VIH, sino que los avances nos permitan lograr la eliminaci\u00f3n de la enfermedad porque lograrlo es tan importante como lograr el que no haya estigmas en todo lo que quiere decir que una persona tenga VIH\u201d, expuso Kershenobich.\u00a0<\/span><span data-ccp-props=\"{&quot;335551550&quot;:6,&quot;335551620&quot;:6}\">\u00a0<\/span><\/p>\n<p><span data-ccp-props=\"{&quot;335551550&quot;:6,&quot;335551620&quot;:6}\">\u00a0<\/span><\/p>\n<p><span data-contrast=\"auto\">En el evento, se record\u00f3 que la educaci\u00f3n y la prevenci\u00f3n constituyen los ejes centrales del trabajo de La Casa de la Sal AC., y que la organizaci\u00f3n ha acompa\u00f1ado a m\u00e1s de un mill\u00f3n de personas en estas primeras cuatro d\u00e9cadas. Adem\u00e1s, se refiri\u00f3 que el modelo de educaci\u00f3n sexual integral logr\u00f3 acercar informaci\u00f3n y herramientas de prevenci\u00f3n a 206, 774 personas de comunidades y espacios de dif\u00edcil cobertura en 22 entidades del pa\u00eds, en m\u00e1s de 300 instituciones acad\u00e9micas y 100 \u00e1reas laborales por medio de 461 l\u00edderes comunitarios inmersos en el programa Brazos de La Casa de la Sal.\u00a0<\/span><span data-ccp-props=\"{&quot;335551550&quot;:6,&quot;335551620&quot;:6}\">\u00a0<\/span><\/p>\n<p><span data-ccp-props=\"{&quot;335551550&quot;:6,&quot;335551620&quot;:6}\">\u00a0<\/span><\/p>\n<p><span data-contrast=\"auto\">Dichas acciones formaron parte de una estrategia que permiti\u00f3 aplicar 22,324 pruebas r\u00e1pidas de VIH, fortalecer la prevenci\u00f3n, el diagn\u00f3stico oportuno, el acceso al tratamiento y el control viral, sumado a los esfuerzos nacionales y a los compromisos internacionales hacia 2030, con el objetivo de poner fin al sida como amenaza para la salud p\u00fablica, en concordancia con los objetivos impulsados por ONUSIDA.\u00a0<\/span><span data-ccp-props=\"{&quot;335551550&quot;:6,&quot;335551620&quot;:6}\">\u00a0<\/span><\/p>\n<p><span data-ccp-props=\"{&quot;335551550&quot;:6,&quot;335551620&quot;:6}\">\u00a0<\/span><\/p>\n<p><span data-contrast=\"auto\">Adem\u00e1s, se detall\u00f3 que desde 2003, m\u00e1s de mil beb\u00e9s de mujeres gestantes acompa\u00f1adas por el programa Infancia Libre de VIH (ILVIH), han nacido libres del virus, manteniendo una transmisi\u00f3n perinatal de cero por ciento entre la poblaci\u00f3n atendida. Durante 2024 y 2025, el programa acompa\u00f1\u00f3 a 122 mujeres gestantes.\u00a0<\/span><span data-ccp-props=\"{&quot;335551550&quot;:6,&quot;335551620&quot;:6}\">\u00a0<\/span><\/p>\n<p><span data-ccp-props=\"{&quot;335551550&quot;:6,&quot;335551620&quot;:6}\">\u00a0<\/span><\/p>\n<p><span data-contrast=\"auto\">Otro hito en la historia de La Casa de la Sal AC fue la creaci\u00f3n del primer albergue de Am\u00e9rica Latina dedicado a la atenci\u00f3n de ni\u00f1as y ni\u00f1os que viv\u00edan con VIH y sida en situaci\u00f3n de orfandad. Conforme se transformaron las necesidades y la respuesta al VIH, el modelo evolucion\u00f3 hacia alternativas que privilegiaran el derecho a vivir en familia y la construcci\u00f3n de proyectos de vida, incorporando a 22 ni\u00f1os y adolescentes a familias de acogimiento y adopci\u00f3n, asimismo, 35 j\u00f3venes en modelo de Vida Independiente.\u00a0<\/span><span data-ccp-props=\"{&quot;335551550&quot;:6,&quot;335551620&quot;:6}\">\u00a0<\/span><\/p>\n<p><span data-ccp-props=\"{&quot;335551550&quot;:6,&quot;335551620&quot;:6}\">\u00a0<\/span><\/p>\n<p><span data-contrast=\"auto\">Los representantes de La Casa de la Sal agradecieron a la Secretar\u00eda de Salud el reconocimiento y refrendaron su compromiso de continuar colaborando con las instituciones p\u00fablicas y la sociedad civil para fortalecer la respuesta al VIH en M\u00e9xico. \u201cHemos avanzado enormemente en la respuesta al VIH y sabemos que, con acceso al tratamiento, hoy es posible tener un proyecto de vida pleno; sin embargo, todav\u00eda enfrentamos un desaf\u00edo que no se resuelve con medicamentos: el miedo al rechazo y al prejuicio. Mientras una sola persona tenga que esconder su diagn\u00f3stico para sentirse segura, nuestro trabajo no habr\u00e1 terminado\u201d, concluy\u00f3 Ana Luisa Escalante Rivero, presidenta y Cofundadora de La Casa de la Sal AC.<\/span><\/p>\n","protected":false},"excerpt":{"rendered":"<p>Redacci\u00f3n\u202f Jes\u00fas Arizmendi Valdez &nbsp; \u201cCumplir 40 a\u00f1os nos permite mirar hacia atr\u00e1s y reconocer cu\u00e1nto ha cambiado la historia del VIH. La Casa de la Sal naci\u00f3 en un momento marcado por el miedo, la incertidumbre y el estigma; desde entonces, nuestra labor ha evolucionado con una convicci\u00f3n que permanece intacta, que es poner [&hellip;]<\/p>\n","protected":false},"author":1,"featured_media":4338,"comment_status":"open","ping_status":"closed","sticky":false,"template":"","format":"standard","meta":{"footnotes":""},"categories":[4611],"tags":[],"class_list":["post-4337","post","type-post","status-publish","format-standard","has-post-thumbnail","hentry","category-organizaciones-en-accion"],"yoast_head":"<!-- This site is optimized with the Yoast SEO plugin v28.3 - https:\/\/yoast.com\/product\/yoast-seo-wordpress\/ -->\n<title>Reconocen la trayectoria de La Casa de la Sal AC - Historias que inspiran...<\/title>\n<meta name=\"description\" content=\"La Secretar\u00eda de Salud reconoce los 40 a\u00f1os de La Casa de la Sal A.C. en la respuesta al VIH en M\u00e9xico. Descubre la cr\u00f3nica de un legado que transform\u00f3 el miedo en dignidad.\u00a0\" \/>\n<meta name=\"robots\" content=\"index, follow, max-snippet:-1, max-image-preview:large, max-video-preview:-1\" \/>\n<link rel=\"canonical\" href=\"https:\/\/somos-hermanos.mx\/index.php\/2026\/09\/01\/reconocen-la-trayectoria-de-la-casa-de-la-sal-ac\/\" \/>\n<meta property=\"og:locale\" content=\"es_MX\" \/>\n<meta property=\"og:type\" content=\"article\" \/>\n<meta property=\"og:title\" content=\"Reconocen la trayectoria de La Casa de la Sal AC - Historias que inspiran...\" \/>\n<meta property=\"og:description\" content=\"La Secretar\u00eda de Salud reconoce los 40 a\u00f1os de La Casa de la Sal A.C. en la respuesta al VIH en M\u00e9xico. Descubre la cr\u00f3nica de un legado que transform\u00f3 el miedo en dignidad.\u00a0\" \/>\n<meta property=\"og:url\" content=\"https:\/\/somos-hermanos.mx\/index.php\/2026\/09\/01\/reconocen-la-trayectoria-de-la-casa-de-la-sal-ac\/\" \/>\n<meta property=\"og:site_name\" content=\"Historias que inspiran...\" \/>\n<meta property=\"article:publisher\" content=\"https:\/\/www.facebook.com\/SomosHermanosIAP\/\" \/>\n<meta property=\"article:published_time\" content=\"2026-09-01T19:28:51+00:00\" \/>\n<meta property=\"og:image\" content=\"https:\/\/somos-hermanos.mx\/wp-content\/uploads\/2026\/09\/SOMOSHERMANOS-WEB.jpg\" \/>\n\t<meta property=\"og:image:width\" content=\"600\" \/>\n\t<meta property=\"og:image:height\" content=\"315\" \/>\n\t<meta property=\"og:image:type\" content=\"image\/jpeg\" \/>\n<meta name=\"author\" content=\"admin\" \/>\n<meta name=\"twitter:card\" content=\"summary_large_image\" \/>\n<meta name=\"twitter:creator\" content=\"@Somos__Hermanos\" \/>\n<meta name=\"twitter:site\" content=\"@Somos__Hermanos\" \/>\n<meta name=\"twitter:label1\" content=\"Escrito por\" \/>\n\t<meta name=\"twitter:data1\" content=\"admin\" \/>\n\t<meta name=\"twitter:label2\" content=\"Tiempo de lectura\" \/>\n\t<meta name=\"twitter:data2\" content=\"4 minutos\" \/>\n<script type=\"application\/ld+json\" class=\"yoast-schema-graph\">{\"@context\":\"https:\\\/\\\/schema.org\",\"@graph\":[{\"@type\":\"Article\",\"@id\":\"https:\\\/\\\/somos-hermanos.mx\\\/index.php\\\/2026\\\/09\\\/01\\\/reconocen-la-trayectoria-de-la-casa-de-la-sal-ac\\\/#article\",\"isPartOf\":{\"@id\":\"https:\\\/\\\/somos-hermanos.mx\\\/index.php\\\/2026\\\/09\\\/01\\\/reconocen-la-trayectoria-de-la-casa-de-la-sal-ac\\\/\"},\"author\":{\"name\":\"admin\",\"@id\":\"https:\\\/\\\/somos-hermanos.mx\\\/#\\\/schema\\\/person\\\/9fe9ba4e4bbbe9358e35011f4de4f3e3\"},\"headline\":\"Reconocen la trayectoria de La Casa de la Sal AC\",\"datePublished\":\"2026-09-01T19:28:51+00:00\",\"mainEntityOfPage\":{\"@id\":\"https:\\\/\\\/somos-hermanos.mx\\\/index.php\\\/2026\\\/09\\\/01\\\/reconocen-la-trayectoria-de-la-casa-de-la-sal-ac\\\/\"},\"wordCount\":702,\"commentCount\":0,\"publisher\":{\"@id\":\"https:\\\/\\\/somos-hermanos.mx\\\/#organization\"},\"image\":{\"@id\":\"https:\\\/\\\/somos-hermanos.mx\\\/index.php\\\/2026\\\/09\\\/01\\\/reconocen-la-trayectoria-de-la-casa-de-la-sal-ac\\\/#primaryimage\"},\"thumbnailUrl\":\"https:\\\/\\\/somos-hermanos.mx\\\/wp-content\\\/uploads\\\/2026\\\/09\\\/SOMOSHERMANOS-WEB.jpg\",\"articleSection\":[\"Organizaciones en acci\u00f3n\"],\"inLanguage\":\"es\",\"potentialAction\":[{\"@type\":\"CommentAction\",\"name\":\"Comment\",\"target\":[\"https:\\\/\\\/somos-hermanos.mx\\\/index.php\\\/2026\\\/09\\\/01\\\/reconocen-la-trayectoria-de-la-casa-de-la-sal-ac\\\/#respond\"]}]},{\"@type\":\"WebPage\",\"@id\":\"https:\\\/\\\/somos-hermanos.mx\\\/index.php\\\/2026\\\/09\\\/01\\\/reconocen-la-trayectoria-de-la-casa-de-la-sal-ac\\\/\",\"url\":\"https:\\\/\\\/somos-hermanos.mx\\\/index.php\\\/2026\\\/09\\\/01\\\/reconocen-la-trayectoria-de-la-casa-de-la-sal-ac\\\/\",\"name\":\"Reconocen la trayectoria de La Casa de la Sal AC - Historias que inspiran...\",\"isPartOf\":{\"@id\":\"https:\\\/\\\/somos-hermanos.mx\\\/#website\"},\"primaryImageOfPage\":{\"@id\":\"https:\\\/\\\/somos-hermanos.mx\\\/index.php\\\/2026\\\/09\\\/01\\\/reconocen-la-trayectoria-de-la-casa-de-la-sal-ac\\\/#primaryimage\"},\"image\":{\"@id\":\"https:\\\/\\\/somos-hermanos.mx\\\/index.php\\\/2026\\\/09\\\/01\\\/reconocen-la-trayectoria-de-la-casa-de-la-sal-ac\\\/#primaryimage\"},\"thumbnailUrl\":\"https:\\\/\\\/somos-hermanos.mx\\\/wp-content\\\/uploads\\\/2026\\\/09\\\/SOMOSHERMANOS-WEB.jpg\",\"datePublished\":\"2026-09-01T19:28:51+00:00\",\"description\":\"La Secretar\u00eda de Salud reconoce los 40 a\u00f1os de La Casa de la Sal A.C. en la respuesta al VIH en M\u00e9xico. Descubre la cr\u00f3nica de un legado que transform\u00f3 el miedo en dignidad.\u00a0\",\"breadcrumb\":{\"@id\":\"https:\\\/\\\/somos-hermanos.mx\\\/index.php\\\/2026\\\/09\\\/01\\\/reconocen-la-trayectoria-de-la-casa-de-la-sal-ac\\\/#breadcrumb\"},\"inLanguage\":\"es\",\"potentialAction\":[{\"@type\":\"ReadAction\",\"target\":[\"https:\\\/\\\/somos-hermanos.mx\\\/index.php\\\/2026\\\/09\\\/01\\\/reconocen-la-trayectoria-de-la-casa-de-la-sal-ac\\\/\"]}]},{\"@type\":\"ImageObject\",\"inLanguage\":\"es\",\"@id\":\"https:\\\/\\\/somos-hermanos.mx\\\/index.php\\\/2026\\\/09\\\/01\\\/reconocen-la-trayectoria-de-la-casa-de-la-sal-ac\\\/#primaryimage\",\"url\":\"https:\\\/\\\/somos-hermanos.mx\\\/wp-content\\\/uploads\\\/2026\\\/09\\\/SOMOSHERMANOS-WEB.jpg\",\"contentUrl\":\"https:\\\/\\\/somos-hermanos.mx\\\/wp-content\\\/uploads\\\/2026\\\/09\\\/SOMOSHERMANOS-WEB.jpg\",\"width\":600,\"height\":315},{\"@type\":\"BreadcrumbList\",\"@id\":\"https:\\\/\\\/somos-hermanos.mx\\\/index.php\\\/2026\\\/09\\\/01\\\/reconocen-la-trayectoria-de-la-casa-de-la-sal-ac\\\/#breadcrumb\",\"itemListElement\":[{\"@type\":\"ListItem\",\"position\":1,\"name\":\"Inicio\",\"item\":\"https:\\\/\\\/somos-hermanos.mx\\\/\"},{\"@type\":\"ListItem\",\"position\":2,\"name\":\"Reconocen la trayectoria de La Casa de la Sal AC\"}]},{\"@type\":\"WebSite\",\"@id\":\"https:\\\/\\\/somos-hermanos.mx\\\/#website\",\"url\":\"https:\\\/\\\/somos-hermanos.mx\\\/\",\"name\":\"Historias que inspiran...\",\"description\":\"Somos la voz del altruismo en M\u00e9xico\",\"publisher\":{\"@id\":\"https:\\\/\\\/somos-hermanos.mx\\\/#organization\"},\"potentialAction\":[{\"@type\":\"SearchAction\",\"target\":{\"@type\":\"EntryPoint\",\"urlTemplate\":\"https:\\\/\\\/somos-hermanos.mx\\\/?s={search_term_string}\"},\"query-input\":{\"@type\":\"PropertyValueSpecification\",\"valueRequired\":true,\"valueName\":\"search_term_string\"}}],\"inLanguage\":\"es\"},{\"@type\":\"Organization\",\"@id\":\"https:\\\/\\\/somos-hermanos.mx\\\/#organization\",\"name\":\"Somos Hermanos\",\"url\":\"https:\\\/\\\/somos-hermanos.mx\\\/\",\"logo\":{\"@type\":\"ImageObject\",\"inLanguage\":\"es\",\"@id\":\"https:\\\/\\\/somos-hermanos.mx\\\/#\\\/schema\\\/logo\\\/image\\\/\",\"url\":\"https:\\\/\\\/somos-hermanos.mx\\\/wp-content\\\/uploads\\\/2025\\\/08\\\/SH30-1.jpeg\",\"contentUrl\":\"https:\\\/\\\/somos-hermanos.mx\\\/wp-content\\\/uploads\\\/2025\\\/08\\\/SH30-1.jpeg\",\"width\":1600,\"height\":1142,\"caption\":\"Somos Hermanos\"},\"image\":{\"@id\":\"https:\\\/\\\/somos-hermanos.mx\\\/#\\\/schema\\\/logo\\\/image\\\/\"},\"sameAs\":[\"https:\\\/\\\/www.facebook.com\\\/SomosHermanosIAP\\\/\",\"https:\\\/\\\/x.com\\\/Somos__Hermanos\",\"https:\\\/\\\/www.instagram.com\\\/somos__hermanos\\\/#\",\"https:\\\/\\\/www.tiktok.com\\\/@somoshermanosiap\",\"https:\\\/\\\/www.youtube.com\\\/@somoshermanosiap1201\\\/videos\"]},{\"@type\":\"Person\",\"@id\":\"https:\\\/\\\/somos-hermanos.mx\\\/#\\\/schema\\\/person\\\/9fe9ba4e4bbbe9358e35011f4de4f3e3\",\"name\":\"admin\",\"image\":{\"@type\":\"ImageObject\",\"inLanguage\":\"es\",\"@id\":\"https:\\\/\\\/secure.gravatar.com\\\/avatar\\\/63083953aeebfe4d41070845dc295ef4321857ed1116a9f7a571fad8b014c83a?s=96&d=mm&r=g\",\"url\":\"https:\\\/\\\/secure.gravatar.com\\\/avatar\\\/63083953aeebfe4d41070845dc295ef4321857ed1116a9f7a571fad8b014c83a?s=96&d=mm&r=g\",\"contentUrl\":\"https:\\\/\\\/secure.gravatar.com\\\/avatar\\\/63083953aeebfe4d41070845dc295ef4321857ed1116a9f7a571fad8b014c83a?s=96&d=mm&r=g\",\"caption\":\"admin\"},\"sameAs\":[\"https:\\\/\\\/somos-hermanos.mx\"],\"url\":\"https:\\\/\\\/somos-hermanos.mx\\\/index.php\\\/author\\\/soyelhermano\\\/\"}]}<\/script>\n<!-- \/ Yoast SEO plugin. -->","yoast_head_json":{"title":"Reconocen la trayectoria de La Casa de la Sal AC - Historias que inspiran...","description":"La Secretar\u00eda de Salud reconoce los 40 a\u00f1os de La Casa de la Sal A.C. en la respuesta al VIH en M\u00e9xico. Descubre la cr\u00f3nica de un legado que transform\u00f3 el miedo en dignidad.\u00a0","robots":{"index":"index","follow":"follow","max-snippet":"max-snippet:-1","max-image-preview":"max-image-preview:large","max-video-preview":"max-video-preview:-1"},"canonical":"https:\/\/somos-hermanos.mx\/index.php\/2026\/09\/01\/reconocen-la-trayectoria-de-la-casa-de-la-sal-ac\/","og_locale":"es_MX","og_type":"article","og_title":"Reconocen la trayectoria de La Casa de la Sal AC - Historias que inspiran...","og_description":"La Secretar\u00eda de Salud reconoce los 40 a\u00f1os de La Casa de la Sal A.C. en la respuesta al VIH en M\u00e9xico. Descubre la cr\u00f3nica de un legado que transform\u00f3 el miedo en dignidad.\u00a0","og_url":"https:\/\/somos-hermanos.mx\/index.php\/2026\/09\/01\/reconocen-la-trayectoria-de-la-casa-de-la-sal-ac\/","og_site_name":"Historias que inspiran...","article_publisher":"https:\/\/www.facebook.com\/SomosHermanosIAP\/","article_published_time":"2026-09-01T19:28:51+00:00","og_image":[{"width":600,"height":315,"url":"https:\/\/somos-hermanos.mx\/wp-content\/uploads\/2026\/09\/SOMOSHERMANOS-WEB.jpg","type":"image\/jpeg"}],"author":"admin","twitter_card":"summary_large_image","twitter_creator":"@Somos__Hermanos","twitter_site":"@Somos__Hermanos","twitter_misc":{"Escrito por":"admin","Tiempo de lectura":"4 minutos"},"schema":{"@context":"https:\/\/schema.org","@graph":[{"@type":"Article","@id":"https:\/\/somos-hermanos.mx\/index.php\/2026\/09\/01\/reconocen-la-trayectoria-de-la-casa-de-la-sal-ac\/#article","isPartOf":{"@id":"https:\/\/somos-hermanos.mx\/index.php\/2026\/09\/01\/reconocen-la-trayectoria-de-la-casa-de-la-sal-ac\/"},"author":{"name":"admin","@id":"https:\/\/somos-hermanos.mx\/#\/schema\/person\/9fe9ba4e4bbbe9358e35011f4de4f3e3"},"headline":"Reconocen la trayectoria de La Casa de la Sal AC","datePublished":"2026-09-01T19:28:51+00:00","mainEntityOfPage":{"@id":"https:\/\/somos-hermanos.mx\/index.php\/2026\/09\/01\/reconocen-la-trayectoria-de-la-casa-de-la-sal-ac\/"},"wordCount":702,"commentCount":0,"publisher":{"@id":"https:\/\/somos-hermanos.mx\/#organization"},"image":{"@id":"https:\/\/somos-hermanos.mx\/index.php\/2026\/09\/01\/reconocen-la-trayectoria-de-la-casa-de-la-sal-ac\/#primaryimage"},"thumbnailUrl":"https:\/\/somos-hermanos.mx\/wp-content\/uploads\/2026\/09\/SOMOSHERMANOS-WEB.jpg","articleSection":["Organizaciones en acci\u00f3n"],"inLanguage":"es","potentialAction":[{"@type":"CommentAction","name":"Comment","target":["https:\/\/somos-hermanos.mx\/index.php\/2026\/09\/01\/reconocen-la-trayectoria-de-la-casa-de-la-sal-ac\/#respond"]}]},{"@type":"WebPage","@id":"https:\/\/somos-hermanos.mx\/index.php\/2026\/09\/01\/reconocen-la-trayectoria-de-la-casa-de-la-sal-ac\/","url":"https:\/\/somos-hermanos.mx\/index.php\/2026\/09\/01\/reconocen-la-trayectoria-de-la-casa-de-la-sal-ac\/","name":"Reconocen la trayectoria de La Casa de la Sal AC - Historias que inspiran...","isPartOf":{"@id":"https:\/\/somos-hermanos.mx\/#website"},"primaryImageOfPage":{"@id":"https:\/\/somos-hermanos.mx\/index.php\/2026\/09\/01\/reconocen-la-trayectoria-de-la-casa-de-la-sal-ac\/#primaryimage"},"image":{"@id":"https:\/\/somos-hermanos.mx\/index.php\/2026\/09\/01\/reconocen-la-trayectoria-de-la-casa-de-la-sal-ac\/#primaryimage"},"thumbnailUrl":"https:\/\/somos-hermanos.mx\/wp-content\/uploads\/2026\/09\/SOMOSHERMANOS-WEB.jpg","datePublished":"2026-09-01T19:28:51+00:00","description":"La Secretar\u00eda de Salud reconoce los 40 a\u00f1os de La Casa de la Sal A.C. en la respuesta al VIH en M\u00e9xico. Descubre la cr\u00f3nica de un legado que transform\u00f3 el miedo en dignidad.\u00a0","breadcrumb":{"@id":"https:\/\/somos-hermanos.mx\/index.php\/2026\/09\/01\/reconocen-la-trayectoria-de-la-casa-de-la-sal-ac\/#breadcrumb"},"inLanguage":"es","potentialAction":[{"@type":"ReadAction","target":["https:\/\/somos-hermanos.mx\/index.php\/2026\/09\/01\/reconocen-la-trayectoria-de-la-casa-de-la-sal-ac\/"]}]},{"@type":"ImageObject","inLanguage":"es","@id":"https:\/\/somos-hermanos.mx\/index.php\/2026\/09\/01\/reconocen-la-trayectoria-de-la-casa-de-la-sal-ac\/#primaryimage","url":"https:\/\/somos-hermanos.mx\/wp-content\/uploads\/2026\/09\/SOMOSHERMANOS-WEB.jpg","contentUrl":"https:\/\/somos-hermanos.mx\/wp-content\/uploads\/2026\/09\/SOMOSHERMANOS-WEB.jpg","width":600,"height":315},{"@type":"BreadcrumbList","@id":"https:\/\/somos-hermanos.mx\/index.php\/2026\/09\/01\/reconocen-la-trayectoria-de-la-casa-de-la-sal-ac\/#breadcrumb","itemListElement":[{"@type":"ListItem","position":1,"name":"Inicio","item":"https:\/\/somos-hermanos.mx\/"},{"@type":"ListItem","position":2,"name":"Reconocen la trayectoria de La Casa de la Sal AC"}]},{"@type":"WebSite","@id":"https:\/\/somos-hermanos.mx\/#website","url":"https:\/\/somos-hermanos.mx\/","name":"Historias que inspiran...","description":"Somos la voz del altruismo en M\u00e9xico","publisher":{"@id":"https:\/\/somos-hermanos.mx\/#organization"},"potentialAction":[{"@type":"SearchAction","target":{"@type":"EntryPoint","urlTemplate":"https:\/\/somos-hermanos.mx\/?s={search_term_string}"},"query-input":{"@type":"PropertyValueSpecification","valueRequired":true,"valueName":"search_term_string"}}],"inLanguage":"es"},{"@type":"Organization","@id":"https:\/\/somos-hermanos.mx\/#organization","name":"Somos Hermanos","url":"https:\/\/somos-hermanos.mx\/","logo":{"@type":"ImageObject","inLanguage":"es","@id":"https:\/\/somos-hermanos.mx\/#\/schema\/logo\/image\/","url":"https:\/\/somos-hermanos.mx\/wp-content\/uploads\/2025\/08\/SH30-1.jpeg","contentUrl":"https:\/\/somos-hermanos.mx\/wp-content\/uploads\/2025\/08\/SH30-1.jpeg","width":1600,"height":1142,"caption":"Somos Hermanos"},"image":{"@id":"https:\/\/somos-hermanos.mx\/#\/schema\/logo\/image\/"},"sameAs":["https:\/\/www.facebook.com\/SomosHermanosIAP\/","https:\/\/x.com\/Somos__Hermanos","https:\/\/www.instagram.com\/somos__hermanos\/#","https:\/\/www.tiktok.com\/@somoshermanosiap","https:\/\/www.youtube.com\/@somoshermanosiap1201\/videos"]},{"@type":"Person","@id":"https:\/\/somos-hermanos.mx\/#\/schema\/person\/9fe9ba4e4bbbe9358e35011f4de4f3e3","name":"admin","image":{"@type":"ImageObject","inLanguage":"es","@id":"https:\/\/secure.gravatar.com\/avatar\/63083953aeebfe4d41070845dc295ef4321857ed1116a9f7a571fad8b014c83a?s=96&d=mm&r=g","url":"https:\/\/secure.gravatar.com\/avatar\/63083953aeebfe4d41070845dc295ef4321857ed1116a9f7a571fad8b014c83a?s=96&d=mm&r=g","contentUrl":"https:\/\/secure.gravatar.com\/avatar\/63083953aeebfe4d41070845dc295ef4321857ed1116a9f7a571fad8b014c83a?s=96&d=mm&r=g","caption":"admin"},"sameAs":["https:\/\/somos-hermanos.mx"],"url":"https:\/\/somos-hermanos.mx\/index.php\/author\/soyelhermano\/"}]}},"_links":{"self":[{"href":"https:\/\/somos-hermanos.mx\/index.php\/wp-json\/wp\/v2\/posts\/4337","targetHints":{"allow":["GET"]}}],"collection":[{"href":"https:\/\/somos-hermanos.mx\/index.php\/wp-json\/wp\/v2\/posts"}],"about":[{"href":"https:\/\/somos-hermanos.mx\/index.php\/wp-json\/wp\/v2\/types\/post"}],"author":[{"embeddable":true,"href":"https:\/\/somos-hermanos.mx\/index.php\/wp-json\/wp\/v2\/users\/1"}],"replies":[{"embeddable":true,"href":"https:\/\/somos-hermanos.mx\/index.php\/wp-json\/wp\/v2\/comments?post=4337"}],"version-history":[{"count":1,"href":"https:\/\/somos-hermanos.mx\/index.php\/wp-json\/wp\/v2\/posts\/4337\/revisions"}],"predecessor-version":[{"id":4339,"href":"https:\/\/somos-hermanos.mx\/index.php\/wp-json\/wp\/v2\/posts\/4337\/revisions\/4339"}],"wp:featuredmedia":[{"embeddable":true,"href":"https:\/\/somos-hermanos.mx\/index.php\/wp-json\/wp\/v2\/media\/4338"}],"wp:attachment":[{"href":"https:\/\/somos-hermanos.mx\/index.php\/wp-json\/wp\/v2\/media?parent=4337"}],"wp:term":[{"taxonomy":"category","embeddable":true,"href":"https:\/\/somos-hermanos.mx\/index.php\/wp-json\/wp\/v2\/categories?post=4337"},{"taxonomy":"post_tag","embeddable":true,"href":"https:\/\/somos-hermanos.mx\/index.php\/wp-json\/wp\/v2\/tags?post=4337"}],"curies":[{"name":"wp","href":"https:\/\/api.w.org\/{rel}","templated":true}]}}