{"id":3528,"date":"2026-04-30T17:55:25","date_gmt":"2026-04-30T23:55:25","guid":{"rendered":"https:\/\/somos-hermanos.mx\/?p=3528"},"modified":"2026-04-30T17:55:25","modified_gmt":"2026-04-30T23:55:25","slug":"osc-que-apoyan-a-las-infancias-vulnerables","status":"publish","type":"post","link":"https:\/\/somos-hermanos.mx\/index.php\/2026\/04\/30\/osc-que-apoyan-a-las-infancias-vulnerables\/","title":{"rendered":"OSC que apoyan a las infancias vulnerables"},"content":{"rendered":"<h4><span data-contrast=\"none\">En M\u00e9xico, m\u00e1s de 14 millones de ni\u00f1as, ni\u00f1os y adolescentes enfrentan pobreza, desnutrici\u00f3n y falta de acceso a educaci\u00f3n y salud. Ante esta realidad, diversas\u202f<\/span><span data-contrast=\"none\">Organizaciones de la Sociedad Civil (OSC)<\/span><span data-contrast=\"none\">\u202ftrabajan para garantizar sus derechos y ofrecer oportunidades de desarrollo.<\/span><span data-ccp-props=\"{&quot;201341983&quot;:0,&quot;335551550&quot;:6,&quot;335551620&quot;:6,&quot;335559740&quot;:360}\">\u00a0<\/span><\/h4>\n<p><span data-ccp-props=\"{&quot;201341983&quot;:0,&quot;335551550&quot;:6,&quot;335551620&quot;:6,&quot;335559740&quot;:360}\">\u00a0<\/span><\/p>\n<p><span data-contrast=\"auto\">Las infancias en M\u00e9xico se han consolidado como uno de los sectores m\u00e1s vulnerables en el pa\u00eds. La pobreza extrema, desnutrici\u00f3n, violencia familiar y\u00a0explotaci\u00f3n,\u00a0son algunas de las cosas a las que se enfrentan en la actualidad. M\u00e1s de la mitad de esta poblaci\u00f3n, que est\u00e1 conformada por m\u00e1s de 14 millones de ni\u00f1as, ni\u00f1os y adolescentes, no tiene acceso a una buena alimentaci\u00f3n, atenci\u00f3n m\u00e9dica, educaci\u00f3n, vivienda y seguridad social.\u00a0<\/span><span data-ccp-props=\"{&quot;201341983&quot;:0,&quot;335551550&quot;:6,&quot;335551620&quot;:6,&quot;335559740&quot;:360}\">\u00a0<\/span><\/p>\n<p><span data-contrast=\"auto\">Desde los primeros registros en 2016, las personas de 0 a 17 a\u00f1os, en una situaci\u00f3n de pobreza, son mayores al de la poblaci\u00f3n adulta. Asimismo, se ha visto en el 2024 un incremento en estas cifras.<\/span><span data-ccp-props=\"{&quot;201341983&quot;:0,&quot;335551550&quot;:6,&quot;335551620&quot;:6,&quot;335559740&quot;:360}\">\u00a0<\/span><\/p>\n<p><span data-contrast=\"auto\">Uno de los principales participantes en la b\u00fasqueda de un cambio en las infancias mexicanas, son las Organizaciones de la Sociedad Civil (OSC), quienes est\u00e1n comprometidas en ofrecer los recursos necesarios, como lo es educaci\u00f3n. salud y alimentaci\u00f3n y as\u00ed ofrecer la posibilidad de una\u00a0vida\u00a0 digna\u00a0y saludable.\u00a0<\/span><span data-ccp-props=\"{&quot;201341983&quot;:0,&quot;335551550&quot;:6,&quot;335551620&quot;:6,&quot;335559740&quot;:360}\">\u00a0<\/span><\/p>\n<p><i><span data-contrast=\"auto\">Red por los Derechos de la Infancia en M\u00e9xico<\/span><\/i><span data-contrast=\"auto\">\u00a0es una coalici\u00f3n de m\u00e1s de 80 OSC distribuidas en 18 estados de la Rep\u00fablica, la cual tiene como objetivo promover y defender los derechos de la infancia en M\u00e9xico. En 2001 trabajaron en la adecuaci\u00f3n de la Convenci\u00f3n de los Derechos del\u00a0Ni\u00f1o\u00a0 en\u00a0los marcos legales mexicanos. Contribuyeron al dise\u00f1o y seguimiento de pol\u00edticas p\u00fablicas relacionadas con la infancia, as\u00ed como la promoci\u00f3n de espacios y experiencias de participaci\u00f3n infantil y brindar capacitaci\u00f3n sobre los derechos de la infancia.\u00a0<\/span><span data-ccp-props=\"{&quot;201341983&quot;:0,&quot;335551550&quot;:6,&quot;335551620&quot;:6,&quot;335559740&quot;:360}\">\u00a0<\/span><\/p>\n<p><span data-contrast=\"auto\">Su objetivo es promover un movimiento social y cultural para que ni\u00f1as, ni\u00f1os y adolescentes conozcan, ejerzan y disfruten sus derechos. Por otro lado, en sus objetivos, est\u00e1n comprometidos en fortalecer la capacidad organizaciones de la sociedad civil mexicana en el cumplimiento, respeto y protecci\u00f3n de los derechos de la infancia en M\u00e9xico.\u00a0\u00a0<\/span><span data-ccp-props=\"{&quot;201341983&quot;:0,&quot;335551550&quot;:6,&quot;335551620&quot;:6,&quot;335559740&quot;:360}\">\u00a0<\/span><\/p>\n<p><i><span data-contrast=\"auto\">M\u00fasica Para La Vida<\/span><\/i><span data-contrast=\"auto\">, fundada en San Luis\u00a0Potos\u00ed,\u00a0 es\u00a0una organizaci\u00f3n infantil sin fines de lucro que, a trav\u00e9s de la m\u00fasica, busca crear espacios educativos y seguros para las infancias mexicanas. Apoy\u00e1ndose con su programa insignia, Sistema MUVI (Sistema Potosino de\u00a0Agrupaciones Musicales Comunitarias), esta organizaci\u00f3n alienta a los j\u00f3venes con oportunidades de desarrollo cultural, educativo y ocupacional.\u00a0Esto ha logrado que las infancias tengan la posibilidad de acceder a un ambiente de igualdad e inclusi\u00f3n, dejando a un lado la vulnerabilidad y las malas condiciones sociales en las que se encuentran.\u00a0<\/span><span data-ccp-props=\"{&quot;201341983&quot;:0,&quot;335551550&quot;:6,&quot;335551620&quot;:6,&quot;335559740&quot;:360}\">\u00a0<\/span><\/p>\n<p><img decoding=\"async\" src=\"https:\/\/encrypted-tbn0.gstatic.com\/images?q=tbn:ANd9GcRV_BTabee6JTzaYmObEvOkoUvfoSAwex1RQg&amp;s\" \/><\/p>\n","protected":false},"excerpt":{"rendered":"<p>En M\u00e9xico, m\u00e1s de 14 millones de ni\u00f1as, ni\u00f1os y adolescentes enfrentan pobreza, desnutrici\u00f3n y falta de acceso a educaci\u00f3n y salud. Ante esta realidad, diversas\u202fOrganizaciones de la Sociedad Civil (OSC)\u202ftrabajan para garantizar sus derechos y ofrecer oportunidades de desarrollo.\u00a0 \u00a0 Las infancias en M\u00e9xico se han consolidado como uno de los sectores m\u00e1s vulnerables [&hellip;]<\/p>\n","protected":false},"author":21,"featured_media":3529,"comment_status":"open","ping_status":"closed","sticky":false,"template":"","format":"standard","meta":{"footnotes":""},"categories":[6],"tags":[4553,1128,4409],"class_list":["post-3528","post","type-post","status-publish","format-standard","has-post-thumbnail","hentry","category-noticias","tag-infancias-vulnerables","tag-osc","tag-somos-hermanos"],"yoast_head":"<!-- This site is optimized with the Yoast SEO plugin v27.5 - https:\/\/yoast.com\/product\/yoast-seo-wordpress\/ -->\n<title>OSC que apoyan a las infancias vulnerables - Historias que inspiran...<\/title>\n<meta name=\"description\" content=\"En M\u00e9xico, m\u00e1s de 14 millones de ni\u00f1as, ni\u00f1os y adolescentes enfrentan pobreza, desnutrici\u00f3n y falta de acceso a educaci\u00f3n y salud. Ante esta realidad, diversas\u202fOrganizaciones de la Sociedad Civil (OSC)\" \/>\n<meta name=\"robots\" content=\"index, follow, max-snippet:-1, max-image-preview:large, max-video-preview:-1\" \/>\n<link rel=\"canonical\" href=\"https:\/\/somos-hermanos.mx\/index.php\/2026\/04\/30\/osc-que-apoyan-a-las-infancias-vulnerables\/\" \/>\n<meta property=\"og:locale\" content=\"es_MX\" \/>\n<meta property=\"og:type\" content=\"article\" \/>\n<meta property=\"og:title\" content=\"OSC que apoyan a las infancias vulnerables - Historias que inspiran...\" \/>\n<meta property=\"og:description\" content=\"En M\u00e9xico, m\u00e1s de 14 millones de ni\u00f1as, ni\u00f1os y adolescentes enfrentan pobreza, desnutrici\u00f3n y falta de acceso a educaci\u00f3n y salud. Ante esta realidad, diversas\u202fOrganizaciones de la Sociedad Civil (OSC)\" \/>\n<meta property=\"og:url\" content=\"https:\/\/somos-hermanos.mx\/index.php\/2026\/04\/30\/osc-que-apoyan-a-las-infancias-vulnerables\/\" \/>\n<meta property=\"og:site_name\" content=\"Historias que inspiran...\" \/>\n<meta property=\"article:publisher\" content=\"https:\/\/www.facebook.com\/SomosHermanosIAP\/\" \/>\n<meta property=\"article:published_time\" content=\"2026-04-30T23:55:25+00:00\" \/>\n<meta property=\"og:image\" content=\"https:\/\/somos-hermanos.mx\/wp-content\/uploads\/2026\/04\/INFANCIAS-VULNERABLES.jpg\" \/>\n\t<meta property=\"og:image:width\" content=\"1200\" \/>\n\t<meta property=\"og:image:height\" content=\"630\" \/>\n\t<meta property=\"og:image:type\" content=\"image\/jpeg\" \/>\n<meta name=\"author\" content=\"Jes\u00fas Pe\u00f1a Aguirre\" \/>\n<meta name=\"twitter:card\" content=\"summary_large_image\" \/>\n<meta name=\"twitter:creator\" content=\"@Somos__Hermanos\" \/>\n<meta name=\"twitter:site\" content=\"@Somos__Hermanos\" \/>\n<meta name=\"twitter:label1\" content=\"Escrito por\" \/>\n\t<meta name=\"twitter:data1\" content=\"Jes\u00fas Pe\u00f1a Aguirre\" \/>\n\t<meta name=\"twitter:label2\" content=\"Tiempo de lectura\" \/>\n\t<meta name=\"twitter:data2\" content=\"3 minutos\" \/>\n<script type=\"application\/ld+json\" class=\"yoast-schema-graph\">{\"@context\":\"https:\\\/\\\/schema.org\",\"@graph\":[{\"@type\":\"Article\",\"@id\":\"https:\\\/\\\/somos-hermanos.mx\\\/index.php\\\/2026\\\/04\\\/30\\\/osc-que-apoyan-a-las-infancias-vulnerables\\\/#article\",\"isPartOf\":{\"@id\":\"https:\\\/\\\/somos-hermanos.mx\\\/index.php\\\/2026\\\/04\\\/30\\\/osc-que-apoyan-a-las-infancias-vulnerables\\\/\"},\"author\":{\"name\":\"Jes\u00fas Pe\u00f1a Aguirre\",\"@id\":\"https:\\\/\\\/somos-hermanos.mx\\\/#\\\/schema\\\/person\\\/8acd26a8688e659352b79b33c534872c\"},\"headline\":\"OSC que apoyan a las infancias vulnerables\",\"datePublished\":\"2026-04-30T23:55:25+00:00\",\"mainEntityOfPage\":{\"@id\":\"https:\\\/\\\/somos-hermanos.mx\\\/index.php\\\/2026\\\/04\\\/30\\\/osc-que-apoyan-a-las-infancias-vulnerables\\\/\"},\"wordCount\":489,\"commentCount\":0,\"publisher\":{\"@id\":\"https:\\\/\\\/somos-hermanos.mx\\\/#organization\"},\"image\":{\"@id\":\"https:\\\/\\\/somos-hermanos.mx\\\/index.php\\\/2026\\\/04\\\/30\\\/osc-que-apoyan-a-las-infancias-vulnerables\\\/#primaryimage\"},\"thumbnailUrl\":\"https:\\\/\\\/somos-hermanos.mx\\\/wp-content\\\/uploads\\\/2026\\\/04\\\/INFANCIAS-VULNERABLES.jpg\",\"keywords\":[\"infancias vulnerables\",\"OSC\",\"Somos Hermanos\"],\"articleSection\":[\"Noticias\"],\"inLanguage\":\"es\",\"potentialAction\":[{\"@type\":\"CommentAction\",\"name\":\"Comment\",\"target\":[\"https:\\\/\\\/somos-hermanos.mx\\\/index.php\\\/2026\\\/04\\\/30\\\/osc-que-apoyan-a-las-infancias-vulnerables\\\/#respond\"]}]},{\"@type\":\"WebPage\",\"@id\":\"https:\\\/\\\/somos-hermanos.mx\\\/index.php\\\/2026\\\/04\\\/30\\\/osc-que-apoyan-a-las-infancias-vulnerables\\\/\",\"url\":\"https:\\\/\\\/somos-hermanos.mx\\\/index.php\\\/2026\\\/04\\\/30\\\/osc-que-apoyan-a-las-infancias-vulnerables\\\/\",\"name\":\"OSC que apoyan a las infancias vulnerables - Historias que inspiran...\",\"isPartOf\":{\"@id\":\"https:\\\/\\\/somos-hermanos.mx\\\/#website\"},\"primaryImageOfPage\":{\"@id\":\"https:\\\/\\\/somos-hermanos.mx\\\/index.php\\\/2026\\\/04\\\/30\\\/osc-que-apoyan-a-las-infancias-vulnerables\\\/#primaryimage\"},\"image\":{\"@id\":\"https:\\\/\\\/somos-hermanos.mx\\\/index.php\\\/2026\\\/04\\\/30\\\/osc-que-apoyan-a-las-infancias-vulnerables\\\/#primaryimage\"},\"thumbnailUrl\":\"https:\\\/\\\/somos-hermanos.mx\\\/wp-content\\\/uploads\\\/2026\\\/04\\\/INFANCIAS-VULNERABLES.jpg\",\"datePublished\":\"2026-04-30T23:55:25+00:00\",\"description\":\"En M\u00e9xico, m\u00e1s de 14 millones de ni\u00f1as, ni\u00f1os y adolescentes enfrentan pobreza, desnutrici\u00f3n y falta de acceso a educaci\u00f3n y salud. Ante esta realidad, diversas\u202fOrganizaciones de la Sociedad Civil (OSC)\",\"breadcrumb\":{\"@id\":\"https:\\\/\\\/somos-hermanos.mx\\\/index.php\\\/2026\\\/04\\\/30\\\/osc-que-apoyan-a-las-infancias-vulnerables\\\/#breadcrumb\"},\"inLanguage\":\"es\",\"potentialAction\":[{\"@type\":\"ReadAction\",\"target\":[\"https:\\\/\\\/somos-hermanos.mx\\\/index.php\\\/2026\\\/04\\\/30\\\/osc-que-apoyan-a-las-infancias-vulnerables\\\/\"]}]},{\"@type\":\"ImageObject\",\"inLanguage\":\"es\",\"@id\":\"https:\\\/\\\/somos-hermanos.mx\\\/index.php\\\/2026\\\/04\\\/30\\\/osc-que-apoyan-a-las-infancias-vulnerables\\\/#primaryimage\",\"url\":\"https:\\\/\\\/somos-hermanos.mx\\\/wp-content\\\/uploads\\\/2026\\\/04\\\/INFANCIAS-VULNERABLES.jpg\",\"contentUrl\":\"https:\\\/\\\/somos-hermanos.mx\\\/wp-content\\\/uploads\\\/2026\\\/04\\\/INFANCIAS-VULNERABLES.jpg\",\"width\":1200,\"height\":630,\"caption\":\"INFANCIAS VULNERABLES\"},{\"@type\":\"BreadcrumbList\",\"@id\":\"https:\\\/\\\/somos-hermanos.mx\\\/index.php\\\/2026\\\/04\\\/30\\\/osc-que-apoyan-a-las-infancias-vulnerables\\\/#breadcrumb\",\"itemListElement\":[{\"@type\":\"ListItem\",\"position\":1,\"name\":\"Inicio\",\"item\":\"https:\\\/\\\/somos-hermanos.mx\\\/\"},{\"@type\":\"ListItem\",\"position\":2,\"name\":\"OSC que apoyan a las infancias vulnerables\"}]},{\"@type\":\"WebSite\",\"@id\":\"https:\\\/\\\/somos-hermanos.mx\\\/#website\",\"url\":\"https:\\\/\\\/somos-hermanos.mx\\\/\",\"name\":\"Historias que inspiran...\",\"description\":\"Somos la voz del altruismo en M\u00e9xico\",\"publisher\":{\"@id\":\"https:\\\/\\\/somos-hermanos.mx\\\/#organization\"},\"potentialAction\":[{\"@type\":\"SearchAction\",\"target\":{\"@type\":\"EntryPoint\",\"urlTemplate\":\"https:\\\/\\\/somos-hermanos.mx\\\/?s={search_term_string}\"},\"query-input\":{\"@type\":\"PropertyValueSpecification\",\"valueRequired\":true,\"valueName\":\"search_term_string\"}}],\"inLanguage\":\"es\"},{\"@type\":\"Organization\",\"@id\":\"https:\\\/\\\/somos-hermanos.mx\\\/#organization\",\"name\":\"Somos Hermanos\",\"url\":\"https:\\\/\\\/somos-hermanos.mx\\\/\",\"logo\":{\"@type\":\"ImageObject\",\"inLanguage\":\"es\",\"@id\":\"https:\\\/\\\/somos-hermanos.mx\\\/#\\\/schema\\\/logo\\\/image\\\/\",\"url\":\"https:\\\/\\\/somos-hermanos.mx\\\/wp-content\\\/uploads\\\/2025\\\/08\\\/SH30-1.jpeg\",\"contentUrl\":\"https:\\\/\\\/somos-hermanos.mx\\\/wp-content\\\/uploads\\\/2025\\\/08\\\/SH30-1.jpeg\",\"width\":1600,\"height\":1142,\"caption\":\"Somos Hermanos\"},\"image\":{\"@id\":\"https:\\\/\\\/somos-hermanos.mx\\\/#\\\/schema\\\/logo\\\/image\\\/\"},\"sameAs\":[\"https:\\\/\\\/www.facebook.com\\\/SomosHermanosIAP\\\/\",\"https:\\\/\\\/x.com\\\/Somos__Hermanos\",\"https:\\\/\\\/www.instagram.com\\\/somos__hermanos\\\/#\",\"https:\\\/\\\/www.tiktok.com\\\/@somoshermanosiap\",\"https:\\\/\\\/www.youtube.com\\\/@somoshermanosiap1201\\\/videos\"]},{\"@type\":\"Person\",\"@id\":\"https:\\\/\\\/somos-hermanos.mx\\\/#\\\/schema\\\/person\\\/8acd26a8688e659352b79b33c534872c\",\"name\":\"Jes\u00fas Pe\u00f1a Aguirre\",\"image\":{\"@type\":\"ImageObject\",\"inLanguage\":\"es\",\"@id\":\"https:\\\/\\\/secure.gravatar.com\\\/avatar\\\/a3d489e680e76cdf1b7ccc620e427d14f54a929f15306ea1d436efc89ee85c7c?s=96&d=mm&r=g\",\"url\":\"https:\\\/\\\/secure.gravatar.com\\\/avatar\\\/a3d489e680e76cdf1b7ccc620e427d14f54a929f15306ea1d436efc89ee85c7c?s=96&d=mm&r=g\",\"contentUrl\":\"https:\\\/\\\/secure.gravatar.com\\\/avatar\\\/a3d489e680e76cdf1b7ccc620e427d14f54a929f15306ea1d436efc89ee85c7c?s=96&d=mm&r=g\",\"caption\":\"Jes\u00fas Pe\u00f1a Aguirre\"},\"url\":\"https:\\\/\\\/somos-hermanos.mx\\\/index.php\\\/author\\\/jesus-pena-aguirre\\\/\"}]}<\/script>\n<!-- \/ Yoast SEO plugin. -->","yoast_head_json":{"title":"OSC que apoyan a las infancias vulnerables - Historias que inspiran...","description":"En M\u00e9xico, m\u00e1s de 14 millones de ni\u00f1as, ni\u00f1os y adolescentes enfrentan pobreza, desnutrici\u00f3n y falta de acceso a educaci\u00f3n y salud. Ante esta realidad, diversas\u202fOrganizaciones de la Sociedad Civil (OSC)","robots":{"index":"index","follow":"follow","max-snippet":"max-snippet:-1","max-image-preview":"max-image-preview:large","max-video-preview":"max-video-preview:-1"},"canonical":"https:\/\/somos-hermanos.mx\/index.php\/2026\/04\/30\/osc-que-apoyan-a-las-infancias-vulnerables\/","og_locale":"es_MX","og_type":"article","og_title":"OSC que apoyan a las infancias vulnerables - Historias que inspiran...","og_description":"En M\u00e9xico, m\u00e1s de 14 millones de ni\u00f1as, ni\u00f1os y adolescentes enfrentan pobreza, desnutrici\u00f3n y falta de acceso a educaci\u00f3n y salud. Ante esta realidad, diversas\u202fOrganizaciones de la Sociedad Civil (OSC)","og_url":"https:\/\/somos-hermanos.mx\/index.php\/2026\/04\/30\/osc-que-apoyan-a-las-infancias-vulnerables\/","og_site_name":"Historias que inspiran...","article_publisher":"https:\/\/www.facebook.com\/SomosHermanosIAP\/","article_published_time":"2026-04-30T23:55:25+00:00","og_image":[{"width":1200,"height":630,"url":"https:\/\/somos-hermanos.mx\/wp-content\/uploads\/2026\/04\/INFANCIAS-VULNERABLES.jpg","type":"image\/jpeg"}],"author":"Jes\u00fas Pe\u00f1a Aguirre","twitter_card":"summary_large_image","twitter_creator":"@Somos__Hermanos","twitter_site":"@Somos__Hermanos","twitter_misc":{"Escrito por":"Jes\u00fas Pe\u00f1a Aguirre","Tiempo de lectura":"3 minutos"},"schema":{"@context":"https:\/\/schema.org","@graph":[{"@type":"Article","@id":"https:\/\/somos-hermanos.mx\/index.php\/2026\/04\/30\/osc-que-apoyan-a-las-infancias-vulnerables\/#article","isPartOf":{"@id":"https:\/\/somos-hermanos.mx\/index.php\/2026\/04\/30\/osc-que-apoyan-a-las-infancias-vulnerables\/"},"author":{"name":"Jes\u00fas Pe\u00f1a Aguirre","@id":"https:\/\/somos-hermanos.mx\/#\/schema\/person\/8acd26a8688e659352b79b33c534872c"},"headline":"OSC que apoyan a las infancias vulnerables","datePublished":"2026-04-30T23:55:25+00:00","mainEntityOfPage":{"@id":"https:\/\/somos-hermanos.mx\/index.php\/2026\/04\/30\/osc-que-apoyan-a-las-infancias-vulnerables\/"},"wordCount":489,"commentCount":0,"publisher":{"@id":"https:\/\/somos-hermanos.mx\/#organization"},"image":{"@id":"https:\/\/somos-hermanos.mx\/index.php\/2026\/04\/30\/osc-que-apoyan-a-las-infancias-vulnerables\/#primaryimage"},"thumbnailUrl":"https:\/\/somos-hermanos.mx\/wp-content\/uploads\/2026\/04\/INFANCIAS-VULNERABLES.jpg","keywords":["infancias vulnerables","OSC","Somos Hermanos"],"articleSection":["Noticias"],"inLanguage":"es","potentialAction":[{"@type":"CommentAction","name":"Comment","target":["https:\/\/somos-hermanos.mx\/index.php\/2026\/04\/30\/osc-que-apoyan-a-las-infancias-vulnerables\/#respond"]}]},{"@type":"WebPage","@id":"https:\/\/somos-hermanos.mx\/index.php\/2026\/04\/30\/osc-que-apoyan-a-las-infancias-vulnerables\/","url":"https:\/\/somos-hermanos.mx\/index.php\/2026\/04\/30\/osc-que-apoyan-a-las-infancias-vulnerables\/","name":"OSC que apoyan a las infancias vulnerables - Historias que inspiran...","isPartOf":{"@id":"https:\/\/somos-hermanos.mx\/#website"},"primaryImageOfPage":{"@id":"https:\/\/somos-hermanos.mx\/index.php\/2026\/04\/30\/osc-que-apoyan-a-las-infancias-vulnerables\/#primaryimage"},"image":{"@id":"https:\/\/somos-hermanos.mx\/index.php\/2026\/04\/30\/osc-que-apoyan-a-las-infancias-vulnerables\/#primaryimage"},"thumbnailUrl":"https:\/\/somos-hermanos.mx\/wp-content\/uploads\/2026\/04\/INFANCIAS-VULNERABLES.jpg","datePublished":"2026-04-30T23:55:25+00:00","description":"En M\u00e9xico, m\u00e1s de 14 millones de ni\u00f1as, ni\u00f1os y adolescentes enfrentan pobreza, desnutrici\u00f3n y falta de acceso a educaci\u00f3n y salud. Ante esta realidad, diversas\u202fOrganizaciones de la Sociedad Civil (OSC)","breadcrumb":{"@id":"https:\/\/somos-hermanos.mx\/index.php\/2026\/04\/30\/osc-que-apoyan-a-las-infancias-vulnerables\/#breadcrumb"},"inLanguage":"es","potentialAction":[{"@type":"ReadAction","target":["https:\/\/somos-hermanos.mx\/index.php\/2026\/04\/30\/osc-que-apoyan-a-las-infancias-vulnerables\/"]}]},{"@type":"ImageObject","inLanguage":"es","@id":"https:\/\/somos-hermanos.mx\/index.php\/2026\/04\/30\/osc-que-apoyan-a-las-infancias-vulnerables\/#primaryimage","url":"https:\/\/somos-hermanos.mx\/wp-content\/uploads\/2026\/04\/INFANCIAS-VULNERABLES.jpg","contentUrl":"https:\/\/somos-hermanos.mx\/wp-content\/uploads\/2026\/04\/INFANCIAS-VULNERABLES.jpg","width":1200,"height":630,"caption":"INFANCIAS VULNERABLES"},{"@type":"BreadcrumbList","@id":"https:\/\/somos-hermanos.mx\/index.php\/2026\/04\/30\/osc-que-apoyan-a-las-infancias-vulnerables\/#breadcrumb","itemListElement":[{"@type":"ListItem","position":1,"name":"Inicio","item":"https:\/\/somos-hermanos.mx\/"},{"@type":"ListItem","position":2,"name":"OSC que apoyan a las infancias vulnerables"}]},{"@type":"WebSite","@id":"https:\/\/somos-hermanos.mx\/#website","url":"https:\/\/somos-hermanos.mx\/","name":"Historias que inspiran...","description":"Somos la voz del altruismo en M\u00e9xico","publisher":{"@id":"https:\/\/somos-hermanos.mx\/#organization"},"potentialAction":[{"@type":"SearchAction","target":{"@type":"EntryPoint","urlTemplate":"https:\/\/somos-hermanos.mx\/?s={search_term_string}"},"query-input":{"@type":"PropertyValueSpecification","valueRequired":true,"valueName":"search_term_string"}}],"inLanguage":"es"},{"@type":"Organization","@id":"https:\/\/somos-hermanos.mx\/#organization","name":"Somos Hermanos","url":"https:\/\/somos-hermanos.mx\/","logo":{"@type":"ImageObject","inLanguage":"es","@id":"https:\/\/somos-hermanos.mx\/#\/schema\/logo\/image\/","url":"https:\/\/somos-hermanos.mx\/wp-content\/uploads\/2025\/08\/SH30-1.jpeg","contentUrl":"https:\/\/somos-hermanos.mx\/wp-content\/uploads\/2025\/08\/SH30-1.jpeg","width":1600,"height":1142,"caption":"Somos Hermanos"},"image":{"@id":"https:\/\/somos-hermanos.mx\/#\/schema\/logo\/image\/"},"sameAs":["https:\/\/www.facebook.com\/SomosHermanosIAP\/","https:\/\/x.com\/Somos__Hermanos","https:\/\/www.instagram.com\/somos__hermanos\/#","https:\/\/www.tiktok.com\/@somoshermanosiap","https:\/\/www.youtube.com\/@somoshermanosiap1201\/videos"]},{"@type":"Person","@id":"https:\/\/somos-hermanos.mx\/#\/schema\/person\/8acd26a8688e659352b79b33c534872c","name":"Jes\u00fas Pe\u00f1a Aguirre","image":{"@type":"ImageObject","inLanguage":"es","@id":"https:\/\/secure.gravatar.com\/avatar\/a3d489e680e76cdf1b7ccc620e427d14f54a929f15306ea1d436efc89ee85c7c?s=96&d=mm&r=g","url":"https:\/\/secure.gravatar.com\/avatar\/a3d489e680e76cdf1b7ccc620e427d14f54a929f15306ea1d436efc89ee85c7c?s=96&d=mm&r=g","contentUrl":"https:\/\/secure.gravatar.com\/avatar\/a3d489e680e76cdf1b7ccc620e427d14f54a929f15306ea1d436efc89ee85c7c?s=96&d=mm&r=g","caption":"Jes\u00fas Pe\u00f1a Aguirre"},"url":"https:\/\/somos-hermanos.mx\/index.php\/author\/jesus-pena-aguirre\/"}]}},"_links":{"self":[{"href":"https:\/\/somos-hermanos.mx\/index.php\/wp-json\/wp\/v2\/posts\/3528","targetHints":{"allow":["GET"]}}],"collection":[{"href":"https:\/\/somos-hermanos.mx\/index.php\/wp-json\/wp\/v2\/posts"}],"about":[{"href":"https:\/\/somos-hermanos.mx\/index.php\/wp-json\/wp\/v2\/types\/post"}],"author":[{"embeddable":true,"href":"https:\/\/somos-hermanos.mx\/index.php\/wp-json\/wp\/v2\/users\/21"}],"replies":[{"embeddable":true,"href":"https:\/\/somos-hermanos.mx\/index.php\/wp-json\/wp\/v2\/comments?post=3528"}],"version-history":[{"count":1,"href":"https:\/\/somos-hermanos.mx\/index.php\/wp-json\/wp\/v2\/posts\/3528\/revisions"}],"predecessor-version":[{"id":3530,"href":"https:\/\/somos-hermanos.mx\/index.php\/wp-json\/wp\/v2\/posts\/3528\/revisions\/3530"}],"wp:featuredmedia":[{"embeddable":true,"href":"https:\/\/somos-hermanos.mx\/index.php\/wp-json\/wp\/v2\/media\/3529"}],"wp:attachment":[{"href":"https:\/\/somos-hermanos.mx\/index.php\/wp-json\/wp\/v2\/media?parent=3528"}],"wp:term":[{"taxonomy":"category","embeddable":true,"href":"https:\/\/somos-hermanos.mx\/index.php\/wp-json\/wp\/v2\/categories?post=3528"},{"taxonomy":"post_tag","embeddable":true,"href":"https:\/\/somos-hermanos.mx\/index.php\/wp-json\/wp\/v2\/tags?post=3528"}],"curies":[{"name":"wp","href":"https:\/\/api.w.org\/{rel}","templated":true}]}}