{"id":3525,"date":"2026-04-30T17:45:39","date_gmt":"2026-04-30T23:45:39","guid":{"rendered":"https:\/\/somos-hermanos.mx\/?p=3525"},"modified":"2026-04-30T17:45:39","modified_gmt":"2026-04-30T23:45:39","slug":"la-infancia-y-el-derecho-a-la-educacion","status":"publish","type":"post","link":"https:\/\/somos-hermanos.mx\/index.php\/2026\/04\/30\/la-infancia-y-el-derecho-a-la-educacion\/","title":{"rendered":"La infancia y el derecho a la educaci\u00f3n"},"content":{"rendered":"<h4><span data-contrast=\"none\">La educaci\u00f3n es un derecho humano esencial que garantiza dignidad, igualdad y desarrollo. En M\u00e9xico, est\u00e1 protegido por la Constituci\u00f3n y diversas leyes, mientras que organismos internacionales como la UNESCO y UNICEF alertan sobre los millones de ni\u00f1as, ni\u00f1os y j\u00f3venes que a\u00fan no acceden a la escuela en el mundo.<\/span><span data-ccp-props=\"{&quot;201341983&quot;:0,&quot;335551550&quot;:6,&quot;335551620&quot;:6,&quot;335559740&quot;:240}\">\u00a0<\/span><\/h4>\n<p><span data-ccp-props=\"{&quot;201341983&quot;:0,&quot;335551550&quot;:6,&quot;335551620&quot;:6,&quot;335559740&quot;:240}\">\u00a0<\/span><\/p>\n<p><span data-contrast=\"auto\">La educaci\u00f3n es un derecho humano esencial reconocido por diversos tratados y declaraciones internacionales. Est\u00e1 protegido por el Art\u00edculo 26 de la Declaraci\u00f3n Universal de Derechos Humanos, adem\u00e1s de los Art\u00edculos 28 y 29 de la Convenci\u00f3n sobre los Derechos del Ni\u00f1o.<\/span><span data-ccp-props=\"{&quot;201341983&quot;:0,&quot;335551550&quot;:6,&quot;335551620&quot;:6,&quot;335559740&quot;:240}\">\u00a0<\/span><\/p>\n<p><span data-ccp-props=\"{&quot;201341983&quot;:0,&quot;335551550&quot;:6,&quot;335551620&quot;:6,&quot;335559740&quot;:240}\">\u00a0<\/span><\/p>\n<p><span data-contrast=\"auto\">En M\u00e9xico, las ni\u00f1as, ni\u00f1os y adolescentes su derecho a la educaci\u00f3n est\u00e1 asegurado por el Art\u00edculo 3 de la Constituci\u00f3n Pol\u00edtica de los Estados Unidos Mexicanos, la Ley General de Educaci\u00f3n y otras leyes. Se garantiza una educaci\u00f3n de calidad que se les haga conocer sus derechos propios, con enfoque de derechos humanos e igualdad.\u00a0Asimismo\u00a0se asegura el respeto a la dignidad humana y el desarrollo de la convivencia arm\u00f3nica y de la personalidad.<\/span><span data-ccp-props=\"{&quot;201341983&quot;:0,&quot;335551550&quot;:6,&quot;335551620&quot;:6,&quot;335559740&quot;:240}\">\u00a0<\/span><\/p>\n<p><span data-ccp-props=\"{&quot;201341983&quot;:0,&quot;335551550&quot;:6,&quot;335551620&quot;:6,&quot;335559740&quot;:240}\">\u00a0<\/span><\/p>\n<p><span data-contrast=\"auto\">Las mismas autoridades crear\u00e1n las acciones necesarias para brindar condiciones ideales para que las ni\u00f1as y los ni\u00f1os aprendan en un ambiente libre de violencia. Por ende, desarrollar mecanismos de mediaci\u00f3n, donde aprendan a ejercer la patria potestad o tutela.<\/span><span data-ccp-props=\"{&quot;201341983&quot;:0,&quot;335551550&quot;:6,&quot;335551620&quot;:6,&quot;335559740&quot;:240}\">\u00a0<\/span><\/p>\n<p><span data-ccp-props=\"{&quot;201341983&quot;:0,&quot;335551550&quot;:6,&quot;335551620&quot;:6,&quot;335559740&quot;:240}\">\u00a0<\/span><\/p>\n<p><span data-contrast=\"auto\">Seg\u00fan la Organizaci\u00f3n de las Naciones Unidas para la Educaci\u00f3n, la Ciencia y la Cultura (UNESCO, por sus siglas en ingl\u00e9s), m\u00e1s de 244 millones de ni\u00f1os, ni\u00f1as y j\u00f3venes en todo el mundo no asistieron a una instituci\u00f3n educativa, de estos, 59 millones cumpl\u00edan con los requisitos para recibir educaci\u00f3n primaria. Las cifras hablan de los limitantes que se presentan al acceso a la educaci\u00f3n, ya sea la pobreza, los conflictos y la exclusi\u00f3n social.<\/span><span data-ccp-props=\"{&quot;201341983&quot;:0,&quot;335551550&quot;:6,&quot;335551620&quot;:6,&quot;335559740&quot;:240}\">\u00a0<\/span><\/p>\n<p><span data-ccp-props=\"{&quot;201341983&quot;:0,&quot;335551550&quot;:6,&quot;335551620&quot;:6,&quot;335559740&quot;:240}\">\u00a0<\/span><\/p>\n<p><span data-contrast=\"auto\">El jurista y maestro de derecho internacional,\u00a0Jost\u00a0Delbr\u00fcck, sostiene que\u00a0la alta tasa de infantes no escolarizados sufren\u00a0de consecuencias creadas por el progreso y la estabilidad global. Menciona que los ciudadanos no escolarizados se vuelven m\u00e1s vulnerables ante el extremismo, la manipulaci\u00f3n pol\u00edtica y el malestar social. Est\u00e1n menos equipados para retos globales como crisis de salud p\u00fablica, las transformaciones tecnol\u00f3gicas o el cambio clim\u00e1tico. Con el mundo m\u00e1s interconectado y desarroll\u00e1ndose, las consecuencias muestran m\u00e1s desigualdades sociales a nivel\u00a0mundial.<\/span> <span data-ccp-props=\"{&quot;201341983&quot;:0,&quot;335551550&quot;:6,&quot;335551620&quot;:6,&quot;335559740&quot;:240}\">\u00a0<\/span><\/p>\n<p data-ccp-border-bottom=\"0px none \" data-ccp-padding-bottom=\"0px\"><b><span data-contrast=\"auto\">Las regiones m\u00e1s afectadas por las barreras educativas<\/span><\/b><span data-ccp-props=\"{&quot;201341983&quot;:0,&quot;335551550&quot;:6,&quot;335551620&quot;:6,&quot;335557856&quot;:16777215,&quot;335559738&quot;:160,&quot;335559739&quot;:360,&quot;335559740&quot;:240,&quot;335572071&quot;:0,&quot;335572072&quot;:22,&quot;335572073&quot;:4278190080,&quot;469789798&quot;:&quot;none&quot;}\">\u00a0<\/span><\/p>\n<p data-ccp-border-top=\"0px none #000000\" data-ccp-padding-top=\"29.333333333333336px\" data-ccp-border-bottom=\"0px none \" data-ccp-padding-bottom=\"0px\"><span data-contrast=\"auto\">Con m\u00e1s del 20% de ni\u00f1os alrededor\u00a0de\u00a0 6\u00a0y 11 no matriculados en la escuela, el \u00c1frica Subsahariana es la zona m\u00e1s afectada. La cifra va en aumento especialmente en j\u00f3venes de 12 a 14 a\u00f1os, ocupando un 30% de la poblaci\u00f3n que no est\u00e1 matriculada. El Instituto de Estad\u00edstica de la UNESCO demuestra que los j\u00f3venes de 15 a 17 a\u00f1os, el 60% no asisten a una instituci\u00f3n educativa.<\/span><span data-ccp-props=\"{&quot;201341983&quot;:0,&quot;335551550&quot;:6,&quot;335551620&quot;:6,&quot;335557856&quot;:16777215,&quot;335559738&quot;:160,&quot;335559739&quot;:360,&quot;335559740&quot;:240,&quot;335572071&quot;:0,&quot;335572072&quot;:22,&quot;335572073&quot;:4278190080,&quot;469789798&quot;:&quot;none&quot;}\">\u00a0<\/span><\/p>\n<p data-ccp-border-top=\"0px none #000000\" data-ccp-padding-top=\"29.333333333333336px\" data-ccp-border-bottom=\"0px none \" data-ccp-padding-bottom=\"0px\"><span data-contrast=\"auto\">Esto es consecuencia de diferentes factores, como dificultades econ\u00f3micas, conflictos naciones, adem\u00e1s de la falta de infraestructuras adecuadas para el desarrollo educacional, que dificultan el acceso a su derecho y de su calidad.<\/span><span data-ccp-props=\"{&quot;201341983&quot;:0,&quot;335551550&quot;:6,&quot;335551620&quot;:6,&quot;335557856&quot;:16777215,&quot;335559738&quot;:160,&quot;335559739&quot;:360,&quot;335559740&quot;:240,&quot;335572071&quot;:0,&quot;335572072&quot;:22,&quot;335572073&quot;:4278190080,&quot;469789798&quot;:&quot;none&quot;}\">\u00a0<\/span><\/p>\n<p data-ccp-border-top=\"0px none #000000\" data-ccp-padding-top=\"29.333333333333336px\"><span data-contrast=\"auto\">Con m\u00e1s de 27 millones de ni\u00f1os no escolarizados, Asia Oriental y Central son otras regiones altamente afectadas. Estas zonas se enfrentan a diferentes obst\u00e1culos como las desigualdades, las variaciones ling\u00fc\u00edsticas y limitaciones econ\u00f3micas que frenan el acceso a la educaci\u00f3n. Los problemas de pobreza extrema educativa obligan a las infancias a recibir menos de dos a cuatro a\u00f1os de educaci\u00f3n.<\/span><span data-ccp-props=\"{&quot;201341983&quot;:0,&quot;335551550&quot;:6,&quot;335551620&quot;:6,&quot;335557856&quot;:16777215,&quot;335559738&quot;:160,&quot;335559739&quot;:360,&quot;335559740&quot;:240,&quot;335572071&quot;:0,&quot;335572072&quot;:22,&quot;335572073&quot;:4278190080,&quot;469789798&quot;:&quot;none&quot;}\">\u00a0<\/span><\/p>\n<p><b><span data-contrast=\"auto\">The\u00a0Global\u00a0Fund\u00a0for\u00a0Children<\/span><\/b><span data-ccp-props=\"{&quot;201341983&quot;:0,&quot;335551550&quot;:6,&quot;335551620&quot;:6,&quot;335557856&quot;:16777215,&quot;335559739&quot;:160,&quot;335559740&quot;:240}\">\u00a0<\/span><\/p>\n<p data-ccp-border-bottom=\"0px none #000000\" data-ccp-padding-bottom=\"14.666666666666668px\"><span data-ccp-props=\"{&quot;201341983&quot;:0,&quot;335551550&quot;:6,&quot;335551620&quot;:6,&quot;335557856&quot;:16777215,&quot;335559740&quot;:240,&quot;335572079&quot;:0,&quot;335572080&quot;:11,&quot;335572081&quot;:4278190080,&quot;469789806&quot;:&quot;none&quot;}\">\u00a0<\/span><\/p>\n<p data-ccp-border-top=\"0px none \" data-ccp-padding-top=\"0px\" data-ccp-border-bottom=\"0px none #000000\" data-ccp-padding-bottom=\"14.666666666666668px\"><span data-contrast=\"auto\">Con presencia en 4 continentes,\u00a0The\u00a0Global\u00a0Fund\u00a0for\u00a0Children\u00a0invierte en organizaciones comunitarias de todo el mundo para transformar normas, pol\u00edticas y pr\u00e1cticas sociales para crear un cambio permanente en la vida de las infancias y las juventudes. Su trabajo abarca seis \u00e1reas tem\u00e1ticas internacionales: Educaci\u00f3n, Justicia de g\u00e9nero, Seguridad y bienestar, Resiliencia clim\u00e1tica, El poder de la juventud y la Solidaridad.<\/span><span data-ccp-props=\"{&quot;201341983&quot;:0,&quot;335551550&quot;:6,&quot;335551620&quot;:6,&quot;335557856&quot;:16777215,&quot;335559740&quot;:240,&quot;335572079&quot;:0,&quot;335572080&quot;:11,&quot;335572081&quot;:4278190080,&quot;469789806&quot;:&quot;none&quot;}\">\u00a0<\/span><\/p>\n<p data-ccp-border-top=\"0px none \" data-ccp-padding-top=\"0px\" data-ccp-border-bottom=\"0px none #000000\" data-ccp-padding-bottom=\"14.666666666666668px\"><span data-ccp-props=\"{&quot;201341983&quot;:0,&quot;335551550&quot;:6,&quot;335551620&quot;:6,&quot;335557856&quot;:16777215,&quot;335559740&quot;:240,&quot;335572079&quot;:0,&quot;335572080&quot;:11,&quot;335572081&quot;:4278190080,&quot;469789806&quot;:&quot;none&quot;}\">\u00a0<\/span><\/p>\n<p data-ccp-border-top=\"0px none \" data-ccp-padding-top=\"0px\"><span data-contrast=\"auto\">\u201cTrabajamos en estrecha colaboraci\u00f3n con nuestros socios para garantizar que los ni\u00f1os de todo el mundo puedan aprender, jugar e ir a la escuela\u201d, expresan en su sitio web. Por ejemplo, en los pa\u00edses India y Tailandia existe un programa donde apoyan y abogan por mayores oportunidades para ni\u00f1os y j\u00f3venes con discapacidad; garantizan un acceso a la educaci\u00f3n y atenci\u00f3n m\u00e9dica de calidad.<\/span><span data-ccp-props=\"{&quot;201341983&quot;:0,&quot;335551550&quot;:6,&quot;335551620&quot;:6,&quot;335557856&quot;:16777215,&quot;335559740&quot;:240,&quot;335572079&quot;:0,&quot;335572080&quot;:11,&quot;335572081&quot;:4278190080,&quot;469789806&quot;:&quot;none&quot;}\">\u00a0<\/span><\/p>\n<p><span data-ccp-props=\"{&quot;201341983&quot;:0,&quot;335551550&quot;:6,&quot;335551620&quot;:6,&quot;335559740&quot;:240}\">\u00a0<\/span><\/p>\n<p><b><span data-contrast=\"auto\">Organizaci\u00f3n Mundial para la Educaci\u00f3n Preescolar (OMEP)<\/span><\/b><span data-ccp-props=\"{&quot;201341983&quot;:0,&quot;335551550&quot;:6,&quot;335551620&quot;:6,&quot;335559740&quot;:240}\">\u00a0<\/span><\/p>\n<p><span data-ccp-props=\"{&quot;201341983&quot;:0,&quot;335551550&quot;:6,&quot;335551620&quot;:6,&quot;335559740&quot;:240}\">\u00a0<\/span><\/p>\n<p><span data-contrast=\"auto\">Fundada en 1949, esta organizaci\u00f3n no gubernamental, con presencia en casi 80 pa\u00edses, defiende los Derechos Humanos de las ni\u00f1as, ni\u00f1os durante la primera infancia (0 a 8 a\u00f1os). Abogan por una educaci\u00f3n de calidad como derecho y herramienta esencial para trabajar los dem\u00e1s derechos.<\/span><span data-ccp-props=\"{&quot;201341983&quot;:0,&quot;335551550&quot;:6,&quot;335551620&quot;:6,&quot;335559740&quot;:240}\">\u00a0<\/span><\/p>\n<p><span data-ccp-props=\"{&quot;201341983&quot;:0,&quot;335551550&quot;:6,&quot;335551620&quot;:6,&quot;335559740&quot;:240}\">\u00a0<\/span><\/p>\n<p><span data-contrast=\"auto\">Sus acciones para fortalecer la educaci\u00f3n global abarcan la capacitaci\u00f3n de docentes y agentes educativos, hasta a funcionarios p\u00fablicos. Asimismo, proporciona congresos, seminarios, cursos,\u00a0etc\u00a0enfoc\u00e1ndose en las necesidades formativas.\u00a0<\/span><span data-ccp-props=\"{&quot;201341983&quot;:0,&quot;335551550&quot;:6,&quot;335551620&quot;:6,&quot;335559740&quot;:240}\">\u00a0<\/span><\/p>\n","protected":false},"excerpt":{"rendered":"<p>La educaci\u00f3n es un derecho humano esencial que garantiza dignidad, igualdad y desarrollo. En M\u00e9xico, est\u00e1 protegido por la Constituci\u00f3n y diversas leyes, mientras que organismos internacionales como la UNESCO y UNICEF alertan sobre los millones de ni\u00f1as, ni\u00f1os y j\u00f3venes que a\u00fan no acceden a la escuela en el mundo.\u00a0 \u00a0 La educaci\u00f3n es [&hellip;]<\/p>\n","protected":false},"author":20,"featured_media":3526,"comment_status":"open","ping_status":"closed","sticky":false,"template":"","format":"standard","meta":{"footnotes":""},"categories":[6],"tags":[108,4465,4510,4409],"class_list":["post-3525","post","type-post","status-publish","format-standard","has-post-thumbnail","hentry","category-noticias","tag-educacion","tag-fundacion","tag-infancia","tag-somos-hermanos"],"yoast_head":"<!-- This site is optimized with the Yoast SEO plugin v27.5 - https:\/\/yoast.com\/product\/yoast-seo-wordpress\/ -->\n<title>La infancia y el derecho a la educaci\u00f3n - Historias que inspiran...<\/title>\n<meta name=\"description\" content=\"La educaci\u00f3n es un derecho humano esencial que garantiza dignidad, igualdad y desarrollo. En M\u00e9xico, est\u00e1 protegido por la Constituci\u00f3n\" \/>\n<meta name=\"robots\" content=\"index, follow, max-snippet:-1, max-image-preview:large, max-video-preview:-1\" \/>\n<link rel=\"canonical\" href=\"https:\/\/somos-hermanos.mx\/index.php\/2026\/04\/30\/la-infancia-y-el-derecho-a-la-educacion\/\" \/>\n<meta property=\"og:locale\" content=\"es_MX\" \/>\n<meta property=\"og:type\" content=\"article\" \/>\n<meta property=\"og:title\" content=\"La infancia y el derecho a la educaci\u00f3n - Historias que inspiran...\" \/>\n<meta property=\"og:description\" content=\"La educaci\u00f3n es un derecho humano esencial que garantiza dignidad, igualdad y desarrollo. En M\u00e9xico, est\u00e1 protegido por la Constituci\u00f3n\" \/>\n<meta property=\"og:url\" content=\"https:\/\/somos-hermanos.mx\/index.php\/2026\/04\/30\/la-infancia-y-el-derecho-a-la-educacion\/\" \/>\n<meta property=\"og:site_name\" content=\"Historias que inspiran...\" \/>\n<meta property=\"article:publisher\" content=\"https:\/\/www.facebook.com\/SomosHermanosIAP\/\" \/>\n<meta property=\"article:published_time\" content=\"2026-04-30T23:45:39+00:00\" \/>\n<meta property=\"og:image\" content=\"https:\/\/somos-hermanos.mx\/wp-content\/uploads\/2026\/04\/DERECHO-A-LA-EDUCACION.jpg\" \/>\n\t<meta property=\"og:image:width\" content=\"1200\" \/>\n\t<meta property=\"og:image:height\" content=\"630\" \/>\n\t<meta property=\"og:image:type\" content=\"image\/jpeg\" \/>\n<meta name=\"author\" content=\"Mariana Navarro Guerrero\" \/>\n<meta name=\"twitter:card\" content=\"summary_large_image\" \/>\n<meta name=\"twitter:creator\" content=\"@Somos__Hermanos\" \/>\n<meta name=\"twitter:site\" content=\"@Somos__Hermanos\" \/>\n<meta name=\"twitter:label1\" content=\"Escrito por\" \/>\n\t<meta name=\"twitter:data1\" content=\"Mariana Navarro Guerrero\" \/>\n\t<meta name=\"twitter:label2\" content=\"Tiempo de lectura\" \/>\n\t<meta name=\"twitter:data2\" content=\"4 minutos\" \/>\n<script type=\"application\/ld+json\" class=\"yoast-schema-graph\">{\"@context\":\"https:\\\/\\\/schema.org\",\"@graph\":[{\"@type\":\"Article\",\"@id\":\"https:\\\/\\\/somos-hermanos.mx\\\/index.php\\\/2026\\\/04\\\/30\\\/la-infancia-y-el-derecho-a-la-educacion\\\/#article\",\"isPartOf\":{\"@id\":\"https:\\\/\\\/somos-hermanos.mx\\\/index.php\\\/2026\\\/04\\\/30\\\/la-infancia-y-el-derecho-a-la-educacion\\\/\"},\"author\":{\"name\":\"Mariana Navarro Guerrero\",\"@id\":\"https:\\\/\\\/somos-hermanos.mx\\\/#\\\/schema\\\/person\\\/c641a1e1d1528d06a1bdd520967637a3\"},\"headline\":\"La infancia y el derecho a la educaci\u00f3n\",\"datePublished\":\"2026-04-30T23:45:39+00:00\",\"mainEntityOfPage\":{\"@id\":\"https:\\\/\\\/somos-hermanos.mx\\\/index.php\\\/2026\\\/04\\\/30\\\/la-infancia-y-el-derecho-a-la-educacion\\\/\"},\"wordCount\":843,\"commentCount\":0,\"publisher\":{\"@id\":\"https:\\\/\\\/somos-hermanos.mx\\\/#organization\"},\"image\":{\"@id\":\"https:\\\/\\\/somos-hermanos.mx\\\/index.php\\\/2026\\\/04\\\/30\\\/la-infancia-y-el-derecho-a-la-educacion\\\/#primaryimage\"},\"thumbnailUrl\":\"https:\\\/\\\/somos-hermanos.mx\\\/wp-content\\\/uploads\\\/2026\\\/04\\\/DERECHO-A-LA-EDUCACION.jpg\",\"keywords\":[\"educaci\u00f3n\",\"Fundaci\u00f3n\",\"infancia\",\"Somos Hermanos\"],\"articleSection\":[\"Noticias\"],\"inLanguage\":\"es\",\"potentialAction\":[{\"@type\":\"CommentAction\",\"name\":\"Comment\",\"target\":[\"https:\\\/\\\/somos-hermanos.mx\\\/index.php\\\/2026\\\/04\\\/30\\\/la-infancia-y-el-derecho-a-la-educacion\\\/#respond\"]}]},{\"@type\":\"WebPage\",\"@id\":\"https:\\\/\\\/somos-hermanos.mx\\\/index.php\\\/2026\\\/04\\\/30\\\/la-infancia-y-el-derecho-a-la-educacion\\\/\",\"url\":\"https:\\\/\\\/somos-hermanos.mx\\\/index.php\\\/2026\\\/04\\\/30\\\/la-infancia-y-el-derecho-a-la-educacion\\\/\",\"name\":\"La infancia y el derecho a la educaci\u00f3n - Historias que inspiran...\",\"isPartOf\":{\"@id\":\"https:\\\/\\\/somos-hermanos.mx\\\/#website\"},\"primaryImageOfPage\":{\"@id\":\"https:\\\/\\\/somos-hermanos.mx\\\/index.php\\\/2026\\\/04\\\/30\\\/la-infancia-y-el-derecho-a-la-educacion\\\/#primaryimage\"},\"image\":{\"@id\":\"https:\\\/\\\/somos-hermanos.mx\\\/index.php\\\/2026\\\/04\\\/30\\\/la-infancia-y-el-derecho-a-la-educacion\\\/#primaryimage\"},\"thumbnailUrl\":\"https:\\\/\\\/somos-hermanos.mx\\\/wp-content\\\/uploads\\\/2026\\\/04\\\/DERECHO-A-LA-EDUCACION.jpg\",\"datePublished\":\"2026-04-30T23:45:39+00:00\",\"description\":\"La educaci\u00f3n es un derecho humano esencial que garantiza dignidad, igualdad y desarrollo. En M\u00e9xico, est\u00e1 protegido por la Constituci\u00f3n\",\"breadcrumb\":{\"@id\":\"https:\\\/\\\/somos-hermanos.mx\\\/index.php\\\/2026\\\/04\\\/30\\\/la-infancia-y-el-derecho-a-la-educacion\\\/#breadcrumb\"},\"inLanguage\":\"es\",\"potentialAction\":[{\"@type\":\"ReadAction\",\"target\":[\"https:\\\/\\\/somos-hermanos.mx\\\/index.php\\\/2026\\\/04\\\/30\\\/la-infancia-y-el-derecho-a-la-educacion\\\/\"]}]},{\"@type\":\"ImageObject\",\"inLanguage\":\"es\",\"@id\":\"https:\\\/\\\/somos-hermanos.mx\\\/index.php\\\/2026\\\/04\\\/30\\\/la-infancia-y-el-derecho-a-la-educacion\\\/#primaryimage\",\"url\":\"https:\\\/\\\/somos-hermanos.mx\\\/wp-content\\\/uploads\\\/2026\\\/04\\\/DERECHO-A-LA-EDUCACION.jpg\",\"contentUrl\":\"https:\\\/\\\/somos-hermanos.mx\\\/wp-content\\\/uploads\\\/2026\\\/04\\\/DERECHO-A-LA-EDUCACION.jpg\",\"width\":1200,\"height\":630,\"caption\":\"DERECHO A LA EDUCACI\u00d3N Y A LA SALUD\"},{\"@type\":\"BreadcrumbList\",\"@id\":\"https:\\\/\\\/somos-hermanos.mx\\\/index.php\\\/2026\\\/04\\\/30\\\/la-infancia-y-el-derecho-a-la-educacion\\\/#breadcrumb\",\"itemListElement\":[{\"@type\":\"ListItem\",\"position\":1,\"name\":\"Inicio\",\"item\":\"https:\\\/\\\/somos-hermanos.mx\\\/\"},{\"@type\":\"ListItem\",\"position\":2,\"name\":\"La infancia y el derecho a la educaci\u00f3n\"}]},{\"@type\":\"WebSite\",\"@id\":\"https:\\\/\\\/somos-hermanos.mx\\\/#website\",\"url\":\"https:\\\/\\\/somos-hermanos.mx\\\/\",\"name\":\"Historias que inspiran...\",\"description\":\"Somos la voz del altruismo en M\u00e9xico\",\"publisher\":{\"@id\":\"https:\\\/\\\/somos-hermanos.mx\\\/#organization\"},\"potentialAction\":[{\"@type\":\"SearchAction\",\"target\":{\"@type\":\"EntryPoint\",\"urlTemplate\":\"https:\\\/\\\/somos-hermanos.mx\\\/?s={search_term_string}\"},\"query-input\":{\"@type\":\"PropertyValueSpecification\",\"valueRequired\":true,\"valueName\":\"search_term_string\"}}],\"inLanguage\":\"es\"},{\"@type\":\"Organization\",\"@id\":\"https:\\\/\\\/somos-hermanos.mx\\\/#organization\",\"name\":\"Somos Hermanos\",\"url\":\"https:\\\/\\\/somos-hermanos.mx\\\/\",\"logo\":{\"@type\":\"ImageObject\",\"inLanguage\":\"es\",\"@id\":\"https:\\\/\\\/somos-hermanos.mx\\\/#\\\/schema\\\/logo\\\/image\\\/\",\"url\":\"https:\\\/\\\/somos-hermanos.mx\\\/wp-content\\\/uploads\\\/2025\\\/08\\\/SH30-1.jpeg\",\"contentUrl\":\"https:\\\/\\\/somos-hermanos.mx\\\/wp-content\\\/uploads\\\/2025\\\/08\\\/SH30-1.jpeg\",\"width\":1600,\"height\":1142,\"caption\":\"Somos Hermanos\"},\"image\":{\"@id\":\"https:\\\/\\\/somos-hermanos.mx\\\/#\\\/schema\\\/logo\\\/image\\\/\"},\"sameAs\":[\"https:\\\/\\\/www.facebook.com\\\/SomosHermanosIAP\\\/\",\"https:\\\/\\\/x.com\\\/Somos__Hermanos\",\"https:\\\/\\\/www.instagram.com\\\/somos__hermanos\\\/#\",\"https:\\\/\\\/www.tiktok.com\\\/@somoshermanosiap\",\"https:\\\/\\\/www.youtube.com\\\/@somoshermanosiap1201\\\/videos\"]},{\"@type\":\"Person\",\"@id\":\"https:\\\/\\\/somos-hermanos.mx\\\/#\\\/schema\\\/person\\\/c641a1e1d1528d06a1bdd520967637a3\",\"name\":\"Mariana Navarro Guerrero\",\"image\":{\"@type\":\"ImageObject\",\"inLanguage\":\"es\",\"@id\":\"https:\\\/\\\/secure.gravatar.com\\\/avatar\\\/e9de03026e0c21e37657555185686fb146d0e8f3e36692b672ddf88cbfb99c0e?s=96&d=mm&r=g\",\"url\":\"https:\\\/\\\/secure.gravatar.com\\\/avatar\\\/e9de03026e0c21e37657555185686fb146d0e8f3e36692b672ddf88cbfb99c0e?s=96&d=mm&r=g\",\"contentUrl\":\"https:\\\/\\\/secure.gravatar.com\\\/avatar\\\/e9de03026e0c21e37657555185686fb146d0e8f3e36692b672ddf88cbfb99c0e?s=96&d=mm&r=g\",\"caption\":\"Mariana Navarro Guerrero\"},\"url\":\"https:\\\/\\\/somos-hermanos.mx\\\/index.php\\\/author\\\/mariana-navarro-guerrero\\\/\"}]}<\/script>\n<!-- \/ Yoast SEO plugin. -->","yoast_head_json":{"title":"La infancia y el derecho a la educaci\u00f3n - Historias que inspiran...","description":"La educaci\u00f3n es un derecho humano esencial que garantiza dignidad, igualdad y desarrollo. En M\u00e9xico, est\u00e1 protegido por la Constituci\u00f3n","robots":{"index":"index","follow":"follow","max-snippet":"max-snippet:-1","max-image-preview":"max-image-preview:large","max-video-preview":"max-video-preview:-1"},"canonical":"https:\/\/somos-hermanos.mx\/index.php\/2026\/04\/30\/la-infancia-y-el-derecho-a-la-educacion\/","og_locale":"es_MX","og_type":"article","og_title":"La infancia y el derecho a la educaci\u00f3n - Historias que inspiran...","og_description":"La educaci\u00f3n es un derecho humano esencial que garantiza dignidad, igualdad y desarrollo. En M\u00e9xico, est\u00e1 protegido por la Constituci\u00f3n","og_url":"https:\/\/somos-hermanos.mx\/index.php\/2026\/04\/30\/la-infancia-y-el-derecho-a-la-educacion\/","og_site_name":"Historias que inspiran...","article_publisher":"https:\/\/www.facebook.com\/SomosHermanosIAP\/","article_published_time":"2026-04-30T23:45:39+00:00","og_image":[{"width":1200,"height":630,"url":"https:\/\/somos-hermanos.mx\/wp-content\/uploads\/2026\/04\/DERECHO-A-LA-EDUCACION.jpg","type":"image\/jpeg"}],"author":"Mariana Navarro Guerrero","twitter_card":"summary_large_image","twitter_creator":"@Somos__Hermanos","twitter_site":"@Somos__Hermanos","twitter_misc":{"Escrito por":"Mariana Navarro Guerrero","Tiempo de lectura":"4 minutos"},"schema":{"@context":"https:\/\/schema.org","@graph":[{"@type":"Article","@id":"https:\/\/somos-hermanos.mx\/index.php\/2026\/04\/30\/la-infancia-y-el-derecho-a-la-educacion\/#article","isPartOf":{"@id":"https:\/\/somos-hermanos.mx\/index.php\/2026\/04\/30\/la-infancia-y-el-derecho-a-la-educacion\/"},"author":{"name":"Mariana Navarro Guerrero","@id":"https:\/\/somos-hermanos.mx\/#\/schema\/person\/c641a1e1d1528d06a1bdd520967637a3"},"headline":"La infancia y el derecho a la educaci\u00f3n","datePublished":"2026-04-30T23:45:39+00:00","mainEntityOfPage":{"@id":"https:\/\/somos-hermanos.mx\/index.php\/2026\/04\/30\/la-infancia-y-el-derecho-a-la-educacion\/"},"wordCount":843,"commentCount":0,"publisher":{"@id":"https:\/\/somos-hermanos.mx\/#organization"},"image":{"@id":"https:\/\/somos-hermanos.mx\/index.php\/2026\/04\/30\/la-infancia-y-el-derecho-a-la-educacion\/#primaryimage"},"thumbnailUrl":"https:\/\/somos-hermanos.mx\/wp-content\/uploads\/2026\/04\/DERECHO-A-LA-EDUCACION.jpg","keywords":["educaci\u00f3n","Fundaci\u00f3n","infancia","Somos Hermanos"],"articleSection":["Noticias"],"inLanguage":"es","potentialAction":[{"@type":"CommentAction","name":"Comment","target":["https:\/\/somos-hermanos.mx\/index.php\/2026\/04\/30\/la-infancia-y-el-derecho-a-la-educacion\/#respond"]}]},{"@type":"WebPage","@id":"https:\/\/somos-hermanos.mx\/index.php\/2026\/04\/30\/la-infancia-y-el-derecho-a-la-educacion\/","url":"https:\/\/somos-hermanos.mx\/index.php\/2026\/04\/30\/la-infancia-y-el-derecho-a-la-educacion\/","name":"La infancia y el derecho a la educaci\u00f3n - Historias que inspiran...","isPartOf":{"@id":"https:\/\/somos-hermanos.mx\/#website"},"primaryImageOfPage":{"@id":"https:\/\/somos-hermanos.mx\/index.php\/2026\/04\/30\/la-infancia-y-el-derecho-a-la-educacion\/#primaryimage"},"image":{"@id":"https:\/\/somos-hermanos.mx\/index.php\/2026\/04\/30\/la-infancia-y-el-derecho-a-la-educacion\/#primaryimage"},"thumbnailUrl":"https:\/\/somos-hermanos.mx\/wp-content\/uploads\/2026\/04\/DERECHO-A-LA-EDUCACION.jpg","datePublished":"2026-04-30T23:45:39+00:00","description":"La educaci\u00f3n es un derecho humano esencial que garantiza dignidad, igualdad y desarrollo. En M\u00e9xico, est\u00e1 protegido por la Constituci\u00f3n","breadcrumb":{"@id":"https:\/\/somos-hermanos.mx\/index.php\/2026\/04\/30\/la-infancia-y-el-derecho-a-la-educacion\/#breadcrumb"},"inLanguage":"es","potentialAction":[{"@type":"ReadAction","target":["https:\/\/somos-hermanos.mx\/index.php\/2026\/04\/30\/la-infancia-y-el-derecho-a-la-educacion\/"]}]},{"@type":"ImageObject","inLanguage":"es","@id":"https:\/\/somos-hermanos.mx\/index.php\/2026\/04\/30\/la-infancia-y-el-derecho-a-la-educacion\/#primaryimage","url":"https:\/\/somos-hermanos.mx\/wp-content\/uploads\/2026\/04\/DERECHO-A-LA-EDUCACION.jpg","contentUrl":"https:\/\/somos-hermanos.mx\/wp-content\/uploads\/2026\/04\/DERECHO-A-LA-EDUCACION.jpg","width":1200,"height":630,"caption":"DERECHO A LA EDUCACI\u00d3N Y A LA SALUD"},{"@type":"BreadcrumbList","@id":"https:\/\/somos-hermanos.mx\/index.php\/2026\/04\/30\/la-infancia-y-el-derecho-a-la-educacion\/#breadcrumb","itemListElement":[{"@type":"ListItem","position":1,"name":"Inicio","item":"https:\/\/somos-hermanos.mx\/"},{"@type":"ListItem","position":2,"name":"La infancia y el derecho a la educaci\u00f3n"}]},{"@type":"WebSite","@id":"https:\/\/somos-hermanos.mx\/#website","url":"https:\/\/somos-hermanos.mx\/","name":"Historias que inspiran...","description":"Somos la voz del altruismo en M\u00e9xico","publisher":{"@id":"https:\/\/somos-hermanos.mx\/#organization"},"potentialAction":[{"@type":"SearchAction","target":{"@type":"EntryPoint","urlTemplate":"https:\/\/somos-hermanos.mx\/?s={search_term_string}"},"query-input":{"@type":"PropertyValueSpecification","valueRequired":true,"valueName":"search_term_string"}}],"inLanguage":"es"},{"@type":"Organization","@id":"https:\/\/somos-hermanos.mx\/#organization","name":"Somos Hermanos","url":"https:\/\/somos-hermanos.mx\/","logo":{"@type":"ImageObject","inLanguage":"es","@id":"https:\/\/somos-hermanos.mx\/#\/schema\/logo\/image\/","url":"https:\/\/somos-hermanos.mx\/wp-content\/uploads\/2025\/08\/SH30-1.jpeg","contentUrl":"https:\/\/somos-hermanos.mx\/wp-content\/uploads\/2025\/08\/SH30-1.jpeg","width":1600,"height":1142,"caption":"Somos Hermanos"},"image":{"@id":"https:\/\/somos-hermanos.mx\/#\/schema\/logo\/image\/"},"sameAs":["https:\/\/www.facebook.com\/SomosHermanosIAP\/","https:\/\/x.com\/Somos__Hermanos","https:\/\/www.instagram.com\/somos__hermanos\/#","https:\/\/www.tiktok.com\/@somoshermanosiap","https:\/\/www.youtube.com\/@somoshermanosiap1201\/videos"]},{"@type":"Person","@id":"https:\/\/somos-hermanos.mx\/#\/schema\/person\/c641a1e1d1528d06a1bdd520967637a3","name":"Mariana Navarro Guerrero","image":{"@type":"ImageObject","inLanguage":"es","@id":"https:\/\/secure.gravatar.com\/avatar\/e9de03026e0c21e37657555185686fb146d0e8f3e36692b672ddf88cbfb99c0e?s=96&d=mm&r=g","url":"https:\/\/secure.gravatar.com\/avatar\/e9de03026e0c21e37657555185686fb146d0e8f3e36692b672ddf88cbfb99c0e?s=96&d=mm&r=g","contentUrl":"https:\/\/secure.gravatar.com\/avatar\/e9de03026e0c21e37657555185686fb146d0e8f3e36692b672ddf88cbfb99c0e?s=96&d=mm&r=g","caption":"Mariana Navarro Guerrero"},"url":"https:\/\/somos-hermanos.mx\/index.php\/author\/mariana-navarro-guerrero\/"}]}},"_links":{"self":[{"href":"https:\/\/somos-hermanos.mx\/index.php\/wp-json\/wp\/v2\/posts\/3525","targetHints":{"allow":["GET"]}}],"collection":[{"href":"https:\/\/somos-hermanos.mx\/index.php\/wp-json\/wp\/v2\/posts"}],"about":[{"href":"https:\/\/somos-hermanos.mx\/index.php\/wp-json\/wp\/v2\/types\/post"}],"author":[{"embeddable":true,"href":"https:\/\/somos-hermanos.mx\/index.php\/wp-json\/wp\/v2\/users\/20"}],"replies":[{"embeddable":true,"href":"https:\/\/somos-hermanos.mx\/index.php\/wp-json\/wp\/v2\/comments?post=3525"}],"version-history":[{"count":1,"href":"https:\/\/somos-hermanos.mx\/index.php\/wp-json\/wp\/v2\/posts\/3525\/revisions"}],"predecessor-version":[{"id":3527,"href":"https:\/\/somos-hermanos.mx\/index.php\/wp-json\/wp\/v2\/posts\/3525\/revisions\/3527"}],"wp:featuredmedia":[{"embeddable":true,"href":"https:\/\/somos-hermanos.mx\/index.php\/wp-json\/wp\/v2\/media\/3526"}],"wp:attachment":[{"href":"https:\/\/somos-hermanos.mx\/index.php\/wp-json\/wp\/v2\/media?parent=3525"}],"wp:term":[{"taxonomy":"category","embeddable":true,"href":"https:\/\/somos-hermanos.mx\/index.php\/wp-json\/wp\/v2\/categories?post=3525"},{"taxonomy":"post_tag","embeddable":true,"href":"https:\/\/somos-hermanos.mx\/index.php\/wp-json\/wp\/v2\/tags?post=3525"}],"curies":[{"name":"wp","href":"https:\/\/api.w.org\/{rel}","templated":true}]}}