{"id":3519,"date":"2026-04-30T15:44:27","date_gmt":"2026-04-30T21:44:27","guid":{"rendered":"https:\/\/somos-hermanos.mx\/?p=3519"},"modified":"2026-04-30T15:44:27","modified_gmt":"2026-04-30T21:44:27","slug":"cultura-y-cohesion-social-el-vinculo-invisible-que-une-a-las-comunidades","status":"publish","type":"post","link":"https:\/\/somos-hermanos.mx\/index.php\/2026\/04\/30\/cultura-y-cohesion-social-el-vinculo-invisible-que-une-a-las-comunidades\/","title":{"rendered":"Cultura y cohesi\u00f3n social: el v\u00ednculo invisible que une a las comunidades"},"content":{"rendered":"<h4><span data-contrast=\"none\">La cultura es un puente invisible que une comunidades y fortalece la cohesi\u00f3n social. M\u00e1s all\u00e1 de tradiciones o expresiones art\u00edsticas, representa valores y pr\u00e1cticas que generan identidad, di\u00e1logo y pertenencia.<\/span><span data-contrast=\"none\">\u202f<\/span><span data-ccp-props=\"{&quot;335551550&quot;:6,&quot;335551620&quot;:6}\">\u00a0<\/span><\/h4>\n<p><span data-contrast=\"auto\">En un mundo cada vez m\u00e1s diverso, acelerado y, en ocasiones, fragmentado, la cultura se mantiene como uno de los pilares m\u00e1s s\u00f3lidos para construir comunidad. M\u00e1s all\u00e1 de las expresiones art\u00edsticas o las tradiciones, la cultura representa un conjunto de valores, s\u00edmbolos y pr\u00e1cticas que dan sentido de pertenencia y fortalecen los lazos entre las personas.<\/span><span data-ccp-props=\"{&quot;335551550&quot;:6,&quot;335551620&quot;:6}\">\u00a0<\/span><\/p>\n<p><span data-contrast=\"auto\">Reflexionar sobre la cultura es, en realidad, reflexionar sobre c\u00f3mo nos relacionamos como sociedad. Desde una festividad local hasta una manifestaci\u00f3n art\u00edstica, cada expresi\u00f3n cultural tiene la capacidad de reunir, dialogar y conectar a individuos que, de otra manera, podr\u00edan permanecer distantes. En este sentido, la cultura act\u00faa como un puente que reduce diferencias y fomenta la convivencia.<\/span><span data-ccp-props=\"{&quot;335551550&quot;:6,&quot;335551620&quot;:6}\">\u00a0<\/span><\/p>\n<p><span data-contrast=\"auto\">Uno de los principales aportes de la cultura a la cohesi\u00f3n social es su capacidad para generar identidad. Compartir costumbres, lenguajes y formas de ver el mundo permite a las personas reconocerse como parte de un colectivo. Este sentido de pertenencia no solo fortalece las relaciones sociales, sino que tambi\u00e9n contribuye a la construcci\u00f3n de entornos m\u00e1s solidarios y participativos.<\/span><span data-ccp-props=\"{&quot;335551550&quot;:6,&quot;335551620&quot;:6}\">\u00a0<\/span><\/p>\n<p><span data-contrast=\"auto\">Adem\u00e1s, la cultura abre espacios para el di\u00e1logo. A trav\u00e9s del arte, la m\u00fasica, el cine o la literatura, es posible abordar temas complejos, visibilizar problem\u00e1ticas y generar reflexi\u00f3n colectiva. Estos espacios no solo informan, sino que tambi\u00e9n sensibilizan y promueven la empat\u00eda, elementos clave para una convivencia armoniosa.<\/span><span data-ccp-props=\"{&quot;335551550&quot;:6,&quot;335551620&quot;:6}\">\u00a0<\/span><\/p>\n<p><span data-contrast=\"auto\">En contextos donde existen tensiones sociales o desigualdades, la cultura puede convertirse en una herramienta de integraci\u00f3n. Proyectos culturales comunitarios, actividades art\u00edsticas y espacios de encuentro permiten que diferentes grupos interact\u00faen, compartan experiencias y construyan v\u00ednculos desde el respeto y la diversidad.<\/span><span data-ccp-props=\"{&quot;335551550&quot;:6,&quot;335551620&quot;:6}\">\u00a0<\/span><\/p>\n<p><span data-contrast=\"auto\">Sin embargo, fortalecer la cohesi\u00f3n social a trav\u00e9s de la cultura tambi\u00e9n implica reconocer los retos. No todas las comunidades tienen el mismo acceso a espacios culturales, y en muchos casos, las expresiones locales pueden verse desplazadas o invisibilizadas. Garantizar el acceso equitativo a la cultura es fundamental para que su impacto sea realmente incluyente.<\/span><span data-ccp-props=\"{&quot;335551550&quot;:6,&quot;335551620&quot;:6}\">\u00a0<\/span><\/p>\n<p><span data-contrast=\"auto\">Pensar en la cultura como un elemento de cohesi\u00f3n social es entender que no se trata solo de preservar tradiciones, sino de construir comunidad. Es reconocer que en cada expresi\u00f3n cultural hay una oportunidad para dialogar, incluir y fortalecer el tejido social.<\/span><span data-ccp-props=\"{&quot;335551550&quot;:6,&quot;335551620&quot;:6}\">\u00a0<\/span><\/p>\n<p><span data-contrast=\"auto\">En tiempos donde la polarizaci\u00f3n y la desconexi\u00f3n parecen crecer, la cultura se presenta como una herramienta capaz de unir, de generar identidad y de recordarnos que, a pesar de las diferencias, siempre existen puntos en com\u00fan que nos acercan como sociedad.<\/span><span data-ccp-props=\"{&quot;335551550&quot;:6,&quot;335551620&quot;:6}\">\u00a0<\/span><\/p>\n<p><img loading=\"lazy\" decoding=\"async\" class=\"alignnone wp-image-3521 size-large\" src=\"https:\/\/somos-hermanos.mx\/wp-content\/uploads\/2026\/04\/CULTURA-1024x538.jpg\" alt=\"CULTURA\" width=\"1024\" height=\"538\" srcset=\"https:\/\/somos-hermanos.mx\/wp-content\/uploads\/2026\/04\/CULTURA-1024x538.jpg 1024w, https:\/\/somos-hermanos.mx\/wp-content\/uploads\/2026\/04\/CULTURA-300x158.jpg 300w, https:\/\/somos-hermanos.mx\/wp-content\/uploads\/2026\/04\/CULTURA-768x403.jpg 768w, https:\/\/somos-hermanos.mx\/wp-content\/uploads\/2026\/04\/CULTURA.jpg 1200w\" sizes=\"auto, (max-width: 1024px) 100vw, 1024px\" \/><\/p>\n","protected":false},"excerpt":{"rendered":"<p>La cultura es un puente invisible que une comunidades y fortalece la cohesi\u00f3n social. M\u00e1s all\u00e1 de tradiciones o expresiones art\u00edsticas, representa valores y pr\u00e1cticas que generan identidad, di\u00e1logo y pertenencia.\u202f\u00a0 En un mundo cada vez m\u00e1s diverso, acelerado y, en ocasiones, fragmentado, la cultura se mantiene como uno de los pilares m\u00e1s s\u00f3lidos para [&hellip;]<\/p>\n","protected":false},"author":45,"featured_media":3520,"comment_status":"open","ping_status":"closed","sticky":false,"template":"","format":"standard","meta":{"footnotes":""},"categories":[6],"tags":[235,4296,4059,4552,4423,4409],"class_list":["post-3519","post","type-post","status-publish","format-standard","has-post-thumbnail","hentry","category-noticias","tag-cohesion-social","tag-comunidades","tag-cultura","tag-expresiones-artisticas","tag-fundacion-somos-hermanos","tag-somos-hermanos"],"yoast_head":"<!-- This site is optimized with the Yoast SEO plugin v27.5 - https:\/\/yoast.com\/product\/yoast-seo-wordpress\/ -->\n<title>Cultura y cohesi\u00f3n social: el v\u00ednculo invisible que une a las comunidades - Historias que inspiran...<\/title>\n<meta name=\"description\" content=\"La cultura es un puente invisible que une comunidades y fortalece la cohesi\u00f3n social. M\u00e1s all\u00e1 de tradiciones o expresiones art\u00edsticas...\" \/>\n<meta name=\"robots\" content=\"index, follow, max-snippet:-1, max-image-preview:large, max-video-preview:-1\" \/>\n<link rel=\"canonical\" href=\"https:\/\/somos-hermanos.mx\/index.php\/2026\/04\/30\/cultura-y-cohesion-social-el-vinculo-invisible-que-une-a-las-comunidades\/\" \/>\n<meta property=\"og:locale\" content=\"es_MX\" \/>\n<meta property=\"og:type\" content=\"article\" \/>\n<meta property=\"og:title\" content=\"Cultura y cohesi\u00f3n social: el v\u00ednculo invisible que une a las comunidades - Historias que inspiran...\" \/>\n<meta property=\"og:description\" content=\"La cultura es un puente invisible que une comunidades y fortalece la cohesi\u00f3n social. M\u00e1s all\u00e1 de tradiciones o expresiones art\u00edsticas...\" \/>\n<meta property=\"og:url\" content=\"https:\/\/somos-hermanos.mx\/index.php\/2026\/04\/30\/cultura-y-cohesion-social-el-vinculo-invisible-que-une-a-las-comunidades\/\" \/>\n<meta property=\"og:site_name\" content=\"Historias que inspiran...\" \/>\n<meta property=\"article:publisher\" content=\"https:\/\/www.facebook.com\/SomosHermanosIAP\/\" \/>\n<meta property=\"article:published_time\" content=\"2026-04-30T21:44:27+00:00\" \/>\n<meta property=\"og:image\" content=\"https:\/\/somos-hermanos.mx\/wp-content\/uploads\/2026\/04\/CULTURA2.jpg\" \/>\n\t<meta property=\"og:image:width\" content=\"1200\" \/>\n\t<meta property=\"og:image:height\" content=\"630\" \/>\n\t<meta property=\"og:image:type\" content=\"image\/jpeg\" \/>\n<meta name=\"author\" content=\"Jos\u00e9 Enrique Flores Ju\u00e1rez\" \/>\n<meta name=\"twitter:card\" content=\"summary_large_image\" \/>\n<meta name=\"twitter:creator\" content=\"@Somos__Hermanos\" \/>\n<meta name=\"twitter:site\" content=\"@Somos__Hermanos\" \/>\n<meta name=\"twitter:label1\" content=\"Escrito por\" \/>\n\t<meta name=\"twitter:data1\" content=\"Jos\u00e9 Enrique Flores Ju\u00e1rez\" \/>\n\t<meta name=\"twitter:label2\" content=\"Tiempo de lectura\" \/>\n\t<meta name=\"twitter:data2\" content=\"3 minutos\" \/>\n<script type=\"application\/ld+json\" class=\"yoast-schema-graph\">{\"@context\":\"https:\\\/\\\/schema.org\",\"@graph\":[{\"@type\":\"Article\",\"@id\":\"https:\\\/\\\/somos-hermanos.mx\\\/index.php\\\/2026\\\/04\\\/30\\\/cultura-y-cohesion-social-el-vinculo-invisible-que-une-a-las-comunidades\\\/#article\",\"isPartOf\":{\"@id\":\"https:\\\/\\\/somos-hermanos.mx\\\/index.php\\\/2026\\\/04\\\/30\\\/cultura-y-cohesion-social-el-vinculo-invisible-que-une-a-las-comunidades\\\/\"},\"author\":{\"name\":\"Jos\u00e9 Enrique Flores Ju\u00e1rez\",\"@id\":\"https:\\\/\\\/somos-hermanos.mx\\\/#\\\/schema\\\/person\\\/06ce844c0dc41ed80bbcb403a8e81db6\"},\"headline\":\"Cultura y cohesi\u00f3n social: el v\u00ednculo invisible que une a las comunidades\",\"datePublished\":\"2026-04-30T21:44:27+00:00\",\"mainEntityOfPage\":{\"@id\":\"https:\\\/\\\/somos-hermanos.mx\\\/index.php\\\/2026\\\/04\\\/30\\\/cultura-y-cohesion-social-el-vinculo-invisible-que-une-a-las-comunidades\\\/\"},\"wordCount\":492,\"commentCount\":0,\"publisher\":{\"@id\":\"https:\\\/\\\/somos-hermanos.mx\\\/#organization\"},\"image\":{\"@id\":\"https:\\\/\\\/somos-hermanos.mx\\\/index.php\\\/2026\\\/04\\\/30\\\/cultura-y-cohesion-social-el-vinculo-invisible-que-une-a-las-comunidades\\\/#primaryimage\"},\"thumbnailUrl\":\"https:\\\/\\\/somos-hermanos.mx\\\/wp-content\\\/uploads\\\/2026\\\/04\\\/CULTURA2.jpg\",\"keywords\":[\"cohesi\u00f3n social\",\"comunidades\",\"cultura\",\"EXPRESIONES ART\u00cdSTICAS\",\"fundaci\u00f3n somos hermanos\",\"Somos Hermanos\"],\"articleSection\":[\"Noticias\"],\"inLanguage\":\"es\",\"potentialAction\":[{\"@type\":\"CommentAction\",\"name\":\"Comment\",\"target\":[\"https:\\\/\\\/somos-hermanos.mx\\\/index.php\\\/2026\\\/04\\\/30\\\/cultura-y-cohesion-social-el-vinculo-invisible-que-une-a-las-comunidades\\\/#respond\"]}]},{\"@type\":\"WebPage\",\"@id\":\"https:\\\/\\\/somos-hermanos.mx\\\/index.php\\\/2026\\\/04\\\/30\\\/cultura-y-cohesion-social-el-vinculo-invisible-que-une-a-las-comunidades\\\/\",\"url\":\"https:\\\/\\\/somos-hermanos.mx\\\/index.php\\\/2026\\\/04\\\/30\\\/cultura-y-cohesion-social-el-vinculo-invisible-que-une-a-las-comunidades\\\/\",\"name\":\"Cultura y cohesi\u00f3n social: el v\u00ednculo invisible que une a las comunidades - Historias que inspiran...\",\"isPartOf\":{\"@id\":\"https:\\\/\\\/somos-hermanos.mx\\\/#website\"},\"primaryImageOfPage\":{\"@id\":\"https:\\\/\\\/somos-hermanos.mx\\\/index.php\\\/2026\\\/04\\\/30\\\/cultura-y-cohesion-social-el-vinculo-invisible-que-une-a-las-comunidades\\\/#primaryimage\"},\"image\":{\"@id\":\"https:\\\/\\\/somos-hermanos.mx\\\/index.php\\\/2026\\\/04\\\/30\\\/cultura-y-cohesion-social-el-vinculo-invisible-que-une-a-las-comunidades\\\/#primaryimage\"},\"thumbnailUrl\":\"https:\\\/\\\/somos-hermanos.mx\\\/wp-content\\\/uploads\\\/2026\\\/04\\\/CULTURA2.jpg\",\"datePublished\":\"2026-04-30T21:44:27+00:00\",\"description\":\"La cultura es un puente invisible que une comunidades y fortalece la cohesi\u00f3n social. M\u00e1s all\u00e1 de tradiciones o expresiones art\u00edsticas...\",\"breadcrumb\":{\"@id\":\"https:\\\/\\\/somos-hermanos.mx\\\/index.php\\\/2026\\\/04\\\/30\\\/cultura-y-cohesion-social-el-vinculo-invisible-que-une-a-las-comunidades\\\/#breadcrumb\"},\"inLanguage\":\"es\",\"potentialAction\":[{\"@type\":\"ReadAction\",\"target\":[\"https:\\\/\\\/somos-hermanos.mx\\\/index.php\\\/2026\\\/04\\\/30\\\/cultura-y-cohesion-social-el-vinculo-invisible-que-une-a-las-comunidades\\\/\"]}]},{\"@type\":\"ImageObject\",\"inLanguage\":\"es\",\"@id\":\"https:\\\/\\\/somos-hermanos.mx\\\/index.php\\\/2026\\\/04\\\/30\\\/cultura-y-cohesion-social-el-vinculo-invisible-que-une-a-las-comunidades\\\/#primaryimage\",\"url\":\"https:\\\/\\\/somos-hermanos.mx\\\/wp-content\\\/uploads\\\/2026\\\/04\\\/CULTURA2.jpg\",\"contentUrl\":\"https:\\\/\\\/somos-hermanos.mx\\\/wp-content\\\/uploads\\\/2026\\\/04\\\/CULTURA2.jpg\",\"width\":1200,\"height\":630,\"caption\":\"CULTURA\"},{\"@type\":\"BreadcrumbList\",\"@id\":\"https:\\\/\\\/somos-hermanos.mx\\\/index.php\\\/2026\\\/04\\\/30\\\/cultura-y-cohesion-social-el-vinculo-invisible-que-une-a-las-comunidades\\\/#breadcrumb\",\"itemListElement\":[{\"@type\":\"ListItem\",\"position\":1,\"name\":\"Inicio\",\"item\":\"https:\\\/\\\/somos-hermanos.mx\\\/\"},{\"@type\":\"ListItem\",\"position\":2,\"name\":\"Cultura y cohesi\u00f3n social: el v\u00ednculo invisible que une a las comunidades\"}]},{\"@type\":\"WebSite\",\"@id\":\"https:\\\/\\\/somos-hermanos.mx\\\/#website\",\"url\":\"https:\\\/\\\/somos-hermanos.mx\\\/\",\"name\":\"Historias que inspiran...\",\"description\":\"Somos la voz del altruismo en M\u00e9xico\",\"publisher\":{\"@id\":\"https:\\\/\\\/somos-hermanos.mx\\\/#organization\"},\"potentialAction\":[{\"@type\":\"SearchAction\",\"target\":{\"@type\":\"EntryPoint\",\"urlTemplate\":\"https:\\\/\\\/somos-hermanos.mx\\\/?s={search_term_string}\"},\"query-input\":{\"@type\":\"PropertyValueSpecification\",\"valueRequired\":true,\"valueName\":\"search_term_string\"}}],\"inLanguage\":\"es\"},{\"@type\":\"Organization\",\"@id\":\"https:\\\/\\\/somos-hermanos.mx\\\/#organization\",\"name\":\"Somos Hermanos\",\"url\":\"https:\\\/\\\/somos-hermanos.mx\\\/\",\"logo\":{\"@type\":\"ImageObject\",\"inLanguage\":\"es\",\"@id\":\"https:\\\/\\\/somos-hermanos.mx\\\/#\\\/schema\\\/logo\\\/image\\\/\",\"url\":\"https:\\\/\\\/somos-hermanos.mx\\\/wp-content\\\/uploads\\\/2025\\\/08\\\/SH30-1.jpeg\",\"contentUrl\":\"https:\\\/\\\/somos-hermanos.mx\\\/wp-content\\\/uploads\\\/2025\\\/08\\\/SH30-1.jpeg\",\"width\":1600,\"height\":1142,\"caption\":\"Somos Hermanos\"},\"image\":{\"@id\":\"https:\\\/\\\/somos-hermanos.mx\\\/#\\\/schema\\\/logo\\\/image\\\/\"},\"sameAs\":[\"https:\\\/\\\/www.facebook.com\\\/SomosHermanosIAP\\\/\",\"https:\\\/\\\/x.com\\\/Somos__Hermanos\",\"https:\\\/\\\/www.instagram.com\\\/somos__hermanos\\\/#\",\"https:\\\/\\\/www.tiktok.com\\\/@somoshermanosiap\",\"https:\\\/\\\/www.youtube.com\\\/@somoshermanosiap1201\\\/videos\"]},{\"@type\":\"Person\",\"@id\":\"https:\\\/\\\/somos-hermanos.mx\\\/#\\\/schema\\\/person\\\/06ce844c0dc41ed80bbcb403a8e81db6\",\"name\":\"Jos\u00e9 Enrique Flores Ju\u00e1rez\",\"image\":{\"@type\":\"ImageObject\",\"inLanguage\":\"es\",\"@id\":\"https:\\\/\\\/secure.gravatar.com\\\/avatar\\\/cf76b1c99d115cdcf4614e91db164123e0ec7c0d7a500b23e70233b182ba7fb1?s=96&d=mm&r=g\",\"url\":\"https:\\\/\\\/secure.gravatar.com\\\/avatar\\\/cf76b1c99d115cdcf4614e91db164123e0ec7c0d7a500b23e70233b182ba7fb1?s=96&d=mm&r=g\",\"contentUrl\":\"https:\\\/\\\/secure.gravatar.com\\\/avatar\\\/cf76b1c99d115cdcf4614e91db164123e0ec7c0d7a500b23e70233b182ba7fb1?s=96&d=mm&r=g\",\"caption\":\"Jos\u00e9 Enrique Flores Ju\u00e1rez\"},\"url\":\"https:\\\/\\\/somos-hermanos.mx\\\/index.php\\\/author\\\/jose-enrique-flores-juarez\\\/\"}]}<\/script>\n<!-- \/ Yoast SEO plugin. -->","yoast_head_json":{"title":"Cultura y cohesi\u00f3n social: el v\u00ednculo invisible que une a las comunidades - Historias que inspiran...","description":"La cultura es un puente invisible que une comunidades y fortalece la cohesi\u00f3n social. M\u00e1s all\u00e1 de tradiciones o expresiones art\u00edsticas...","robots":{"index":"index","follow":"follow","max-snippet":"max-snippet:-1","max-image-preview":"max-image-preview:large","max-video-preview":"max-video-preview:-1"},"canonical":"https:\/\/somos-hermanos.mx\/index.php\/2026\/04\/30\/cultura-y-cohesion-social-el-vinculo-invisible-que-une-a-las-comunidades\/","og_locale":"es_MX","og_type":"article","og_title":"Cultura y cohesi\u00f3n social: el v\u00ednculo invisible que une a las comunidades - Historias que inspiran...","og_description":"La cultura es un puente invisible que une comunidades y fortalece la cohesi\u00f3n social. M\u00e1s all\u00e1 de tradiciones o expresiones art\u00edsticas...","og_url":"https:\/\/somos-hermanos.mx\/index.php\/2026\/04\/30\/cultura-y-cohesion-social-el-vinculo-invisible-que-une-a-las-comunidades\/","og_site_name":"Historias que inspiran...","article_publisher":"https:\/\/www.facebook.com\/SomosHermanosIAP\/","article_published_time":"2026-04-30T21:44:27+00:00","og_image":[{"width":1200,"height":630,"url":"https:\/\/somos-hermanos.mx\/wp-content\/uploads\/2026\/04\/CULTURA2.jpg","type":"image\/jpeg"}],"author":"Jos\u00e9 Enrique Flores Ju\u00e1rez","twitter_card":"summary_large_image","twitter_creator":"@Somos__Hermanos","twitter_site":"@Somos__Hermanos","twitter_misc":{"Escrito por":"Jos\u00e9 Enrique Flores Ju\u00e1rez","Tiempo de lectura":"3 minutos"},"schema":{"@context":"https:\/\/schema.org","@graph":[{"@type":"Article","@id":"https:\/\/somos-hermanos.mx\/index.php\/2026\/04\/30\/cultura-y-cohesion-social-el-vinculo-invisible-que-une-a-las-comunidades\/#article","isPartOf":{"@id":"https:\/\/somos-hermanos.mx\/index.php\/2026\/04\/30\/cultura-y-cohesion-social-el-vinculo-invisible-que-une-a-las-comunidades\/"},"author":{"name":"Jos\u00e9 Enrique Flores Ju\u00e1rez","@id":"https:\/\/somos-hermanos.mx\/#\/schema\/person\/06ce844c0dc41ed80bbcb403a8e81db6"},"headline":"Cultura y cohesi\u00f3n social: el v\u00ednculo invisible que une a las comunidades","datePublished":"2026-04-30T21:44:27+00:00","mainEntityOfPage":{"@id":"https:\/\/somos-hermanos.mx\/index.php\/2026\/04\/30\/cultura-y-cohesion-social-el-vinculo-invisible-que-une-a-las-comunidades\/"},"wordCount":492,"commentCount":0,"publisher":{"@id":"https:\/\/somos-hermanos.mx\/#organization"},"image":{"@id":"https:\/\/somos-hermanos.mx\/index.php\/2026\/04\/30\/cultura-y-cohesion-social-el-vinculo-invisible-que-une-a-las-comunidades\/#primaryimage"},"thumbnailUrl":"https:\/\/somos-hermanos.mx\/wp-content\/uploads\/2026\/04\/CULTURA2.jpg","keywords":["cohesi\u00f3n social","comunidades","cultura","EXPRESIONES ART\u00cdSTICAS","fundaci\u00f3n somos hermanos","Somos Hermanos"],"articleSection":["Noticias"],"inLanguage":"es","potentialAction":[{"@type":"CommentAction","name":"Comment","target":["https:\/\/somos-hermanos.mx\/index.php\/2026\/04\/30\/cultura-y-cohesion-social-el-vinculo-invisible-que-une-a-las-comunidades\/#respond"]}]},{"@type":"WebPage","@id":"https:\/\/somos-hermanos.mx\/index.php\/2026\/04\/30\/cultura-y-cohesion-social-el-vinculo-invisible-que-une-a-las-comunidades\/","url":"https:\/\/somos-hermanos.mx\/index.php\/2026\/04\/30\/cultura-y-cohesion-social-el-vinculo-invisible-que-une-a-las-comunidades\/","name":"Cultura y cohesi\u00f3n social: el v\u00ednculo invisible que une a las comunidades - Historias que inspiran...","isPartOf":{"@id":"https:\/\/somos-hermanos.mx\/#website"},"primaryImageOfPage":{"@id":"https:\/\/somos-hermanos.mx\/index.php\/2026\/04\/30\/cultura-y-cohesion-social-el-vinculo-invisible-que-une-a-las-comunidades\/#primaryimage"},"image":{"@id":"https:\/\/somos-hermanos.mx\/index.php\/2026\/04\/30\/cultura-y-cohesion-social-el-vinculo-invisible-que-une-a-las-comunidades\/#primaryimage"},"thumbnailUrl":"https:\/\/somos-hermanos.mx\/wp-content\/uploads\/2026\/04\/CULTURA2.jpg","datePublished":"2026-04-30T21:44:27+00:00","description":"La cultura es un puente invisible que une comunidades y fortalece la cohesi\u00f3n social. M\u00e1s all\u00e1 de tradiciones o expresiones art\u00edsticas...","breadcrumb":{"@id":"https:\/\/somos-hermanos.mx\/index.php\/2026\/04\/30\/cultura-y-cohesion-social-el-vinculo-invisible-que-une-a-las-comunidades\/#breadcrumb"},"inLanguage":"es","potentialAction":[{"@type":"ReadAction","target":["https:\/\/somos-hermanos.mx\/index.php\/2026\/04\/30\/cultura-y-cohesion-social-el-vinculo-invisible-que-une-a-las-comunidades\/"]}]},{"@type":"ImageObject","inLanguage":"es","@id":"https:\/\/somos-hermanos.mx\/index.php\/2026\/04\/30\/cultura-y-cohesion-social-el-vinculo-invisible-que-une-a-las-comunidades\/#primaryimage","url":"https:\/\/somos-hermanos.mx\/wp-content\/uploads\/2026\/04\/CULTURA2.jpg","contentUrl":"https:\/\/somos-hermanos.mx\/wp-content\/uploads\/2026\/04\/CULTURA2.jpg","width":1200,"height":630,"caption":"CULTURA"},{"@type":"BreadcrumbList","@id":"https:\/\/somos-hermanos.mx\/index.php\/2026\/04\/30\/cultura-y-cohesion-social-el-vinculo-invisible-que-une-a-las-comunidades\/#breadcrumb","itemListElement":[{"@type":"ListItem","position":1,"name":"Inicio","item":"https:\/\/somos-hermanos.mx\/"},{"@type":"ListItem","position":2,"name":"Cultura y cohesi\u00f3n social: el v\u00ednculo invisible que une a las comunidades"}]},{"@type":"WebSite","@id":"https:\/\/somos-hermanos.mx\/#website","url":"https:\/\/somos-hermanos.mx\/","name":"Historias que inspiran...","description":"Somos la voz del altruismo en M\u00e9xico","publisher":{"@id":"https:\/\/somos-hermanos.mx\/#organization"},"potentialAction":[{"@type":"SearchAction","target":{"@type":"EntryPoint","urlTemplate":"https:\/\/somos-hermanos.mx\/?s={search_term_string}"},"query-input":{"@type":"PropertyValueSpecification","valueRequired":true,"valueName":"search_term_string"}}],"inLanguage":"es"},{"@type":"Organization","@id":"https:\/\/somos-hermanos.mx\/#organization","name":"Somos Hermanos","url":"https:\/\/somos-hermanos.mx\/","logo":{"@type":"ImageObject","inLanguage":"es","@id":"https:\/\/somos-hermanos.mx\/#\/schema\/logo\/image\/","url":"https:\/\/somos-hermanos.mx\/wp-content\/uploads\/2025\/08\/SH30-1.jpeg","contentUrl":"https:\/\/somos-hermanos.mx\/wp-content\/uploads\/2025\/08\/SH30-1.jpeg","width":1600,"height":1142,"caption":"Somos Hermanos"},"image":{"@id":"https:\/\/somos-hermanos.mx\/#\/schema\/logo\/image\/"},"sameAs":["https:\/\/www.facebook.com\/SomosHermanosIAP\/","https:\/\/x.com\/Somos__Hermanos","https:\/\/www.instagram.com\/somos__hermanos\/#","https:\/\/www.tiktok.com\/@somoshermanosiap","https:\/\/www.youtube.com\/@somoshermanosiap1201\/videos"]},{"@type":"Person","@id":"https:\/\/somos-hermanos.mx\/#\/schema\/person\/06ce844c0dc41ed80bbcb403a8e81db6","name":"Jos\u00e9 Enrique Flores Ju\u00e1rez","image":{"@type":"ImageObject","inLanguage":"es","@id":"https:\/\/secure.gravatar.com\/avatar\/cf76b1c99d115cdcf4614e91db164123e0ec7c0d7a500b23e70233b182ba7fb1?s=96&d=mm&r=g","url":"https:\/\/secure.gravatar.com\/avatar\/cf76b1c99d115cdcf4614e91db164123e0ec7c0d7a500b23e70233b182ba7fb1?s=96&d=mm&r=g","contentUrl":"https:\/\/secure.gravatar.com\/avatar\/cf76b1c99d115cdcf4614e91db164123e0ec7c0d7a500b23e70233b182ba7fb1?s=96&d=mm&r=g","caption":"Jos\u00e9 Enrique Flores Ju\u00e1rez"},"url":"https:\/\/somos-hermanos.mx\/index.php\/author\/jose-enrique-flores-juarez\/"}]}},"_links":{"self":[{"href":"https:\/\/somos-hermanos.mx\/index.php\/wp-json\/wp\/v2\/posts\/3519","targetHints":{"allow":["GET"]}}],"collection":[{"href":"https:\/\/somos-hermanos.mx\/index.php\/wp-json\/wp\/v2\/posts"}],"about":[{"href":"https:\/\/somos-hermanos.mx\/index.php\/wp-json\/wp\/v2\/types\/post"}],"author":[{"embeddable":true,"href":"https:\/\/somos-hermanos.mx\/index.php\/wp-json\/wp\/v2\/users\/45"}],"replies":[{"embeddable":true,"href":"https:\/\/somos-hermanos.mx\/index.php\/wp-json\/wp\/v2\/comments?post=3519"}],"version-history":[{"count":3,"href":"https:\/\/somos-hermanos.mx\/index.php\/wp-json\/wp\/v2\/posts\/3519\/revisions"}],"predecessor-version":[{"id":3524,"href":"https:\/\/somos-hermanos.mx\/index.php\/wp-json\/wp\/v2\/posts\/3519\/revisions\/3524"}],"wp:featuredmedia":[{"embeddable":true,"href":"https:\/\/somos-hermanos.mx\/index.php\/wp-json\/wp\/v2\/media\/3520"}],"wp:attachment":[{"href":"https:\/\/somos-hermanos.mx\/index.php\/wp-json\/wp\/v2\/media?parent=3519"}],"wp:term":[{"taxonomy":"category","embeddable":true,"href":"https:\/\/somos-hermanos.mx\/index.php\/wp-json\/wp\/v2\/categories?post=3519"},{"taxonomy":"post_tag","embeddable":true,"href":"https:\/\/somos-hermanos.mx\/index.php\/wp-json\/wp\/v2\/tags?post=3519"}],"curies":[{"name":"wp","href":"https:\/\/api.w.org\/{rel}","templated":true}]}}