{"id":3514,"date":"2026-04-28T18:11:33","date_gmt":"2026-04-29T00:11:33","guid":{"rendered":"https:\/\/somos-hermanos.mx\/?p=3514"},"modified":"2026-04-28T18:20:11","modified_gmt":"2026-04-29T00:20:11","slug":"recomenzar-siempre-la-actitud-profunda-de-educar-2-de-3","status":"publish","type":"post","link":"https:\/\/somos-hermanos.mx\/index.php\/2026\/04\/28\/recomenzar-siempre-la-actitud-profunda-de-educar-2-de-3\/","title":{"rendered":"Recomenzar\u202fsiempre\u202fla\u202factitud\u202fprofunda de\u202feducar (2 de 3)\u202f"},"content":{"rendered":"<h4 data-start=\"114\" data-end=\"313\">La educaci\u00f3n es un camino hacia el bien y la felicidad. En M\u00e9xico, reflexionar sobre c\u00f3mo se forman las nuevas generaciones es clave para construir una sociedad m\u00e1s justa y con valores permanentes.<\/h4>\n<p data-start=\"319\" data-end=\"676\">Todos nos hemos preguntado: \u00bfA d\u00f3nde va el pa\u00eds? \u00bfA d\u00f3nde conducir\u00e1 la educaci\u00f3n que se imparte en los colegios y universidades? \u00bfC\u00f3mo se est\u00e1n formando mis seres queridos? \u00bfQu\u00e9 peligros comporta? \u00bfQu\u00e9 ventajas tiene? \u00bfC\u00f3mo excluir la locura del cambio de valores ef\u00edmeros y ajenos a la felicidad por otros que son perennes y que le dan sentido a la vida?<\/p>\n<p data-start=\"682\" data-end=\"830\">En los j\u00f3venes reside la oportunidad de acoger una aportaci\u00f3n personal a la superaci\u00f3n de situaciones que no satisfacen las exigencias de la vida.<\/p>\n<p data-start=\"836\" data-end=\"1034\">El mundo de los adultos necesita permanecer abierto a la cr\u00edtica constructiva de la generaci\u00f3n que est\u00e1 por asumir sus responsabilidades, y mantener un di\u00e1logo franco, libre y abierto a la verdad.<\/p>\n<p data-start=\"1040\" data-end=\"1190\">No se trata de negar los m\u00e9ritos que ofrece el mundo de los adultos, sino de aprovechar lo positivo y lo permanente, y agradecer lo que se ha hecho.<\/p>\n<p data-start=\"1196\" data-end=\"1618\">Es preciso eliminar ciertas actitudes persistentes que quieren convertir nuestra cultura de vida en una \u201ccultura de muerte\u201d, que conduce por un plano inclinado que lleva a la ruina moral. Por ejemplo: hay que rechazar la costumbre del aborto provocado; eliminar el rechazo a la vida producido por anticonceptivos; eliminar la droga; el recurso al terror; dar una vida digna a los inh\u00e1biles; combatir la pornograf\u00eda; etc.<\/p>\n<p data-start=\"1624\" data-end=\"1734\">A medida que avanza el error, nos hacemos tristes e infelices. Y la alegr\u00eda es necesaria para hacer el bien.<\/p>\n<p data-start=\"1740\" data-end=\"1880\">Sea cual sea nuestra edad, necesitamos educarnos. Por ejemplo, es imprescindible aprender a hacer el bien en cualquier momento de la vida.<\/p>\n<p data-start=\"1886\" data-end=\"2052\">La educaci\u00f3n siempre es hacia el bien y trae consigo la felicidad. Todos necesitamos una educaci\u00f3n que nos lleve a saber morir, siendo felic\u00edsimos en esos momentos.<\/p>\n<p data-start=\"2058\" data-end=\"2279\">\u201cNadie es feliz, en la tierra, hasta que se decide a no serlo. As\u00ed discurre el camino: dolor, \u00a1en cristiano! Cruz. Voluntad de Dios, Amor; felicidad aqu\u00ed y, despu\u00e9s, eternamente\u201d (san Josemar\u00eda Escriv\u00e1, <em data-start=\"2261\" data-end=\"2268\">Surco<\/em>, n. 52).<\/p>\n<p data-start=\"2285\" data-end=\"2596\">Esto se puede hacer si tenemos una esperanza a toda prueba. La esperanza y la valent\u00eda van de la mano. Con la esperanza \u2014pase lo que pase\u2014 iremos siempre hacia arriba y lograremos nuestros prop\u00f3sitos. Por ello, siempre hemos de amar la verdad, que nos servir\u00e1 de faro para alcanzar nuestros buenos prop\u00f3sitos.<\/p>\n","protected":false},"excerpt":{"rendered":"<p>La educaci\u00f3n es un camino hacia el bien y la felicidad. En M\u00e9xico, reflexionar sobre c\u00f3mo se forman las nuevas generaciones es clave para construir una sociedad m\u00e1s justa y con valores permanentes. Todos nos hemos preguntado: \u00bfA d\u00f3nde va el pa\u00eds? \u00bfA d\u00f3nde conducir\u00e1 la educaci\u00f3n que se imparte en los colegios y universidades? [&hellip;]<\/p>\n","protected":false},"author":7,"featured_media":3515,"comment_status":"open","ping_status":"closed","sticky":false,"template":"","format":"standard","meta":{"footnotes":""},"categories":[14,24],"tags":[4550,1559,4551,4549,4409],"class_list":["post-3514","post","type-post","status-publish","format-standard","has-post-thumbnail","hentry","category-columnas","category-gabriel-martinez-navarrete","tag-actitud","tag-columna","tag-gabriel-martinez","tag-recomenzar-siempre","tag-somos-hermanos"],"yoast_head":"<!-- This site is optimized with the Yoast SEO plugin v27.5 - https:\/\/yoast.com\/product\/yoast-seo-wordpress\/ -->\n<title>Recomenzar\u202fsiempre\u202fla\u202factitud\u202fprofunda de\u202feducar (2 de 3)\u202f - Historias que inspiran...<\/title>\n<meta name=\"description\" content=\"La educaci\u00f3n es un camino hacia el bien y la felicidad. En M\u00e9xico, reflexionar sobre c\u00f3mo se forman las nuevas generaciones es clave\" \/>\n<meta name=\"robots\" content=\"index, follow, max-snippet:-1, max-image-preview:large, max-video-preview:-1\" \/>\n<link rel=\"canonical\" href=\"https:\/\/somos-hermanos.mx\/index.php\/2026\/04\/28\/recomenzar-siempre-la-actitud-profunda-de-educar-2-de-3\/\" \/>\n<meta property=\"og:locale\" content=\"es_MX\" \/>\n<meta property=\"og:type\" content=\"article\" \/>\n<meta property=\"og:title\" content=\"Recomenzar\u202fsiempre\u202fla\u202factitud\u202fprofunda de\u202feducar (2 de 3)\u202f - Historias que inspiran...\" \/>\n<meta property=\"og:description\" content=\"La educaci\u00f3n es un camino hacia el bien y la felicidad. En M\u00e9xico, reflexionar sobre c\u00f3mo se forman las nuevas generaciones es clave\" \/>\n<meta property=\"og:url\" content=\"https:\/\/somos-hermanos.mx\/index.php\/2026\/04\/28\/recomenzar-siempre-la-actitud-profunda-de-educar-2-de-3\/\" \/>\n<meta property=\"og:site_name\" content=\"Historias que inspiran...\" \/>\n<meta property=\"article:publisher\" content=\"https:\/\/www.facebook.com\/SomosHermanosIAP\/\" \/>\n<meta property=\"article:published_time\" content=\"2026-04-29T00:11:33+00:00\" \/>\n<meta property=\"article:modified_time\" content=\"2026-04-29T00:20:11+00:00\" \/>\n<meta property=\"og:image\" content=\"https:\/\/somos-hermanos.mx\/wp-content\/uploads\/2026\/04\/actitud-profunda-de-educar.jpg\" \/>\n\t<meta property=\"og:image:width\" content=\"1200\" \/>\n\t<meta property=\"og:image:height\" content=\"630\" \/>\n\t<meta property=\"og:image:type\" content=\"image\/jpeg\" \/>\n<meta name=\"author\" content=\"Gabriel Mart\u00ednez Navarrete\" \/>\n<meta name=\"twitter:card\" content=\"summary_large_image\" \/>\n<meta name=\"twitter:creator\" content=\"@Somos__Hermanos\" \/>\n<meta name=\"twitter:site\" content=\"@Somos__Hermanos\" \/>\n<meta name=\"twitter:label1\" content=\"Escrito por\" \/>\n\t<meta name=\"twitter:data1\" content=\"Gabriel Mart\u00ednez Navarrete\" \/>\n\t<meta name=\"twitter:label2\" content=\"Tiempo de lectura\" \/>\n\t<meta name=\"twitter:data2\" content=\"3 minutos\" \/>\n<script type=\"application\/ld+json\" class=\"yoast-schema-graph\">{\"@context\":\"https:\\\/\\\/schema.org\",\"@graph\":[{\"@type\":\"Article\",\"@id\":\"https:\\\/\\\/somos-hermanos.mx\\\/index.php\\\/2026\\\/04\\\/28\\\/recomenzar-siempre-la-actitud-profunda-de-educar-2-de-3\\\/#article\",\"isPartOf\":{\"@id\":\"https:\\\/\\\/somos-hermanos.mx\\\/index.php\\\/2026\\\/04\\\/28\\\/recomenzar-siempre-la-actitud-profunda-de-educar-2-de-3\\\/\"},\"author\":{\"name\":\"Gabriel Mart\u00ednez Navarrete\",\"@id\":\"https:\\\/\\\/somos-hermanos.mx\\\/#\\\/schema\\\/person\\\/44f957c5358a517057be2865328aafa1\"},\"headline\":\"Recomenzar\u202fsiempre\u202fla\u202factitud\u202fprofunda de\u202feducar (2 de 3)\u202f\",\"datePublished\":\"2026-04-29T00:11:33+00:00\",\"dateModified\":\"2026-04-29T00:20:11+00:00\",\"mainEntityOfPage\":{\"@id\":\"https:\\\/\\\/somos-hermanos.mx\\\/index.php\\\/2026\\\/04\\\/28\\\/recomenzar-siempre-la-actitud-profunda-de-educar-2-de-3\\\/\"},\"wordCount\":442,\"commentCount\":0,\"publisher\":{\"@id\":\"https:\\\/\\\/somos-hermanos.mx\\\/#organization\"},\"image\":{\"@id\":\"https:\\\/\\\/somos-hermanos.mx\\\/index.php\\\/2026\\\/04\\\/28\\\/recomenzar-siempre-la-actitud-profunda-de-educar-2-de-3\\\/#primaryimage\"},\"thumbnailUrl\":\"https:\\\/\\\/somos-hermanos.mx\\\/wp-content\\\/uploads\\\/2026\\\/04\\\/actitud-profunda-de-educar.jpg\",\"keywords\":[\"ACTITUD\",\"Columna\",\"GABRIEL MARTINEZ\",\"Recomenzar\u202fsiempre\",\"Somos Hermanos\"],\"articleSection\":[\"Columnas\",\"Gabriel Mart\u00ednez Navarrete\"],\"inLanguage\":\"es\",\"potentialAction\":[{\"@type\":\"CommentAction\",\"name\":\"Comment\",\"target\":[\"https:\\\/\\\/somos-hermanos.mx\\\/index.php\\\/2026\\\/04\\\/28\\\/recomenzar-siempre-la-actitud-profunda-de-educar-2-de-3\\\/#respond\"]}]},{\"@type\":\"WebPage\",\"@id\":\"https:\\\/\\\/somos-hermanos.mx\\\/index.php\\\/2026\\\/04\\\/28\\\/recomenzar-siempre-la-actitud-profunda-de-educar-2-de-3\\\/\",\"url\":\"https:\\\/\\\/somos-hermanos.mx\\\/index.php\\\/2026\\\/04\\\/28\\\/recomenzar-siempre-la-actitud-profunda-de-educar-2-de-3\\\/\",\"name\":\"Recomenzar\u202fsiempre\u202fla\u202factitud\u202fprofunda de\u202feducar (2 de 3)\u202f - Historias que inspiran...\",\"isPartOf\":{\"@id\":\"https:\\\/\\\/somos-hermanos.mx\\\/#website\"},\"primaryImageOfPage\":{\"@id\":\"https:\\\/\\\/somos-hermanos.mx\\\/index.php\\\/2026\\\/04\\\/28\\\/recomenzar-siempre-la-actitud-profunda-de-educar-2-de-3\\\/#primaryimage\"},\"image\":{\"@id\":\"https:\\\/\\\/somos-hermanos.mx\\\/index.php\\\/2026\\\/04\\\/28\\\/recomenzar-siempre-la-actitud-profunda-de-educar-2-de-3\\\/#primaryimage\"},\"thumbnailUrl\":\"https:\\\/\\\/somos-hermanos.mx\\\/wp-content\\\/uploads\\\/2026\\\/04\\\/actitud-profunda-de-educar.jpg\",\"datePublished\":\"2026-04-29T00:11:33+00:00\",\"dateModified\":\"2026-04-29T00:20:11+00:00\",\"description\":\"La educaci\u00f3n es un camino hacia el bien y la felicidad. En M\u00e9xico, reflexionar sobre c\u00f3mo se forman las nuevas generaciones es clave\",\"breadcrumb\":{\"@id\":\"https:\\\/\\\/somos-hermanos.mx\\\/index.php\\\/2026\\\/04\\\/28\\\/recomenzar-siempre-la-actitud-profunda-de-educar-2-de-3\\\/#breadcrumb\"},\"inLanguage\":\"es\",\"potentialAction\":[{\"@type\":\"ReadAction\",\"target\":[\"https:\\\/\\\/somos-hermanos.mx\\\/index.php\\\/2026\\\/04\\\/28\\\/recomenzar-siempre-la-actitud-profunda-de-educar-2-de-3\\\/\"]}]},{\"@type\":\"ImageObject\",\"inLanguage\":\"es\",\"@id\":\"https:\\\/\\\/somos-hermanos.mx\\\/index.php\\\/2026\\\/04\\\/28\\\/recomenzar-siempre-la-actitud-profunda-de-educar-2-de-3\\\/#primaryimage\",\"url\":\"https:\\\/\\\/somos-hermanos.mx\\\/wp-content\\\/uploads\\\/2026\\\/04\\\/actitud-profunda-de-educar.jpg\",\"contentUrl\":\"https:\\\/\\\/somos-hermanos.mx\\\/wp-content\\\/uploads\\\/2026\\\/04\\\/actitud-profunda-de-educar.jpg\",\"width\":1200,\"height\":630,\"caption\":\"actitud\u202fprofunda de\u202feducar\"},{\"@type\":\"BreadcrumbList\",\"@id\":\"https:\\\/\\\/somos-hermanos.mx\\\/index.php\\\/2026\\\/04\\\/28\\\/recomenzar-siempre-la-actitud-profunda-de-educar-2-de-3\\\/#breadcrumb\",\"itemListElement\":[{\"@type\":\"ListItem\",\"position\":1,\"name\":\"Inicio\",\"item\":\"https:\\\/\\\/somos-hermanos.mx\\\/\"},{\"@type\":\"ListItem\",\"position\":2,\"name\":\"Recomenzar\u202fsiempre\u202fla\u202factitud\u202fprofunda de\u202feducar (2 de 3)\u202f\"}]},{\"@type\":\"WebSite\",\"@id\":\"https:\\\/\\\/somos-hermanos.mx\\\/#website\",\"url\":\"https:\\\/\\\/somos-hermanos.mx\\\/\",\"name\":\"Historias que inspiran...\",\"description\":\"Somos la voz del altruismo en M\u00e9xico\",\"publisher\":{\"@id\":\"https:\\\/\\\/somos-hermanos.mx\\\/#organization\"},\"potentialAction\":[{\"@type\":\"SearchAction\",\"target\":{\"@type\":\"EntryPoint\",\"urlTemplate\":\"https:\\\/\\\/somos-hermanos.mx\\\/?s={search_term_string}\"},\"query-input\":{\"@type\":\"PropertyValueSpecification\",\"valueRequired\":true,\"valueName\":\"search_term_string\"}}],\"inLanguage\":\"es\"},{\"@type\":\"Organization\",\"@id\":\"https:\\\/\\\/somos-hermanos.mx\\\/#organization\",\"name\":\"Somos Hermanos\",\"url\":\"https:\\\/\\\/somos-hermanos.mx\\\/\",\"logo\":{\"@type\":\"ImageObject\",\"inLanguage\":\"es\",\"@id\":\"https:\\\/\\\/somos-hermanos.mx\\\/#\\\/schema\\\/logo\\\/image\\\/\",\"url\":\"https:\\\/\\\/somos-hermanos.mx\\\/wp-content\\\/uploads\\\/2025\\\/08\\\/SH30-1.jpeg\",\"contentUrl\":\"https:\\\/\\\/somos-hermanos.mx\\\/wp-content\\\/uploads\\\/2025\\\/08\\\/SH30-1.jpeg\",\"width\":1600,\"height\":1142,\"caption\":\"Somos Hermanos\"},\"image\":{\"@id\":\"https:\\\/\\\/somos-hermanos.mx\\\/#\\\/schema\\\/logo\\\/image\\\/\"},\"sameAs\":[\"https:\\\/\\\/www.facebook.com\\\/SomosHermanosIAP\\\/\",\"https:\\\/\\\/x.com\\\/Somos__Hermanos\",\"https:\\\/\\\/www.instagram.com\\\/somos__hermanos\\\/#\",\"https:\\\/\\\/www.tiktok.com\\\/@somoshermanosiap\",\"https:\\\/\\\/www.youtube.com\\\/@somoshermanosiap1201\\\/videos\"]},{\"@type\":\"Person\",\"@id\":\"https:\\\/\\\/somos-hermanos.mx\\\/#\\\/schema\\\/person\\\/44f957c5358a517057be2865328aafa1\",\"name\":\"Gabriel Mart\u00ednez Navarrete\",\"image\":{\"@type\":\"ImageObject\",\"inLanguage\":\"es\",\"@id\":\"https:\\\/\\\/secure.gravatar.com\\\/avatar\\\/1566a69e29b83b6a8cea93c853aac1e42bcc49d57e43801948d25b3bd2c4404c?s=96&d=mm&r=g\",\"url\":\"https:\\\/\\\/secure.gravatar.com\\\/avatar\\\/1566a69e29b83b6a8cea93c853aac1e42bcc49d57e43801948d25b3bd2c4404c?s=96&d=mm&r=g\",\"contentUrl\":\"https:\\\/\\\/secure.gravatar.com\\\/avatar\\\/1566a69e29b83b6a8cea93c853aac1e42bcc49d57e43801948d25b3bd2c4404c?s=96&d=mm&r=g\",\"caption\":\"Gabriel Mart\u00ednez Navarrete\"},\"url\":\"https:\\\/\\\/somos-hermanos.mx\\\/index.php\\\/author\\\/gabriel-garcia-navarrete\\\/\"}]}<\/script>\n<!-- \/ Yoast SEO plugin. -->","yoast_head_json":{"title":"Recomenzar\u202fsiempre\u202fla\u202factitud\u202fprofunda de\u202feducar (2 de 3)\u202f - Historias que inspiran...","description":"La educaci\u00f3n es un camino hacia el bien y la felicidad. En M\u00e9xico, reflexionar sobre c\u00f3mo se forman las nuevas generaciones es clave","robots":{"index":"index","follow":"follow","max-snippet":"max-snippet:-1","max-image-preview":"max-image-preview:large","max-video-preview":"max-video-preview:-1"},"canonical":"https:\/\/somos-hermanos.mx\/index.php\/2026\/04\/28\/recomenzar-siempre-la-actitud-profunda-de-educar-2-de-3\/","og_locale":"es_MX","og_type":"article","og_title":"Recomenzar\u202fsiempre\u202fla\u202factitud\u202fprofunda de\u202feducar (2 de 3)\u202f - Historias que inspiran...","og_description":"La educaci\u00f3n es un camino hacia el bien y la felicidad. En M\u00e9xico, reflexionar sobre c\u00f3mo se forman las nuevas generaciones es clave","og_url":"https:\/\/somos-hermanos.mx\/index.php\/2026\/04\/28\/recomenzar-siempre-la-actitud-profunda-de-educar-2-de-3\/","og_site_name":"Historias que inspiran...","article_publisher":"https:\/\/www.facebook.com\/SomosHermanosIAP\/","article_published_time":"2026-04-29T00:11:33+00:00","article_modified_time":"2026-04-29T00:20:11+00:00","og_image":[{"width":1200,"height":630,"url":"https:\/\/somos-hermanos.mx\/wp-content\/uploads\/2026\/04\/actitud-profunda-de-educar.jpg","type":"image\/jpeg"}],"author":"Gabriel Mart\u00ednez Navarrete","twitter_card":"summary_large_image","twitter_creator":"@Somos__Hermanos","twitter_site":"@Somos__Hermanos","twitter_misc":{"Escrito por":"Gabriel Mart\u00ednez Navarrete","Tiempo de lectura":"3 minutos"},"schema":{"@context":"https:\/\/schema.org","@graph":[{"@type":"Article","@id":"https:\/\/somos-hermanos.mx\/index.php\/2026\/04\/28\/recomenzar-siempre-la-actitud-profunda-de-educar-2-de-3\/#article","isPartOf":{"@id":"https:\/\/somos-hermanos.mx\/index.php\/2026\/04\/28\/recomenzar-siempre-la-actitud-profunda-de-educar-2-de-3\/"},"author":{"name":"Gabriel Mart\u00ednez Navarrete","@id":"https:\/\/somos-hermanos.mx\/#\/schema\/person\/44f957c5358a517057be2865328aafa1"},"headline":"Recomenzar\u202fsiempre\u202fla\u202factitud\u202fprofunda de\u202feducar (2 de 3)\u202f","datePublished":"2026-04-29T00:11:33+00:00","dateModified":"2026-04-29T00:20:11+00:00","mainEntityOfPage":{"@id":"https:\/\/somos-hermanos.mx\/index.php\/2026\/04\/28\/recomenzar-siempre-la-actitud-profunda-de-educar-2-de-3\/"},"wordCount":442,"commentCount":0,"publisher":{"@id":"https:\/\/somos-hermanos.mx\/#organization"},"image":{"@id":"https:\/\/somos-hermanos.mx\/index.php\/2026\/04\/28\/recomenzar-siempre-la-actitud-profunda-de-educar-2-de-3\/#primaryimage"},"thumbnailUrl":"https:\/\/somos-hermanos.mx\/wp-content\/uploads\/2026\/04\/actitud-profunda-de-educar.jpg","keywords":["ACTITUD","Columna","GABRIEL MARTINEZ","Recomenzar\u202fsiempre","Somos Hermanos"],"articleSection":["Columnas","Gabriel Mart\u00ednez Navarrete"],"inLanguage":"es","potentialAction":[{"@type":"CommentAction","name":"Comment","target":["https:\/\/somos-hermanos.mx\/index.php\/2026\/04\/28\/recomenzar-siempre-la-actitud-profunda-de-educar-2-de-3\/#respond"]}]},{"@type":"WebPage","@id":"https:\/\/somos-hermanos.mx\/index.php\/2026\/04\/28\/recomenzar-siempre-la-actitud-profunda-de-educar-2-de-3\/","url":"https:\/\/somos-hermanos.mx\/index.php\/2026\/04\/28\/recomenzar-siempre-la-actitud-profunda-de-educar-2-de-3\/","name":"Recomenzar\u202fsiempre\u202fla\u202factitud\u202fprofunda de\u202feducar (2 de 3)\u202f - Historias que inspiran...","isPartOf":{"@id":"https:\/\/somos-hermanos.mx\/#website"},"primaryImageOfPage":{"@id":"https:\/\/somos-hermanos.mx\/index.php\/2026\/04\/28\/recomenzar-siempre-la-actitud-profunda-de-educar-2-de-3\/#primaryimage"},"image":{"@id":"https:\/\/somos-hermanos.mx\/index.php\/2026\/04\/28\/recomenzar-siempre-la-actitud-profunda-de-educar-2-de-3\/#primaryimage"},"thumbnailUrl":"https:\/\/somos-hermanos.mx\/wp-content\/uploads\/2026\/04\/actitud-profunda-de-educar.jpg","datePublished":"2026-04-29T00:11:33+00:00","dateModified":"2026-04-29T00:20:11+00:00","description":"La educaci\u00f3n es un camino hacia el bien y la felicidad. En M\u00e9xico, reflexionar sobre c\u00f3mo se forman las nuevas generaciones es clave","breadcrumb":{"@id":"https:\/\/somos-hermanos.mx\/index.php\/2026\/04\/28\/recomenzar-siempre-la-actitud-profunda-de-educar-2-de-3\/#breadcrumb"},"inLanguage":"es","potentialAction":[{"@type":"ReadAction","target":["https:\/\/somos-hermanos.mx\/index.php\/2026\/04\/28\/recomenzar-siempre-la-actitud-profunda-de-educar-2-de-3\/"]}]},{"@type":"ImageObject","inLanguage":"es","@id":"https:\/\/somos-hermanos.mx\/index.php\/2026\/04\/28\/recomenzar-siempre-la-actitud-profunda-de-educar-2-de-3\/#primaryimage","url":"https:\/\/somos-hermanos.mx\/wp-content\/uploads\/2026\/04\/actitud-profunda-de-educar.jpg","contentUrl":"https:\/\/somos-hermanos.mx\/wp-content\/uploads\/2026\/04\/actitud-profunda-de-educar.jpg","width":1200,"height":630,"caption":"actitud\u202fprofunda de\u202feducar"},{"@type":"BreadcrumbList","@id":"https:\/\/somos-hermanos.mx\/index.php\/2026\/04\/28\/recomenzar-siempre-la-actitud-profunda-de-educar-2-de-3\/#breadcrumb","itemListElement":[{"@type":"ListItem","position":1,"name":"Inicio","item":"https:\/\/somos-hermanos.mx\/"},{"@type":"ListItem","position":2,"name":"Recomenzar\u202fsiempre\u202fla\u202factitud\u202fprofunda de\u202feducar (2 de 3)\u202f"}]},{"@type":"WebSite","@id":"https:\/\/somos-hermanos.mx\/#website","url":"https:\/\/somos-hermanos.mx\/","name":"Historias que inspiran...","description":"Somos la voz del altruismo en M\u00e9xico","publisher":{"@id":"https:\/\/somos-hermanos.mx\/#organization"},"potentialAction":[{"@type":"SearchAction","target":{"@type":"EntryPoint","urlTemplate":"https:\/\/somos-hermanos.mx\/?s={search_term_string}"},"query-input":{"@type":"PropertyValueSpecification","valueRequired":true,"valueName":"search_term_string"}}],"inLanguage":"es"},{"@type":"Organization","@id":"https:\/\/somos-hermanos.mx\/#organization","name":"Somos Hermanos","url":"https:\/\/somos-hermanos.mx\/","logo":{"@type":"ImageObject","inLanguage":"es","@id":"https:\/\/somos-hermanos.mx\/#\/schema\/logo\/image\/","url":"https:\/\/somos-hermanos.mx\/wp-content\/uploads\/2025\/08\/SH30-1.jpeg","contentUrl":"https:\/\/somos-hermanos.mx\/wp-content\/uploads\/2025\/08\/SH30-1.jpeg","width":1600,"height":1142,"caption":"Somos Hermanos"},"image":{"@id":"https:\/\/somos-hermanos.mx\/#\/schema\/logo\/image\/"},"sameAs":["https:\/\/www.facebook.com\/SomosHermanosIAP\/","https:\/\/x.com\/Somos__Hermanos","https:\/\/www.instagram.com\/somos__hermanos\/#","https:\/\/www.tiktok.com\/@somoshermanosiap","https:\/\/www.youtube.com\/@somoshermanosiap1201\/videos"]},{"@type":"Person","@id":"https:\/\/somos-hermanos.mx\/#\/schema\/person\/44f957c5358a517057be2865328aafa1","name":"Gabriel Mart\u00ednez Navarrete","image":{"@type":"ImageObject","inLanguage":"es","@id":"https:\/\/secure.gravatar.com\/avatar\/1566a69e29b83b6a8cea93c853aac1e42bcc49d57e43801948d25b3bd2c4404c?s=96&d=mm&r=g","url":"https:\/\/secure.gravatar.com\/avatar\/1566a69e29b83b6a8cea93c853aac1e42bcc49d57e43801948d25b3bd2c4404c?s=96&d=mm&r=g","contentUrl":"https:\/\/secure.gravatar.com\/avatar\/1566a69e29b83b6a8cea93c853aac1e42bcc49d57e43801948d25b3bd2c4404c?s=96&d=mm&r=g","caption":"Gabriel Mart\u00ednez Navarrete"},"url":"https:\/\/somos-hermanos.mx\/index.php\/author\/gabriel-garcia-navarrete\/"}]}},"_links":{"self":[{"href":"https:\/\/somos-hermanos.mx\/index.php\/wp-json\/wp\/v2\/posts\/3514","targetHints":{"allow":["GET"]}}],"collection":[{"href":"https:\/\/somos-hermanos.mx\/index.php\/wp-json\/wp\/v2\/posts"}],"about":[{"href":"https:\/\/somos-hermanos.mx\/index.php\/wp-json\/wp\/v2\/types\/post"}],"author":[{"embeddable":true,"href":"https:\/\/somos-hermanos.mx\/index.php\/wp-json\/wp\/v2\/users\/7"}],"replies":[{"embeddable":true,"href":"https:\/\/somos-hermanos.mx\/index.php\/wp-json\/wp\/v2\/comments?post=3514"}],"version-history":[{"count":2,"href":"https:\/\/somos-hermanos.mx\/index.php\/wp-json\/wp\/v2\/posts\/3514\/revisions"}],"predecessor-version":[{"id":3517,"href":"https:\/\/somos-hermanos.mx\/index.php\/wp-json\/wp\/v2\/posts\/3514\/revisions\/3517"}],"wp:featuredmedia":[{"embeddable":true,"href":"https:\/\/somos-hermanos.mx\/index.php\/wp-json\/wp\/v2\/media\/3515"}],"wp:attachment":[{"href":"https:\/\/somos-hermanos.mx\/index.php\/wp-json\/wp\/v2\/media?parent=3514"}],"wp:term":[{"taxonomy":"category","embeddable":true,"href":"https:\/\/somos-hermanos.mx\/index.php\/wp-json\/wp\/v2\/categories?post=3514"},{"taxonomy":"post_tag","embeddable":true,"href":"https:\/\/somos-hermanos.mx\/index.php\/wp-json\/wp\/v2\/tags?post=3514"}],"curies":[{"name":"wp","href":"https:\/\/api.w.org\/{rel}","templated":true}]}}