{"id":3511,"date":"2026-04-28T17:51:25","date_gmt":"2026-04-28T23:51:25","guid":{"rendered":"https:\/\/somos-hermanos.mx\/?p=3511"},"modified":"2026-04-28T17:51:25","modified_gmt":"2026-04-28T23:51:25","slug":"infancia-que-crea-el-derecho-a-expresarse-tambien-se-dibuja","status":"publish","type":"post","link":"https:\/\/somos-hermanos.mx\/index.php\/2026\/04\/28\/infancia-que-crea-el-derecho-a-expresarse-tambien-se-dibuja\/","title":{"rendered":"Infancia que crea: el derecho a expresarse tambi\u00e9n se dibuja"},"content":{"rendered":"<h4><span class=\"TextRun SCXW71578829 BCX0\" lang=\"ES-419\" xml:lang=\"ES-419\" data-contrast=\"auto\"><span class=\"NormalTextRun SCXW71578829 BCX0\">Conoce el papel de organizaciones en M\u00e9xico que promueven el derecho de ni\u00f1as y ni\u00f1os a la expresi\u00f3n visual como parte de sus derechos culturales.<\/span><\/span><span class=\"EOP SCXW71578829 BCX0\" data-ccp-props=\"{&quot;201341983&quot;:0,&quot;335551550&quot;:6,&quot;335551620&quot;:6,&quot;335559738&quot;:240,&quot;335559739&quot;:240,&quot;335559740&quot;:360}\">\u00a0<\/span><\/h4>\n<p aria-level=\"2\"><b><span data-contrast=\"auto\">Expresar tambi\u00e9n es un derecho<\/span><\/b><span data-ccp-props=\"{&quot;134245418&quot;:false,&quot;134245529&quot;:false,&quot;201341983&quot;:0,&quot;335551550&quot;:6,&quot;335551620&quot;:6,&quot;335559738&quot;:360,&quot;335559739&quot;:80,&quot;335559740&quot;:360}\">\u00a0<\/span><\/p>\n<p><span data-contrast=\"auto\">Hablar de la infancia es hablar de derechos, pero no todos son tan visibles como el acceso a la educaci\u00f3n o a la salud. Hay uno que muchas veces se subestima, pero que es igual de importante: el derecho a expresarse. Y no solo con palabras, sino tambi\u00e9n a trav\u00e9s de colores, formas, im\u00e1genes y creatividad. En este sentido, la expresi\u00f3n visual se convierte en una forma leg\u00edtima de comunicaci\u00f3n, especialmente en etapas donde el lenguaje a\u00fan est\u00e1 en construcci\u00f3n o donde las emociones encuentran otros caminos para manifestarse.<\/span><span data-ccp-props=\"{&quot;201341983&quot;:0,&quot;335551550&quot;:6,&quot;335551620&quot;:6,&quot;335559738&quot;:240,&quot;335559739&quot;:240,&quot;335559740&quot;:360}\">\u00a0<\/span><\/p>\n<p><span data-contrast=\"auto\">De acuerdo con organismos como UNICEF, ni\u00f1as y ni\u00f1os tienen derecho a expresar sus ideas, opiniones y emociones libremente, as\u00ed como a participar en la vida cultural y art\u00edstica. Este derecho no solo implica ser escuchados, sino tambi\u00e9n contar con espacios donde puedan desarrollar su creatividad y construir su propia voz. Expresarse no es un complemento del desarrollo, es parte de \u00e9l. A trav\u00e9s del arte, la infancia no solo comunica, tambi\u00e9n interpreta su entorno, construye identidad y comienza a cuestionar el mundo que la rodea.<\/span><span data-ccp-props=\"{&quot;201341983&quot;:0,&quot;335551550&quot;:6,&quot;335551620&quot;:6,&quot;335559738&quot;:240,&quot;335559739&quot;:240,&quot;335559740&quot;:360}\">\u00a0<\/span><\/p>\n<p aria-level=\"2\"><b><span data-contrast=\"auto\">Cuando crear tambi\u00e9n es participar<\/span><\/b><span data-ccp-props=\"{&quot;134245418&quot;:false,&quot;134245529&quot;:false,&quot;201341983&quot;:0,&quot;335551550&quot;:6,&quot;335551620&quot;:6,&quot;335559738&quot;:360,&quot;335559739&quot;:80,&quot;335559740&quot;:360}\">\u00a0<\/span><\/p>\n<p><span data-contrast=\"auto\">En M\u00e9xico, diversas organizaciones de la sociedad civil han entendido que el arte no es solo una actividad recreativa, sino una herramienta para garantizar derechos. Espacios como La Nana, F\u00e1brica de Creaci\u00f3n e Innovaci\u00f3n trabajan con ni\u00f1as y ni\u00f1os a trav\u00e9s de medios como la fotograf\u00eda, el cine y las artes visuales, permiti\u00e9ndoles contar sus propias historias desde su propia mirada. No se trata \u00fanicamente de ense\u00f1ar t\u00e9cnicas, sino de abrir espacios donde puedan imaginar, experimentar y expresarse sin restricciones.<\/span><span data-ccp-props=\"{&quot;201341983&quot;:0,&quot;335551550&quot;:6,&quot;335551620&quot;:6,&quot;335559738&quot;:240,&quot;335559739&quot;:240,&quot;335559740&quot;:360}\">\u00a0<\/span><\/p>\n<p><span data-contrast=\"auto\">De manera similar, La Matatena Asociaci\u00f3n de Cine para Ni\u00f1as y Ni\u00f1os impulsa la alfabetizaci\u00f3n audiovisual desde la infancia, reconociendo a ni\u00f1as y ni\u00f1os como creadores activos. A trav\u00e9s del cine, no solo consumen contenido, sino que aprenden a narrar su\u00a0realidad, a construir relatos y a compartir su visi\u00f3n del mundo, fortaleciendo as\u00ed su capacidad de comunicaci\u00f3n y participaci\u00f3n.<\/span><span data-ccp-props=\"{&quot;201341983&quot;:0,&quot;335551550&quot;:6,&quot;335551620&quot;:6,&quot;335559738&quot;:240,&quot;335559739&quot;:240,&quot;335559740&quot;:360}\">\u00a0<\/span><\/p>\n<p aria-level=\"2\"><b><span data-contrast=\"auto\">Arte que conecta con comunidad<\/span><\/b><span data-ccp-props=\"{&quot;134245418&quot;:false,&quot;134245529&quot;:false,&quot;201341983&quot;:0,&quot;335551550&quot;:6,&quot;335551620&quot;:6,&quot;335559738&quot;:360,&quot;335559739&quot;:80,&quot;335559740&quot;:360}\">\u00a0<\/span><\/p>\n<p><span data-contrast=\"auto\">Otras iniciativas llevan estas oportunidades a contextos donde el acceso a la cultura suele ser limitado. Fundaci\u00f3n Casa\u00a0Wabi\u00a0desarrolla talleres en comunidades, acercando el arte contempor\u00e1neo a ni\u00f1as y ni\u00f1os en zonas rurales, mientras que Circo Volador y Arte en Comunidad utilizan la creatividad como una herramienta de inclusi\u00f3n, fortaleciendo el sentido de pertenencia y la participaci\u00f3n. En esta misma l\u00ednea, Alas y Ra\u00edces promueve el acceso a actividades culturales en todo el pa\u00eds, reconociendo que el arte y la cultura tambi\u00e9n forman parte de los derechos de la infancia.<\/span><span data-ccp-props=\"{&quot;201341983&quot;:0,&quot;335551550&quot;:6,&quot;335551620&quot;:6,&quot;335559738&quot;:240,&quot;335559739&quot;:240,&quot;335559740&quot;:360}\">\u00a0<\/span><\/p>\n<p aria-level=\"2\"><b><span data-contrast=\"auto\">M\u00e1s all\u00e1 del arte<\/span><\/b><span data-ccp-props=\"{&quot;134245418&quot;:false,&quot;134245529&quot;:false,&quot;201341983&quot;:0,&quot;335551550&quot;:6,&quot;335551620&quot;:6,&quot;335559738&quot;:360,&quot;335559739&quot;:80,&quot;335559740&quot;:360}\">\u00a0<\/span><\/p>\n<p><span data-contrast=\"auto\">El derecho a expresarse tambi\u00e9n est\u00e1 profundamente ligado a la identidad, la cultura y la libertad de pensamiento. En un pa\u00eds tan diverso como M\u00e9xico, esto implica que ni\u00f1as y ni\u00f1os puedan comunicarse desde sus propios contextos, lenguas y formas de ver el mundo. La expresi\u00f3n visual permite justamente eso: traducir experiencias, emociones e ideas que muchas veces no encuentran espacio en otros formatos.<\/span><span data-ccp-props=\"{&quot;201341983&quot;:0,&quot;335551550&quot;:6,&quot;335551620&quot;:6,&quot;335559738&quot;:240,&quot;335559739&quot;:240,&quot;335559740&quot;:360}\">\u00a0<\/span><\/p>\n<p aria-level=\"2\"><b><span data-contrast=\"auto\">Una infancia que no solo\u00a0aprende,\u00a0tambi\u00e9n crea<\/span><\/b><span data-ccp-props=\"{&quot;134245418&quot;:false,&quot;134245529&quot;:false,&quot;201341983&quot;:0,&quot;335551550&quot;:6,&quot;335551620&quot;:6,&quot;335559738&quot;:360,&quot;335559739&quot;:80,&quot;335559740&quot;:360}\">\u00a0<\/span><\/p>\n<p><span data-contrast=\"auto\">Promover la expresi\u00f3n visual en la infancia no es un lujo ni una actividad secundaria, es una forma de garantizar derechos. Es permitir que ni\u00f1as y ni\u00f1os no solo reciban informaci\u00f3n, sino que tambi\u00e9n la transformen, la cuestionen y la compartan. Porque cuando una ni\u00f1a dibuja, cuando un ni\u00f1o crea una historia o cuando experimentan con el arte, no solo est\u00e1n jugando, est\u00e1n ejerciendo su derecho a existir, a participar y a ser escuchados.<\/span><span data-ccp-props=\"{&quot;201341983&quot;:0,&quot;335551550&quot;:6,&quot;335551620&quot;:6,&quot;335559738&quot;:240,&quot;335559739&quot;:240,&quot;335559740&quot;:360}\">\u00a0<\/span><\/p>\n<p><span data-contrast=\"auto\">Y en ese proceso, las organizaciones de la sociedad civil contin\u00faan siendo un puente fundamental, acercando herramientas, espacios y oportunidades para que la infancia no solo sea vista, sino tambi\u00e9n escuchada\u2026 incluso cuando lo hace a trav\u00e9s de una imagen.<\/span><span data-ccp-props=\"{&quot;201341983&quot;:0,&quot;335551550&quot;:6,&quot;335551620&quot;:6,&quot;335559738&quot;:240,&quot;335559739&quot;:240,&quot;335559740&quot;:360}\">\u00a0<\/span><\/p>\n<p><img decoding=\"async\" class=\"aligncenter\" src=\"https:\/\/encrypted-tbn0.gstatic.com\/images?q=tbn:ANd9GcQfsdMn9yYvTY3Hlnm4hRze4RHS-4_u0IFFdg&amp;s\" \/><\/p>\n","protected":false},"excerpt":{"rendered":"<p>Conoce el papel de organizaciones en M\u00e9xico que promueven el derecho de ni\u00f1as y ni\u00f1os a la expresi\u00f3n visual como parte de sus derechos culturales.\u00a0 Expresar tambi\u00e9n es un derecho\u00a0 Hablar de la infancia es hablar de derechos, pero no todos son tan visibles como el acceso a la educaci\u00f3n o a la salud. Hay [&hellip;]<\/p>\n","protected":false},"author":46,"featured_media":3512,"comment_status":"open","ping_status":"closed","sticky":false,"template":"","format":"standard","meta":{"footnotes":""},"categories":[6],"tags":[3182,4548,4510,4407,3254,36,4409],"class_list":["post-3511","post","type-post","status-publish","format-standard","has-post-thumbnail","hentry","category-noticias","tag-derecho","tag-derecho-de-ninas","tag-infancia","tag-mexico","tag-ninas","tag-ninos","tag-somos-hermanos"],"yoast_head":"<!-- This site is optimized with the Yoast SEO plugin v27.5 - https:\/\/yoast.com\/product\/yoast-seo-wordpress\/ -->\n<title>Infancia que crea: el derecho a expresarse tambi\u00e9n se dibuja - Historias que inspiran...<\/title>\n<meta name=\"description\" content=\"Conoce el papel de organizaciones en M\u00e9xico que promueven el derecho de ni\u00f1as y ni\u00f1os a la expresi\u00f3n visual como parte de...\" \/>\n<meta name=\"robots\" content=\"index, follow, max-snippet:-1, max-image-preview:large, max-video-preview:-1\" \/>\n<link rel=\"canonical\" href=\"https:\/\/somos-hermanos.mx\/index.php\/2026\/04\/28\/infancia-que-crea-el-derecho-a-expresarse-tambien-se-dibuja\/\" \/>\n<meta property=\"og:locale\" content=\"es_MX\" \/>\n<meta property=\"og:type\" content=\"article\" \/>\n<meta property=\"og:title\" content=\"Infancia que crea: el derecho a expresarse tambi\u00e9n se dibuja - Historias que inspiran...\" \/>\n<meta property=\"og:description\" content=\"Conoce el papel de organizaciones en M\u00e9xico que promueven el derecho de ni\u00f1as y ni\u00f1os a la expresi\u00f3n visual como parte de...\" \/>\n<meta property=\"og:url\" content=\"https:\/\/somos-hermanos.mx\/index.php\/2026\/04\/28\/infancia-que-crea-el-derecho-a-expresarse-tambien-se-dibuja\/\" \/>\n<meta property=\"og:site_name\" content=\"Historias que inspiran...\" \/>\n<meta property=\"article:publisher\" content=\"https:\/\/www.facebook.com\/SomosHermanosIAP\/\" \/>\n<meta property=\"article:published_time\" content=\"2026-04-28T23:51:25+00:00\" \/>\n<meta property=\"og:image\" content=\"https:\/\/somos-hermanos.mx\/wp-content\/uploads\/2026\/04\/Infancia-que-crea.jpg\" \/>\n\t<meta property=\"og:image:width\" content=\"1200\" \/>\n\t<meta property=\"og:image:height\" content=\"630\" \/>\n\t<meta property=\"og:image:type\" content=\"image\/jpeg\" \/>\n<meta name=\"author\" content=\"Flor D\u00edaz\" \/>\n<meta name=\"twitter:card\" content=\"summary_large_image\" \/>\n<meta name=\"twitter:creator\" content=\"@Somos__Hermanos\" \/>\n<meta name=\"twitter:site\" content=\"@Somos__Hermanos\" \/>\n<meta name=\"twitter:label1\" content=\"Escrito por\" \/>\n\t<meta name=\"twitter:data1\" content=\"Flor D\u00edaz\" \/>\n\t<meta name=\"twitter:label2\" content=\"Tiempo de lectura\" \/>\n\t<meta name=\"twitter:data2\" content=\"4 minutos\" \/>\n<script type=\"application\/ld+json\" class=\"yoast-schema-graph\">{\"@context\":\"https:\\\/\\\/schema.org\",\"@graph\":[{\"@type\":\"Article\",\"@id\":\"https:\\\/\\\/somos-hermanos.mx\\\/index.php\\\/2026\\\/04\\\/28\\\/infancia-que-crea-el-derecho-a-expresarse-tambien-se-dibuja\\\/#article\",\"isPartOf\":{\"@id\":\"https:\\\/\\\/somos-hermanos.mx\\\/index.php\\\/2026\\\/04\\\/28\\\/infancia-que-crea-el-derecho-a-expresarse-tambien-se-dibuja\\\/\"},\"author\":{\"name\":\"Flor D\u00edaz\",\"@id\":\"https:\\\/\\\/somos-hermanos.mx\\\/#\\\/schema\\\/person\\\/895113af7ea058bd3e4a0dcd4330cde2\"},\"headline\":\"Infancia que crea: el derecho a expresarse tambi\u00e9n se dibuja\",\"datePublished\":\"2026-04-28T23:51:25+00:00\",\"mainEntityOfPage\":{\"@id\":\"https:\\\/\\\/somos-hermanos.mx\\\/index.php\\\/2026\\\/04\\\/28\\\/infancia-que-crea-el-derecho-a-expresarse-tambien-se-dibuja\\\/\"},\"wordCount\":719,\"commentCount\":0,\"publisher\":{\"@id\":\"https:\\\/\\\/somos-hermanos.mx\\\/#organization\"},\"image\":{\"@id\":\"https:\\\/\\\/somos-hermanos.mx\\\/index.php\\\/2026\\\/04\\\/28\\\/infancia-que-crea-el-derecho-a-expresarse-tambien-se-dibuja\\\/#primaryimage\"},\"thumbnailUrl\":\"https:\\\/\\\/somos-hermanos.mx\\\/wp-content\\\/uploads\\\/2026\\\/04\\\/Infancia-que-crea.jpg\",\"keywords\":[\"Derecho\",\"derecho de ni\u00f1as\",\"infancia\",\"M\u00e9xico\",\"ni\u00f1as\",\"ni\u00f1os\",\"Somos Hermanos\"],\"articleSection\":[\"Noticias\"],\"inLanguage\":\"es\",\"potentialAction\":[{\"@type\":\"CommentAction\",\"name\":\"Comment\",\"target\":[\"https:\\\/\\\/somos-hermanos.mx\\\/index.php\\\/2026\\\/04\\\/28\\\/infancia-que-crea-el-derecho-a-expresarse-tambien-se-dibuja\\\/#respond\"]}]},{\"@type\":\"WebPage\",\"@id\":\"https:\\\/\\\/somos-hermanos.mx\\\/index.php\\\/2026\\\/04\\\/28\\\/infancia-que-crea-el-derecho-a-expresarse-tambien-se-dibuja\\\/\",\"url\":\"https:\\\/\\\/somos-hermanos.mx\\\/index.php\\\/2026\\\/04\\\/28\\\/infancia-que-crea-el-derecho-a-expresarse-tambien-se-dibuja\\\/\",\"name\":\"Infancia que crea: el derecho a expresarse tambi\u00e9n se dibuja - Historias que inspiran...\",\"isPartOf\":{\"@id\":\"https:\\\/\\\/somos-hermanos.mx\\\/#website\"},\"primaryImageOfPage\":{\"@id\":\"https:\\\/\\\/somos-hermanos.mx\\\/index.php\\\/2026\\\/04\\\/28\\\/infancia-que-crea-el-derecho-a-expresarse-tambien-se-dibuja\\\/#primaryimage\"},\"image\":{\"@id\":\"https:\\\/\\\/somos-hermanos.mx\\\/index.php\\\/2026\\\/04\\\/28\\\/infancia-que-crea-el-derecho-a-expresarse-tambien-se-dibuja\\\/#primaryimage\"},\"thumbnailUrl\":\"https:\\\/\\\/somos-hermanos.mx\\\/wp-content\\\/uploads\\\/2026\\\/04\\\/Infancia-que-crea.jpg\",\"datePublished\":\"2026-04-28T23:51:25+00:00\",\"description\":\"Conoce el papel de organizaciones en M\u00e9xico que promueven el derecho de ni\u00f1as y ni\u00f1os a la expresi\u00f3n visual como parte de...\",\"breadcrumb\":{\"@id\":\"https:\\\/\\\/somos-hermanos.mx\\\/index.php\\\/2026\\\/04\\\/28\\\/infancia-que-crea-el-derecho-a-expresarse-tambien-se-dibuja\\\/#breadcrumb\"},\"inLanguage\":\"es\",\"potentialAction\":[{\"@type\":\"ReadAction\",\"target\":[\"https:\\\/\\\/somos-hermanos.mx\\\/index.php\\\/2026\\\/04\\\/28\\\/infancia-que-crea-el-derecho-a-expresarse-tambien-se-dibuja\\\/\"]}]},{\"@type\":\"ImageObject\",\"inLanguage\":\"es\",\"@id\":\"https:\\\/\\\/somos-hermanos.mx\\\/index.php\\\/2026\\\/04\\\/28\\\/infancia-que-crea-el-derecho-a-expresarse-tambien-se-dibuja\\\/#primaryimage\",\"url\":\"https:\\\/\\\/somos-hermanos.mx\\\/wp-content\\\/uploads\\\/2026\\\/04\\\/Infancia-que-crea.jpg\",\"contentUrl\":\"https:\\\/\\\/somos-hermanos.mx\\\/wp-content\\\/uploads\\\/2026\\\/04\\\/Infancia-que-crea.jpg\",\"width\":1200,\"height\":630,\"caption\":\"Infancia que crea\"},{\"@type\":\"BreadcrumbList\",\"@id\":\"https:\\\/\\\/somos-hermanos.mx\\\/index.php\\\/2026\\\/04\\\/28\\\/infancia-que-crea-el-derecho-a-expresarse-tambien-se-dibuja\\\/#breadcrumb\",\"itemListElement\":[{\"@type\":\"ListItem\",\"position\":1,\"name\":\"Inicio\",\"item\":\"https:\\\/\\\/somos-hermanos.mx\\\/\"},{\"@type\":\"ListItem\",\"position\":2,\"name\":\"Infancia que crea: el derecho a expresarse tambi\u00e9n se dibuja\"}]},{\"@type\":\"WebSite\",\"@id\":\"https:\\\/\\\/somos-hermanos.mx\\\/#website\",\"url\":\"https:\\\/\\\/somos-hermanos.mx\\\/\",\"name\":\"Historias que inspiran...\",\"description\":\"Somos la voz del altruismo en M\u00e9xico\",\"publisher\":{\"@id\":\"https:\\\/\\\/somos-hermanos.mx\\\/#organization\"},\"potentialAction\":[{\"@type\":\"SearchAction\",\"target\":{\"@type\":\"EntryPoint\",\"urlTemplate\":\"https:\\\/\\\/somos-hermanos.mx\\\/?s={search_term_string}\"},\"query-input\":{\"@type\":\"PropertyValueSpecification\",\"valueRequired\":true,\"valueName\":\"search_term_string\"}}],\"inLanguage\":\"es\"},{\"@type\":\"Organization\",\"@id\":\"https:\\\/\\\/somos-hermanos.mx\\\/#organization\",\"name\":\"Somos Hermanos\",\"url\":\"https:\\\/\\\/somos-hermanos.mx\\\/\",\"logo\":{\"@type\":\"ImageObject\",\"inLanguage\":\"es\",\"@id\":\"https:\\\/\\\/somos-hermanos.mx\\\/#\\\/schema\\\/logo\\\/image\\\/\",\"url\":\"https:\\\/\\\/somos-hermanos.mx\\\/wp-content\\\/uploads\\\/2025\\\/08\\\/SH30-1.jpeg\",\"contentUrl\":\"https:\\\/\\\/somos-hermanos.mx\\\/wp-content\\\/uploads\\\/2025\\\/08\\\/SH30-1.jpeg\",\"width\":1600,\"height\":1142,\"caption\":\"Somos Hermanos\"},\"image\":{\"@id\":\"https:\\\/\\\/somos-hermanos.mx\\\/#\\\/schema\\\/logo\\\/image\\\/\"},\"sameAs\":[\"https:\\\/\\\/www.facebook.com\\\/SomosHermanosIAP\\\/\",\"https:\\\/\\\/x.com\\\/Somos__Hermanos\",\"https:\\\/\\\/www.instagram.com\\\/somos__hermanos\\\/#\",\"https:\\\/\\\/www.tiktok.com\\\/@somoshermanosiap\",\"https:\\\/\\\/www.youtube.com\\\/@somoshermanosiap1201\\\/videos\"]},{\"@type\":\"Person\",\"@id\":\"https:\\\/\\\/somos-hermanos.mx\\\/#\\\/schema\\\/person\\\/895113af7ea058bd3e4a0dcd4330cde2\",\"name\":\"Flor D\u00edaz\",\"image\":{\"@type\":\"ImageObject\",\"inLanguage\":\"es\",\"@id\":\"https:\\\/\\\/secure.gravatar.com\\\/avatar\\\/e721710b5553300ec301934cf163aea6988fb1378539638f8677acfecd30f324?s=96&d=mm&r=g\",\"url\":\"https:\\\/\\\/secure.gravatar.com\\\/avatar\\\/e721710b5553300ec301934cf163aea6988fb1378539638f8677acfecd30f324?s=96&d=mm&r=g\",\"contentUrl\":\"https:\\\/\\\/secure.gravatar.com\\\/avatar\\\/e721710b5553300ec301934cf163aea6988fb1378539638f8677acfecd30f324?s=96&d=mm&r=g\",\"caption\":\"Flor D\u00edaz\"},\"url\":\"https:\\\/\\\/somos-hermanos.mx\\\/index.php\\\/author\\\/flor-diaz\\\/\"}]}<\/script>\n<!-- \/ Yoast SEO plugin. -->","yoast_head_json":{"title":"Infancia que crea: el derecho a expresarse tambi\u00e9n se dibuja - Historias que inspiran...","description":"Conoce el papel de organizaciones en M\u00e9xico que promueven el derecho de ni\u00f1as y ni\u00f1os a la expresi\u00f3n visual como parte de...","robots":{"index":"index","follow":"follow","max-snippet":"max-snippet:-1","max-image-preview":"max-image-preview:large","max-video-preview":"max-video-preview:-1"},"canonical":"https:\/\/somos-hermanos.mx\/index.php\/2026\/04\/28\/infancia-que-crea-el-derecho-a-expresarse-tambien-se-dibuja\/","og_locale":"es_MX","og_type":"article","og_title":"Infancia que crea: el derecho a expresarse tambi\u00e9n se dibuja - Historias que inspiran...","og_description":"Conoce el papel de organizaciones en M\u00e9xico que promueven el derecho de ni\u00f1as y ni\u00f1os a la expresi\u00f3n visual como parte de...","og_url":"https:\/\/somos-hermanos.mx\/index.php\/2026\/04\/28\/infancia-que-crea-el-derecho-a-expresarse-tambien-se-dibuja\/","og_site_name":"Historias que inspiran...","article_publisher":"https:\/\/www.facebook.com\/SomosHermanosIAP\/","article_published_time":"2026-04-28T23:51:25+00:00","og_image":[{"width":1200,"height":630,"url":"https:\/\/somos-hermanos.mx\/wp-content\/uploads\/2026\/04\/Infancia-que-crea.jpg","type":"image\/jpeg"}],"author":"Flor D\u00edaz","twitter_card":"summary_large_image","twitter_creator":"@Somos__Hermanos","twitter_site":"@Somos__Hermanos","twitter_misc":{"Escrito por":"Flor D\u00edaz","Tiempo de lectura":"4 minutos"},"schema":{"@context":"https:\/\/schema.org","@graph":[{"@type":"Article","@id":"https:\/\/somos-hermanos.mx\/index.php\/2026\/04\/28\/infancia-que-crea-el-derecho-a-expresarse-tambien-se-dibuja\/#article","isPartOf":{"@id":"https:\/\/somos-hermanos.mx\/index.php\/2026\/04\/28\/infancia-que-crea-el-derecho-a-expresarse-tambien-se-dibuja\/"},"author":{"name":"Flor D\u00edaz","@id":"https:\/\/somos-hermanos.mx\/#\/schema\/person\/895113af7ea058bd3e4a0dcd4330cde2"},"headline":"Infancia que crea: el derecho a expresarse tambi\u00e9n se dibuja","datePublished":"2026-04-28T23:51:25+00:00","mainEntityOfPage":{"@id":"https:\/\/somos-hermanos.mx\/index.php\/2026\/04\/28\/infancia-que-crea-el-derecho-a-expresarse-tambien-se-dibuja\/"},"wordCount":719,"commentCount":0,"publisher":{"@id":"https:\/\/somos-hermanos.mx\/#organization"},"image":{"@id":"https:\/\/somos-hermanos.mx\/index.php\/2026\/04\/28\/infancia-que-crea-el-derecho-a-expresarse-tambien-se-dibuja\/#primaryimage"},"thumbnailUrl":"https:\/\/somos-hermanos.mx\/wp-content\/uploads\/2026\/04\/Infancia-que-crea.jpg","keywords":["Derecho","derecho de ni\u00f1as","infancia","M\u00e9xico","ni\u00f1as","ni\u00f1os","Somos Hermanos"],"articleSection":["Noticias"],"inLanguage":"es","potentialAction":[{"@type":"CommentAction","name":"Comment","target":["https:\/\/somos-hermanos.mx\/index.php\/2026\/04\/28\/infancia-que-crea-el-derecho-a-expresarse-tambien-se-dibuja\/#respond"]}]},{"@type":"WebPage","@id":"https:\/\/somos-hermanos.mx\/index.php\/2026\/04\/28\/infancia-que-crea-el-derecho-a-expresarse-tambien-se-dibuja\/","url":"https:\/\/somos-hermanos.mx\/index.php\/2026\/04\/28\/infancia-que-crea-el-derecho-a-expresarse-tambien-se-dibuja\/","name":"Infancia que crea: el derecho a expresarse tambi\u00e9n se dibuja - Historias que inspiran...","isPartOf":{"@id":"https:\/\/somos-hermanos.mx\/#website"},"primaryImageOfPage":{"@id":"https:\/\/somos-hermanos.mx\/index.php\/2026\/04\/28\/infancia-que-crea-el-derecho-a-expresarse-tambien-se-dibuja\/#primaryimage"},"image":{"@id":"https:\/\/somos-hermanos.mx\/index.php\/2026\/04\/28\/infancia-que-crea-el-derecho-a-expresarse-tambien-se-dibuja\/#primaryimage"},"thumbnailUrl":"https:\/\/somos-hermanos.mx\/wp-content\/uploads\/2026\/04\/Infancia-que-crea.jpg","datePublished":"2026-04-28T23:51:25+00:00","description":"Conoce el papel de organizaciones en M\u00e9xico que promueven el derecho de ni\u00f1as y ni\u00f1os a la expresi\u00f3n visual como parte de...","breadcrumb":{"@id":"https:\/\/somos-hermanos.mx\/index.php\/2026\/04\/28\/infancia-que-crea-el-derecho-a-expresarse-tambien-se-dibuja\/#breadcrumb"},"inLanguage":"es","potentialAction":[{"@type":"ReadAction","target":["https:\/\/somos-hermanos.mx\/index.php\/2026\/04\/28\/infancia-que-crea-el-derecho-a-expresarse-tambien-se-dibuja\/"]}]},{"@type":"ImageObject","inLanguage":"es","@id":"https:\/\/somos-hermanos.mx\/index.php\/2026\/04\/28\/infancia-que-crea-el-derecho-a-expresarse-tambien-se-dibuja\/#primaryimage","url":"https:\/\/somos-hermanos.mx\/wp-content\/uploads\/2026\/04\/Infancia-que-crea.jpg","contentUrl":"https:\/\/somos-hermanos.mx\/wp-content\/uploads\/2026\/04\/Infancia-que-crea.jpg","width":1200,"height":630,"caption":"Infancia que crea"},{"@type":"BreadcrumbList","@id":"https:\/\/somos-hermanos.mx\/index.php\/2026\/04\/28\/infancia-que-crea-el-derecho-a-expresarse-tambien-se-dibuja\/#breadcrumb","itemListElement":[{"@type":"ListItem","position":1,"name":"Inicio","item":"https:\/\/somos-hermanos.mx\/"},{"@type":"ListItem","position":2,"name":"Infancia que crea: el derecho a expresarse tambi\u00e9n se dibuja"}]},{"@type":"WebSite","@id":"https:\/\/somos-hermanos.mx\/#website","url":"https:\/\/somos-hermanos.mx\/","name":"Historias que inspiran...","description":"Somos la voz del altruismo en M\u00e9xico","publisher":{"@id":"https:\/\/somos-hermanos.mx\/#organization"},"potentialAction":[{"@type":"SearchAction","target":{"@type":"EntryPoint","urlTemplate":"https:\/\/somos-hermanos.mx\/?s={search_term_string}"},"query-input":{"@type":"PropertyValueSpecification","valueRequired":true,"valueName":"search_term_string"}}],"inLanguage":"es"},{"@type":"Organization","@id":"https:\/\/somos-hermanos.mx\/#organization","name":"Somos Hermanos","url":"https:\/\/somos-hermanos.mx\/","logo":{"@type":"ImageObject","inLanguage":"es","@id":"https:\/\/somos-hermanos.mx\/#\/schema\/logo\/image\/","url":"https:\/\/somos-hermanos.mx\/wp-content\/uploads\/2025\/08\/SH30-1.jpeg","contentUrl":"https:\/\/somos-hermanos.mx\/wp-content\/uploads\/2025\/08\/SH30-1.jpeg","width":1600,"height":1142,"caption":"Somos Hermanos"},"image":{"@id":"https:\/\/somos-hermanos.mx\/#\/schema\/logo\/image\/"},"sameAs":["https:\/\/www.facebook.com\/SomosHermanosIAP\/","https:\/\/x.com\/Somos__Hermanos","https:\/\/www.instagram.com\/somos__hermanos\/#","https:\/\/www.tiktok.com\/@somoshermanosiap","https:\/\/www.youtube.com\/@somoshermanosiap1201\/videos"]},{"@type":"Person","@id":"https:\/\/somos-hermanos.mx\/#\/schema\/person\/895113af7ea058bd3e4a0dcd4330cde2","name":"Flor D\u00edaz","image":{"@type":"ImageObject","inLanguage":"es","@id":"https:\/\/secure.gravatar.com\/avatar\/e721710b5553300ec301934cf163aea6988fb1378539638f8677acfecd30f324?s=96&d=mm&r=g","url":"https:\/\/secure.gravatar.com\/avatar\/e721710b5553300ec301934cf163aea6988fb1378539638f8677acfecd30f324?s=96&d=mm&r=g","contentUrl":"https:\/\/secure.gravatar.com\/avatar\/e721710b5553300ec301934cf163aea6988fb1378539638f8677acfecd30f324?s=96&d=mm&r=g","caption":"Flor D\u00edaz"},"url":"https:\/\/somos-hermanos.mx\/index.php\/author\/flor-diaz\/"}]}},"_links":{"self":[{"href":"https:\/\/somos-hermanos.mx\/index.php\/wp-json\/wp\/v2\/posts\/3511","targetHints":{"allow":["GET"]}}],"collection":[{"href":"https:\/\/somos-hermanos.mx\/index.php\/wp-json\/wp\/v2\/posts"}],"about":[{"href":"https:\/\/somos-hermanos.mx\/index.php\/wp-json\/wp\/v2\/types\/post"}],"author":[{"embeddable":true,"href":"https:\/\/somos-hermanos.mx\/index.php\/wp-json\/wp\/v2\/users\/46"}],"replies":[{"embeddable":true,"href":"https:\/\/somos-hermanos.mx\/index.php\/wp-json\/wp\/v2\/comments?post=3511"}],"version-history":[{"count":1,"href":"https:\/\/somos-hermanos.mx\/index.php\/wp-json\/wp\/v2\/posts\/3511\/revisions"}],"predecessor-version":[{"id":3513,"href":"https:\/\/somos-hermanos.mx\/index.php\/wp-json\/wp\/v2\/posts\/3511\/revisions\/3513"}],"wp:featuredmedia":[{"embeddable":true,"href":"https:\/\/somos-hermanos.mx\/index.php\/wp-json\/wp\/v2\/media\/3512"}],"wp:attachment":[{"href":"https:\/\/somos-hermanos.mx\/index.php\/wp-json\/wp\/v2\/media?parent=3511"}],"wp:term":[{"taxonomy":"category","embeddable":true,"href":"https:\/\/somos-hermanos.mx\/index.php\/wp-json\/wp\/v2\/categories?post=3511"},{"taxonomy":"post_tag","embeddable":true,"href":"https:\/\/somos-hermanos.mx\/index.php\/wp-json\/wp\/v2\/tags?post=3511"}],"curies":[{"name":"wp","href":"https:\/\/api.w.org\/{rel}","templated":true}]}}