{"id":3505,"date":"2026-04-28T17:25:08","date_gmt":"2026-04-28T23:25:08","guid":{"rendered":"https:\/\/somos-hermanos.mx\/?p=3505"},"modified":"2026-04-28T17:25:08","modified_gmt":"2026-04-28T23:25:08","slug":"trabajar-no-siempre-es-vivir-la-deuda-pendiente-de-la-justicia-social","status":"publish","type":"post","link":"https:\/\/somos-hermanos.mx\/index.php\/2026\/04\/28\/trabajar-no-siempre-es-vivir-la-deuda-pendiente-de-la-justicia-social\/","title":{"rendered":"Trabajar no siempre es vivir: la deuda pendiente de la justicia social"},"content":{"rendered":"<h4><span class=\"TextRun SCXW73702717 BCX0\" lang=\"ES-419\" xml:lang=\"ES-419\" data-contrast=\"none\"><span class=\"NormalTextRun SCXW73702717 BCX0\">El trabajo digno es un pilar fundamental de la justicia social. En M\u00e9xico, millones de personas laboran sin lograr vivir con dignidad debido a salarios insuficientes, precariedad e informalidad. Organizaciones como Acci\u00f3n Ciudadana Frente a la Pobreza, Oxfam M\u00e9xico y CEREAL evidencian que trabajar no siempre significa salir de la pobreza.<\/span><span class=\"NormalTextRun SCXW73702717 BCX0\" data-ccp-charstyle=\"apple-converted-space\" data-ccp-charstyle-defn=\"{&quot;ObjectId&quot;:&quot;2fd183b4-ad5c-5199-9fc7-89a6d0356079|1&quot;,&quot;ClassId&quot;:1073872969,&quot;Properties&quot;:[469777841,&quot;Arial&quot;,469777842,&quot;Arial&quot;,469777843,&quot;Arial&quot;,469777844,&quot;Arial&quot;,469769226,&quot;Arial&quot;,268442635,&quot;22&quot;,469775450,&quot;apple-converted-space&quot;,201340122,&quot;1&quot;,134233614,&quot;true&quot;,469778129,&quot;apple-converted-space&quot;,335572020,&quot;1&quot;,469778324,&quot;Default Paragraph Font&quot;]}\">\u202f<\/span><\/span><span class=\"EOP SCXW73702717 BCX0\" data-ccp-props=\"{&quot;335551550&quot;:6,&quot;335551620&quot;:6}\">\u00a0<\/span><\/h4>\n<p><span data-contrast=\"auto\">Hablar de justicia social muchas veces suena lejano, como si fuera un concepto que solo pertenece a discursos o pol\u00edticas p\u00fablicas.\u00a0Pero en realidad, la justicia social empieza en algo mucho m\u00e1s concreto: en la forma en que vivimos, trabajamos y nos relacionamos.<\/span><span data-ccp-props=\"{&quot;201341983&quot;:0,&quot;335551550&quot;:6,&quot;335551620&quot;:6,&quot;335559738&quot;:240,&quot;335559739&quot;:240,&quot;335559740&quot;:360}\">\u00a0<\/span><\/p>\n<p><span data-contrast=\"auto\">Porque no puede existir justicia en una sociedad donde millones de personas trabajan y, aun as\u00ed, no pueden vivir con dignidad.<\/span><span data-ccp-props=\"{&quot;201341983&quot;:0,&quot;335551550&quot;:6,&quot;335551620&quot;:6,&quot;335559738&quot;:240,&quot;335559739&quot;:240,&quot;335559740&quot;:360}\">\u00a0<\/span><\/p>\n<p><span data-contrast=\"auto\">El trabajo digno no es solo tener empleo. Es contar con condiciones justas, un salario suficiente, seguridad, respeto y la posibilidad de desarrollarse sin que el trabajo se convierta en una forma de desgaste constante. Es, en esencia, la diferencia entre sobrevivir\u2026 y vivir.<\/span><span data-ccp-props=\"{&quot;201341983&quot;:0,&quot;335551550&quot;:6,&quot;335551620&quot;:6,&quot;335559738&quot;:240,&quot;335559739&quot;:240,&quot;335559740&quot;:360}\">\u00a0<\/span><\/p>\n<p><span data-contrast=\"auto\">Desde la mirada global, se ha se\u00f1alado que el empleo pleno y con condiciones dignas es uno de los pilares fundamentales de la justicia social. Y no es casualidad. Porque cuando el trabajo no garantiza derechos, lo que se construye no es desarrollo, sino desigualdad.<\/span><span data-ccp-props=\"{&quot;201341983&quot;:0,&quot;335551550&quot;:6,&quot;335551620&quot;:6,&quot;335559738&quot;:240,&quot;335559739&quot;:240,&quot;335559740&quot;:360}\">\u00a0<\/span><\/p>\n<p><span data-contrast=\"auto\">En M\u00e9xico, esta realidad no pasa desapercibida. Diversas organizaciones han comenzado a se\u00f1alar que el problema no es solo la falta de empleo, sino las condiciones en las que este se ejerce. Iniciativas como Acci\u00f3n Ciudadana Frente a la Pobreza han insistido en que trabajar ya no siempre significa salir de la pobreza, mientras que espacios como Oxfam M\u00e9xico han documentado c\u00f3mo la desigualdad econ\u00f3mica se refleja directamente en los ingresos y oportunidades laborales.<\/span><span data-ccp-props=\"{&quot;201341983&quot;:0,&quot;335551550&quot;:6,&quot;335551620&quot;:6,&quot;335559738&quot;:240,&quot;335559739&quot;:240,&quot;335559740&quot;:360}\">\u00a0<\/span><\/p>\n<p><span data-contrast=\"auto\">Al mismo tiempo, organizaciones como Centro de Reflexi\u00f3n y Acci\u00f3n Laboral (CEREAL) acompa\u00f1an a trabajadores en la defensa de sus derechos, evidenciando que detr\u00e1s de cada cifra hay historias concretas de precariedad, esfuerzo y, muchas veces, falta de reconocimiento.<\/span><span data-ccp-props=\"{&quot;201341983&quot;:0,&quot;335551550&quot;:6,&quot;335551620&quot;:6,&quot;335559738&quot;:240,&quot;335559739&quot;:240,&quot;335559740&quot;:360}\">\u00a0<\/span><\/p>\n<p><span data-contrast=\"auto\">En muchos contextos, trabajar ya no asegura estabilidad, ni acceso a salud, ni siquiera ingresos suficientes. La informalidad, la desigualdad y las brechas sociales siguen marcando\u00a0la vida de millones de personas, especialmente de quienes hist\u00f3ricamente han sido m\u00e1s vulnerados.<\/span><span data-ccp-props=\"{&quot;201341983&quot;:0,&quot;335551550&quot;:6,&quot;335551620&quot;:6,&quot;335559738&quot;:240,&quot;335559739&quot;:240,&quot;335559740&quot;:360}\">\u00a0<\/span><\/p>\n<p><span data-contrast=\"auto\">Ah\u00ed es donde la justicia social deja de ser un ideal y se vuelve una urgencia.<\/span><span data-ccp-props=\"{&quot;201341983&quot;:0,&quot;335551550&quot;:6,&quot;335551620&quot;:6,&quot;335559738&quot;:240,&quot;335559739&quot;:240,&quot;335559740&quot;:360}\">\u00a0<\/span><\/p>\n<p><span data-contrast=\"auto\">No se trata solo de generar empleos, sino de cuestionar qu\u00e9 tipo de empleos estamos normalizando. De preguntarnos si realmente permiten a las personas vivir con dignidad, o si simplemente sostienen un sistema donde trabajar no siempre significa avanzar.<\/span><span data-ccp-props=\"{&quot;201341983&quot;:0,&quot;335551550&quot;:6,&quot;335551620&quot;:6,&quot;335559738&quot;:240,&quot;335559739&quot;:240,&quot;335559740&quot;:360}\">\u00a0<\/span><\/p>\n<p><span data-contrast=\"auto\">Porque el trabajo deber\u00eda ser una puerta: a la autonom\u00eda, a la estabilidad, a una vida con oportunidades.<\/span><span data-ccp-props=\"{&quot;201341983&quot;:0,&quot;335551550&quot;:6,&quot;335551620&quot;:6,&quot;335559738&quot;:240,&quot;335559739&quot;:240,&quot;335559740&quot;:360}\">\u00a0<\/span><\/p>\n<p><span data-contrast=\"auto\">No una barrera.<\/span><span data-ccp-props=\"{&quot;201341983&quot;:0,&quot;335551550&quot;:6,&quot;335551620&quot;:6,&quot;335559738&quot;:240,&quot;335559739&quot;:240,&quot;335559740&quot;:360}\">\u00a0<\/span><\/p>\n<p><span data-contrast=\"auto\">Hablar de trabajo digno tambi\u00e9n es hablar de respeto, de derechos laborales, de condiciones seguras, de tiempo, de descanso y de reconocimiento. Es entender que detr\u00e1s de cada empleo hay una persona con una vida, con necesidades y con derechos que no deber\u00edan ser negociables.<\/span><span data-ccp-props=\"{&quot;201341983&quot;:0,&quot;335551550&quot;:6,&quot;335551620&quot;:6,&quot;335559738&quot;:240,&quot;335559739&quot;:240,&quot;335559740&quot;:360}\">\u00a0<\/span><\/p>\n<p><span data-contrast=\"auto\">Y en ese sentido, la justicia social no se construye solo desde las instituciones, sino tambi\u00e9n desde la conciencia colectiva.<\/span><span data-ccp-props=\"{&quot;201341983&quot;:0,&quot;335551550&quot;:6,&quot;335551620&quot;:6,&quot;335559738&quot;:240,&quot;335559739&quot;:240,&quot;335559740&quot;:360}\">\u00a0<\/span><\/p>\n<p><span data-contrast=\"auto\">Desde c\u00f3mo valoramos el trabajo de otros.<\/span><br \/>\n<span data-contrast=\"auto\">Desde lo que exigimos como sociedad.<\/span><br \/>\n<span data-contrast=\"auto\">Desde lo que dejamos de normalizar.<\/span><span data-ccp-props=\"{&quot;201341983&quot;:0,&quot;335551550&quot;:6,&quot;335551620&quot;:6,&quot;335559738&quot;:240,&quot;335559739&quot;:240,&quot;335559740&quot;:360}\">\u00a0<\/span><\/p>\n<p><span data-contrast=\"auto\">Porque una sociedad m\u00e1s justa no es aquella donde todos trabajan, sino aquella donde todos pueden vivir dignamente de su trabajo.<\/span><span data-ccp-props=\"{&quot;201341983&quot;:0,&quot;335551550&quot;:6,&quot;335551620&quot;:6,&quot;335559738&quot;:240,&quot;335559739&quot;:240,&quot;335559740&quot;:360}\">\u00a0<\/span><\/p>\n<p><img decoding=\"async\" src=\"https:\/\/encrypted-tbn0.gstatic.com\/images?q=tbn:ANd9GcQ1jPKJgZ64ssZa4H-8Xwe2MymVZyswC1dtYg&amp;s\" \/><\/p>\n","protected":false},"excerpt":{"rendered":"<p>El trabajo digno es un pilar fundamental de la justicia social. En M\u00e9xico, millones de personas laboran sin lograr vivir con dignidad debido a salarios insuficientes, precariedad e informalidad. Organizaciones como Acci\u00f3n Ciudadana Frente a la Pobreza, Oxfam M\u00e9xico y CEREAL evidencian que trabajar no siempre significa salir de la pobreza.\u202f\u00a0 Hablar de justicia social [&hellip;]<\/p>\n","protected":false},"author":46,"featured_media":3506,"comment_status":"open","ping_status":"closed","sticky":false,"template":"","format":"standard","meta":{"footnotes":""},"categories":[6],"tags":[4546,1480,4409,4545,129,4547],"class_list":["post-3505","post","type-post","status-publish","format-standard","has-post-thumbnail","hentry","category-noticias","tag-deuda-pendiente","tag-justicia-social","tag-somos-hermanos","tag-trabajar","tag-trabajo","tag-vivir"],"yoast_head":"<!-- This site is optimized with the Yoast SEO plugin v27.5 - https:\/\/yoast.com\/product\/yoast-seo-wordpress\/ -->\n<title>Trabajar no siempre es vivir: la deuda pendiente de la justicia social - Historias que inspiran...<\/title>\n<meta name=\"description\" content=\"El trabajo digno es un pilar fundamental de la justicia social. En M\u00e9xico, millones de personas laboran sin lograr vivir\" \/>\n<meta name=\"robots\" content=\"index, follow, max-snippet:-1, max-image-preview:large, max-video-preview:-1\" \/>\n<link rel=\"canonical\" href=\"https:\/\/somos-hermanos.mx\/index.php\/2026\/04\/28\/trabajar-no-siempre-es-vivir-la-deuda-pendiente-de-la-justicia-social\/\" \/>\n<meta property=\"og:locale\" content=\"es_MX\" \/>\n<meta property=\"og:type\" content=\"article\" \/>\n<meta property=\"og:title\" content=\"Trabajar no siempre es vivir: la deuda pendiente de la justicia social - Historias que inspiran...\" \/>\n<meta property=\"og:description\" content=\"El trabajo digno es un pilar fundamental de la justicia social. En M\u00e9xico, millones de personas laboran sin lograr vivir\" \/>\n<meta property=\"og:url\" content=\"https:\/\/somos-hermanos.mx\/index.php\/2026\/04\/28\/trabajar-no-siempre-es-vivir-la-deuda-pendiente-de-la-justicia-social\/\" \/>\n<meta property=\"og:site_name\" content=\"Historias que inspiran...\" \/>\n<meta property=\"article:publisher\" content=\"https:\/\/www.facebook.com\/SomosHermanosIAP\/\" \/>\n<meta property=\"article:published_time\" content=\"2026-04-28T23:25:08+00:00\" \/>\n<meta property=\"og:image\" content=\"https:\/\/somos-hermanos.mx\/wp-content\/uploads\/2026\/04\/Justicia-social.jpg\" \/>\n\t<meta property=\"og:image:width\" content=\"1200\" \/>\n\t<meta property=\"og:image:height\" content=\"630\" \/>\n\t<meta property=\"og:image:type\" content=\"image\/jpeg\" \/>\n<meta name=\"author\" content=\"Flor D\u00edaz\" \/>\n<meta name=\"twitter:card\" content=\"summary_large_image\" \/>\n<meta name=\"twitter:creator\" content=\"@Somos__Hermanos\" \/>\n<meta name=\"twitter:site\" content=\"@Somos__Hermanos\" \/>\n<meta name=\"twitter:label1\" content=\"Escrito por\" \/>\n\t<meta name=\"twitter:data1\" content=\"Flor D\u00edaz\" \/>\n\t<meta name=\"twitter:label2\" content=\"Tiempo de lectura\" \/>\n\t<meta name=\"twitter:data2\" content=\"3 minutos\" \/>\n<script type=\"application\/ld+json\" class=\"yoast-schema-graph\">{\"@context\":\"https:\\\/\\\/schema.org\",\"@graph\":[{\"@type\":\"Article\",\"@id\":\"https:\\\/\\\/somos-hermanos.mx\\\/index.php\\\/2026\\\/04\\\/28\\\/trabajar-no-siempre-es-vivir-la-deuda-pendiente-de-la-justicia-social\\\/#article\",\"isPartOf\":{\"@id\":\"https:\\\/\\\/somos-hermanos.mx\\\/index.php\\\/2026\\\/04\\\/28\\\/trabajar-no-siempre-es-vivir-la-deuda-pendiente-de-la-justicia-social\\\/\"},\"author\":{\"name\":\"Flor D\u00edaz\",\"@id\":\"https:\\\/\\\/somos-hermanos.mx\\\/#\\\/schema\\\/person\\\/895113af7ea058bd3e4a0dcd4330cde2\"},\"headline\":\"Trabajar no siempre es vivir: la deuda pendiente de la justicia social\",\"datePublished\":\"2026-04-28T23:25:08+00:00\",\"mainEntityOfPage\":{\"@id\":\"https:\\\/\\\/somos-hermanos.mx\\\/index.php\\\/2026\\\/04\\\/28\\\/trabajar-no-siempre-es-vivir-la-deuda-pendiente-de-la-justicia-social\\\/\"},\"wordCount\":577,\"commentCount\":0,\"publisher\":{\"@id\":\"https:\\\/\\\/somos-hermanos.mx\\\/#organization\"},\"image\":{\"@id\":\"https:\\\/\\\/somos-hermanos.mx\\\/index.php\\\/2026\\\/04\\\/28\\\/trabajar-no-siempre-es-vivir-la-deuda-pendiente-de-la-justicia-social\\\/#primaryimage\"},\"thumbnailUrl\":\"https:\\\/\\\/somos-hermanos.mx\\\/wp-content\\\/uploads\\\/2026\\\/04\\\/Justicia-social.jpg\",\"keywords\":[\"deuda pendiente\",\"justicia social\",\"Somos Hermanos\",\"trabajar\",\"trabajo\",\"vivir\"],\"articleSection\":[\"Noticias\"],\"inLanguage\":\"es\",\"potentialAction\":[{\"@type\":\"CommentAction\",\"name\":\"Comment\",\"target\":[\"https:\\\/\\\/somos-hermanos.mx\\\/index.php\\\/2026\\\/04\\\/28\\\/trabajar-no-siempre-es-vivir-la-deuda-pendiente-de-la-justicia-social\\\/#respond\"]}]},{\"@type\":\"WebPage\",\"@id\":\"https:\\\/\\\/somos-hermanos.mx\\\/index.php\\\/2026\\\/04\\\/28\\\/trabajar-no-siempre-es-vivir-la-deuda-pendiente-de-la-justicia-social\\\/\",\"url\":\"https:\\\/\\\/somos-hermanos.mx\\\/index.php\\\/2026\\\/04\\\/28\\\/trabajar-no-siempre-es-vivir-la-deuda-pendiente-de-la-justicia-social\\\/\",\"name\":\"Trabajar no siempre es vivir: la deuda pendiente de la justicia social - Historias que inspiran...\",\"isPartOf\":{\"@id\":\"https:\\\/\\\/somos-hermanos.mx\\\/#website\"},\"primaryImageOfPage\":{\"@id\":\"https:\\\/\\\/somos-hermanos.mx\\\/index.php\\\/2026\\\/04\\\/28\\\/trabajar-no-siempre-es-vivir-la-deuda-pendiente-de-la-justicia-social\\\/#primaryimage\"},\"image\":{\"@id\":\"https:\\\/\\\/somos-hermanos.mx\\\/index.php\\\/2026\\\/04\\\/28\\\/trabajar-no-siempre-es-vivir-la-deuda-pendiente-de-la-justicia-social\\\/#primaryimage\"},\"thumbnailUrl\":\"https:\\\/\\\/somos-hermanos.mx\\\/wp-content\\\/uploads\\\/2026\\\/04\\\/Justicia-social.jpg\",\"datePublished\":\"2026-04-28T23:25:08+00:00\",\"description\":\"El trabajo digno es un pilar fundamental de la justicia social. En M\u00e9xico, millones de personas laboran sin lograr vivir\",\"breadcrumb\":{\"@id\":\"https:\\\/\\\/somos-hermanos.mx\\\/index.php\\\/2026\\\/04\\\/28\\\/trabajar-no-siempre-es-vivir-la-deuda-pendiente-de-la-justicia-social\\\/#breadcrumb\"},\"inLanguage\":\"es\",\"potentialAction\":[{\"@type\":\"ReadAction\",\"target\":[\"https:\\\/\\\/somos-hermanos.mx\\\/index.php\\\/2026\\\/04\\\/28\\\/trabajar-no-siempre-es-vivir-la-deuda-pendiente-de-la-justicia-social\\\/\"]}]},{\"@type\":\"ImageObject\",\"inLanguage\":\"es\",\"@id\":\"https:\\\/\\\/somos-hermanos.mx\\\/index.php\\\/2026\\\/04\\\/28\\\/trabajar-no-siempre-es-vivir-la-deuda-pendiente-de-la-justicia-social\\\/#primaryimage\",\"url\":\"https:\\\/\\\/somos-hermanos.mx\\\/wp-content\\\/uploads\\\/2026\\\/04\\\/Justicia-social.jpg\",\"contentUrl\":\"https:\\\/\\\/somos-hermanos.mx\\\/wp-content\\\/uploads\\\/2026\\\/04\\\/Justicia-social.jpg\",\"width\":1200,\"height\":630,\"caption\":\"Justicia social\"},{\"@type\":\"BreadcrumbList\",\"@id\":\"https:\\\/\\\/somos-hermanos.mx\\\/index.php\\\/2026\\\/04\\\/28\\\/trabajar-no-siempre-es-vivir-la-deuda-pendiente-de-la-justicia-social\\\/#breadcrumb\",\"itemListElement\":[{\"@type\":\"ListItem\",\"position\":1,\"name\":\"Inicio\",\"item\":\"https:\\\/\\\/somos-hermanos.mx\\\/\"},{\"@type\":\"ListItem\",\"position\":2,\"name\":\"Trabajar no siempre es vivir: la deuda pendiente de la justicia social\"}]},{\"@type\":\"WebSite\",\"@id\":\"https:\\\/\\\/somos-hermanos.mx\\\/#website\",\"url\":\"https:\\\/\\\/somos-hermanos.mx\\\/\",\"name\":\"Historias que inspiran...\",\"description\":\"Somos la voz del altruismo en M\u00e9xico\",\"publisher\":{\"@id\":\"https:\\\/\\\/somos-hermanos.mx\\\/#organization\"},\"potentialAction\":[{\"@type\":\"SearchAction\",\"target\":{\"@type\":\"EntryPoint\",\"urlTemplate\":\"https:\\\/\\\/somos-hermanos.mx\\\/?s={search_term_string}\"},\"query-input\":{\"@type\":\"PropertyValueSpecification\",\"valueRequired\":true,\"valueName\":\"search_term_string\"}}],\"inLanguage\":\"es\"},{\"@type\":\"Organization\",\"@id\":\"https:\\\/\\\/somos-hermanos.mx\\\/#organization\",\"name\":\"Somos Hermanos\",\"url\":\"https:\\\/\\\/somos-hermanos.mx\\\/\",\"logo\":{\"@type\":\"ImageObject\",\"inLanguage\":\"es\",\"@id\":\"https:\\\/\\\/somos-hermanos.mx\\\/#\\\/schema\\\/logo\\\/image\\\/\",\"url\":\"https:\\\/\\\/somos-hermanos.mx\\\/wp-content\\\/uploads\\\/2025\\\/08\\\/SH30-1.jpeg\",\"contentUrl\":\"https:\\\/\\\/somos-hermanos.mx\\\/wp-content\\\/uploads\\\/2025\\\/08\\\/SH30-1.jpeg\",\"width\":1600,\"height\":1142,\"caption\":\"Somos Hermanos\"},\"image\":{\"@id\":\"https:\\\/\\\/somos-hermanos.mx\\\/#\\\/schema\\\/logo\\\/image\\\/\"},\"sameAs\":[\"https:\\\/\\\/www.facebook.com\\\/SomosHermanosIAP\\\/\",\"https:\\\/\\\/x.com\\\/Somos__Hermanos\",\"https:\\\/\\\/www.instagram.com\\\/somos__hermanos\\\/#\",\"https:\\\/\\\/www.tiktok.com\\\/@somoshermanosiap\",\"https:\\\/\\\/www.youtube.com\\\/@somoshermanosiap1201\\\/videos\"]},{\"@type\":\"Person\",\"@id\":\"https:\\\/\\\/somos-hermanos.mx\\\/#\\\/schema\\\/person\\\/895113af7ea058bd3e4a0dcd4330cde2\",\"name\":\"Flor D\u00edaz\",\"image\":{\"@type\":\"ImageObject\",\"inLanguage\":\"es\",\"@id\":\"https:\\\/\\\/secure.gravatar.com\\\/avatar\\\/e721710b5553300ec301934cf163aea6988fb1378539638f8677acfecd30f324?s=96&d=mm&r=g\",\"url\":\"https:\\\/\\\/secure.gravatar.com\\\/avatar\\\/e721710b5553300ec301934cf163aea6988fb1378539638f8677acfecd30f324?s=96&d=mm&r=g\",\"contentUrl\":\"https:\\\/\\\/secure.gravatar.com\\\/avatar\\\/e721710b5553300ec301934cf163aea6988fb1378539638f8677acfecd30f324?s=96&d=mm&r=g\",\"caption\":\"Flor D\u00edaz\"},\"url\":\"https:\\\/\\\/somos-hermanos.mx\\\/index.php\\\/author\\\/flor-diaz\\\/\"}]}<\/script>\n<!-- \/ Yoast SEO plugin. -->","yoast_head_json":{"title":"Trabajar no siempre es vivir: la deuda pendiente de la justicia social - Historias que inspiran...","description":"El trabajo digno es un pilar fundamental de la justicia social. En M\u00e9xico, millones de personas laboran sin lograr vivir","robots":{"index":"index","follow":"follow","max-snippet":"max-snippet:-1","max-image-preview":"max-image-preview:large","max-video-preview":"max-video-preview:-1"},"canonical":"https:\/\/somos-hermanos.mx\/index.php\/2026\/04\/28\/trabajar-no-siempre-es-vivir-la-deuda-pendiente-de-la-justicia-social\/","og_locale":"es_MX","og_type":"article","og_title":"Trabajar no siempre es vivir: la deuda pendiente de la justicia social - Historias que inspiran...","og_description":"El trabajo digno es un pilar fundamental de la justicia social. En M\u00e9xico, millones de personas laboran sin lograr vivir","og_url":"https:\/\/somos-hermanos.mx\/index.php\/2026\/04\/28\/trabajar-no-siempre-es-vivir-la-deuda-pendiente-de-la-justicia-social\/","og_site_name":"Historias que inspiran...","article_publisher":"https:\/\/www.facebook.com\/SomosHermanosIAP\/","article_published_time":"2026-04-28T23:25:08+00:00","og_image":[{"width":1200,"height":630,"url":"https:\/\/somos-hermanos.mx\/wp-content\/uploads\/2026\/04\/Justicia-social.jpg","type":"image\/jpeg"}],"author":"Flor D\u00edaz","twitter_card":"summary_large_image","twitter_creator":"@Somos__Hermanos","twitter_site":"@Somos__Hermanos","twitter_misc":{"Escrito por":"Flor D\u00edaz","Tiempo de lectura":"3 minutos"},"schema":{"@context":"https:\/\/schema.org","@graph":[{"@type":"Article","@id":"https:\/\/somos-hermanos.mx\/index.php\/2026\/04\/28\/trabajar-no-siempre-es-vivir-la-deuda-pendiente-de-la-justicia-social\/#article","isPartOf":{"@id":"https:\/\/somos-hermanos.mx\/index.php\/2026\/04\/28\/trabajar-no-siempre-es-vivir-la-deuda-pendiente-de-la-justicia-social\/"},"author":{"name":"Flor D\u00edaz","@id":"https:\/\/somos-hermanos.mx\/#\/schema\/person\/895113af7ea058bd3e4a0dcd4330cde2"},"headline":"Trabajar no siempre es vivir: la deuda pendiente de la justicia social","datePublished":"2026-04-28T23:25:08+00:00","mainEntityOfPage":{"@id":"https:\/\/somos-hermanos.mx\/index.php\/2026\/04\/28\/trabajar-no-siempre-es-vivir-la-deuda-pendiente-de-la-justicia-social\/"},"wordCount":577,"commentCount":0,"publisher":{"@id":"https:\/\/somos-hermanos.mx\/#organization"},"image":{"@id":"https:\/\/somos-hermanos.mx\/index.php\/2026\/04\/28\/trabajar-no-siempre-es-vivir-la-deuda-pendiente-de-la-justicia-social\/#primaryimage"},"thumbnailUrl":"https:\/\/somos-hermanos.mx\/wp-content\/uploads\/2026\/04\/Justicia-social.jpg","keywords":["deuda pendiente","justicia social","Somos Hermanos","trabajar","trabajo","vivir"],"articleSection":["Noticias"],"inLanguage":"es","potentialAction":[{"@type":"CommentAction","name":"Comment","target":["https:\/\/somos-hermanos.mx\/index.php\/2026\/04\/28\/trabajar-no-siempre-es-vivir-la-deuda-pendiente-de-la-justicia-social\/#respond"]}]},{"@type":"WebPage","@id":"https:\/\/somos-hermanos.mx\/index.php\/2026\/04\/28\/trabajar-no-siempre-es-vivir-la-deuda-pendiente-de-la-justicia-social\/","url":"https:\/\/somos-hermanos.mx\/index.php\/2026\/04\/28\/trabajar-no-siempre-es-vivir-la-deuda-pendiente-de-la-justicia-social\/","name":"Trabajar no siempre es vivir: la deuda pendiente de la justicia social - Historias que inspiran...","isPartOf":{"@id":"https:\/\/somos-hermanos.mx\/#website"},"primaryImageOfPage":{"@id":"https:\/\/somos-hermanos.mx\/index.php\/2026\/04\/28\/trabajar-no-siempre-es-vivir-la-deuda-pendiente-de-la-justicia-social\/#primaryimage"},"image":{"@id":"https:\/\/somos-hermanos.mx\/index.php\/2026\/04\/28\/trabajar-no-siempre-es-vivir-la-deuda-pendiente-de-la-justicia-social\/#primaryimage"},"thumbnailUrl":"https:\/\/somos-hermanos.mx\/wp-content\/uploads\/2026\/04\/Justicia-social.jpg","datePublished":"2026-04-28T23:25:08+00:00","description":"El trabajo digno es un pilar fundamental de la justicia social. En M\u00e9xico, millones de personas laboran sin lograr vivir","breadcrumb":{"@id":"https:\/\/somos-hermanos.mx\/index.php\/2026\/04\/28\/trabajar-no-siempre-es-vivir-la-deuda-pendiente-de-la-justicia-social\/#breadcrumb"},"inLanguage":"es","potentialAction":[{"@type":"ReadAction","target":["https:\/\/somos-hermanos.mx\/index.php\/2026\/04\/28\/trabajar-no-siempre-es-vivir-la-deuda-pendiente-de-la-justicia-social\/"]}]},{"@type":"ImageObject","inLanguage":"es","@id":"https:\/\/somos-hermanos.mx\/index.php\/2026\/04\/28\/trabajar-no-siempre-es-vivir-la-deuda-pendiente-de-la-justicia-social\/#primaryimage","url":"https:\/\/somos-hermanos.mx\/wp-content\/uploads\/2026\/04\/Justicia-social.jpg","contentUrl":"https:\/\/somos-hermanos.mx\/wp-content\/uploads\/2026\/04\/Justicia-social.jpg","width":1200,"height":630,"caption":"Justicia social"},{"@type":"BreadcrumbList","@id":"https:\/\/somos-hermanos.mx\/index.php\/2026\/04\/28\/trabajar-no-siempre-es-vivir-la-deuda-pendiente-de-la-justicia-social\/#breadcrumb","itemListElement":[{"@type":"ListItem","position":1,"name":"Inicio","item":"https:\/\/somos-hermanos.mx\/"},{"@type":"ListItem","position":2,"name":"Trabajar no siempre es vivir: la deuda pendiente de la justicia social"}]},{"@type":"WebSite","@id":"https:\/\/somos-hermanos.mx\/#website","url":"https:\/\/somos-hermanos.mx\/","name":"Historias que inspiran...","description":"Somos la voz del altruismo en M\u00e9xico","publisher":{"@id":"https:\/\/somos-hermanos.mx\/#organization"},"potentialAction":[{"@type":"SearchAction","target":{"@type":"EntryPoint","urlTemplate":"https:\/\/somos-hermanos.mx\/?s={search_term_string}"},"query-input":{"@type":"PropertyValueSpecification","valueRequired":true,"valueName":"search_term_string"}}],"inLanguage":"es"},{"@type":"Organization","@id":"https:\/\/somos-hermanos.mx\/#organization","name":"Somos Hermanos","url":"https:\/\/somos-hermanos.mx\/","logo":{"@type":"ImageObject","inLanguage":"es","@id":"https:\/\/somos-hermanos.mx\/#\/schema\/logo\/image\/","url":"https:\/\/somos-hermanos.mx\/wp-content\/uploads\/2025\/08\/SH30-1.jpeg","contentUrl":"https:\/\/somos-hermanos.mx\/wp-content\/uploads\/2025\/08\/SH30-1.jpeg","width":1600,"height":1142,"caption":"Somos Hermanos"},"image":{"@id":"https:\/\/somos-hermanos.mx\/#\/schema\/logo\/image\/"},"sameAs":["https:\/\/www.facebook.com\/SomosHermanosIAP\/","https:\/\/x.com\/Somos__Hermanos","https:\/\/www.instagram.com\/somos__hermanos\/#","https:\/\/www.tiktok.com\/@somoshermanosiap","https:\/\/www.youtube.com\/@somoshermanosiap1201\/videos"]},{"@type":"Person","@id":"https:\/\/somos-hermanos.mx\/#\/schema\/person\/895113af7ea058bd3e4a0dcd4330cde2","name":"Flor D\u00edaz","image":{"@type":"ImageObject","inLanguage":"es","@id":"https:\/\/secure.gravatar.com\/avatar\/e721710b5553300ec301934cf163aea6988fb1378539638f8677acfecd30f324?s=96&d=mm&r=g","url":"https:\/\/secure.gravatar.com\/avatar\/e721710b5553300ec301934cf163aea6988fb1378539638f8677acfecd30f324?s=96&d=mm&r=g","contentUrl":"https:\/\/secure.gravatar.com\/avatar\/e721710b5553300ec301934cf163aea6988fb1378539638f8677acfecd30f324?s=96&d=mm&r=g","caption":"Flor D\u00edaz"},"url":"https:\/\/somos-hermanos.mx\/index.php\/author\/flor-diaz\/"}]}},"_links":{"self":[{"href":"https:\/\/somos-hermanos.mx\/index.php\/wp-json\/wp\/v2\/posts\/3505","targetHints":{"allow":["GET"]}}],"collection":[{"href":"https:\/\/somos-hermanos.mx\/index.php\/wp-json\/wp\/v2\/posts"}],"about":[{"href":"https:\/\/somos-hermanos.mx\/index.php\/wp-json\/wp\/v2\/types\/post"}],"author":[{"embeddable":true,"href":"https:\/\/somos-hermanos.mx\/index.php\/wp-json\/wp\/v2\/users\/46"}],"replies":[{"embeddable":true,"href":"https:\/\/somos-hermanos.mx\/index.php\/wp-json\/wp\/v2\/comments?post=3505"}],"version-history":[{"count":1,"href":"https:\/\/somos-hermanos.mx\/index.php\/wp-json\/wp\/v2\/posts\/3505\/revisions"}],"predecessor-version":[{"id":3507,"href":"https:\/\/somos-hermanos.mx\/index.php\/wp-json\/wp\/v2\/posts\/3505\/revisions\/3507"}],"wp:featuredmedia":[{"embeddable":true,"href":"https:\/\/somos-hermanos.mx\/index.php\/wp-json\/wp\/v2\/media\/3506"}],"wp:attachment":[{"href":"https:\/\/somos-hermanos.mx\/index.php\/wp-json\/wp\/v2\/media?parent=3505"}],"wp:term":[{"taxonomy":"category","embeddable":true,"href":"https:\/\/somos-hermanos.mx\/index.php\/wp-json\/wp\/v2\/categories?post=3505"},{"taxonomy":"post_tag","embeddable":true,"href":"https:\/\/somos-hermanos.mx\/index.php\/wp-json\/wp\/v2\/tags?post=3505"}],"curies":[{"name":"wp","href":"https:\/\/api.w.org\/{rel}","templated":true}]}}