{"id":3501,"date":"2026-04-28T14:59:24","date_gmt":"2026-04-28T20:59:24","guid":{"rendered":"https:\/\/somos-hermanos.mx\/?p=3501"},"modified":"2026-04-28T14:59:24","modified_gmt":"2026-04-28T20:59:24","slug":"reforestamos-mexico-impulsa-agenda-verde-desde-el-programa-ciudad-arbol-del-mundo","status":"publish","type":"post","link":"https:\/\/somos-hermanos.mx\/index.php\/2026\/04\/28\/reforestamos-mexico-impulsa-agenda-verde-desde-el-programa-ciudad-arbol-del-mundo\/","title":{"rendered":"Reforestamos M\u00e9xico impulsa agenda verde desde el programa \u201cCiudad \u00c1rbol del Mundo\u201d"},"content":{"rendered":"<h4><span class=\"TextRun SCXW165051930 BCX0\" lang=\"ES-ES\" xml:lang=\"ES-ES\" data-contrast=\"none\"><span class=\"NormalTextRun SCXW165051930 BCX0\">M\u00e9xico lidera en Am\u00e9rica Latina la agenda de infraestructura verde urbana gracias al programa<\/span><span class=\"NormalTextRun SCXW165051930 BCX0\" data-ccp-charstyle=\"apple-converted-space\" data-ccp-charstyle-defn=\"{&quot;ObjectId&quot;:&quot;2fd183b4-ad5c-5199-9fc7-89a6d0356079|1&quot;,&quot;ClassId&quot;:1073872969,&quot;Properties&quot;:[201342446,&quot;1&quot;,201342447,&quot;5&quot;,201342448,&quot;1&quot;,201342449,&quot;1&quot;,469777841,&quot;Aptos&quot;,469777842,&quot;&quot;,469777843,&quot;Aptos&quot;,469777844,&quot;Aptos&quot;,201341986,&quot;1&quot;,469769226,&quot;Aptos&quot;,268442635,&quot;24&quot;,469775450,&quot;apple-converted-space&quot;,201340122,&quot;1&quot;,134233614,&quot;true&quot;,469778129,&quot;apple-converted-space&quot;,335572020,&quot;1&quot;,469778324,&quot;Default Paragraph Font&quot;]}\">\u202f<\/span><\/span><span class=\"TextRun MacChromeBold SCXW165051930 BCX0\" lang=\"ES-ES\" xml:lang=\"ES-ES\" data-contrast=\"none\"><span class=\"NormalTextRun SCXW165051930 BCX0\" data-ccp-charstyle=\"Strong\">\u201cCiudad \u00c1rbol del Mundo\u201d<\/span><\/span><span class=\"TextRun SCXW165051930 BCX0\" lang=\"ES-ES\" xml:lang=\"ES-ES\" data-contrast=\"none\"><span class=\"NormalTextRun SCXW165051930 BCX0\">, impulsado por la FAO y Arbor Day\u00a0<\/span><span class=\"NormalTextRun SpellingErrorV2Themed SCXW165051930 BCX0\">Foundation<\/span><span class=\"NormalTextRun SCXW165051930 BCX0\">. Con 44 ciudades reconocidas en la edici\u00f3n 2025, el pa\u00eds reafirma su compromiso con el cuidado del arbolado urbano y la construcci\u00f3n de entornos sostenibles.<\/span><\/span><span class=\"EOP SCXW165051930 BCX0\" data-ccp-props=\"{&quot;335551550&quot;:6,&quot;335551620&quot;:6}\">\u00a0<\/span><\/h4>\n<p><span data-contrast=\"none\">M\u00e9xico se posiciona como l\u00edder en Am\u00e9rica Latina en infraestructura verde urbana, al ser el pa\u00eds con mayor participaci\u00f3n en el programa\u00a0Tree\u00a0Cities\u00a0of\u00a0the\u00a0World\u00a0(TCOW) o \u201cCiudad \u00c1rbol del Mundo\u201d, una iniciativa que reconoce a las ciudades comprometidas con el cuidado, protecci\u00f3n y crecimiento de su arbolado urbano.<\/span><span data-ccp-props=\"{&quot;201341983&quot;:2,&quot;335551550&quot;:6,&quot;335551620&quot;:6,&quot;335557856&quot;:16777215,&quot;335559740&quot;:235}\">\u00a0<\/span><\/p>\n<p><span data-ccp-props=\"{&quot;201341983&quot;:2,&quot;335551550&quot;:6,&quot;335551620&quot;:6,&quot;335557856&quot;:16777215,&quot;335559740&quot;:235}\">\u00a0<\/span><span data-contrast=\"none\">En la edici\u00f3n m\u00e1s reciente del programa, 44 ciudades y alcald\u00edas mexicanas obtuvieron el distintivo \u201cCiudad \u00c1rbol del Mundo 2025\u201d, posicionando al pa\u00eds como el de mayor participaci\u00f3n en la regi\u00f3n. Este reconocimiento forma parte de un esfuerzo global internacional impulsado por la Organizaci\u00f3n de las Naciones Unidas para la Alimentaci\u00f3n y la Agricultura (FAO) y Arbor Day\u00a0Foundation, que actualmente agrupa a m\u00e1s de 280 ciudades en el mundo.<\/span><span data-ccp-props=\"{&quot;201341983&quot;:2,&quot;335551550&quot;:6,&quot;335551620&quot;:6,&quot;335557856&quot;:16777215,&quot;335559740&quot;:235}\">\u00a0<\/span><\/p>\n<p><span data-ccp-props=\"{&quot;201341983&quot;:2,&quot;335551550&quot;:6,&quot;335551620&quot;:6,&quot;335557856&quot;:16777215,&quot;335559740&quot;:235}\">\u00a0<\/span><span data-contrast=\"none\">El liderazgo de M\u00e9xico en esta agenda responde a una suma de esfuerzos. Por un lado, destaca el trabajo de Reforestamos M\u00e9xico, que, desde 2019, impulsa la implementaci\u00f3n del programa en Am\u00e9rica Latina en M\u00e9xico, El Caribe y Sudam\u00e9rica y brinda asesor\u00eda t\u00e9cnica a gobiernos locales; y por otro, el compromiso creciente de municipios, autoridades y ciudadan\u00eda por fortalecer sus pol\u00edticas de infraestructura verde.<\/span><span data-ccp-props=\"{&quot;201341983&quot;:2,&quot;335551550&quot;:6,&quot;335551620&quot;:6,&quot;335557856&quot;:16777215,&quot;335559740&quot;:235}\">\u00a0<\/span><\/p>\n<p><span data-ccp-props=\"{&quot;201341983&quot;:2,&quot;335551550&quot;:6,&quot;335551620&quot;:6,&quot;335557856&quot;:16777215,&quot;335559740&quot;:235}\">\u00a0<\/span><span data-contrast=\"none\">En af\u00e1n de contribuir a que la iniciativa TCOW llegue a ciudades de todo el mundo, existe una colaboraci\u00f3n con organizaciones afines que prestan apoyo a los l\u00edderes comunitarios. En este sentido, \u201cReforestamos M\u00e9xico A.C.\u201d es quien lidera en M\u00e9xico y Am\u00e9rica Latina; \u201cTrees\u00a0for\u00a0cities\u201d en Reino Unido; \u201cTreenet\u201d en Australia; \u201cArbocity\u201d en Espa\u00f1a; \u201cTree\u00a0Canada\u201d en Canad\u00e1; \u201cBrazilian\u00a0Society\u00a0of\u00a0Urban\u00a0Forestry\u201d en Brasil y \u201cAlberitalia\u201d en Italia.<\/span><span data-ccp-props=\"{&quot;201341983&quot;:2,&quot;335551550&quot;:6,&quot;335551620&quot;:6,&quot;335557856&quot;:16777215,&quot;335559740&quot;:235}\">\u00a0<\/span><\/p>\n<p><span data-ccp-props=\"{&quot;201341983&quot;:2,&quot;335551550&quot;:6,&quot;335551620&quot;:6,&quot;335557856&quot;:16777215,&quot;335559740&quot;:235}\">\u00a0<\/span><span data-contrast=\"none\">En este sentido, Ernesto Herrera, director general de Reforestamos M\u00e9xico A.C. expres\u00f3 que \u201cEl cuidado del arbolado urbano no solo es una acci\u00f3n ambiental, es una inversi\u00f3n directa en la salud, el bienestar y la resiliencia de las ciudades, y el distintivo Ciudad \u00c1rbol del Mundo demuestra que es posible construir entornos urbanos m\u00e1s sostenibles mediante pol\u00edticas claras y la participaci\u00f3n de la ciudadan\u00eda\u201d<\/span><span data-ccp-props=\"{&quot;201341983&quot;:2,&quot;335551550&quot;:6,&quot;335551620&quot;:6,&quot;335557856&quot;:16777215,&quot;335559740&quot;:235}\">\u00a0<\/span><\/p>\n<p><span data-ccp-props=\"{&quot;201341983&quot;:2,&quot;335551550&quot;:6,&quot;335551620&quot;:6,&quot;335557856&quot;:16777215,&quot;335559740&quot;:235}\">\u00a0<\/span><strong>Ciudades m\u00e1s verdes, ciudades m\u00e1s resilientes\u00a0<\/strong><\/p>\n<p><span data-ccp-props=\"{&quot;201341983&quot;:2,&quot;335551550&quot;:6,&quot;335551620&quot;:6,&quot;335557856&quot;:16777215,&quot;335559740&quot;:235}\">\u00a0<\/span><span data-contrast=\"none\">El reconocimiento adquiere especial relevancia en un contexto donde m\u00e1s del 80% de la poblaci\u00f3n en Am\u00e9rica Latina vive en entornos urbanos, lo que hace indispensable fortalecer la infraestructura verde como parte de la planeaci\u00f3n de las ciudades. Los \u00e1rboles urbanos juegan un papel clave en este desaf\u00edo: ayudan a reducir el calor extremo, mejoran la calidad del aire y contribuyen a mitigar los efectos del cambio clim\u00e1tico, adem\u00e1s de fortalecer la\u00a0cohesi\u00f3n social y la calidad de vida de las personas. Actualmente, m\u00e1s de 400 millones de personas viven en ciudades \u00e1rbol.<\/span><span data-ccp-props=\"{&quot;201341983&quot;:2,&quot;335551550&quot;:6,&quot;335551620&quot;:6,&quot;335557856&quot;:16777215,&quot;335559740&quot;:235}\">\u00a0<\/span><\/p>\n<p><span data-ccp-props=\"{&quot;201341983&quot;:2,&quot;335551550&quot;:6,&quot;335551620&quot;:6,&quot;335557856&quot;:16777215,&quot;335559740&quot;:235}\">\u00a0<\/span><\/p>\n<p><span data-contrast=\"none\">En este sentido, el programa TCOW funciona como una herramienta de mejora continua para los municipios, al establecer est\u00e1ndares internacionales que ordenan y fortalecen la gesti\u00f3n del arbolado urbano. Para obtener el distintivo, las ciudades deben cumplir con cinco criterios fundamentales: designar una autoridad responsable del arbolado, contar con normatividad que lo proteja, generar informaci\u00f3n confiable sobre su estado, asignar presupuesto para su mantenimiento e involucrar a la ciudadan\u00eda en su cuidado.<\/span><span data-ccp-props=\"{&quot;201341983&quot;:2,&quot;335551550&quot;:6,&quot;335551620&quot;:6,&quot;335557856&quot;:16777215,&quot;335559740&quot;:235}\">\u00a0<\/span><\/p>\n<p><strong>M\u00e9xico, referente regional en infraestructura verde\u00a0<\/strong><\/p>\n<p><span data-ccp-props=\"{&quot;201341983&quot;:2,&quot;335551550&quot;:6,&quot;335551620&quot;:6,&quot;335557856&quot;:16777215,&quot;335559740&quot;:235}\">\u00a0<\/span><span data-contrast=\"none\">En Am\u00e9rica Latina, 67 ciudades fueron reconocidas en la edici\u00f3n 2025 del programa, de las cuales M\u00e9xico concentra la mayor proporci\u00f3n con 44 localidades, lo que confirma su liderazgo regional en la materia. Entre las ciudades y alcald\u00edas reconocidas destacan aquellas que han mantenido el distintivo por varios a\u00f1os consecutivos, reflejo de pol\u00edticas sostenidas en favor del arbolado urbano, como las ciudades de Guadalajara, M\u00e9rida y Toluca, que suman siete a\u00f1os consecutivos; as\u00ed como Durango, Irapuato, Tuxtla Guti\u00e9rrez y Zapopan, con seis a\u00f1os. Al mismo tiempo, el programa contin\u00faa creciendo con nuevas incorporaciones, pues diversas alcald\u00edas de la Ciudad de M\u00e9xico y ciudades como Quer\u00e9taro, Canc\u00fan, Morelia y Orizaba obtuvieron el reconocimiento por primera vez, ampliando la red de localidades comprometidas con la infraestructura verde urbana.<\/span><span data-ccp-props=\"{&quot;201341983&quot;:2,&quot;335551550&quot;:6,&quot;335551620&quot;:6,&quot;335557856&quot;:16777215,&quot;335559740&quot;:235}\">\u00a0<\/span><\/p>\n<p><span data-ccp-props=\"{&quot;201341983&quot;:2,&quot;335551550&quot;:6,&quot;335551620&quot;:6,&quot;335557856&quot;:16777215,&quot;335559740&quot;:235}\">\u00a0<\/span><strong>Un llamado a m\u00e1s ciudades\u00a0<\/strong><\/p>\n<p><span data-ccp-props=\"{&quot;201341983&quot;:2,&quot;335551550&quot;:6,&quot;335551620&quot;:6,&quot;335557856&quot;:16777215,&quot;335559740&quot;:235}\">\u00a0<\/span><span data-contrast=\"none\">El programa \u201cTree\u00a0Cities\u00a0of\u00a0the\u00a0World\u201d es una iniciativa permanente, por lo que municipios y alcald\u00edas de todo el pa\u00eds pueden sumarse a la edici\u00f3n 2026. La invitaci\u00f3n est\u00e1 abierta a aquellas localidades interesadas en mejorar su gesti\u00f3n ambiental y avanzar hacia modelos urbanos m\u00e1s sostenibles. Como parte de esta agenda, del 28 de mayo al 1\u00b0 de junio 2026 se llevar\u00e1 a cabo el \u201cForo Internacional Arbolado Urbano como Semilla de Resiliencia\u201d en Puerto Vallarta, Jalisco, donde autoridades locales recibir\u00e1n formalmente el distintivo y compartir\u00e1n experiencias sobre el manejo del arbolado urbano.<\/span><span data-ccp-props=\"{&quot;201341983&quot;:2,&quot;335551550&quot;:6,&quot;335551620&quot;:6,&quot;335557856&quot;:16777215,&quot;335559740&quot;:235}\">\u00a0<\/span><\/p>\n<p><span data-ccp-props=\"{&quot;201341983&quot;:2,&quot;335551550&quot;:6,&quot;335551620&quot;:6,&quot;335557856&quot;:16777215,&quot;335559740&quot;:235}\">\u00a0<\/span><span data-contrast=\"none\">Con estos esfuerzos, Reforestamos M\u00e9xico reafirma su papel como un actor clave en la promoci\u00f3n de ciudades m\u00e1s verdes, resilientes y habitables, impulsando una agenda que coloca a los \u00e1rboles en el centro del desarrollo urbano sostenible.<\/span><span data-ccp-props=\"{&quot;201341983&quot;:2,&quot;335551550&quot;:6,&quot;335551620&quot;:6,&quot;335557856&quot;:16777215,&quot;335559740&quot;:235}\">\u00a0<\/span><\/p>\n<p><span data-ccp-props=\"{&quot;201341983&quot;:2,&quot;335551550&quot;:6,&quot;335551620&quot;:6,&quot;335557856&quot;:16777215,&quot;335559740&quot;:235}\"> <img loading=\"lazy\" decoding=\"async\" class=\"alignnone wp-image-3502 size-large\" src=\"https:\/\/somos-hermanos.mx\/wp-content\/uploads\/2026\/04\/Ciudad-arbol-del-Mundo-2-1024x538.png\" alt=\"\" width=\"1024\" height=\"538\" srcset=\"https:\/\/somos-hermanos.mx\/wp-content\/uploads\/2026\/04\/Ciudad-arbol-del-Mundo-2-1024x538.png 1024w, https:\/\/somos-hermanos.mx\/wp-content\/uploads\/2026\/04\/Ciudad-arbol-del-Mundo-2-300x158.png 300w, https:\/\/somos-hermanos.mx\/wp-content\/uploads\/2026\/04\/Ciudad-arbol-del-Mundo-2-768x403.png 768w, https:\/\/somos-hermanos.mx\/wp-content\/uploads\/2026\/04\/Ciudad-arbol-del-Mundo-2.png 1200w\" sizes=\"auto, (max-width: 1024px) 100vw, 1024px\" \/><\/span><\/p>\n","protected":false},"excerpt":{"rendered":"<p>M\u00e9xico lidera en Am\u00e9rica Latina la agenda de infraestructura verde urbana gracias al programa\u202f\u201cCiudad \u00c1rbol del Mundo\u201d, impulsado por la FAO y Arbor Day\u00a0Foundation. Con 44 ciudades reconocidas en la edici\u00f3n 2025, el pa\u00eds reafirma su compromiso con el cuidado del arbolado urbano y la construcci\u00f3n de entornos sostenibles.\u00a0 M\u00e9xico se posiciona como l\u00edder en [&hellip;]<\/p>\n","protected":false},"author":8,"featured_media":3503,"comment_status":"open","ping_status":"closed","sticky":false,"template":"","format":"standard","meta":{"footnotes":""},"categories":[6],"tags":[4406,4544,4465,4409],"class_list":["post-3501","post","type-post","status-publish","format-standard","has-post-thumbnail","hentry","category-noticias","tag-altruismo","tag-ciudad-arbol-del-mundo","tag-fundacion","tag-somos-hermanos"],"yoast_head":"<!-- This site is optimized with the Yoast SEO plugin v27.5 - https:\/\/yoast.com\/product\/yoast-seo-wordpress\/ -->\n<title>Reforestamos M\u00e9xico impulsa agenda verde desde el programa \u201cCiudad \u00c1rbol del Mundo\u201d - Historias que inspiran...<\/title>\n<meta name=\"description\" content=\"M\u00e9xico lidera en Am\u00e9rica Latina la agenda de infraestructura verde urbana gracias al programa\u202f\u201cCiudad \u00c1rbol del Mundo\u201d, impulsado por...\" \/>\n<meta name=\"robots\" content=\"index, follow, max-snippet:-1, max-image-preview:large, max-video-preview:-1\" \/>\n<link rel=\"canonical\" href=\"https:\/\/somos-hermanos.mx\/index.php\/2026\/04\/28\/reforestamos-mexico-impulsa-agenda-verde-desde-el-programa-ciudad-arbol-del-mundo\/\" \/>\n<meta property=\"og:locale\" content=\"es_MX\" \/>\n<meta property=\"og:type\" content=\"article\" \/>\n<meta property=\"og:title\" content=\"Reforestamos M\u00e9xico impulsa agenda verde desde el programa \u201cCiudad \u00c1rbol del Mundo\u201d - Historias que inspiran...\" \/>\n<meta property=\"og:description\" content=\"M\u00e9xico lidera en Am\u00e9rica Latina la agenda de infraestructura verde urbana gracias al programa\u202f\u201cCiudad \u00c1rbol del Mundo\u201d, impulsado por...\" \/>\n<meta property=\"og:url\" content=\"https:\/\/somos-hermanos.mx\/index.php\/2026\/04\/28\/reforestamos-mexico-impulsa-agenda-verde-desde-el-programa-ciudad-arbol-del-mundo\/\" \/>\n<meta property=\"og:site_name\" content=\"Historias que inspiran...\" \/>\n<meta property=\"article:publisher\" content=\"https:\/\/www.facebook.com\/SomosHermanosIAP\/\" \/>\n<meta property=\"article:published_time\" content=\"2026-04-28T20:59:24+00:00\" \/>\n<meta property=\"og:image\" content=\"https:\/\/somos-hermanos.mx\/wp-content\/uploads\/2026\/04\/Ciudad-arbol-del-Mundo.png\" \/>\n\t<meta property=\"og:image:width\" content=\"1200\" \/>\n\t<meta property=\"og:image:height\" content=\"630\" \/>\n\t<meta property=\"og:image:type\" content=\"image\/png\" \/>\n<meta name=\"author\" content=\"Jes\u00fas Arizmendi\" \/>\n<meta name=\"twitter:card\" content=\"summary_large_image\" \/>\n<meta name=\"twitter:creator\" content=\"@Somos__Hermanos\" \/>\n<meta name=\"twitter:site\" content=\"@Somos__Hermanos\" \/>\n<meta name=\"twitter:label1\" content=\"Escrito por\" \/>\n\t<meta name=\"twitter:data1\" content=\"Jes\u00fas Arizmendi\" \/>\n\t<meta name=\"twitter:label2\" content=\"Tiempo de lectura\" \/>\n\t<meta name=\"twitter:data2\" content=\"5 minutos\" \/>\n<script type=\"application\/ld+json\" class=\"yoast-schema-graph\">{\"@context\":\"https:\\\/\\\/schema.org\",\"@graph\":[{\"@type\":\"Article\",\"@id\":\"https:\\\/\\\/somos-hermanos.mx\\\/index.php\\\/2026\\\/04\\\/28\\\/reforestamos-mexico-impulsa-agenda-verde-desde-el-programa-ciudad-arbol-del-mundo\\\/#article\",\"isPartOf\":{\"@id\":\"https:\\\/\\\/somos-hermanos.mx\\\/index.php\\\/2026\\\/04\\\/28\\\/reforestamos-mexico-impulsa-agenda-verde-desde-el-programa-ciudad-arbol-del-mundo\\\/\"},\"author\":{\"name\":\"Jes\u00fas Arizmendi\",\"@id\":\"https:\\\/\\\/somos-hermanos.mx\\\/#\\\/schema\\\/person\\\/945cdfed39314d9db1242f593aecb908\"},\"headline\":\"Reforestamos M\u00e9xico impulsa agenda verde desde el programa \u201cCiudad \u00c1rbol del Mundo\u201d\",\"datePublished\":\"2026-04-28T20:59:24+00:00\",\"mainEntityOfPage\":{\"@id\":\"https:\\\/\\\/somos-hermanos.mx\\\/index.php\\\/2026\\\/04\\\/28\\\/reforestamos-mexico-impulsa-agenda-verde-desde-el-programa-ciudad-arbol-del-mundo\\\/\"},\"wordCount\":897,\"commentCount\":0,\"publisher\":{\"@id\":\"https:\\\/\\\/somos-hermanos.mx\\\/#organization\"},\"image\":{\"@id\":\"https:\\\/\\\/somos-hermanos.mx\\\/index.php\\\/2026\\\/04\\\/28\\\/reforestamos-mexico-impulsa-agenda-verde-desde-el-programa-ciudad-arbol-del-mundo\\\/#primaryimage\"},\"thumbnailUrl\":\"https:\\\/\\\/somos-hermanos.mx\\\/wp-content\\\/uploads\\\/2026\\\/04\\\/Ciudad-arbol-del-Mundo.png\",\"keywords\":[\"Altruismo\",\"Ciudad \u00c1rbol del Mundo\",\"Fundaci\u00f3n\",\"Somos Hermanos\"],\"articleSection\":[\"Noticias\"],\"inLanguage\":\"es\",\"potentialAction\":[{\"@type\":\"CommentAction\",\"name\":\"Comment\",\"target\":[\"https:\\\/\\\/somos-hermanos.mx\\\/index.php\\\/2026\\\/04\\\/28\\\/reforestamos-mexico-impulsa-agenda-verde-desde-el-programa-ciudad-arbol-del-mundo\\\/#respond\"]}]},{\"@type\":\"WebPage\",\"@id\":\"https:\\\/\\\/somos-hermanos.mx\\\/index.php\\\/2026\\\/04\\\/28\\\/reforestamos-mexico-impulsa-agenda-verde-desde-el-programa-ciudad-arbol-del-mundo\\\/\",\"url\":\"https:\\\/\\\/somos-hermanos.mx\\\/index.php\\\/2026\\\/04\\\/28\\\/reforestamos-mexico-impulsa-agenda-verde-desde-el-programa-ciudad-arbol-del-mundo\\\/\",\"name\":\"Reforestamos M\u00e9xico impulsa agenda verde desde el programa \u201cCiudad \u00c1rbol del Mundo\u201d - Historias que inspiran...\",\"isPartOf\":{\"@id\":\"https:\\\/\\\/somos-hermanos.mx\\\/#website\"},\"primaryImageOfPage\":{\"@id\":\"https:\\\/\\\/somos-hermanos.mx\\\/index.php\\\/2026\\\/04\\\/28\\\/reforestamos-mexico-impulsa-agenda-verde-desde-el-programa-ciudad-arbol-del-mundo\\\/#primaryimage\"},\"image\":{\"@id\":\"https:\\\/\\\/somos-hermanos.mx\\\/index.php\\\/2026\\\/04\\\/28\\\/reforestamos-mexico-impulsa-agenda-verde-desde-el-programa-ciudad-arbol-del-mundo\\\/#primaryimage\"},\"thumbnailUrl\":\"https:\\\/\\\/somos-hermanos.mx\\\/wp-content\\\/uploads\\\/2026\\\/04\\\/Ciudad-arbol-del-Mundo.png\",\"datePublished\":\"2026-04-28T20:59:24+00:00\",\"description\":\"M\u00e9xico lidera en Am\u00e9rica Latina la agenda de infraestructura verde urbana gracias al programa\u202f\u201cCiudad \u00c1rbol del Mundo\u201d, impulsado por...\",\"breadcrumb\":{\"@id\":\"https:\\\/\\\/somos-hermanos.mx\\\/index.php\\\/2026\\\/04\\\/28\\\/reforestamos-mexico-impulsa-agenda-verde-desde-el-programa-ciudad-arbol-del-mundo\\\/#breadcrumb\"},\"inLanguage\":\"es\",\"potentialAction\":[{\"@type\":\"ReadAction\",\"target\":[\"https:\\\/\\\/somos-hermanos.mx\\\/index.php\\\/2026\\\/04\\\/28\\\/reforestamos-mexico-impulsa-agenda-verde-desde-el-programa-ciudad-arbol-del-mundo\\\/\"]}]},{\"@type\":\"ImageObject\",\"inLanguage\":\"es\",\"@id\":\"https:\\\/\\\/somos-hermanos.mx\\\/index.php\\\/2026\\\/04\\\/28\\\/reforestamos-mexico-impulsa-agenda-verde-desde-el-programa-ciudad-arbol-del-mundo\\\/#primaryimage\",\"url\":\"https:\\\/\\\/somos-hermanos.mx\\\/wp-content\\\/uploads\\\/2026\\\/04\\\/Ciudad-arbol-del-Mundo.png\",\"contentUrl\":\"https:\\\/\\\/somos-hermanos.mx\\\/wp-content\\\/uploads\\\/2026\\\/04\\\/Ciudad-arbol-del-Mundo.png\",\"width\":1200,\"height\":630,\"caption\":\"Ciudad \u00c1rbol del Mundo\"},{\"@type\":\"BreadcrumbList\",\"@id\":\"https:\\\/\\\/somos-hermanos.mx\\\/index.php\\\/2026\\\/04\\\/28\\\/reforestamos-mexico-impulsa-agenda-verde-desde-el-programa-ciudad-arbol-del-mundo\\\/#breadcrumb\",\"itemListElement\":[{\"@type\":\"ListItem\",\"position\":1,\"name\":\"Inicio\",\"item\":\"https:\\\/\\\/somos-hermanos.mx\\\/\"},{\"@type\":\"ListItem\",\"position\":2,\"name\":\"Reforestamos M\u00e9xico impulsa agenda verde desde el programa \u201cCiudad \u00c1rbol del Mundo\u201d\"}]},{\"@type\":\"WebSite\",\"@id\":\"https:\\\/\\\/somos-hermanos.mx\\\/#website\",\"url\":\"https:\\\/\\\/somos-hermanos.mx\\\/\",\"name\":\"Historias que inspiran...\",\"description\":\"Somos la voz del altruismo en M\u00e9xico\",\"publisher\":{\"@id\":\"https:\\\/\\\/somos-hermanos.mx\\\/#organization\"},\"potentialAction\":[{\"@type\":\"SearchAction\",\"target\":{\"@type\":\"EntryPoint\",\"urlTemplate\":\"https:\\\/\\\/somos-hermanos.mx\\\/?s={search_term_string}\"},\"query-input\":{\"@type\":\"PropertyValueSpecification\",\"valueRequired\":true,\"valueName\":\"search_term_string\"}}],\"inLanguage\":\"es\"},{\"@type\":\"Organization\",\"@id\":\"https:\\\/\\\/somos-hermanos.mx\\\/#organization\",\"name\":\"Somos Hermanos\",\"url\":\"https:\\\/\\\/somos-hermanos.mx\\\/\",\"logo\":{\"@type\":\"ImageObject\",\"inLanguage\":\"es\",\"@id\":\"https:\\\/\\\/somos-hermanos.mx\\\/#\\\/schema\\\/logo\\\/image\\\/\",\"url\":\"https:\\\/\\\/somos-hermanos.mx\\\/wp-content\\\/uploads\\\/2025\\\/08\\\/SH30-1.jpeg\",\"contentUrl\":\"https:\\\/\\\/somos-hermanos.mx\\\/wp-content\\\/uploads\\\/2025\\\/08\\\/SH30-1.jpeg\",\"width\":1600,\"height\":1142,\"caption\":\"Somos Hermanos\"},\"image\":{\"@id\":\"https:\\\/\\\/somos-hermanos.mx\\\/#\\\/schema\\\/logo\\\/image\\\/\"},\"sameAs\":[\"https:\\\/\\\/www.facebook.com\\\/SomosHermanosIAP\\\/\",\"https:\\\/\\\/x.com\\\/Somos__Hermanos\",\"https:\\\/\\\/www.instagram.com\\\/somos__hermanos\\\/#\",\"https:\\\/\\\/www.tiktok.com\\\/@somoshermanosiap\",\"https:\\\/\\\/www.youtube.com\\\/@somoshermanosiap1201\\\/videos\"]},{\"@type\":\"Person\",\"@id\":\"https:\\\/\\\/somos-hermanos.mx\\\/#\\\/schema\\\/person\\\/945cdfed39314d9db1242f593aecb908\",\"name\":\"Jes\u00fas Arizmendi\",\"image\":{\"@type\":\"ImageObject\",\"inLanguage\":\"es\",\"@id\":\"https:\\\/\\\/secure.gravatar.com\\\/avatar\\\/9d2f2284f2cc108aae42b8fdb13afa29b801f64001b731516b830e4926cc1b4b?s=96&d=mm&r=g\",\"url\":\"https:\\\/\\\/secure.gravatar.com\\\/avatar\\\/9d2f2284f2cc108aae42b8fdb13afa29b801f64001b731516b830e4926cc1b4b?s=96&d=mm&r=g\",\"contentUrl\":\"https:\\\/\\\/secure.gravatar.com\\\/avatar\\\/9d2f2284f2cc108aae42b8fdb13afa29b801f64001b731516b830e4926cc1b4b?s=96&d=mm&r=g\",\"caption\":\"Jes\u00fas Arizmendi\"},\"url\":\"https:\\\/\\\/somos-hermanos.mx\\\/index.php\\\/author\\\/jesus-arizmendi\\\/\"}]}<\/script>\n<!-- \/ Yoast SEO plugin. -->","yoast_head_json":{"title":"Reforestamos M\u00e9xico impulsa agenda verde desde el programa \u201cCiudad \u00c1rbol del Mundo\u201d - Historias que inspiran...","description":"M\u00e9xico lidera en Am\u00e9rica Latina la agenda de infraestructura verde urbana gracias al programa\u202f\u201cCiudad \u00c1rbol del Mundo\u201d, impulsado por...","robots":{"index":"index","follow":"follow","max-snippet":"max-snippet:-1","max-image-preview":"max-image-preview:large","max-video-preview":"max-video-preview:-1"},"canonical":"https:\/\/somos-hermanos.mx\/index.php\/2026\/04\/28\/reforestamos-mexico-impulsa-agenda-verde-desde-el-programa-ciudad-arbol-del-mundo\/","og_locale":"es_MX","og_type":"article","og_title":"Reforestamos M\u00e9xico impulsa agenda verde desde el programa \u201cCiudad \u00c1rbol del Mundo\u201d - Historias que inspiran...","og_description":"M\u00e9xico lidera en Am\u00e9rica Latina la agenda de infraestructura verde urbana gracias al programa\u202f\u201cCiudad \u00c1rbol del Mundo\u201d, impulsado por...","og_url":"https:\/\/somos-hermanos.mx\/index.php\/2026\/04\/28\/reforestamos-mexico-impulsa-agenda-verde-desde-el-programa-ciudad-arbol-del-mundo\/","og_site_name":"Historias que inspiran...","article_publisher":"https:\/\/www.facebook.com\/SomosHermanosIAP\/","article_published_time":"2026-04-28T20:59:24+00:00","og_image":[{"width":1200,"height":630,"url":"https:\/\/somos-hermanos.mx\/wp-content\/uploads\/2026\/04\/Ciudad-arbol-del-Mundo.png","type":"image\/png"}],"author":"Jes\u00fas Arizmendi","twitter_card":"summary_large_image","twitter_creator":"@Somos__Hermanos","twitter_site":"@Somos__Hermanos","twitter_misc":{"Escrito por":"Jes\u00fas Arizmendi","Tiempo de lectura":"5 minutos"},"schema":{"@context":"https:\/\/schema.org","@graph":[{"@type":"Article","@id":"https:\/\/somos-hermanos.mx\/index.php\/2026\/04\/28\/reforestamos-mexico-impulsa-agenda-verde-desde-el-programa-ciudad-arbol-del-mundo\/#article","isPartOf":{"@id":"https:\/\/somos-hermanos.mx\/index.php\/2026\/04\/28\/reforestamos-mexico-impulsa-agenda-verde-desde-el-programa-ciudad-arbol-del-mundo\/"},"author":{"name":"Jes\u00fas Arizmendi","@id":"https:\/\/somos-hermanos.mx\/#\/schema\/person\/945cdfed39314d9db1242f593aecb908"},"headline":"Reforestamos M\u00e9xico impulsa agenda verde desde el programa \u201cCiudad \u00c1rbol del Mundo\u201d","datePublished":"2026-04-28T20:59:24+00:00","mainEntityOfPage":{"@id":"https:\/\/somos-hermanos.mx\/index.php\/2026\/04\/28\/reforestamos-mexico-impulsa-agenda-verde-desde-el-programa-ciudad-arbol-del-mundo\/"},"wordCount":897,"commentCount":0,"publisher":{"@id":"https:\/\/somos-hermanos.mx\/#organization"},"image":{"@id":"https:\/\/somos-hermanos.mx\/index.php\/2026\/04\/28\/reforestamos-mexico-impulsa-agenda-verde-desde-el-programa-ciudad-arbol-del-mundo\/#primaryimage"},"thumbnailUrl":"https:\/\/somos-hermanos.mx\/wp-content\/uploads\/2026\/04\/Ciudad-arbol-del-Mundo.png","keywords":["Altruismo","Ciudad \u00c1rbol del Mundo","Fundaci\u00f3n","Somos Hermanos"],"articleSection":["Noticias"],"inLanguage":"es","potentialAction":[{"@type":"CommentAction","name":"Comment","target":["https:\/\/somos-hermanos.mx\/index.php\/2026\/04\/28\/reforestamos-mexico-impulsa-agenda-verde-desde-el-programa-ciudad-arbol-del-mundo\/#respond"]}]},{"@type":"WebPage","@id":"https:\/\/somos-hermanos.mx\/index.php\/2026\/04\/28\/reforestamos-mexico-impulsa-agenda-verde-desde-el-programa-ciudad-arbol-del-mundo\/","url":"https:\/\/somos-hermanos.mx\/index.php\/2026\/04\/28\/reforestamos-mexico-impulsa-agenda-verde-desde-el-programa-ciudad-arbol-del-mundo\/","name":"Reforestamos M\u00e9xico impulsa agenda verde desde el programa \u201cCiudad \u00c1rbol del Mundo\u201d - Historias que inspiran...","isPartOf":{"@id":"https:\/\/somos-hermanos.mx\/#website"},"primaryImageOfPage":{"@id":"https:\/\/somos-hermanos.mx\/index.php\/2026\/04\/28\/reforestamos-mexico-impulsa-agenda-verde-desde-el-programa-ciudad-arbol-del-mundo\/#primaryimage"},"image":{"@id":"https:\/\/somos-hermanos.mx\/index.php\/2026\/04\/28\/reforestamos-mexico-impulsa-agenda-verde-desde-el-programa-ciudad-arbol-del-mundo\/#primaryimage"},"thumbnailUrl":"https:\/\/somos-hermanos.mx\/wp-content\/uploads\/2026\/04\/Ciudad-arbol-del-Mundo.png","datePublished":"2026-04-28T20:59:24+00:00","description":"M\u00e9xico lidera en Am\u00e9rica Latina la agenda de infraestructura verde urbana gracias al programa\u202f\u201cCiudad \u00c1rbol del Mundo\u201d, impulsado por...","breadcrumb":{"@id":"https:\/\/somos-hermanos.mx\/index.php\/2026\/04\/28\/reforestamos-mexico-impulsa-agenda-verde-desde-el-programa-ciudad-arbol-del-mundo\/#breadcrumb"},"inLanguage":"es","potentialAction":[{"@type":"ReadAction","target":["https:\/\/somos-hermanos.mx\/index.php\/2026\/04\/28\/reforestamos-mexico-impulsa-agenda-verde-desde-el-programa-ciudad-arbol-del-mundo\/"]}]},{"@type":"ImageObject","inLanguage":"es","@id":"https:\/\/somos-hermanos.mx\/index.php\/2026\/04\/28\/reforestamos-mexico-impulsa-agenda-verde-desde-el-programa-ciudad-arbol-del-mundo\/#primaryimage","url":"https:\/\/somos-hermanos.mx\/wp-content\/uploads\/2026\/04\/Ciudad-arbol-del-Mundo.png","contentUrl":"https:\/\/somos-hermanos.mx\/wp-content\/uploads\/2026\/04\/Ciudad-arbol-del-Mundo.png","width":1200,"height":630,"caption":"Ciudad \u00c1rbol del Mundo"},{"@type":"BreadcrumbList","@id":"https:\/\/somos-hermanos.mx\/index.php\/2026\/04\/28\/reforestamos-mexico-impulsa-agenda-verde-desde-el-programa-ciudad-arbol-del-mundo\/#breadcrumb","itemListElement":[{"@type":"ListItem","position":1,"name":"Inicio","item":"https:\/\/somos-hermanos.mx\/"},{"@type":"ListItem","position":2,"name":"Reforestamos M\u00e9xico impulsa agenda verde desde el programa \u201cCiudad \u00c1rbol del Mundo\u201d"}]},{"@type":"WebSite","@id":"https:\/\/somos-hermanos.mx\/#website","url":"https:\/\/somos-hermanos.mx\/","name":"Historias que inspiran...","description":"Somos la voz del altruismo en M\u00e9xico","publisher":{"@id":"https:\/\/somos-hermanos.mx\/#organization"},"potentialAction":[{"@type":"SearchAction","target":{"@type":"EntryPoint","urlTemplate":"https:\/\/somos-hermanos.mx\/?s={search_term_string}"},"query-input":{"@type":"PropertyValueSpecification","valueRequired":true,"valueName":"search_term_string"}}],"inLanguage":"es"},{"@type":"Organization","@id":"https:\/\/somos-hermanos.mx\/#organization","name":"Somos Hermanos","url":"https:\/\/somos-hermanos.mx\/","logo":{"@type":"ImageObject","inLanguage":"es","@id":"https:\/\/somos-hermanos.mx\/#\/schema\/logo\/image\/","url":"https:\/\/somos-hermanos.mx\/wp-content\/uploads\/2025\/08\/SH30-1.jpeg","contentUrl":"https:\/\/somos-hermanos.mx\/wp-content\/uploads\/2025\/08\/SH30-1.jpeg","width":1600,"height":1142,"caption":"Somos Hermanos"},"image":{"@id":"https:\/\/somos-hermanos.mx\/#\/schema\/logo\/image\/"},"sameAs":["https:\/\/www.facebook.com\/SomosHermanosIAP\/","https:\/\/x.com\/Somos__Hermanos","https:\/\/www.instagram.com\/somos__hermanos\/#","https:\/\/www.tiktok.com\/@somoshermanosiap","https:\/\/www.youtube.com\/@somoshermanosiap1201\/videos"]},{"@type":"Person","@id":"https:\/\/somos-hermanos.mx\/#\/schema\/person\/945cdfed39314d9db1242f593aecb908","name":"Jes\u00fas Arizmendi","image":{"@type":"ImageObject","inLanguage":"es","@id":"https:\/\/secure.gravatar.com\/avatar\/9d2f2284f2cc108aae42b8fdb13afa29b801f64001b731516b830e4926cc1b4b?s=96&d=mm&r=g","url":"https:\/\/secure.gravatar.com\/avatar\/9d2f2284f2cc108aae42b8fdb13afa29b801f64001b731516b830e4926cc1b4b?s=96&d=mm&r=g","contentUrl":"https:\/\/secure.gravatar.com\/avatar\/9d2f2284f2cc108aae42b8fdb13afa29b801f64001b731516b830e4926cc1b4b?s=96&d=mm&r=g","caption":"Jes\u00fas Arizmendi"},"url":"https:\/\/somos-hermanos.mx\/index.php\/author\/jesus-arizmendi\/"}]}},"_links":{"self":[{"href":"https:\/\/somos-hermanos.mx\/index.php\/wp-json\/wp\/v2\/posts\/3501","targetHints":{"allow":["GET"]}}],"collection":[{"href":"https:\/\/somos-hermanos.mx\/index.php\/wp-json\/wp\/v2\/posts"}],"about":[{"href":"https:\/\/somos-hermanos.mx\/index.php\/wp-json\/wp\/v2\/types\/post"}],"author":[{"embeddable":true,"href":"https:\/\/somos-hermanos.mx\/index.php\/wp-json\/wp\/v2\/users\/8"}],"replies":[{"embeddable":true,"href":"https:\/\/somos-hermanos.mx\/index.php\/wp-json\/wp\/v2\/comments?post=3501"}],"version-history":[{"count":1,"href":"https:\/\/somos-hermanos.mx\/index.php\/wp-json\/wp\/v2\/posts\/3501\/revisions"}],"predecessor-version":[{"id":3504,"href":"https:\/\/somos-hermanos.mx\/index.php\/wp-json\/wp\/v2\/posts\/3501\/revisions\/3504"}],"wp:featuredmedia":[{"embeddable":true,"href":"https:\/\/somos-hermanos.mx\/index.php\/wp-json\/wp\/v2\/media\/3503"}],"wp:attachment":[{"href":"https:\/\/somos-hermanos.mx\/index.php\/wp-json\/wp\/v2\/media?parent=3501"}],"wp:term":[{"taxonomy":"category","embeddable":true,"href":"https:\/\/somos-hermanos.mx\/index.php\/wp-json\/wp\/v2\/categories?post=3501"},{"taxonomy":"post_tag","embeddable":true,"href":"https:\/\/somos-hermanos.mx\/index.php\/wp-json\/wp\/v2\/tags?post=3501"}],"curies":[{"name":"wp","href":"https:\/\/api.w.org\/{rel}","templated":true}]}}