{"id":3497,"date":"2026-04-28T14:38:40","date_gmt":"2026-04-28T20:38:40","guid":{"rendered":"https:\/\/somos-hermanos.mx\/?p=3497"},"modified":"2026-04-28T14:38:40","modified_gmt":"2026-04-28T20:38:40","slug":"testimonios-de-beneficiarios-que-encontraron-en-la-cultura-un-espacio-de-integracion","status":"publish","type":"post","link":"https:\/\/somos-hermanos.mx\/index.php\/2026\/04\/28\/testimonios-de-beneficiarios-que-encontraron-en-la-cultura-un-espacio-de-integracion\/","title":{"rendered":"Testimonios de beneficiarios que encontraron en la cultura un espacio de integraci\u00f3n"},"content":{"rendered":"<h4><span class=\"TextRun SCXW71752009 BCX0\" lang=\"ES-ES\" xml:lang=\"ES-ES\" data-contrast=\"none\"><span class=\"NormalTextRun SCXW71752009 BCX0\">La cultura es un espacio de integraci\u00f3n que reconstruye v\u00ednculos y ofrece sentido de pertenencia en comunidades marcadas por la desigualdad. A trav\u00e9s de talleres art\u00edsticos, iniciativas comunitarias y proyectos culturales, ni\u00f1as, j\u00f3venes, mujeres y personas mayores han encontrado una voz propia y un lugar en la sociedad.<\/span><\/span><span class=\"EOP SCXW71752009 BCX0\" data-ccp-props=\"{&quot;335551550&quot;:6,&quot;335551620&quot;:6}\">\u00a0<\/span><\/h4>\n<p><strong>Cuando la cultura integra lo que la desigualdad separa\u00a0<\/strong><\/p>\n<p><span data-contrast=\"auto\">En medio de un entorno social donde la desigualdad y la fragmentaci\u00f3n parecen marcar el ritmo de la vida cotidiana, la cultura emerge como uno de los pocos espacios capaces de reconstruir v\u00ednculos y ofrecer sentido de pertenencia. M\u00e1s all\u00e1 de su dimensi\u00f3n est\u00e9tica o recreativa, la cultura tiene un valor profundamente social: integra, dignifica y transforma. Y esa transformaci\u00f3n no es abstracta; se refleja con claridad en los testimonios de quienes han encontrado en ella una oportunidad para rehacer su historia.<\/span><span data-ccp-props=\"{&quot;134233117&quot;:true,&quot;134233118&quot;:true,&quot;335551550&quot;:6,&quot;335551620&quot;:6}\">\u00a0<\/span><\/p>\n<p><span data-contrast=\"auto\">Hablar de cultura como herramienta de integraci\u00f3n implica reconocer que no todas las personas parten del mismo punto. Existen comunidades enteras donde el acceso a espacios culturales es limitado o inexistente, donde las condiciones econ\u00f3micas, la violencia o la discriminaci\u00f3n han reducido las posibilidades de desarrollo personal. En ese contexto, cuando una persona logra incorporarse a un taller art\u00edstico, a un grupo comunitario o a una iniciativa cultural, no solo adquiere una habilidad: recupera un espacio en la sociedad.<\/span><span data-ccp-props=\"{&quot;134233117&quot;:true,&quot;134233118&quot;:true,&quot;335551550&quot;:6,&quot;335551620&quot;:6}\">\u00a0<\/span><\/p>\n<p><span data-contrast=\"auto\">Los testimonios de beneficiarios de programas culturales suelen coincidir en un elemento esencial: el descubrimiento de una voz propia. J\u00f3venes que antes se sent\u00edan invisibles encuentran en la m\u00fasica, el teatro o la pintura una forma de expresarse; mujeres que enfrentaron contextos de exclusi\u00f3n reconstruyen su autoestima a trav\u00e9s de la danza o la literatura; personas mayores redescubren su valor en actividades que les permiten compartir su experiencia. Cada historia confirma que la cultura no es un lujo, sino una necesidad social.<\/span><span data-ccp-props=\"{&quot;134233117&quot;:true,&quot;134233118&quot;:true,&quot;335551550&quot;:6,&quot;335551620&quot;:6}\">\u00a0<\/span><\/p>\n<p><span data-contrast=\"auto\">Pero m\u00e1s all\u00e1 de lo individual, estos relatos evidencian un impacto colectivo. La cultura crea comunidad. Espacios que antes estaban marcados por la desconfianza o el abandono comienzan a transformarse en puntos de encuentro. Las actividades culturales generan di\u00e1logo, fortalecen la identidad y promueven el respeto por la diversidad. En un pa\u00eds donde la polarizaci\u00f3n y la violencia han erosionado el tejido social, estos procesos resultan fundamentales.<\/span><span data-ccp-props=\"{&quot;134233117&quot;:true,&quot;134233118&quot;:true,&quot;335551550&quot;:6,&quot;335551620&quot;:6}\">\u00a0<\/span><\/p>\n<p><span data-contrast=\"auto\">Sin embargo, ser\u00eda un error idealizar estos logros sin reconocer los desaf\u00edos que enfrentan. Muchos de estos proyectos sobreviven con recursos limitados, dependen de voluntades aisladas o carecen de continuidad institucional. Los testimonios de \u00e9xito, aunque valiosos, tambi\u00e9n dejan entrever la fragilidad de un sistema que no siempre prioriza la cultura como pol\u00edtica p\u00fablica. La integraci\u00f3n que se logra a trav\u00e9s\u00a0de estas iniciativas no deber\u00eda depender del esfuerzo individual o de programas temporales, sino formar parte de una estrategia sostenida.<\/span><span data-ccp-props=\"{&quot;134233117&quot;:true,&quot;134233118&quot;:true,&quot;335551550&quot;:6,&quot;335551620&quot;:6}\">\u00a0<\/span><\/p>\n<p><span data-contrast=\"auto\">Aqu\u00ed es donde el papel del Estado y de las instituciones resulta crucial. Apostar por la cultura como eje de integraci\u00f3n social implica invertir en infraestructura, formaci\u00f3n y acceso. Significa llevar actividades culturales a las comunidades m\u00e1s alejadas, garantizar que sean inclusivas y reconocer la diversidad como un valor. Pero tambi\u00e9n implica escuchar a quienes ya han vivido esa transformaci\u00f3n. Sus testimonios no solo son evidencia del impacto positivo, sino una gu\u00eda para dise\u00f1ar pol\u00edticas m\u00e1s efectivas.<\/span><span data-ccp-props=\"{&quot;134233117&quot;:true,&quot;134233118&quot;:true,&quot;335551550&quot;:6,&quot;335551620&quot;:6}\">\u00a0<\/span><\/p>\n<p><span data-contrast=\"auto\">La cultura, en este sentido, no solo integra: tambi\u00e9n previene. Ofrece alternativas frente a la violencia, genera sentido de pertenencia y abre horizontes donde antes hab\u00eda l\u00edmites. Un joven que encuentra en el arte un prop\u00f3sito dif\u00edcilmente buscar\u00e1 en la delincuencia una salida. Una comunidad que se organiza en torno a actividades culturales fortalece sus lazos y reduce su vulnerabilidad. Los testimonios as\u00ed lo confirman: donde hay cultura, hay posibilidad.<\/span><span data-ccp-props=\"{&quot;134233117&quot;:true,&quot;134233118&quot;:true,&quot;335551550&quot;:6,&quot;335551620&quot;:6}\">\u00a0<\/span><\/p>\n<p><span data-contrast=\"auto\">No obstante, la integraci\u00f3n cultural tambi\u00e9n exige un cambio de mirada social. Durante mucho tiempo se ha considerado que las actividades culturales son secundarias frente a otras necesidades. Pero los relatos de quienes han sido beneficiarios muestran lo contrario: la cultura puede ser el punto de partida para transformar vidas. No sustituye a otras pol\u00edticas, pero las complementa y potencia.<\/span><span data-ccp-props=\"{&quot;134233117&quot;:true,&quot;134233118&quot;:true,&quot;335551550&quot;:6,&quot;335551620&quot;:6}\">\u00a0<\/span><\/p>\n<p><span data-contrast=\"auto\">En \u00faltima instancia, escuchar estos testimonios es reconocer que la inclusi\u00f3n no se decreta, se construye. Y en ese proceso, la cultura tiene un papel insustituible. Cada historia de transformaci\u00f3n es una prueba de que es posible reconstruir el tejido social desde la creatividad, la expresi\u00f3n y el encuentro. Ignorar ese potencial ser\u00eda no solo un error, sino una oportunidad perdida.<\/span><span data-ccp-props=\"{&quot;134233117&quot;:true,&quot;134233118&quot;:true,&quot;335551550&quot;:6,&quot;335551620&quot;:6}\">\u00a0<\/span><\/p>\n<p><span data-contrast=\"auto\">Frente a un panorama complejo, la cultura ofrece algo que pocas pol\u00edticas logran: esperanza con resultados tangibles. No se trata de discursos, sino de experiencias vividas. De personas que encontraron un lugar donde antes no lo ten\u00edan. De comunidades que comenzaron a verse a s\u00ed mismas de otra manera. Ah\u00ed radica su verdadera fuerza.<\/span><span data-ccp-props=\"{&quot;134233117&quot;:true,&quot;134233118&quot;:true,&quot;335551550&quot;:6,&quot;335551620&quot;:6}\">\u00a0<\/span><\/p>\n<p><span data-contrast=\"auto\">Apostar por la cultura es, en el fondo, apostar por la integraci\u00f3n. Y los testimonios de quienes ya han recorrido ese camino son el recordatorio m\u00e1s claro de que, cuando se abren espacios para crear y compartir, tambi\u00e9n se abren puertas para pertenecer.<\/span><span data-ccp-props=\"{&quot;134233117&quot;:true,&quot;134233118&quot;:true,&quot;335551550&quot;:6,&quot;335551620&quot;:6}\">\u00a0<\/span><\/p>\n<p><span data-ccp-props=\"{&quot;335551550&quot;:6,&quot;335551620&quot;:6}\"> <img loading=\"lazy\" decoding=\"async\" class=\"alignnone wp-image-3498 size-large\" src=\"https:\/\/somos-hermanos.mx\/wp-content\/uploads\/2026\/04\/espacio-de-integracion-1024x538.png\" alt=\"espacio de integraci\u00f3n\" width=\"1024\" height=\"538\" srcset=\"https:\/\/somos-hermanos.mx\/wp-content\/uploads\/2026\/04\/espacio-de-integracion-1024x538.png 1024w, https:\/\/somos-hermanos.mx\/wp-content\/uploads\/2026\/04\/espacio-de-integracion-300x158.png 300w, https:\/\/somos-hermanos.mx\/wp-content\/uploads\/2026\/04\/espacio-de-integracion-768x403.png 768w, https:\/\/somos-hermanos.mx\/wp-content\/uploads\/2026\/04\/espacio-de-integracion.png 1200w\" sizes=\"auto, (max-width: 1024px) 100vw, 1024px\" \/><\/span><\/p>\n","protected":false},"excerpt":{"rendered":"<p>La cultura es un espacio de integraci\u00f3n que reconstruye v\u00ednculos y ofrece sentido de pertenencia en comunidades marcadas por la desigualdad. A trav\u00e9s de talleres art\u00edsticos, iniciativas comunitarias y proyectos culturales, ni\u00f1as, j\u00f3venes, mujeres y personas mayores han encontrado una voz propia y un lugar en la sociedad.\u00a0 Cuando la cultura integra lo que la [&hellip;]<\/p>\n","protected":false},"author":40,"featured_media":3499,"comment_status":"open","ping_status":"closed","sticky":false,"template":"","format":"standard","meta":{"footnotes":""},"categories":[6],"tags":[4543,4409],"class_list":["post-3497","post","type-post","status-publish","format-standard","has-post-thumbnail","hentry","category-noticias","tag-espacio-de-integracion","tag-somos-hermanos"],"yoast_head":"<!-- This site is optimized with the Yoast SEO plugin v27.5 - https:\/\/yoast.com\/product\/yoast-seo-wordpress\/ -->\n<title>Testimonios de beneficiarios que encontraron en la cultura un espacio de integraci\u00f3n - Historias que inspiran...<\/title>\n<meta name=\"description\" content=\"La cultura es un espacio de integraci\u00f3n que reconstruye v\u00ednculos y ofrece sentido de pertenencia en comunidades marcadas por la desigualdad.\" \/>\n<meta name=\"robots\" content=\"index, follow, max-snippet:-1, max-image-preview:large, max-video-preview:-1\" \/>\n<link rel=\"canonical\" href=\"https:\/\/somos-hermanos.mx\/index.php\/2026\/04\/28\/testimonios-de-beneficiarios-que-encontraron-en-la-cultura-un-espacio-de-integracion\/\" \/>\n<meta property=\"og:locale\" content=\"es_MX\" \/>\n<meta property=\"og:type\" content=\"article\" \/>\n<meta property=\"og:title\" content=\"Testimonios de beneficiarios que encontraron en la cultura un espacio de integraci\u00f3n - Historias que inspiran...\" \/>\n<meta property=\"og:description\" content=\"La cultura es un espacio de integraci\u00f3n que reconstruye v\u00ednculos y ofrece sentido de pertenencia en comunidades marcadas por la desigualdad.\" \/>\n<meta property=\"og:url\" content=\"https:\/\/somos-hermanos.mx\/index.php\/2026\/04\/28\/testimonios-de-beneficiarios-que-encontraron-en-la-cultura-un-espacio-de-integracion\/\" \/>\n<meta property=\"og:site_name\" content=\"Historias que inspiran...\" \/>\n<meta property=\"article:publisher\" content=\"https:\/\/www.facebook.com\/SomosHermanosIAP\/\" \/>\n<meta property=\"article:published_time\" content=\"2026-04-28T20:38:40+00:00\" \/>\n<meta property=\"og:image\" content=\"https:\/\/somos-hermanos.mx\/wp-content\/uploads\/2026\/04\/integracion.png\" \/>\n\t<meta property=\"og:image:width\" content=\"1200\" \/>\n\t<meta property=\"og:image:height\" content=\"630\" \/>\n\t<meta property=\"og:image:type\" content=\"image\/png\" \/>\n<meta name=\"author\" content=\"Daniel Lee\" \/>\n<meta name=\"twitter:card\" content=\"summary_large_image\" \/>\n<meta name=\"twitter:creator\" content=\"@Somos__Hermanos\" \/>\n<meta name=\"twitter:site\" content=\"@Somos__Hermanos\" \/>\n<meta name=\"twitter:label1\" content=\"Escrito por\" \/>\n\t<meta name=\"twitter:data1\" content=\"Daniel Lee\" \/>\n\t<meta name=\"twitter:label2\" content=\"Tiempo de lectura\" \/>\n\t<meta name=\"twitter:data2\" content=\"5 minutos\" \/>\n<script type=\"application\/ld+json\" class=\"yoast-schema-graph\">{\"@context\":\"https:\\\/\\\/schema.org\",\"@graph\":[{\"@type\":\"Article\",\"@id\":\"https:\\\/\\\/somos-hermanos.mx\\\/index.php\\\/2026\\\/04\\\/28\\\/testimonios-de-beneficiarios-que-encontraron-en-la-cultura-un-espacio-de-integracion\\\/#article\",\"isPartOf\":{\"@id\":\"https:\\\/\\\/somos-hermanos.mx\\\/index.php\\\/2026\\\/04\\\/28\\\/testimonios-de-beneficiarios-que-encontraron-en-la-cultura-un-espacio-de-integracion\\\/\"},\"author\":{\"name\":\"Daniel Lee\",\"@id\":\"https:\\\/\\\/somos-hermanos.mx\\\/#\\\/schema\\\/person\\\/b1c01de2def8860d46807108a057c382\"},\"headline\":\"Testimonios de beneficiarios que encontraron en la cultura un espacio de integraci\u00f3n\",\"datePublished\":\"2026-04-28T20:38:40+00:00\",\"mainEntityOfPage\":{\"@id\":\"https:\\\/\\\/somos-hermanos.mx\\\/index.php\\\/2026\\\/04\\\/28\\\/testimonios-de-beneficiarios-que-encontraron-en-la-cultura-un-espacio-de-integracion\\\/\"},\"wordCount\":885,\"commentCount\":0,\"publisher\":{\"@id\":\"https:\\\/\\\/somos-hermanos.mx\\\/#organization\"},\"image\":{\"@id\":\"https:\\\/\\\/somos-hermanos.mx\\\/index.php\\\/2026\\\/04\\\/28\\\/testimonios-de-beneficiarios-que-encontraron-en-la-cultura-un-espacio-de-integracion\\\/#primaryimage\"},\"thumbnailUrl\":\"https:\\\/\\\/somos-hermanos.mx\\\/wp-content\\\/uploads\\\/2026\\\/04\\\/integracion.png\",\"keywords\":[\"espacio de integraci\u00f3n\",\"Somos Hermanos\"],\"articleSection\":[\"Noticias\"],\"inLanguage\":\"es\",\"potentialAction\":[{\"@type\":\"CommentAction\",\"name\":\"Comment\",\"target\":[\"https:\\\/\\\/somos-hermanos.mx\\\/index.php\\\/2026\\\/04\\\/28\\\/testimonios-de-beneficiarios-que-encontraron-en-la-cultura-un-espacio-de-integracion\\\/#respond\"]}]},{\"@type\":\"WebPage\",\"@id\":\"https:\\\/\\\/somos-hermanos.mx\\\/index.php\\\/2026\\\/04\\\/28\\\/testimonios-de-beneficiarios-que-encontraron-en-la-cultura-un-espacio-de-integracion\\\/\",\"url\":\"https:\\\/\\\/somos-hermanos.mx\\\/index.php\\\/2026\\\/04\\\/28\\\/testimonios-de-beneficiarios-que-encontraron-en-la-cultura-un-espacio-de-integracion\\\/\",\"name\":\"Testimonios de beneficiarios que encontraron en la cultura un espacio de integraci\u00f3n - Historias que inspiran...\",\"isPartOf\":{\"@id\":\"https:\\\/\\\/somos-hermanos.mx\\\/#website\"},\"primaryImageOfPage\":{\"@id\":\"https:\\\/\\\/somos-hermanos.mx\\\/index.php\\\/2026\\\/04\\\/28\\\/testimonios-de-beneficiarios-que-encontraron-en-la-cultura-un-espacio-de-integracion\\\/#primaryimage\"},\"image\":{\"@id\":\"https:\\\/\\\/somos-hermanos.mx\\\/index.php\\\/2026\\\/04\\\/28\\\/testimonios-de-beneficiarios-que-encontraron-en-la-cultura-un-espacio-de-integracion\\\/#primaryimage\"},\"thumbnailUrl\":\"https:\\\/\\\/somos-hermanos.mx\\\/wp-content\\\/uploads\\\/2026\\\/04\\\/integracion.png\",\"datePublished\":\"2026-04-28T20:38:40+00:00\",\"description\":\"La cultura es un espacio de integraci\u00f3n que reconstruye v\u00ednculos y ofrece sentido de pertenencia en comunidades marcadas por la desigualdad.\",\"breadcrumb\":{\"@id\":\"https:\\\/\\\/somos-hermanos.mx\\\/index.php\\\/2026\\\/04\\\/28\\\/testimonios-de-beneficiarios-que-encontraron-en-la-cultura-un-espacio-de-integracion\\\/#breadcrumb\"},\"inLanguage\":\"es\",\"potentialAction\":[{\"@type\":\"ReadAction\",\"target\":[\"https:\\\/\\\/somos-hermanos.mx\\\/index.php\\\/2026\\\/04\\\/28\\\/testimonios-de-beneficiarios-que-encontraron-en-la-cultura-un-espacio-de-integracion\\\/\"]}]},{\"@type\":\"ImageObject\",\"inLanguage\":\"es\",\"@id\":\"https:\\\/\\\/somos-hermanos.mx\\\/index.php\\\/2026\\\/04\\\/28\\\/testimonios-de-beneficiarios-que-encontraron-en-la-cultura-un-espacio-de-integracion\\\/#primaryimage\",\"url\":\"https:\\\/\\\/somos-hermanos.mx\\\/wp-content\\\/uploads\\\/2026\\\/04\\\/integracion.png\",\"contentUrl\":\"https:\\\/\\\/somos-hermanos.mx\\\/wp-content\\\/uploads\\\/2026\\\/04\\\/integracion.png\",\"width\":1200,\"height\":630,\"caption\":\"integraci\u00f3n\"},{\"@type\":\"BreadcrumbList\",\"@id\":\"https:\\\/\\\/somos-hermanos.mx\\\/index.php\\\/2026\\\/04\\\/28\\\/testimonios-de-beneficiarios-que-encontraron-en-la-cultura-un-espacio-de-integracion\\\/#breadcrumb\",\"itemListElement\":[{\"@type\":\"ListItem\",\"position\":1,\"name\":\"Inicio\",\"item\":\"https:\\\/\\\/somos-hermanos.mx\\\/\"},{\"@type\":\"ListItem\",\"position\":2,\"name\":\"Testimonios de beneficiarios que encontraron en la cultura un espacio de integraci\u00f3n\"}]},{\"@type\":\"WebSite\",\"@id\":\"https:\\\/\\\/somos-hermanos.mx\\\/#website\",\"url\":\"https:\\\/\\\/somos-hermanos.mx\\\/\",\"name\":\"Historias que inspiran...\",\"description\":\"Somos la voz del altruismo en M\u00e9xico\",\"publisher\":{\"@id\":\"https:\\\/\\\/somos-hermanos.mx\\\/#organization\"},\"potentialAction\":[{\"@type\":\"SearchAction\",\"target\":{\"@type\":\"EntryPoint\",\"urlTemplate\":\"https:\\\/\\\/somos-hermanos.mx\\\/?s={search_term_string}\"},\"query-input\":{\"@type\":\"PropertyValueSpecification\",\"valueRequired\":true,\"valueName\":\"search_term_string\"}}],\"inLanguage\":\"es\"},{\"@type\":\"Organization\",\"@id\":\"https:\\\/\\\/somos-hermanos.mx\\\/#organization\",\"name\":\"Somos Hermanos\",\"url\":\"https:\\\/\\\/somos-hermanos.mx\\\/\",\"logo\":{\"@type\":\"ImageObject\",\"inLanguage\":\"es\",\"@id\":\"https:\\\/\\\/somos-hermanos.mx\\\/#\\\/schema\\\/logo\\\/image\\\/\",\"url\":\"https:\\\/\\\/somos-hermanos.mx\\\/wp-content\\\/uploads\\\/2025\\\/08\\\/SH30-1.jpeg\",\"contentUrl\":\"https:\\\/\\\/somos-hermanos.mx\\\/wp-content\\\/uploads\\\/2025\\\/08\\\/SH30-1.jpeg\",\"width\":1600,\"height\":1142,\"caption\":\"Somos Hermanos\"},\"image\":{\"@id\":\"https:\\\/\\\/somos-hermanos.mx\\\/#\\\/schema\\\/logo\\\/image\\\/\"},\"sameAs\":[\"https:\\\/\\\/www.facebook.com\\\/SomosHermanosIAP\\\/\",\"https:\\\/\\\/x.com\\\/Somos__Hermanos\",\"https:\\\/\\\/www.instagram.com\\\/somos__hermanos\\\/#\",\"https:\\\/\\\/www.tiktok.com\\\/@somoshermanosiap\",\"https:\\\/\\\/www.youtube.com\\\/@somoshermanosiap1201\\\/videos\"]},{\"@type\":\"Person\",\"@id\":\"https:\\\/\\\/somos-hermanos.mx\\\/#\\\/schema\\\/person\\\/b1c01de2def8860d46807108a057c382\",\"name\":\"Daniel Lee\",\"image\":{\"@type\":\"ImageObject\",\"inLanguage\":\"es\",\"@id\":\"https:\\\/\\\/secure.gravatar.com\\\/avatar\\\/2dd3f8e0edf827fc2d65493cfe27fd7112f627380ad3db70233fe1bed02f8a9c?s=96&d=mm&r=g\",\"url\":\"https:\\\/\\\/secure.gravatar.com\\\/avatar\\\/2dd3f8e0edf827fc2d65493cfe27fd7112f627380ad3db70233fe1bed02f8a9c?s=96&d=mm&r=g\",\"contentUrl\":\"https:\\\/\\\/secure.gravatar.com\\\/avatar\\\/2dd3f8e0edf827fc2d65493cfe27fd7112f627380ad3db70233fe1bed02f8a9c?s=96&d=mm&r=g\",\"caption\":\"Daniel Lee\"},\"url\":\"https:\\\/\\\/somos-hermanos.mx\\\/index.php\\\/author\\\/daniel-lee\\\/\"}]}<\/script>\n<!-- \/ Yoast SEO plugin. -->","yoast_head_json":{"title":"Testimonios de beneficiarios que encontraron en la cultura un espacio de integraci\u00f3n - Historias que inspiran...","description":"La cultura es un espacio de integraci\u00f3n que reconstruye v\u00ednculos y ofrece sentido de pertenencia en comunidades marcadas por la desigualdad.","robots":{"index":"index","follow":"follow","max-snippet":"max-snippet:-1","max-image-preview":"max-image-preview:large","max-video-preview":"max-video-preview:-1"},"canonical":"https:\/\/somos-hermanos.mx\/index.php\/2026\/04\/28\/testimonios-de-beneficiarios-que-encontraron-en-la-cultura-un-espacio-de-integracion\/","og_locale":"es_MX","og_type":"article","og_title":"Testimonios de beneficiarios que encontraron en la cultura un espacio de integraci\u00f3n - Historias que inspiran...","og_description":"La cultura es un espacio de integraci\u00f3n que reconstruye v\u00ednculos y ofrece sentido de pertenencia en comunidades marcadas por la desigualdad.","og_url":"https:\/\/somos-hermanos.mx\/index.php\/2026\/04\/28\/testimonios-de-beneficiarios-que-encontraron-en-la-cultura-un-espacio-de-integracion\/","og_site_name":"Historias que inspiran...","article_publisher":"https:\/\/www.facebook.com\/SomosHermanosIAP\/","article_published_time":"2026-04-28T20:38:40+00:00","og_image":[{"width":1200,"height":630,"url":"https:\/\/somos-hermanos.mx\/wp-content\/uploads\/2026\/04\/integracion.png","type":"image\/png"}],"author":"Daniel Lee","twitter_card":"summary_large_image","twitter_creator":"@Somos__Hermanos","twitter_site":"@Somos__Hermanos","twitter_misc":{"Escrito por":"Daniel Lee","Tiempo de lectura":"5 minutos"},"schema":{"@context":"https:\/\/schema.org","@graph":[{"@type":"Article","@id":"https:\/\/somos-hermanos.mx\/index.php\/2026\/04\/28\/testimonios-de-beneficiarios-que-encontraron-en-la-cultura-un-espacio-de-integracion\/#article","isPartOf":{"@id":"https:\/\/somos-hermanos.mx\/index.php\/2026\/04\/28\/testimonios-de-beneficiarios-que-encontraron-en-la-cultura-un-espacio-de-integracion\/"},"author":{"name":"Daniel Lee","@id":"https:\/\/somos-hermanos.mx\/#\/schema\/person\/b1c01de2def8860d46807108a057c382"},"headline":"Testimonios de beneficiarios que encontraron en la cultura un espacio de integraci\u00f3n","datePublished":"2026-04-28T20:38:40+00:00","mainEntityOfPage":{"@id":"https:\/\/somos-hermanos.mx\/index.php\/2026\/04\/28\/testimonios-de-beneficiarios-que-encontraron-en-la-cultura-un-espacio-de-integracion\/"},"wordCount":885,"commentCount":0,"publisher":{"@id":"https:\/\/somos-hermanos.mx\/#organization"},"image":{"@id":"https:\/\/somos-hermanos.mx\/index.php\/2026\/04\/28\/testimonios-de-beneficiarios-que-encontraron-en-la-cultura-un-espacio-de-integracion\/#primaryimage"},"thumbnailUrl":"https:\/\/somos-hermanos.mx\/wp-content\/uploads\/2026\/04\/integracion.png","keywords":["espacio de integraci\u00f3n","Somos Hermanos"],"articleSection":["Noticias"],"inLanguage":"es","potentialAction":[{"@type":"CommentAction","name":"Comment","target":["https:\/\/somos-hermanos.mx\/index.php\/2026\/04\/28\/testimonios-de-beneficiarios-que-encontraron-en-la-cultura-un-espacio-de-integracion\/#respond"]}]},{"@type":"WebPage","@id":"https:\/\/somos-hermanos.mx\/index.php\/2026\/04\/28\/testimonios-de-beneficiarios-que-encontraron-en-la-cultura-un-espacio-de-integracion\/","url":"https:\/\/somos-hermanos.mx\/index.php\/2026\/04\/28\/testimonios-de-beneficiarios-que-encontraron-en-la-cultura-un-espacio-de-integracion\/","name":"Testimonios de beneficiarios que encontraron en la cultura un espacio de integraci\u00f3n - Historias que inspiran...","isPartOf":{"@id":"https:\/\/somos-hermanos.mx\/#website"},"primaryImageOfPage":{"@id":"https:\/\/somos-hermanos.mx\/index.php\/2026\/04\/28\/testimonios-de-beneficiarios-que-encontraron-en-la-cultura-un-espacio-de-integracion\/#primaryimage"},"image":{"@id":"https:\/\/somos-hermanos.mx\/index.php\/2026\/04\/28\/testimonios-de-beneficiarios-que-encontraron-en-la-cultura-un-espacio-de-integracion\/#primaryimage"},"thumbnailUrl":"https:\/\/somos-hermanos.mx\/wp-content\/uploads\/2026\/04\/integracion.png","datePublished":"2026-04-28T20:38:40+00:00","description":"La cultura es un espacio de integraci\u00f3n que reconstruye v\u00ednculos y ofrece sentido de pertenencia en comunidades marcadas por la desigualdad.","breadcrumb":{"@id":"https:\/\/somos-hermanos.mx\/index.php\/2026\/04\/28\/testimonios-de-beneficiarios-que-encontraron-en-la-cultura-un-espacio-de-integracion\/#breadcrumb"},"inLanguage":"es","potentialAction":[{"@type":"ReadAction","target":["https:\/\/somos-hermanos.mx\/index.php\/2026\/04\/28\/testimonios-de-beneficiarios-que-encontraron-en-la-cultura-un-espacio-de-integracion\/"]}]},{"@type":"ImageObject","inLanguage":"es","@id":"https:\/\/somos-hermanos.mx\/index.php\/2026\/04\/28\/testimonios-de-beneficiarios-que-encontraron-en-la-cultura-un-espacio-de-integracion\/#primaryimage","url":"https:\/\/somos-hermanos.mx\/wp-content\/uploads\/2026\/04\/integracion.png","contentUrl":"https:\/\/somos-hermanos.mx\/wp-content\/uploads\/2026\/04\/integracion.png","width":1200,"height":630,"caption":"integraci\u00f3n"},{"@type":"BreadcrumbList","@id":"https:\/\/somos-hermanos.mx\/index.php\/2026\/04\/28\/testimonios-de-beneficiarios-que-encontraron-en-la-cultura-un-espacio-de-integracion\/#breadcrumb","itemListElement":[{"@type":"ListItem","position":1,"name":"Inicio","item":"https:\/\/somos-hermanos.mx\/"},{"@type":"ListItem","position":2,"name":"Testimonios de beneficiarios que encontraron en la cultura un espacio de integraci\u00f3n"}]},{"@type":"WebSite","@id":"https:\/\/somos-hermanos.mx\/#website","url":"https:\/\/somos-hermanos.mx\/","name":"Historias que inspiran...","description":"Somos la voz del altruismo en M\u00e9xico","publisher":{"@id":"https:\/\/somos-hermanos.mx\/#organization"},"potentialAction":[{"@type":"SearchAction","target":{"@type":"EntryPoint","urlTemplate":"https:\/\/somos-hermanos.mx\/?s={search_term_string}"},"query-input":{"@type":"PropertyValueSpecification","valueRequired":true,"valueName":"search_term_string"}}],"inLanguage":"es"},{"@type":"Organization","@id":"https:\/\/somos-hermanos.mx\/#organization","name":"Somos Hermanos","url":"https:\/\/somos-hermanos.mx\/","logo":{"@type":"ImageObject","inLanguage":"es","@id":"https:\/\/somos-hermanos.mx\/#\/schema\/logo\/image\/","url":"https:\/\/somos-hermanos.mx\/wp-content\/uploads\/2025\/08\/SH30-1.jpeg","contentUrl":"https:\/\/somos-hermanos.mx\/wp-content\/uploads\/2025\/08\/SH30-1.jpeg","width":1600,"height":1142,"caption":"Somos Hermanos"},"image":{"@id":"https:\/\/somos-hermanos.mx\/#\/schema\/logo\/image\/"},"sameAs":["https:\/\/www.facebook.com\/SomosHermanosIAP\/","https:\/\/x.com\/Somos__Hermanos","https:\/\/www.instagram.com\/somos__hermanos\/#","https:\/\/www.tiktok.com\/@somoshermanosiap","https:\/\/www.youtube.com\/@somoshermanosiap1201\/videos"]},{"@type":"Person","@id":"https:\/\/somos-hermanos.mx\/#\/schema\/person\/b1c01de2def8860d46807108a057c382","name":"Daniel Lee","image":{"@type":"ImageObject","inLanguage":"es","@id":"https:\/\/secure.gravatar.com\/avatar\/2dd3f8e0edf827fc2d65493cfe27fd7112f627380ad3db70233fe1bed02f8a9c?s=96&d=mm&r=g","url":"https:\/\/secure.gravatar.com\/avatar\/2dd3f8e0edf827fc2d65493cfe27fd7112f627380ad3db70233fe1bed02f8a9c?s=96&d=mm&r=g","contentUrl":"https:\/\/secure.gravatar.com\/avatar\/2dd3f8e0edf827fc2d65493cfe27fd7112f627380ad3db70233fe1bed02f8a9c?s=96&d=mm&r=g","caption":"Daniel Lee"},"url":"https:\/\/somos-hermanos.mx\/index.php\/author\/daniel-lee\/"}]}},"_links":{"self":[{"href":"https:\/\/somos-hermanos.mx\/index.php\/wp-json\/wp\/v2\/posts\/3497","targetHints":{"allow":["GET"]}}],"collection":[{"href":"https:\/\/somos-hermanos.mx\/index.php\/wp-json\/wp\/v2\/posts"}],"about":[{"href":"https:\/\/somos-hermanos.mx\/index.php\/wp-json\/wp\/v2\/types\/post"}],"author":[{"embeddable":true,"href":"https:\/\/somos-hermanos.mx\/index.php\/wp-json\/wp\/v2\/users\/40"}],"replies":[{"embeddable":true,"href":"https:\/\/somos-hermanos.mx\/index.php\/wp-json\/wp\/v2\/comments?post=3497"}],"version-history":[{"count":1,"href":"https:\/\/somos-hermanos.mx\/index.php\/wp-json\/wp\/v2\/posts\/3497\/revisions"}],"predecessor-version":[{"id":3500,"href":"https:\/\/somos-hermanos.mx\/index.php\/wp-json\/wp\/v2\/posts\/3497\/revisions\/3500"}],"wp:featuredmedia":[{"embeddable":true,"href":"https:\/\/somos-hermanos.mx\/index.php\/wp-json\/wp\/v2\/media\/3499"}],"wp:attachment":[{"href":"https:\/\/somos-hermanos.mx\/index.php\/wp-json\/wp\/v2\/media?parent=3497"}],"wp:term":[{"taxonomy":"category","embeddable":true,"href":"https:\/\/somos-hermanos.mx\/index.php\/wp-json\/wp\/v2\/categories?post=3497"},{"taxonomy":"post_tag","embeddable":true,"href":"https:\/\/somos-hermanos.mx\/index.php\/wp-json\/wp\/v2\/tags?post=3497"}],"curies":[{"name":"wp","href":"https:\/\/api.w.org\/{rel}","templated":true}]}}