{"id":3493,"date":"2026-04-27T18:20:43","date_gmt":"2026-04-28T00:20:43","guid":{"rendered":"https:\/\/somos-hermanos.mx\/?p=3493"},"modified":"2026-04-27T18:21:25","modified_gmt":"2026-04-28T00:21:25","slug":"la-coronacion","status":"publish","type":"post","link":"https:\/\/somos-hermanos.mx\/index.php\/2026\/04\/27\/la-coronacion\/","title":{"rendered":"La Coronaci\u00f3n"},"content":{"rendered":"<p><span data-contrast=\"none\">La propuesta de contemplar los misterios del Santo Rosario todos los d\u00edas viene para m\u00ed de San Josemar\u00eda Escriv\u00e1 de Balaguer, fundador del Opus Dei. Llevo varios meses d\u00e1ndole \u201cvueltas\u201d a este Misterio, el de la Coronaci\u00f3n, meti\u00e9ndome, como \u00e9l nos recomendaba, como un personaje m\u00e1s en la escena.<\/span><span data-ccp-props=\"{&quot;134233117&quot;:false,&quot;134233118&quot;:false,&quot;201341983&quot;:0,&quot;335551550&quot;:6,&quot;335551620&quot;:6,&quot;335559738&quot;:0,&quot;335559739&quot;:0,&quot;335559740&quot;:198}\">\u00a0<\/span><\/p>\n<p><span data-ccp-props=\"{&quot;134233117&quot;:false,&quot;134233118&quot;:false,&quot;201341983&quot;:0,&quot;335551550&quot;:6,&quot;335551620&quot;:6,&quot;335559738&quot;:0,&quot;335559739&quot;:0,&quot;335559740&quot;:198}\">\u00a0<\/span><\/p>\n<p><span data-contrast=\"none\">Hoy, por primera vez, me dedico a escribir algo de lo que \u201che visto\u201d, no como se ve con los ojos, sino con el coraz\u00f3n y afirmo que ilumina la realidad del Misterio pensar que la Coronaci\u00f3n es como un gran sal\u00f3n en el que todos los que acudimos a la Sant\u00edsima Virgen y lleguemos al cielo estaremos en ese evento magno, de la Coronaci\u00f3n de la Reina de cielos y tierra, con todo el gozo y alegr\u00eda que quepa en nuestra alma.<\/span><span data-ccp-props=\"{&quot;134233117&quot;:false,&quot;134233118&quot;:false,&quot;201341983&quot;:0,&quot;335551550&quot;:6,&quot;335551620&quot;:6,&quot;335559738&quot;:0,&quot;335559739&quot;:0,&quot;335559740&quot;:198}\">\u00a0<\/span><\/p>\n<p><span data-ccp-props=\"{&quot;134233117&quot;:false,&quot;134233118&quot;:false,&quot;201341983&quot;:0,&quot;335551550&quot;:6,&quot;335551620&quot;:6,&quot;335559738&quot;:0,&quot;335559739&quot;:0,&quot;335559740&quot;:198}\">\u00a0<\/span><\/p>\n<p><span data-contrast=\"none\">En los Evangelios, \u00bfCu\u00e1ntas veces se relaciona el gozo del cielo y de la Coronaci\u00f3n de la Sant\u00edsima Virgen? La respuesta es: Ninguna de manera directa en los Evangelios. Ahora bien, es importante diferenciar entre la Biblia y la tradici\u00f3n Teol\u00f3gica. En los Evangelios las \u00fanicas referencias claras al gozo en el cielo est\u00e1n en Lucas 15, 7 y Lucas 15,10. No se menciona a la Virgen Mar\u00eda en estos textos. Coronaci\u00f3n de la Sant\u00edsima Virgen no aparece expl\u00edcitamente en los Evangelios. No est\u00e1 vinculada directamente con textos de \u201cgozo en el cielo\u201d. Es una doctrina desarrollada en la Tradici\u00f3n de la Iglesia basada en:<\/span><span data-ccp-props=\"{&quot;134233117&quot;:false,&quot;134233118&quot;:false,&quot;201341983&quot;:0,&quot;335551550&quot;:6,&quot;335551620&quot;:6,&quot;335559738&quot;:0,&quot;335559739&quot;:0,&quot;335559740&quot;:198}\">\u00a0<\/span><\/p>\n<p><span data-ccp-props=\"{&quot;134233117&quot;:false,&quot;134233118&quot;:false,&quot;201341983&quot;:0,&quot;335551550&quot;:6,&quot;335551620&quot;:6,&quot;335559738&quot;:0,&quot;335559739&quot;:0,&quot;335559740&quot;:198}\">\u00a0<\/span><\/p>\n<p><span data-contrast=\"none\">Apocalipsis 12;1, teolog\u00eda sobre Mar\u00eda como Madre del Rey (Cristo), Reina del cielo. \u00bfExiste relaci\u00f3n indirecta? S\u00ed, pero es Teol\u00f3gica, no textual directa.<\/span><span data-ccp-props=\"{&quot;134233117&quot;:false,&quot;134233118&quot;:false,&quot;201341983&quot;:0,&quot;335551550&quot;:6,&quot;335551620&quot;:6,&quot;335559738&quot;:0,&quot;335559739&quot;:0,&quot;335559740&quot;:198}\">\u00a0<\/span><\/p>\n<p><span data-ccp-props=\"{&quot;134233117&quot;:false,&quot;134233118&quot;:false,&quot;201341983&quot;:0,&quot;335551550&quot;:6,&quot;335551620&quot;:6,&quot;335559738&quot;:0,&quot;335559739&quot;:0,&quot;335559740&quot;:198}\">\u00a0<\/span><\/p>\n<p><span data-contrast=\"none\">La relaci\u00f3n posible: En el cielo hay gozo por la salvaci\u00f3n (Lc). Mar\u00eda es vista como la plenamente redimida, la glorificada. Entonces en Teolog\u00eda la Coronaci\u00f3n implicar\u00eda gozo celestial pero la Biblia nunca conecta ambas cosas expl\u00edcitamente.<\/span><span data-ccp-props=\"{&quot;134233117&quot;:false,&quot;134233118&quot;:false,&quot;201341983&quot;:0,&quot;335551550&quot;:6,&quot;335551620&quot;:6,&quot;335559738&quot;:0,&quot;335559739&quot;:0,&quot;335559740&quot;:198}\">\u00a0<\/span><\/p>\n<p><span data-ccp-props=\"{&quot;134233117&quot;:false,&quot;134233118&quot;:false,&quot;201341983&quot;:0,&quot;335551550&quot;:6,&quot;335551620&quot;:6,&quot;335559738&quot;:0,&quot;335559739&quot;:0,&quot;335559740&quot;:198}\">\u00a0<\/span><\/p>\n<p><span data-contrast=\"none\">En una frase, el gozo del cielo est\u00e1 b\u00edblicamente ligado al arrepentimiento, no a la Coronaci\u00f3n de Mar\u00eda, la Conexi\u00f3n entre ambos es Teol\u00f3gica, no textual.<\/span><span data-ccp-props=\"{&quot;134233117&quot;:false,&quot;134233118&quot;:false,&quot;201341983&quot;:0,&quot;335551550&quot;:6,&quot;335551620&quot;:6,&quot;335559738&quot;:0,&quot;335559739&quot;:0,&quot;335559740&quot;:198}\">\u00a0<\/span><\/p>\n<p><span data-ccp-props=\"{&quot;134233117&quot;:false,&quot;134233118&quot;:false,&quot;201341983&quot;:0,&quot;335551550&quot;:6,&quot;335551620&quot;:6,&quot;335559738&quot;:0,&quot;335559739&quot;:0,&quot;335559740&quot;:198}\">\u00a0<\/span><\/p>\n<p><span data-contrast=\"none\">Estamos en Teolog\u00eda al afirmar que cuando muramos, si nos salvamos, estaremos disfrutando e invitados a la gran fiesta de la Coronaci\u00f3n de la Virgen Mar\u00eda. La iglesia llega al t\u00edtulo de Reina del cielo por desarrollo l\u00f3gico \u2013teol\u00f3gico a partir de su papel como Madre del Rey.<\/span><span data-ccp-props=\"{&quot;134233117&quot;:false,&quot;134233118&quot;:false,&quot;201341983&quot;:0,&quot;335551550&quot;:6,&quot;335551620&quot;:6,&quot;335559738&quot;:0,&quot;335559739&quot;:0,&quot;335559740&quot;:198}\">\u00a0<\/span><\/p>\n<p><span data-ccp-props=\"{&quot;134233117&quot;:false,&quot;134233118&quot;:false,&quot;201341983&quot;:0,&quot;335551550&quot;:6,&quot;335551620&quot;:6,&quot;335559738&quot;:0,&quot;335559739&quot;:0,&quot;335559740&quot;:198}\">\u00a0<\/span><\/p>\n<p><span data-contrast=\"none\">Documento clave en la definici\u00f3n moderna en la Iglesia es AD CAELI REGINAM de P\u00edo XII. Declara oficialmente a Mar\u00eda como Reina del cielo y de la tierra.\u00a0Hay mucho por contemplar y por escribir sobre este Misterio Glorioso del Santo Rosario.<\/span><span data-ccp-props=\"{&quot;134233117&quot;:false,&quot;134233118&quot;:false,&quot;201341983&quot;:0,&quot;335551550&quot;:6,&quot;335551620&quot;:6,&quot;335559738&quot;:0,&quot;335559739&quot;:0,&quot;335559740&quot;:198}\">\u00a0<\/span><\/p>\n<p><img loading=\"lazy\" decoding=\"async\" class=\"aligncenter\" src=\"https:\/\/scontent.fmex1-1.fna.fbcdn.net\/v\/t1.6435-9\/117853900_3449233151806925_3235775551274431439_n.jpg?_nc_cat=102&amp;ccb=1-7&amp;_nc_sid=7b2446&amp;_nc_ohc=ISbzKLX1nNMQ7kNvwGpBNdv&amp;_nc_oc=Adqix_zTgxNOJO01srZhGLnR_pTM_yp6ZUD8uWNtr1h8xO4AlWaOfMx_Sa_Vjbuym4zW4V-3NZ6-eNPV10xod9k1&amp;_nc_zt=23&amp;_nc_ht=scontent.fmex1-1.fna&amp;_nc_gid=mz3hnu1-4jg24dLDKV9zEQ&amp;_nc_ss=7b2a8&amp;oh=00_Af2T8BAciZOfJdPK4deOakySCday1YeTxGpQGIPLygAjhA&amp;oe=6A172EF9\" alt=\"\" width=\"500\" height=\"300\" \/><\/p>\n<p><span data-ccp-props=\"{}\">\u00a0<\/span><\/p>\n","protected":false},"excerpt":{"rendered":"<p>La propuesta de contemplar los misterios del Santo Rosario todos los d\u00edas viene para m\u00ed de San Josemar\u00eda Escriv\u00e1 de Balaguer, fundador del Opus Dei. Llevo varios meses d\u00e1ndole \u201cvueltas\u201d a este Misterio, el de la Coronaci\u00f3n, meti\u00e9ndome, como \u00e9l nos recomendaba, como un personaje m\u00e1s en la escena.\u00a0 \u00a0 Hoy, por primera vez, me [&hellip;]<\/p>\n","protected":false},"author":33,"featured_media":3494,"comment_status":"open","ping_status":"closed","sticky":false,"template":"","format":"standard","meta":{"footnotes":""},"categories":[14,30],"tags":[4406,4465,4542,4541,4409],"class_list":["post-3493","post","type-post","status-publish","format-standard","has-post-thumbnail","hentry","category-columnas","category-socorro-eugenia-quijano-villanueva","tag-altruismo","tag-fundacion","tag-iglesia","tag-rosario","tag-somos-hermanos"],"yoast_head":"<!-- This site is optimized with the Yoast SEO plugin v27.5 - https:\/\/yoast.com\/product\/yoast-seo-wordpress\/ -->\n<title>La Coronaci\u00f3n - Historias que inspiran...<\/title>\n<meta name=\"robots\" content=\"index, follow, max-snippet:-1, max-image-preview:large, max-video-preview:-1\" \/>\n<link rel=\"canonical\" href=\"https:\/\/somos-hermanos.mx\/index.php\/2026\/04\/27\/la-coronacion\/\" \/>\n<meta property=\"og:locale\" content=\"es_MX\" \/>\n<meta property=\"og:type\" content=\"article\" \/>\n<meta property=\"og:title\" content=\"La Coronaci\u00f3n - Historias que inspiran...\" \/>\n<meta property=\"og:description\" content=\"La propuesta de contemplar los misterios del Santo Rosario todos los d\u00edas viene para m\u00ed de San Josemar\u00eda Escriv\u00e1 de Balaguer, fundador del Opus Dei. Llevo varios meses d\u00e1ndole \u201cvueltas\u201d a este Misterio, el de la Coronaci\u00f3n, meti\u00e9ndome, como \u00e9l nos recomendaba, como un personaje m\u00e1s en la escena.\u00a0 \u00a0 Hoy, por primera vez, me [&hellip;]\" \/>\n<meta property=\"og:url\" content=\"https:\/\/somos-hermanos.mx\/index.php\/2026\/04\/27\/la-coronacion\/\" \/>\n<meta property=\"og:site_name\" content=\"Historias que inspiran...\" \/>\n<meta property=\"article:publisher\" content=\"https:\/\/www.facebook.com\/SomosHermanosIAP\/\" \/>\n<meta property=\"article:published_time\" content=\"2026-04-28T00:20:43+00:00\" \/>\n<meta property=\"article:modified_time\" content=\"2026-04-28T00:21:25+00:00\" \/>\n<meta property=\"og:image\" content=\"https:\/\/somos-hermanos.mx\/wp-content\/uploads\/2026\/04\/RosarioMisterios_080816.webp\" \/>\n\t<meta property=\"og:image:width\" content=\"900\" \/>\n\t<meta property=\"og:image:height\" content=\"500\" \/>\n\t<meta property=\"og:image:type\" content=\"image\/webp\" \/>\n<meta name=\"author\" content=\"Socorro E, Quijano Villanueva\" \/>\n<meta name=\"twitter:card\" content=\"summary_large_image\" \/>\n<meta name=\"twitter:creator\" content=\"@Somos__Hermanos\" \/>\n<meta name=\"twitter:site\" content=\"@Somos__Hermanos\" \/>\n<meta name=\"twitter:label1\" content=\"Escrito por\" \/>\n\t<meta name=\"twitter:data1\" content=\"Socorro E, Quijano Villanueva\" \/>\n\t<meta name=\"twitter:label2\" content=\"Tiempo de lectura\" \/>\n\t<meta name=\"twitter:data2\" content=\"3 minutos\" \/>\n<script type=\"application\/ld+json\" class=\"yoast-schema-graph\">{\"@context\":\"https:\\\/\\\/schema.org\",\"@graph\":[{\"@type\":\"Article\",\"@id\":\"https:\\\/\\\/somos-hermanos.mx\\\/index.php\\\/2026\\\/04\\\/27\\\/la-coronacion\\\/#article\",\"isPartOf\":{\"@id\":\"https:\\\/\\\/somos-hermanos.mx\\\/index.php\\\/2026\\\/04\\\/27\\\/la-coronacion\\\/\"},\"author\":{\"name\":\"Socorro E, Quijano Villanueva\",\"@id\":\"https:\\\/\\\/somos-hermanos.mx\\\/#\\\/schema\\\/person\\\/81718a5ce6fc3228ef9a715c0b2fa694\"},\"headline\":\"La Coronaci\u00f3n\",\"datePublished\":\"2026-04-28T00:20:43+00:00\",\"dateModified\":\"2026-04-28T00:21:25+00:00\",\"mainEntityOfPage\":{\"@id\":\"https:\\\/\\\/somos-hermanos.mx\\\/index.php\\\/2026\\\/04\\\/27\\\/la-coronacion\\\/\"},\"wordCount\":460,\"commentCount\":0,\"publisher\":{\"@id\":\"https:\\\/\\\/somos-hermanos.mx\\\/#organization\"},\"image\":{\"@id\":\"https:\\\/\\\/somos-hermanos.mx\\\/index.php\\\/2026\\\/04\\\/27\\\/la-coronacion\\\/#primaryimage\"},\"thumbnailUrl\":\"https:\\\/\\\/somos-hermanos.mx\\\/wp-content\\\/uploads\\\/2026\\\/04\\\/RosarioMisterios_080816.webp\",\"keywords\":[\"Altruismo\",\"Fundaci\u00f3n\",\"iglesia\",\"rosario\",\"Somos Hermanos\"],\"articleSection\":[\"Columnas\",\"Socorro Eugenia Quijano Villanueva\"],\"inLanguage\":\"es\",\"potentialAction\":[{\"@type\":\"CommentAction\",\"name\":\"Comment\",\"target\":[\"https:\\\/\\\/somos-hermanos.mx\\\/index.php\\\/2026\\\/04\\\/27\\\/la-coronacion\\\/#respond\"]}]},{\"@type\":\"WebPage\",\"@id\":\"https:\\\/\\\/somos-hermanos.mx\\\/index.php\\\/2026\\\/04\\\/27\\\/la-coronacion\\\/\",\"url\":\"https:\\\/\\\/somos-hermanos.mx\\\/index.php\\\/2026\\\/04\\\/27\\\/la-coronacion\\\/\",\"name\":\"La Coronaci\u00f3n - Historias que inspiran...\",\"isPartOf\":{\"@id\":\"https:\\\/\\\/somos-hermanos.mx\\\/#website\"},\"primaryImageOfPage\":{\"@id\":\"https:\\\/\\\/somos-hermanos.mx\\\/index.php\\\/2026\\\/04\\\/27\\\/la-coronacion\\\/#primaryimage\"},\"image\":{\"@id\":\"https:\\\/\\\/somos-hermanos.mx\\\/index.php\\\/2026\\\/04\\\/27\\\/la-coronacion\\\/#primaryimage\"},\"thumbnailUrl\":\"https:\\\/\\\/somos-hermanos.mx\\\/wp-content\\\/uploads\\\/2026\\\/04\\\/RosarioMisterios_080816.webp\",\"datePublished\":\"2026-04-28T00:20:43+00:00\",\"dateModified\":\"2026-04-28T00:21:25+00:00\",\"breadcrumb\":{\"@id\":\"https:\\\/\\\/somos-hermanos.mx\\\/index.php\\\/2026\\\/04\\\/27\\\/la-coronacion\\\/#breadcrumb\"},\"inLanguage\":\"es\",\"potentialAction\":[{\"@type\":\"ReadAction\",\"target\":[\"https:\\\/\\\/somos-hermanos.mx\\\/index.php\\\/2026\\\/04\\\/27\\\/la-coronacion\\\/\"]}]},{\"@type\":\"ImageObject\",\"inLanguage\":\"es\",\"@id\":\"https:\\\/\\\/somos-hermanos.mx\\\/index.php\\\/2026\\\/04\\\/27\\\/la-coronacion\\\/#primaryimage\",\"url\":\"https:\\\/\\\/somos-hermanos.mx\\\/wp-content\\\/uploads\\\/2026\\\/04\\\/RosarioMisterios_080816.webp\",\"contentUrl\":\"https:\\\/\\\/somos-hermanos.mx\\\/wp-content\\\/uploads\\\/2026\\\/04\\\/RosarioMisterios_080816.webp\",\"width\":900,\"height\":500,\"caption\":\"rosario\"},{\"@type\":\"BreadcrumbList\",\"@id\":\"https:\\\/\\\/somos-hermanos.mx\\\/index.php\\\/2026\\\/04\\\/27\\\/la-coronacion\\\/#breadcrumb\",\"itemListElement\":[{\"@type\":\"ListItem\",\"position\":1,\"name\":\"Inicio\",\"item\":\"https:\\\/\\\/somos-hermanos.mx\\\/\"},{\"@type\":\"ListItem\",\"position\":2,\"name\":\"La Coronaci\u00f3n\"}]},{\"@type\":\"WebSite\",\"@id\":\"https:\\\/\\\/somos-hermanos.mx\\\/#website\",\"url\":\"https:\\\/\\\/somos-hermanos.mx\\\/\",\"name\":\"Historias que inspiran...\",\"description\":\"Somos la voz del altruismo en M\u00e9xico\",\"publisher\":{\"@id\":\"https:\\\/\\\/somos-hermanos.mx\\\/#organization\"},\"potentialAction\":[{\"@type\":\"SearchAction\",\"target\":{\"@type\":\"EntryPoint\",\"urlTemplate\":\"https:\\\/\\\/somos-hermanos.mx\\\/?s={search_term_string}\"},\"query-input\":{\"@type\":\"PropertyValueSpecification\",\"valueRequired\":true,\"valueName\":\"search_term_string\"}}],\"inLanguage\":\"es\"},{\"@type\":\"Organization\",\"@id\":\"https:\\\/\\\/somos-hermanos.mx\\\/#organization\",\"name\":\"Somos Hermanos\",\"url\":\"https:\\\/\\\/somos-hermanos.mx\\\/\",\"logo\":{\"@type\":\"ImageObject\",\"inLanguage\":\"es\",\"@id\":\"https:\\\/\\\/somos-hermanos.mx\\\/#\\\/schema\\\/logo\\\/image\\\/\",\"url\":\"https:\\\/\\\/somos-hermanos.mx\\\/wp-content\\\/uploads\\\/2025\\\/08\\\/SH30-1.jpeg\",\"contentUrl\":\"https:\\\/\\\/somos-hermanos.mx\\\/wp-content\\\/uploads\\\/2025\\\/08\\\/SH30-1.jpeg\",\"width\":1600,\"height\":1142,\"caption\":\"Somos Hermanos\"},\"image\":{\"@id\":\"https:\\\/\\\/somos-hermanos.mx\\\/#\\\/schema\\\/logo\\\/image\\\/\"},\"sameAs\":[\"https:\\\/\\\/www.facebook.com\\\/SomosHermanosIAP\\\/\",\"https:\\\/\\\/x.com\\\/Somos__Hermanos\",\"https:\\\/\\\/www.instagram.com\\\/somos__hermanos\\\/#\",\"https:\\\/\\\/www.tiktok.com\\\/@somoshermanosiap\",\"https:\\\/\\\/www.youtube.com\\\/@somoshermanosiap1201\\\/videos\"]},{\"@type\":\"Person\",\"@id\":\"https:\\\/\\\/somos-hermanos.mx\\\/#\\\/schema\\\/person\\\/81718a5ce6fc3228ef9a715c0b2fa694\",\"name\":\"Socorro E, Quijano Villanueva\",\"image\":{\"@type\":\"ImageObject\",\"inLanguage\":\"es\",\"@id\":\"https:\\\/\\\/secure.gravatar.com\\\/avatar\\\/332dfc5a39bb89f7ea97b7253e339d8ef8a9e83e8006fba57166404b3be467fd?s=96&d=mm&r=g\",\"url\":\"https:\\\/\\\/secure.gravatar.com\\\/avatar\\\/332dfc5a39bb89f7ea97b7253e339d8ef8a9e83e8006fba57166404b3be467fd?s=96&d=mm&r=g\",\"contentUrl\":\"https:\\\/\\\/secure.gravatar.com\\\/avatar\\\/332dfc5a39bb89f7ea97b7253e339d8ef8a9e83e8006fba57166404b3be467fd?s=96&d=mm&r=g\",\"caption\":\"Socorro E, Quijano Villanueva\"},\"url\":\"https:\\\/\\\/somos-hermanos.mx\\\/index.php\\\/author\\\/socorro-e-quijano-villanueva\\\/\"}]}<\/script>\n<!-- \/ Yoast SEO plugin. -->","yoast_head_json":{"title":"La Coronaci\u00f3n - Historias que inspiran...","robots":{"index":"index","follow":"follow","max-snippet":"max-snippet:-1","max-image-preview":"max-image-preview:large","max-video-preview":"max-video-preview:-1"},"canonical":"https:\/\/somos-hermanos.mx\/index.php\/2026\/04\/27\/la-coronacion\/","og_locale":"es_MX","og_type":"article","og_title":"La Coronaci\u00f3n - Historias que inspiran...","og_description":"La propuesta de contemplar los misterios del Santo Rosario todos los d\u00edas viene para m\u00ed de San Josemar\u00eda Escriv\u00e1 de Balaguer, fundador del Opus Dei. Llevo varios meses d\u00e1ndole \u201cvueltas\u201d a este Misterio, el de la Coronaci\u00f3n, meti\u00e9ndome, como \u00e9l nos recomendaba, como un personaje m\u00e1s en la escena.\u00a0 \u00a0 Hoy, por primera vez, me [&hellip;]","og_url":"https:\/\/somos-hermanos.mx\/index.php\/2026\/04\/27\/la-coronacion\/","og_site_name":"Historias que inspiran...","article_publisher":"https:\/\/www.facebook.com\/SomosHermanosIAP\/","article_published_time":"2026-04-28T00:20:43+00:00","article_modified_time":"2026-04-28T00:21:25+00:00","og_image":[{"width":900,"height":500,"url":"https:\/\/somos-hermanos.mx\/wp-content\/uploads\/2026\/04\/RosarioMisterios_080816.webp","type":"image\/webp"}],"author":"Socorro E, Quijano Villanueva","twitter_card":"summary_large_image","twitter_creator":"@Somos__Hermanos","twitter_site":"@Somos__Hermanos","twitter_misc":{"Escrito por":"Socorro E, Quijano Villanueva","Tiempo de lectura":"3 minutos"},"schema":{"@context":"https:\/\/schema.org","@graph":[{"@type":"Article","@id":"https:\/\/somos-hermanos.mx\/index.php\/2026\/04\/27\/la-coronacion\/#article","isPartOf":{"@id":"https:\/\/somos-hermanos.mx\/index.php\/2026\/04\/27\/la-coronacion\/"},"author":{"name":"Socorro E, Quijano Villanueva","@id":"https:\/\/somos-hermanos.mx\/#\/schema\/person\/81718a5ce6fc3228ef9a715c0b2fa694"},"headline":"La Coronaci\u00f3n","datePublished":"2026-04-28T00:20:43+00:00","dateModified":"2026-04-28T00:21:25+00:00","mainEntityOfPage":{"@id":"https:\/\/somos-hermanos.mx\/index.php\/2026\/04\/27\/la-coronacion\/"},"wordCount":460,"commentCount":0,"publisher":{"@id":"https:\/\/somos-hermanos.mx\/#organization"},"image":{"@id":"https:\/\/somos-hermanos.mx\/index.php\/2026\/04\/27\/la-coronacion\/#primaryimage"},"thumbnailUrl":"https:\/\/somos-hermanos.mx\/wp-content\/uploads\/2026\/04\/RosarioMisterios_080816.webp","keywords":["Altruismo","Fundaci\u00f3n","iglesia","rosario","Somos Hermanos"],"articleSection":["Columnas","Socorro Eugenia Quijano Villanueva"],"inLanguage":"es","potentialAction":[{"@type":"CommentAction","name":"Comment","target":["https:\/\/somos-hermanos.mx\/index.php\/2026\/04\/27\/la-coronacion\/#respond"]}]},{"@type":"WebPage","@id":"https:\/\/somos-hermanos.mx\/index.php\/2026\/04\/27\/la-coronacion\/","url":"https:\/\/somos-hermanos.mx\/index.php\/2026\/04\/27\/la-coronacion\/","name":"La Coronaci\u00f3n - Historias que inspiran...","isPartOf":{"@id":"https:\/\/somos-hermanos.mx\/#website"},"primaryImageOfPage":{"@id":"https:\/\/somos-hermanos.mx\/index.php\/2026\/04\/27\/la-coronacion\/#primaryimage"},"image":{"@id":"https:\/\/somos-hermanos.mx\/index.php\/2026\/04\/27\/la-coronacion\/#primaryimage"},"thumbnailUrl":"https:\/\/somos-hermanos.mx\/wp-content\/uploads\/2026\/04\/RosarioMisterios_080816.webp","datePublished":"2026-04-28T00:20:43+00:00","dateModified":"2026-04-28T00:21:25+00:00","breadcrumb":{"@id":"https:\/\/somos-hermanos.mx\/index.php\/2026\/04\/27\/la-coronacion\/#breadcrumb"},"inLanguage":"es","potentialAction":[{"@type":"ReadAction","target":["https:\/\/somos-hermanos.mx\/index.php\/2026\/04\/27\/la-coronacion\/"]}]},{"@type":"ImageObject","inLanguage":"es","@id":"https:\/\/somos-hermanos.mx\/index.php\/2026\/04\/27\/la-coronacion\/#primaryimage","url":"https:\/\/somos-hermanos.mx\/wp-content\/uploads\/2026\/04\/RosarioMisterios_080816.webp","contentUrl":"https:\/\/somos-hermanos.mx\/wp-content\/uploads\/2026\/04\/RosarioMisterios_080816.webp","width":900,"height":500,"caption":"rosario"},{"@type":"BreadcrumbList","@id":"https:\/\/somos-hermanos.mx\/index.php\/2026\/04\/27\/la-coronacion\/#breadcrumb","itemListElement":[{"@type":"ListItem","position":1,"name":"Inicio","item":"https:\/\/somos-hermanos.mx\/"},{"@type":"ListItem","position":2,"name":"La Coronaci\u00f3n"}]},{"@type":"WebSite","@id":"https:\/\/somos-hermanos.mx\/#website","url":"https:\/\/somos-hermanos.mx\/","name":"Historias que inspiran...","description":"Somos la voz del altruismo en M\u00e9xico","publisher":{"@id":"https:\/\/somos-hermanos.mx\/#organization"},"potentialAction":[{"@type":"SearchAction","target":{"@type":"EntryPoint","urlTemplate":"https:\/\/somos-hermanos.mx\/?s={search_term_string}"},"query-input":{"@type":"PropertyValueSpecification","valueRequired":true,"valueName":"search_term_string"}}],"inLanguage":"es"},{"@type":"Organization","@id":"https:\/\/somos-hermanos.mx\/#organization","name":"Somos Hermanos","url":"https:\/\/somos-hermanos.mx\/","logo":{"@type":"ImageObject","inLanguage":"es","@id":"https:\/\/somos-hermanos.mx\/#\/schema\/logo\/image\/","url":"https:\/\/somos-hermanos.mx\/wp-content\/uploads\/2025\/08\/SH30-1.jpeg","contentUrl":"https:\/\/somos-hermanos.mx\/wp-content\/uploads\/2025\/08\/SH30-1.jpeg","width":1600,"height":1142,"caption":"Somos Hermanos"},"image":{"@id":"https:\/\/somos-hermanos.mx\/#\/schema\/logo\/image\/"},"sameAs":["https:\/\/www.facebook.com\/SomosHermanosIAP\/","https:\/\/x.com\/Somos__Hermanos","https:\/\/www.instagram.com\/somos__hermanos\/#","https:\/\/www.tiktok.com\/@somoshermanosiap","https:\/\/www.youtube.com\/@somoshermanosiap1201\/videos"]},{"@type":"Person","@id":"https:\/\/somos-hermanos.mx\/#\/schema\/person\/81718a5ce6fc3228ef9a715c0b2fa694","name":"Socorro E, Quijano Villanueva","image":{"@type":"ImageObject","inLanguage":"es","@id":"https:\/\/secure.gravatar.com\/avatar\/332dfc5a39bb89f7ea97b7253e339d8ef8a9e83e8006fba57166404b3be467fd?s=96&d=mm&r=g","url":"https:\/\/secure.gravatar.com\/avatar\/332dfc5a39bb89f7ea97b7253e339d8ef8a9e83e8006fba57166404b3be467fd?s=96&d=mm&r=g","contentUrl":"https:\/\/secure.gravatar.com\/avatar\/332dfc5a39bb89f7ea97b7253e339d8ef8a9e83e8006fba57166404b3be467fd?s=96&d=mm&r=g","caption":"Socorro E, Quijano Villanueva"},"url":"https:\/\/somos-hermanos.mx\/index.php\/author\/socorro-e-quijano-villanueva\/"}]}},"_links":{"self":[{"href":"https:\/\/somos-hermanos.mx\/index.php\/wp-json\/wp\/v2\/posts\/3493","targetHints":{"allow":["GET"]}}],"collection":[{"href":"https:\/\/somos-hermanos.mx\/index.php\/wp-json\/wp\/v2\/posts"}],"about":[{"href":"https:\/\/somos-hermanos.mx\/index.php\/wp-json\/wp\/v2\/types\/post"}],"author":[{"embeddable":true,"href":"https:\/\/somos-hermanos.mx\/index.php\/wp-json\/wp\/v2\/users\/33"}],"replies":[{"embeddable":true,"href":"https:\/\/somos-hermanos.mx\/index.php\/wp-json\/wp\/v2\/comments?post=3493"}],"version-history":[{"count":1,"href":"https:\/\/somos-hermanos.mx\/index.php\/wp-json\/wp\/v2\/posts\/3493\/revisions"}],"predecessor-version":[{"id":3495,"href":"https:\/\/somos-hermanos.mx\/index.php\/wp-json\/wp\/v2\/posts\/3493\/revisions\/3495"}],"wp:featuredmedia":[{"embeddable":true,"href":"https:\/\/somos-hermanos.mx\/index.php\/wp-json\/wp\/v2\/media\/3494"}],"wp:attachment":[{"href":"https:\/\/somos-hermanos.mx\/index.php\/wp-json\/wp\/v2\/media?parent=3493"}],"wp:term":[{"taxonomy":"category","embeddable":true,"href":"https:\/\/somos-hermanos.mx\/index.php\/wp-json\/wp\/v2\/categories?post=3493"},{"taxonomy":"post_tag","embeddable":true,"href":"https:\/\/somos-hermanos.mx\/index.php\/wp-json\/wp\/v2\/tags?post=3493"}],"curies":[{"name":"wp","href":"https:\/\/api.w.org\/{rel}","templated":true}]}}