{"id":3488,"date":"2026-04-27T18:00:16","date_gmt":"2026-04-28T00:00:16","guid":{"rendered":"https:\/\/somos-hermanos.mx\/?p=3488"},"modified":"2026-04-27T18:00:16","modified_gmt":"2026-04-28T00:00:16","slug":"comunicar-para-transformar-el-papel-de-la-estrategia-visual-en-el-cambio-social-en-mexico","status":"publish","type":"post","link":"https:\/\/somos-hermanos.mx\/index.php\/2026\/04\/27\/comunicar-para-transformar-el-papel-de-la-estrategia-visual-en-el-cambio-social-en-mexico\/","title":{"rendered":"Comunicar para transformar: el papel de la estrategia visual en el cambio social en M\u00e9xico"},"content":{"rendered":"<p><span data-contrast=\"auto\">En un contexto donde las problem\u00e1ticas sociales requieren no solo atenci\u00f3n, sino tambi\u00e9n visibilidad, la comunicaci\u00f3n estrat\u00e9gica se ha convertido en una herramienta clave para generar impacto. En la Ciudad de M\u00e9xico, iniciativas como\u00a0Otromexico\u00a0representan un ejemplo claro de c\u00f3mo el dise\u00f1o y la comunicaci\u00f3n visual pueden incidir en la transformaci\u00f3n social.<\/span><span data-ccp-props=\"{&quot;335551550&quot;:6,&quot;335551620&quot;:6}\">\u00a0<\/span><\/p>\n<p><span data-contrast=\"auto\">M\u00e1s all\u00e1 de ser una agencia tradicional,\u00a0Otromexico\u00a0trabaja bajo un enfoque de derechos humanos, utilizando herramientas como el\u00a0storytelling, el marketing social y el dise\u00f1o de campa\u00f1as para abordar temas complejos como la desigualdad de g\u00e9nero, el acceso a la justicia o la situaci\u00f3n de comunidades vulnerables. Su labor consiste en traducir problem\u00e1ticas sociales en mensajes claros, accesibles y emocionalmente relevantes para la sociedad.<\/span><span data-ccp-props=\"{&quot;335551550&quot;:6,&quot;335551620&quot;:6}\">\u00a0<\/span><\/p>\n<p><span data-contrast=\"auto\">Este tipo de organizaciones parte de una premisa fundamental: comunicar no es solo informar, sino generar conexi\u00f3n. A trav\u00e9s de estrategias visuales bien estructuradas \u2014desde identidad gr\u00e1fica hasta contenidos digitales\u2014 buscan sensibilizar a distintos p\u00fablicos y fomentar la participaci\u00f3n ciudadana.<\/span><span data-ccp-props=\"{&quot;335551550&quot;:6,&quot;335551620&quot;:6}\">\u00a0<\/span><\/p>\n<p><span data-contrast=\"auto\">La importancia de este enfoque radica en que muchas problem\u00e1ticas sociales no logran posicionarse en la agenda p\u00fablica debido a la falta de narrativas efectivas. En este sentido, el dise\u00f1o gr\u00e1fico y la comunicaci\u00f3n visual funcionan como puentes entre la informaci\u00f3n y la acci\u00f3n, permitiendo que los mensajes no solo sean comprendidos, sino tambi\u00e9n interiorizados.<\/span><span data-ccp-props=\"{&quot;335551550&quot;:6,&quot;335551620&quot;:6}\">\u00a0<\/span><\/p>\n<p><span data-contrast=\"auto\">En M\u00e9xico, el papel de las Organizaciones de la Sociedad Civil ha sido hist\u00f3ricamente relevante en la construcci\u00f3n de ciudadan\u00eda y en la promoci\u00f3n de cambios sociales. Estas organizaciones act\u00faan como intermediarias entre la sociedad y las instituciones, impulsando agendas que buscan mejorar la calidad de vida y fortalecer la participaci\u00f3n social.<\/span><span data-ccp-props=\"{&quot;335551550&quot;:6,&quot;335551620&quot;:6}\">\u00a0<\/span><\/p>\n<p><span data-contrast=\"auto\">Sin embargo, en un entorno saturado de informaci\u00f3n, el reto ya no es solo comunicar, sino destacar. Es aqu\u00ed donde la creatividad social cobra sentido: en la capacidad de transformar datos en historias, y problemas en mensajes que movilicen.<\/span><span data-ccp-props=\"{&quot;335551550&quot;:6,&quot;335551620&quot;:6}\">\u00a0<\/span><\/p>\n<p><span data-contrast=\"auto\">El trabajo de organizaciones como\u00a0Otromexico\u00a0evidencia que el dise\u00f1o y la comunicaci\u00f3n visual no son elementos secundarios, sino herramientas estrat\u00e9gicas para generar conciencia, influir en la opini\u00f3n p\u00fablica y, en \u00faltima instancia, promover cambios reales en la sociedad.<\/span><span data-ccp-props=\"{&quot;335551550&quot;:6,&quot;335551620&quot;:6}\">\u00a0<\/span><\/p>\n<p><span data-contrast=\"auto\">Porque en la actualidad, no basta con que una causa exista: necesita ser vista, comprendida y compartida. Y en ese proceso, la creatividad se convierte en un motor indispensable para el cambio social.\u00a0<\/span><span data-ccp-props=\"{&quot;335551550&quot;:6,&quot;335551620&quot;:6}\">\u00a0<\/span><\/p>\n<p><span data-ccp-props=\"{&quot;335551550&quot;:6,&quot;335551620&quot;:6}\"> <img loading=\"lazy\" decoding=\"async\" class=\"aligncenter\" src=\"https:\/\/apd-images.imgix.net\/uploads\/sites\/2\/2024\/04\/que-es-la-comunicacion-estrategica-scaled.jpg?auto=compress%2Cformat&amp;crop=edges&amp;fit=crop&amp;ixlib=php-1.1.0&amp;w=900&amp;s=1ebc8e770d2d6594c81be0c113773930\" width=\"728\" height=\"485\" \/><\/span><\/p>\n","protected":false},"excerpt":{"rendered":"<p>En un contexto donde las problem\u00e1ticas sociales requieren no solo atenci\u00f3n, sino tambi\u00e9n visibilidad, la comunicaci\u00f3n estrat\u00e9gica se ha convertido en una herramienta clave para generar impacto. En la Ciudad de M\u00e9xico, iniciativas como\u00a0Otromexico\u00a0representan un ejemplo claro de c\u00f3mo el dise\u00f1o y la comunicaci\u00f3n visual pueden incidir en la transformaci\u00f3n social.\u00a0 M\u00e1s all\u00e1 de ser [&hellip;]<\/p>\n","protected":false},"author":45,"featured_media":3489,"comment_status":"open","ping_status":"closed","sticky":false,"template":"","format":"standard","meta":{"footnotes":""},"categories":[6],"tags":[4407,4409],"class_list":["post-3488","post","type-post","status-publish","format-standard","has-post-thumbnail","hentry","category-noticias","tag-mexico","tag-somos-hermanos"],"yoast_head":"<!-- This site is optimized with the Yoast SEO plugin v27.5 - https:\/\/yoast.com\/product\/yoast-seo-wordpress\/ -->\n<title>Comunicar para transformar: el papel de la estrategia visual en el cambio social en M\u00e9xico - Historias que inspiran...<\/title>\n<meta name=\"description\" content=\"En la Ciudad de M\u00e9xico, iniciativas como\u00a0Otromexico\u00a0representan un ejemplo claro de c\u00f3mo el dise\u00f1o y la comunicaci\u00f3n visual\" \/>\n<meta name=\"robots\" content=\"index, follow, max-snippet:-1, max-image-preview:large, max-video-preview:-1\" \/>\n<link rel=\"canonical\" href=\"https:\/\/somos-hermanos.mx\/index.php\/2026\/04\/27\/comunicar-para-transformar-el-papel-de-la-estrategia-visual-en-el-cambio-social-en-mexico\/\" \/>\n<meta property=\"og:locale\" content=\"es_MX\" \/>\n<meta property=\"og:type\" content=\"article\" \/>\n<meta property=\"og:title\" content=\"Comunicar para transformar: el papel de la estrategia visual en el cambio social en M\u00e9xico - Historias que inspiran...\" \/>\n<meta property=\"og:description\" content=\"En la Ciudad de M\u00e9xico, iniciativas como\u00a0Otromexico\u00a0representan un ejemplo claro de c\u00f3mo el dise\u00f1o y la comunicaci\u00f3n visual\" \/>\n<meta property=\"og:url\" content=\"https:\/\/somos-hermanos.mx\/index.php\/2026\/04\/27\/comunicar-para-transformar-el-papel-de-la-estrategia-visual-en-el-cambio-social-en-mexico\/\" \/>\n<meta property=\"og:site_name\" content=\"Historias que inspiran...\" \/>\n<meta property=\"article:publisher\" content=\"https:\/\/www.facebook.com\/SomosHermanosIAP\/\" \/>\n<meta property=\"article:published_time\" content=\"2026-04-28T00:00:16+00:00\" \/>\n<meta property=\"og:image\" content=\"https:\/\/somos-hermanos.mx\/wp-content\/uploads\/2026\/04\/Comunicar-para-transformar.jpg\" \/>\n\t<meta property=\"og:image:width\" content=\"1200\" \/>\n\t<meta property=\"og:image:height\" content=\"630\" \/>\n\t<meta property=\"og:image:type\" content=\"image\/jpeg\" \/>\n<meta name=\"author\" content=\"Jos\u00e9 Enrique Flores Ju\u00e1rez\" \/>\n<meta name=\"twitter:card\" content=\"summary_large_image\" \/>\n<meta name=\"twitter:creator\" content=\"@Somos__Hermanos\" \/>\n<meta name=\"twitter:site\" content=\"@Somos__Hermanos\" \/>\n<meta name=\"twitter:label1\" content=\"Escrito por\" \/>\n\t<meta name=\"twitter:data1\" content=\"Jos\u00e9 Enrique Flores Ju\u00e1rez\" \/>\n\t<meta name=\"twitter:label2\" content=\"Tiempo de lectura\" \/>\n\t<meta name=\"twitter:data2\" content=\"3 minutos\" \/>\n<script type=\"application\/ld+json\" class=\"yoast-schema-graph\">{\"@context\":\"https:\\\/\\\/schema.org\",\"@graph\":[{\"@type\":\"Article\",\"@id\":\"https:\\\/\\\/somos-hermanos.mx\\\/index.php\\\/2026\\\/04\\\/27\\\/comunicar-para-transformar-el-papel-de-la-estrategia-visual-en-el-cambio-social-en-mexico\\\/#article\",\"isPartOf\":{\"@id\":\"https:\\\/\\\/somos-hermanos.mx\\\/index.php\\\/2026\\\/04\\\/27\\\/comunicar-para-transformar-el-papel-de-la-estrategia-visual-en-el-cambio-social-en-mexico\\\/\"},\"author\":{\"name\":\"Jos\u00e9 Enrique Flores Ju\u00e1rez\",\"@id\":\"https:\\\/\\\/somos-hermanos.mx\\\/#\\\/schema\\\/person\\\/06ce844c0dc41ed80bbcb403a8e81db6\"},\"headline\":\"Comunicar para transformar: el papel de la estrategia visual en el cambio social en M\u00e9xico\",\"datePublished\":\"2026-04-28T00:00:16+00:00\",\"mainEntityOfPage\":{\"@id\":\"https:\\\/\\\/somos-hermanos.mx\\\/index.php\\\/2026\\\/04\\\/27\\\/comunicar-para-transformar-el-papel-de-la-estrategia-visual-en-el-cambio-social-en-mexico\\\/\"},\"wordCount\":434,\"commentCount\":0,\"publisher\":{\"@id\":\"https:\\\/\\\/somos-hermanos.mx\\\/#organization\"},\"image\":{\"@id\":\"https:\\\/\\\/somos-hermanos.mx\\\/index.php\\\/2026\\\/04\\\/27\\\/comunicar-para-transformar-el-papel-de-la-estrategia-visual-en-el-cambio-social-en-mexico\\\/#primaryimage\"},\"thumbnailUrl\":\"https:\\\/\\\/somos-hermanos.mx\\\/wp-content\\\/uploads\\\/2026\\\/04\\\/Comunicar-para-transformar.jpg\",\"keywords\":[\"M\u00e9xico\",\"Somos Hermanos\"],\"articleSection\":[\"Noticias\"],\"inLanguage\":\"es\",\"potentialAction\":[{\"@type\":\"CommentAction\",\"name\":\"Comment\",\"target\":[\"https:\\\/\\\/somos-hermanos.mx\\\/index.php\\\/2026\\\/04\\\/27\\\/comunicar-para-transformar-el-papel-de-la-estrategia-visual-en-el-cambio-social-en-mexico\\\/#respond\"]}]},{\"@type\":\"WebPage\",\"@id\":\"https:\\\/\\\/somos-hermanos.mx\\\/index.php\\\/2026\\\/04\\\/27\\\/comunicar-para-transformar-el-papel-de-la-estrategia-visual-en-el-cambio-social-en-mexico\\\/\",\"url\":\"https:\\\/\\\/somos-hermanos.mx\\\/index.php\\\/2026\\\/04\\\/27\\\/comunicar-para-transformar-el-papel-de-la-estrategia-visual-en-el-cambio-social-en-mexico\\\/\",\"name\":\"Comunicar para transformar: el papel de la estrategia visual en el cambio social en M\u00e9xico - Historias que inspiran...\",\"isPartOf\":{\"@id\":\"https:\\\/\\\/somos-hermanos.mx\\\/#website\"},\"primaryImageOfPage\":{\"@id\":\"https:\\\/\\\/somos-hermanos.mx\\\/index.php\\\/2026\\\/04\\\/27\\\/comunicar-para-transformar-el-papel-de-la-estrategia-visual-en-el-cambio-social-en-mexico\\\/#primaryimage\"},\"image\":{\"@id\":\"https:\\\/\\\/somos-hermanos.mx\\\/index.php\\\/2026\\\/04\\\/27\\\/comunicar-para-transformar-el-papel-de-la-estrategia-visual-en-el-cambio-social-en-mexico\\\/#primaryimage\"},\"thumbnailUrl\":\"https:\\\/\\\/somos-hermanos.mx\\\/wp-content\\\/uploads\\\/2026\\\/04\\\/Comunicar-para-transformar.jpg\",\"datePublished\":\"2026-04-28T00:00:16+00:00\",\"description\":\"En la Ciudad de M\u00e9xico, iniciativas como\u00a0Otromexico\u00a0representan un ejemplo claro de c\u00f3mo el dise\u00f1o y la comunicaci\u00f3n visual\",\"breadcrumb\":{\"@id\":\"https:\\\/\\\/somos-hermanos.mx\\\/index.php\\\/2026\\\/04\\\/27\\\/comunicar-para-transformar-el-papel-de-la-estrategia-visual-en-el-cambio-social-en-mexico\\\/#breadcrumb\"},\"inLanguage\":\"es\",\"potentialAction\":[{\"@type\":\"ReadAction\",\"target\":[\"https:\\\/\\\/somos-hermanos.mx\\\/index.php\\\/2026\\\/04\\\/27\\\/comunicar-para-transformar-el-papel-de-la-estrategia-visual-en-el-cambio-social-en-mexico\\\/\"]}]},{\"@type\":\"ImageObject\",\"inLanguage\":\"es\",\"@id\":\"https:\\\/\\\/somos-hermanos.mx\\\/index.php\\\/2026\\\/04\\\/27\\\/comunicar-para-transformar-el-papel-de-la-estrategia-visual-en-el-cambio-social-en-mexico\\\/#primaryimage\",\"url\":\"https:\\\/\\\/somos-hermanos.mx\\\/wp-content\\\/uploads\\\/2026\\\/04\\\/Comunicar-para-transformar.jpg\",\"contentUrl\":\"https:\\\/\\\/somos-hermanos.mx\\\/wp-content\\\/uploads\\\/2026\\\/04\\\/Comunicar-para-transformar.jpg\",\"width\":1200,\"height\":630,\"caption\":\"Comunicar para transformar\"},{\"@type\":\"BreadcrumbList\",\"@id\":\"https:\\\/\\\/somos-hermanos.mx\\\/index.php\\\/2026\\\/04\\\/27\\\/comunicar-para-transformar-el-papel-de-la-estrategia-visual-en-el-cambio-social-en-mexico\\\/#breadcrumb\",\"itemListElement\":[{\"@type\":\"ListItem\",\"position\":1,\"name\":\"Inicio\",\"item\":\"https:\\\/\\\/somos-hermanos.mx\\\/\"},{\"@type\":\"ListItem\",\"position\":2,\"name\":\"Comunicar para transformar: el papel de la estrategia visual en el cambio social en M\u00e9xico\"}]},{\"@type\":\"WebSite\",\"@id\":\"https:\\\/\\\/somos-hermanos.mx\\\/#website\",\"url\":\"https:\\\/\\\/somos-hermanos.mx\\\/\",\"name\":\"Historias que inspiran...\",\"description\":\"Somos la voz del altruismo en M\u00e9xico\",\"publisher\":{\"@id\":\"https:\\\/\\\/somos-hermanos.mx\\\/#organization\"},\"potentialAction\":[{\"@type\":\"SearchAction\",\"target\":{\"@type\":\"EntryPoint\",\"urlTemplate\":\"https:\\\/\\\/somos-hermanos.mx\\\/?s={search_term_string}\"},\"query-input\":{\"@type\":\"PropertyValueSpecification\",\"valueRequired\":true,\"valueName\":\"search_term_string\"}}],\"inLanguage\":\"es\"},{\"@type\":\"Organization\",\"@id\":\"https:\\\/\\\/somos-hermanos.mx\\\/#organization\",\"name\":\"Somos Hermanos\",\"url\":\"https:\\\/\\\/somos-hermanos.mx\\\/\",\"logo\":{\"@type\":\"ImageObject\",\"inLanguage\":\"es\",\"@id\":\"https:\\\/\\\/somos-hermanos.mx\\\/#\\\/schema\\\/logo\\\/image\\\/\",\"url\":\"https:\\\/\\\/somos-hermanos.mx\\\/wp-content\\\/uploads\\\/2025\\\/08\\\/SH30-1.jpeg\",\"contentUrl\":\"https:\\\/\\\/somos-hermanos.mx\\\/wp-content\\\/uploads\\\/2025\\\/08\\\/SH30-1.jpeg\",\"width\":1600,\"height\":1142,\"caption\":\"Somos Hermanos\"},\"image\":{\"@id\":\"https:\\\/\\\/somos-hermanos.mx\\\/#\\\/schema\\\/logo\\\/image\\\/\"},\"sameAs\":[\"https:\\\/\\\/www.facebook.com\\\/SomosHermanosIAP\\\/\",\"https:\\\/\\\/x.com\\\/Somos__Hermanos\",\"https:\\\/\\\/www.instagram.com\\\/somos__hermanos\\\/#\",\"https:\\\/\\\/www.tiktok.com\\\/@somoshermanosiap\",\"https:\\\/\\\/www.youtube.com\\\/@somoshermanosiap1201\\\/videos\"]},{\"@type\":\"Person\",\"@id\":\"https:\\\/\\\/somos-hermanos.mx\\\/#\\\/schema\\\/person\\\/06ce844c0dc41ed80bbcb403a8e81db6\",\"name\":\"Jos\u00e9 Enrique Flores Ju\u00e1rez\",\"image\":{\"@type\":\"ImageObject\",\"inLanguage\":\"es\",\"@id\":\"https:\\\/\\\/secure.gravatar.com\\\/avatar\\\/cf76b1c99d115cdcf4614e91db164123e0ec7c0d7a500b23e70233b182ba7fb1?s=96&d=mm&r=g\",\"url\":\"https:\\\/\\\/secure.gravatar.com\\\/avatar\\\/cf76b1c99d115cdcf4614e91db164123e0ec7c0d7a500b23e70233b182ba7fb1?s=96&d=mm&r=g\",\"contentUrl\":\"https:\\\/\\\/secure.gravatar.com\\\/avatar\\\/cf76b1c99d115cdcf4614e91db164123e0ec7c0d7a500b23e70233b182ba7fb1?s=96&d=mm&r=g\",\"caption\":\"Jos\u00e9 Enrique Flores Ju\u00e1rez\"},\"url\":\"https:\\\/\\\/somos-hermanos.mx\\\/index.php\\\/author\\\/jose-enrique-flores-juarez\\\/\"}]}<\/script>\n<!-- \/ Yoast SEO plugin. -->","yoast_head_json":{"title":"Comunicar para transformar: el papel de la estrategia visual en el cambio social en M\u00e9xico - Historias que inspiran...","description":"En la Ciudad de M\u00e9xico, iniciativas como\u00a0Otromexico\u00a0representan un ejemplo claro de c\u00f3mo el dise\u00f1o y la comunicaci\u00f3n visual","robots":{"index":"index","follow":"follow","max-snippet":"max-snippet:-1","max-image-preview":"max-image-preview:large","max-video-preview":"max-video-preview:-1"},"canonical":"https:\/\/somos-hermanos.mx\/index.php\/2026\/04\/27\/comunicar-para-transformar-el-papel-de-la-estrategia-visual-en-el-cambio-social-en-mexico\/","og_locale":"es_MX","og_type":"article","og_title":"Comunicar para transformar: el papel de la estrategia visual en el cambio social en M\u00e9xico - Historias que inspiran...","og_description":"En la Ciudad de M\u00e9xico, iniciativas como\u00a0Otromexico\u00a0representan un ejemplo claro de c\u00f3mo el dise\u00f1o y la comunicaci\u00f3n visual","og_url":"https:\/\/somos-hermanos.mx\/index.php\/2026\/04\/27\/comunicar-para-transformar-el-papel-de-la-estrategia-visual-en-el-cambio-social-en-mexico\/","og_site_name":"Historias que inspiran...","article_publisher":"https:\/\/www.facebook.com\/SomosHermanosIAP\/","article_published_time":"2026-04-28T00:00:16+00:00","og_image":[{"width":1200,"height":630,"url":"https:\/\/somos-hermanos.mx\/wp-content\/uploads\/2026\/04\/Comunicar-para-transformar.jpg","type":"image\/jpeg"}],"author":"Jos\u00e9 Enrique Flores Ju\u00e1rez","twitter_card":"summary_large_image","twitter_creator":"@Somos__Hermanos","twitter_site":"@Somos__Hermanos","twitter_misc":{"Escrito por":"Jos\u00e9 Enrique Flores Ju\u00e1rez","Tiempo de lectura":"3 minutos"},"schema":{"@context":"https:\/\/schema.org","@graph":[{"@type":"Article","@id":"https:\/\/somos-hermanos.mx\/index.php\/2026\/04\/27\/comunicar-para-transformar-el-papel-de-la-estrategia-visual-en-el-cambio-social-en-mexico\/#article","isPartOf":{"@id":"https:\/\/somos-hermanos.mx\/index.php\/2026\/04\/27\/comunicar-para-transformar-el-papel-de-la-estrategia-visual-en-el-cambio-social-en-mexico\/"},"author":{"name":"Jos\u00e9 Enrique Flores Ju\u00e1rez","@id":"https:\/\/somos-hermanos.mx\/#\/schema\/person\/06ce844c0dc41ed80bbcb403a8e81db6"},"headline":"Comunicar para transformar: el papel de la estrategia visual en el cambio social en M\u00e9xico","datePublished":"2026-04-28T00:00:16+00:00","mainEntityOfPage":{"@id":"https:\/\/somos-hermanos.mx\/index.php\/2026\/04\/27\/comunicar-para-transformar-el-papel-de-la-estrategia-visual-en-el-cambio-social-en-mexico\/"},"wordCount":434,"commentCount":0,"publisher":{"@id":"https:\/\/somos-hermanos.mx\/#organization"},"image":{"@id":"https:\/\/somos-hermanos.mx\/index.php\/2026\/04\/27\/comunicar-para-transformar-el-papel-de-la-estrategia-visual-en-el-cambio-social-en-mexico\/#primaryimage"},"thumbnailUrl":"https:\/\/somos-hermanos.mx\/wp-content\/uploads\/2026\/04\/Comunicar-para-transformar.jpg","keywords":["M\u00e9xico","Somos Hermanos"],"articleSection":["Noticias"],"inLanguage":"es","potentialAction":[{"@type":"CommentAction","name":"Comment","target":["https:\/\/somos-hermanos.mx\/index.php\/2026\/04\/27\/comunicar-para-transformar-el-papel-de-la-estrategia-visual-en-el-cambio-social-en-mexico\/#respond"]}]},{"@type":"WebPage","@id":"https:\/\/somos-hermanos.mx\/index.php\/2026\/04\/27\/comunicar-para-transformar-el-papel-de-la-estrategia-visual-en-el-cambio-social-en-mexico\/","url":"https:\/\/somos-hermanos.mx\/index.php\/2026\/04\/27\/comunicar-para-transformar-el-papel-de-la-estrategia-visual-en-el-cambio-social-en-mexico\/","name":"Comunicar para transformar: el papel de la estrategia visual en el cambio social en M\u00e9xico - Historias que inspiran...","isPartOf":{"@id":"https:\/\/somos-hermanos.mx\/#website"},"primaryImageOfPage":{"@id":"https:\/\/somos-hermanos.mx\/index.php\/2026\/04\/27\/comunicar-para-transformar-el-papel-de-la-estrategia-visual-en-el-cambio-social-en-mexico\/#primaryimage"},"image":{"@id":"https:\/\/somos-hermanos.mx\/index.php\/2026\/04\/27\/comunicar-para-transformar-el-papel-de-la-estrategia-visual-en-el-cambio-social-en-mexico\/#primaryimage"},"thumbnailUrl":"https:\/\/somos-hermanos.mx\/wp-content\/uploads\/2026\/04\/Comunicar-para-transformar.jpg","datePublished":"2026-04-28T00:00:16+00:00","description":"En la Ciudad de M\u00e9xico, iniciativas como\u00a0Otromexico\u00a0representan un ejemplo claro de c\u00f3mo el dise\u00f1o y la comunicaci\u00f3n visual","breadcrumb":{"@id":"https:\/\/somos-hermanos.mx\/index.php\/2026\/04\/27\/comunicar-para-transformar-el-papel-de-la-estrategia-visual-en-el-cambio-social-en-mexico\/#breadcrumb"},"inLanguage":"es","potentialAction":[{"@type":"ReadAction","target":["https:\/\/somos-hermanos.mx\/index.php\/2026\/04\/27\/comunicar-para-transformar-el-papel-de-la-estrategia-visual-en-el-cambio-social-en-mexico\/"]}]},{"@type":"ImageObject","inLanguage":"es","@id":"https:\/\/somos-hermanos.mx\/index.php\/2026\/04\/27\/comunicar-para-transformar-el-papel-de-la-estrategia-visual-en-el-cambio-social-en-mexico\/#primaryimage","url":"https:\/\/somos-hermanos.mx\/wp-content\/uploads\/2026\/04\/Comunicar-para-transformar.jpg","contentUrl":"https:\/\/somos-hermanos.mx\/wp-content\/uploads\/2026\/04\/Comunicar-para-transformar.jpg","width":1200,"height":630,"caption":"Comunicar para transformar"},{"@type":"BreadcrumbList","@id":"https:\/\/somos-hermanos.mx\/index.php\/2026\/04\/27\/comunicar-para-transformar-el-papel-de-la-estrategia-visual-en-el-cambio-social-en-mexico\/#breadcrumb","itemListElement":[{"@type":"ListItem","position":1,"name":"Inicio","item":"https:\/\/somos-hermanos.mx\/"},{"@type":"ListItem","position":2,"name":"Comunicar para transformar: el papel de la estrategia visual en el cambio social en M\u00e9xico"}]},{"@type":"WebSite","@id":"https:\/\/somos-hermanos.mx\/#website","url":"https:\/\/somos-hermanos.mx\/","name":"Historias que inspiran...","description":"Somos la voz del altruismo en M\u00e9xico","publisher":{"@id":"https:\/\/somos-hermanos.mx\/#organization"},"potentialAction":[{"@type":"SearchAction","target":{"@type":"EntryPoint","urlTemplate":"https:\/\/somos-hermanos.mx\/?s={search_term_string}"},"query-input":{"@type":"PropertyValueSpecification","valueRequired":true,"valueName":"search_term_string"}}],"inLanguage":"es"},{"@type":"Organization","@id":"https:\/\/somos-hermanos.mx\/#organization","name":"Somos Hermanos","url":"https:\/\/somos-hermanos.mx\/","logo":{"@type":"ImageObject","inLanguage":"es","@id":"https:\/\/somos-hermanos.mx\/#\/schema\/logo\/image\/","url":"https:\/\/somos-hermanos.mx\/wp-content\/uploads\/2025\/08\/SH30-1.jpeg","contentUrl":"https:\/\/somos-hermanos.mx\/wp-content\/uploads\/2025\/08\/SH30-1.jpeg","width":1600,"height":1142,"caption":"Somos Hermanos"},"image":{"@id":"https:\/\/somos-hermanos.mx\/#\/schema\/logo\/image\/"},"sameAs":["https:\/\/www.facebook.com\/SomosHermanosIAP\/","https:\/\/x.com\/Somos__Hermanos","https:\/\/www.instagram.com\/somos__hermanos\/#","https:\/\/www.tiktok.com\/@somoshermanosiap","https:\/\/www.youtube.com\/@somoshermanosiap1201\/videos"]},{"@type":"Person","@id":"https:\/\/somos-hermanos.mx\/#\/schema\/person\/06ce844c0dc41ed80bbcb403a8e81db6","name":"Jos\u00e9 Enrique Flores Ju\u00e1rez","image":{"@type":"ImageObject","inLanguage":"es","@id":"https:\/\/secure.gravatar.com\/avatar\/cf76b1c99d115cdcf4614e91db164123e0ec7c0d7a500b23e70233b182ba7fb1?s=96&d=mm&r=g","url":"https:\/\/secure.gravatar.com\/avatar\/cf76b1c99d115cdcf4614e91db164123e0ec7c0d7a500b23e70233b182ba7fb1?s=96&d=mm&r=g","contentUrl":"https:\/\/secure.gravatar.com\/avatar\/cf76b1c99d115cdcf4614e91db164123e0ec7c0d7a500b23e70233b182ba7fb1?s=96&d=mm&r=g","caption":"Jos\u00e9 Enrique Flores Ju\u00e1rez"},"url":"https:\/\/somos-hermanos.mx\/index.php\/author\/jose-enrique-flores-juarez\/"}]}},"_links":{"self":[{"href":"https:\/\/somos-hermanos.mx\/index.php\/wp-json\/wp\/v2\/posts\/3488","targetHints":{"allow":["GET"]}}],"collection":[{"href":"https:\/\/somos-hermanos.mx\/index.php\/wp-json\/wp\/v2\/posts"}],"about":[{"href":"https:\/\/somos-hermanos.mx\/index.php\/wp-json\/wp\/v2\/types\/post"}],"author":[{"embeddable":true,"href":"https:\/\/somos-hermanos.mx\/index.php\/wp-json\/wp\/v2\/users\/45"}],"replies":[{"embeddable":true,"href":"https:\/\/somos-hermanos.mx\/index.php\/wp-json\/wp\/v2\/comments?post=3488"}],"version-history":[{"count":3,"href":"https:\/\/somos-hermanos.mx\/index.php\/wp-json\/wp\/v2\/posts\/3488\/revisions"}],"predecessor-version":[{"id":3492,"href":"https:\/\/somos-hermanos.mx\/index.php\/wp-json\/wp\/v2\/posts\/3488\/revisions\/3492"}],"wp:featuredmedia":[{"embeddable":true,"href":"https:\/\/somos-hermanos.mx\/index.php\/wp-json\/wp\/v2\/media\/3489"}],"wp:attachment":[{"href":"https:\/\/somos-hermanos.mx\/index.php\/wp-json\/wp\/v2\/media?parent=3488"}],"wp:term":[{"taxonomy":"category","embeddable":true,"href":"https:\/\/somos-hermanos.mx\/index.php\/wp-json\/wp\/v2\/categories?post=3488"},{"taxonomy":"post_tag","embeddable":true,"href":"https:\/\/somos-hermanos.mx\/index.php\/wp-json\/wp\/v2\/tags?post=3488"}],"curies":[{"name":"wp","href":"https:\/\/api.w.org\/{rel}","templated":true}]}}