{"id":3484,"date":"2026-04-27T17:33:12","date_gmt":"2026-04-27T23:33:12","guid":{"rendered":"https:\/\/somos-hermanos.mx\/?p=3484"},"modified":"2026-04-27T17:35:02","modified_gmt":"2026-04-27T23:35:02","slug":"cuando-la-creatividad-rompe-la-exclusion","status":"publish","type":"post","link":"https:\/\/somos-hermanos.mx\/index.php\/2026\/04\/27\/cuando-la-creatividad-rompe-la-exclusion\/","title":{"rendered":"Cuando la creatividad rompe la exclusi\u00f3n"},"content":{"rendered":"<p data-start=\"133\" data-end=\"598\">La creatividad suele entenderse como una cualidad individual, casi un don reservado para artistas o mentes brillantes. Sin embargo, en una sociedad marcada por profundas desigualdades, la creatividad es mucho m\u00e1s que eso: es una herramienta poderosa de inclusi\u00f3n. No se trata \u00fanicamente de imaginar o innovar, sino de abrir caminos donde antes hab\u00eda barreras, de construir puentes entre realidades distintas y de generar oportunidades donde el sistema ha fallado.<\/p>\n<p data-start=\"600\" data-end=\"1179\">En contextos donde la exclusi\u00f3n social persiste \u2014ya sea por razones econ\u00f3micas, culturales, de g\u00e9nero o discapacidad\u2014, la creatividad se convierte en una forma de resistencia. Permite a las personas reinterpretar su entorno, resignificar sus experiencias y encontrar nuevas formas de participar en la vida p\u00fablica. Un joven que transforma su realidad a trav\u00e9s del arte urbano, una mujer que emprende con recursos limitados, una comunidad que rescata sus tradiciones para generar ingresos: todos ellos son ejemplos de c\u00f3mo la creatividad puede ser una v\u00eda de inclusi\u00f3n efectiva.<\/p>\n<p data-start=\"1181\" data-end=\"1904\">Pero reducir la creatividad a una respuesta espont\u00e1nea de quienes enfrentan la adversidad ser\u00eda injusto. Tambi\u00e9n es responsabilidad de las instituciones fomentarla y canalizarla. Cuando las pol\u00edticas p\u00fablicas integran la creatividad como eje transversal \u2014en la educaci\u00f3n, la cultura y el desarrollo social\u2014 se generan condiciones para que m\u00e1s personas puedan acceder a oportunidades. La educaci\u00f3n, por ejemplo, no deber\u00eda limitarse a la memorizaci\u00f3n de contenidos, sino incentivar el pensamiento cr\u00edtico, la expresi\u00f3n libre y la soluci\u00f3n de problemas desde perspectivas diversas. Un sistema educativo que valora la creatividad no solo forma mejores profesionales, sino tambi\u00e9n ciudadanos m\u00e1s participativos e incluyentes.<\/p>\n<p data-start=\"1906\" data-end=\"2532\">La inclusi\u00f3n, por su parte, no puede reducirse a un discurso pol\u00edticamente correcto. Implica transformar estructuras, eliminar prejuicios y reconocer la diversidad como una fortaleza. En este sentido, la creatividad juega un papel clave al cuestionar lo establecido. Es a trav\u00e9s de ideas nuevas, de enfoques distintos, que se pueden romper estereotipos y visibilizar a quienes hist\u00f3ricamente han sido marginados. El arte, el dise\u00f1o, la tecnolog\u00eda e incluso la comunicaci\u00f3n tienen el potencial de narrar otras historias, de dar voz a quienes no la han tenido y de replantear la manera en que entendemos la convivencia social.<\/p>\n<p data-start=\"2534\" data-end=\"3044\">No obstante, existe un riesgo: romantizar la creatividad sin atender las condiciones materiales que limitan su desarrollo. No basta con decir que todos pueden ser creativos si no se garantizan espacios, recursos y tiempo para ello. La creatividad florece cuando hay acceso a la educaci\u00f3n, a la cultura y a la tecnolog\u00eda, pero tambi\u00e9n cuando existe seguridad, estabilidad y reconocimiento. De lo contrario, se convierte en un privilegio m\u00e1s, reservado para quienes ya tienen cubiertas sus necesidades b\u00e1sicas.<\/p>\n<p data-start=\"3046\" data-end=\"3593\">Por ello, hablar de creatividad como herramienta de inclusi\u00f3n exige una visi\u00f3n integral. Implica reconocer el talento en todas sus formas, valorar las expresiones culturales diversas y generar entornos donde las ideas puedan convertirse en acciones. Tambi\u00e9n requiere voluntad pol\u00edtica y compromiso social para invertir en proyectos que impulsen el desarrollo creativo en comunidades vulnerables. Talleres culturales, espacios comunitarios y programas de innovaci\u00f3n social pueden marcar la diferencia si se implementan con seriedad y continuidad.<\/p>\n<p data-start=\"3595\" data-end=\"3950\">En un mundo cada vez m\u00e1s complejo, donde los desaf\u00edos sociales requieren soluciones innovadoras, la creatividad deja de ser opcional. Es una necesidad. Y cuando se orienta hacia la inclusi\u00f3n, se convierte en una fuerza transformadora capaz de cambiar realidades. No solo permite imaginar un futuro distinto, sino empezar a construirlo desde el presente.<\/p>\n<p data-start=\"3952\" data-end=\"4325\">En \u00faltima instancia, apostar por la creatividad es apostar por una sociedad m\u00e1s justa: una sociedad donde todas las voces cuentan, donde las diferencias no excluyen sino enriquecen y donde cada persona tiene la posibilidad de aportar desde su propia experiencia. La creatividad, bien entendida, no es un lujo: es una herramienta de dignidad, de participaci\u00f3n y de cambio.<\/p>\n<p data-start=\"3952\" data-end=\"4325\"><img loading=\"lazy\" decoding=\"async\" class=\"alignnone wp-image-3486 size-large\" src=\"https:\/\/somos-hermanos.mx\/wp-content\/uploads\/2026\/04\/creatividad_2-1024x538.png\" alt=\"creatividad\" width=\"1024\" height=\"538\" srcset=\"https:\/\/somos-hermanos.mx\/wp-content\/uploads\/2026\/04\/creatividad_2-1024x538.png 1024w, https:\/\/somos-hermanos.mx\/wp-content\/uploads\/2026\/04\/creatividad_2-300x158.png 300w, https:\/\/somos-hermanos.mx\/wp-content\/uploads\/2026\/04\/creatividad_2-768x403.png 768w, https:\/\/somos-hermanos.mx\/wp-content\/uploads\/2026\/04\/creatividad_2.png 1200w\" sizes=\"auto, (max-width: 1024px) 100vw, 1024px\" \/><\/p>\n","protected":false},"excerpt":{"rendered":"<p>La creatividad suele entenderse como una cualidad individual, casi un don reservado para artistas o mentes brillantes. Sin embargo, en una sociedad marcada por profundas desigualdades, la creatividad es mucho m\u00e1s que eso: es una herramienta poderosa de inclusi\u00f3n. No se trata \u00fanicamente de imaginar o innovar, sino de abrir caminos donde antes hab\u00eda barreras, [&hellip;]<\/p>\n","protected":false},"author":40,"featured_media":3485,"comment_status":"open","ping_status":"closed","sticky":false,"template":"","format":"standard","meta":{"footnotes":""},"categories":[6],"tags":[4406,4531,4465,4409],"class_list":["post-3484","post","type-post","status-publish","format-standard","has-post-thumbnail","hentry","category-noticias","tag-altruismo","tag-creatividad","tag-fundacion","tag-somos-hermanos"],"yoast_head":"<!-- This site is optimized with the Yoast SEO plugin v27.5 - https:\/\/yoast.com\/product\/yoast-seo-wordpress\/ -->\n<title>Cuando la creatividad rompe la exclusi\u00f3n - Historias que inspiran...<\/title>\n<meta name=\"description\" content=\"La creatividad suele entenderse como una cualidad individual, casi un don reservado para artistas o mentes brillantes.\" \/>\n<meta name=\"robots\" content=\"index, follow, max-snippet:-1, max-image-preview:large, max-video-preview:-1\" \/>\n<link rel=\"canonical\" href=\"https:\/\/somos-hermanos.mx\/index.php\/2026\/04\/27\/cuando-la-creatividad-rompe-la-exclusion\/\" \/>\n<meta property=\"og:locale\" content=\"es_MX\" \/>\n<meta property=\"og:type\" content=\"article\" \/>\n<meta property=\"og:title\" content=\"Cuando la creatividad rompe la exclusi\u00f3n - Historias que inspiran...\" \/>\n<meta property=\"og:description\" content=\"La creatividad suele entenderse como una cualidad individual, casi un don reservado para artistas o mentes brillantes.\" \/>\n<meta property=\"og:url\" content=\"https:\/\/somos-hermanos.mx\/index.php\/2026\/04\/27\/cuando-la-creatividad-rompe-la-exclusion\/\" \/>\n<meta property=\"og:site_name\" content=\"Historias que inspiran...\" \/>\n<meta property=\"article:publisher\" content=\"https:\/\/www.facebook.com\/SomosHermanosIAP\/\" \/>\n<meta property=\"article:published_time\" content=\"2026-04-27T23:33:12+00:00\" \/>\n<meta property=\"article:modified_time\" content=\"2026-04-27T23:35:02+00:00\" \/>\n<meta property=\"og:image\" content=\"https:\/\/somos-hermanos.mx\/wp-content\/uploads\/2026\/04\/creatividad_1.png\" \/>\n\t<meta property=\"og:image:width\" content=\"1200\" \/>\n\t<meta property=\"og:image:height\" content=\"630\" \/>\n\t<meta property=\"og:image:type\" content=\"image\/png\" \/>\n<meta name=\"author\" content=\"Daniel Lee\" \/>\n<meta name=\"twitter:card\" content=\"summary_large_image\" \/>\n<meta name=\"twitter:creator\" content=\"@Somos__Hermanos\" \/>\n<meta name=\"twitter:site\" content=\"@Somos__Hermanos\" \/>\n<meta name=\"twitter:label1\" content=\"Escrito por\" \/>\n\t<meta name=\"twitter:data1\" content=\"Daniel Lee\" \/>\n\t<meta name=\"twitter:label2\" content=\"Tiempo de lectura\" \/>\n\t<meta name=\"twitter:data2\" content=\"4 minutos\" \/>\n<script type=\"application\/ld+json\" class=\"yoast-schema-graph\">{\"@context\":\"https:\\\/\\\/schema.org\",\"@graph\":[{\"@type\":\"Article\",\"@id\":\"https:\\\/\\\/somos-hermanos.mx\\\/index.php\\\/2026\\\/04\\\/27\\\/cuando-la-creatividad-rompe-la-exclusion\\\/#article\",\"isPartOf\":{\"@id\":\"https:\\\/\\\/somos-hermanos.mx\\\/index.php\\\/2026\\\/04\\\/27\\\/cuando-la-creatividad-rompe-la-exclusion\\\/\"},\"author\":{\"name\":\"Daniel Lee\",\"@id\":\"https:\\\/\\\/somos-hermanos.mx\\\/#\\\/schema\\\/person\\\/b1c01de2def8860d46807108a057c382\"},\"headline\":\"Cuando la creatividad rompe la exclusi\u00f3n\",\"datePublished\":\"2026-04-27T23:33:12+00:00\",\"dateModified\":\"2026-04-27T23:35:02+00:00\",\"mainEntityOfPage\":{\"@id\":\"https:\\\/\\\/somos-hermanos.mx\\\/index.php\\\/2026\\\/04\\\/27\\\/cuando-la-creatividad-rompe-la-exclusion\\\/\"},\"wordCount\":677,\"commentCount\":0,\"publisher\":{\"@id\":\"https:\\\/\\\/somos-hermanos.mx\\\/#organization\"},\"image\":{\"@id\":\"https:\\\/\\\/somos-hermanos.mx\\\/index.php\\\/2026\\\/04\\\/27\\\/cuando-la-creatividad-rompe-la-exclusion\\\/#primaryimage\"},\"thumbnailUrl\":\"https:\\\/\\\/somos-hermanos.mx\\\/wp-content\\\/uploads\\\/2026\\\/04\\\/creatividad_1.png\",\"keywords\":[\"Altruismo\",\"creatividad\",\"Fundaci\u00f3n\",\"Somos Hermanos\"],\"articleSection\":[\"Noticias\"],\"inLanguage\":\"es\",\"potentialAction\":[{\"@type\":\"CommentAction\",\"name\":\"Comment\",\"target\":[\"https:\\\/\\\/somos-hermanos.mx\\\/index.php\\\/2026\\\/04\\\/27\\\/cuando-la-creatividad-rompe-la-exclusion\\\/#respond\"]}]},{\"@type\":\"WebPage\",\"@id\":\"https:\\\/\\\/somos-hermanos.mx\\\/index.php\\\/2026\\\/04\\\/27\\\/cuando-la-creatividad-rompe-la-exclusion\\\/\",\"url\":\"https:\\\/\\\/somos-hermanos.mx\\\/index.php\\\/2026\\\/04\\\/27\\\/cuando-la-creatividad-rompe-la-exclusion\\\/\",\"name\":\"Cuando la creatividad rompe la exclusi\u00f3n - Historias que inspiran...\",\"isPartOf\":{\"@id\":\"https:\\\/\\\/somos-hermanos.mx\\\/#website\"},\"primaryImageOfPage\":{\"@id\":\"https:\\\/\\\/somos-hermanos.mx\\\/index.php\\\/2026\\\/04\\\/27\\\/cuando-la-creatividad-rompe-la-exclusion\\\/#primaryimage\"},\"image\":{\"@id\":\"https:\\\/\\\/somos-hermanos.mx\\\/index.php\\\/2026\\\/04\\\/27\\\/cuando-la-creatividad-rompe-la-exclusion\\\/#primaryimage\"},\"thumbnailUrl\":\"https:\\\/\\\/somos-hermanos.mx\\\/wp-content\\\/uploads\\\/2026\\\/04\\\/creatividad_1.png\",\"datePublished\":\"2026-04-27T23:33:12+00:00\",\"dateModified\":\"2026-04-27T23:35:02+00:00\",\"description\":\"La creatividad suele entenderse como una cualidad individual, casi un don reservado para artistas o mentes brillantes.\",\"breadcrumb\":{\"@id\":\"https:\\\/\\\/somos-hermanos.mx\\\/index.php\\\/2026\\\/04\\\/27\\\/cuando-la-creatividad-rompe-la-exclusion\\\/#breadcrumb\"},\"inLanguage\":\"es\",\"potentialAction\":[{\"@type\":\"ReadAction\",\"target\":[\"https:\\\/\\\/somos-hermanos.mx\\\/index.php\\\/2026\\\/04\\\/27\\\/cuando-la-creatividad-rompe-la-exclusion\\\/\"]}]},{\"@type\":\"ImageObject\",\"inLanguage\":\"es\",\"@id\":\"https:\\\/\\\/somos-hermanos.mx\\\/index.php\\\/2026\\\/04\\\/27\\\/cuando-la-creatividad-rompe-la-exclusion\\\/#primaryimage\",\"url\":\"https:\\\/\\\/somos-hermanos.mx\\\/wp-content\\\/uploads\\\/2026\\\/04\\\/creatividad_1.png\",\"contentUrl\":\"https:\\\/\\\/somos-hermanos.mx\\\/wp-content\\\/uploads\\\/2026\\\/04\\\/creatividad_1.png\",\"width\":1200,\"height\":630,\"caption\":\"creatividad\"},{\"@type\":\"BreadcrumbList\",\"@id\":\"https:\\\/\\\/somos-hermanos.mx\\\/index.php\\\/2026\\\/04\\\/27\\\/cuando-la-creatividad-rompe-la-exclusion\\\/#breadcrumb\",\"itemListElement\":[{\"@type\":\"ListItem\",\"position\":1,\"name\":\"Inicio\",\"item\":\"https:\\\/\\\/somos-hermanos.mx\\\/\"},{\"@type\":\"ListItem\",\"position\":2,\"name\":\"Cuando la creatividad rompe la exclusi\u00f3n\"}]},{\"@type\":\"WebSite\",\"@id\":\"https:\\\/\\\/somos-hermanos.mx\\\/#website\",\"url\":\"https:\\\/\\\/somos-hermanos.mx\\\/\",\"name\":\"Historias que inspiran...\",\"description\":\"Somos la voz del altruismo en M\u00e9xico\",\"publisher\":{\"@id\":\"https:\\\/\\\/somos-hermanos.mx\\\/#organization\"},\"potentialAction\":[{\"@type\":\"SearchAction\",\"target\":{\"@type\":\"EntryPoint\",\"urlTemplate\":\"https:\\\/\\\/somos-hermanos.mx\\\/?s={search_term_string}\"},\"query-input\":{\"@type\":\"PropertyValueSpecification\",\"valueRequired\":true,\"valueName\":\"search_term_string\"}}],\"inLanguage\":\"es\"},{\"@type\":\"Organization\",\"@id\":\"https:\\\/\\\/somos-hermanos.mx\\\/#organization\",\"name\":\"Somos Hermanos\",\"url\":\"https:\\\/\\\/somos-hermanos.mx\\\/\",\"logo\":{\"@type\":\"ImageObject\",\"inLanguage\":\"es\",\"@id\":\"https:\\\/\\\/somos-hermanos.mx\\\/#\\\/schema\\\/logo\\\/image\\\/\",\"url\":\"https:\\\/\\\/somos-hermanos.mx\\\/wp-content\\\/uploads\\\/2025\\\/08\\\/SH30-1.jpeg\",\"contentUrl\":\"https:\\\/\\\/somos-hermanos.mx\\\/wp-content\\\/uploads\\\/2025\\\/08\\\/SH30-1.jpeg\",\"width\":1600,\"height\":1142,\"caption\":\"Somos Hermanos\"},\"image\":{\"@id\":\"https:\\\/\\\/somos-hermanos.mx\\\/#\\\/schema\\\/logo\\\/image\\\/\"},\"sameAs\":[\"https:\\\/\\\/www.facebook.com\\\/SomosHermanosIAP\\\/\",\"https:\\\/\\\/x.com\\\/Somos__Hermanos\",\"https:\\\/\\\/www.instagram.com\\\/somos__hermanos\\\/#\",\"https:\\\/\\\/www.tiktok.com\\\/@somoshermanosiap\",\"https:\\\/\\\/www.youtube.com\\\/@somoshermanosiap1201\\\/videos\"]},{\"@type\":\"Person\",\"@id\":\"https:\\\/\\\/somos-hermanos.mx\\\/#\\\/schema\\\/person\\\/b1c01de2def8860d46807108a057c382\",\"name\":\"Daniel Lee\",\"image\":{\"@type\":\"ImageObject\",\"inLanguage\":\"es\",\"@id\":\"https:\\\/\\\/secure.gravatar.com\\\/avatar\\\/2dd3f8e0edf827fc2d65493cfe27fd7112f627380ad3db70233fe1bed02f8a9c?s=96&d=mm&r=g\",\"url\":\"https:\\\/\\\/secure.gravatar.com\\\/avatar\\\/2dd3f8e0edf827fc2d65493cfe27fd7112f627380ad3db70233fe1bed02f8a9c?s=96&d=mm&r=g\",\"contentUrl\":\"https:\\\/\\\/secure.gravatar.com\\\/avatar\\\/2dd3f8e0edf827fc2d65493cfe27fd7112f627380ad3db70233fe1bed02f8a9c?s=96&d=mm&r=g\",\"caption\":\"Daniel Lee\"},\"url\":\"https:\\\/\\\/somos-hermanos.mx\\\/index.php\\\/author\\\/daniel-lee\\\/\"}]}<\/script>\n<!-- \/ Yoast SEO plugin. -->","yoast_head_json":{"title":"Cuando la creatividad rompe la exclusi\u00f3n - Historias que inspiran...","description":"La creatividad suele entenderse como una cualidad individual, casi un don reservado para artistas o mentes brillantes.","robots":{"index":"index","follow":"follow","max-snippet":"max-snippet:-1","max-image-preview":"max-image-preview:large","max-video-preview":"max-video-preview:-1"},"canonical":"https:\/\/somos-hermanos.mx\/index.php\/2026\/04\/27\/cuando-la-creatividad-rompe-la-exclusion\/","og_locale":"es_MX","og_type":"article","og_title":"Cuando la creatividad rompe la exclusi\u00f3n - Historias que inspiran...","og_description":"La creatividad suele entenderse como una cualidad individual, casi un don reservado para artistas o mentes brillantes.","og_url":"https:\/\/somos-hermanos.mx\/index.php\/2026\/04\/27\/cuando-la-creatividad-rompe-la-exclusion\/","og_site_name":"Historias que inspiran...","article_publisher":"https:\/\/www.facebook.com\/SomosHermanosIAP\/","article_published_time":"2026-04-27T23:33:12+00:00","article_modified_time":"2026-04-27T23:35:02+00:00","og_image":[{"width":1200,"height":630,"url":"https:\/\/somos-hermanos.mx\/wp-content\/uploads\/2026\/04\/creatividad_1.png","type":"image\/png"}],"author":"Daniel Lee","twitter_card":"summary_large_image","twitter_creator":"@Somos__Hermanos","twitter_site":"@Somos__Hermanos","twitter_misc":{"Escrito por":"Daniel Lee","Tiempo de lectura":"4 minutos"},"schema":{"@context":"https:\/\/schema.org","@graph":[{"@type":"Article","@id":"https:\/\/somos-hermanos.mx\/index.php\/2026\/04\/27\/cuando-la-creatividad-rompe-la-exclusion\/#article","isPartOf":{"@id":"https:\/\/somos-hermanos.mx\/index.php\/2026\/04\/27\/cuando-la-creatividad-rompe-la-exclusion\/"},"author":{"name":"Daniel Lee","@id":"https:\/\/somos-hermanos.mx\/#\/schema\/person\/b1c01de2def8860d46807108a057c382"},"headline":"Cuando la creatividad rompe la exclusi\u00f3n","datePublished":"2026-04-27T23:33:12+00:00","dateModified":"2026-04-27T23:35:02+00:00","mainEntityOfPage":{"@id":"https:\/\/somos-hermanos.mx\/index.php\/2026\/04\/27\/cuando-la-creatividad-rompe-la-exclusion\/"},"wordCount":677,"commentCount":0,"publisher":{"@id":"https:\/\/somos-hermanos.mx\/#organization"},"image":{"@id":"https:\/\/somos-hermanos.mx\/index.php\/2026\/04\/27\/cuando-la-creatividad-rompe-la-exclusion\/#primaryimage"},"thumbnailUrl":"https:\/\/somos-hermanos.mx\/wp-content\/uploads\/2026\/04\/creatividad_1.png","keywords":["Altruismo","creatividad","Fundaci\u00f3n","Somos Hermanos"],"articleSection":["Noticias"],"inLanguage":"es","potentialAction":[{"@type":"CommentAction","name":"Comment","target":["https:\/\/somos-hermanos.mx\/index.php\/2026\/04\/27\/cuando-la-creatividad-rompe-la-exclusion\/#respond"]}]},{"@type":"WebPage","@id":"https:\/\/somos-hermanos.mx\/index.php\/2026\/04\/27\/cuando-la-creatividad-rompe-la-exclusion\/","url":"https:\/\/somos-hermanos.mx\/index.php\/2026\/04\/27\/cuando-la-creatividad-rompe-la-exclusion\/","name":"Cuando la creatividad rompe la exclusi\u00f3n - Historias que inspiran...","isPartOf":{"@id":"https:\/\/somos-hermanos.mx\/#website"},"primaryImageOfPage":{"@id":"https:\/\/somos-hermanos.mx\/index.php\/2026\/04\/27\/cuando-la-creatividad-rompe-la-exclusion\/#primaryimage"},"image":{"@id":"https:\/\/somos-hermanos.mx\/index.php\/2026\/04\/27\/cuando-la-creatividad-rompe-la-exclusion\/#primaryimage"},"thumbnailUrl":"https:\/\/somos-hermanos.mx\/wp-content\/uploads\/2026\/04\/creatividad_1.png","datePublished":"2026-04-27T23:33:12+00:00","dateModified":"2026-04-27T23:35:02+00:00","description":"La creatividad suele entenderse como una cualidad individual, casi un don reservado para artistas o mentes brillantes.","breadcrumb":{"@id":"https:\/\/somos-hermanos.mx\/index.php\/2026\/04\/27\/cuando-la-creatividad-rompe-la-exclusion\/#breadcrumb"},"inLanguage":"es","potentialAction":[{"@type":"ReadAction","target":["https:\/\/somos-hermanos.mx\/index.php\/2026\/04\/27\/cuando-la-creatividad-rompe-la-exclusion\/"]}]},{"@type":"ImageObject","inLanguage":"es","@id":"https:\/\/somos-hermanos.mx\/index.php\/2026\/04\/27\/cuando-la-creatividad-rompe-la-exclusion\/#primaryimage","url":"https:\/\/somos-hermanos.mx\/wp-content\/uploads\/2026\/04\/creatividad_1.png","contentUrl":"https:\/\/somos-hermanos.mx\/wp-content\/uploads\/2026\/04\/creatividad_1.png","width":1200,"height":630,"caption":"creatividad"},{"@type":"BreadcrumbList","@id":"https:\/\/somos-hermanos.mx\/index.php\/2026\/04\/27\/cuando-la-creatividad-rompe-la-exclusion\/#breadcrumb","itemListElement":[{"@type":"ListItem","position":1,"name":"Inicio","item":"https:\/\/somos-hermanos.mx\/"},{"@type":"ListItem","position":2,"name":"Cuando la creatividad rompe la exclusi\u00f3n"}]},{"@type":"WebSite","@id":"https:\/\/somos-hermanos.mx\/#website","url":"https:\/\/somos-hermanos.mx\/","name":"Historias que inspiran...","description":"Somos la voz del altruismo en M\u00e9xico","publisher":{"@id":"https:\/\/somos-hermanos.mx\/#organization"},"potentialAction":[{"@type":"SearchAction","target":{"@type":"EntryPoint","urlTemplate":"https:\/\/somos-hermanos.mx\/?s={search_term_string}"},"query-input":{"@type":"PropertyValueSpecification","valueRequired":true,"valueName":"search_term_string"}}],"inLanguage":"es"},{"@type":"Organization","@id":"https:\/\/somos-hermanos.mx\/#organization","name":"Somos Hermanos","url":"https:\/\/somos-hermanos.mx\/","logo":{"@type":"ImageObject","inLanguage":"es","@id":"https:\/\/somos-hermanos.mx\/#\/schema\/logo\/image\/","url":"https:\/\/somos-hermanos.mx\/wp-content\/uploads\/2025\/08\/SH30-1.jpeg","contentUrl":"https:\/\/somos-hermanos.mx\/wp-content\/uploads\/2025\/08\/SH30-1.jpeg","width":1600,"height":1142,"caption":"Somos Hermanos"},"image":{"@id":"https:\/\/somos-hermanos.mx\/#\/schema\/logo\/image\/"},"sameAs":["https:\/\/www.facebook.com\/SomosHermanosIAP\/","https:\/\/x.com\/Somos__Hermanos","https:\/\/www.instagram.com\/somos__hermanos\/#","https:\/\/www.tiktok.com\/@somoshermanosiap","https:\/\/www.youtube.com\/@somoshermanosiap1201\/videos"]},{"@type":"Person","@id":"https:\/\/somos-hermanos.mx\/#\/schema\/person\/b1c01de2def8860d46807108a057c382","name":"Daniel Lee","image":{"@type":"ImageObject","inLanguage":"es","@id":"https:\/\/secure.gravatar.com\/avatar\/2dd3f8e0edf827fc2d65493cfe27fd7112f627380ad3db70233fe1bed02f8a9c?s=96&d=mm&r=g","url":"https:\/\/secure.gravatar.com\/avatar\/2dd3f8e0edf827fc2d65493cfe27fd7112f627380ad3db70233fe1bed02f8a9c?s=96&d=mm&r=g","contentUrl":"https:\/\/secure.gravatar.com\/avatar\/2dd3f8e0edf827fc2d65493cfe27fd7112f627380ad3db70233fe1bed02f8a9c?s=96&d=mm&r=g","caption":"Daniel Lee"},"url":"https:\/\/somos-hermanos.mx\/index.php\/author\/daniel-lee\/"}]}},"_links":{"self":[{"href":"https:\/\/somos-hermanos.mx\/index.php\/wp-json\/wp\/v2\/posts\/3484","targetHints":{"allow":["GET"]}}],"collection":[{"href":"https:\/\/somos-hermanos.mx\/index.php\/wp-json\/wp\/v2\/posts"}],"about":[{"href":"https:\/\/somos-hermanos.mx\/index.php\/wp-json\/wp\/v2\/types\/post"}],"author":[{"embeddable":true,"href":"https:\/\/somos-hermanos.mx\/index.php\/wp-json\/wp\/v2\/users\/40"}],"replies":[{"embeddable":true,"href":"https:\/\/somos-hermanos.mx\/index.php\/wp-json\/wp\/v2\/comments?post=3484"}],"version-history":[{"count":1,"href":"https:\/\/somos-hermanos.mx\/index.php\/wp-json\/wp\/v2\/posts\/3484\/revisions"}],"predecessor-version":[{"id":3487,"href":"https:\/\/somos-hermanos.mx\/index.php\/wp-json\/wp\/v2\/posts\/3484\/revisions\/3487"}],"wp:featuredmedia":[{"embeddable":true,"href":"https:\/\/somos-hermanos.mx\/index.php\/wp-json\/wp\/v2\/media\/3485"}],"wp:attachment":[{"href":"https:\/\/somos-hermanos.mx\/index.php\/wp-json\/wp\/v2\/media?parent=3484"}],"wp:term":[{"taxonomy":"category","embeddable":true,"href":"https:\/\/somos-hermanos.mx\/index.php\/wp-json\/wp\/v2\/categories?post=3484"},{"taxonomy":"post_tag","embeddable":true,"href":"https:\/\/somos-hermanos.mx\/index.php\/wp-json\/wp\/v2\/tags?post=3484"}],"curies":[{"name":"wp","href":"https:\/\/api.w.org\/{rel}","templated":true}]}}