{"id":3479,"date":"2026-04-27T17:15:03","date_gmt":"2026-04-27T23:15:03","guid":{"rendered":"https:\/\/somos-hermanos.mx\/?p=3479"},"modified":"2026-04-27T17:15:03","modified_gmt":"2026-04-27T23:15:03","slug":"el-arte-como-medio-de-cambio-para-la-sociedad","status":"publish","type":"post","link":"https:\/\/somos-hermanos.mx\/index.php\/2026\/04\/27\/el-arte-como-medio-de-cambio-para-la-sociedad\/","title":{"rendered":"El arte como medio de cambio para la sociedad"},"content":{"rendered":"<h4><b><span data-contrast=\"auto\">La comunicaci\u00f3n visual, el dise\u00f1o gr\u00e1fico y las artes visuales se han convertido en una herramienta para diversas organizaciones de la Sociedad Civil, ya que con estas se logra dejar un mensaje m\u00e1s emp\u00e1tico y de alto impacto frente a las problem\u00e1ticas que aquejan a las comunidades en todo el mundo<\/span><\/b><span data-ccp-props=\"{&quot;335551550&quot;:6,&quot;335551620&quot;:6}\">\u00a0<\/span><\/h4>\n<p><span data-ccp-props=\"{&quot;335551550&quot;:6,&quot;335551620&quot;:6}\"><img loading=\"lazy\" decoding=\"async\" class=\"wp-image-3482 size-full aligncenter\" src=\"https:\/\/somos-hermanos.mx\/wp-content\/uploads\/2026\/04\/GWrosie.jpg\" alt=\"arte\" width=\"640\" height=\"241\" srcset=\"https:\/\/somos-hermanos.mx\/wp-content\/uploads\/2026\/04\/GWrosie.jpg 640w, https:\/\/somos-hermanos.mx\/wp-content\/uploads\/2026\/04\/GWrosie-300x113.jpg 300w\" sizes=\"auto, (max-width: 640px) 100vw, 640px\" \/>\u00a0<\/span><\/p>\n<p><span data-contrast=\"auto\">Varias organizaciones de la sociedad civil en todo el mundo se han valido del dise\u00f1o gr\u00e1fico, la comunicaci\u00f3n visual y las artes para sensibilizar a la comunidad sobre problemas sociales, derechos humanos, medio ambiente, salud,\u00a0etc\u00a0y esto es gracias a qu\u00e9 con\u00a0estas\u00a0herramientas se han logran transmitir mensajes m\u00e1s accesiblemente, cargados de empat\u00eda y con entendimiento para todas las edades.\u00a0<\/span><span data-ccp-props=\"{&quot;335551550&quot;:6,&quot;335551620&quot;:6}\">\u00a0<\/span><\/p>\n<p><span data-contrast=\"auto\">Ejemplo de ellos est\u00e1 la Comisi\u00f3n Estatal de Derechos Humanos en Veracruz, quienes han trabajado de la mano de importantes dise\u00f1adores para colaborar en temas de ni\u00f1ez, educaci\u00f3n y acompa\u00f1amiento a colectivos de madres buscadoras.\u00a0<\/span><span data-ccp-props=\"{&quot;335551550&quot;:6,&quot;335551620&quot;:6}\">\u00a0<\/span><\/p>\n<p><span data-contrast=\"auto\">la UAM Iztapalapa, quienes fomentan y capacitan a dise\u00f1adores en la creaci\u00f3n de estrategias gr\u00e1ficas digitales que no fomenten estereotipos de g\u00e9nero y visibilicen la igualdad.\u00a0<\/span><span data-ccp-props=\"{&quot;335551550&quot;:6,&quot;335551620&quot;:6}\">\u00a0<\/span><\/p>\n<p><span data-contrast=\"auto\">La SOMAAP, que trabaja con artistas mexicanos para proteger sus derechos, adem\u00e1s de ofrecer oportunidades de visibilidad, fomentando as\u00ed una comunidad que utiliza el arte como defensa y expresi\u00f3n.\u00a0<\/span><span data-ccp-props=\"{&quot;335551550&quot;:6,&quot;335551620&quot;:6}\">\u00a0<\/span><\/p>\n<p><span data-contrast=\"auto\">O el proyecto &#8220;violent\u00f3metro\u00a0Arhikata&#8221;, un dise\u00f1o colaborativo que busca visibilizar y prevenir la violencia contra las mujeres en Michoac\u00e1n.<\/span><span data-ccp-props=\"{&quot;335551550&quot;:6,&quot;335551620&quot;:6}\">\u00a0<\/span><\/p>\n<p><span data-contrast=\"auto\">Otro ejemplo m\u00e1s claro de este tipo de trabajos gr\u00e1ficos que transforman comunidades y que adem\u00e1s son de nivel internacional, se encuentran las obras:<\/span><span data-ccp-props=\"{&quot;335551550&quot;:6,&quot;335551620&quot;:6}\">\u00a0<\/span><\/p>\n<p><span data-contrast=\"auto\">&#8220;Los colores de la esperanza&#8221; en Medell\u00edn, en donde se utilizan murales coloridos que embellecen espacios p\u00fablicos a la vez de que fomentan la sana convivencia entre habitantes.\u00a0<\/span><span data-ccp-props=\"{&quot;335551550&quot;:6,&quot;335551620&quot;:6}\">\u00a0<\/span><\/p>\n<p><span data-contrast=\"auto\">&#8220;La luz de Barrios&#8221; en Rio de Janeiro, en donde se transforman favelas a trav\u00e9s de instalaciones de luz art\u00edsticas.\u00a0<\/span><span data-ccp-props=\"{&quot;335551550&quot;:6,&quot;335551620&quot;:6}\">\u00a0<\/span><\/p>\n<p><span data-contrast=\"auto\">&#8220;Semilleros creativos por la Paz&#8221; en M\u00e9xico, el cual cuenta como un programa que ha transformado comunidades vulnerables a trav\u00e9s de la promoci\u00f3n de la educaci\u00f3n art\u00edstica formal y comunitaria.<\/span><span data-ccp-props=\"{&quot;335551550&quot;:6,&quot;335551620&quot;:6}\">\u00a0<\/span><\/p>\n<p><span data-contrast=\"auto\">Todos estos trabajos no solo buscan embellecer los espacios p\u00fablicos, sino que tambi\u00e9n fortalecen el tejido social para generar un impacto positivo en la calidad de vida de las personas, adem\u00e1s de dejar una huella de reflexi\u00f3n y cambio ante las problem\u00e1ticas que d\u00eda a d\u00eda aquejan a la comunidad.\u00a0<\/span><span data-ccp-props=\"{&quot;335551550&quot;:6,&quot;335551620&quot;:6}\">\u00a0<\/span><\/p>\n<p><img loading=\"lazy\" decoding=\"async\" class=\"aligncenter wp-image-3481 size-large\" src=\"https:\/\/somos-hermanos.mx\/wp-content\/uploads\/2026\/04\/BANNER-300-1024x768.jpg\" alt=\"violotemetro\" width=\"1024\" height=\"768\" srcset=\"https:\/\/somos-hermanos.mx\/wp-content\/uploads\/2026\/04\/BANNER-300-1024x768.jpg 1024w, https:\/\/somos-hermanos.mx\/wp-content\/uploads\/2026\/04\/BANNER-300-300x225.jpg 300w, https:\/\/somos-hermanos.mx\/wp-content\/uploads\/2026\/04\/BANNER-300-768x576.jpg 768w, https:\/\/somos-hermanos.mx\/wp-content\/uploads\/2026\/04\/BANNER-300-1536x1152.jpg 1536w, https:\/\/somos-hermanos.mx\/wp-content\/uploads\/2026\/04\/BANNER-300-2048x1536.jpg 2048w\" sizes=\"auto, (max-width: 1024px) 100vw, 1024px\" \/><\/p>\n","protected":false},"excerpt":{"rendered":"<p>La comunicaci\u00f3n visual, el dise\u00f1o gr\u00e1fico y las artes visuales se han convertido en una herramienta para diversas organizaciones de la Sociedad Civil, ya que con estas se logra dejar un mensaje m\u00e1s emp\u00e1tico y de alto impacto frente a las problem\u00e1ticas que aquejan a las comunidades en todo el mundo\u00a0 \u00a0 Varias organizaciones de [&hellip;]<\/p>\n","protected":false},"author":15,"featured_media":3480,"comment_status":"open","ping_status":"closed","sticky":false,"template":"","format":"standard","meta":{"footnotes":""},"categories":[6],"tags":[4406,3756,4540,4409],"class_list":["post-3479","post","type-post","status-publish","format-standard","has-post-thumbnail","hentry","category-noticias","tag-altruismo","tag-arte","tag-sociedad","tag-somos-hermanos"],"yoast_head":"<!-- This site is optimized with the Yoast SEO plugin v27.5 - https:\/\/yoast.com\/product\/yoast-seo-wordpress\/ -->\n<title>El arte como medio de cambio para la sociedad - Historias que inspiran...<\/title>\n<meta name=\"description\" content=\"La comunicaci\u00f3n visual, el dise\u00f1o gr\u00e1fico y las artes visuales se han convertido en una herramienta para diversas...\" \/>\n<meta name=\"robots\" content=\"index, follow, max-snippet:-1, max-image-preview:large, max-video-preview:-1\" \/>\n<link rel=\"canonical\" href=\"https:\/\/somos-hermanos.mx\/index.php\/2026\/04\/27\/el-arte-como-medio-de-cambio-para-la-sociedad\/\" \/>\n<meta property=\"og:locale\" content=\"es_MX\" \/>\n<meta property=\"og:type\" content=\"article\" \/>\n<meta property=\"og:title\" content=\"El arte como medio de cambio para la sociedad - Historias que inspiran...\" \/>\n<meta property=\"og:description\" content=\"La comunicaci\u00f3n visual, el dise\u00f1o gr\u00e1fico y las artes visuales se han convertido en una herramienta para diversas...\" \/>\n<meta property=\"og:url\" content=\"https:\/\/somos-hermanos.mx\/index.php\/2026\/04\/27\/el-arte-como-medio-de-cambio-para-la-sociedad\/\" \/>\n<meta property=\"og:site_name\" content=\"Historias que inspiran...\" \/>\n<meta property=\"article:publisher\" content=\"https:\/\/www.facebook.com\/SomosHermanosIAP\/\" \/>\n<meta property=\"article:published_time\" content=\"2026-04-27T23:15:03+00:00\" \/>\n<meta property=\"og:image\" content=\"https:\/\/somos-hermanos.mx\/wp-content\/uploads\/2026\/04\/violentometro.jpg\" \/>\n\t<meta property=\"og:image:width\" content=\"1200\" \/>\n\t<meta property=\"og:image:height\" content=\"630\" \/>\n\t<meta property=\"og:image:type\" content=\"image\/jpeg\" \/>\n<meta name=\"author\" content=\"Itzel Montiel Luna\" \/>\n<meta name=\"twitter:card\" content=\"summary_large_image\" \/>\n<meta name=\"twitter:creator\" content=\"@Somos__Hermanos\" \/>\n<meta name=\"twitter:site\" content=\"@Somos__Hermanos\" \/>\n<meta name=\"twitter:label1\" content=\"Escrito por\" \/>\n\t<meta name=\"twitter:data1\" content=\"Itzel Montiel Luna\" \/>\n\t<meta name=\"twitter:label2\" content=\"Tiempo de lectura\" \/>\n\t<meta name=\"twitter:data2\" content=\"3 minutos\" \/>\n<script type=\"application\/ld+json\" class=\"yoast-schema-graph\">{\"@context\":\"https:\\\/\\\/schema.org\",\"@graph\":[{\"@type\":\"Article\",\"@id\":\"https:\\\/\\\/somos-hermanos.mx\\\/index.php\\\/2026\\\/04\\\/27\\\/el-arte-como-medio-de-cambio-para-la-sociedad\\\/#article\",\"isPartOf\":{\"@id\":\"https:\\\/\\\/somos-hermanos.mx\\\/index.php\\\/2026\\\/04\\\/27\\\/el-arte-como-medio-de-cambio-para-la-sociedad\\\/\"},\"author\":{\"name\":\"Itzel Montiel Luna\",\"@id\":\"https:\\\/\\\/somos-hermanos.mx\\\/#\\\/schema\\\/person\\\/0998f178948ff64bb6e8e1479a973eb7\"},\"headline\":\"El arte como medio de cambio para la sociedad\",\"datePublished\":\"2026-04-27T23:15:03+00:00\",\"mainEntityOfPage\":{\"@id\":\"https:\\\/\\\/somos-hermanos.mx\\\/index.php\\\/2026\\\/04\\\/27\\\/el-arte-como-medio-de-cambio-para-la-sociedad\\\/\"},\"wordCount\":428,\"commentCount\":0,\"publisher\":{\"@id\":\"https:\\\/\\\/somos-hermanos.mx\\\/#organization\"},\"image\":{\"@id\":\"https:\\\/\\\/somos-hermanos.mx\\\/index.php\\\/2026\\\/04\\\/27\\\/el-arte-como-medio-de-cambio-para-la-sociedad\\\/#primaryimage\"},\"thumbnailUrl\":\"https:\\\/\\\/somos-hermanos.mx\\\/wp-content\\\/uploads\\\/2026\\\/04\\\/violentometro.jpg\",\"keywords\":[\"Altruismo\",\"arte\",\"sociedad\",\"Somos Hermanos\"],\"articleSection\":[\"Noticias\"],\"inLanguage\":\"es\",\"potentialAction\":[{\"@type\":\"CommentAction\",\"name\":\"Comment\",\"target\":[\"https:\\\/\\\/somos-hermanos.mx\\\/index.php\\\/2026\\\/04\\\/27\\\/el-arte-como-medio-de-cambio-para-la-sociedad\\\/#respond\"]}]},{\"@type\":\"WebPage\",\"@id\":\"https:\\\/\\\/somos-hermanos.mx\\\/index.php\\\/2026\\\/04\\\/27\\\/el-arte-como-medio-de-cambio-para-la-sociedad\\\/\",\"url\":\"https:\\\/\\\/somos-hermanos.mx\\\/index.php\\\/2026\\\/04\\\/27\\\/el-arte-como-medio-de-cambio-para-la-sociedad\\\/\",\"name\":\"El arte como medio de cambio para la sociedad - Historias que inspiran...\",\"isPartOf\":{\"@id\":\"https:\\\/\\\/somos-hermanos.mx\\\/#website\"},\"primaryImageOfPage\":{\"@id\":\"https:\\\/\\\/somos-hermanos.mx\\\/index.php\\\/2026\\\/04\\\/27\\\/el-arte-como-medio-de-cambio-para-la-sociedad\\\/#primaryimage\"},\"image\":{\"@id\":\"https:\\\/\\\/somos-hermanos.mx\\\/index.php\\\/2026\\\/04\\\/27\\\/el-arte-como-medio-de-cambio-para-la-sociedad\\\/#primaryimage\"},\"thumbnailUrl\":\"https:\\\/\\\/somos-hermanos.mx\\\/wp-content\\\/uploads\\\/2026\\\/04\\\/violentometro.jpg\",\"datePublished\":\"2026-04-27T23:15:03+00:00\",\"description\":\"La comunicaci\u00f3n visual, el dise\u00f1o gr\u00e1fico y las artes visuales se han convertido en una herramienta para diversas...\",\"breadcrumb\":{\"@id\":\"https:\\\/\\\/somos-hermanos.mx\\\/index.php\\\/2026\\\/04\\\/27\\\/el-arte-como-medio-de-cambio-para-la-sociedad\\\/#breadcrumb\"},\"inLanguage\":\"es\",\"potentialAction\":[{\"@type\":\"ReadAction\",\"target\":[\"https:\\\/\\\/somos-hermanos.mx\\\/index.php\\\/2026\\\/04\\\/27\\\/el-arte-como-medio-de-cambio-para-la-sociedad\\\/\"]}]},{\"@type\":\"ImageObject\",\"inLanguage\":\"es\",\"@id\":\"https:\\\/\\\/somos-hermanos.mx\\\/index.php\\\/2026\\\/04\\\/27\\\/el-arte-como-medio-de-cambio-para-la-sociedad\\\/#primaryimage\",\"url\":\"https:\\\/\\\/somos-hermanos.mx\\\/wp-content\\\/uploads\\\/2026\\\/04\\\/violentometro.jpg\",\"contentUrl\":\"https:\\\/\\\/somos-hermanos.mx\\\/wp-content\\\/uploads\\\/2026\\\/04\\\/violentometro.jpg\",\"width\":1200,\"height\":630,\"caption\":\"El arte como medio de cambio para la sociedad\"},{\"@type\":\"BreadcrumbList\",\"@id\":\"https:\\\/\\\/somos-hermanos.mx\\\/index.php\\\/2026\\\/04\\\/27\\\/el-arte-como-medio-de-cambio-para-la-sociedad\\\/#breadcrumb\",\"itemListElement\":[{\"@type\":\"ListItem\",\"position\":1,\"name\":\"Inicio\",\"item\":\"https:\\\/\\\/somos-hermanos.mx\\\/\"},{\"@type\":\"ListItem\",\"position\":2,\"name\":\"El arte como medio de cambio para la sociedad\"}]},{\"@type\":\"WebSite\",\"@id\":\"https:\\\/\\\/somos-hermanos.mx\\\/#website\",\"url\":\"https:\\\/\\\/somos-hermanos.mx\\\/\",\"name\":\"Historias que inspiran...\",\"description\":\"Somos la voz del altruismo en M\u00e9xico\",\"publisher\":{\"@id\":\"https:\\\/\\\/somos-hermanos.mx\\\/#organization\"},\"potentialAction\":[{\"@type\":\"SearchAction\",\"target\":{\"@type\":\"EntryPoint\",\"urlTemplate\":\"https:\\\/\\\/somos-hermanos.mx\\\/?s={search_term_string}\"},\"query-input\":{\"@type\":\"PropertyValueSpecification\",\"valueRequired\":true,\"valueName\":\"search_term_string\"}}],\"inLanguage\":\"es\"},{\"@type\":\"Organization\",\"@id\":\"https:\\\/\\\/somos-hermanos.mx\\\/#organization\",\"name\":\"Somos Hermanos\",\"url\":\"https:\\\/\\\/somos-hermanos.mx\\\/\",\"logo\":{\"@type\":\"ImageObject\",\"inLanguage\":\"es\",\"@id\":\"https:\\\/\\\/somos-hermanos.mx\\\/#\\\/schema\\\/logo\\\/image\\\/\",\"url\":\"https:\\\/\\\/somos-hermanos.mx\\\/wp-content\\\/uploads\\\/2025\\\/08\\\/SH30-1.jpeg\",\"contentUrl\":\"https:\\\/\\\/somos-hermanos.mx\\\/wp-content\\\/uploads\\\/2025\\\/08\\\/SH30-1.jpeg\",\"width\":1600,\"height\":1142,\"caption\":\"Somos Hermanos\"},\"image\":{\"@id\":\"https:\\\/\\\/somos-hermanos.mx\\\/#\\\/schema\\\/logo\\\/image\\\/\"},\"sameAs\":[\"https:\\\/\\\/www.facebook.com\\\/SomosHermanosIAP\\\/\",\"https:\\\/\\\/x.com\\\/Somos__Hermanos\",\"https:\\\/\\\/www.instagram.com\\\/somos__hermanos\\\/#\",\"https:\\\/\\\/www.tiktok.com\\\/@somoshermanosiap\",\"https:\\\/\\\/www.youtube.com\\\/@somoshermanosiap1201\\\/videos\"]},{\"@type\":\"Person\",\"@id\":\"https:\\\/\\\/somos-hermanos.mx\\\/#\\\/schema\\\/person\\\/0998f178948ff64bb6e8e1479a973eb7\",\"name\":\"Itzel Montiel Luna\",\"image\":{\"@type\":\"ImageObject\",\"inLanguage\":\"es\",\"@id\":\"https:\\\/\\\/secure.gravatar.com\\\/avatar\\\/fa18ed3df0c81049a1f84da7aea98a9f130aedfb6076ab013d6451875eb77a7b?s=96&d=mm&r=g\",\"url\":\"https:\\\/\\\/secure.gravatar.com\\\/avatar\\\/fa18ed3df0c81049a1f84da7aea98a9f130aedfb6076ab013d6451875eb77a7b?s=96&d=mm&r=g\",\"contentUrl\":\"https:\\\/\\\/secure.gravatar.com\\\/avatar\\\/fa18ed3df0c81049a1f84da7aea98a9f130aedfb6076ab013d6451875eb77a7b?s=96&d=mm&r=g\",\"caption\":\"Itzel Montiel Luna\"},\"url\":\"https:\\\/\\\/somos-hermanos.mx\\\/index.php\\\/author\\\/itzel-montiel-luna\\\/\"}]}<\/script>\n<!-- \/ Yoast SEO plugin. -->","yoast_head_json":{"title":"El arte como medio de cambio para la sociedad - Historias que inspiran...","description":"La comunicaci\u00f3n visual, el dise\u00f1o gr\u00e1fico y las artes visuales se han convertido en una herramienta para diversas...","robots":{"index":"index","follow":"follow","max-snippet":"max-snippet:-1","max-image-preview":"max-image-preview:large","max-video-preview":"max-video-preview:-1"},"canonical":"https:\/\/somos-hermanos.mx\/index.php\/2026\/04\/27\/el-arte-como-medio-de-cambio-para-la-sociedad\/","og_locale":"es_MX","og_type":"article","og_title":"El arte como medio de cambio para la sociedad - Historias que inspiran...","og_description":"La comunicaci\u00f3n visual, el dise\u00f1o gr\u00e1fico y las artes visuales se han convertido en una herramienta para diversas...","og_url":"https:\/\/somos-hermanos.mx\/index.php\/2026\/04\/27\/el-arte-como-medio-de-cambio-para-la-sociedad\/","og_site_name":"Historias que inspiran...","article_publisher":"https:\/\/www.facebook.com\/SomosHermanosIAP\/","article_published_time":"2026-04-27T23:15:03+00:00","og_image":[{"width":1200,"height":630,"url":"https:\/\/somos-hermanos.mx\/wp-content\/uploads\/2026\/04\/violentometro.jpg","type":"image\/jpeg"}],"author":"Itzel Montiel Luna","twitter_card":"summary_large_image","twitter_creator":"@Somos__Hermanos","twitter_site":"@Somos__Hermanos","twitter_misc":{"Escrito por":"Itzel Montiel Luna","Tiempo de lectura":"3 minutos"},"schema":{"@context":"https:\/\/schema.org","@graph":[{"@type":"Article","@id":"https:\/\/somos-hermanos.mx\/index.php\/2026\/04\/27\/el-arte-como-medio-de-cambio-para-la-sociedad\/#article","isPartOf":{"@id":"https:\/\/somos-hermanos.mx\/index.php\/2026\/04\/27\/el-arte-como-medio-de-cambio-para-la-sociedad\/"},"author":{"name":"Itzel Montiel Luna","@id":"https:\/\/somos-hermanos.mx\/#\/schema\/person\/0998f178948ff64bb6e8e1479a973eb7"},"headline":"El arte como medio de cambio para la sociedad","datePublished":"2026-04-27T23:15:03+00:00","mainEntityOfPage":{"@id":"https:\/\/somos-hermanos.mx\/index.php\/2026\/04\/27\/el-arte-como-medio-de-cambio-para-la-sociedad\/"},"wordCount":428,"commentCount":0,"publisher":{"@id":"https:\/\/somos-hermanos.mx\/#organization"},"image":{"@id":"https:\/\/somos-hermanos.mx\/index.php\/2026\/04\/27\/el-arte-como-medio-de-cambio-para-la-sociedad\/#primaryimage"},"thumbnailUrl":"https:\/\/somos-hermanos.mx\/wp-content\/uploads\/2026\/04\/violentometro.jpg","keywords":["Altruismo","arte","sociedad","Somos Hermanos"],"articleSection":["Noticias"],"inLanguage":"es","potentialAction":[{"@type":"CommentAction","name":"Comment","target":["https:\/\/somos-hermanos.mx\/index.php\/2026\/04\/27\/el-arte-como-medio-de-cambio-para-la-sociedad\/#respond"]}]},{"@type":"WebPage","@id":"https:\/\/somos-hermanos.mx\/index.php\/2026\/04\/27\/el-arte-como-medio-de-cambio-para-la-sociedad\/","url":"https:\/\/somos-hermanos.mx\/index.php\/2026\/04\/27\/el-arte-como-medio-de-cambio-para-la-sociedad\/","name":"El arte como medio de cambio para la sociedad - Historias que inspiran...","isPartOf":{"@id":"https:\/\/somos-hermanos.mx\/#website"},"primaryImageOfPage":{"@id":"https:\/\/somos-hermanos.mx\/index.php\/2026\/04\/27\/el-arte-como-medio-de-cambio-para-la-sociedad\/#primaryimage"},"image":{"@id":"https:\/\/somos-hermanos.mx\/index.php\/2026\/04\/27\/el-arte-como-medio-de-cambio-para-la-sociedad\/#primaryimage"},"thumbnailUrl":"https:\/\/somos-hermanos.mx\/wp-content\/uploads\/2026\/04\/violentometro.jpg","datePublished":"2026-04-27T23:15:03+00:00","description":"La comunicaci\u00f3n visual, el dise\u00f1o gr\u00e1fico y las artes visuales se han convertido en una herramienta para diversas...","breadcrumb":{"@id":"https:\/\/somos-hermanos.mx\/index.php\/2026\/04\/27\/el-arte-como-medio-de-cambio-para-la-sociedad\/#breadcrumb"},"inLanguage":"es","potentialAction":[{"@type":"ReadAction","target":["https:\/\/somos-hermanos.mx\/index.php\/2026\/04\/27\/el-arte-como-medio-de-cambio-para-la-sociedad\/"]}]},{"@type":"ImageObject","inLanguage":"es","@id":"https:\/\/somos-hermanos.mx\/index.php\/2026\/04\/27\/el-arte-como-medio-de-cambio-para-la-sociedad\/#primaryimage","url":"https:\/\/somos-hermanos.mx\/wp-content\/uploads\/2026\/04\/violentometro.jpg","contentUrl":"https:\/\/somos-hermanos.mx\/wp-content\/uploads\/2026\/04\/violentometro.jpg","width":1200,"height":630,"caption":"El arte como medio de cambio para la sociedad"},{"@type":"BreadcrumbList","@id":"https:\/\/somos-hermanos.mx\/index.php\/2026\/04\/27\/el-arte-como-medio-de-cambio-para-la-sociedad\/#breadcrumb","itemListElement":[{"@type":"ListItem","position":1,"name":"Inicio","item":"https:\/\/somos-hermanos.mx\/"},{"@type":"ListItem","position":2,"name":"El arte como medio de cambio para la sociedad"}]},{"@type":"WebSite","@id":"https:\/\/somos-hermanos.mx\/#website","url":"https:\/\/somos-hermanos.mx\/","name":"Historias que inspiran...","description":"Somos la voz del altruismo en M\u00e9xico","publisher":{"@id":"https:\/\/somos-hermanos.mx\/#organization"},"potentialAction":[{"@type":"SearchAction","target":{"@type":"EntryPoint","urlTemplate":"https:\/\/somos-hermanos.mx\/?s={search_term_string}"},"query-input":{"@type":"PropertyValueSpecification","valueRequired":true,"valueName":"search_term_string"}}],"inLanguage":"es"},{"@type":"Organization","@id":"https:\/\/somos-hermanos.mx\/#organization","name":"Somos Hermanos","url":"https:\/\/somos-hermanos.mx\/","logo":{"@type":"ImageObject","inLanguage":"es","@id":"https:\/\/somos-hermanos.mx\/#\/schema\/logo\/image\/","url":"https:\/\/somos-hermanos.mx\/wp-content\/uploads\/2025\/08\/SH30-1.jpeg","contentUrl":"https:\/\/somos-hermanos.mx\/wp-content\/uploads\/2025\/08\/SH30-1.jpeg","width":1600,"height":1142,"caption":"Somos Hermanos"},"image":{"@id":"https:\/\/somos-hermanos.mx\/#\/schema\/logo\/image\/"},"sameAs":["https:\/\/www.facebook.com\/SomosHermanosIAP\/","https:\/\/x.com\/Somos__Hermanos","https:\/\/www.instagram.com\/somos__hermanos\/#","https:\/\/www.tiktok.com\/@somoshermanosiap","https:\/\/www.youtube.com\/@somoshermanosiap1201\/videos"]},{"@type":"Person","@id":"https:\/\/somos-hermanos.mx\/#\/schema\/person\/0998f178948ff64bb6e8e1479a973eb7","name":"Itzel Montiel Luna","image":{"@type":"ImageObject","inLanguage":"es","@id":"https:\/\/secure.gravatar.com\/avatar\/fa18ed3df0c81049a1f84da7aea98a9f130aedfb6076ab013d6451875eb77a7b?s=96&d=mm&r=g","url":"https:\/\/secure.gravatar.com\/avatar\/fa18ed3df0c81049a1f84da7aea98a9f130aedfb6076ab013d6451875eb77a7b?s=96&d=mm&r=g","contentUrl":"https:\/\/secure.gravatar.com\/avatar\/fa18ed3df0c81049a1f84da7aea98a9f130aedfb6076ab013d6451875eb77a7b?s=96&d=mm&r=g","caption":"Itzel Montiel Luna"},"url":"https:\/\/somos-hermanos.mx\/index.php\/author\/itzel-montiel-luna\/"}]}},"_links":{"self":[{"href":"https:\/\/somos-hermanos.mx\/index.php\/wp-json\/wp\/v2\/posts\/3479","targetHints":{"allow":["GET"]}}],"collection":[{"href":"https:\/\/somos-hermanos.mx\/index.php\/wp-json\/wp\/v2\/posts"}],"about":[{"href":"https:\/\/somos-hermanos.mx\/index.php\/wp-json\/wp\/v2\/types\/post"}],"author":[{"embeddable":true,"href":"https:\/\/somos-hermanos.mx\/index.php\/wp-json\/wp\/v2\/users\/15"}],"replies":[{"embeddable":true,"href":"https:\/\/somos-hermanos.mx\/index.php\/wp-json\/wp\/v2\/comments?post=3479"}],"version-history":[{"count":1,"href":"https:\/\/somos-hermanos.mx\/index.php\/wp-json\/wp\/v2\/posts\/3479\/revisions"}],"predecessor-version":[{"id":3483,"href":"https:\/\/somos-hermanos.mx\/index.php\/wp-json\/wp\/v2\/posts\/3479\/revisions\/3483"}],"wp:featuredmedia":[{"embeddable":true,"href":"https:\/\/somos-hermanos.mx\/index.php\/wp-json\/wp\/v2\/media\/3480"}],"wp:attachment":[{"href":"https:\/\/somos-hermanos.mx\/index.php\/wp-json\/wp\/v2\/media?parent=3479"}],"wp:term":[{"taxonomy":"category","embeddable":true,"href":"https:\/\/somos-hermanos.mx\/index.php\/wp-json\/wp\/v2\/categories?post=3479"},{"taxonomy":"post_tag","embeddable":true,"href":"https:\/\/somos-hermanos.mx\/index.php\/wp-json\/wp\/v2\/tags?post=3479"}],"curies":[{"name":"wp","href":"https:\/\/api.w.org\/{rel}","templated":true}]}}