{"id":322,"date":"2025-08-03T22:04:32","date_gmt":"2025-08-04T04:04:32","guid":{"rendered":"https:\/\/somos-hermanos.mx\/?p=322"},"modified":"2025-08-03T22:04:44","modified_gmt":"2025-08-04T04:04:44","slug":"aff-impulsa-acciones-conjuntas-que-fortalecen-la-frontera-de-mexico-y-usa","status":"publish","type":"post","link":"https:\/\/somos-hermanos.mx\/index.php\/2025\/08\/03\/aff-impulsa-acciones-conjuntas-que-fortalecen-la-frontera-de-mexico-y-usa\/","title":{"rendered":"AFF impulsa acciones conjuntas que fortalecen la frontera de M\u00e9xico y USA"},"content":{"rendered":"<p>La Alianza Fronteriza de Filantrop\u00eda (AFF) es una organizaci\u00f3n binacional que se ha consolidado como <strong>un modelo de liderazgo y colaboraci\u00f3n en la regi\u00f3n fronteriza entre Estados Unidos y M\u00e9xico.<\/strong><\/p>\n<p>Desde su creaci\u00f3n en 2008, la AFF <strong>ha trabajado incansablemente para promover la prosperidad en esta vasta y compleja regi\u00f3n, articulando esfuerzos filantr\u00f3picos y sociales<\/strong>\u00a0que abarcan a diez estados fronterizos y trascienden fronteras.<\/p>\n<p>Con una misi\u00f3n centrada en apoyar a una red din\u00e1mica de organizaciones, <strong>la AFF ha impulsado acciones conjuntas que fortalecen comunidades y generan impacto en ambos lados de la frontera.<\/strong><\/p>\n<p>Su singularidad radica en su enfoque integral y su capacidad de reunir a m\u00e1s de 400 afiliados, incluyendo l\u00edderes de fundaciones, organizaciones de la sociedad civil, instituciones acad\u00e9micas, empresas y gobiernos.<\/p>\n<p>Esta red colabora bajo una visi\u00f3n compartida: <strong>construir una regi\u00f3n transfronteriza pr\u00f3spera donde la filantrop\u00eda y una sociedad civil m\u00e1s robusta sean pilares para el desarrollo sostenible.<\/strong><\/p>\n<p>Este objetivo se logra mediante el liderazgo compartido, la colaboraci\u00f3n estrat\u00e9gica y la implementaci\u00f3n de iniciativas que responden a las necesidades espec\u00edficas de las comunidades fronterizas.<\/p>\n<p><strong>La historia de la AFF refleja su compromiso con la innovaci\u00f3n y la adaptabilidad. <\/strong>Antes de constituirse como una organizaci\u00f3n legalmente establecida, funcionaba como un programa de desarrollo de capacidades para fundaciones comunitarias, financiado por importantes donantes como la Fundaci\u00f3n Ford y la Fundaci\u00f3n Charles Stewart Mott.<\/p>\n<p>Este programa, que involucr\u00f3 a 18 fundaciones comunitarias de la regi\u00f3n, sent\u00f3 las bases para lo que hoy es la AFF. Su \u00e9xito inicial destac\u00f3 la importancia de la cooperaci\u00f3n transfronteriza, lo que motiv\u00f3 a sus participantes a formalizar esta red en una organizaci\u00f3n binacional que pudiera ampliar su alcance e impacto.<\/p>\n<p>Adem\u00e1s de su estructura binacional, cuenta con una organizaci\u00f3n hermana en Ciudad Ju\u00e1rez, Chihuahua, que opera como una asociaci\u00f3n civil legalmente constituida en M\u00e9xico.<\/p>\n<p>Esta doble estructura no solo facilita el cumplimiento de las normativas legales de ambos pa\u00edses, sino que tambi\u00e9n fortalece su capacidad para atraer recursos y proporcionar beneficios fiscales a sus donantes.<\/p>\n<p>Esta dualidad refuerza su papel como un puente entre dos naciones, promoviendo la filantrop\u00eda y generando soluciones adaptadas a las particularidades culturales y legales de cada lado de la frontera.<\/p>\n<p>La AFF no se limita a ser un v\u00ednculo entre donantes y beneficiarios; su labor es estrat\u00e9gica y busca transformar las din\u00e1micas tradicionales de la filantrop\u00eda. Desde su origen, ha promovido una cultura de colaboraci\u00f3n entre sectores, entendiendo que los desaf\u00edos de la regi\u00f3n fronteriza requieren respuestas colectivas y coordinadas.<\/p>\n<p>As\u00ed, se ha convertido en una plataforma que amplifica los esfuerzos de individuos y organizaciones comprometidos con el desarrollo social, promoviendo no solo el bienestar inmediato, sino tambi\u00e9n la construcci\u00f3n de comunidades resilientes y sostenibles.<\/p>\n<p>En un contexto donde las fronteras suelen ser vistas como l\u00edneas divisorias, la Alianza Fronteriza de Filantrop\u00eda demuestra que tambi\u00e9n pueden ser espacios de uni\u00f3n y colaboraci\u00f3n.<\/p>\n<p>Su trayectoria es un testimonio del poder de la filantrop\u00eda y el liderazgo colectivo para superar desaf\u00edos y construir un futuro m\u00e1s prometedor para las comunidades fronterizas.<\/p>\n<p>Con una visi\u00f3n clara y una red comprometida, <strong>la AFF sigue marcando la pauta en el \u00e1mbito binacional, reafirmando que la prosperidad compartida es posible <\/strong>cuando se trabaja juntos con prop\u00f3sito y determinaci\u00f3n.<\/p>\n","protected":false},"excerpt":{"rendered":"<p>La Alianza Fronteriza de Filantrop\u00eda (AFF) es una organizaci\u00f3n binacional que se ha consolidado como un modelo de liderazgo y colaboraci\u00f3n en la regi\u00f3n fronteriza entre Estados Unidos y M\u00e9xico. Desde su creaci\u00f3n en 2008, la AFF ha trabajado incansablemente para promover la prosperidad en esta vasta y compleja regi\u00f3n, articulando esfuerzos filantr\u00f3picos y sociales\u00a0que [&hellip;]<\/p>\n","protected":false},"author":12,"featured_media":323,"comment_status":"open","ping_status":"closed","sticky":false,"template":"","format":"standard","meta":{"footnotes":""},"categories":[6],"tags":[],"class_list":["post-322","post","type-post","status-publish","format-standard","has-post-thumbnail","hentry","category-noticias"],"yoast_head":"<!-- This site is optimized with the Yoast SEO plugin v27.5 - https:\/\/yoast.com\/product\/yoast-seo-wordpress\/ -->\n<title>AFF impulsa acciones conjuntas que fortalecen la frontera de M\u00e9xico y USA - Historias que inspiran...<\/title>\n<meta name=\"robots\" content=\"index, follow, max-snippet:-1, max-image-preview:large, max-video-preview:-1\" \/>\n<link rel=\"canonical\" href=\"https:\/\/somos-hermanos.mx\/index.php\/2025\/08\/03\/aff-impulsa-acciones-conjuntas-que-fortalecen-la-frontera-de-mexico-y-usa\/\" \/>\n<meta property=\"og:locale\" content=\"es_MX\" \/>\n<meta property=\"og:type\" content=\"article\" \/>\n<meta property=\"og:title\" content=\"AFF impulsa acciones conjuntas que fortalecen la frontera de M\u00e9xico y USA - Historias que inspiran...\" \/>\n<meta property=\"og:description\" content=\"La Alianza Fronteriza de Filantrop\u00eda (AFF) es una organizaci\u00f3n binacional que se ha consolidado como un modelo de liderazgo y colaboraci\u00f3n en la regi\u00f3n fronteriza entre Estados Unidos y M\u00e9xico. Desde su creaci\u00f3n en 2008, la AFF ha trabajado incansablemente para promover la prosperidad en esta vasta y compleja regi\u00f3n, articulando esfuerzos filantr\u00f3picos y sociales\u00a0que [&hellip;]\" \/>\n<meta property=\"og:url\" content=\"https:\/\/somos-hermanos.mx\/index.php\/2025\/08\/03\/aff-impulsa-acciones-conjuntas-que-fortalecen-la-frontera-de-mexico-y-usa\/\" \/>\n<meta property=\"og:site_name\" content=\"Historias que inspiran...\" \/>\n<meta property=\"article:publisher\" content=\"https:\/\/www.facebook.com\/SomosHermanosIAP\/\" \/>\n<meta property=\"article:published_time\" content=\"2025-08-04T04:04:32+00:00\" \/>\n<meta property=\"article:modified_time\" content=\"2025-08-04T04:04:44+00:00\" \/>\n<meta property=\"og:image\" content=\"https:\/\/somos-hermanos.mx\/wp-content\/uploads\/2025\/08\/alian2.jpeg\" \/>\n\t<meta property=\"og:image:width\" content=\"1030\" \/>\n\t<meta property=\"og:image:height\" content=\"1031\" \/>\n\t<meta property=\"og:image:type\" content=\"image\/jpeg\" \/>\n<meta name=\"author\" content=\"Natalia Rod Mart\u00ednez\" \/>\n<meta name=\"twitter:card\" content=\"summary_large_image\" \/>\n<meta name=\"twitter:creator\" content=\"@Somos__Hermanos\" \/>\n<meta name=\"twitter:site\" content=\"@Somos__Hermanos\" \/>\n<meta name=\"twitter:label1\" content=\"Escrito por\" \/>\n\t<meta name=\"twitter:data1\" content=\"Natalia Rod Mart\u00ednez\" \/>\n\t<meta name=\"twitter:label2\" content=\"Tiempo de lectura\" \/>\n\t<meta name=\"twitter:data2\" content=\"3 minutos\" \/>\n<script type=\"application\/ld+json\" class=\"yoast-schema-graph\">{\"@context\":\"https:\\\/\\\/schema.org\",\"@graph\":[{\"@type\":\"Article\",\"@id\":\"https:\\\/\\\/somos-hermanos.mx\\\/index.php\\\/2025\\\/08\\\/03\\\/aff-impulsa-acciones-conjuntas-que-fortalecen-la-frontera-de-mexico-y-usa\\\/#article\",\"isPartOf\":{\"@id\":\"https:\\\/\\\/somos-hermanos.mx\\\/index.php\\\/2025\\\/08\\\/03\\\/aff-impulsa-acciones-conjuntas-que-fortalecen-la-frontera-de-mexico-y-usa\\\/\"},\"author\":{\"name\":\"Natalia Rod Mart\u00ednez\",\"@id\":\"https:\\\/\\\/somos-hermanos.mx\\\/#\\\/schema\\\/person\\\/6c97677ace2633f0180a22e6a014bc84\"},\"headline\":\"AFF impulsa acciones conjuntas que fortalecen la frontera de M\u00e9xico y USA\",\"datePublished\":\"2025-08-04T04:04:32+00:00\",\"dateModified\":\"2025-08-04T04:04:44+00:00\",\"mainEntityOfPage\":{\"@id\":\"https:\\\/\\\/somos-hermanos.mx\\\/index.php\\\/2025\\\/08\\\/03\\\/aff-impulsa-acciones-conjuntas-que-fortalecen-la-frontera-de-mexico-y-usa\\\/\"},\"wordCount\":601,\"commentCount\":0,\"publisher\":{\"@id\":\"https:\\\/\\\/somos-hermanos.mx\\\/#organization\"},\"image\":{\"@id\":\"https:\\\/\\\/somos-hermanos.mx\\\/index.php\\\/2025\\\/08\\\/03\\\/aff-impulsa-acciones-conjuntas-que-fortalecen-la-frontera-de-mexico-y-usa\\\/#primaryimage\"},\"thumbnailUrl\":\"https:\\\/\\\/somos-hermanos.mx\\\/wp-content\\\/uploads\\\/2025\\\/08\\\/alian2.jpeg\",\"articleSection\":[\"Noticias\"],\"inLanguage\":\"es\",\"potentialAction\":[{\"@type\":\"CommentAction\",\"name\":\"Comment\",\"target\":[\"https:\\\/\\\/somos-hermanos.mx\\\/index.php\\\/2025\\\/08\\\/03\\\/aff-impulsa-acciones-conjuntas-que-fortalecen-la-frontera-de-mexico-y-usa\\\/#respond\"]}]},{\"@type\":\"WebPage\",\"@id\":\"https:\\\/\\\/somos-hermanos.mx\\\/index.php\\\/2025\\\/08\\\/03\\\/aff-impulsa-acciones-conjuntas-que-fortalecen-la-frontera-de-mexico-y-usa\\\/\",\"url\":\"https:\\\/\\\/somos-hermanos.mx\\\/index.php\\\/2025\\\/08\\\/03\\\/aff-impulsa-acciones-conjuntas-que-fortalecen-la-frontera-de-mexico-y-usa\\\/\",\"name\":\"AFF impulsa acciones conjuntas que fortalecen la frontera de M\u00e9xico y USA - Historias que inspiran...\",\"isPartOf\":{\"@id\":\"https:\\\/\\\/somos-hermanos.mx\\\/#website\"},\"primaryImageOfPage\":{\"@id\":\"https:\\\/\\\/somos-hermanos.mx\\\/index.php\\\/2025\\\/08\\\/03\\\/aff-impulsa-acciones-conjuntas-que-fortalecen-la-frontera-de-mexico-y-usa\\\/#primaryimage\"},\"image\":{\"@id\":\"https:\\\/\\\/somos-hermanos.mx\\\/index.php\\\/2025\\\/08\\\/03\\\/aff-impulsa-acciones-conjuntas-que-fortalecen-la-frontera-de-mexico-y-usa\\\/#primaryimage\"},\"thumbnailUrl\":\"https:\\\/\\\/somos-hermanos.mx\\\/wp-content\\\/uploads\\\/2025\\\/08\\\/alian2.jpeg\",\"datePublished\":\"2025-08-04T04:04:32+00:00\",\"dateModified\":\"2025-08-04T04:04:44+00:00\",\"breadcrumb\":{\"@id\":\"https:\\\/\\\/somos-hermanos.mx\\\/index.php\\\/2025\\\/08\\\/03\\\/aff-impulsa-acciones-conjuntas-que-fortalecen-la-frontera-de-mexico-y-usa\\\/#breadcrumb\"},\"inLanguage\":\"es\",\"potentialAction\":[{\"@type\":\"ReadAction\",\"target\":[\"https:\\\/\\\/somos-hermanos.mx\\\/index.php\\\/2025\\\/08\\\/03\\\/aff-impulsa-acciones-conjuntas-que-fortalecen-la-frontera-de-mexico-y-usa\\\/\"]}]},{\"@type\":\"ImageObject\",\"inLanguage\":\"es\",\"@id\":\"https:\\\/\\\/somos-hermanos.mx\\\/index.php\\\/2025\\\/08\\\/03\\\/aff-impulsa-acciones-conjuntas-que-fortalecen-la-frontera-de-mexico-y-usa\\\/#primaryimage\",\"url\":\"https:\\\/\\\/somos-hermanos.mx\\\/wp-content\\\/uploads\\\/2025\\\/08\\\/alian2.jpeg\",\"contentUrl\":\"https:\\\/\\\/somos-hermanos.mx\\\/wp-content\\\/uploads\\\/2025\\\/08\\\/alian2.jpeg\",\"width\":1030,\"height\":1031},{\"@type\":\"BreadcrumbList\",\"@id\":\"https:\\\/\\\/somos-hermanos.mx\\\/index.php\\\/2025\\\/08\\\/03\\\/aff-impulsa-acciones-conjuntas-que-fortalecen-la-frontera-de-mexico-y-usa\\\/#breadcrumb\",\"itemListElement\":[{\"@type\":\"ListItem\",\"position\":1,\"name\":\"Inicio\",\"item\":\"https:\\\/\\\/somos-hermanos.mx\\\/\"},{\"@type\":\"ListItem\",\"position\":2,\"name\":\"AFF impulsa acciones conjuntas que fortalecen la frontera de M\u00e9xico y USA\"}]},{\"@type\":\"WebSite\",\"@id\":\"https:\\\/\\\/somos-hermanos.mx\\\/#website\",\"url\":\"https:\\\/\\\/somos-hermanos.mx\\\/\",\"name\":\"Historias que inspiran...\",\"description\":\"Somos la voz del altruismo en M\u00e9xico\",\"publisher\":{\"@id\":\"https:\\\/\\\/somos-hermanos.mx\\\/#organization\"},\"potentialAction\":[{\"@type\":\"SearchAction\",\"target\":{\"@type\":\"EntryPoint\",\"urlTemplate\":\"https:\\\/\\\/somos-hermanos.mx\\\/?s={search_term_string}\"},\"query-input\":{\"@type\":\"PropertyValueSpecification\",\"valueRequired\":true,\"valueName\":\"search_term_string\"}}],\"inLanguage\":\"es\"},{\"@type\":\"Organization\",\"@id\":\"https:\\\/\\\/somos-hermanos.mx\\\/#organization\",\"name\":\"Somos Hermanos\",\"url\":\"https:\\\/\\\/somos-hermanos.mx\\\/\",\"logo\":{\"@type\":\"ImageObject\",\"inLanguage\":\"es\",\"@id\":\"https:\\\/\\\/somos-hermanos.mx\\\/#\\\/schema\\\/logo\\\/image\\\/\",\"url\":\"https:\\\/\\\/somos-hermanos.mx\\\/wp-content\\\/uploads\\\/2025\\\/08\\\/SH30-1.jpeg\",\"contentUrl\":\"https:\\\/\\\/somos-hermanos.mx\\\/wp-content\\\/uploads\\\/2025\\\/08\\\/SH30-1.jpeg\",\"width\":1600,\"height\":1142,\"caption\":\"Somos Hermanos\"},\"image\":{\"@id\":\"https:\\\/\\\/somos-hermanos.mx\\\/#\\\/schema\\\/logo\\\/image\\\/\"},\"sameAs\":[\"https:\\\/\\\/www.facebook.com\\\/SomosHermanosIAP\\\/\",\"https:\\\/\\\/x.com\\\/Somos__Hermanos\",\"https:\\\/\\\/www.instagram.com\\\/somos__hermanos\\\/#\",\"https:\\\/\\\/www.tiktok.com\\\/@somoshermanosiap\",\"https:\\\/\\\/www.youtube.com\\\/@somoshermanosiap1201\\\/videos\"]},{\"@type\":\"Person\",\"@id\":\"https:\\\/\\\/somos-hermanos.mx\\\/#\\\/schema\\\/person\\\/6c97677ace2633f0180a22e6a014bc84\",\"name\":\"Natalia Rod Mart\u00ednez\",\"image\":{\"@type\":\"ImageObject\",\"inLanguage\":\"es\",\"@id\":\"https:\\\/\\\/secure.gravatar.com\\\/avatar\\\/03cc03fea3bd43b1cadbb95410c97441b5b920febdcd7364941441ae12fffd48?s=96&d=mm&r=g\",\"url\":\"https:\\\/\\\/secure.gravatar.com\\\/avatar\\\/03cc03fea3bd43b1cadbb95410c97441b5b920febdcd7364941441ae12fffd48?s=96&d=mm&r=g\",\"contentUrl\":\"https:\\\/\\\/secure.gravatar.com\\\/avatar\\\/03cc03fea3bd43b1cadbb95410c97441b5b920febdcd7364941441ae12fffd48?s=96&d=mm&r=g\",\"caption\":\"Natalia Rod Mart\u00ednez\"},\"url\":\"https:\\\/\\\/somos-hermanos.mx\\\/index.php\\\/author\\\/natalia-rod-martinez\\\/\"}]}<\/script>\n<!-- \/ Yoast SEO plugin. -->","yoast_head_json":{"title":"AFF impulsa acciones conjuntas que fortalecen la frontera de M\u00e9xico y USA - Historias que inspiran...","robots":{"index":"index","follow":"follow","max-snippet":"max-snippet:-1","max-image-preview":"max-image-preview:large","max-video-preview":"max-video-preview:-1"},"canonical":"https:\/\/somos-hermanos.mx\/index.php\/2025\/08\/03\/aff-impulsa-acciones-conjuntas-que-fortalecen-la-frontera-de-mexico-y-usa\/","og_locale":"es_MX","og_type":"article","og_title":"AFF impulsa acciones conjuntas que fortalecen la frontera de M\u00e9xico y USA - Historias que inspiran...","og_description":"La Alianza Fronteriza de Filantrop\u00eda (AFF) es una organizaci\u00f3n binacional que se ha consolidado como un modelo de liderazgo y colaboraci\u00f3n en la regi\u00f3n fronteriza entre Estados Unidos y M\u00e9xico. Desde su creaci\u00f3n en 2008, la AFF ha trabajado incansablemente para promover la prosperidad en esta vasta y compleja regi\u00f3n, articulando esfuerzos filantr\u00f3picos y sociales\u00a0que [&hellip;]","og_url":"https:\/\/somos-hermanos.mx\/index.php\/2025\/08\/03\/aff-impulsa-acciones-conjuntas-que-fortalecen-la-frontera-de-mexico-y-usa\/","og_site_name":"Historias que inspiran...","article_publisher":"https:\/\/www.facebook.com\/SomosHermanosIAP\/","article_published_time":"2025-08-04T04:04:32+00:00","article_modified_time":"2025-08-04T04:04:44+00:00","og_image":[{"width":1030,"height":1031,"url":"https:\/\/somos-hermanos.mx\/wp-content\/uploads\/2025\/08\/alian2.jpeg","type":"image\/jpeg"}],"author":"Natalia Rod Mart\u00ednez","twitter_card":"summary_large_image","twitter_creator":"@Somos__Hermanos","twitter_site":"@Somos__Hermanos","twitter_misc":{"Escrito por":"Natalia Rod Mart\u00ednez","Tiempo de lectura":"3 minutos"},"schema":{"@context":"https:\/\/schema.org","@graph":[{"@type":"Article","@id":"https:\/\/somos-hermanos.mx\/index.php\/2025\/08\/03\/aff-impulsa-acciones-conjuntas-que-fortalecen-la-frontera-de-mexico-y-usa\/#article","isPartOf":{"@id":"https:\/\/somos-hermanos.mx\/index.php\/2025\/08\/03\/aff-impulsa-acciones-conjuntas-que-fortalecen-la-frontera-de-mexico-y-usa\/"},"author":{"name":"Natalia Rod Mart\u00ednez","@id":"https:\/\/somos-hermanos.mx\/#\/schema\/person\/6c97677ace2633f0180a22e6a014bc84"},"headline":"AFF impulsa acciones conjuntas que fortalecen la frontera de M\u00e9xico y USA","datePublished":"2025-08-04T04:04:32+00:00","dateModified":"2025-08-04T04:04:44+00:00","mainEntityOfPage":{"@id":"https:\/\/somos-hermanos.mx\/index.php\/2025\/08\/03\/aff-impulsa-acciones-conjuntas-que-fortalecen-la-frontera-de-mexico-y-usa\/"},"wordCount":601,"commentCount":0,"publisher":{"@id":"https:\/\/somos-hermanos.mx\/#organization"},"image":{"@id":"https:\/\/somos-hermanos.mx\/index.php\/2025\/08\/03\/aff-impulsa-acciones-conjuntas-que-fortalecen-la-frontera-de-mexico-y-usa\/#primaryimage"},"thumbnailUrl":"https:\/\/somos-hermanos.mx\/wp-content\/uploads\/2025\/08\/alian2.jpeg","articleSection":["Noticias"],"inLanguage":"es","potentialAction":[{"@type":"CommentAction","name":"Comment","target":["https:\/\/somos-hermanos.mx\/index.php\/2025\/08\/03\/aff-impulsa-acciones-conjuntas-que-fortalecen-la-frontera-de-mexico-y-usa\/#respond"]}]},{"@type":"WebPage","@id":"https:\/\/somos-hermanos.mx\/index.php\/2025\/08\/03\/aff-impulsa-acciones-conjuntas-que-fortalecen-la-frontera-de-mexico-y-usa\/","url":"https:\/\/somos-hermanos.mx\/index.php\/2025\/08\/03\/aff-impulsa-acciones-conjuntas-que-fortalecen-la-frontera-de-mexico-y-usa\/","name":"AFF impulsa acciones conjuntas que fortalecen la frontera de M\u00e9xico y USA - Historias que inspiran...","isPartOf":{"@id":"https:\/\/somos-hermanos.mx\/#website"},"primaryImageOfPage":{"@id":"https:\/\/somos-hermanos.mx\/index.php\/2025\/08\/03\/aff-impulsa-acciones-conjuntas-que-fortalecen-la-frontera-de-mexico-y-usa\/#primaryimage"},"image":{"@id":"https:\/\/somos-hermanos.mx\/index.php\/2025\/08\/03\/aff-impulsa-acciones-conjuntas-que-fortalecen-la-frontera-de-mexico-y-usa\/#primaryimage"},"thumbnailUrl":"https:\/\/somos-hermanos.mx\/wp-content\/uploads\/2025\/08\/alian2.jpeg","datePublished":"2025-08-04T04:04:32+00:00","dateModified":"2025-08-04T04:04:44+00:00","breadcrumb":{"@id":"https:\/\/somos-hermanos.mx\/index.php\/2025\/08\/03\/aff-impulsa-acciones-conjuntas-que-fortalecen-la-frontera-de-mexico-y-usa\/#breadcrumb"},"inLanguage":"es","potentialAction":[{"@type":"ReadAction","target":["https:\/\/somos-hermanos.mx\/index.php\/2025\/08\/03\/aff-impulsa-acciones-conjuntas-que-fortalecen-la-frontera-de-mexico-y-usa\/"]}]},{"@type":"ImageObject","inLanguage":"es","@id":"https:\/\/somos-hermanos.mx\/index.php\/2025\/08\/03\/aff-impulsa-acciones-conjuntas-que-fortalecen-la-frontera-de-mexico-y-usa\/#primaryimage","url":"https:\/\/somos-hermanos.mx\/wp-content\/uploads\/2025\/08\/alian2.jpeg","contentUrl":"https:\/\/somos-hermanos.mx\/wp-content\/uploads\/2025\/08\/alian2.jpeg","width":1030,"height":1031},{"@type":"BreadcrumbList","@id":"https:\/\/somos-hermanos.mx\/index.php\/2025\/08\/03\/aff-impulsa-acciones-conjuntas-que-fortalecen-la-frontera-de-mexico-y-usa\/#breadcrumb","itemListElement":[{"@type":"ListItem","position":1,"name":"Inicio","item":"https:\/\/somos-hermanos.mx\/"},{"@type":"ListItem","position":2,"name":"AFF impulsa acciones conjuntas que fortalecen la frontera de M\u00e9xico y USA"}]},{"@type":"WebSite","@id":"https:\/\/somos-hermanos.mx\/#website","url":"https:\/\/somos-hermanos.mx\/","name":"Historias que inspiran...","description":"Somos la voz del altruismo en M\u00e9xico","publisher":{"@id":"https:\/\/somos-hermanos.mx\/#organization"},"potentialAction":[{"@type":"SearchAction","target":{"@type":"EntryPoint","urlTemplate":"https:\/\/somos-hermanos.mx\/?s={search_term_string}"},"query-input":{"@type":"PropertyValueSpecification","valueRequired":true,"valueName":"search_term_string"}}],"inLanguage":"es"},{"@type":"Organization","@id":"https:\/\/somos-hermanos.mx\/#organization","name":"Somos Hermanos","url":"https:\/\/somos-hermanos.mx\/","logo":{"@type":"ImageObject","inLanguage":"es","@id":"https:\/\/somos-hermanos.mx\/#\/schema\/logo\/image\/","url":"https:\/\/somos-hermanos.mx\/wp-content\/uploads\/2025\/08\/SH30-1.jpeg","contentUrl":"https:\/\/somos-hermanos.mx\/wp-content\/uploads\/2025\/08\/SH30-1.jpeg","width":1600,"height":1142,"caption":"Somos Hermanos"},"image":{"@id":"https:\/\/somos-hermanos.mx\/#\/schema\/logo\/image\/"},"sameAs":["https:\/\/www.facebook.com\/SomosHermanosIAP\/","https:\/\/x.com\/Somos__Hermanos","https:\/\/www.instagram.com\/somos__hermanos\/#","https:\/\/www.tiktok.com\/@somoshermanosiap","https:\/\/www.youtube.com\/@somoshermanosiap1201\/videos"]},{"@type":"Person","@id":"https:\/\/somos-hermanos.mx\/#\/schema\/person\/6c97677ace2633f0180a22e6a014bc84","name":"Natalia Rod Mart\u00ednez","image":{"@type":"ImageObject","inLanguage":"es","@id":"https:\/\/secure.gravatar.com\/avatar\/03cc03fea3bd43b1cadbb95410c97441b5b920febdcd7364941441ae12fffd48?s=96&d=mm&r=g","url":"https:\/\/secure.gravatar.com\/avatar\/03cc03fea3bd43b1cadbb95410c97441b5b920febdcd7364941441ae12fffd48?s=96&d=mm&r=g","contentUrl":"https:\/\/secure.gravatar.com\/avatar\/03cc03fea3bd43b1cadbb95410c97441b5b920febdcd7364941441ae12fffd48?s=96&d=mm&r=g","caption":"Natalia Rod Mart\u00ednez"},"url":"https:\/\/somos-hermanos.mx\/index.php\/author\/natalia-rod-martinez\/"}]}},"_links":{"self":[{"href":"https:\/\/somos-hermanos.mx\/index.php\/wp-json\/wp\/v2\/posts\/322","targetHints":{"allow":["GET"]}}],"collection":[{"href":"https:\/\/somos-hermanos.mx\/index.php\/wp-json\/wp\/v2\/posts"}],"about":[{"href":"https:\/\/somos-hermanos.mx\/index.php\/wp-json\/wp\/v2\/types\/post"}],"author":[{"embeddable":true,"href":"https:\/\/somos-hermanos.mx\/index.php\/wp-json\/wp\/v2\/users\/12"}],"replies":[{"embeddable":true,"href":"https:\/\/somos-hermanos.mx\/index.php\/wp-json\/wp\/v2\/comments?post=322"}],"version-history":[{"count":1,"href":"https:\/\/somos-hermanos.mx\/index.php\/wp-json\/wp\/v2\/posts\/322\/revisions"}],"predecessor-version":[{"id":324,"href":"https:\/\/somos-hermanos.mx\/index.php\/wp-json\/wp\/v2\/posts\/322\/revisions\/324"}],"wp:featuredmedia":[{"embeddable":true,"href":"https:\/\/somos-hermanos.mx\/index.php\/wp-json\/wp\/v2\/media\/323"}],"wp:attachment":[{"href":"https:\/\/somos-hermanos.mx\/index.php\/wp-json\/wp\/v2\/media?parent=322"}],"wp:term":[{"taxonomy":"category","embeddable":true,"href":"https:\/\/somos-hermanos.mx\/index.php\/wp-json\/wp\/v2\/categories?post=322"},{"taxonomy":"post_tag","embeddable":true,"href":"https:\/\/somos-hermanos.mx\/index.php\/wp-json\/wp\/v2\/tags?post=322"}],"curies":[{"name":"wp","href":"https:\/\/api.w.org\/{rel}","templated":true}]}}