{"id":319,"date":"2025-08-03T21:59:09","date_gmt":"2025-08-04T03:59:09","guid":{"rendered":"https:\/\/somos-hermanos.mx\/?p=319"},"modified":"2025-08-03T21:59:29","modified_gmt":"2025-08-04T03:59:29","slug":"el-companerismo-que-llevo-a-brindar-educacion-a-jovenes-necesitados","status":"publish","type":"post","link":"https:\/\/somos-hermanos.mx\/index.php\/2025\/08\/03\/el-companerismo-que-llevo-a-brindar-educacion-a-jovenes-necesitados\/","title":{"rendered":"El compa\u00f1erismo que llev\u00f3 a brindar educaci\u00f3n a j\u00f3venes necesitados"},"content":{"rendered":"<p>Era el a\u00f1o de 1991, un grupo de ex alumnos del <strong>Colegio Tepeyac <\/strong>en conjunto al padre benedictino Burton Blooms le dieron vida a <strong>Fundaci\u00f3n Burton Blooms. <\/strong>La idea central fue, es y ser\u00e1 brindar de educaci\u00f3n a j\u00f3venes que se encuentren en situaci\u00f3n de bajos recursos o vulnerabilidad, siguiendo una educaci\u00f3n en valores morales e intelectuales.<\/p>\n<p>La <strong>Fundaci\u00f3n Burton Blooms <\/strong>no s\u00f3lo busca educar a los j\u00f3venes beneficiados, esto es porque se espera que esta ayuda \u201cabra la puerta\u201d a mejores oportunidades en el futuro; algunos de los valores que predican son <strong>la disciplina, la excelencia acad\u00e9mica, actividades deportivas y una orientaci\u00f3n en valores cristianos.<\/strong><\/p>\n<p>Dentro de las acciones que realizan, resaltan las becas para los ni\u00f1os que reciben de 10 a 13 a\u00f1os, dichas becas son para estudiar en la <strong>Escuela Fundaci\u00f3n Mier y Pesado<\/strong>, de la misma manera ofrecen un programa de alimentaci\u00f3n balanceada y asesor\u00eda en los estudios, as\u00ed como tener actividades deportivas y de recreaci\u00f3n.<\/p>\n<p>En la <a href=\"https:\/\/fundacionburtonblooms.org\/\"><u>web oficial de la fundaci\u00f3n<\/u><\/a>\u00a0est\u00e1n expuestos datos duros sobre la cantidad exacta de sus ingresos y egresos, adem\u00e1s de ofrecer una pesta\u00f1a que permite a los interesados unirse a la fundaci\u00f3n.<\/p>\n<p>Aunque para apoyar tambi\u00e9n funciona d\u00e1ndole visibilidad compartiendo a la fundaci\u00f3n en redes, aqu\u00ed te comparto algunas de sus perfiles en redes sociales como lo son <a href=\"https:\/\/www.facebook.com\/BurtonBloomsFundacion\/\"><u>Facebook<\/u><\/a>, <a href=\"https:\/\/www.instagram.com\/fundacionburtonblooms\/\"><u>Instagram<\/u><\/a>, <a href=\"https:\/\/www.youtube.com\/channel\/UCVEoFc4A8fuEplZqLgA2qWw?view_as=subscriber\"><u>YouTube<\/u><\/a>\u00a0y <a href=\"https:\/\/x.com\/BloomsBurton\"><u>Twitter\/X<\/u><\/a>.<\/p>\n<p>Las historias de las IAP siempre comienzan con un sue\u00f1o, <strong>Fundaci\u00f3n Burton Blooms <\/strong>le dio un giro a esta premisa, pues en lugar de so\u00f1ar por s\u00ed sola, <strong>se centra en cumplir los sue\u00f1os de los j\u00f3venes que beneficia.<\/strong><\/p>\n","protected":false},"excerpt":{"rendered":"<p>Era el a\u00f1o de 1991, un grupo de ex alumnos del Colegio Tepeyac en conjunto al padre benedictino Burton Blooms le dieron vida a Fundaci\u00f3n Burton Blooms. La idea central fue, es y ser\u00e1 brindar de educaci\u00f3n a j\u00f3venes que se encuentren en situaci\u00f3n de bajos recursos o vulnerabilidad, siguiendo una educaci\u00f3n en valores morales [&hellip;]<\/p>\n","protected":false},"author":11,"featured_media":320,"comment_status":"open","ping_status":"closed","sticky":false,"template":"","format":"standard","meta":{"footnotes":""},"categories":[6],"tags":[],"class_list":["post-319","post","type-post","status-publish","format-standard","has-post-thumbnail","hentry","category-noticias"],"yoast_head":"<!-- This site is optimized with the Yoast SEO plugin v27.5 - https:\/\/yoast.com\/product\/yoast-seo-wordpress\/ -->\n<title>El compa\u00f1erismo que llev\u00f3 a brindar educaci\u00f3n a j\u00f3venes necesitados - Historias que inspiran...<\/title>\n<meta name=\"robots\" content=\"index, follow, max-snippet:-1, max-image-preview:large, max-video-preview:-1\" \/>\n<link rel=\"canonical\" href=\"https:\/\/somos-hermanos.mx\/index.php\/2025\/08\/03\/el-companerismo-que-llevo-a-brindar-educacion-a-jovenes-necesitados\/\" \/>\n<meta property=\"og:locale\" content=\"es_MX\" \/>\n<meta property=\"og:type\" content=\"article\" \/>\n<meta property=\"og:title\" content=\"El compa\u00f1erismo que llev\u00f3 a brindar educaci\u00f3n a j\u00f3venes necesitados - Historias que inspiran...\" \/>\n<meta property=\"og:description\" content=\"Era el a\u00f1o de 1991, un grupo de ex alumnos del Colegio Tepeyac en conjunto al padre benedictino Burton Blooms le dieron vida a Fundaci\u00f3n Burton Blooms. La idea central fue, es y ser\u00e1 brindar de educaci\u00f3n a j\u00f3venes que se encuentren en situaci\u00f3n de bajos recursos o vulnerabilidad, siguiendo una educaci\u00f3n en valores morales [&hellip;]\" \/>\n<meta property=\"og:url\" content=\"https:\/\/somos-hermanos.mx\/index.php\/2025\/08\/03\/el-companerismo-que-llevo-a-brindar-educacion-a-jovenes-necesitados\/\" \/>\n<meta property=\"og:site_name\" content=\"Historias que inspiran...\" \/>\n<meta property=\"article:publisher\" content=\"https:\/\/www.facebook.com\/SomosHermanosIAP\/\" \/>\n<meta property=\"article:published_time\" content=\"2025-08-04T03:59:09+00:00\" \/>\n<meta property=\"article:modified_time\" content=\"2025-08-04T03:59:29+00:00\" \/>\n<meta property=\"og:image\" content=\"https:\/\/somos-hermanos.mx\/wp-content\/uploads\/2025\/08\/burt2.jpeg\" \/>\n\t<meta property=\"og:image:width\" content=\"600\" \/>\n\t<meta property=\"og:image:height\" content=\"600\" \/>\n\t<meta property=\"og:image:type\" content=\"image\/jpeg\" \/>\n<meta name=\"author\" content=\"Diego Martinez Vera\" \/>\n<meta name=\"twitter:card\" content=\"summary_large_image\" \/>\n<meta name=\"twitter:creator\" content=\"@Somos__Hermanos\" \/>\n<meta name=\"twitter:site\" content=\"@Somos__Hermanos\" \/>\n<meta name=\"twitter:label1\" content=\"Escrito por\" \/>\n\t<meta name=\"twitter:data1\" content=\"Diego Martinez Vera\" \/>\n\t<meta name=\"twitter:label2\" content=\"Tiempo de lectura\" \/>\n\t<meta name=\"twitter:data2\" content=\"2 minutos\" \/>\n<script type=\"application\/ld+json\" class=\"yoast-schema-graph\">{\"@context\":\"https:\\\/\\\/schema.org\",\"@graph\":[{\"@type\":\"Article\",\"@id\":\"https:\\\/\\\/somos-hermanos.mx\\\/index.php\\\/2025\\\/08\\\/03\\\/el-companerismo-que-llevo-a-brindar-educacion-a-jovenes-necesitados\\\/#article\",\"isPartOf\":{\"@id\":\"https:\\\/\\\/somos-hermanos.mx\\\/index.php\\\/2025\\\/08\\\/03\\\/el-companerismo-que-llevo-a-brindar-educacion-a-jovenes-necesitados\\\/\"},\"author\":{\"name\":\"Diego Martinez Vera\",\"@id\":\"https:\\\/\\\/somos-hermanos.mx\\\/#\\\/schema\\\/person\\\/fc58249a97075ffb5f881188712b36f0\"},\"headline\":\"El compa\u00f1erismo que llev\u00f3 a brindar educaci\u00f3n a j\u00f3venes necesitados\",\"datePublished\":\"2025-08-04T03:59:09+00:00\",\"dateModified\":\"2025-08-04T03:59:29+00:00\",\"mainEntityOfPage\":{\"@id\":\"https:\\\/\\\/somos-hermanos.mx\\\/index.php\\\/2025\\\/08\\\/03\\\/el-companerismo-que-llevo-a-brindar-educacion-a-jovenes-necesitados\\\/\"},\"wordCount\":305,\"commentCount\":0,\"publisher\":{\"@id\":\"https:\\\/\\\/somos-hermanos.mx\\\/#organization\"},\"image\":{\"@id\":\"https:\\\/\\\/somos-hermanos.mx\\\/index.php\\\/2025\\\/08\\\/03\\\/el-companerismo-que-llevo-a-brindar-educacion-a-jovenes-necesitados\\\/#primaryimage\"},\"thumbnailUrl\":\"https:\\\/\\\/somos-hermanos.mx\\\/wp-content\\\/uploads\\\/2025\\\/08\\\/burt2.jpeg\",\"articleSection\":[\"Noticias\"],\"inLanguage\":\"es\",\"potentialAction\":[{\"@type\":\"CommentAction\",\"name\":\"Comment\",\"target\":[\"https:\\\/\\\/somos-hermanos.mx\\\/index.php\\\/2025\\\/08\\\/03\\\/el-companerismo-que-llevo-a-brindar-educacion-a-jovenes-necesitados\\\/#respond\"]}]},{\"@type\":\"WebPage\",\"@id\":\"https:\\\/\\\/somos-hermanos.mx\\\/index.php\\\/2025\\\/08\\\/03\\\/el-companerismo-que-llevo-a-brindar-educacion-a-jovenes-necesitados\\\/\",\"url\":\"https:\\\/\\\/somos-hermanos.mx\\\/index.php\\\/2025\\\/08\\\/03\\\/el-companerismo-que-llevo-a-brindar-educacion-a-jovenes-necesitados\\\/\",\"name\":\"El compa\u00f1erismo que llev\u00f3 a brindar educaci\u00f3n a j\u00f3venes necesitados - Historias que inspiran...\",\"isPartOf\":{\"@id\":\"https:\\\/\\\/somos-hermanos.mx\\\/#website\"},\"primaryImageOfPage\":{\"@id\":\"https:\\\/\\\/somos-hermanos.mx\\\/index.php\\\/2025\\\/08\\\/03\\\/el-companerismo-que-llevo-a-brindar-educacion-a-jovenes-necesitados\\\/#primaryimage\"},\"image\":{\"@id\":\"https:\\\/\\\/somos-hermanos.mx\\\/index.php\\\/2025\\\/08\\\/03\\\/el-companerismo-que-llevo-a-brindar-educacion-a-jovenes-necesitados\\\/#primaryimage\"},\"thumbnailUrl\":\"https:\\\/\\\/somos-hermanos.mx\\\/wp-content\\\/uploads\\\/2025\\\/08\\\/burt2.jpeg\",\"datePublished\":\"2025-08-04T03:59:09+00:00\",\"dateModified\":\"2025-08-04T03:59:29+00:00\",\"breadcrumb\":{\"@id\":\"https:\\\/\\\/somos-hermanos.mx\\\/index.php\\\/2025\\\/08\\\/03\\\/el-companerismo-que-llevo-a-brindar-educacion-a-jovenes-necesitados\\\/#breadcrumb\"},\"inLanguage\":\"es\",\"potentialAction\":[{\"@type\":\"ReadAction\",\"target\":[\"https:\\\/\\\/somos-hermanos.mx\\\/index.php\\\/2025\\\/08\\\/03\\\/el-companerismo-que-llevo-a-brindar-educacion-a-jovenes-necesitados\\\/\"]}]},{\"@type\":\"ImageObject\",\"inLanguage\":\"es\",\"@id\":\"https:\\\/\\\/somos-hermanos.mx\\\/index.php\\\/2025\\\/08\\\/03\\\/el-companerismo-que-llevo-a-brindar-educacion-a-jovenes-necesitados\\\/#primaryimage\",\"url\":\"https:\\\/\\\/somos-hermanos.mx\\\/wp-content\\\/uploads\\\/2025\\\/08\\\/burt2.jpeg\",\"contentUrl\":\"https:\\\/\\\/somos-hermanos.mx\\\/wp-content\\\/uploads\\\/2025\\\/08\\\/burt2.jpeg\",\"width\":600,\"height\":600},{\"@type\":\"BreadcrumbList\",\"@id\":\"https:\\\/\\\/somos-hermanos.mx\\\/index.php\\\/2025\\\/08\\\/03\\\/el-companerismo-que-llevo-a-brindar-educacion-a-jovenes-necesitados\\\/#breadcrumb\",\"itemListElement\":[{\"@type\":\"ListItem\",\"position\":1,\"name\":\"Inicio\",\"item\":\"https:\\\/\\\/somos-hermanos.mx\\\/\"},{\"@type\":\"ListItem\",\"position\":2,\"name\":\"El compa\u00f1erismo que llev\u00f3 a brindar educaci\u00f3n a j\u00f3venes necesitados\"}]},{\"@type\":\"WebSite\",\"@id\":\"https:\\\/\\\/somos-hermanos.mx\\\/#website\",\"url\":\"https:\\\/\\\/somos-hermanos.mx\\\/\",\"name\":\"Historias que inspiran...\",\"description\":\"Somos la voz del altruismo en M\u00e9xico\",\"publisher\":{\"@id\":\"https:\\\/\\\/somos-hermanos.mx\\\/#organization\"},\"potentialAction\":[{\"@type\":\"SearchAction\",\"target\":{\"@type\":\"EntryPoint\",\"urlTemplate\":\"https:\\\/\\\/somos-hermanos.mx\\\/?s={search_term_string}\"},\"query-input\":{\"@type\":\"PropertyValueSpecification\",\"valueRequired\":true,\"valueName\":\"search_term_string\"}}],\"inLanguage\":\"es\"},{\"@type\":\"Organization\",\"@id\":\"https:\\\/\\\/somos-hermanos.mx\\\/#organization\",\"name\":\"Somos Hermanos\",\"url\":\"https:\\\/\\\/somos-hermanos.mx\\\/\",\"logo\":{\"@type\":\"ImageObject\",\"inLanguage\":\"es\",\"@id\":\"https:\\\/\\\/somos-hermanos.mx\\\/#\\\/schema\\\/logo\\\/image\\\/\",\"url\":\"https:\\\/\\\/somos-hermanos.mx\\\/wp-content\\\/uploads\\\/2025\\\/08\\\/SH30-1.jpeg\",\"contentUrl\":\"https:\\\/\\\/somos-hermanos.mx\\\/wp-content\\\/uploads\\\/2025\\\/08\\\/SH30-1.jpeg\",\"width\":1600,\"height\":1142,\"caption\":\"Somos Hermanos\"},\"image\":{\"@id\":\"https:\\\/\\\/somos-hermanos.mx\\\/#\\\/schema\\\/logo\\\/image\\\/\"},\"sameAs\":[\"https:\\\/\\\/www.facebook.com\\\/SomosHermanosIAP\\\/\",\"https:\\\/\\\/x.com\\\/Somos__Hermanos\",\"https:\\\/\\\/www.instagram.com\\\/somos__hermanos\\\/#\",\"https:\\\/\\\/www.tiktok.com\\\/@somoshermanosiap\",\"https:\\\/\\\/www.youtube.com\\\/@somoshermanosiap1201\\\/videos\"]},{\"@type\":\"Person\",\"@id\":\"https:\\\/\\\/somos-hermanos.mx\\\/#\\\/schema\\\/person\\\/fc58249a97075ffb5f881188712b36f0\",\"name\":\"Diego Martinez Vera\",\"image\":{\"@type\":\"ImageObject\",\"inLanguage\":\"es\",\"@id\":\"https:\\\/\\\/secure.gravatar.com\\\/avatar\\\/ecfdc33b17a39c97521c7bcf5ac1bc04ba20a324e38c4a1d3dc73796bba06333?s=96&d=mm&r=g\",\"url\":\"https:\\\/\\\/secure.gravatar.com\\\/avatar\\\/ecfdc33b17a39c97521c7bcf5ac1bc04ba20a324e38c4a1d3dc73796bba06333?s=96&d=mm&r=g\",\"contentUrl\":\"https:\\\/\\\/secure.gravatar.com\\\/avatar\\\/ecfdc33b17a39c97521c7bcf5ac1bc04ba20a324e38c4a1d3dc73796bba06333?s=96&d=mm&r=g\",\"caption\":\"Diego Martinez Vera\"},\"url\":\"https:\\\/\\\/somos-hermanos.mx\\\/index.php\\\/author\\\/diego-martinez-vera\\\/\"}]}<\/script>\n<!-- \/ Yoast SEO plugin. -->","yoast_head_json":{"title":"El compa\u00f1erismo que llev\u00f3 a brindar educaci\u00f3n a j\u00f3venes necesitados - Historias que inspiran...","robots":{"index":"index","follow":"follow","max-snippet":"max-snippet:-1","max-image-preview":"max-image-preview:large","max-video-preview":"max-video-preview:-1"},"canonical":"https:\/\/somos-hermanos.mx\/index.php\/2025\/08\/03\/el-companerismo-que-llevo-a-brindar-educacion-a-jovenes-necesitados\/","og_locale":"es_MX","og_type":"article","og_title":"El compa\u00f1erismo que llev\u00f3 a brindar educaci\u00f3n a j\u00f3venes necesitados - Historias que inspiran...","og_description":"Era el a\u00f1o de 1991, un grupo de ex alumnos del Colegio Tepeyac en conjunto al padre benedictino Burton Blooms le dieron vida a Fundaci\u00f3n Burton Blooms. La idea central fue, es y ser\u00e1 brindar de educaci\u00f3n a j\u00f3venes que se encuentren en situaci\u00f3n de bajos recursos o vulnerabilidad, siguiendo una educaci\u00f3n en valores morales [&hellip;]","og_url":"https:\/\/somos-hermanos.mx\/index.php\/2025\/08\/03\/el-companerismo-que-llevo-a-brindar-educacion-a-jovenes-necesitados\/","og_site_name":"Historias que inspiran...","article_publisher":"https:\/\/www.facebook.com\/SomosHermanosIAP\/","article_published_time":"2025-08-04T03:59:09+00:00","article_modified_time":"2025-08-04T03:59:29+00:00","og_image":[{"width":600,"height":600,"url":"https:\/\/somos-hermanos.mx\/wp-content\/uploads\/2025\/08\/burt2.jpeg","type":"image\/jpeg"}],"author":"Diego Martinez Vera","twitter_card":"summary_large_image","twitter_creator":"@Somos__Hermanos","twitter_site":"@Somos__Hermanos","twitter_misc":{"Escrito por":"Diego Martinez Vera","Tiempo de lectura":"2 minutos"},"schema":{"@context":"https:\/\/schema.org","@graph":[{"@type":"Article","@id":"https:\/\/somos-hermanos.mx\/index.php\/2025\/08\/03\/el-companerismo-que-llevo-a-brindar-educacion-a-jovenes-necesitados\/#article","isPartOf":{"@id":"https:\/\/somos-hermanos.mx\/index.php\/2025\/08\/03\/el-companerismo-que-llevo-a-brindar-educacion-a-jovenes-necesitados\/"},"author":{"name":"Diego Martinez Vera","@id":"https:\/\/somos-hermanos.mx\/#\/schema\/person\/fc58249a97075ffb5f881188712b36f0"},"headline":"El compa\u00f1erismo que llev\u00f3 a brindar educaci\u00f3n a j\u00f3venes necesitados","datePublished":"2025-08-04T03:59:09+00:00","dateModified":"2025-08-04T03:59:29+00:00","mainEntityOfPage":{"@id":"https:\/\/somos-hermanos.mx\/index.php\/2025\/08\/03\/el-companerismo-que-llevo-a-brindar-educacion-a-jovenes-necesitados\/"},"wordCount":305,"commentCount":0,"publisher":{"@id":"https:\/\/somos-hermanos.mx\/#organization"},"image":{"@id":"https:\/\/somos-hermanos.mx\/index.php\/2025\/08\/03\/el-companerismo-que-llevo-a-brindar-educacion-a-jovenes-necesitados\/#primaryimage"},"thumbnailUrl":"https:\/\/somos-hermanos.mx\/wp-content\/uploads\/2025\/08\/burt2.jpeg","articleSection":["Noticias"],"inLanguage":"es","potentialAction":[{"@type":"CommentAction","name":"Comment","target":["https:\/\/somos-hermanos.mx\/index.php\/2025\/08\/03\/el-companerismo-que-llevo-a-brindar-educacion-a-jovenes-necesitados\/#respond"]}]},{"@type":"WebPage","@id":"https:\/\/somos-hermanos.mx\/index.php\/2025\/08\/03\/el-companerismo-que-llevo-a-brindar-educacion-a-jovenes-necesitados\/","url":"https:\/\/somos-hermanos.mx\/index.php\/2025\/08\/03\/el-companerismo-que-llevo-a-brindar-educacion-a-jovenes-necesitados\/","name":"El compa\u00f1erismo que llev\u00f3 a brindar educaci\u00f3n a j\u00f3venes necesitados - Historias que inspiran...","isPartOf":{"@id":"https:\/\/somos-hermanos.mx\/#website"},"primaryImageOfPage":{"@id":"https:\/\/somos-hermanos.mx\/index.php\/2025\/08\/03\/el-companerismo-que-llevo-a-brindar-educacion-a-jovenes-necesitados\/#primaryimage"},"image":{"@id":"https:\/\/somos-hermanos.mx\/index.php\/2025\/08\/03\/el-companerismo-que-llevo-a-brindar-educacion-a-jovenes-necesitados\/#primaryimage"},"thumbnailUrl":"https:\/\/somos-hermanos.mx\/wp-content\/uploads\/2025\/08\/burt2.jpeg","datePublished":"2025-08-04T03:59:09+00:00","dateModified":"2025-08-04T03:59:29+00:00","breadcrumb":{"@id":"https:\/\/somos-hermanos.mx\/index.php\/2025\/08\/03\/el-companerismo-que-llevo-a-brindar-educacion-a-jovenes-necesitados\/#breadcrumb"},"inLanguage":"es","potentialAction":[{"@type":"ReadAction","target":["https:\/\/somos-hermanos.mx\/index.php\/2025\/08\/03\/el-companerismo-que-llevo-a-brindar-educacion-a-jovenes-necesitados\/"]}]},{"@type":"ImageObject","inLanguage":"es","@id":"https:\/\/somos-hermanos.mx\/index.php\/2025\/08\/03\/el-companerismo-que-llevo-a-brindar-educacion-a-jovenes-necesitados\/#primaryimage","url":"https:\/\/somos-hermanos.mx\/wp-content\/uploads\/2025\/08\/burt2.jpeg","contentUrl":"https:\/\/somos-hermanos.mx\/wp-content\/uploads\/2025\/08\/burt2.jpeg","width":600,"height":600},{"@type":"BreadcrumbList","@id":"https:\/\/somos-hermanos.mx\/index.php\/2025\/08\/03\/el-companerismo-que-llevo-a-brindar-educacion-a-jovenes-necesitados\/#breadcrumb","itemListElement":[{"@type":"ListItem","position":1,"name":"Inicio","item":"https:\/\/somos-hermanos.mx\/"},{"@type":"ListItem","position":2,"name":"El compa\u00f1erismo que llev\u00f3 a brindar educaci\u00f3n a j\u00f3venes necesitados"}]},{"@type":"WebSite","@id":"https:\/\/somos-hermanos.mx\/#website","url":"https:\/\/somos-hermanos.mx\/","name":"Historias que inspiran...","description":"Somos la voz del altruismo en M\u00e9xico","publisher":{"@id":"https:\/\/somos-hermanos.mx\/#organization"},"potentialAction":[{"@type":"SearchAction","target":{"@type":"EntryPoint","urlTemplate":"https:\/\/somos-hermanos.mx\/?s={search_term_string}"},"query-input":{"@type":"PropertyValueSpecification","valueRequired":true,"valueName":"search_term_string"}}],"inLanguage":"es"},{"@type":"Organization","@id":"https:\/\/somos-hermanos.mx\/#organization","name":"Somos Hermanos","url":"https:\/\/somos-hermanos.mx\/","logo":{"@type":"ImageObject","inLanguage":"es","@id":"https:\/\/somos-hermanos.mx\/#\/schema\/logo\/image\/","url":"https:\/\/somos-hermanos.mx\/wp-content\/uploads\/2025\/08\/SH30-1.jpeg","contentUrl":"https:\/\/somos-hermanos.mx\/wp-content\/uploads\/2025\/08\/SH30-1.jpeg","width":1600,"height":1142,"caption":"Somos Hermanos"},"image":{"@id":"https:\/\/somos-hermanos.mx\/#\/schema\/logo\/image\/"},"sameAs":["https:\/\/www.facebook.com\/SomosHermanosIAP\/","https:\/\/x.com\/Somos__Hermanos","https:\/\/www.instagram.com\/somos__hermanos\/#","https:\/\/www.tiktok.com\/@somoshermanosiap","https:\/\/www.youtube.com\/@somoshermanosiap1201\/videos"]},{"@type":"Person","@id":"https:\/\/somos-hermanos.mx\/#\/schema\/person\/fc58249a97075ffb5f881188712b36f0","name":"Diego Martinez Vera","image":{"@type":"ImageObject","inLanguage":"es","@id":"https:\/\/secure.gravatar.com\/avatar\/ecfdc33b17a39c97521c7bcf5ac1bc04ba20a324e38c4a1d3dc73796bba06333?s=96&d=mm&r=g","url":"https:\/\/secure.gravatar.com\/avatar\/ecfdc33b17a39c97521c7bcf5ac1bc04ba20a324e38c4a1d3dc73796bba06333?s=96&d=mm&r=g","contentUrl":"https:\/\/secure.gravatar.com\/avatar\/ecfdc33b17a39c97521c7bcf5ac1bc04ba20a324e38c4a1d3dc73796bba06333?s=96&d=mm&r=g","caption":"Diego Martinez Vera"},"url":"https:\/\/somos-hermanos.mx\/index.php\/author\/diego-martinez-vera\/"}]}},"_links":{"self":[{"href":"https:\/\/somos-hermanos.mx\/index.php\/wp-json\/wp\/v2\/posts\/319","targetHints":{"allow":["GET"]}}],"collection":[{"href":"https:\/\/somos-hermanos.mx\/index.php\/wp-json\/wp\/v2\/posts"}],"about":[{"href":"https:\/\/somos-hermanos.mx\/index.php\/wp-json\/wp\/v2\/types\/post"}],"author":[{"embeddable":true,"href":"https:\/\/somos-hermanos.mx\/index.php\/wp-json\/wp\/v2\/users\/11"}],"replies":[{"embeddable":true,"href":"https:\/\/somos-hermanos.mx\/index.php\/wp-json\/wp\/v2\/comments?post=319"}],"version-history":[{"count":1,"href":"https:\/\/somos-hermanos.mx\/index.php\/wp-json\/wp\/v2\/posts\/319\/revisions"}],"predecessor-version":[{"id":321,"href":"https:\/\/somos-hermanos.mx\/index.php\/wp-json\/wp\/v2\/posts\/319\/revisions\/321"}],"wp:featuredmedia":[{"embeddable":true,"href":"https:\/\/somos-hermanos.mx\/index.php\/wp-json\/wp\/v2\/media\/320"}],"wp:attachment":[{"href":"https:\/\/somos-hermanos.mx\/index.php\/wp-json\/wp\/v2\/media?parent=319"}],"wp:term":[{"taxonomy":"category","embeddable":true,"href":"https:\/\/somos-hermanos.mx\/index.php\/wp-json\/wp\/v2\/categories?post=319"},{"taxonomy":"post_tag","embeddable":true,"href":"https:\/\/somos-hermanos.mx\/index.php\/wp-json\/wp\/v2\/tags?post=319"}],"curies":[{"name":"wp","href":"https:\/\/api.w.org\/{rel}","templated":true}]}}