{"id":315,"date":"2025-08-03T21:53:55","date_gmt":"2025-08-04T03:53:55","guid":{"rendered":"https:\/\/somos-hermanos.mx\/?p=315"},"modified":"2025-08-03T21:54:06","modified_gmt":"2025-08-04T03:54:06","slug":"mejoran-la-calidad-de-vida-en-personas-con-albinismo","status":"publish","type":"post","link":"https:\/\/somos-hermanos.mx\/index.php\/2025\/08\/03\/mejoran-la-calidad-de-vida-en-personas-con-albinismo\/","title":{"rendered":"Mejoran la calidad de vida en personas con albinismo"},"content":{"rendered":"<p>La piel es el \u00f3rgano m\u00e1s grande del cuerpo. <strong>Su importancia recae en ser protector contra el calor, la luz solar, las lesiones y las infecciones. <\/strong>Cuidar la piel en el cuerpo humano es imperativo para prevenir diversas enfermedades, entre ellas c\u00e1ncer.<\/p>\n<p>Dentro de los padecimientos que puede sufrir la piel se encuentra el albinismo, que <strong>se define como el conjunto de condiciones cong\u00e9nitas (heredadas) que se caracteriza por la ausencia o disminuci\u00f3n de pigmento (melanina) en la piel, los ojos y el pelo. <\/strong>Fundaci\u00f3n Piel de Luna Albinos de M\u00e9xico AC establece la uni\u00f3n y prevenci\u00f3n en la comunidad de personas albinas.<\/p>\n<p>Concebida con la idea principal de crear una red de comuni\u00f3n entre personas con albinismo, donde se pudiera compartir informaci\u00f3n, consejos y experiencias personales, que ayudaran a mejorar el entorno de la vida de cada integrante esta Fundaci\u00f3n se alz\u00f3 en 2017 y con la visi\u00f3n de Jorge Rodr\u00edguez Bizarro, fundador de Luna Albinos, <strong>esta organizaci\u00f3n ha creado un impacto considerable que cuenta con m\u00faltiples objetivos en su accionar que gracias a su trabajo sus beneficiarios cuentan con un espacio de atenci\u00f3n y apoyo para su protecci\u00f3n y cuidado.<\/strong><\/p>\n<p>La vida de una persona con albinismo es normal como cualquier otra, <strong>la gran diferencia es la falta de melanina lo que hace que su piel sea muy delicada, con una gran probabilidad de desarrollar c\u00e1ncer de piel, <\/strong>por lo que deben protegerla a diario, su vista se reduce y deben utilizar lentes y lupas de mano. No son amigables con el sol y en el \u00e1mbito social luchan para ser considerados con igualdad, tomados en cuenta y las cr\u00edticas, los insultos, las ofensas es parte de una segregaci\u00f3n que los excluye de ser considerados social y laboralmente.<\/p>\n<p>Dentro de estas y m\u00e1s razones, Jorge se determin\u00f3 a iniciar la fundaci\u00f3n para brindar esa ayuda e informaci\u00f3n que no est\u00e1 al alcance de todas las personas y as\u00ed ser el faro informativo para reducir la ignorancia de la sociedad, que beneficie a dar orientaci\u00f3n y aclarar dudas de padres, adultos y familiares sobre los cuidados de la piel, ojos, productos y accesorios que mejoren la visi\u00f3n. Con esta misi\u00f3n se impacta de forma directa la vida de las personas con albinismo y debilidad visual, fomentando la inclusi\u00f3n y el respeto a los Derechos Humanos de personas vulnerables.<\/p>\n<p><strong>Como principal sector de beneficiarios se encuentran personas de escasos recursos, en situaci\u00f3n de vulnerabilidad e ind\u00edgenas<\/strong>\u00a0para garantizar la atenci\u00f3n m\u00e9dica, psicol\u00f3gica y educativa de calidad dentro de la Rep\u00fablica Mexicana. Esto tambi\u00e9n incluye diferentes funciones como:<\/p>\n<ul>\n<li>Colaboraci\u00f3n con instituciones oftalmol\u00f3gicas, optometr\u00eda, dermatol\u00f3gicas, psicol\u00f3gicas, educativas, p\u00fablicas y privadas dentro del territorio nacional e internacional.<\/li>\n<li>Asistencia, canalizaci\u00f3n, orientaci\u00f3n, capacitaci\u00f3n, difusi\u00f3n de informaci\u00f3n con lo cual se logra referir al beneficiario a la instituci\u00f3n adecuada de acuerdo al requerimiento.<\/li>\n<li>Proveer de accesorios de optometr\u00eda, de cuidado dermatol\u00f3gico que ayuden a corregir y prevenir enfermedades, difundir material impreso y digital que ayude a orientar en diversos temas que figuran desde derechos humanos hasta prevenci\u00f3n de la violencia.<\/li>\n<li>As\u00ed mismo su vocaci\u00f3n se destina a lograr un alcance nacional e internacional difundiendo informaci\u00f3n para la prevenci\u00f3n de enfermedades y aspectos sociales.<\/li>\n<\/ul>\n<p>El impacto de la fundaci\u00f3n se ha extendido a diversos Estados de la Rep\u00fablica como CDMX, Aguascalientes, Guanajuato, Hidalgo, Jalisco, Sinaloa, Quer\u00e9taro y Zacatecas, asegurando una red de colaboraci\u00f3n eficaz que se refleje en el apoyo brindado a cada comunidad vulnerable.<\/p>\n<p>Los testimonios dentro de la Fundaci\u00f3n Piel de Luna Albinos de M\u00e9xico AC son diversos, alentadores y con la emotividad suficiente para crear empat\u00eda genuina con la causa, por ello existen m\u00faltiples formas de ayudar a la organizaci\u00f3n, desde donativos de tiempo, en especie, econ\u00f3micos, la participaci\u00f3n en las actividades que realizan, siempre teniendo como eje central la visibilizaci\u00f3n de personas con albinismo.<\/p>\n<p>Estar informados tambi\u00e9n es esencial en la fundaci\u00f3n, por ello a trav\u00e9s de su p\u00e1gina institucional y redes sociales dan a conocer su labor y toda la informaci\u00f3n acerca de temas importantes para el albinismo.<\/p>\n<p>Con casi 8 a\u00f1os de acci\u00f3n altruista, Fundaci\u00f3n Piel de Luna Albinos M\u00e9xico AC permanece como una flama de esperanza y ayuda para todos aquellos que necesitan esa luz c\u00e1lida de orientaci\u00f3n e inclusi\u00f3n.<\/p>\n","protected":false},"excerpt":{"rendered":"<p>La piel es el \u00f3rgano m\u00e1s grande del cuerpo. Su importancia recae en ser protector contra el calor, la luz solar, las lesiones y las infecciones. Cuidar la piel en el cuerpo humano es imperativo para prevenir diversas enfermedades, entre ellas c\u00e1ncer. Dentro de los padecimientos que puede sufrir la piel se encuentra el albinismo, [&hellip;]<\/p>\n","protected":false},"author":10,"featured_media":316,"comment_status":"open","ping_status":"closed","sticky":false,"template":"","format":"standard","meta":{"footnotes":""},"categories":[6],"tags":[],"class_list":["post-315","post","type-post","status-publish","format-standard","has-post-thumbnail","hentry","category-noticias"],"yoast_head":"<!-- This site is optimized with the Yoast SEO plugin v27.5 - https:\/\/yoast.com\/product\/yoast-seo-wordpress\/ -->\n<title>Mejoran la calidad de vida en personas con albinismo - Historias que inspiran...<\/title>\n<meta name=\"robots\" content=\"index, follow, max-snippet:-1, max-image-preview:large, max-video-preview:-1\" \/>\n<link rel=\"canonical\" href=\"https:\/\/somos-hermanos.mx\/index.php\/2025\/08\/03\/mejoran-la-calidad-de-vida-en-personas-con-albinismo\/\" \/>\n<meta property=\"og:locale\" content=\"es_MX\" \/>\n<meta property=\"og:type\" content=\"article\" \/>\n<meta property=\"og:title\" content=\"Mejoran la calidad de vida en personas con albinismo - Historias que inspiran...\" \/>\n<meta property=\"og:description\" content=\"La piel es el \u00f3rgano m\u00e1s grande del cuerpo. Su importancia recae en ser protector contra el calor, la luz solar, las lesiones y las infecciones. Cuidar la piel en el cuerpo humano es imperativo para prevenir diversas enfermedades, entre ellas c\u00e1ncer. Dentro de los padecimientos que puede sufrir la piel se encuentra el albinismo, [&hellip;]\" \/>\n<meta property=\"og:url\" content=\"https:\/\/somos-hermanos.mx\/index.php\/2025\/08\/03\/mejoran-la-calidad-de-vida-en-personas-con-albinismo\/\" \/>\n<meta property=\"og:site_name\" content=\"Historias que inspiran...\" \/>\n<meta property=\"article:publisher\" content=\"https:\/\/www.facebook.com\/SomosHermanosIAP\/\" \/>\n<meta property=\"article:published_time\" content=\"2025-08-04T03:53:55+00:00\" \/>\n<meta property=\"article:modified_time\" content=\"2025-08-04T03:54:06+00:00\" \/>\n<meta property=\"og:image\" content=\"https:\/\/somos-hermanos.mx\/wp-content\/uploads\/2025\/08\/piel1.jpeg\" \/>\n\t<meta property=\"og:image:width\" content=\"960\" \/>\n\t<meta property=\"og:image:height\" content=\"960\" \/>\n\t<meta property=\"og:image:type\" content=\"image\/jpeg\" \/>\n<meta name=\"author\" content=\"Carlos Hernandez Huerta\" \/>\n<meta name=\"twitter:card\" content=\"summary_large_image\" \/>\n<meta name=\"twitter:creator\" content=\"@Somos__Hermanos\" \/>\n<meta name=\"twitter:site\" content=\"@Somos__Hermanos\" \/>\n<meta name=\"twitter:label1\" content=\"Escrito por\" \/>\n\t<meta name=\"twitter:data1\" content=\"Carlos Hernandez Huerta\" \/>\n\t<meta name=\"twitter:label2\" content=\"Tiempo de lectura\" \/>\n\t<meta name=\"twitter:data2\" content=\"4 minutos\" \/>\n<script type=\"application\/ld+json\" class=\"yoast-schema-graph\">{\"@context\":\"https:\\\/\\\/schema.org\",\"@graph\":[{\"@type\":\"Article\",\"@id\":\"https:\\\/\\\/somos-hermanos.mx\\\/index.php\\\/2025\\\/08\\\/03\\\/mejoran-la-calidad-de-vida-en-personas-con-albinismo\\\/#article\",\"isPartOf\":{\"@id\":\"https:\\\/\\\/somos-hermanos.mx\\\/index.php\\\/2025\\\/08\\\/03\\\/mejoran-la-calidad-de-vida-en-personas-con-albinismo\\\/\"},\"author\":{\"name\":\"Carlos Hernandez Huerta\",\"@id\":\"https:\\\/\\\/somos-hermanos.mx\\\/#\\\/schema\\\/person\\\/2466d21e6ade208f45dbc821298d62b6\"},\"headline\":\"Mejoran la calidad de vida en personas con albinismo\",\"datePublished\":\"2025-08-04T03:53:55+00:00\",\"dateModified\":\"2025-08-04T03:54:06+00:00\",\"mainEntityOfPage\":{\"@id\":\"https:\\\/\\\/somos-hermanos.mx\\\/index.php\\\/2025\\\/08\\\/03\\\/mejoran-la-calidad-de-vida-en-personas-con-albinismo\\\/\"},\"wordCount\":783,\"commentCount\":0,\"publisher\":{\"@id\":\"https:\\\/\\\/somos-hermanos.mx\\\/#organization\"},\"image\":{\"@id\":\"https:\\\/\\\/somos-hermanos.mx\\\/index.php\\\/2025\\\/08\\\/03\\\/mejoran-la-calidad-de-vida-en-personas-con-albinismo\\\/#primaryimage\"},\"thumbnailUrl\":\"https:\\\/\\\/somos-hermanos.mx\\\/wp-content\\\/uploads\\\/2025\\\/08\\\/piel1.jpeg\",\"articleSection\":[\"Noticias\"],\"inLanguage\":\"es\",\"potentialAction\":[{\"@type\":\"CommentAction\",\"name\":\"Comment\",\"target\":[\"https:\\\/\\\/somos-hermanos.mx\\\/index.php\\\/2025\\\/08\\\/03\\\/mejoran-la-calidad-de-vida-en-personas-con-albinismo\\\/#respond\"]}]},{\"@type\":\"WebPage\",\"@id\":\"https:\\\/\\\/somos-hermanos.mx\\\/index.php\\\/2025\\\/08\\\/03\\\/mejoran-la-calidad-de-vida-en-personas-con-albinismo\\\/\",\"url\":\"https:\\\/\\\/somos-hermanos.mx\\\/index.php\\\/2025\\\/08\\\/03\\\/mejoran-la-calidad-de-vida-en-personas-con-albinismo\\\/\",\"name\":\"Mejoran la calidad de vida en personas con albinismo - Historias que inspiran...\",\"isPartOf\":{\"@id\":\"https:\\\/\\\/somos-hermanos.mx\\\/#website\"},\"primaryImageOfPage\":{\"@id\":\"https:\\\/\\\/somos-hermanos.mx\\\/index.php\\\/2025\\\/08\\\/03\\\/mejoran-la-calidad-de-vida-en-personas-con-albinismo\\\/#primaryimage\"},\"image\":{\"@id\":\"https:\\\/\\\/somos-hermanos.mx\\\/index.php\\\/2025\\\/08\\\/03\\\/mejoran-la-calidad-de-vida-en-personas-con-albinismo\\\/#primaryimage\"},\"thumbnailUrl\":\"https:\\\/\\\/somos-hermanos.mx\\\/wp-content\\\/uploads\\\/2025\\\/08\\\/piel1.jpeg\",\"datePublished\":\"2025-08-04T03:53:55+00:00\",\"dateModified\":\"2025-08-04T03:54:06+00:00\",\"breadcrumb\":{\"@id\":\"https:\\\/\\\/somos-hermanos.mx\\\/index.php\\\/2025\\\/08\\\/03\\\/mejoran-la-calidad-de-vida-en-personas-con-albinismo\\\/#breadcrumb\"},\"inLanguage\":\"es\",\"potentialAction\":[{\"@type\":\"ReadAction\",\"target\":[\"https:\\\/\\\/somos-hermanos.mx\\\/index.php\\\/2025\\\/08\\\/03\\\/mejoran-la-calidad-de-vida-en-personas-con-albinismo\\\/\"]}]},{\"@type\":\"ImageObject\",\"inLanguage\":\"es\",\"@id\":\"https:\\\/\\\/somos-hermanos.mx\\\/index.php\\\/2025\\\/08\\\/03\\\/mejoran-la-calidad-de-vida-en-personas-con-albinismo\\\/#primaryimage\",\"url\":\"https:\\\/\\\/somos-hermanos.mx\\\/wp-content\\\/uploads\\\/2025\\\/08\\\/piel1.jpeg\",\"contentUrl\":\"https:\\\/\\\/somos-hermanos.mx\\\/wp-content\\\/uploads\\\/2025\\\/08\\\/piel1.jpeg\",\"width\":960,\"height\":960},{\"@type\":\"BreadcrumbList\",\"@id\":\"https:\\\/\\\/somos-hermanos.mx\\\/index.php\\\/2025\\\/08\\\/03\\\/mejoran-la-calidad-de-vida-en-personas-con-albinismo\\\/#breadcrumb\",\"itemListElement\":[{\"@type\":\"ListItem\",\"position\":1,\"name\":\"Inicio\",\"item\":\"https:\\\/\\\/somos-hermanos.mx\\\/\"},{\"@type\":\"ListItem\",\"position\":2,\"name\":\"Mejoran la calidad de vida en personas con albinismo\"}]},{\"@type\":\"WebSite\",\"@id\":\"https:\\\/\\\/somos-hermanos.mx\\\/#website\",\"url\":\"https:\\\/\\\/somos-hermanos.mx\\\/\",\"name\":\"Historias que inspiran...\",\"description\":\"Somos la voz del altruismo en M\u00e9xico\",\"publisher\":{\"@id\":\"https:\\\/\\\/somos-hermanos.mx\\\/#organization\"},\"potentialAction\":[{\"@type\":\"SearchAction\",\"target\":{\"@type\":\"EntryPoint\",\"urlTemplate\":\"https:\\\/\\\/somos-hermanos.mx\\\/?s={search_term_string}\"},\"query-input\":{\"@type\":\"PropertyValueSpecification\",\"valueRequired\":true,\"valueName\":\"search_term_string\"}}],\"inLanguage\":\"es\"},{\"@type\":\"Organization\",\"@id\":\"https:\\\/\\\/somos-hermanos.mx\\\/#organization\",\"name\":\"Somos Hermanos\",\"url\":\"https:\\\/\\\/somos-hermanos.mx\\\/\",\"logo\":{\"@type\":\"ImageObject\",\"inLanguage\":\"es\",\"@id\":\"https:\\\/\\\/somos-hermanos.mx\\\/#\\\/schema\\\/logo\\\/image\\\/\",\"url\":\"https:\\\/\\\/somos-hermanos.mx\\\/wp-content\\\/uploads\\\/2025\\\/08\\\/SH30-1.jpeg\",\"contentUrl\":\"https:\\\/\\\/somos-hermanos.mx\\\/wp-content\\\/uploads\\\/2025\\\/08\\\/SH30-1.jpeg\",\"width\":1600,\"height\":1142,\"caption\":\"Somos Hermanos\"},\"image\":{\"@id\":\"https:\\\/\\\/somos-hermanos.mx\\\/#\\\/schema\\\/logo\\\/image\\\/\"},\"sameAs\":[\"https:\\\/\\\/www.facebook.com\\\/SomosHermanosIAP\\\/\",\"https:\\\/\\\/x.com\\\/Somos__Hermanos\",\"https:\\\/\\\/www.instagram.com\\\/somos__hermanos\\\/#\",\"https:\\\/\\\/www.tiktok.com\\\/@somoshermanosiap\",\"https:\\\/\\\/www.youtube.com\\\/@somoshermanosiap1201\\\/videos\"]},{\"@type\":\"Person\",\"@id\":\"https:\\\/\\\/somos-hermanos.mx\\\/#\\\/schema\\\/person\\\/2466d21e6ade208f45dbc821298d62b6\",\"name\":\"Carlos Hernandez Huerta\",\"image\":{\"@type\":\"ImageObject\",\"inLanguage\":\"es\",\"@id\":\"https:\\\/\\\/secure.gravatar.com\\\/avatar\\\/51f6e8e89626306c560ccd8823655e34da99a1f976b5f71bb93591c6b45fd128?s=96&d=mm&r=g\",\"url\":\"https:\\\/\\\/secure.gravatar.com\\\/avatar\\\/51f6e8e89626306c560ccd8823655e34da99a1f976b5f71bb93591c6b45fd128?s=96&d=mm&r=g\",\"contentUrl\":\"https:\\\/\\\/secure.gravatar.com\\\/avatar\\\/51f6e8e89626306c560ccd8823655e34da99a1f976b5f71bb93591c6b45fd128?s=96&d=mm&r=g\",\"caption\":\"Carlos Hernandez Huerta\"},\"url\":\"https:\\\/\\\/somos-hermanos.mx\\\/index.php\\\/author\\\/carlos-hernandez-huerta\\\/\"}]}<\/script>\n<!-- \/ Yoast SEO plugin. -->","yoast_head_json":{"title":"Mejoran la calidad de vida en personas con albinismo - Historias que inspiran...","robots":{"index":"index","follow":"follow","max-snippet":"max-snippet:-1","max-image-preview":"max-image-preview:large","max-video-preview":"max-video-preview:-1"},"canonical":"https:\/\/somos-hermanos.mx\/index.php\/2025\/08\/03\/mejoran-la-calidad-de-vida-en-personas-con-albinismo\/","og_locale":"es_MX","og_type":"article","og_title":"Mejoran la calidad de vida en personas con albinismo - Historias que inspiran...","og_description":"La piel es el \u00f3rgano m\u00e1s grande del cuerpo. Su importancia recae en ser protector contra el calor, la luz solar, las lesiones y las infecciones. Cuidar la piel en el cuerpo humano es imperativo para prevenir diversas enfermedades, entre ellas c\u00e1ncer. Dentro de los padecimientos que puede sufrir la piel se encuentra el albinismo, [&hellip;]","og_url":"https:\/\/somos-hermanos.mx\/index.php\/2025\/08\/03\/mejoran-la-calidad-de-vida-en-personas-con-albinismo\/","og_site_name":"Historias que inspiran...","article_publisher":"https:\/\/www.facebook.com\/SomosHermanosIAP\/","article_published_time":"2025-08-04T03:53:55+00:00","article_modified_time":"2025-08-04T03:54:06+00:00","og_image":[{"width":960,"height":960,"url":"https:\/\/somos-hermanos.mx\/wp-content\/uploads\/2025\/08\/piel1.jpeg","type":"image\/jpeg"}],"author":"Carlos Hernandez Huerta","twitter_card":"summary_large_image","twitter_creator":"@Somos__Hermanos","twitter_site":"@Somos__Hermanos","twitter_misc":{"Escrito por":"Carlos Hernandez Huerta","Tiempo de lectura":"4 minutos"},"schema":{"@context":"https:\/\/schema.org","@graph":[{"@type":"Article","@id":"https:\/\/somos-hermanos.mx\/index.php\/2025\/08\/03\/mejoran-la-calidad-de-vida-en-personas-con-albinismo\/#article","isPartOf":{"@id":"https:\/\/somos-hermanos.mx\/index.php\/2025\/08\/03\/mejoran-la-calidad-de-vida-en-personas-con-albinismo\/"},"author":{"name":"Carlos Hernandez Huerta","@id":"https:\/\/somos-hermanos.mx\/#\/schema\/person\/2466d21e6ade208f45dbc821298d62b6"},"headline":"Mejoran la calidad de vida en personas con albinismo","datePublished":"2025-08-04T03:53:55+00:00","dateModified":"2025-08-04T03:54:06+00:00","mainEntityOfPage":{"@id":"https:\/\/somos-hermanos.mx\/index.php\/2025\/08\/03\/mejoran-la-calidad-de-vida-en-personas-con-albinismo\/"},"wordCount":783,"commentCount":0,"publisher":{"@id":"https:\/\/somos-hermanos.mx\/#organization"},"image":{"@id":"https:\/\/somos-hermanos.mx\/index.php\/2025\/08\/03\/mejoran-la-calidad-de-vida-en-personas-con-albinismo\/#primaryimage"},"thumbnailUrl":"https:\/\/somos-hermanos.mx\/wp-content\/uploads\/2025\/08\/piel1.jpeg","articleSection":["Noticias"],"inLanguage":"es","potentialAction":[{"@type":"CommentAction","name":"Comment","target":["https:\/\/somos-hermanos.mx\/index.php\/2025\/08\/03\/mejoran-la-calidad-de-vida-en-personas-con-albinismo\/#respond"]}]},{"@type":"WebPage","@id":"https:\/\/somos-hermanos.mx\/index.php\/2025\/08\/03\/mejoran-la-calidad-de-vida-en-personas-con-albinismo\/","url":"https:\/\/somos-hermanos.mx\/index.php\/2025\/08\/03\/mejoran-la-calidad-de-vida-en-personas-con-albinismo\/","name":"Mejoran la calidad de vida en personas con albinismo - Historias que inspiran...","isPartOf":{"@id":"https:\/\/somos-hermanos.mx\/#website"},"primaryImageOfPage":{"@id":"https:\/\/somos-hermanos.mx\/index.php\/2025\/08\/03\/mejoran-la-calidad-de-vida-en-personas-con-albinismo\/#primaryimage"},"image":{"@id":"https:\/\/somos-hermanos.mx\/index.php\/2025\/08\/03\/mejoran-la-calidad-de-vida-en-personas-con-albinismo\/#primaryimage"},"thumbnailUrl":"https:\/\/somos-hermanos.mx\/wp-content\/uploads\/2025\/08\/piel1.jpeg","datePublished":"2025-08-04T03:53:55+00:00","dateModified":"2025-08-04T03:54:06+00:00","breadcrumb":{"@id":"https:\/\/somos-hermanos.mx\/index.php\/2025\/08\/03\/mejoran-la-calidad-de-vida-en-personas-con-albinismo\/#breadcrumb"},"inLanguage":"es","potentialAction":[{"@type":"ReadAction","target":["https:\/\/somos-hermanos.mx\/index.php\/2025\/08\/03\/mejoran-la-calidad-de-vida-en-personas-con-albinismo\/"]}]},{"@type":"ImageObject","inLanguage":"es","@id":"https:\/\/somos-hermanos.mx\/index.php\/2025\/08\/03\/mejoran-la-calidad-de-vida-en-personas-con-albinismo\/#primaryimage","url":"https:\/\/somos-hermanos.mx\/wp-content\/uploads\/2025\/08\/piel1.jpeg","contentUrl":"https:\/\/somos-hermanos.mx\/wp-content\/uploads\/2025\/08\/piel1.jpeg","width":960,"height":960},{"@type":"BreadcrumbList","@id":"https:\/\/somos-hermanos.mx\/index.php\/2025\/08\/03\/mejoran-la-calidad-de-vida-en-personas-con-albinismo\/#breadcrumb","itemListElement":[{"@type":"ListItem","position":1,"name":"Inicio","item":"https:\/\/somos-hermanos.mx\/"},{"@type":"ListItem","position":2,"name":"Mejoran la calidad de vida en personas con albinismo"}]},{"@type":"WebSite","@id":"https:\/\/somos-hermanos.mx\/#website","url":"https:\/\/somos-hermanos.mx\/","name":"Historias que inspiran...","description":"Somos la voz del altruismo en M\u00e9xico","publisher":{"@id":"https:\/\/somos-hermanos.mx\/#organization"},"potentialAction":[{"@type":"SearchAction","target":{"@type":"EntryPoint","urlTemplate":"https:\/\/somos-hermanos.mx\/?s={search_term_string}"},"query-input":{"@type":"PropertyValueSpecification","valueRequired":true,"valueName":"search_term_string"}}],"inLanguage":"es"},{"@type":"Organization","@id":"https:\/\/somos-hermanos.mx\/#organization","name":"Somos Hermanos","url":"https:\/\/somos-hermanos.mx\/","logo":{"@type":"ImageObject","inLanguage":"es","@id":"https:\/\/somos-hermanos.mx\/#\/schema\/logo\/image\/","url":"https:\/\/somos-hermanos.mx\/wp-content\/uploads\/2025\/08\/SH30-1.jpeg","contentUrl":"https:\/\/somos-hermanos.mx\/wp-content\/uploads\/2025\/08\/SH30-1.jpeg","width":1600,"height":1142,"caption":"Somos Hermanos"},"image":{"@id":"https:\/\/somos-hermanos.mx\/#\/schema\/logo\/image\/"},"sameAs":["https:\/\/www.facebook.com\/SomosHermanosIAP\/","https:\/\/x.com\/Somos__Hermanos","https:\/\/www.instagram.com\/somos__hermanos\/#","https:\/\/www.tiktok.com\/@somoshermanosiap","https:\/\/www.youtube.com\/@somoshermanosiap1201\/videos"]},{"@type":"Person","@id":"https:\/\/somos-hermanos.mx\/#\/schema\/person\/2466d21e6ade208f45dbc821298d62b6","name":"Carlos Hernandez Huerta","image":{"@type":"ImageObject","inLanguage":"es","@id":"https:\/\/secure.gravatar.com\/avatar\/51f6e8e89626306c560ccd8823655e34da99a1f976b5f71bb93591c6b45fd128?s=96&d=mm&r=g","url":"https:\/\/secure.gravatar.com\/avatar\/51f6e8e89626306c560ccd8823655e34da99a1f976b5f71bb93591c6b45fd128?s=96&d=mm&r=g","contentUrl":"https:\/\/secure.gravatar.com\/avatar\/51f6e8e89626306c560ccd8823655e34da99a1f976b5f71bb93591c6b45fd128?s=96&d=mm&r=g","caption":"Carlos Hernandez Huerta"},"url":"https:\/\/somos-hermanos.mx\/index.php\/author\/carlos-hernandez-huerta\/"}]}},"_links":{"self":[{"href":"https:\/\/somos-hermanos.mx\/index.php\/wp-json\/wp\/v2\/posts\/315","targetHints":{"allow":["GET"]}}],"collection":[{"href":"https:\/\/somos-hermanos.mx\/index.php\/wp-json\/wp\/v2\/posts"}],"about":[{"href":"https:\/\/somos-hermanos.mx\/index.php\/wp-json\/wp\/v2\/types\/post"}],"author":[{"embeddable":true,"href":"https:\/\/somos-hermanos.mx\/index.php\/wp-json\/wp\/v2\/users\/10"}],"replies":[{"embeddable":true,"href":"https:\/\/somos-hermanos.mx\/index.php\/wp-json\/wp\/v2\/comments?post=315"}],"version-history":[{"count":1,"href":"https:\/\/somos-hermanos.mx\/index.php\/wp-json\/wp\/v2\/posts\/315\/revisions"}],"predecessor-version":[{"id":317,"href":"https:\/\/somos-hermanos.mx\/index.php\/wp-json\/wp\/v2\/posts\/315\/revisions\/317"}],"wp:featuredmedia":[{"embeddable":true,"href":"https:\/\/somos-hermanos.mx\/index.php\/wp-json\/wp\/v2\/media\/316"}],"wp:attachment":[{"href":"https:\/\/somos-hermanos.mx\/index.php\/wp-json\/wp\/v2\/media?parent=315"}],"wp:term":[{"taxonomy":"category","embeddable":true,"href":"https:\/\/somos-hermanos.mx\/index.php\/wp-json\/wp\/v2\/categories?post=315"},{"taxonomy":"post_tag","embeddable":true,"href":"https:\/\/somos-hermanos.mx\/index.php\/wp-json\/wp\/v2\/tags?post=315"}],"curies":[{"name":"wp","href":"https:\/\/api.w.org\/{rel}","templated":true}]}}