{"id":312,"date":"2025-08-03T21:50:44","date_gmt":"2025-08-04T03:50:44","guid":{"rendered":"https:\/\/somos-hermanos.mx\/?p=312"},"modified":"2025-08-03T21:50:44","modified_gmt":"2025-08-04T03:50:44","slug":"el-alzheimer-aisla-a-los-pacientes-y-complica-su-atencion","status":"publish","type":"post","link":"https:\/\/somos-hermanos.mx\/index.php\/2025\/08\/03\/el-alzheimer-aisla-a-los-pacientes-y-complica-su-atencion\/","title":{"rendered":"El Alzheimer a\u00edsla a los pacientes y complica su atenci\u00f3n"},"content":{"rendered":"<p>El estigma que rodea al <strong>Alzheimer y otras demencias refuerza el aislamiento social<\/strong>\u00a0y alimenta actos de discriminaci\u00f3n, adem\u00e1s de limitar el acceso a atenci\u00f3n integral y medidas preventivas.<\/p>\n<p>Creencias err\u00f3neas como <strong>considerar la demencia una parte inevitable del envejecimiento persisten tanto en la poblaci\u00f3n general como entre el 65% de profesionales de la salud <\/strong>que comparten esta idea.<\/p>\n<p>Adem\u00e1s, <strong>m\u00e1s de una cuarta parte de la poblaci\u00f3n mundial cree que no hay forma de prevenir la demencia, <\/strong>lo que dificulta el diagn\u00f3stico temprano y la implementaci\u00f3n de estrategias para mejorar la calidad de vida de las personas afectadas.<\/p>\n<p>Lo anterior se abord\u00f3 durante la segunda mesa de trabajo organizada por la <strong>fundaci\u00f3n Alzheimer M\u00e9xico IAP,<\/strong>\u00a0en la que especialistas analizaron c\u00f3mo los prejuicios culturales impactan la vida de las personas que viven con demencia y sus cuidadores. Se destac\u00f3 que la desconexi\u00f3n social, la falta de informaci\u00f3n y el rechazo dificultan que las familias busquen apoyo m\u00e9dico y emocional oportuno.<\/p>\n<p><strong>\u201cEl Alzheimer no es solo un reto m\u00e9dico; es una prueba para toda la sociedad.<\/strong>\u00a0Derribar el estigma es el primer paso para que las personas afectadas vivan con dignidad y tengan acceso a una atenci\u00f3n integral. <strong>Necesitamos un cambio cultural urgente\u201d, <\/strong>se\u00f1al\u00f3 Laura Elena Cort\u00e9s, vicepresidenta del patronato de la fundaci\u00f3n.<\/p>\n<p><strong>En t\u00e9rminos econ\u00f3micos, los costos anuales asociados al cuidado de personas que viven con demencia o Alzheimer en M\u00e9xico superan los 23 mil millones de pesos.<\/strong>\u00a0Este monto incluye gastos m\u00e9dicos, p\u00e9rdida de ingresos por la reducci\u00f3n de jornadas laborales o el abandono del empleo por parte de cuidadores familiares, y el impacto emocional que enfrentan. De este total, el 85% de los costos es asumido directamente por las familias, lo que agrava su vulnerabilidad econ\u00f3mica y social.<\/p>\n<p>Para cambiar este panorama, <strong>especialistas proponen el desarrollo de campa\u00f1as nacionales de concientizaci\u00f3n y de detecci\u00f3n oportuna enfocadas a la poblaci\u00f3n y los profesionales de la salud. <\/strong>Estas campa\u00f1as deben enfocarse en desmontar mitos, difundir informaci\u00f3n precisa y promover el respeto hacia las personas que viven con Alzheimer.<\/p>\n<p>Modelos como <em><i>Dementia Friends<\/i><\/em>, implementados en otros pa\u00edses, podr\u00edan servir de inspiraci\u00f3n para generar empat\u00eda y comprensi\u00f3n en M\u00e9xico. \u201cEl estigma no solo a\u00edsla, sino que tambi\u00e9n contribuye al maltrato y la discriminaci\u00f3n de quienes viven con demencia. Promover el respeto y la comprensi\u00f3n es fundamental para que estas personas puedan integrarse plenamente en la sociedad\u201d, a\u00f1adi\u00f3 Cort\u00e9s.<\/p>\n<p>Las mesas de trabajo continuar\u00e1n explorando enfoques innovadores en las pr\u00f3ximas semanas. Entre los temas que se analizar\u00e1n est\u00e1n la mejora en el acceso a recursos de apoyo, estrategias de prevenci\u00f3n en salud p\u00fablica y modelos sostenibles para el cuidado a largo plazo.<\/p>\n<p>Los resultados se presentar\u00e1n a las autoridades correspondientes con la intenci\u00f3n de integrarlos en el Plan Nacional de Demencias 2024, buscando construir una sociedad m\u00e1s inclusiva y solidaria.<\/p>\n","protected":false},"excerpt":{"rendered":"<p>El estigma que rodea al Alzheimer y otras demencias refuerza el aislamiento social\u00a0y alimenta actos de discriminaci\u00f3n, adem\u00e1s de limitar el acceso a atenci\u00f3n integral y medidas preventivas. Creencias err\u00f3neas como considerar la demencia una parte inevitable del envejecimiento persisten tanto en la poblaci\u00f3n general como entre el 65% de profesionales de la salud que [&hellip;]<\/p>\n","protected":false},"author":8,"featured_media":313,"comment_status":"open","ping_status":"closed","sticky":false,"template":"","format":"standard","meta":{"footnotes":""},"categories":[6],"tags":[],"class_list":["post-312","post","type-post","status-publish","format-standard","has-post-thumbnail","hentry","category-noticias"],"yoast_head":"<!-- This site is optimized with the Yoast SEO plugin v27.5 - https:\/\/yoast.com\/product\/yoast-seo-wordpress\/ -->\n<title>El Alzheimer a\u00edsla a los pacientes y complica su atenci\u00f3n - Historias que inspiran...<\/title>\n<meta name=\"robots\" content=\"index, follow, max-snippet:-1, max-image-preview:large, max-video-preview:-1\" \/>\n<link rel=\"canonical\" href=\"https:\/\/somos-hermanos.mx\/index.php\/2025\/08\/03\/el-alzheimer-aisla-a-los-pacientes-y-complica-su-atencion\/\" \/>\n<meta property=\"og:locale\" content=\"es_MX\" \/>\n<meta property=\"og:type\" content=\"article\" \/>\n<meta property=\"og:title\" content=\"El Alzheimer a\u00edsla a los pacientes y complica su atenci\u00f3n - Historias que inspiran...\" \/>\n<meta property=\"og:description\" content=\"El estigma que rodea al Alzheimer y otras demencias refuerza el aislamiento social\u00a0y alimenta actos de discriminaci\u00f3n, adem\u00e1s de limitar el acceso a atenci\u00f3n integral y medidas preventivas. Creencias err\u00f3neas como considerar la demencia una parte inevitable del envejecimiento persisten tanto en la poblaci\u00f3n general como entre el 65% de profesionales de la salud que [&hellip;]\" \/>\n<meta property=\"og:url\" content=\"https:\/\/somos-hermanos.mx\/index.php\/2025\/08\/03\/el-alzheimer-aisla-a-los-pacientes-y-complica-su-atencion\/\" \/>\n<meta property=\"og:site_name\" content=\"Historias que inspiran...\" \/>\n<meta property=\"article:publisher\" content=\"https:\/\/www.facebook.com\/SomosHermanosIAP\/\" \/>\n<meta property=\"article:published_time\" content=\"2025-08-04T03:50:44+00:00\" \/>\n<meta property=\"og:image\" content=\"https:\/\/somos-hermanos.mx\/wp-content\/uploads\/2025\/08\/alz.jpeg\" \/>\n\t<meta property=\"og:image:width\" content=\"1080\" \/>\n\t<meta property=\"og:image:height\" content=\"1080\" \/>\n\t<meta property=\"og:image:type\" content=\"image\/jpeg\" \/>\n<meta name=\"author\" content=\"Jes\u00fas Arizmendi\" \/>\n<meta name=\"twitter:card\" content=\"summary_large_image\" \/>\n<meta name=\"twitter:creator\" content=\"@Somos__Hermanos\" \/>\n<meta name=\"twitter:site\" content=\"@Somos__Hermanos\" \/>\n<meta name=\"twitter:label1\" content=\"Escrito por\" \/>\n\t<meta name=\"twitter:data1\" content=\"Jes\u00fas Arizmendi\" \/>\n\t<meta name=\"twitter:label2\" content=\"Tiempo de lectura\" \/>\n\t<meta name=\"twitter:data2\" content=\"3 minutos\" \/>\n<script type=\"application\/ld+json\" class=\"yoast-schema-graph\">{\"@context\":\"https:\\\/\\\/schema.org\",\"@graph\":[{\"@type\":\"Article\",\"@id\":\"https:\\\/\\\/somos-hermanos.mx\\\/index.php\\\/2025\\\/08\\\/03\\\/el-alzheimer-aisla-a-los-pacientes-y-complica-su-atencion\\\/#article\",\"isPartOf\":{\"@id\":\"https:\\\/\\\/somos-hermanos.mx\\\/index.php\\\/2025\\\/08\\\/03\\\/el-alzheimer-aisla-a-los-pacientes-y-complica-su-atencion\\\/\"},\"author\":{\"name\":\"Jes\u00fas Arizmendi\",\"@id\":\"https:\\\/\\\/somos-hermanos.mx\\\/#\\\/schema\\\/person\\\/945cdfed39314d9db1242f593aecb908\"},\"headline\":\"El Alzheimer a\u00edsla a los pacientes y complica su atenci\u00f3n\",\"datePublished\":\"2025-08-04T03:50:44+00:00\",\"mainEntityOfPage\":{\"@id\":\"https:\\\/\\\/somos-hermanos.mx\\\/index.php\\\/2025\\\/08\\\/03\\\/el-alzheimer-aisla-a-los-pacientes-y-complica-su-atencion\\\/\"},\"wordCount\":531,\"commentCount\":0,\"publisher\":{\"@id\":\"https:\\\/\\\/somos-hermanos.mx\\\/#organization\"},\"image\":{\"@id\":\"https:\\\/\\\/somos-hermanos.mx\\\/index.php\\\/2025\\\/08\\\/03\\\/el-alzheimer-aisla-a-los-pacientes-y-complica-su-atencion\\\/#primaryimage\"},\"thumbnailUrl\":\"https:\\\/\\\/somos-hermanos.mx\\\/wp-content\\\/uploads\\\/2025\\\/08\\\/alz.jpeg\",\"articleSection\":[\"Noticias\"],\"inLanguage\":\"es\",\"potentialAction\":[{\"@type\":\"CommentAction\",\"name\":\"Comment\",\"target\":[\"https:\\\/\\\/somos-hermanos.mx\\\/index.php\\\/2025\\\/08\\\/03\\\/el-alzheimer-aisla-a-los-pacientes-y-complica-su-atencion\\\/#respond\"]}]},{\"@type\":\"WebPage\",\"@id\":\"https:\\\/\\\/somos-hermanos.mx\\\/index.php\\\/2025\\\/08\\\/03\\\/el-alzheimer-aisla-a-los-pacientes-y-complica-su-atencion\\\/\",\"url\":\"https:\\\/\\\/somos-hermanos.mx\\\/index.php\\\/2025\\\/08\\\/03\\\/el-alzheimer-aisla-a-los-pacientes-y-complica-su-atencion\\\/\",\"name\":\"El Alzheimer a\u00edsla a los pacientes y complica su atenci\u00f3n - Historias que inspiran...\",\"isPartOf\":{\"@id\":\"https:\\\/\\\/somos-hermanos.mx\\\/#website\"},\"primaryImageOfPage\":{\"@id\":\"https:\\\/\\\/somos-hermanos.mx\\\/index.php\\\/2025\\\/08\\\/03\\\/el-alzheimer-aisla-a-los-pacientes-y-complica-su-atencion\\\/#primaryimage\"},\"image\":{\"@id\":\"https:\\\/\\\/somos-hermanos.mx\\\/index.php\\\/2025\\\/08\\\/03\\\/el-alzheimer-aisla-a-los-pacientes-y-complica-su-atencion\\\/#primaryimage\"},\"thumbnailUrl\":\"https:\\\/\\\/somos-hermanos.mx\\\/wp-content\\\/uploads\\\/2025\\\/08\\\/alz.jpeg\",\"datePublished\":\"2025-08-04T03:50:44+00:00\",\"breadcrumb\":{\"@id\":\"https:\\\/\\\/somos-hermanos.mx\\\/index.php\\\/2025\\\/08\\\/03\\\/el-alzheimer-aisla-a-los-pacientes-y-complica-su-atencion\\\/#breadcrumb\"},\"inLanguage\":\"es\",\"potentialAction\":[{\"@type\":\"ReadAction\",\"target\":[\"https:\\\/\\\/somos-hermanos.mx\\\/index.php\\\/2025\\\/08\\\/03\\\/el-alzheimer-aisla-a-los-pacientes-y-complica-su-atencion\\\/\"]}]},{\"@type\":\"ImageObject\",\"inLanguage\":\"es\",\"@id\":\"https:\\\/\\\/somos-hermanos.mx\\\/index.php\\\/2025\\\/08\\\/03\\\/el-alzheimer-aisla-a-los-pacientes-y-complica-su-atencion\\\/#primaryimage\",\"url\":\"https:\\\/\\\/somos-hermanos.mx\\\/wp-content\\\/uploads\\\/2025\\\/08\\\/alz.jpeg\",\"contentUrl\":\"https:\\\/\\\/somos-hermanos.mx\\\/wp-content\\\/uploads\\\/2025\\\/08\\\/alz.jpeg\",\"width\":1080,\"height\":1080},{\"@type\":\"BreadcrumbList\",\"@id\":\"https:\\\/\\\/somos-hermanos.mx\\\/index.php\\\/2025\\\/08\\\/03\\\/el-alzheimer-aisla-a-los-pacientes-y-complica-su-atencion\\\/#breadcrumb\",\"itemListElement\":[{\"@type\":\"ListItem\",\"position\":1,\"name\":\"Inicio\",\"item\":\"https:\\\/\\\/somos-hermanos.mx\\\/\"},{\"@type\":\"ListItem\",\"position\":2,\"name\":\"El Alzheimer a\u00edsla a los pacientes y complica su atenci\u00f3n\"}]},{\"@type\":\"WebSite\",\"@id\":\"https:\\\/\\\/somos-hermanos.mx\\\/#website\",\"url\":\"https:\\\/\\\/somos-hermanos.mx\\\/\",\"name\":\"Historias que inspiran...\",\"description\":\"Somos la voz del altruismo en M\u00e9xico\",\"publisher\":{\"@id\":\"https:\\\/\\\/somos-hermanos.mx\\\/#organization\"},\"potentialAction\":[{\"@type\":\"SearchAction\",\"target\":{\"@type\":\"EntryPoint\",\"urlTemplate\":\"https:\\\/\\\/somos-hermanos.mx\\\/?s={search_term_string}\"},\"query-input\":{\"@type\":\"PropertyValueSpecification\",\"valueRequired\":true,\"valueName\":\"search_term_string\"}}],\"inLanguage\":\"es\"},{\"@type\":\"Organization\",\"@id\":\"https:\\\/\\\/somos-hermanos.mx\\\/#organization\",\"name\":\"Somos Hermanos\",\"url\":\"https:\\\/\\\/somos-hermanos.mx\\\/\",\"logo\":{\"@type\":\"ImageObject\",\"inLanguage\":\"es\",\"@id\":\"https:\\\/\\\/somos-hermanos.mx\\\/#\\\/schema\\\/logo\\\/image\\\/\",\"url\":\"https:\\\/\\\/somos-hermanos.mx\\\/wp-content\\\/uploads\\\/2025\\\/08\\\/SH30-1.jpeg\",\"contentUrl\":\"https:\\\/\\\/somos-hermanos.mx\\\/wp-content\\\/uploads\\\/2025\\\/08\\\/SH30-1.jpeg\",\"width\":1600,\"height\":1142,\"caption\":\"Somos Hermanos\"},\"image\":{\"@id\":\"https:\\\/\\\/somos-hermanos.mx\\\/#\\\/schema\\\/logo\\\/image\\\/\"},\"sameAs\":[\"https:\\\/\\\/www.facebook.com\\\/SomosHermanosIAP\\\/\",\"https:\\\/\\\/x.com\\\/Somos__Hermanos\",\"https:\\\/\\\/www.instagram.com\\\/somos__hermanos\\\/#\",\"https:\\\/\\\/www.tiktok.com\\\/@somoshermanosiap\",\"https:\\\/\\\/www.youtube.com\\\/@somoshermanosiap1201\\\/videos\"]},{\"@type\":\"Person\",\"@id\":\"https:\\\/\\\/somos-hermanos.mx\\\/#\\\/schema\\\/person\\\/945cdfed39314d9db1242f593aecb908\",\"name\":\"Jes\u00fas Arizmendi\",\"image\":{\"@type\":\"ImageObject\",\"inLanguage\":\"es\",\"@id\":\"https:\\\/\\\/secure.gravatar.com\\\/avatar\\\/9d2f2284f2cc108aae42b8fdb13afa29b801f64001b731516b830e4926cc1b4b?s=96&d=mm&r=g\",\"url\":\"https:\\\/\\\/secure.gravatar.com\\\/avatar\\\/9d2f2284f2cc108aae42b8fdb13afa29b801f64001b731516b830e4926cc1b4b?s=96&d=mm&r=g\",\"contentUrl\":\"https:\\\/\\\/secure.gravatar.com\\\/avatar\\\/9d2f2284f2cc108aae42b8fdb13afa29b801f64001b731516b830e4926cc1b4b?s=96&d=mm&r=g\",\"caption\":\"Jes\u00fas Arizmendi\"},\"url\":\"https:\\\/\\\/somos-hermanos.mx\\\/index.php\\\/author\\\/jesus-arizmendi\\\/\"}]}<\/script>\n<!-- \/ Yoast SEO plugin. -->","yoast_head_json":{"title":"El Alzheimer a\u00edsla a los pacientes y complica su atenci\u00f3n - Historias que inspiran...","robots":{"index":"index","follow":"follow","max-snippet":"max-snippet:-1","max-image-preview":"max-image-preview:large","max-video-preview":"max-video-preview:-1"},"canonical":"https:\/\/somos-hermanos.mx\/index.php\/2025\/08\/03\/el-alzheimer-aisla-a-los-pacientes-y-complica-su-atencion\/","og_locale":"es_MX","og_type":"article","og_title":"El Alzheimer a\u00edsla a los pacientes y complica su atenci\u00f3n - Historias que inspiran...","og_description":"El estigma que rodea al Alzheimer y otras demencias refuerza el aislamiento social\u00a0y alimenta actos de discriminaci\u00f3n, adem\u00e1s de limitar el acceso a atenci\u00f3n integral y medidas preventivas. Creencias err\u00f3neas como considerar la demencia una parte inevitable del envejecimiento persisten tanto en la poblaci\u00f3n general como entre el 65% de profesionales de la salud que [&hellip;]","og_url":"https:\/\/somos-hermanos.mx\/index.php\/2025\/08\/03\/el-alzheimer-aisla-a-los-pacientes-y-complica-su-atencion\/","og_site_name":"Historias que inspiran...","article_publisher":"https:\/\/www.facebook.com\/SomosHermanosIAP\/","article_published_time":"2025-08-04T03:50:44+00:00","og_image":[{"width":1080,"height":1080,"url":"https:\/\/somos-hermanos.mx\/wp-content\/uploads\/2025\/08\/alz.jpeg","type":"image\/jpeg"}],"author":"Jes\u00fas Arizmendi","twitter_card":"summary_large_image","twitter_creator":"@Somos__Hermanos","twitter_site":"@Somos__Hermanos","twitter_misc":{"Escrito por":"Jes\u00fas Arizmendi","Tiempo de lectura":"3 minutos"},"schema":{"@context":"https:\/\/schema.org","@graph":[{"@type":"Article","@id":"https:\/\/somos-hermanos.mx\/index.php\/2025\/08\/03\/el-alzheimer-aisla-a-los-pacientes-y-complica-su-atencion\/#article","isPartOf":{"@id":"https:\/\/somos-hermanos.mx\/index.php\/2025\/08\/03\/el-alzheimer-aisla-a-los-pacientes-y-complica-su-atencion\/"},"author":{"name":"Jes\u00fas Arizmendi","@id":"https:\/\/somos-hermanos.mx\/#\/schema\/person\/945cdfed39314d9db1242f593aecb908"},"headline":"El Alzheimer a\u00edsla a los pacientes y complica su atenci\u00f3n","datePublished":"2025-08-04T03:50:44+00:00","mainEntityOfPage":{"@id":"https:\/\/somos-hermanos.mx\/index.php\/2025\/08\/03\/el-alzheimer-aisla-a-los-pacientes-y-complica-su-atencion\/"},"wordCount":531,"commentCount":0,"publisher":{"@id":"https:\/\/somos-hermanos.mx\/#organization"},"image":{"@id":"https:\/\/somos-hermanos.mx\/index.php\/2025\/08\/03\/el-alzheimer-aisla-a-los-pacientes-y-complica-su-atencion\/#primaryimage"},"thumbnailUrl":"https:\/\/somos-hermanos.mx\/wp-content\/uploads\/2025\/08\/alz.jpeg","articleSection":["Noticias"],"inLanguage":"es","potentialAction":[{"@type":"CommentAction","name":"Comment","target":["https:\/\/somos-hermanos.mx\/index.php\/2025\/08\/03\/el-alzheimer-aisla-a-los-pacientes-y-complica-su-atencion\/#respond"]}]},{"@type":"WebPage","@id":"https:\/\/somos-hermanos.mx\/index.php\/2025\/08\/03\/el-alzheimer-aisla-a-los-pacientes-y-complica-su-atencion\/","url":"https:\/\/somos-hermanos.mx\/index.php\/2025\/08\/03\/el-alzheimer-aisla-a-los-pacientes-y-complica-su-atencion\/","name":"El Alzheimer a\u00edsla a los pacientes y complica su atenci\u00f3n - Historias que inspiran...","isPartOf":{"@id":"https:\/\/somos-hermanos.mx\/#website"},"primaryImageOfPage":{"@id":"https:\/\/somos-hermanos.mx\/index.php\/2025\/08\/03\/el-alzheimer-aisla-a-los-pacientes-y-complica-su-atencion\/#primaryimage"},"image":{"@id":"https:\/\/somos-hermanos.mx\/index.php\/2025\/08\/03\/el-alzheimer-aisla-a-los-pacientes-y-complica-su-atencion\/#primaryimage"},"thumbnailUrl":"https:\/\/somos-hermanos.mx\/wp-content\/uploads\/2025\/08\/alz.jpeg","datePublished":"2025-08-04T03:50:44+00:00","breadcrumb":{"@id":"https:\/\/somos-hermanos.mx\/index.php\/2025\/08\/03\/el-alzheimer-aisla-a-los-pacientes-y-complica-su-atencion\/#breadcrumb"},"inLanguage":"es","potentialAction":[{"@type":"ReadAction","target":["https:\/\/somos-hermanos.mx\/index.php\/2025\/08\/03\/el-alzheimer-aisla-a-los-pacientes-y-complica-su-atencion\/"]}]},{"@type":"ImageObject","inLanguage":"es","@id":"https:\/\/somos-hermanos.mx\/index.php\/2025\/08\/03\/el-alzheimer-aisla-a-los-pacientes-y-complica-su-atencion\/#primaryimage","url":"https:\/\/somos-hermanos.mx\/wp-content\/uploads\/2025\/08\/alz.jpeg","contentUrl":"https:\/\/somos-hermanos.mx\/wp-content\/uploads\/2025\/08\/alz.jpeg","width":1080,"height":1080},{"@type":"BreadcrumbList","@id":"https:\/\/somos-hermanos.mx\/index.php\/2025\/08\/03\/el-alzheimer-aisla-a-los-pacientes-y-complica-su-atencion\/#breadcrumb","itemListElement":[{"@type":"ListItem","position":1,"name":"Inicio","item":"https:\/\/somos-hermanos.mx\/"},{"@type":"ListItem","position":2,"name":"El Alzheimer a\u00edsla a los pacientes y complica su atenci\u00f3n"}]},{"@type":"WebSite","@id":"https:\/\/somos-hermanos.mx\/#website","url":"https:\/\/somos-hermanos.mx\/","name":"Historias que inspiran...","description":"Somos la voz del altruismo en M\u00e9xico","publisher":{"@id":"https:\/\/somos-hermanos.mx\/#organization"},"potentialAction":[{"@type":"SearchAction","target":{"@type":"EntryPoint","urlTemplate":"https:\/\/somos-hermanos.mx\/?s={search_term_string}"},"query-input":{"@type":"PropertyValueSpecification","valueRequired":true,"valueName":"search_term_string"}}],"inLanguage":"es"},{"@type":"Organization","@id":"https:\/\/somos-hermanos.mx\/#organization","name":"Somos Hermanos","url":"https:\/\/somos-hermanos.mx\/","logo":{"@type":"ImageObject","inLanguage":"es","@id":"https:\/\/somos-hermanos.mx\/#\/schema\/logo\/image\/","url":"https:\/\/somos-hermanos.mx\/wp-content\/uploads\/2025\/08\/SH30-1.jpeg","contentUrl":"https:\/\/somos-hermanos.mx\/wp-content\/uploads\/2025\/08\/SH30-1.jpeg","width":1600,"height":1142,"caption":"Somos Hermanos"},"image":{"@id":"https:\/\/somos-hermanos.mx\/#\/schema\/logo\/image\/"},"sameAs":["https:\/\/www.facebook.com\/SomosHermanosIAP\/","https:\/\/x.com\/Somos__Hermanos","https:\/\/www.instagram.com\/somos__hermanos\/#","https:\/\/www.tiktok.com\/@somoshermanosiap","https:\/\/www.youtube.com\/@somoshermanosiap1201\/videos"]},{"@type":"Person","@id":"https:\/\/somos-hermanos.mx\/#\/schema\/person\/945cdfed39314d9db1242f593aecb908","name":"Jes\u00fas Arizmendi","image":{"@type":"ImageObject","inLanguage":"es","@id":"https:\/\/secure.gravatar.com\/avatar\/9d2f2284f2cc108aae42b8fdb13afa29b801f64001b731516b830e4926cc1b4b?s=96&d=mm&r=g","url":"https:\/\/secure.gravatar.com\/avatar\/9d2f2284f2cc108aae42b8fdb13afa29b801f64001b731516b830e4926cc1b4b?s=96&d=mm&r=g","contentUrl":"https:\/\/secure.gravatar.com\/avatar\/9d2f2284f2cc108aae42b8fdb13afa29b801f64001b731516b830e4926cc1b4b?s=96&d=mm&r=g","caption":"Jes\u00fas Arizmendi"},"url":"https:\/\/somos-hermanos.mx\/index.php\/author\/jesus-arizmendi\/"}]}},"_links":{"self":[{"href":"https:\/\/somos-hermanos.mx\/index.php\/wp-json\/wp\/v2\/posts\/312","targetHints":{"allow":["GET"]}}],"collection":[{"href":"https:\/\/somos-hermanos.mx\/index.php\/wp-json\/wp\/v2\/posts"}],"about":[{"href":"https:\/\/somos-hermanos.mx\/index.php\/wp-json\/wp\/v2\/types\/post"}],"author":[{"embeddable":true,"href":"https:\/\/somos-hermanos.mx\/index.php\/wp-json\/wp\/v2\/users\/8"}],"replies":[{"embeddable":true,"href":"https:\/\/somos-hermanos.mx\/index.php\/wp-json\/wp\/v2\/comments?post=312"}],"version-history":[{"count":1,"href":"https:\/\/somos-hermanos.mx\/index.php\/wp-json\/wp\/v2\/posts\/312\/revisions"}],"predecessor-version":[{"id":314,"href":"https:\/\/somos-hermanos.mx\/index.php\/wp-json\/wp\/v2\/posts\/312\/revisions\/314"}],"wp:featuredmedia":[{"embeddable":true,"href":"https:\/\/somos-hermanos.mx\/index.php\/wp-json\/wp\/v2\/media\/313"}],"wp:attachment":[{"href":"https:\/\/somos-hermanos.mx\/index.php\/wp-json\/wp\/v2\/media?parent=312"}],"wp:term":[{"taxonomy":"category","embeddable":true,"href":"https:\/\/somos-hermanos.mx\/index.php\/wp-json\/wp\/v2\/categories?post=312"},{"taxonomy":"post_tag","embeddable":true,"href":"https:\/\/somos-hermanos.mx\/index.php\/wp-json\/wp\/v2\/tags?post=312"}],"curies":[{"name":"wp","href":"https:\/\/api.w.org\/{rel}","templated":true}]}}