{"id":308,"date":"2025-08-03T21:40:57","date_gmt":"2025-08-04T03:40:57","guid":{"rendered":"https:\/\/somos-hermanos.mx\/?p=308"},"modified":"2025-08-03T21:41:10","modified_gmt":"2025-08-04T03:41:10","slug":"fundacion-educativa-san-jose-abp-sembrando-el-cambio-en-las-comunidades","status":"publish","type":"post","link":"https:\/\/somos-hermanos.mx\/index.php\/2025\/08\/03\/fundacion-educativa-san-jose-abp-sembrando-el-cambio-en-las-comunidades\/","title":{"rendered":"Fundaci\u00f3n Educativa San Jos\u00e9 ABP: Sembrando el cambio en las comunidades"},"content":{"rendered":"<p>La Fundaci\u00f3n Educativa San Jos\u00e9 ABP (FESJ) <strong>se ha consolidado como un pilar fundamental en el desarrollo de las comunidades m\u00e1s vulnerables de la regi\u00f3n. <\/strong>Desde su fundaci\u00f3n en 2007, esta organizaci\u00f3n sin fines de lucro ha trabajado incansablemente para fortalecer los lazos familiares y comunitarios a trav\u00e9s de programas educativos, deportivos y culturales.<\/p>\n<p><strong>Un compromiso con la educaci\u00f3n<\/strong><\/p>\n<p>Uno de los ejes principales de la FESJ es la educaci\u00f3n. A trav\u00e9s de sus programas, la fundaci\u00f3n busca brindar a ni\u00f1os, ni\u00f1as y j\u00f3venes las herramientas necesarias para construir un futuro mejor. Entre sus iniciativas destacan:<\/p>\n<ul>\n<li>Programas educativos: Ofrecen talleres y cursos que complementan la educaci\u00f3n formal, fomentando el desarrollo de habilidades como la lectura, la escritura y el pensamiento cr\u00edtico.<\/li>\n<li>Becas: Otorgamiento de becas escolares para apoyar a estudiantes con dificultades econ\u00f3micas.<\/li>\n<li>Centros de aprendizaje: Creaci\u00f3n de espacios equipados con materiales educativos para que los ni\u00f1os puedan estudiar y realizar sus tareas.<\/li>\n<\/ul>\n<p><strong>M\u00e1s all\u00e1 de los libros<\/strong><\/p>\n<p>La FESJ reconoce la importancia del desarrollo integral de las personas. Por ello, tambi\u00e9n impulsa programas deportivos y culturales que fomentan la convivencia, el trabajo en equipo y el respeto por la diversidad.<\/p>\n<ul>\n<li>Deportes: Organizan torneos y ligas deportivas en diferentes disciplinas, promoviendo un estilo de vida activo y saludable.<\/li>\n<li>Cultura: Realizan talleres de arte, m\u00fasica y danza, adem\u00e1s de eventos culturales que enriquecen la vida de las comunidades.<\/li>\n<\/ul>\n<p><strong>Un impacto duradero<\/strong><\/p>\n<p>Gracias a su labor, la FESJ ha logrado transformar la vida de miles de personas. Los resultados de sus programas son evidentes: mejora en el rendimiento acad\u00e9mico, disminuci\u00f3n de la deserci\u00f3n escolar, fortalecimiento del tejido social y mayor participaci\u00f3n de la comunidad.<\/p>\n<p><strong>\u00bfC\u00f3mo puedes ayudar?<\/strong><\/p>\n<p>La FESJ invita a la sociedad a sumarse a su causa. Existen diversas formas de colaborar:<\/p>\n<ul>\n<li>Donaciones: Puedes realizar donativos econ\u00f3micos a trav\u00e9s de su p\u00e1gina web o contactando directamente a la fundaci\u00f3n.<\/li>\n<li>Voluntariado: Dedica parte de tu tiempo a impartir clases, entrenar equipos deportivos o participar en actividades culturales.<\/li>\n<li>Difusi\u00f3n: Tambi\u00e9n puedes cooperar a difundir el trabajo de la FESJ en tus redes sociales.<\/li>\n<\/ul>\n","protected":false},"excerpt":{"rendered":"<p>La Fundaci\u00f3n Educativa San Jos\u00e9 ABP (FESJ) se ha consolidado como un pilar fundamental en el desarrollo de las comunidades m\u00e1s vulnerables de la regi\u00f3n. Desde su fundaci\u00f3n en 2007, esta organizaci\u00f3n sin fines de lucro ha trabajado incansablemente para fortalecer los lazos familiares y comunitarios a trav\u00e9s de programas educativos, deportivos y culturales. Un [&hellip;]<\/p>\n","protected":false},"author":9,"featured_media":309,"comment_status":"open","ping_status":"closed","sticky":false,"template":"","format":"standard","meta":{"footnotes":""},"categories":[6],"tags":[],"class_list":["post-308","post","type-post","status-publish","format-standard","has-post-thumbnail","hentry","category-noticias"],"yoast_head":"<!-- This site is optimized with the Yoast SEO plugin v27.5 - https:\/\/yoast.com\/product\/yoast-seo-wordpress\/ -->\n<title>Fundaci\u00f3n Educativa San Jos\u00e9 ABP: Sembrando el cambio en las comunidades - Historias que inspiran...<\/title>\n<meta name=\"robots\" content=\"index, follow, max-snippet:-1, max-image-preview:large, max-video-preview:-1\" \/>\n<link rel=\"canonical\" href=\"https:\/\/somos-hermanos.mx\/index.php\/2025\/08\/03\/fundacion-educativa-san-jose-abp-sembrando-el-cambio-en-las-comunidades\/\" \/>\n<meta property=\"og:locale\" content=\"es_MX\" \/>\n<meta property=\"og:type\" content=\"article\" \/>\n<meta property=\"og:title\" content=\"Fundaci\u00f3n Educativa San Jos\u00e9 ABP: Sembrando el cambio en las comunidades - Historias que inspiran...\" \/>\n<meta property=\"og:description\" content=\"La Fundaci\u00f3n Educativa San Jos\u00e9 ABP (FESJ) se ha consolidado como un pilar fundamental en el desarrollo de las comunidades m\u00e1s vulnerables de la regi\u00f3n. Desde su fundaci\u00f3n en 2007, esta organizaci\u00f3n sin fines de lucro ha trabajado incansablemente para fortalecer los lazos familiares y comunitarios a trav\u00e9s de programas educativos, deportivos y culturales. Un [&hellip;]\" \/>\n<meta property=\"og:url\" content=\"https:\/\/somos-hermanos.mx\/index.php\/2025\/08\/03\/fundacion-educativa-san-jose-abp-sembrando-el-cambio-en-las-comunidades\/\" \/>\n<meta property=\"og:site_name\" content=\"Historias que inspiran...\" \/>\n<meta property=\"article:publisher\" content=\"https:\/\/www.facebook.com\/SomosHermanosIAP\/\" \/>\n<meta property=\"article:published_time\" content=\"2025-08-04T03:40:57+00:00\" \/>\n<meta property=\"article:modified_time\" content=\"2025-08-04T03:41:10+00:00\" \/>\n<meta property=\"og:image\" content=\"https:\/\/somos-hermanos.mx\/wp-content\/uploads\/2025\/08\/adu.jpeg\" \/>\n\t<meta property=\"og:image:width\" content=\"960\" \/>\n\t<meta property=\"og:image:height\" content=\"720\" \/>\n\t<meta property=\"og:image:type\" content=\"image\/jpeg\" \/>\n<meta name=\"author\" content=\"Miguel Riestra P\u00e9rez\" \/>\n<meta name=\"twitter:card\" content=\"summary_large_image\" \/>\n<meta name=\"twitter:creator\" content=\"@Somos__Hermanos\" \/>\n<meta name=\"twitter:site\" content=\"@Somos__Hermanos\" \/>\n<meta name=\"twitter:label1\" content=\"Escrito por\" \/>\n\t<meta name=\"twitter:data1\" content=\"Miguel Riestra P\u00e9rez\" \/>\n\t<meta name=\"twitter:label2\" content=\"Tiempo de lectura\" \/>\n\t<meta name=\"twitter:data2\" content=\"2 minutos\" \/>\n<script type=\"application\/ld+json\" class=\"yoast-schema-graph\">{\"@context\":\"https:\\\/\\\/schema.org\",\"@graph\":[{\"@type\":\"Article\",\"@id\":\"https:\\\/\\\/somos-hermanos.mx\\\/index.php\\\/2025\\\/08\\\/03\\\/fundacion-educativa-san-jose-abp-sembrando-el-cambio-en-las-comunidades\\\/#article\",\"isPartOf\":{\"@id\":\"https:\\\/\\\/somos-hermanos.mx\\\/index.php\\\/2025\\\/08\\\/03\\\/fundacion-educativa-san-jose-abp-sembrando-el-cambio-en-las-comunidades\\\/\"},\"author\":{\"name\":\"Miguel Riestra P\u00e9rez\",\"@id\":\"https:\\\/\\\/somos-hermanos.mx\\\/#\\\/schema\\\/person\\\/1e925550f6b28edafdbf7e36bf8b90c9\"},\"headline\":\"Fundaci\u00f3n Educativa San Jos\u00e9 ABP: Sembrando el cambio en las comunidades\",\"datePublished\":\"2025-08-04T03:40:57+00:00\",\"dateModified\":\"2025-08-04T03:41:10+00:00\",\"mainEntityOfPage\":{\"@id\":\"https:\\\/\\\/somos-hermanos.mx\\\/index.php\\\/2025\\\/08\\\/03\\\/fundacion-educativa-san-jose-abp-sembrando-el-cambio-en-las-comunidades\\\/\"},\"wordCount\":384,\"commentCount\":0,\"publisher\":{\"@id\":\"https:\\\/\\\/somos-hermanos.mx\\\/#organization\"},\"image\":{\"@id\":\"https:\\\/\\\/somos-hermanos.mx\\\/index.php\\\/2025\\\/08\\\/03\\\/fundacion-educativa-san-jose-abp-sembrando-el-cambio-en-las-comunidades\\\/#primaryimage\"},\"thumbnailUrl\":\"https:\\\/\\\/somos-hermanos.mx\\\/wp-content\\\/uploads\\\/2025\\\/08\\\/adu.jpeg\",\"articleSection\":[\"Noticias\"],\"inLanguage\":\"es\",\"potentialAction\":[{\"@type\":\"CommentAction\",\"name\":\"Comment\",\"target\":[\"https:\\\/\\\/somos-hermanos.mx\\\/index.php\\\/2025\\\/08\\\/03\\\/fundacion-educativa-san-jose-abp-sembrando-el-cambio-en-las-comunidades\\\/#respond\"]}]},{\"@type\":\"WebPage\",\"@id\":\"https:\\\/\\\/somos-hermanos.mx\\\/index.php\\\/2025\\\/08\\\/03\\\/fundacion-educativa-san-jose-abp-sembrando-el-cambio-en-las-comunidades\\\/\",\"url\":\"https:\\\/\\\/somos-hermanos.mx\\\/index.php\\\/2025\\\/08\\\/03\\\/fundacion-educativa-san-jose-abp-sembrando-el-cambio-en-las-comunidades\\\/\",\"name\":\"Fundaci\u00f3n Educativa San Jos\u00e9 ABP: Sembrando el cambio en las comunidades - Historias que inspiran...\",\"isPartOf\":{\"@id\":\"https:\\\/\\\/somos-hermanos.mx\\\/#website\"},\"primaryImageOfPage\":{\"@id\":\"https:\\\/\\\/somos-hermanos.mx\\\/index.php\\\/2025\\\/08\\\/03\\\/fundacion-educativa-san-jose-abp-sembrando-el-cambio-en-las-comunidades\\\/#primaryimage\"},\"image\":{\"@id\":\"https:\\\/\\\/somos-hermanos.mx\\\/index.php\\\/2025\\\/08\\\/03\\\/fundacion-educativa-san-jose-abp-sembrando-el-cambio-en-las-comunidades\\\/#primaryimage\"},\"thumbnailUrl\":\"https:\\\/\\\/somos-hermanos.mx\\\/wp-content\\\/uploads\\\/2025\\\/08\\\/adu.jpeg\",\"datePublished\":\"2025-08-04T03:40:57+00:00\",\"dateModified\":\"2025-08-04T03:41:10+00:00\",\"breadcrumb\":{\"@id\":\"https:\\\/\\\/somos-hermanos.mx\\\/index.php\\\/2025\\\/08\\\/03\\\/fundacion-educativa-san-jose-abp-sembrando-el-cambio-en-las-comunidades\\\/#breadcrumb\"},\"inLanguage\":\"es\",\"potentialAction\":[{\"@type\":\"ReadAction\",\"target\":[\"https:\\\/\\\/somos-hermanos.mx\\\/index.php\\\/2025\\\/08\\\/03\\\/fundacion-educativa-san-jose-abp-sembrando-el-cambio-en-las-comunidades\\\/\"]}]},{\"@type\":\"ImageObject\",\"inLanguage\":\"es\",\"@id\":\"https:\\\/\\\/somos-hermanos.mx\\\/index.php\\\/2025\\\/08\\\/03\\\/fundacion-educativa-san-jose-abp-sembrando-el-cambio-en-las-comunidades\\\/#primaryimage\",\"url\":\"https:\\\/\\\/somos-hermanos.mx\\\/wp-content\\\/uploads\\\/2025\\\/08\\\/adu.jpeg\",\"contentUrl\":\"https:\\\/\\\/somos-hermanos.mx\\\/wp-content\\\/uploads\\\/2025\\\/08\\\/adu.jpeg\",\"width\":960,\"height\":720},{\"@type\":\"BreadcrumbList\",\"@id\":\"https:\\\/\\\/somos-hermanos.mx\\\/index.php\\\/2025\\\/08\\\/03\\\/fundacion-educativa-san-jose-abp-sembrando-el-cambio-en-las-comunidades\\\/#breadcrumb\",\"itemListElement\":[{\"@type\":\"ListItem\",\"position\":1,\"name\":\"Inicio\",\"item\":\"https:\\\/\\\/somos-hermanos.mx\\\/\"},{\"@type\":\"ListItem\",\"position\":2,\"name\":\"Fundaci\u00f3n Educativa San Jos\u00e9 ABP: Sembrando el cambio en las comunidades\"}]},{\"@type\":\"WebSite\",\"@id\":\"https:\\\/\\\/somos-hermanos.mx\\\/#website\",\"url\":\"https:\\\/\\\/somos-hermanos.mx\\\/\",\"name\":\"Historias que inspiran...\",\"description\":\"Somos la voz del altruismo en M\u00e9xico\",\"publisher\":{\"@id\":\"https:\\\/\\\/somos-hermanos.mx\\\/#organization\"},\"potentialAction\":[{\"@type\":\"SearchAction\",\"target\":{\"@type\":\"EntryPoint\",\"urlTemplate\":\"https:\\\/\\\/somos-hermanos.mx\\\/?s={search_term_string}\"},\"query-input\":{\"@type\":\"PropertyValueSpecification\",\"valueRequired\":true,\"valueName\":\"search_term_string\"}}],\"inLanguage\":\"es\"},{\"@type\":\"Organization\",\"@id\":\"https:\\\/\\\/somos-hermanos.mx\\\/#organization\",\"name\":\"Somos Hermanos\",\"url\":\"https:\\\/\\\/somos-hermanos.mx\\\/\",\"logo\":{\"@type\":\"ImageObject\",\"inLanguage\":\"es\",\"@id\":\"https:\\\/\\\/somos-hermanos.mx\\\/#\\\/schema\\\/logo\\\/image\\\/\",\"url\":\"https:\\\/\\\/somos-hermanos.mx\\\/wp-content\\\/uploads\\\/2025\\\/08\\\/SH30-1.jpeg\",\"contentUrl\":\"https:\\\/\\\/somos-hermanos.mx\\\/wp-content\\\/uploads\\\/2025\\\/08\\\/SH30-1.jpeg\",\"width\":1600,\"height\":1142,\"caption\":\"Somos Hermanos\"},\"image\":{\"@id\":\"https:\\\/\\\/somos-hermanos.mx\\\/#\\\/schema\\\/logo\\\/image\\\/\"},\"sameAs\":[\"https:\\\/\\\/www.facebook.com\\\/SomosHermanosIAP\\\/\",\"https:\\\/\\\/x.com\\\/Somos__Hermanos\",\"https:\\\/\\\/www.instagram.com\\\/somos__hermanos\\\/#\",\"https:\\\/\\\/www.tiktok.com\\\/@somoshermanosiap\",\"https:\\\/\\\/www.youtube.com\\\/@somoshermanosiap1201\\\/videos\"]},{\"@type\":\"Person\",\"@id\":\"https:\\\/\\\/somos-hermanos.mx\\\/#\\\/schema\\\/person\\\/1e925550f6b28edafdbf7e36bf8b90c9\",\"name\":\"Miguel Riestra P\u00e9rez\",\"image\":{\"@type\":\"ImageObject\",\"inLanguage\":\"es\",\"@id\":\"https:\\\/\\\/secure.gravatar.com\\\/avatar\\\/d46497e241a78e642ea099b6acbfb6199a867f0d3fdb39c05f5d0c47f490e0d6?s=96&d=mm&r=g\",\"url\":\"https:\\\/\\\/secure.gravatar.com\\\/avatar\\\/d46497e241a78e642ea099b6acbfb6199a867f0d3fdb39c05f5d0c47f490e0d6?s=96&d=mm&r=g\",\"contentUrl\":\"https:\\\/\\\/secure.gravatar.com\\\/avatar\\\/d46497e241a78e642ea099b6acbfb6199a867f0d3fdb39c05f5d0c47f490e0d6?s=96&d=mm&r=g\",\"caption\":\"Miguel Riestra P\u00e9rez\"},\"url\":\"https:\\\/\\\/somos-hermanos.mx\\\/index.php\\\/author\\\/miguel-riestra-perez\\\/\"}]}<\/script>\n<!-- \/ Yoast SEO plugin. -->","yoast_head_json":{"title":"Fundaci\u00f3n Educativa San Jos\u00e9 ABP: Sembrando el cambio en las comunidades - Historias que inspiran...","robots":{"index":"index","follow":"follow","max-snippet":"max-snippet:-1","max-image-preview":"max-image-preview:large","max-video-preview":"max-video-preview:-1"},"canonical":"https:\/\/somos-hermanos.mx\/index.php\/2025\/08\/03\/fundacion-educativa-san-jose-abp-sembrando-el-cambio-en-las-comunidades\/","og_locale":"es_MX","og_type":"article","og_title":"Fundaci\u00f3n Educativa San Jos\u00e9 ABP: Sembrando el cambio en las comunidades - Historias que inspiran...","og_description":"La Fundaci\u00f3n Educativa San Jos\u00e9 ABP (FESJ) se ha consolidado como un pilar fundamental en el desarrollo de las comunidades m\u00e1s vulnerables de la regi\u00f3n. Desde su fundaci\u00f3n en 2007, esta organizaci\u00f3n sin fines de lucro ha trabajado incansablemente para fortalecer los lazos familiares y comunitarios a trav\u00e9s de programas educativos, deportivos y culturales. Un [&hellip;]","og_url":"https:\/\/somos-hermanos.mx\/index.php\/2025\/08\/03\/fundacion-educativa-san-jose-abp-sembrando-el-cambio-en-las-comunidades\/","og_site_name":"Historias que inspiran...","article_publisher":"https:\/\/www.facebook.com\/SomosHermanosIAP\/","article_published_time":"2025-08-04T03:40:57+00:00","article_modified_time":"2025-08-04T03:41:10+00:00","og_image":[{"width":960,"height":720,"url":"https:\/\/somos-hermanos.mx\/wp-content\/uploads\/2025\/08\/adu.jpeg","type":"image\/jpeg"}],"author":"Miguel Riestra P\u00e9rez","twitter_card":"summary_large_image","twitter_creator":"@Somos__Hermanos","twitter_site":"@Somos__Hermanos","twitter_misc":{"Escrito por":"Miguel Riestra P\u00e9rez","Tiempo de lectura":"2 minutos"},"schema":{"@context":"https:\/\/schema.org","@graph":[{"@type":"Article","@id":"https:\/\/somos-hermanos.mx\/index.php\/2025\/08\/03\/fundacion-educativa-san-jose-abp-sembrando-el-cambio-en-las-comunidades\/#article","isPartOf":{"@id":"https:\/\/somos-hermanos.mx\/index.php\/2025\/08\/03\/fundacion-educativa-san-jose-abp-sembrando-el-cambio-en-las-comunidades\/"},"author":{"name":"Miguel Riestra P\u00e9rez","@id":"https:\/\/somos-hermanos.mx\/#\/schema\/person\/1e925550f6b28edafdbf7e36bf8b90c9"},"headline":"Fundaci\u00f3n Educativa San Jos\u00e9 ABP: Sembrando el cambio en las comunidades","datePublished":"2025-08-04T03:40:57+00:00","dateModified":"2025-08-04T03:41:10+00:00","mainEntityOfPage":{"@id":"https:\/\/somos-hermanos.mx\/index.php\/2025\/08\/03\/fundacion-educativa-san-jose-abp-sembrando-el-cambio-en-las-comunidades\/"},"wordCount":384,"commentCount":0,"publisher":{"@id":"https:\/\/somos-hermanos.mx\/#organization"},"image":{"@id":"https:\/\/somos-hermanos.mx\/index.php\/2025\/08\/03\/fundacion-educativa-san-jose-abp-sembrando-el-cambio-en-las-comunidades\/#primaryimage"},"thumbnailUrl":"https:\/\/somos-hermanos.mx\/wp-content\/uploads\/2025\/08\/adu.jpeg","articleSection":["Noticias"],"inLanguage":"es","potentialAction":[{"@type":"CommentAction","name":"Comment","target":["https:\/\/somos-hermanos.mx\/index.php\/2025\/08\/03\/fundacion-educativa-san-jose-abp-sembrando-el-cambio-en-las-comunidades\/#respond"]}]},{"@type":"WebPage","@id":"https:\/\/somos-hermanos.mx\/index.php\/2025\/08\/03\/fundacion-educativa-san-jose-abp-sembrando-el-cambio-en-las-comunidades\/","url":"https:\/\/somos-hermanos.mx\/index.php\/2025\/08\/03\/fundacion-educativa-san-jose-abp-sembrando-el-cambio-en-las-comunidades\/","name":"Fundaci\u00f3n Educativa San Jos\u00e9 ABP: Sembrando el cambio en las comunidades - Historias que inspiran...","isPartOf":{"@id":"https:\/\/somos-hermanos.mx\/#website"},"primaryImageOfPage":{"@id":"https:\/\/somos-hermanos.mx\/index.php\/2025\/08\/03\/fundacion-educativa-san-jose-abp-sembrando-el-cambio-en-las-comunidades\/#primaryimage"},"image":{"@id":"https:\/\/somos-hermanos.mx\/index.php\/2025\/08\/03\/fundacion-educativa-san-jose-abp-sembrando-el-cambio-en-las-comunidades\/#primaryimage"},"thumbnailUrl":"https:\/\/somos-hermanos.mx\/wp-content\/uploads\/2025\/08\/adu.jpeg","datePublished":"2025-08-04T03:40:57+00:00","dateModified":"2025-08-04T03:41:10+00:00","breadcrumb":{"@id":"https:\/\/somos-hermanos.mx\/index.php\/2025\/08\/03\/fundacion-educativa-san-jose-abp-sembrando-el-cambio-en-las-comunidades\/#breadcrumb"},"inLanguage":"es","potentialAction":[{"@type":"ReadAction","target":["https:\/\/somos-hermanos.mx\/index.php\/2025\/08\/03\/fundacion-educativa-san-jose-abp-sembrando-el-cambio-en-las-comunidades\/"]}]},{"@type":"ImageObject","inLanguage":"es","@id":"https:\/\/somos-hermanos.mx\/index.php\/2025\/08\/03\/fundacion-educativa-san-jose-abp-sembrando-el-cambio-en-las-comunidades\/#primaryimage","url":"https:\/\/somos-hermanos.mx\/wp-content\/uploads\/2025\/08\/adu.jpeg","contentUrl":"https:\/\/somos-hermanos.mx\/wp-content\/uploads\/2025\/08\/adu.jpeg","width":960,"height":720},{"@type":"BreadcrumbList","@id":"https:\/\/somos-hermanos.mx\/index.php\/2025\/08\/03\/fundacion-educativa-san-jose-abp-sembrando-el-cambio-en-las-comunidades\/#breadcrumb","itemListElement":[{"@type":"ListItem","position":1,"name":"Inicio","item":"https:\/\/somos-hermanos.mx\/"},{"@type":"ListItem","position":2,"name":"Fundaci\u00f3n Educativa San Jos\u00e9 ABP: Sembrando el cambio en las comunidades"}]},{"@type":"WebSite","@id":"https:\/\/somos-hermanos.mx\/#website","url":"https:\/\/somos-hermanos.mx\/","name":"Historias que inspiran...","description":"Somos la voz del altruismo en M\u00e9xico","publisher":{"@id":"https:\/\/somos-hermanos.mx\/#organization"},"potentialAction":[{"@type":"SearchAction","target":{"@type":"EntryPoint","urlTemplate":"https:\/\/somos-hermanos.mx\/?s={search_term_string}"},"query-input":{"@type":"PropertyValueSpecification","valueRequired":true,"valueName":"search_term_string"}}],"inLanguage":"es"},{"@type":"Organization","@id":"https:\/\/somos-hermanos.mx\/#organization","name":"Somos Hermanos","url":"https:\/\/somos-hermanos.mx\/","logo":{"@type":"ImageObject","inLanguage":"es","@id":"https:\/\/somos-hermanos.mx\/#\/schema\/logo\/image\/","url":"https:\/\/somos-hermanos.mx\/wp-content\/uploads\/2025\/08\/SH30-1.jpeg","contentUrl":"https:\/\/somos-hermanos.mx\/wp-content\/uploads\/2025\/08\/SH30-1.jpeg","width":1600,"height":1142,"caption":"Somos Hermanos"},"image":{"@id":"https:\/\/somos-hermanos.mx\/#\/schema\/logo\/image\/"},"sameAs":["https:\/\/www.facebook.com\/SomosHermanosIAP\/","https:\/\/x.com\/Somos__Hermanos","https:\/\/www.instagram.com\/somos__hermanos\/#","https:\/\/www.tiktok.com\/@somoshermanosiap","https:\/\/www.youtube.com\/@somoshermanosiap1201\/videos"]},{"@type":"Person","@id":"https:\/\/somos-hermanos.mx\/#\/schema\/person\/1e925550f6b28edafdbf7e36bf8b90c9","name":"Miguel Riestra P\u00e9rez","image":{"@type":"ImageObject","inLanguage":"es","@id":"https:\/\/secure.gravatar.com\/avatar\/d46497e241a78e642ea099b6acbfb6199a867f0d3fdb39c05f5d0c47f490e0d6?s=96&d=mm&r=g","url":"https:\/\/secure.gravatar.com\/avatar\/d46497e241a78e642ea099b6acbfb6199a867f0d3fdb39c05f5d0c47f490e0d6?s=96&d=mm&r=g","contentUrl":"https:\/\/secure.gravatar.com\/avatar\/d46497e241a78e642ea099b6acbfb6199a867f0d3fdb39c05f5d0c47f490e0d6?s=96&d=mm&r=g","caption":"Miguel Riestra P\u00e9rez"},"url":"https:\/\/somos-hermanos.mx\/index.php\/author\/miguel-riestra-perez\/"}]}},"_links":{"self":[{"href":"https:\/\/somos-hermanos.mx\/index.php\/wp-json\/wp\/v2\/posts\/308","targetHints":{"allow":["GET"]}}],"collection":[{"href":"https:\/\/somos-hermanos.mx\/index.php\/wp-json\/wp\/v2\/posts"}],"about":[{"href":"https:\/\/somos-hermanos.mx\/index.php\/wp-json\/wp\/v2\/types\/post"}],"author":[{"embeddable":true,"href":"https:\/\/somos-hermanos.mx\/index.php\/wp-json\/wp\/v2\/users\/9"}],"replies":[{"embeddable":true,"href":"https:\/\/somos-hermanos.mx\/index.php\/wp-json\/wp\/v2\/comments?post=308"}],"version-history":[{"count":1,"href":"https:\/\/somos-hermanos.mx\/index.php\/wp-json\/wp\/v2\/posts\/308\/revisions"}],"predecessor-version":[{"id":310,"href":"https:\/\/somos-hermanos.mx\/index.php\/wp-json\/wp\/v2\/posts\/308\/revisions\/310"}],"wp:featuredmedia":[{"embeddable":true,"href":"https:\/\/somos-hermanos.mx\/index.php\/wp-json\/wp\/v2\/media\/309"}],"wp:attachment":[{"href":"https:\/\/somos-hermanos.mx\/index.php\/wp-json\/wp\/v2\/media?parent=308"}],"wp:term":[{"taxonomy":"category","embeddable":true,"href":"https:\/\/somos-hermanos.mx\/index.php\/wp-json\/wp\/v2\/categories?post=308"},{"taxonomy":"post_tag","embeddable":true,"href":"https:\/\/somos-hermanos.mx\/index.php\/wp-json\/wp\/v2\/tags?post=308"}],"curies":[{"name":"wp","href":"https:\/\/api.w.org\/{rel}","templated":true}]}}