{"id":305,"date":"2025-08-03T21:32:33","date_gmt":"2025-08-04T03:32:33","guid":{"rendered":"https:\/\/somos-hermanos.mx\/?p=305"},"modified":"2025-08-03T21:32:33","modified_gmt":"2025-08-04T03:32:33","slug":"caritas-apuesta-por-los-migrantes-y-trasciende-las-fronteras-cultura-e-idioma","status":"publish","type":"post","link":"https:\/\/somos-hermanos.mx\/index.php\/2025\/08\/03\/caritas-apuesta-por-los-migrantes-y-trasciende-las-fronteras-cultura-e-idioma\/","title":{"rendered":"C\u00e1ritas apuesta por los migrantes y trasciende las fronteras, cultura e idioma"},"content":{"rendered":"<p>Los colaboradores de la <strong>Casa para Migrantes de C\u00e1ritas<\/strong>, durante una entrevista meses atr\u00e1s, hablaron sobre la gran labor que realiza <strong>C\u00e1ritas, Arquidi\u00f3cesis de M\u00e9xico IAP<\/strong>\u00a0con el apoyo a los migrantes, una <strong>Casa <\/strong>que naci\u00f3 recientemente en<strong>\u00a0agosto de 2020<\/strong>.<\/p>\n<p>La Casa en un principio fue pensada para abrigar a <strong>mujeres migrantes con sus hijos,<\/strong>\u00a0quienes se encontraban en situaciones vulnerables y ped\u00edan refugio para ellas y para sus hijos e hijas. Sin embargo, con el paso de los a\u00f1os y debido a la mayor necesidad de ayuda, la Casa para Migrantes ha ido ampli\u00e1ndose para poder alcanzar a m\u00e1s personas que lo necesitan y adapt\u00e1ndose a sus necesidades.<\/p>\n<p>C\u00e1ritas Mexicana fue fundada en <strong>1973<\/strong>, pero desde<strong>\u00a01979 a 1995<\/strong>\u00a0fue considerada como un <strong>\u00e1rea de asistencia social y emergencias.<\/strong>\u00a0En 1997 se modifica su estatuto jur\u00eddico, constituy\u00e9ndola como Instituci\u00f3n de Asistencia Privada (<strong>I.A.P<\/strong>.), actualmente, <strong>existen 62 C\u00e1ritas diocesanas, presentes en 30 estados de la Rep\u00fablica.<\/strong><\/p>\n<p>Las <strong>necesidades del migrante <\/strong>han cambiado con el paso del tiempo y por las diversas situaciones sociales y pol\u00edticas en M\u00e9xico y el mundo, por lo que, se vuelve una problem\u00e1tica m\u00e1s compleja; debido a esto, C\u00e1ritas Ciudad de M\u00e9xico, a trav\u00e9s de Casa para Migrantes ha ido previendo las dificultades y necesidades para lograr adaptarse a las nuevas situaciones que se viven.<\/p>\n<p>Esta Instituci\u00f3n ha estado <strong>recibiendo a migrantes internacionales y nacionales,<\/strong>\u00a0reconociendo que se encuentran en situaciones de <strong>vulnerabilidad y necesidad<\/strong>. Dentro de la Casa de asistencia se brinda a las personas una <strong>asistencia social completa<\/strong>, lo que diferencia a esta Casa de las dem\u00e1s organizaciones es que, de acuerdo con palabras de <strong>Eliud Ocampo,<\/strong>\u00a0<strong>parte del equipo operativo<\/strong>\u00a0de la Casa de asistencia, tratan de suplir todo tipo de necesidades de las personas que buscan refugio, <strong>desde apoyo m\u00e9dico, psicol\u00f3gico, alojamiento, alimentaci\u00f3n diaria, un espacio seguro para descansar, actividades recreativas para lograr relajarse en medio del estr\u00e9s de su situaci\u00f3n<\/strong>, lo cual conlleva un gran proceso de trabajo en el que todos participan para lograr una ayuda completa.<\/p>\n<p>Para lograr la subsistencia del lugar, los coordinadores cuentan durante la entrevista que,<strong>\u00a0se encuentran divididos por \u00e1reas para poder lograr cubrir cada necesidad, <\/strong>un \u00e1rea interna y la operativa. Adem\u00e1s, cuentan con el apoyo de otras organizaciones e instituciones, este tipo de organizaci\u00f3n dentro de la Casa para Migrantes se presta para lograr la calidad de los servicios que brindan por encima de la cantidad.<\/p>\n<p><strong>Flor Ponce<\/strong>, <strong>encargada del \u00e1rea social<\/strong>, asegura que una de las adversidades que han enfrentado dentro de la<strong><u>\u00a0<\/u><\/strong>Casa para los Migrantes, ha sido el idioma de las personas que vienen de diferentes lugares a refugiarse. Ha sido un reto lograr la comunicaci\u00f3n con distintos idiomas con los cuales tienen contacto, as\u00ed como el choque cultural. <strong>La din\u00e1mica de integraci\u00f3n que imparte los trabajadores de la Casa, ha sido pieza clave para lograr la buena convivencia dentro de este lugar. <\/strong><\/p>\n<p><strong>Edith Salgado<\/strong>, <strong>coordinadora de la <\/strong>Casa para Migrantes, cuenta que uno de los servicios que m\u00e1s se ocupa para brindar a los migrantes y tambi\u00e9n uno de los retos con los que se enfrentan es el tema de la <strong>salud mental de los inmigrantes,<\/strong>\u00a0ya que, cada una de las personas en movilidad tienen diferentes motivos de movilidad, ya sean <strong>pol\u00edticos, b\u00e9licos o econ\u00f3micos, as\u00ed como temas de violencia<\/strong>\u00a0que los han hecho salir de lugar de origen en busca de un futuro mejor.<\/p>\n<p>Por otro lado, C\u00e1ritas Arquidi\u00f3cesis de M\u00e9xico (CDMX)<strong>\u00a0<\/strong>es una <strong>Instituci\u00f3n de Asistencia Privada<\/strong>\u00a0que atiende diversas <strong>necesidades de los sectores m\u00e1s vulnerables<\/strong>\u00a0dentro de la Ciudad de M\u00e9xico. C\u00e1ritas dedica su trabajo a <strong>donar despensas y alimentos, productos de higiene personal, ropa, calzado, aparatos ortop\u00e9dicos, sillas de ruedas, muebles y enseres dom\u00e9sticos, <\/strong>pero no es todo, sino que c<strong>uenta con un gran apoyo hacia los migrantes nacionales e internacionales.<\/strong>\u00a0Actualmente, trabaja en conjunto y con la misma visi\u00f3n, con <strong>diversas C\u00e1ritas de varios estados de la Rep\u00fablica para lograr ayudar a m\u00e1s personas. <\/strong><\/p>\n<p><strong>Personas vulnerables, adultos mayores, personas en situaci\u00f3n de calle y migrantes<\/strong>, son las personas de la sociedad a las que atienden. Su ayuda es amplia, y gracias al apoyo de otras organizaciones e instituciones, han podido <strong>asistir a muchas personas con necesidad. <\/strong>Los coordinadores que han estado trabajando directamente con los migrantes, afirmaron las diversas historias dentro de la Casa para Migrantes, <strong>mujeres con hijos, refugiadas en la Ciudad de M\u00e9xico por amenazas de pandillas <\/strong>en sus pa\u00edses de origen como <strong>Honduras<\/strong>, las cuales no tuvieron un proceso f\u00e1cil en ning\u00fan aspecto, pero<strong>\u00a0gracias a la contenci\u00f3n de parte de los trabajadores y voluntariado de <\/strong>C\u00e1ritas CDMX, lograron salir adelante y algunos ya pueden residir en pa\u00edses como <strong>Canad\u00e1<\/strong>.<\/p>\n<p><strong>Edith Salgado,<\/strong>\u00a0platic\u00f3 un poco sobre las grandes necesidades y los grandes retos a los que se han enfrentado, pues <strong>no ha sido f\u00e1cil tratar de entender las adversidades a las que se enfrentan los inmigrantes de todos lados<\/strong>. Historias diferentes, lejan\u00eda de sus seres queridos, amenazas y entre otras situaciones, en las cuales ellos <strong>han estado presentes como equipo, haciendo una diferencia en la sociedad por los derechos de los migrantes<\/strong>. Como Casa, han formado una familia que va <strong>m\u00e1s all\u00e1 de las fronteras, de la cultura y del idioma. De acuerdo con Edith Salgado. <\/strong><\/p>\n<p>Tambi\u00e9n se habl\u00f3 de la <strong>calidad de vida que merece cada persona<\/strong>, en un mundo donde a los migrantes se les ve muchas veces como <strong>personas sin historia,<\/strong>\u00a0lo cual es completamente err\u00f3neo, ya que los <strong>coordinadores que trabajan directamente con estas personas,<\/strong>\u00a0aseguran que <strong>cada persona en movilidad tiene una historia desgarradora detr\u00e1s<\/strong>, historias que tienen qu\u00e9 contar al mundo para ser escuchados y hacer valer sus derechos. Los tres encargados de la Casa para Migrantes, hicieron un llamado a la poblaci\u00f3n de la Ciudad de M\u00e9xico, a forma de conclusi\u00f3n, para levantar la <strong>consciencia de las personas y que puedan involucrarse como voluntariado dentro de ella. <\/strong><\/p>\n<p>Gracias a la Casa para Migrantes de C\u00e1ritas Arquidi\u00f3cesis no solo las personas en movilidad han cambiado sus vidas y logrado un mejor futuro, sino que los que trabajan y colaboran dentro de este proyecto, han <strong>logrado llevarse muchas ense\u00f1anzas, permiti\u00e9ndoles crecer en todos los aspectos a trav\u00e9s de una problem\u00e1tica social tan grande como lo es el tema de la migraci\u00f3n en M\u00e9xico y tambi\u00e9n el mundo.<\/strong>\u00a0Lograr aportar su ayuda por los dem\u00e1s en situaciones de vulnerabilidad.<\/p>\n<p>En un contexto actual donde la <strong>migraci\u00f3n ha aumentado considerablemente<\/strong>\u00a0en el mundo, un <strong>fen\u00f3meno mundial impulsado por muchas fuerzas.<\/strong>\u00a0Con aspiraciones de <strong>dignidad, seguridad y paz.<\/strong>\u00a0La decisi\u00f3n de salir de su pa\u00eds es extrema, y con frecuencia un viaje peligroso que muchas <strong>veces termina en un final tr\u00e1gico<\/strong>. De acuerdo con la UNESCO, hizo preciso proclamar el <strong>18 de diciembre como el D\u00eda Internacional del Migrante<\/strong>.<\/p>\n","protected":false},"excerpt":{"rendered":"<p>Los colaboradores de la Casa para Migrantes de C\u00e1ritas, durante una entrevista meses atr\u00e1s, hablaron sobre la gran labor que realiza C\u00e1ritas, Arquidi\u00f3cesis de M\u00e9xico IAP\u00a0con el apoyo a los migrantes, una Casa que naci\u00f3 recientemente en\u00a0agosto de 2020. La Casa en un principio fue pensada para abrigar a mujeres migrantes con sus hijos,\u00a0quienes se [&hellip;]<\/p>\n","protected":false},"author":1,"featured_media":306,"comment_status":"open","ping_status":"closed","sticky":false,"template":"","format":"standard","meta":{"footnotes":""},"categories":[6],"tags":[],"class_list":["post-305","post","type-post","status-publish","format-standard","has-post-thumbnail","hentry","category-noticias"],"yoast_head":"<!-- This site is optimized with the Yoast SEO plugin v27.5 - https:\/\/yoast.com\/product\/yoast-seo-wordpress\/ -->\n<title>C\u00e1ritas apuesta por los migrantes y trasciende las fronteras, cultura e idioma - Historias que inspiran...<\/title>\n<meta name=\"robots\" content=\"index, follow, max-snippet:-1, max-image-preview:large, max-video-preview:-1\" \/>\n<link rel=\"canonical\" href=\"https:\/\/somos-hermanos.mx\/index.php\/2025\/08\/03\/caritas-apuesta-por-los-migrantes-y-trasciende-las-fronteras-cultura-e-idioma\/\" \/>\n<meta property=\"og:locale\" content=\"es_MX\" \/>\n<meta property=\"og:type\" content=\"article\" \/>\n<meta property=\"og:title\" content=\"C\u00e1ritas apuesta por los migrantes y trasciende las fronteras, cultura e idioma - Historias que inspiran...\" \/>\n<meta property=\"og:description\" content=\"Los colaboradores de la Casa para Migrantes de C\u00e1ritas, durante una entrevista meses atr\u00e1s, hablaron sobre la gran labor que realiza C\u00e1ritas, Arquidi\u00f3cesis de M\u00e9xico IAP\u00a0con el apoyo a los migrantes, una Casa que naci\u00f3 recientemente en\u00a0agosto de 2020. La Casa en un principio fue pensada para abrigar a mujeres migrantes con sus hijos,\u00a0quienes se [&hellip;]\" \/>\n<meta property=\"og:url\" content=\"https:\/\/somos-hermanos.mx\/index.php\/2025\/08\/03\/caritas-apuesta-por-los-migrantes-y-trasciende-las-fronteras-cultura-e-idioma\/\" \/>\n<meta property=\"og:site_name\" content=\"Historias que inspiran...\" \/>\n<meta property=\"article:publisher\" content=\"https:\/\/www.facebook.com\/SomosHermanosIAP\/\" \/>\n<meta property=\"article:published_time\" content=\"2025-08-04T03:32:33+00:00\" \/>\n<meta property=\"og:image\" content=\"https:\/\/somos-hermanos.mx\/wp-content\/uploads\/2025\/08\/carit2.jpeg\" \/>\n\t<meta property=\"og:image:width\" content=\"1600\" \/>\n\t<meta property=\"og:image:height\" content=\"1067\" \/>\n\t<meta property=\"og:image:type\" content=\"image\/jpeg\" \/>\n<meta name=\"author\" content=\"admin\" \/>\n<meta name=\"twitter:card\" content=\"summary_large_image\" \/>\n<meta name=\"twitter:creator\" content=\"@Somos__Hermanos\" \/>\n<meta name=\"twitter:site\" content=\"@Somos__Hermanos\" \/>\n<meta name=\"twitter:label1\" content=\"Escrito por\" \/>\n\t<meta name=\"twitter:data1\" content=\"admin\" \/>\n\t<meta name=\"twitter:label2\" content=\"Tiempo de lectura\" \/>\n\t<meta name=\"twitter:data2\" content=\"6 minutos\" \/>\n<script type=\"application\/ld+json\" class=\"yoast-schema-graph\">{\"@context\":\"https:\\\/\\\/schema.org\",\"@graph\":[{\"@type\":\"Article\",\"@id\":\"https:\\\/\\\/somos-hermanos.mx\\\/index.php\\\/2025\\\/08\\\/03\\\/caritas-apuesta-por-los-migrantes-y-trasciende-las-fronteras-cultura-e-idioma\\\/#article\",\"isPartOf\":{\"@id\":\"https:\\\/\\\/somos-hermanos.mx\\\/index.php\\\/2025\\\/08\\\/03\\\/caritas-apuesta-por-los-migrantes-y-trasciende-las-fronteras-cultura-e-idioma\\\/\"},\"author\":{\"name\":\"admin\",\"@id\":\"https:\\\/\\\/somos-hermanos.mx\\\/#\\\/schema\\\/person\\\/9fe9ba4e4bbbe9358e35011f4de4f3e3\"},\"headline\":\"C\u00e1ritas apuesta por los migrantes y trasciende las fronteras, cultura e idioma\",\"datePublished\":\"2025-08-04T03:32:33+00:00\",\"mainEntityOfPage\":{\"@id\":\"https:\\\/\\\/somos-hermanos.mx\\\/index.php\\\/2025\\\/08\\\/03\\\/caritas-apuesta-por-los-migrantes-y-trasciende-las-fronteras-cultura-e-idioma\\\/\"},\"wordCount\":1225,\"commentCount\":0,\"publisher\":{\"@id\":\"https:\\\/\\\/somos-hermanos.mx\\\/#organization\"},\"image\":{\"@id\":\"https:\\\/\\\/somos-hermanos.mx\\\/index.php\\\/2025\\\/08\\\/03\\\/caritas-apuesta-por-los-migrantes-y-trasciende-las-fronteras-cultura-e-idioma\\\/#primaryimage\"},\"thumbnailUrl\":\"https:\\\/\\\/somos-hermanos.mx\\\/wp-content\\\/uploads\\\/2025\\\/08\\\/carit2.jpeg\",\"articleSection\":[\"Noticias\"],\"inLanguage\":\"es\",\"potentialAction\":[{\"@type\":\"CommentAction\",\"name\":\"Comment\",\"target\":[\"https:\\\/\\\/somos-hermanos.mx\\\/index.php\\\/2025\\\/08\\\/03\\\/caritas-apuesta-por-los-migrantes-y-trasciende-las-fronteras-cultura-e-idioma\\\/#respond\"]}]},{\"@type\":\"WebPage\",\"@id\":\"https:\\\/\\\/somos-hermanos.mx\\\/index.php\\\/2025\\\/08\\\/03\\\/caritas-apuesta-por-los-migrantes-y-trasciende-las-fronteras-cultura-e-idioma\\\/\",\"url\":\"https:\\\/\\\/somos-hermanos.mx\\\/index.php\\\/2025\\\/08\\\/03\\\/caritas-apuesta-por-los-migrantes-y-trasciende-las-fronteras-cultura-e-idioma\\\/\",\"name\":\"C\u00e1ritas apuesta por los migrantes y trasciende las fronteras, cultura e idioma - Historias que inspiran...\",\"isPartOf\":{\"@id\":\"https:\\\/\\\/somos-hermanos.mx\\\/#website\"},\"primaryImageOfPage\":{\"@id\":\"https:\\\/\\\/somos-hermanos.mx\\\/index.php\\\/2025\\\/08\\\/03\\\/caritas-apuesta-por-los-migrantes-y-trasciende-las-fronteras-cultura-e-idioma\\\/#primaryimage\"},\"image\":{\"@id\":\"https:\\\/\\\/somos-hermanos.mx\\\/index.php\\\/2025\\\/08\\\/03\\\/caritas-apuesta-por-los-migrantes-y-trasciende-las-fronteras-cultura-e-idioma\\\/#primaryimage\"},\"thumbnailUrl\":\"https:\\\/\\\/somos-hermanos.mx\\\/wp-content\\\/uploads\\\/2025\\\/08\\\/carit2.jpeg\",\"datePublished\":\"2025-08-04T03:32:33+00:00\",\"breadcrumb\":{\"@id\":\"https:\\\/\\\/somos-hermanos.mx\\\/index.php\\\/2025\\\/08\\\/03\\\/caritas-apuesta-por-los-migrantes-y-trasciende-las-fronteras-cultura-e-idioma\\\/#breadcrumb\"},\"inLanguage\":\"es\",\"potentialAction\":[{\"@type\":\"ReadAction\",\"target\":[\"https:\\\/\\\/somos-hermanos.mx\\\/index.php\\\/2025\\\/08\\\/03\\\/caritas-apuesta-por-los-migrantes-y-trasciende-las-fronteras-cultura-e-idioma\\\/\"]}]},{\"@type\":\"ImageObject\",\"inLanguage\":\"es\",\"@id\":\"https:\\\/\\\/somos-hermanos.mx\\\/index.php\\\/2025\\\/08\\\/03\\\/caritas-apuesta-por-los-migrantes-y-trasciende-las-fronteras-cultura-e-idioma\\\/#primaryimage\",\"url\":\"https:\\\/\\\/somos-hermanos.mx\\\/wp-content\\\/uploads\\\/2025\\\/08\\\/carit2.jpeg\",\"contentUrl\":\"https:\\\/\\\/somos-hermanos.mx\\\/wp-content\\\/uploads\\\/2025\\\/08\\\/carit2.jpeg\",\"width\":1600,\"height\":1067},{\"@type\":\"BreadcrumbList\",\"@id\":\"https:\\\/\\\/somos-hermanos.mx\\\/index.php\\\/2025\\\/08\\\/03\\\/caritas-apuesta-por-los-migrantes-y-trasciende-las-fronteras-cultura-e-idioma\\\/#breadcrumb\",\"itemListElement\":[{\"@type\":\"ListItem\",\"position\":1,\"name\":\"Inicio\",\"item\":\"https:\\\/\\\/somos-hermanos.mx\\\/\"},{\"@type\":\"ListItem\",\"position\":2,\"name\":\"C\u00e1ritas apuesta por los migrantes y trasciende las fronteras, cultura e idioma\"}]},{\"@type\":\"WebSite\",\"@id\":\"https:\\\/\\\/somos-hermanos.mx\\\/#website\",\"url\":\"https:\\\/\\\/somos-hermanos.mx\\\/\",\"name\":\"Historias que inspiran...\",\"description\":\"Somos la voz del altruismo en M\u00e9xico\",\"publisher\":{\"@id\":\"https:\\\/\\\/somos-hermanos.mx\\\/#organization\"},\"potentialAction\":[{\"@type\":\"SearchAction\",\"target\":{\"@type\":\"EntryPoint\",\"urlTemplate\":\"https:\\\/\\\/somos-hermanos.mx\\\/?s={search_term_string}\"},\"query-input\":{\"@type\":\"PropertyValueSpecification\",\"valueRequired\":true,\"valueName\":\"search_term_string\"}}],\"inLanguage\":\"es\"},{\"@type\":\"Organization\",\"@id\":\"https:\\\/\\\/somos-hermanos.mx\\\/#organization\",\"name\":\"Somos Hermanos\",\"url\":\"https:\\\/\\\/somos-hermanos.mx\\\/\",\"logo\":{\"@type\":\"ImageObject\",\"inLanguage\":\"es\",\"@id\":\"https:\\\/\\\/somos-hermanos.mx\\\/#\\\/schema\\\/logo\\\/image\\\/\",\"url\":\"https:\\\/\\\/somos-hermanos.mx\\\/wp-content\\\/uploads\\\/2025\\\/08\\\/SH30-1.jpeg\",\"contentUrl\":\"https:\\\/\\\/somos-hermanos.mx\\\/wp-content\\\/uploads\\\/2025\\\/08\\\/SH30-1.jpeg\",\"width\":1600,\"height\":1142,\"caption\":\"Somos Hermanos\"},\"image\":{\"@id\":\"https:\\\/\\\/somos-hermanos.mx\\\/#\\\/schema\\\/logo\\\/image\\\/\"},\"sameAs\":[\"https:\\\/\\\/www.facebook.com\\\/SomosHermanosIAP\\\/\",\"https:\\\/\\\/x.com\\\/Somos__Hermanos\",\"https:\\\/\\\/www.instagram.com\\\/somos__hermanos\\\/#\",\"https:\\\/\\\/www.tiktok.com\\\/@somoshermanosiap\",\"https:\\\/\\\/www.youtube.com\\\/@somoshermanosiap1201\\\/videos\"]},{\"@type\":\"Person\",\"@id\":\"https:\\\/\\\/somos-hermanos.mx\\\/#\\\/schema\\\/person\\\/9fe9ba4e4bbbe9358e35011f4de4f3e3\",\"name\":\"admin\",\"image\":{\"@type\":\"ImageObject\",\"inLanguage\":\"es\",\"@id\":\"https:\\\/\\\/secure.gravatar.com\\\/avatar\\\/63083953aeebfe4d41070845dc295ef4321857ed1116a9f7a571fad8b014c83a?s=96&d=mm&r=g\",\"url\":\"https:\\\/\\\/secure.gravatar.com\\\/avatar\\\/63083953aeebfe4d41070845dc295ef4321857ed1116a9f7a571fad8b014c83a?s=96&d=mm&r=g\",\"contentUrl\":\"https:\\\/\\\/secure.gravatar.com\\\/avatar\\\/63083953aeebfe4d41070845dc295ef4321857ed1116a9f7a571fad8b014c83a?s=96&d=mm&r=g\",\"caption\":\"admin\"},\"sameAs\":[\"https:\\\/\\\/somos-hermanos.mx\"],\"url\":\"https:\\\/\\\/somos-hermanos.mx\\\/index.php\\\/author\\\/soyelhermano\\\/\"}]}<\/script>\n<!-- \/ Yoast SEO plugin. -->","yoast_head_json":{"title":"C\u00e1ritas apuesta por los migrantes y trasciende las fronteras, cultura e idioma - Historias que inspiran...","robots":{"index":"index","follow":"follow","max-snippet":"max-snippet:-1","max-image-preview":"max-image-preview:large","max-video-preview":"max-video-preview:-1"},"canonical":"https:\/\/somos-hermanos.mx\/index.php\/2025\/08\/03\/caritas-apuesta-por-los-migrantes-y-trasciende-las-fronteras-cultura-e-idioma\/","og_locale":"es_MX","og_type":"article","og_title":"C\u00e1ritas apuesta por los migrantes y trasciende las fronteras, cultura e idioma - Historias que inspiran...","og_description":"Los colaboradores de la Casa para Migrantes de C\u00e1ritas, durante una entrevista meses atr\u00e1s, hablaron sobre la gran labor que realiza C\u00e1ritas, Arquidi\u00f3cesis de M\u00e9xico IAP\u00a0con el apoyo a los migrantes, una Casa que naci\u00f3 recientemente en\u00a0agosto de 2020. La Casa en un principio fue pensada para abrigar a mujeres migrantes con sus hijos,\u00a0quienes se [&hellip;]","og_url":"https:\/\/somos-hermanos.mx\/index.php\/2025\/08\/03\/caritas-apuesta-por-los-migrantes-y-trasciende-las-fronteras-cultura-e-idioma\/","og_site_name":"Historias que inspiran...","article_publisher":"https:\/\/www.facebook.com\/SomosHermanosIAP\/","article_published_time":"2025-08-04T03:32:33+00:00","og_image":[{"width":1600,"height":1067,"url":"https:\/\/somos-hermanos.mx\/wp-content\/uploads\/2025\/08\/carit2.jpeg","type":"image\/jpeg"}],"author":"admin","twitter_card":"summary_large_image","twitter_creator":"@Somos__Hermanos","twitter_site":"@Somos__Hermanos","twitter_misc":{"Escrito por":"admin","Tiempo de lectura":"6 minutos"},"schema":{"@context":"https:\/\/schema.org","@graph":[{"@type":"Article","@id":"https:\/\/somos-hermanos.mx\/index.php\/2025\/08\/03\/caritas-apuesta-por-los-migrantes-y-trasciende-las-fronteras-cultura-e-idioma\/#article","isPartOf":{"@id":"https:\/\/somos-hermanos.mx\/index.php\/2025\/08\/03\/caritas-apuesta-por-los-migrantes-y-trasciende-las-fronteras-cultura-e-idioma\/"},"author":{"name":"admin","@id":"https:\/\/somos-hermanos.mx\/#\/schema\/person\/9fe9ba4e4bbbe9358e35011f4de4f3e3"},"headline":"C\u00e1ritas apuesta por los migrantes y trasciende las fronteras, cultura e idioma","datePublished":"2025-08-04T03:32:33+00:00","mainEntityOfPage":{"@id":"https:\/\/somos-hermanos.mx\/index.php\/2025\/08\/03\/caritas-apuesta-por-los-migrantes-y-trasciende-las-fronteras-cultura-e-idioma\/"},"wordCount":1225,"commentCount":0,"publisher":{"@id":"https:\/\/somos-hermanos.mx\/#organization"},"image":{"@id":"https:\/\/somos-hermanos.mx\/index.php\/2025\/08\/03\/caritas-apuesta-por-los-migrantes-y-trasciende-las-fronteras-cultura-e-idioma\/#primaryimage"},"thumbnailUrl":"https:\/\/somos-hermanos.mx\/wp-content\/uploads\/2025\/08\/carit2.jpeg","articleSection":["Noticias"],"inLanguage":"es","potentialAction":[{"@type":"CommentAction","name":"Comment","target":["https:\/\/somos-hermanos.mx\/index.php\/2025\/08\/03\/caritas-apuesta-por-los-migrantes-y-trasciende-las-fronteras-cultura-e-idioma\/#respond"]}]},{"@type":"WebPage","@id":"https:\/\/somos-hermanos.mx\/index.php\/2025\/08\/03\/caritas-apuesta-por-los-migrantes-y-trasciende-las-fronteras-cultura-e-idioma\/","url":"https:\/\/somos-hermanos.mx\/index.php\/2025\/08\/03\/caritas-apuesta-por-los-migrantes-y-trasciende-las-fronteras-cultura-e-idioma\/","name":"C\u00e1ritas apuesta por los migrantes y trasciende las fronteras, cultura e idioma - Historias que inspiran...","isPartOf":{"@id":"https:\/\/somos-hermanos.mx\/#website"},"primaryImageOfPage":{"@id":"https:\/\/somos-hermanos.mx\/index.php\/2025\/08\/03\/caritas-apuesta-por-los-migrantes-y-trasciende-las-fronteras-cultura-e-idioma\/#primaryimage"},"image":{"@id":"https:\/\/somos-hermanos.mx\/index.php\/2025\/08\/03\/caritas-apuesta-por-los-migrantes-y-trasciende-las-fronteras-cultura-e-idioma\/#primaryimage"},"thumbnailUrl":"https:\/\/somos-hermanos.mx\/wp-content\/uploads\/2025\/08\/carit2.jpeg","datePublished":"2025-08-04T03:32:33+00:00","breadcrumb":{"@id":"https:\/\/somos-hermanos.mx\/index.php\/2025\/08\/03\/caritas-apuesta-por-los-migrantes-y-trasciende-las-fronteras-cultura-e-idioma\/#breadcrumb"},"inLanguage":"es","potentialAction":[{"@type":"ReadAction","target":["https:\/\/somos-hermanos.mx\/index.php\/2025\/08\/03\/caritas-apuesta-por-los-migrantes-y-trasciende-las-fronteras-cultura-e-idioma\/"]}]},{"@type":"ImageObject","inLanguage":"es","@id":"https:\/\/somos-hermanos.mx\/index.php\/2025\/08\/03\/caritas-apuesta-por-los-migrantes-y-trasciende-las-fronteras-cultura-e-idioma\/#primaryimage","url":"https:\/\/somos-hermanos.mx\/wp-content\/uploads\/2025\/08\/carit2.jpeg","contentUrl":"https:\/\/somos-hermanos.mx\/wp-content\/uploads\/2025\/08\/carit2.jpeg","width":1600,"height":1067},{"@type":"BreadcrumbList","@id":"https:\/\/somos-hermanos.mx\/index.php\/2025\/08\/03\/caritas-apuesta-por-los-migrantes-y-trasciende-las-fronteras-cultura-e-idioma\/#breadcrumb","itemListElement":[{"@type":"ListItem","position":1,"name":"Inicio","item":"https:\/\/somos-hermanos.mx\/"},{"@type":"ListItem","position":2,"name":"C\u00e1ritas apuesta por los migrantes y trasciende las fronteras, cultura e idioma"}]},{"@type":"WebSite","@id":"https:\/\/somos-hermanos.mx\/#website","url":"https:\/\/somos-hermanos.mx\/","name":"Historias que inspiran...","description":"Somos la voz del altruismo en M\u00e9xico","publisher":{"@id":"https:\/\/somos-hermanos.mx\/#organization"},"potentialAction":[{"@type":"SearchAction","target":{"@type":"EntryPoint","urlTemplate":"https:\/\/somos-hermanos.mx\/?s={search_term_string}"},"query-input":{"@type":"PropertyValueSpecification","valueRequired":true,"valueName":"search_term_string"}}],"inLanguage":"es"},{"@type":"Organization","@id":"https:\/\/somos-hermanos.mx\/#organization","name":"Somos Hermanos","url":"https:\/\/somos-hermanos.mx\/","logo":{"@type":"ImageObject","inLanguage":"es","@id":"https:\/\/somos-hermanos.mx\/#\/schema\/logo\/image\/","url":"https:\/\/somos-hermanos.mx\/wp-content\/uploads\/2025\/08\/SH30-1.jpeg","contentUrl":"https:\/\/somos-hermanos.mx\/wp-content\/uploads\/2025\/08\/SH30-1.jpeg","width":1600,"height":1142,"caption":"Somos Hermanos"},"image":{"@id":"https:\/\/somos-hermanos.mx\/#\/schema\/logo\/image\/"},"sameAs":["https:\/\/www.facebook.com\/SomosHermanosIAP\/","https:\/\/x.com\/Somos__Hermanos","https:\/\/www.instagram.com\/somos__hermanos\/#","https:\/\/www.tiktok.com\/@somoshermanosiap","https:\/\/www.youtube.com\/@somoshermanosiap1201\/videos"]},{"@type":"Person","@id":"https:\/\/somos-hermanos.mx\/#\/schema\/person\/9fe9ba4e4bbbe9358e35011f4de4f3e3","name":"admin","image":{"@type":"ImageObject","inLanguage":"es","@id":"https:\/\/secure.gravatar.com\/avatar\/63083953aeebfe4d41070845dc295ef4321857ed1116a9f7a571fad8b014c83a?s=96&d=mm&r=g","url":"https:\/\/secure.gravatar.com\/avatar\/63083953aeebfe4d41070845dc295ef4321857ed1116a9f7a571fad8b014c83a?s=96&d=mm&r=g","contentUrl":"https:\/\/secure.gravatar.com\/avatar\/63083953aeebfe4d41070845dc295ef4321857ed1116a9f7a571fad8b014c83a?s=96&d=mm&r=g","caption":"admin"},"sameAs":["https:\/\/somos-hermanos.mx"],"url":"https:\/\/somos-hermanos.mx\/index.php\/author\/soyelhermano\/"}]}},"_links":{"self":[{"href":"https:\/\/somos-hermanos.mx\/index.php\/wp-json\/wp\/v2\/posts\/305","targetHints":{"allow":["GET"]}}],"collection":[{"href":"https:\/\/somos-hermanos.mx\/index.php\/wp-json\/wp\/v2\/posts"}],"about":[{"href":"https:\/\/somos-hermanos.mx\/index.php\/wp-json\/wp\/v2\/types\/post"}],"author":[{"embeddable":true,"href":"https:\/\/somos-hermanos.mx\/index.php\/wp-json\/wp\/v2\/users\/1"}],"replies":[{"embeddable":true,"href":"https:\/\/somos-hermanos.mx\/index.php\/wp-json\/wp\/v2\/comments?post=305"}],"version-history":[{"count":1,"href":"https:\/\/somos-hermanos.mx\/index.php\/wp-json\/wp\/v2\/posts\/305\/revisions"}],"predecessor-version":[{"id":307,"href":"https:\/\/somos-hermanos.mx\/index.php\/wp-json\/wp\/v2\/posts\/305\/revisions\/307"}],"wp:featuredmedia":[{"embeddable":true,"href":"https:\/\/somos-hermanos.mx\/index.php\/wp-json\/wp\/v2\/media\/306"}],"wp:attachment":[{"href":"https:\/\/somos-hermanos.mx\/index.php\/wp-json\/wp\/v2\/media?parent=305"}],"wp:term":[{"taxonomy":"category","embeddable":true,"href":"https:\/\/somos-hermanos.mx\/index.php\/wp-json\/wp\/v2\/categories?post=305"},{"taxonomy":"post_tag","embeddable":true,"href":"https:\/\/somos-hermanos.mx\/index.php\/wp-json\/wp\/v2\/tags?post=305"}],"curies":[{"name":"wp","href":"https:\/\/api.w.org\/{rel}","templated":true}]}}