{"id":302,"date":"2025-08-03T21:22:31","date_gmt":"2025-08-04T03:22:31","guid":{"rendered":"https:\/\/somos-hermanos.mx\/?p=302"},"modified":"2025-08-03T21:23:50","modified_gmt":"2025-08-04T03:23:50","slug":"crisis-de-obesidad-en-mexico-un-llamado-a-la-accion-inmediata","status":"publish","type":"post","link":"https:\/\/somos-hermanos.mx\/index.php\/2025\/08\/03\/crisis-de-obesidad-en-mexico-un-llamado-a-la-accion-inmediata\/","title":{"rendered":"Crisis de Obesidad en M\u00e9xico: Un llamado a la acci\u00f3n inmediata"},"content":{"rendered":"<p>En un contexto en el que la obesidad ha alcanzado niveles r\u00e9cord, <strong>el Colegio Mexicano de Cirug\u00eda para la Obesidad y Enfermedades Metab\u00f3licas (CMCOEM) hace un llamado urgente a las autoridades, instituciones y la sociedad civil<\/strong>\u00a0para trabajar en conjunto y abordar la crisis de obesidad en M\u00e9xico, especialmente tras las fiestas decembrinas y de A\u00f1o Nuevo, en las cuales muchas personas enfrentan un incremento de peso que puede detonar graves problemas de salud.<\/p>\n<p>Al cierre del sexenio anterior en 2024, el pa\u00eds registr\u00f3 \u00edndices hist\u00f3ricos de sobrepeso y obesidad, exacerbando una problem\u00e1tica que afecta al 76.2% de la poblaci\u00f3n adulta (a nivel nacional 37.3% de los adultos ten\u00edan sobrepeso y 38.9% obesidad), lo que convierte a M\u00e9xico en uno de los pa\u00edses con mayor prevalencia a nivel global, de acuerdo con la \u00faltima <strong><b>Encuesta Nacional de Salud y Nutrici\u00f3n 2023<\/b><\/strong>.<\/p>\n<p>Seg\u00fan los expertos, los programas de prevenci\u00f3n y control no han sido suficientes para frenar esta epidemia pues de acuerdo <strong>con el Atlas Mundial de Obesidad 2023, se estima que para el a\u00f1o 2035, m\u00e1s del 51% de la poblaci\u00f3n mundial (4 mil millones de personas) tendr\u00e1 sobrepeso u obesidad. <\/strong><\/p>\n<p>La obesidad es un problema complejo ya que no se puede abordar \u00fanicamente desde el \u00e1mbito cl\u00ednico, sino que requiere un enfoque integral, y desde una sola instituci\u00f3n no es posible enfrentar esta crisis de salud. Por esta raz\u00f3n, <strong>el CMCOEM insta a que se implementen esfuerzos multisectoriales donde se involucre al gobierno, organizaciones de salud y sociedad civil,<\/strong>\u00a0para dise\u00f1ar estrategias efectivas que permitan reducir el impacto de la obesidad en la poblaci\u00f3n.<\/p>\n<p>La magnitud del problema de salud p\u00fablica tiene consecuencias preocupantes que no s\u00f3lo afectan a millones de familias, sino tambi\u00e9n al sistema de salud, el cual enfrenta crecientes desaf\u00edos para atender las consecuencias y comorbilidades de esta enfermedad, como: diabetes, hipertensi\u00f3n arterial, enfermedades del coraz\u00f3n, como cardiopat\u00edas y accidentes cerebrovasculares; c\u00e1lculos biliares y problemas del h\u00edgado; apnea del sue\u00f1o, alteraciones menstruales, s\u00edndrome de ovario poliqu\u00edstico, entre otras condiciones asociadas.<\/p>\n<p><strong>&#8220;La obesidad es m\u00e1s que una cuesti\u00f3n de h\u00e1bitos alimenticios, es una enfermedad cr\u00f3nica que involucra factores gen\u00e9ticos, hormonales, ambientales y conductuales, <\/strong>y que debe tratarse con un enfoque que combine prevenci\u00f3n, educaci\u00f3n, intervenci\u00f3n cl\u00ednica y pol\u00edticas p\u00fablicas\u201d, coment\u00f3 el Dr. Jos\u00e9 Sergio Verboonen Sotelo, Presidente\u00a0del CMCOEM. \u201cAdem\u00e1s de afectar la calidad de vida, estas condiciones tambi\u00e9n representan un enorme costo para el sistema de salud y para las familias mexicanas\u201d, a\u00f1adi\u00f3.<\/p>\n<p>Actualmente, la cirug\u00eda bari\u00e1trica es una alternativa segura y eficaz que ha surgido como una herramienta clave para combatir la obesidad. Seg\u00fan estudios recientes, este procedimiento m\u00ednimamente invasivo no s\u00f3lo ayuda a los pacientes a reducir su peso, sino que tambi\u00e9n mejora su calidad de vida y disminuye la incidencia de enfermedades cr\u00f3nicas relacionadas. Adem\u00e1s, reduce la carga econ\u00f3mica tanto para las personas como para el sistema de salud, al disminuir la incidencia de enfermedades relacionadas con la obesidad.<\/p>\n<p>El CMCOEM hace un llamado a las autoridades para priorizar la obesidad en la agenda de salud p\u00fablica y establecer programas integrales de prevenci\u00f3n y tratamiento. Asimismo, insta a la poblaci\u00f3n a tomar medidas inmediatas, especialmente despu\u00e9s de la temporada decembrina, para evitar que el peso ganado se convierta en un problema a largo plazo.<\/p>\n<p>\u201cEs fundamental que trabajemos en conjunto, sociedad civil, profesionales de la salud y autoridades para combatir esta epidemia, para que los pacientes tengan acceso a tratamientos efectivos que puedan salvar vidas y mejorar su calidad de vida.<\/p>\n<p>Hagamos de este a\u00f1o 2025 una nueva oportunidad para repensar y tratar esta pandemia que nos aqueja a todos como sociedad,\u201d finaliz\u00f3 el Dr. Verboonen.<\/p>\n<p><em>Para conocer m\u00e1s acerca de esta enfermedad y sus tratamientos, el Colegio Mexicano de Cirug\u00eda para la<\/em><em>\u00a0<\/em><em>Obesidad y Enfermedades Metab\u00f3licas y la iniciativa \u201cHablando de Obesidad\u201d, alientan a la poblaci\u00f3n a<\/em><em>\u00a0<\/em><em>consultar<\/em><em>\u00a0<\/em><em>informaci\u00f3n<\/em><em>\u00a0<\/em><em>verificada,<\/em><em>\u00a0<\/em><em>a<\/em><em>\u00a0<\/em><em>trav\u00e9s<\/em><em>\u00a0<\/em><em>de<\/em><em>\u00a0<\/em><em>sus<\/em><em>\u00a0<\/em><em>p\u00e1ginas<\/em><em>\u00a0<\/em><a href=\"http:\/\/www.cmcoem.org.mx\/\"><em><u>www.cmcoem.org.mx<\/u><\/em><\/a><em>\u00a0<\/em><em>y<\/em><em>\u00a0<\/em><a href=\"http:\/\/www.hablandodeobesidad.com\/\"><em><u>www.hablandodeobesidad.com<\/u><\/em><\/a><\/p>\n","protected":false},"excerpt":{"rendered":"<p>En un contexto en el que la obesidad ha alcanzado niveles r\u00e9cord, el Colegio Mexicano de Cirug\u00eda para la Obesidad y Enfermedades Metab\u00f3licas (CMCOEM) hace un llamado urgente a las autoridades, instituciones y la sociedad civil\u00a0para trabajar en conjunto y abordar la crisis de obesidad en M\u00e9xico, especialmente tras las fiestas decembrinas y de A\u00f1o [&hellip;]<\/p>\n","protected":false},"author":8,"featured_media":304,"comment_status":"open","ping_status":"closed","sticky":false,"template":"","format":"standard","meta":{"footnotes":""},"categories":[6],"tags":[],"class_list":["post-302","post","type-post","status-publish","format-standard","has-post-thumbnail","hentry","category-noticias"],"yoast_head":"<!-- This site is optimized with the Yoast SEO plugin v27.5 - https:\/\/yoast.com\/product\/yoast-seo-wordpress\/ -->\n<title>Crisis de Obesidad en M\u00e9xico: Un llamado a la acci\u00f3n inmediata - Historias que inspiran...<\/title>\n<meta name=\"robots\" content=\"index, follow, max-snippet:-1, max-image-preview:large, max-video-preview:-1\" \/>\n<link rel=\"canonical\" href=\"https:\/\/somos-hermanos.mx\/index.php\/2025\/08\/03\/crisis-de-obesidad-en-mexico-un-llamado-a-la-accion-inmediata\/\" \/>\n<meta property=\"og:locale\" content=\"es_MX\" \/>\n<meta property=\"og:type\" content=\"article\" \/>\n<meta property=\"og:title\" content=\"Crisis de Obesidad en M\u00e9xico: Un llamado a la acci\u00f3n inmediata - Historias que inspiran...\" \/>\n<meta property=\"og:description\" content=\"En un contexto en el que la obesidad ha alcanzado niveles r\u00e9cord, el Colegio Mexicano de Cirug\u00eda para la Obesidad y Enfermedades Metab\u00f3licas (CMCOEM) hace un llamado urgente a las autoridades, instituciones y la sociedad civil\u00a0para trabajar en conjunto y abordar la crisis de obesidad en M\u00e9xico, especialmente tras las fiestas decembrinas y de A\u00f1o [&hellip;]\" \/>\n<meta property=\"og:url\" content=\"https:\/\/somos-hermanos.mx\/index.php\/2025\/08\/03\/crisis-de-obesidad-en-mexico-un-llamado-a-la-accion-inmediata\/\" \/>\n<meta property=\"og:site_name\" content=\"Historias que inspiran...\" \/>\n<meta property=\"article:publisher\" content=\"https:\/\/www.facebook.com\/SomosHermanosIAP\/\" \/>\n<meta property=\"article:published_time\" content=\"2025-08-04T03:22:31+00:00\" \/>\n<meta property=\"article:modified_time\" content=\"2025-08-04T03:23:50+00:00\" \/>\n<meta property=\"og:image\" content=\"https:\/\/somos-hermanos.mx\/wp-content\/uploads\/2025\/08\/obes.jpeg\" \/>\n\t<meta property=\"og:image:width\" content=\"1600\" \/>\n\t<meta property=\"og:image:height\" content=\"1067\" \/>\n\t<meta property=\"og:image:type\" content=\"image\/jpeg\" \/>\n<meta name=\"author\" content=\"Jes\u00fas Arizmendi\" \/>\n<meta name=\"twitter:card\" content=\"summary_large_image\" \/>\n<meta name=\"twitter:creator\" content=\"@Somos__Hermanos\" \/>\n<meta name=\"twitter:site\" content=\"@Somos__Hermanos\" \/>\n<meta name=\"twitter:label1\" content=\"Escrito por\" \/>\n\t<meta name=\"twitter:data1\" content=\"Jes\u00fas Arizmendi\" \/>\n\t<meta name=\"twitter:label2\" content=\"Tiempo de lectura\" \/>\n\t<meta name=\"twitter:data2\" content=\"4 minutos\" \/>\n<script type=\"application\/ld+json\" class=\"yoast-schema-graph\">{\"@context\":\"https:\\\/\\\/schema.org\",\"@graph\":[{\"@type\":\"Article\",\"@id\":\"https:\\\/\\\/somos-hermanos.mx\\\/index.php\\\/2025\\\/08\\\/03\\\/crisis-de-obesidad-en-mexico-un-llamado-a-la-accion-inmediata\\\/#article\",\"isPartOf\":{\"@id\":\"https:\\\/\\\/somos-hermanos.mx\\\/index.php\\\/2025\\\/08\\\/03\\\/crisis-de-obesidad-en-mexico-un-llamado-a-la-accion-inmediata\\\/\"},\"author\":{\"name\":\"Jes\u00fas Arizmendi\",\"@id\":\"https:\\\/\\\/somos-hermanos.mx\\\/#\\\/schema\\\/person\\\/945cdfed39314d9db1242f593aecb908\"},\"headline\":\"Crisis de Obesidad en M\u00e9xico: Un llamado a la acci\u00f3n inmediata\",\"datePublished\":\"2025-08-04T03:22:31+00:00\",\"dateModified\":\"2025-08-04T03:23:50+00:00\",\"mainEntityOfPage\":{\"@id\":\"https:\\\/\\\/somos-hermanos.mx\\\/index.php\\\/2025\\\/08\\\/03\\\/crisis-de-obesidad-en-mexico-un-llamado-a-la-accion-inmediata\\\/\"},\"wordCount\":724,\"commentCount\":0,\"publisher\":{\"@id\":\"https:\\\/\\\/somos-hermanos.mx\\\/#organization\"},\"image\":{\"@id\":\"https:\\\/\\\/somos-hermanos.mx\\\/index.php\\\/2025\\\/08\\\/03\\\/crisis-de-obesidad-en-mexico-un-llamado-a-la-accion-inmediata\\\/#primaryimage\"},\"thumbnailUrl\":\"https:\\\/\\\/somos-hermanos.mx\\\/wp-content\\\/uploads\\\/2025\\\/08\\\/obes.jpeg\",\"articleSection\":[\"Noticias\"],\"inLanguage\":\"es\",\"potentialAction\":[{\"@type\":\"CommentAction\",\"name\":\"Comment\",\"target\":[\"https:\\\/\\\/somos-hermanos.mx\\\/index.php\\\/2025\\\/08\\\/03\\\/crisis-de-obesidad-en-mexico-un-llamado-a-la-accion-inmediata\\\/#respond\"]}]},{\"@type\":\"WebPage\",\"@id\":\"https:\\\/\\\/somos-hermanos.mx\\\/index.php\\\/2025\\\/08\\\/03\\\/crisis-de-obesidad-en-mexico-un-llamado-a-la-accion-inmediata\\\/\",\"url\":\"https:\\\/\\\/somos-hermanos.mx\\\/index.php\\\/2025\\\/08\\\/03\\\/crisis-de-obesidad-en-mexico-un-llamado-a-la-accion-inmediata\\\/\",\"name\":\"Crisis de Obesidad en M\u00e9xico: Un llamado a la acci\u00f3n inmediata - Historias que inspiran...\",\"isPartOf\":{\"@id\":\"https:\\\/\\\/somos-hermanos.mx\\\/#website\"},\"primaryImageOfPage\":{\"@id\":\"https:\\\/\\\/somos-hermanos.mx\\\/index.php\\\/2025\\\/08\\\/03\\\/crisis-de-obesidad-en-mexico-un-llamado-a-la-accion-inmediata\\\/#primaryimage\"},\"image\":{\"@id\":\"https:\\\/\\\/somos-hermanos.mx\\\/index.php\\\/2025\\\/08\\\/03\\\/crisis-de-obesidad-en-mexico-un-llamado-a-la-accion-inmediata\\\/#primaryimage\"},\"thumbnailUrl\":\"https:\\\/\\\/somos-hermanos.mx\\\/wp-content\\\/uploads\\\/2025\\\/08\\\/obes.jpeg\",\"datePublished\":\"2025-08-04T03:22:31+00:00\",\"dateModified\":\"2025-08-04T03:23:50+00:00\",\"breadcrumb\":{\"@id\":\"https:\\\/\\\/somos-hermanos.mx\\\/index.php\\\/2025\\\/08\\\/03\\\/crisis-de-obesidad-en-mexico-un-llamado-a-la-accion-inmediata\\\/#breadcrumb\"},\"inLanguage\":\"es\",\"potentialAction\":[{\"@type\":\"ReadAction\",\"target\":[\"https:\\\/\\\/somos-hermanos.mx\\\/index.php\\\/2025\\\/08\\\/03\\\/crisis-de-obesidad-en-mexico-un-llamado-a-la-accion-inmediata\\\/\"]}]},{\"@type\":\"ImageObject\",\"inLanguage\":\"es\",\"@id\":\"https:\\\/\\\/somos-hermanos.mx\\\/index.php\\\/2025\\\/08\\\/03\\\/crisis-de-obesidad-en-mexico-un-llamado-a-la-accion-inmediata\\\/#primaryimage\",\"url\":\"https:\\\/\\\/somos-hermanos.mx\\\/wp-content\\\/uploads\\\/2025\\\/08\\\/obes.jpeg\",\"contentUrl\":\"https:\\\/\\\/somos-hermanos.mx\\\/wp-content\\\/uploads\\\/2025\\\/08\\\/obes.jpeg\",\"width\":1600,\"height\":1067},{\"@type\":\"BreadcrumbList\",\"@id\":\"https:\\\/\\\/somos-hermanos.mx\\\/index.php\\\/2025\\\/08\\\/03\\\/crisis-de-obesidad-en-mexico-un-llamado-a-la-accion-inmediata\\\/#breadcrumb\",\"itemListElement\":[{\"@type\":\"ListItem\",\"position\":1,\"name\":\"Inicio\",\"item\":\"https:\\\/\\\/somos-hermanos.mx\\\/\"},{\"@type\":\"ListItem\",\"position\":2,\"name\":\"Crisis de Obesidad en M\u00e9xico: Un llamado a la acci\u00f3n inmediata\"}]},{\"@type\":\"WebSite\",\"@id\":\"https:\\\/\\\/somos-hermanos.mx\\\/#website\",\"url\":\"https:\\\/\\\/somos-hermanos.mx\\\/\",\"name\":\"Historias que inspiran...\",\"description\":\"Somos la voz del altruismo en M\u00e9xico\",\"publisher\":{\"@id\":\"https:\\\/\\\/somos-hermanos.mx\\\/#organization\"},\"potentialAction\":[{\"@type\":\"SearchAction\",\"target\":{\"@type\":\"EntryPoint\",\"urlTemplate\":\"https:\\\/\\\/somos-hermanos.mx\\\/?s={search_term_string}\"},\"query-input\":{\"@type\":\"PropertyValueSpecification\",\"valueRequired\":true,\"valueName\":\"search_term_string\"}}],\"inLanguage\":\"es\"},{\"@type\":\"Organization\",\"@id\":\"https:\\\/\\\/somos-hermanos.mx\\\/#organization\",\"name\":\"Somos Hermanos\",\"url\":\"https:\\\/\\\/somos-hermanos.mx\\\/\",\"logo\":{\"@type\":\"ImageObject\",\"inLanguage\":\"es\",\"@id\":\"https:\\\/\\\/somos-hermanos.mx\\\/#\\\/schema\\\/logo\\\/image\\\/\",\"url\":\"https:\\\/\\\/somos-hermanos.mx\\\/wp-content\\\/uploads\\\/2025\\\/08\\\/SH30-1.jpeg\",\"contentUrl\":\"https:\\\/\\\/somos-hermanos.mx\\\/wp-content\\\/uploads\\\/2025\\\/08\\\/SH30-1.jpeg\",\"width\":1600,\"height\":1142,\"caption\":\"Somos Hermanos\"},\"image\":{\"@id\":\"https:\\\/\\\/somos-hermanos.mx\\\/#\\\/schema\\\/logo\\\/image\\\/\"},\"sameAs\":[\"https:\\\/\\\/www.facebook.com\\\/SomosHermanosIAP\\\/\",\"https:\\\/\\\/x.com\\\/Somos__Hermanos\",\"https:\\\/\\\/www.instagram.com\\\/somos__hermanos\\\/#\",\"https:\\\/\\\/www.tiktok.com\\\/@somoshermanosiap\",\"https:\\\/\\\/www.youtube.com\\\/@somoshermanosiap1201\\\/videos\"]},{\"@type\":\"Person\",\"@id\":\"https:\\\/\\\/somos-hermanos.mx\\\/#\\\/schema\\\/person\\\/945cdfed39314d9db1242f593aecb908\",\"name\":\"Jes\u00fas Arizmendi\",\"image\":{\"@type\":\"ImageObject\",\"inLanguage\":\"es\",\"@id\":\"https:\\\/\\\/secure.gravatar.com\\\/avatar\\\/9d2f2284f2cc108aae42b8fdb13afa29b801f64001b731516b830e4926cc1b4b?s=96&d=mm&r=g\",\"url\":\"https:\\\/\\\/secure.gravatar.com\\\/avatar\\\/9d2f2284f2cc108aae42b8fdb13afa29b801f64001b731516b830e4926cc1b4b?s=96&d=mm&r=g\",\"contentUrl\":\"https:\\\/\\\/secure.gravatar.com\\\/avatar\\\/9d2f2284f2cc108aae42b8fdb13afa29b801f64001b731516b830e4926cc1b4b?s=96&d=mm&r=g\",\"caption\":\"Jes\u00fas Arizmendi\"},\"url\":\"https:\\\/\\\/somos-hermanos.mx\\\/index.php\\\/author\\\/jesus-arizmendi\\\/\"}]}<\/script>\n<!-- \/ Yoast SEO plugin. -->","yoast_head_json":{"title":"Crisis de Obesidad en M\u00e9xico: Un llamado a la acci\u00f3n inmediata - Historias que inspiran...","robots":{"index":"index","follow":"follow","max-snippet":"max-snippet:-1","max-image-preview":"max-image-preview:large","max-video-preview":"max-video-preview:-1"},"canonical":"https:\/\/somos-hermanos.mx\/index.php\/2025\/08\/03\/crisis-de-obesidad-en-mexico-un-llamado-a-la-accion-inmediata\/","og_locale":"es_MX","og_type":"article","og_title":"Crisis de Obesidad en M\u00e9xico: Un llamado a la acci\u00f3n inmediata - Historias que inspiran...","og_description":"En un contexto en el que la obesidad ha alcanzado niveles r\u00e9cord, el Colegio Mexicano de Cirug\u00eda para la Obesidad y Enfermedades Metab\u00f3licas (CMCOEM) hace un llamado urgente a las autoridades, instituciones y la sociedad civil\u00a0para trabajar en conjunto y abordar la crisis de obesidad en M\u00e9xico, especialmente tras las fiestas decembrinas y de A\u00f1o [&hellip;]","og_url":"https:\/\/somos-hermanos.mx\/index.php\/2025\/08\/03\/crisis-de-obesidad-en-mexico-un-llamado-a-la-accion-inmediata\/","og_site_name":"Historias que inspiran...","article_publisher":"https:\/\/www.facebook.com\/SomosHermanosIAP\/","article_published_time":"2025-08-04T03:22:31+00:00","article_modified_time":"2025-08-04T03:23:50+00:00","og_image":[{"width":1600,"height":1067,"url":"https:\/\/somos-hermanos.mx\/wp-content\/uploads\/2025\/08\/obes.jpeg","type":"image\/jpeg"}],"author":"Jes\u00fas Arizmendi","twitter_card":"summary_large_image","twitter_creator":"@Somos__Hermanos","twitter_site":"@Somos__Hermanos","twitter_misc":{"Escrito por":"Jes\u00fas Arizmendi","Tiempo de lectura":"4 minutos"},"schema":{"@context":"https:\/\/schema.org","@graph":[{"@type":"Article","@id":"https:\/\/somos-hermanos.mx\/index.php\/2025\/08\/03\/crisis-de-obesidad-en-mexico-un-llamado-a-la-accion-inmediata\/#article","isPartOf":{"@id":"https:\/\/somos-hermanos.mx\/index.php\/2025\/08\/03\/crisis-de-obesidad-en-mexico-un-llamado-a-la-accion-inmediata\/"},"author":{"name":"Jes\u00fas Arizmendi","@id":"https:\/\/somos-hermanos.mx\/#\/schema\/person\/945cdfed39314d9db1242f593aecb908"},"headline":"Crisis de Obesidad en M\u00e9xico: Un llamado a la acci\u00f3n inmediata","datePublished":"2025-08-04T03:22:31+00:00","dateModified":"2025-08-04T03:23:50+00:00","mainEntityOfPage":{"@id":"https:\/\/somos-hermanos.mx\/index.php\/2025\/08\/03\/crisis-de-obesidad-en-mexico-un-llamado-a-la-accion-inmediata\/"},"wordCount":724,"commentCount":0,"publisher":{"@id":"https:\/\/somos-hermanos.mx\/#organization"},"image":{"@id":"https:\/\/somos-hermanos.mx\/index.php\/2025\/08\/03\/crisis-de-obesidad-en-mexico-un-llamado-a-la-accion-inmediata\/#primaryimage"},"thumbnailUrl":"https:\/\/somos-hermanos.mx\/wp-content\/uploads\/2025\/08\/obes.jpeg","articleSection":["Noticias"],"inLanguage":"es","potentialAction":[{"@type":"CommentAction","name":"Comment","target":["https:\/\/somos-hermanos.mx\/index.php\/2025\/08\/03\/crisis-de-obesidad-en-mexico-un-llamado-a-la-accion-inmediata\/#respond"]}]},{"@type":"WebPage","@id":"https:\/\/somos-hermanos.mx\/index.php\/2025\/08\/03\/crisis-de-obesidad-en-mexico-un-llamado-a-la-accion-inmediata\/","url":"https:\/\/somos-hermanos.mx\/index.php\/2025\/08\/03\/crisis-de-obesidad-en-mexico-un-llamado-a-la-accion-inmediata\/","name":"Crisis de Obesidad en M\u00e9xico: Un llamado a la acci\u00f3n inmediata - Historias que inspiran...","isPartOf":{"@id":"https:\/\/somos-hermanos.mx\/#website"},"primaryImageOfPage":{"@id":"https:\/\/somos-hermanos.mx\/index.php\/2025\/08\/03\/crisis-de-obesidad-en-mexico-un-llamado-a-la-accion-inmediata\/#primaryimage"},"image":{"@id":"https:\/\/somos-hermanos.mx\/index.php\/2025\/08\/03\/crisis-de-obesidad-en-mexico-un-llamado-a-la-accion-inmediata\/#primaryimage"},"thumbnailUrl":"https:\/\/somos-hermanos.mx\/wp-content\/uploads\/2025\/08\/obes.jpeg","datePublished":"2025-08-04T03:22:31+00:00","dateModified":"2025-08-04T03:23:50+00:00","breadcrumb":{"@id":"https:\/\/somos-hermanos.mx\/index.php\/2025\/08\/03\/crisis-de-obesidad-en-mexico-un-llamado-a-la-accion-inmediata\/#breadcrumb"},"inLanguage":"es","potentialAction":[{"@type":"ReadAction","target":["https:\/\/somos-hermanos.mx\/index.php\/2025\/08\/03\/crisis-de-obesidad-en-mexico-un-llamado-a-la-accion-inmediata\/"]}]},{"@type":"ImageObject","inLanguage":"es","@id":"https:\/\/somos-hermanos.mx\/index.php\/2025\/08\/03\/crisis-de-obesidad-en-mexico-un-llamado-a-la-accion-inmediata\/#primaryimage","url":"https:\/\/somos-hermanos.mx\/wp-content\/uploads\/2025\/08\/obes.jpeg","contentUrl":"https:\/\/somos-hermanos.mx\/wp-content\/uploads\/2025\/08\/obes.jpeg","width":1600,"height":1067},{"@type":"BreadcrumbList","@id":"https:\/\/somos-hermanos.mx\/index.php\/2025\/08\/03\/crisis-de-obesidad-en-mexico-un-llamado-a-la-accion-inmediata\/#breadcrumb","itemListElement":[{"@type":"ListItem","position":1,"name":"Inicio","item":"https:\/\/somos-hermanos.mx\/"},{"@type":"ListItem","position":2,"name":"Crisis de Obesidad en M\u00e9xico: Un llamado a la acci\u00f3n inmediata"}]},{"@type":"WebSite","@id":"https:\/\/somos-hermanos.mx\/#website","url":"https:\/\/somos-hermanos.mx\/","name":"Historias que inspiran...","description":"Somos la voz del altruismo en M\u00e9xico","publisher":{"@id":"https:\/\/somos-hermanos.mx\/#organization"},"potentialAction":[{"@type":"SearchAction","target":{"@type":"EntryPoint","urlTemplate":"https:\/\/somos-hermanos.mx\/?s={search_term_string}"},"query-input":{"@type":"PropertyValueSpecification","valueRequired":true,"valueName":"search_term_string"}}],"inLanguage":"es"},{"@type":"Organization","@id":"https:\/\/somos-hermanos.mx\/#organization","name":"Somos Hermanos","url":"https:\/\/somos-hermanos.mx\/","logo":{"@type":"ImageObject","inLanguage":"es","@id":"https:\/\/somos-hermanos.mx\/#\/schema\/logo\/image\/","url":"https:\/\/somos-hermanos.mx\/wp-content\/uploads\/2025\/08\/SH30-1.jpeg","contentUrl":"https:\/\/somos-hermanos.mx\/wp-content\/uploads\/2025\/08\/SH30-1.jpeg","width":1600,"height":1142,"caption":"Somos Hermanos"},"image":{"@id":"https:\/\/somos-hermanos.mx\/#\/schema\/logo\/image\/"},"sameAs":["https:\/\/www.facebook.com\/SomosHermanosIAP\/","https:\/\/x.com\/Somos__Hermanos","https:\/\/www.instagram.com\/somos__hermanos\/#","https:\/\/www.tiktok.com\/@somoshermanosiap","https:\/\/www.youtube.com\/@somoshermanosiap1201\/videos"]},{"@type":"Person","@id":"https:\/\/somos-hermanos.mx\/#\/schema\/person\/945cdfed39314d9db1242f593aecb908","name":"Jes\u00fas Arizmendi","image":{"@type":"ImageObject","inLanguage":"es","@id":"https:\/\/secure.gravatar.com\/avatar\/9d2f2284f2cc108aae42b8fdb13afa29b801f64001b731516b830e4926cc1b4b?s=96&d=mm&r=g","url":"https:\/\/secure.gravatar.com\/avatar\/9d2f2284f2cc108aae42b8fdb13afa29b801f64001b731516b830e4926cc1b4b?s=96&d=mm&r=g","contentUrl":"https:\/\/secure.gravatar.com\/avatar\/9d2f2284f2cc108aae42b8fdb13afa29b801f64001b731516b830e4926cc1b4b?s=96&d=mm&r=g","caption":"Jes\u00fas Arizmendi"},"url":"https:\/\/somos-hermanos.mx\/index.php\/author\/jesus-arizmendi\/"}]}},"_links":{"self":[{"href":"https:\/\/somos-hermanos.mx\/index.php\/wp-json\/wp\/v2\/posts\/302","targetHints":{"allow":["GET"]}}],"collection":[{"href":"https:\/\/somos-hermanos.mx\/index.php\/wp-json\/wp\/v2\/posts"}],"about":[{"href":"https:\/\/somos-hermanos.mx\/index.php\/wp-json\/wp\/v2\/types\/post"}],"author":[{"embeddable":true,"href":"https:\/\/somos-hermanos.mx\/index.php\/wp-json\/wp\/v2\/users\/8"}],"replies":[{"embeddable":true,"href":"https:\/\/somos-hermanos.mx\/index.php\/wp-json\/wp\/v2\/comments?post=302"}],"version-history":[{"count":1,"href":"https:\/\/somos-hermanos.mx\/index.php\/wp-json\/wp\/v2\/posts\/302\/revisions"}],"predecessor-version":[{"id":303,"href":"https:\/\/somos-hermanos.mx\/index.php\/wp-json\/wp\/v2\/posts\/302\/revisions\/303"}],"wp:featuredmedia":[{"embeddable":true,"href":"https:\/\/somos-hermanos.mx\/index.php\/wp-json\/wp\/v2\/media\/304"}],"wp:attachment":[{"href":"https:\/\/somos-hermanos.mx\/index.php\/wp-json\/wp\/v2\/media?parent=302"}],"wp:term":[{"taxonomy":"category","embeddable":true,"href":"https:\/\/somos-hermanos.mx\/index.php\/wp-json\/wp\/v2\/categories?post=302"},{"taxonomy":"post_tag","embeddable":true,"href":"https:\/\/somos-hermanos.mx\/index.php\/wp-json\/wp\/v2\/tags?post=302"}],"curies":[{"name":"wp","href":"https:\/\/api.w.org\/{rel}","templated":true}]}}