{"id":2927,"date":"2026-03-16T01:00:22","date_gmt":"2026-03-16T07:00:22","guid":{"rendered":"https:\/\/somos-hermanos.mx\/?p=2927"},"modified":"2026-03-13T23:13:06","modified_gmt":"2026-03-14T05:13:06","slug":"alianza-en-favor-de-la-mujer-fortalece-a-mujeres-vulnerables","status":"publish","type":"post","link":"https:\/\/somos-hermanos.mx\/index.php\/2026\/03\/16\/alianza-en-favor-de-la-mujer-fortalece-a-mujeres-vulnerables\/","title":{"rendered":"Alianza en Favor de la Mujer fortalece a mujeres vulnerables"},"content":{"rendered":"<p>En un contexto social en el que la violencia de g\u00e9nero, la desigualdad estructural y la precariedad econ\u00f3mica contin\u00faan afectando a miles de mujeres, la Fundaci\u00f3n Alianza en Favor de la Mujer de la Ciudad de M\u00e9xico, I.A.P. Se ha consolidado como un espacio de acompa\u00f1amiento y atenci\u00f3n integral para quienes enfrentan situaciones de vulnerabilidad.<\/p>\n<p>La organizaci\u00f3n, dirigida por el ingeniero Jorge Huerta Sandoval, <strong>trabaja desde hace casi tres d\u00e9cadas brindando apoyo a mujeres que han vivido violencia, dificultades econ\u00f3micas o situaciones personales complejas,<\/strong> mediante un modelo de intervenci\u00f3n que busca fortalecer su bienestar emocional, su autonom\u00eda y su capacidad para reconstruir sus proyectos de vida.<\/p>\n<p>Uno de los ejes m\u00e1s relevantes de su labor es la atenci\u00f3n psicol\u00f3gica profesional, un servicio que se <strong>ofrece en un entorno seguro, emp\u00e1tico y libre de juicio, <\/strong>donde las mujeres pueden expresar sus experiencias, procesar situaciones dif\u00edciles y recibir acompa\u00f1amiento terap\u00e9utico especializado. Desde la perspectiva de la fundaci\u00f3n, el cuidado de la salud mental constituye un elemento fundamental para la recuperaci\u00f3n personal y el fortalecimiento emocional.<\/p>\n<p>Bajo esta l\u00f3gica, la instituci\u00f3n sostiene que buscar apoyo psicol\u00f3gico representa un acto de valent\u00eda y de reconocimiento del propio valor, ya que permite iniciar procesos de sanaci\u00f3n, reflexi\u00f3n y transformaci\u00f3n personal que pueden impactar de manera significativa en la calidad de vida de quienes reciben el acompa\u00f1amiento.<\/p>\n<p>Adem\u00e1s de la atenci\u00f3n psicol\u00f3gica, la fundaci\u00f3n ofrece asesor\u00eda legal, con el objetivo de orientar a mujeres que enfrentan problem\u00e1ticas jur\u00eddicas relacionadas con situaciones de violencia o conflictos familiares, as\u00ed como programas de capacitaci\u00f3n para el empleo, que buscan fortalecer habilidades laborales y generar oportunidades para alcanzar mayor independencia econ\u00f3mica.<\/p>\n<p>La organizaci\u00f3n tambi\u00e9n cuenta con un banco de alimentos, mediante el cual brinda apoyo material a mujeres que enfrentan condiciones de vulnerabilidad econ\u00f3mica, contribuyendo a atender necesidades b\u00e1sicas mientras se desarrollan procesos m\u00e1s amplios de acompa\u00f1amiento y fortalecimiento personal.<\/p>\n<p><strong>La Fundaci\u00f3n Alianza en Favor de la Mujer fue constituida alrededor de 1997 <\/strong>con el prop\u00f3sito de ofrecer apoyo integral a mujeres en situaci\u00f3n de vulnerabilidad social. Desde su creaci\u00f3n, su labor se ha estructurado en torno a cuatro ejes estrat\u00e9gicos: prevenci\u00f3n, atenci\u00f3n, capacitaci\u00f3n para el empleo y educaci\u00f3n, pilares que permiten abordar las problem\u00e1ticas que enfrentan muchas mujeres desde una perspectiva multidimensional.<\/p>\n<p>La misi\u00f3n de la instituci\u00f3n consiste en brindar acompa\u00f1amiento psicol\u00f3gico, contenci\u00f3n emocional y formaci\u00f3n integral a mujeres en situaci\u00f3n de vulnerabilidad, promoviendo su bienestar, autonom\u00eda y empoderamiento. Este trabajo se desarrolla desde una perspectiva de g\u00e9nero y de derechos humanos, que busca no s\u00f3lo atender las consecuencias de la violencia o la desigualdad, sino tambi\u00e9n contribuir a la construcci\u00f3n de redes comunitarias solidarias y entornos m\u00e1s equitativos.<\/p>\n<p>A lo largo de casi 30 a\u00f1os de trayectoria, la fundaci\u00f3n ha mantenido su compromiso de generar espacios seguros donde las mujeres puedan sanar, crecer y transformar su realidad, consolid\u00e1ndose como una organizaci\u00f3n que promueve el acompa\u00f1amiento profesional, la dignidad y el fortalecimiento personal.<\/p>\n<p>Las mujeres que requieran orientaci\u00f3n o apoyo pueden acercarse directamente a la fundaci\u00f3n para conocer los servicios disponibles y acceder a una red de acompa\u00f1amiento enfocada en su bienestar integral.<\/p>\n<p><em>Datos de contacto<\/em><\/p>\n<p><em>Direcci\u00f3n: Av. Cuauht\u00e9moc 36-7, colonia Doctores, alcald\u00eda Cuauht\u00e9moc, Ciudad de M\u00e9xico.<\/em><\/p>\n<p><em>Tel\u00e9fono: 55 2078 7608<\/em><\/p>\n<p><em>Correo electr\u00f3nico: jhstno@hotmail.com<\/em><\/p>\n<p><img loading=\"lazy\" decoding=\"async\" class=\"aligncenter wp-image-2929 \" src=\"https:\/\/somos-hermanos.mx\/wp-content\/uploads\/2026\/03\/WhatsApp-Image-2026-03-13-at-1.32.41-PM.jpeg\" alt=\"\" width=\"664\" height=\"246\" srcset=\"https:\/\/somos-hermanos.mx\/wp-content\/uploads\/2026\/03\/WhatsApp-Image-2026-03-13-at-1.32.41-PM.jpeg 850w, https:\/\/somos-hermanos.mx\/wp-content\/uploads\/2026\/03\/WhatsApp-Image-2026-03-13-at-1.32.41-PM-300x111.jpeg 300w, https:\/\/somos-hermanos.mx\/wp-content\/uploads\/2026\/03\/WhatsApp-Image-2026-03-13-at-1.32.41-PM-768x285.jpeg 768w\" sizes=\"auto, (max-width: 664px) 100vw, 664px\" \/><\/p>\n","protected":false},"excerpt":{"rendered":"<p>En un contexto social en el que la violencia de g\u00e9nero, la desigualdad estructural y la precariedad econ\u00f3mica contin\u00faan afectando a miles de mujeres, la Fundaci\u00f3n Alianza en Favor de la Mujer de la Ciudad de M\u00e9xico, I.A.P. Se ha consolidado como un espacio de acompa\u00f1amiento y atenci\u00f3n integral para quienes enfrentan situaciones de vulnerabilidad. [&hellip;]<\/p>\n","protected":false},"author":6,"featured_media":2928,"comment_status":"open","ping_status":"closed","sticky":false,"template":"","format":"standard","meta":{"footnotes":""},"categories":[6],"tags":[4398,4395,416,4402,67,217,3387,1815,4403,4404,743,4397,108,4405,289,1903,1175,1814,4400,1168,3028,4399,1590,1817,1580,4396,4401],"class_list":["post-2927","post","type-post","status-publish","format-standard","has-post-thumbnail","hentry","category-noticias","tag-acompanamiento-terapeutico","tag-apoyo-a-mujeres","tag-asesoria-legal","tag-atencion","tag-atencion-integral","tag-atencion-psicologica","tag-autonomia","tag-bienestar-emocional","tag-capacitacion-para-el-empleo","tag-contencion-emocional","tag-derechos-humanos","tag-dificultades-economicas","tag-educacion","tag-empoderamiento","tag-entorno-seguro","tag-espacios-seguros","tag-formacion-integral","tag-fundacion-alianza-en-favor-de-la-mujer","tag-independencia-economica","tag-perspectiva-de-genero","tag-prevencion","tag-problematicas-juridicas","tag-programas-de-capacitacion","tag-salud-mental","tag-violencia-de-genero","tag-vivido-violencia","tag-vulnerabilidad-economica"],"yoast_head":"<!-- This site is optimized with the Yoast SEO plugin v27.5 - https:\/\/yoast.com\/product\/yoast-seo-wordpress\/ -->\n<title>Alianza en Favor de la Mujer fortalece a mujeres vulnerables - Historias que inspiran...<\/title>\n<meta name=\"description\" content=\"Se ofrece asesor\u00eda legal para de orientar a mujeres que enfrentan problem\u00e1ticas jur\u00eddicos relacionadas con situaciones de violencia\" \/>\n<meta name=\"robots\" content=\"index, follow, max-snippet:-1, max-image-preview:large, max-video-preview:-1\" \/>\n<link rel=\"canonical\" href=\"https:\/\/somos-hermanos.mx\/index.php\/2026\/03\/16\/alianza-en-favor-de-la-mujer-fortalece-a-mujeres-vulnerables\/\" \/>\n<meta property=\"og:locale\" content=\"es_MX\" \/>\n<meta property=\"og:type\" content=\"article\" \/>\n<meta property=\"og:title\" content=\"Alianza en Favor de la Mujer fortalece a mujeres vulnerables - Historias que inspiran...\" \/>\n<meta property=\"og:description\" content=\"Se ofrece asesor\u00eda legal para de orientar a mujeres que enfrentan problem\u00e1ticas jur\u00eddicos relacionadas con situaciones de violencia\" \/>\n<meta property=\"og:url\" content=\"https:\/\/somos-hermanos.mx\/index.php\/2026\/03\/16\/alianza-en-favor-de-la-mujer-fortalece-a-mujeres-vulnerables\/\" \/>\n<meta property=\"og:site_name\" content=\"Historias que inspiran...\" \/>\n<meta property=\"article:publisher\" content=\"https:\/\/www.facebook.com\/SomosHermanosIAP\/\" \/>\n<meta property=\"article:published_time\" content=\"2026-03-16T07:00:22+00:00\" \/>\n<meta property=\"og:image\" content=\"https:\/\/somos-hermanos.mx\/wp-content\/uploads\/2026\/03\/WhatsApp-Image-2026-03-13-at-1.32.41-PM-1.jpeg\" \/>\n\t<meta property=\"og:image:width\" content=\"1024\" \/>\n\t<meta property=\"og:image:height\" content=\"1024\" \/>\n\t<meta property=\"og:image:type\" content=\"image\/jpeg\" \/>\n<meta name=\"author\" content=\"Jessica Iniestra Montoya\" \/>\n<meta name=\"twitter:card\" content=\"summary_large_image\" \/>\n<meta name=\"twitter:creator\" content=\"@Somos__Hermanos\" \/>\n<meta name=\"twitter:site\" content=\"@Somos__Hermanos\" \/>\n<meta name=\"twitter:label1\" content=\"Escrito por\" \/>\n\t<meta name=\"twitter:data1\" content=\"Jessica Iniestra Montoya\" \/>\n\t<meta name=\"twitter:label2\" content=\"Tiempo de lectura\" \/>\n\t<meta name=\"twitter:data2\" content=\"3 minutos\" \/>\n<script type=\"application\/ld+json\" class=\"yoast-schema-graph\">{\"@context\":\"https:\\\/\\\/schema.org\",\"@graph\":[{\"@type\":\"Article\",\"@id\":\"https:\\\/\\\/somos-hermanos.mx\\\/index.php\\\/2026\\\/03\\\/16\\\/alianza-en-favor-de-la-mujer-fortalece-a-mujeres-vulnerables\\\/#article\",\"isPartOf\":{\"@id\":\"https:\\\/\\\/somos-hermanos.mx\\\/index.php\\\/2026\\\/03\\\/16\\\/alianza-en-favor-de-la-mujer-fortalece-a-mujeres-vulnerables\\\/\"},\"author\":{\"name\":\"Jessica Iniestra Montoya\",\"@id\":\"https:\\\/\\\/somos-hermanos.mx\\\/#\\\/schema\\\/person\\\/556c08a8ffe5461f078f6d4ee7c7edc6\"},\"headline\":\"Alianza en Favor de la Mujer fortalece a mujeres vulnerables\",\"datePublished\":\"2026-03-16T07:00:22+00:00\",\"mainEntityOfPage\":{\"@id\":\"https:\\\/\\\/somos-hermanos.mx\\\/index.php\\\/2026\\\/03\\\/16\\\/alianza-en-favor-de-la-mujer-fortalece-a-mujeres-vulnerables\\\/\"},\"wordCount\":626,\"commentCount\":0,\"publisher\":{\"@id\":\"https:\\\/\\\/somos-hermanos.mx\\\/#organization\"},\"image\":{\"@id\":\"https:\\\/\\\/somos-hermanos.mx\\\/index.php\\\/2026\\\/03\\\/16\\\/alianza-en-favor-de-la-mujer-fortalece-a-mujeres-vulnerables\\\/#primaryimage\"},\"thumbnailUrl\":\"https:\\\/\\\/somos-hermanos.mx\\\/wp-content\\\/uploads\\\/2026\\\/03\\\/WhatsApp-Image-2026-03-13-at-1.32.41-PM-1.jpeg\",\"keywords\":[\"acompa\u00f1amiento terap\u00e9utico\",\"apoyo a mujeres\",\"asesor\u00eda legal\",\"atenci\u00f3n\",\"atenci\u00f3n integral\",\"Atenci\u00f3n psicol\u00f3gica\",\"autonom\u00eda\",\"bienestar emocional\",\"capacitaci\u00f3n para el empleo\",\"contenci\u00f3n emocional\",\"derechos humanos\",\"dificultades econ\u00f3micas\",\"educaci\u00f3n\",\"empoderamiento\",\"entorno seguro\",\"espacios seguros\",\"formaci\u00f3n integral\",\"Fundaci\u00f3n Alianza en Favor de la Mujer\",\"independencia econ\u00f3mica\",\"perspectiva de g\u00e9nero\",\"prevenci\u00f3n\",\"problem\u00e1ticas jur\u00eddicas\",\"programas de capacitaci\u00f3n\",\"salud mental\",\"violencia de g\u00e9nero\",\"vivido violencia\",\"vulnerabilidad econ\u00f3mica\"],\"articleSection\":[\"Noticias\"],\"inLanguage\":\"es\",\"potentialAction\":[{\"@type\":\"CommentAction\",\"name\":\"Comment\",\"target\":[\"https:\\\/\\\/somos-hermanos.mx\\\/index.php\\\/2026\\\/03\\\/16\\\/alianza-en-favor-de-la-mujer-fortalece-a-mujeres-vulnerables\\\/#respond\"]}]},{\"@type\":\"WebPage\",\"@id\":\"https:\\\/\\\/somos-hermanos.mx\\\/index.php\\\/2026\\\/03\\\/16\\\/alianza-en-favor-de-la-mujer-fortalece-a-mujeres-vulnerables\\\/\",\"url\":\"https:\\\/\\\/somos-hermanos.mx\\\/index.php\\\/2026\\\/03\\\/16\\\/alianza-en-favor-de-la-mujer-fortalece-a-mujeres-vulnerables\\\/\",\"name\":\"Alianza en Favor de la Mujer fortalece a mujeres vulnerables - Historias que inspiran...\",\"isPartOf\":{\"@id\":\"https:\\\/\\\/somos-hermanos.mx\\\/#website\"},\"primaryImageOfPage\":{\"@id\":\"https:\\\/\\\/somos-hermanos.mx\\\/index.php\\\/2026\\\/03\\\/16\\\/alianza-en-favor-de-la-mujer-fortalece-a-mujeres-vulnerables\\\/#primaryimage\"},\"image\":{\"@id\":\"https:\\\/\\\/somos-hermanos.mx\\\/index.php\\\/2026\\\/03\\\/16\\\/alianza-en-favor-de-la-mujer-fortalece-a-mujeres-vulnerables\\\/#primaryimage\"},\"thumbnailUrl\":\"https:\\\/\\\/somos-hermanos.mx\\\/wp-content\\\/uploads\\\/2026\\\/03\\\/WhatsApp-Image-2026-03-13-at-1.32.41-PM-1.jpeg\",\"datePublished\":\"2026-03-16T07:00:22+00:00\",\"description\":\"Se ofrece asesor\u00eda legal para de orientar a mujeres que enfrentan problem\u00e1ticas jur\u00eddicos relacionadas con situaciones de violencia\",\"breadcrumb\":{\"@id\":\"https:\\\/\\\/somos-hermanos.mx\\\/index.php\\\/2026\\\/03\\\/16\\\/alianza-en-favor-de-la-mujer-fortalece-a-mujeres-vulnerables\\\/#breadcrumb\"},\"inLanguage\":\"es\",\"potentialAction\":[{\"@type\":\"ReadAction\",\"target\":[\"https:\\\/\\\/somos-hermanos.mx\\\/index.php\\\/2026\\\/03\\\/16\\\/alianza-en-favor-de-la-mujer-fortalece-a-mujeres-vulnerables\\\/\"]}]},{\"@type\":\"ImageObject\",\"inLanguage\":\"es\",\"@id\":\"https:\\\/\\\/somos-hermanos.mx\\\/index.php\\\/2026\\\/03\\\/16\\\/alianza-en-favor-de-la-mujer-fortalece-a-mujeres-vulnerables\\\/#primaryimage\",\"url\":\"https:\\\/\\\/somos-hermanos.mx\\\/wp-content\\\/uploads\\\/2026\\\/03\\\/WhatsApp-Image-2026-03-13-at-1.32.41-PM-1.jpeg\",\"contentUrl\":\"https:\\\/\\\/somos-hermanos.mx\\\/wp-content\\\/uploads\\\/2026\\\/03\\\/WhatsApp-Image-2026-03-13-at-1.32.41-PM-1.jpeg\",\"width\":1024,\"height\":1024},{\"@type\":\"BreadcrumbList\",\"@id\":\"https:\\\/\\\/somos-hermanos.mx\\\/index.php\\\/2026\\\/03\\\/16\\\/alianza-en-favor-de-la-mujer-fortalece-a-mujeres-vulnerables\\\/#breadcrumb\",\"itemListElement\":[{\"@type\":\"ListItem\",\"position\":1,\"name\":\"Inicio\",\"item\":\"https:\\\/\\\/somos-hermanos.mx\\\/\"},{\"@type\":\"ListItem\",\"position\":2,\"name\":\"Alianza en Favor de la Mujer fortalece a mujeres vulnerables\"}]},{\"@type\":\"WebSite\",\"@id\":\"https:\\\/\\\/somos-hermanos.mx\\\/#website\",\"url\":\"https:\\\/\\\/somos-hermanos.mx\\\/\",\"name\":\"Historias que inspiran...\",\"description\":\"Somos la voz del altruismo en M\u00e9xico\",\"publisher\":{\"@id\":\"https:\\\/\\\/somos-hermanos.mx\\\/#organization\"},\"potentialAction\":[{\"@type\":\"SearchAction\",\"target\":{\"@type\":\"EntryPoint\",\"urlTemplate\":\"https:\\\/\\\/somos-hermanos.mx\\\/?s={search_term_string}\"},\"query-input\":{\"@type\":\"PropertyValueSpecification\",\"valueRequired\":true,\"valueName\":\"search_term_string\"}}],\"inLanguage\":\"es\"},{\"@type\":\"Organization\",\"@id\":\"https:\\\/\\\/somos-hermanos.mx\\\/#organization\",\"name\":\"Somos Hermanos\",\"url\":\"https:\\\/\\\/somos-hermanos.mx\\\/\",\"logo\":{\"@type\":\"ImageObject\",\"inLanguage\":\"es\",\"@id\":\"https:\\\/\\\/somos-hermanos.mx\\\/#\\\/schema\\\/logo\\\/image\\\/\",\"url\":\"https:\\\/\\\/somos-hermanos.mx\\\/wp-content\\\/uploads\\\/2025\\\/08\\\/SH30-1.jpeg\",\"contentUrl\":\"https:\\\/\\\/somos-hermanos.mx\\\/wp-content\\\/uploads\\\/2025\\\/08\\\/SH30-1.jpeg\",\"width\":1600,\"height\":1142,\"caption\":\"Somos Hermanos\"},\"image\":{\"@id\":\"https:\\\/\\\/somos-hermanos.mx\\\/#\\\/schema\\\/logo\\\/image\\\/\"},\"sameAs\":[\"https:\\\/\\\/www.facebook.com\\\/SomosHermanosIAP\\\/\",\"https:\\\/\\\/x.com\\\/Somos__Hermanos\",\"https:\\\/\\\/www.instagram.com\\\/somos__hermanos\\\/#\",\"https:\\\/\\\/www.tiktok.com\\\/@somoshermanosiap\",\"https:\\\/\\\/www.youtube.com\\\/@somoshermanosiap1201\\\/videos\"]},{\"@type\":\"Person\",\"@id\":\"https:\\\/\\\/somos-hermanos.mx\\\/#\\\/schema\\\/person\\\/556c08a8ffe5461f078f6d4ee7c7edc6\",\"name\":\"Jessica Iniestra Montoya\",\"image\":{\"@type\":\"ImageObject\",\"inLanguage\":\"es\",\"@id\":\"https:\\\/\\\/secure.gravatar.com\\\/avatar\\\/106ac0d17a09f7597c4b7d5101b852538c07d5e73e903cb99fc44476e15e52aa?s=96&d=mm&r=g\",\"url\":\"https:\\\/\\\/secure.gravatar.com\\\/avatar\\\/106ac0d17a09f7597c4b7d5101b852538c07d5e73e903cb99fc44476e15e52aa?s=96&d=mm&r=g\",\"contentUrl\":\"https:\\\/\\\/secure.gravatar.com\\\/avatar\\\/106ac0d17a09f7597c4b7d5101b852538c07d5e73e903cb99fc44476e15e52aa?s=96&d=mm&r=g\",\"caption\":\"Jessica Iniestra Montoya\"},\"url\":\"https:\\\/\\\/somos-hermanos.mx\\\/index.php\\\/author\\\/jessica-iniestra-montoya\\\/\"}]}<\/script>\n<!-- \/ Yoast SEO plugin. -->","yoast_head_json":{"title":"Alianza en Favor de la Mujer fortalece a mujeres vulnerables - Historias que inspiran...","description":"Se ofrece asesor\u00eda legal para de orientar a mujeres que enfrentan problem\u00e1ticas jur\u00eddicos relacionadas con situaciones de violencia","robots":{"index":"index","follow":"follow","max-snippet":"max-snippet:-1","max-image-preview":"max-image-preview:large","max-video-preview":"max-video-preview:-1"},"canonical":"https:\/\/somos-hermanos.mx\/index.php\/2026\/03\/16\/alianza-en-favor-de-la-mujer-fortalece-a-mujeres-vulnerables\/","og_locale":"es_MX","og_type":"article","og_title":"Alianza en Favor de la Mujer fortalece a mujeres vulnerables - Historias que inspiran...","og_description":"Se ofrece asesor\u00eda legal para de orientar a mujeres que enfrentan problem\u00e1ticas jur\u00eddicos relacionadas con situaciones de violencia","og_url":"https:\/\/somos-hermanos.mx\/index.php\/2026\/03\/16\/alianza-en-favor-de-la-mujer-fortalece-a-mujeres-vulnerables\/","og_site_name":"Historias que inspiran...","article_publisher":"https:\/\/www.facebook.com\/SomosHermanosIAP\/","article_published_time":"2026-03-16T07:00:22+00:00","og_image":[{"width":1024,"height":1024,"url":"https:\/\/somos-hermanos.mx\/wp-content\/uploads\/2026\/03\/WhatsApp-Image-2026-03-13-at-1.32.41-PM-1.jpeg","type":"image\/jpeg"}],"author":"Jessica Iniestra Montoya","twitter_card":"summary_large_image","twitter_creator":"@Somos__Hermanos","twitter_site":"@Somos__Hermanos","twitter_misc":{"Escrito por":"Jessica Iniestra Montoya","Tiempo de lectura":"3 minutos"},"schema":{"@context":"https:\/\/schema.org","@graph":[{"@type":"Article","@id":"https:\/\/somos-hermanos.mx\/index.php\/2026\/03\/16\/alianza-en-favor-de-la-mujer-fortalece-a-mujeres-vulnerables\/#article","isPartOf":{"@id":"https:\/\/somos-hermanos.mx\/index.php\/2026\/03\/16\/alianza-en-favor-de-la-mujer-fortalece-a-mujeres-vulnerables\/"},"author":{"name":"Jessica Iniestra Montoya","@id":"https:\/\/somos-hermanos.mx\/#\/schema\/person\/556c08a8ffe5461f078f6d4ee7c7edc6"},"headline":"Alianza en Favor de la Mujer fortalece a mujeres vulnerables","datePublished":"2026-03-16T07:00:22+00:00","mainEntityOfPage":{"@id":"https:\/\/somos-hermanos.mx\/index.php\/2026\/03\/16\/alianza-en-favor-de-la-mujer-fortalece-a-mujeres-vulnerables\/"},"wordCount":626,"commentCount":0,"publisher":{"@id":"https:\/\/somos-hermanos.mx\/#organization"},"image":{"@id":"https:\/\/somos-hermanos.mx\/index.php\/2026\/03\/16\/alianza-en-favor-de-la-mujer-fortalece-a-mujeres-vulnerables\/#primaryimage"},"thumbnailUrl":"https:\/\/somos-hermanos.mx\/wp-content\/uploads\/2026\/03\/WhatsApp-Image-2026-03-13-at-1.32.41-PM-1.jpeg","keywords":["acompa\u00f1amiento terap\u00e9utico","apoyo a mujeres","asesor\u00eda legal","atenci\u00f3n","atenci\u00f3n integral","Atenci\u00f3n psicol\u00f3gica","autonom\u00eda","bienestar emocional","capacitaci\u00f3n para el empleo","contenci\u00f3n emocional","derechos humanos","dificultades econ\u00f3micas","educaci\u00f3n","empoderamiento","entorno seguro","espacios seguros","formaci\u00f3n integral","Fundaci\u00f3n Alianza en Favor de la Mujer","independencia econ\u00f3mica","perspectiva de g\u00e9nero","prevenci\u00f3n","problem\u00e1ticas jur\u00eddicas","programas de capacitaci\u00f3n","salud mental","violencia de g\u00e9nero","vivido violencia","vulnerabilidad econ\u00f3mica"],"articleSection":["Noticias"],"inLanguage":"es","potentialAction":[{"@type":"CommentAction","name":"Comment","target":["https:\/\/somos-hermanos.mx\/index.php\/2026\/03\/16\/alianza-en-favor-de-la-mujer-fortalece-a-mujeres-vulnerables\/#respond"]}]},{"@type":"WebPage","@id":"https:\/\/somos-hermanos.mx\/index.php\/2026\/03\/16\/alianza-en-favor-de-la-mujer-fortalece-a-mujeres-vulnerables\/","url":"https:\/\/somos-hermanos.mx\/index.php\/2026\/03\/16\/alianza-en-favor-de-la-mujer-fortalece-a-mujeres-vulnerables\/","name":"Alianza en Favor de la Mujer fortalece a mujeres vulnerables - Historias que inspiran...","isPartOf":{"@id":"https:\/\/somos-hermanos.mx\/#website"},"primaryImageOfPage":{"@id":"https:\/\/somos-hermanos.mx\/index.php\/2026\/03\/16\/alianza-en-favor-de-la-mujer-fortalece-a-mujeres-vulnerables\/#primaryimage"},"image":{"@id":"https:\/\/somos-hermanos.mx\/index.php\/2026\/03\/16\/alianza-en-favor-de-la-mujer-fortalece-a-mujeres-vulnerables\/#primaryimage"},"thumbnailUrl":"https:\/\/somos-hermanos.mx\/wp-content\/uploads\/2026\/03\/WhatsApp-Image-2026-03-13-at-1.32.41-PM-1.jpeg","datePublished":"2026-03-16T07:00:22+00:00","description":"Se ofrece asesor\u00eda legal para de orientar a mujeres que enfrentan problem\u00e1ticas jur\u00eddicos relacionadas con situaciones de violencia","breadcrumb":{"@id":"https:\/\/somos-hermanos.mx\/index.php\/2026\/03\/16\/alianza-en-favor-de-la-mujer-fortalece-a-mujeres-vulnerables\/#breadcrumb"},"inLanguage":"es","potentialAction":[{"@type":"ReadAction","target":["https:\/\/somos-hermanos.mx\/index.php\/2026\/03\/16\/alianza-en-favor-de-la-mujer-fortalece-a-mujeres-vulnerables\/"]}]},{"@type":"ImageObject","inLanguage":"es","@id":"https:\/\/somos-hermanos.mx\/index.php\/2026\/03\/16\/alianza-en-favor-de-la-mujer-fortalece-a-mujeres-vulnerables\/#primaryimage","url":"https:\/\/somos-hermanos.mx\/wp-content\/uploads\/2026\/03\/WhatsApp-Image-2026-03-13-at-1.32.41-PM-1.jpeg","contentUrl":"https:\/\/somos-hermanos.mx\/wp-content\/uploads\/2026\/03\/WhatsApp-Image-2026-03-13-at-1.32.41-PM-1.jpeg","width":1024,"height":1024},{"@type":"BreadcrumbList","@id":"https:\/\/somos-hermanos.mx\/index.php\/2026\/03\/16\/alianza-en-favor-de-la-mujer-fortalece-a-mujeres-vulnerables\/#breadcrumb","itemListElement":[{"@type":"ListItem","position":1,"name":"Inicio","item":"https:\/\/somos-hermanos.mx\/"},{"@type":"ListItem","position":2,"name":"Alianza en Favor de la Mujer fortalece a mujeres vulnerables"}]},{"@type":"WebSite","@id":"https:\/\/somos-hermanos.mx\/#website","url":"https:\/\/somos-hermanos.mx\/","name":"Historias que inspiran...","description":"Somos la voz del altruismo en M\u00e9xico","publisher":{"@id":"https:\/\/somos-hermanos.mx\/#organization"},"potentialAction":[{"@type":"SearchAction","target":{"@type":"EntryPoint","urlTemplate":"https:\/\/somos-hermanos.mx\/?s={search_term_string}"},"query-input":{"@type":"PropertyValueSpecification","valueRequired":true,"valueName":"search_term_string"}}],"inLanguage":"es"},{"@type":"Organization","@id":"https:\/\/somos-hermanos.mx\/#organization","name":"Somos Hermanos","url":"https:\/\/somos-hermanos.mx\/","logo":{"@type":"ImageObject","inLanguage":"es","@id":"https:\/\/somos-hermanos.mx\/#\/schema\/logo\/image\/","url":"https:\/\/somos-hermanos.mx\/wp-content\/uploads\/2025\/08\/SH30-1.jpeg","contentUrl":"https:\/\/somos-hermanos.mx\/wp-content\/uploads\/2025\/08\/SH30-1.jpeg","width":1600,"height":1142,"caption":"Somos Hermanos"},"image":{"@id":"https:\/\/somos-hermanos.mx\/#\/schema\/logo\/image\/"},"sameAs":["https:\/\/www.facebook.com\/SomosHermanosIAP\/","https:\/\/x.com\/Somos__Hermanos","https:\/\/www.instagram.com\/somos__hermanos\/#","https:\/\/www.tiktok.com\/@somoshermanosiap","https:\/\/www.youtube.com\/@somoshermanosiap1201\/videos"]},{"@type":"Person","@id":"https:\/\/somos-hermanos.mx\/#\/schema\/person\/556c08a8ffe5461f078f6d4ee7c7edc6","name":"Jessica Iniestra Montoya","image":{"@type":"ImageObject","inLanguage":"es","@id":"https:\/\/secure.gravatar.com\/avatar\/106ac0d17a09f7597c4b7d5101b852538c07d5e73e903cb99fc44476e15e52aa?s=96&d=mm&r=g","url":"https:\/\/secure.gravatar.com\/avatar\/106ac0d17a09f7597c4b7d5101b852538c07d5e73e903cb99fc44476e15e52aa?s=96&d=mm&r=g","contentUrl":"https:\/\/secure.gravatar.com\/avatar\/106ac0d17a09f7597c4b7d5101b852538c07d5e73e903cb99fc44476e15e52aa?s=96&d=mm&r=g","caption":"Jessica Iniestra Montoya"},"url":"https:\/\/somos-hermanos.mx\/index.php\/author\/jessica-iniestra-montoya\/"}]}},"_links":{"self":[{"href":"https:\/\/somos-hermanos.mx\/index.php\/wp-json\/wp\/v2\/posts\/2927","targetHints":{"allow":["GET"]}}],"collection":[{"href":"https:\/\/somos-hermanos.mx\/index.php\/wp-json\/wp\/v2\/posts"}],"about":[{"href":"https:\/\/somos-hermanos.mx\/index.php\/wp-json\/wp\/v2\/types\/post"}],"author":[{"embeddable":true,"href":"https:\/\/somos-hermanos.mx\/index.php\/wp-json\/wp\/v2\/users\/6"}],"replies":[{"embeddable":true,"href":"https:\/\/somos-hermanos.mx\/index.php\/wp-json\/wp\/v2\/comments?post=2927"}],"version-history":[{"count":1,"href":"https:\/\/somos-hermanos.mx\/index.php\/wp-json\/wp\/v2\/posts\/2927\/revisions"}],"predecessor-version":[{"id":2930,"href":"https:\/\/somos-hermanos.mx\/index.php\/wp-json\/wp\/v2\/posts\/2927\/revisions\/2930"}],"wp:featuredmedia":[{"embeddable":true,"href":"https:\/\/somos-hermanos.mx\/index.php\/wp-json\/wp\/v2\/media\/2928"}],"wp:attachment":[{"href":"https:\/\/somos-hermanos.mx\/index.php\/wp-json\/wp\/v2\/media?parent=2927"}],"wp:term":[{"taxonomy":"category","embeddable":true,"href":"https:\/\/somos-hermanos.mx\/index.php\/wp-json\/wp\/v2\/categories?post=2927"},{"taxonomy":"post_tag","embeddable":true,"href":"https:\/\/somos-hermanos.mx\/index.php\/wp-json\/wp\/v2\/tags?post=2927"}],"curies":[{"name":"wp","href":"https:\/\/api.w.org\/{rel}","templated":true}]}}