{"id":2925,"date":"2026-03-13T01:00:03","date_gmt":"2026-03-13T07:00:03","guid":{"rendered":"https:\/\/somos-hermanos.mx\/?p=2925"},"modified":"2026-03-11T23:44:21","modified_gmt":"2026-03-12T05:44:21","slug":"para-integracion-down-iap-convivencia-y-desarrollo-son-la-clave","status":"publish","type":"post","link":"https:\/\/somos-hermanos.mx\/index.php\/2026\/03\/13\/para-integracion-down-iap-convivencia-y-desarrollo-son-la-clave\/","title":{"rendered":"Para Integraci\u00f3n Down IAP, convivencia y desarrollo son la clave"},"content":{"rendered":"<p>Las personas con S\u00edndrome de Down en M\u00e9xico enfrentan problem\u00e1ticas y desaf\u00edos sociales en temas como educaci\u00f3n inclusiva, laboral, salud y autonom\u00eda. Se pronostica que en la Rep\u00fablica Mexicana <strong>existen alrededor de 250,000 personas con este s\u00edndrome <\/strong>y su integraci\u00f3n debe ser una realidad en la sociedad.<\/p>\n<p>Estos retos fueron abordados por un grupo de profesionales destacados en el \u00e1mbito de la educaci\u00f3n especial y padres de familia que, en 1998, fundaron <strong>Integraci\u00f3n Down IAP, con la meta de ofrecer una alternativa educativa y rehabilitatoria con un enfoque integrador<\/strong>.<\/p>\n<p>Derivado de esta intenci\u00f3n, construyeron as\u00ed la primera instituci\u00f3n en M\u00e9xico que promueve la integraci\u00f3n de las infancias con S\u00edndrome de Down a las Escuelas de Educaci\u00f3n B\u00e1sica Regular que comparte su Modelo de Atenci\u00f3n Educativo y Rehabilitador.<\/p>\n<p>Esta instituci\u00f3n interviene en reci\u00e9n nacidos hasta la edad adulta, propiciando el <strong>desarrollo de las capacidades que les permita su integraci\u00f3n familiar, educativa, laboral y sociocultural que mejoren su calidad de vida<\/strong>.<\/p>\n<p>Dentro de sus programas con los que cuenta Integraci\u00f3n Down IAP, se encuentra el fortalecimiento institucional mediante valiosas alianzas como el proyecto <strong>\u201cRecreaci\u00f3n Bajo las Sombras\u201d que fomenta la convivencia y desarrollo de la comunidad<\/strong>, con la instalaci\u00f3n de una velaria donde los alumnos puedan realizar presentaciones, actividades y momentos de convivencia.<\/p>\n<p>Gracias a la colaboraci\u00f3n con Fomento Social AC de Banamex, fue posible la creaci\u00f3n de este espacio dentro de las instalaciones de la instituci\u00f3n y que con el programa Home Runs 2025, el donativo fue la oportunidad para transformar vidas.<\/p>\n<p>Otra de las acciones que promueve la IAP es la venta de garage con causa y el <strong>cat\u00e1logo de vitromosaico, con productos hechos por alumnos de la instituci\u00f3n quienes a trav\u00e9s del arte expresan su talento<\/strong> y con la compra de estos, se fortalecen los talleres y programas de formaci\u00f3n.<\/p>\n<p><strong>\u201cJuntos construimos oportunidades\u201d es el lema de esta OSC que a lo largo de 28 a\u00f1os ha procurado, beneficiado y apoyado a personas con S\u00edndrome de Down<\/strong>, llegando a mejorar y transformar incontables vidas.<\/p>\n<p>Contacto<\/p>\n<p><a href=\"https:\/\/www.integraciondown.org\/index.html\"><em>Integraci\u00f3n Down I.A.P.<\/em><\/a><\/p>\n<p><em>Facebook <\/em><a href=\"https:\/\/es-es.facebook.com\/IntegracionDownIap\"><em>Integracion Down IAP | Mexico City | Facebook<\/em><\/a><\/p>\n<p><em>E-mail: <\/em><a href=\"mailto:hola@integraciondown.org\"><em>hola@integraciondown.org<\/em><\/a><\/p>\n<p><em>Tel\u00e9fonos: 5655-1620\u00a0 5655-2573<\/em><\/p>\n<p><img loading=\"lazy\" decoding=\"async\" class=\"aligncenter wp-image-2919 \" src=\"https:\/\/somos-hermanos.mx\/wp-content\/uploads\/2026\/03\/img-20260311-wa00233602032410346414023-1024x389.jpg\" alt=\"\" width=\"795\" height=\"302\" srcset=\"https:\/\/somos-hermanos.mx\/wp-content\/uploads\/2026\/03\/img-20260311-wa00233602032410346414023-1024x389.jpg 1024w, https:\/\/somos-hermanos.mx\/wp-content\/uploads\/2026\/03\/img-20260311-wa00233602032410346414023-300x114.jpg 300w, https:\/\/somos-hermanos.mx\/wp-content\/uploads\/2026\/03\/img-20260311-wa00233602032410346414023-768x292.jpg 768w, https:\/\/somos-hermanos.mx\/wp-content\/uploads\/2026\/03\/img-20260311-wa00233602032410346414023-1536x584.jpg 1536w, https:\/\/somos-hermanos.mx\/wp-content\/uploads\/2026\/03\/img-20260311-wa00233602032410346414023.jpg 1600w\" sizes=\"auto, (max-width: 795px) 100vw, 795px\" \/><\/p>\n","protected":false},"excerpt":{"rendered":"<p>Las personas con S\u00edndrome de Down en M\u00e9xico enfrentan problem\u00e1ticas y desaf\u00edos sociales en temas como educaci\u00f3n inclusiva, laboral, salud y autonom\u00eda. Se pronostica que en la Rep\u00fablica Mexicana existen alrededor de 250,000 personas con este s\u00edndrome y su integraci\u00f3n debe ser una realidad en la sociedad. Estos retos fueron abordados por un grupo de [&hellip;]<\/p>\n","protected":false},"author":10,"featured_media":2918,"comment_status":"open","ping_status":"closed","sticky":false,"template":"","format":"standard","meta":{"footnotes":""},"categories":[6],"tags":[939,40,4393,1313,296,4387,4390,3998,4388,2226,4394,1284,1641,4389,74,732,4391,4392],"class_list":["post-2925","post","type-post","status-publish","format-standard","has-post-thumbnail","hentry","category-noticias","tag-alternativa-educativa","tag-calidad-de-vida","tag-catalogo-de-vitromosaico","tag-desafios-sociales","tag-educacion-especial","tag-educacion-inclusiva","tag-fomento-social-ac","tag-home-runs-2025","tag-integracion-down-iap","tag-integracion-familiar","tag-juntos-construimos-oportunidades","tag-modelo-de-atencion","tag-programas-de-formacion","tag-recreacion-bajo-las-sombras","tag-republica-mexicana","tag-sindrome-de-down","tag-transformar-vidas","tag-venta-de-garage"],"yoast_head":"<!-- This site is optimized with the Yoast SEO plugin v27.5 - https:\/\/yoast.com\/product\/yoast-seo-wordpress\/ -->\n<title>Para Integraci\u00f3n Down IAP, convivencia y desarrollo son la clave - Historias que inspiran...<\/title>\n<meta name=\"description\" content=\"Primera instituci\u00f3n en M\u00e9xico que promueve la integraci\u00f3n de las infancias con S\u00edndrome de Down a las Escuelas de Educaci\u00f3n B\u00e1sica Regular\" \/>\n<meta name=\"robots\" content=\"index, follow, max-snippet:-1, max-image-preview:large, max-video-preview:-1\" \/>\n<link rel=\"canonical\" href=\"https:\/\/somos-hermanos.mx\/index.php\/2026\/03\/13\/para-integracion-down-iap-convivencia-y-desarrollo-son-la-clave\/\" \/>\n<meta property=\"og:locale\" content=\"es_MX\" \/>\n<meta property=\"og:type\" content=\"article\" \/>\n<meta property=\"og:title\" content=\"Para Integraci\u00f3n Down IAP, convivencia y desarrollo son la clave - Historias que inspiran...\" \/>\n<meta property=\"og:description\" content=\"Primera instituci\u00f3n en M\u00e9xico que promueve la integraci\u00f3n de las infancias con S\u00edndrome de Down a las Escuelas de Educaci\u00f3n B\u00e1sica Regular\" \/>\n<meta property=\"og:url\" content=\"https:\/\/somos-hermanos.mx\/index.php\/2026\/03\/13\/para-integracion-down-iap-convivencia-y-desarrollo-son-la-clave\/\" \/>\n<meta property=\"og:site_name\" content=\"Historias que inspiran...\" \/>\n<meta property=\"article:publisher\" content=\"https:\/\/www.facebook.com\/SomosHermanosIAP\/\" \/>\n<meta property=\"article:published_time\" content=\"2026-03-13T07:00:03+00:00\" \/>\n<meta property=\"og:image\" content=\"https:\/\/somos-hermanos.mx\/wp-content\/uploads\/2026\/03\/img-20260311-wa00242046489793989098561.jpg\" \/>\n\t<meta property=\"og:image:width\" content=\"960\" \/>\n\t<meta property=\"og:image:height\" content=\"1280\" \/>\n\t<meta property=\"og:image:type\" content=\"image\/jpeg\" \/>\n<meta name=\"author\" content=\"Carlos Hernandez Huerta\" \/>\n<meta name=\"twitter:card\" content=\"summary_large_image\" \/>\n<meta name=\"twitter:creator\" content=\"@Somos__Hermanos\" \/>\n<meta name=\"twitter:site\" content=\"@Somos__Hermanos\" \/>\n<meta name=\"twitter:label1\" content=\"Escrito por\" \/>\n\t<meta name=\"twitter:data1\" content=\"Carlos Hernandez Huerta\" \/>\n\t<meta name=\"twitter:label2\" content=\"Tiempo de lectura\" \/>\n\t<meta name=\"twitter:data2\" content=\"3 minutos\" \/>\n<script type=\"application\/ld+json\" class=\"yoast-schema-graph\">{\"@context\":\"https:\\\/\\\/schema.org\",\"@graph\":[{\"@type\":\"Article\",\"@id\":\"https:\\\/\\\/somos-hermanos.mx\\\/index.php\\\/2026\\\/03\\\/13\\\/para-integracion-down-iap-convivencia-y-desarrollo-son-la-clave\\\/#article\",\"isPartOf\":{\"@id\":\"https:\\\/\\\/somos-hermanos.mx\\\/index.php\\\/2026\\\/03\\\/13\\\/para-integracion-down-iap-convivencia-y-desarrollo-son-la-clave\\\/\"},\"author\":{\"name\":\"Carlos Hernandez Huerta\",\"@id\":\"https:\\\/\\\/somos-hermanos.mx\\\/#\\\/schema\\\/person\\\/2466d21e6ade208f45dbc821298d62b6\"},\"headline\":\"Para Integraci\u00f3n Down IAP, convivencia y desarrollo son la clave\",\"datePublished\":\"2026-03-13T07:00:03+00:00\",\"mainEntityOfPage\":{\"@id\":\"https:\\\/\\\/somos-hermanos.mx\\\/index.php\\\/2026\\\/03\\\/13\\\/para-integracion-down-iap-convivencia-y-desarrollo-son-la-clave\\\/\"},\"wordCount\":398,\"commentCount\":0,\"publisher\":{\"@id\":\"https:\\\/\\\/somos-hermanos.mx\\\/#organization\"},\"image\":{\"@id\":\"https:\\\/\\\/somos-hermanos.mx\\\/index.php\\\/2026\\\/03\\\/13\\\/para-integracion-down-iap-convivencia-y-desarrollo-son-la-clave\\\/#primaryimage\"},\"thumbnailUrl\":\"https:\\\/\\\/somos-hermanos.mx\\\/wp-content\\\/uploads\\\/2026\\\/03\\\/img-20260311-wa00242046489793989098561.jpg\",\"keywords\":[\"alternativa educativa\",\"calidad de vida\",\"cat\u00e1logo de vitromosaico\",\"desaf\u00edos sociales\",\"Educaci\u00f3n especial\",\"educaci\u00f3n inclusiva\",\"Fomento Social AC\",\"Home Runs 2025\",\"Integraci\u00f3n Down IAP\",\"Integraci\u00f3n Familiar\",\"Juntos construimos oportunidades\",\"modelo de atenci\u00f3n\",\"programas de formaci\u00f3n\",\"Recreaci\u00f3n Bajo las Sombras\",\"Rep\u00fablica Mexicana\",\"S\u00edndrome de Down\",\"transformar vidas\",\"venta de garage\"],\"articleSection\":[\"Noticias\"],\"inLanguage\":\"es\",\"potentialAction\":[{\"@type\":\"CommentAction\",\"name\":\"Comment\",\"target\":[\"https:\\\/\\\/somos-hermanos.mx\\\/index.php\\\/2026\\\/03\\\/13\\\/para-integracion-down-iap-convivencia-y-desarrollo-son-la-clave\\\/#respond\"]}]},{\"@type\":\"WebPage\",\"@id\":\"https:\\\/\\\/somos-hermanos.mx\\\/index.php\\\/2026\\\/03\\\/13\\\/para-integracion-down-iap-convivencia-y-desarrollo-son-la-clave\\\/\",\"url\":\"https:\\\/\\\/somos-hermanos.mx\\\/index.php\\\/2026\\\/03\\\/13\\\/para-integracion-down-iap-convivencia-y-desarrollo-son-la-clave\\\/\",\"name\":\"Para Integraci\u00f3n Down IAP, convivencia y desarrollo son la clave - Historias que inspiran...\",\"isPartOf\":{\"@id\":\"https:\\\/\\\/somos-hermanos.mx\\\/#website\"},\"primaryImageOfPage\":{\"@id\":\"https:\\\/\\\/somos-hermanos.mx\\\/index.php\\\/2026\\\/03\\\/13\\\/para-integracion-down-iap-convivencia-y-desarrollo-son-la-clave\\\/#primaryimage\"},\"image\":{\"@id\":\"https:\\\/\\\/somos-hermanos.mx\\\/index.php\\\/2026\\\/03\\\/13\\\/para-integracion-down-iap-convivencia-y-desarrollo-son-la-clave\\\/#primaryimage\"},\"thumbnailUrl\":\"https:\\\/\\\/somos-hermanos.mx\\\/wp-content\\\/uploads\\\/2026\\\/03\\\/img-20260311-wa00242046489793989098561.jpg\",\"datePublished\":\"2026-03-13T07:00:03+00:00\",\"description\":\"Primera instituci\u00f3n en M\u00e9xico que promueve la integraci\u00f3n de las infancias con S\u00edndrome de Down a las Escuelas de Educaci\u00f3n B\u00e1sica Regular\",\"breadcrumb\":{\"@id\":\"https:\\\/\\\/somos-hermanos.mx\\\/index.php\\\/2026\\\/03\\\/13\\\/para-integracion-down-iap-convivencia-y-desarrollo-son-la-clave\\\/#breadcrumb\"},\"inLanguage\":\"es\",\"potentialAction\":[{\"@type\":\"ReadAction\",\"target\":[\"https:\\\/\\\/somos-hermanos.mx\\\/index.php\\\/2026\\\/03\\\/13\\\/para-integracion-down-iap-convivencia-y-desarrollo-son-la-clave\\\/\"]}]},{\"@type\":\"ImageObject\",\"inLanguage\":\"es\",\"@id\":\"https:\\\/\\\/somos-hermanos.mx\\\/index.php\\\/2026\\\/03\\\/13\\\/para-integracion-down-iap-convivencia-y-desarrollo-son-la-clave\\\/#primaryimage\",\"url\":\"https:\\\/\\\/somos-hermanos.mx\\\/wp-content\\\/uploads\\\/2026\\\/03\\\/img-20260311-wa00242046489793989098561.jpg\",\"contentUrl\":\"https:\\\/\\\/somos-hermanos.mx\\\/wp-content\\\/uploads\\\/2026\\\/03\\\/img-20260311-wa00242046489793989098561.jpg\",\"width\":960,\"height\":1280},{\"@type\":\"BreadcrumbList\",\"@id\":\"https:\\\/\\\/somos-hermanos.mx\\\/index.php\\\/2026\\\/03\\\/13\\\/para-integracion-down-iap-convivencia-y-desarrollo-son-la-clave\\\/#breadcrumb\",\"itemListElement\":[{\"@type\":\"ListItem\",\"position\":1,\"name\":\"Inicio\",\"item\":\"https:\\\/\\\/somos-hermanos.mx\\\/\"},{\"@type\":\"ListItem\",\"position\":2,\"name\":\"Para Integraci\u00f3n Down IAP, convivencia y desarrollo son la clave\"}]},{\"@type\":\"WebSite\",\"@id\":\"https:\\\/\\\/somos-hermanos.mx\\\/#website\",\"url\":\"https:\\\/\\\/somos-hermanos.mx\\\/\",\"name\":\"Historias que inspiran...\",\"description\":\"Somos la voz del altruismo en M\u00e9xico\",\"publisher\":{\"@id\":\"https:\\\/\\\/somos-hermanos.mx\\\/#organization\"},\"potentialAction\":[{\"@type\":\"SearchAction\",\"target\":{\"@type\":\"EntryPoint\",\"urlTemplate\":\"https:\\\/\\\/somos-hermanos.mx\\\/?s={search_term_string}\"},\"query-input\":{\"@type\":\"PropertyValueSpecification\",\"valueRequired\":true,\"valueName\":\"search_term_string\"}}],\"inLanguage\":\"es\"},{\"@type\":\"Organization\",\"@id\":\"https:\\\/\\\/somos-hermanos.mx\\\/#organization\",\"name\":\"Somos Hermanos\",\"url\":\"https:\\\/\\\/somos-hermanos.mx\\\/\",\"logo\":{\"@type\":\"ImageObject\",\"inLanguage\":\"es\",\"@id\":\"https:\\\/\\\/somos-hermanos.mx\\\/#\\\/schema\\\/logo\\\/image\\\/\",\"url\":\"https:\\\/\\\/somos-hermanos.mx\\\/wp-content\\\/uploads\\\/2025\\\/08\\\/SH30-1.jpeg\",\"contentUrl\":\"https:\\\/\\\/somos-hermanos.mx\\\/wp-content\\\/uploads\\\/2025\\\/08\\\/SH30-1.jpeg\",\"width\":1600,\"height\":1142,\"caption\":\"Somos Hermanos\"},\"image\":{\"@id\":\"https:\\\/\\\/somos-hermanos.mx\\\/#\\\/schema\\\/logo\\\/image\\\/\"},\"sameAs\":[\"https:\\\/\\\/www.facebook.com\\\/SomosHermanosIAP\\\/\",\"https:\\\/\\\/x.com\\\/Somos__Hermanos\",\"https:\\\/\\\/www.instagram.com\\\/somos__hermanos\\\/#\",\"https:\\\/\\\/www.tiktok.com\\\/@somoshermanosiap\",\"https:\\\/\\\/www.youtube.com\\\/@somoshermanosiap1201\\\/videos\"]},{\"@type\":\"Person\",\"@id\":\"https:\\\/\\\/somos-hermanos.mx\\\/#\\\/schema\\\/person\\\/2466d21e6ade208f45dbc821298d62b6\",\"name\":\"Carlos Hernandez Huerta\",\"image\":{\"@type\":\"ImageObject\",\"inLanguage\":\"es\",\"@id\":\"https:\\\/\\\/secure.gravatar.com\\\/avatar\\\/51f6e8e89626306c560ccd8823655e34da99a1f976b5f71bb93591c6b45fd128?s=96&d=mm&r=g\",\"url\":\"https:\\\/\\\/secure.gravatar.com\\\/avatar\\\/51f6e8e89626306c560ccd8823655e34da99a1f976b5f71bb93591c6b45fd128?s=96&d=mm&r=g\",\"contentUrl\":\"https:\\\/\\\/secure.gravatar.com\\\/avatar\\\/51f6e8e89626306c560ccd8823655e34da99a1f976b5f71bb93591c6b45fd128?s=96&d=mm&r=g\",\"caption\":\"Carlos Hernandez Huerta\"},\"url\":\"https:\\\/\\\/somos-hermanos.mx\\\/index.php\\\/author\\\/carlos-hernandez-huerta\\\/\"}]}<\/script>\n<!-- \/ Yoast SEO plugin. -->","yoast_head_json":{"title":"Para Integraci\u00f3n Down IAP, convivencia y desarrollo son la clave - Historias que inspiran...","description":"Primera instituci\u00f3n en M\u00e9xico que promueve la integraci\u00f3n de las infancias con S\u00edndrome de Down a las Escuelas de Educaci\u00f3n B\u00e1sica Regular","robots":{"index":"index","follow":"follow","max-snippet":"max-snippet:-1","max-image-preview":"max-image-preview:large","max-video-preview":"max-video-preview:-1"},"canonical":"https:\/\/somos-hermanos.mx\/index.php\/2026\/03\/13\/para-integracion-down-iap-convivencia-y-desarrollo-son-la-clave\/","og_locale":"es_MX","og_type":"article","og_title":"Para Integraci\u00f3n Down IAP, convivencia y desarrollo son la clave - Historias que inspiran...","og_description":"Primera instituci\u00f3n en M\u00e9xico que promueve la integraci\u00f3n de las infancias con S\u00edndrome de Down a las Escuelas de Educaci\u00f3n B\u00e1sica Regular","og_url":"https:\/\/somos-hermanos.mx\/index.php\/2026\/03\/13\/para-integracion-down-iap-convivencia-y-desarrollo-son-la-clave\/","og_site_name":"Historias que inspiran...","article_publisher":"https:\/\/www.facebook.com\/SomosHermanosIAP\/","article_published_time":"2026-03-13T07:00:03+00:00","og_image":[{"width":960,"height":1280,"url":"https:\/\/somos-hermanos.mx\/wp-content\/uploads\/2026\/03\/img-20260311-wa00242046489793989098561.jpg","type":"image\/jpeg"}],"author":"Carlos Hernandez Huerta","twitter_card":"summary_large_image","twitter_creator":"@Somos__Hermanos","twitter_site":"@Somos__Hermanos","twitter_misc":{"Escrito por":"Carlos Hernandez Huerta","Tiempo de lectura":"3 minutos"},"schema":{"@context":"https:\/\/schema.org","@graph":[{"@type":"Article","@id":"https:\/\/somos-hermanos.mx\/index.php\/2026\/03\/13\/para-integracion-down-iap-convivencia-y-desarrollo-son-la-clave\/#article","isPartOf":{"@id":"https:\/\/somos-hermanos.mx\/index.php\/2026\/03\/13\/para-integracion-down-iap-convivencia-y-desarrollo-son-la-clave\/"},"author":{"name":"Carlos Hernandez Huerta","@id":"https:\/\/somos-hermanos.mx\/#\/schema\/person\/2466d21e6ade208f45dbc821298d62b6"},"headline":"Para Integraci\u00f3n Down IAP, convivencia y desarrollo son la clave","datePublished":"2026-03-13T07:00:03+00:00","mainEntityOfPage":{"@id":"https:\/\/somos-hermanos.mx\/index.php\/2026\/03\/13\/para-integracion-down-iap-convivencia-y-desarrollo-son-la-clave\/"},"wordCount":398,"commentCount":0,"publisher":{"@id":"https:\/\/somos-hermanos.mx\/#organization"},"image":{"@id":"https:\/\/somos-hermanos.mx\/index.php\/2026\/03\/13\/para-integracion-down-iap-convivencia-y-desarrollo-son-la-clave\/#primaryimage"},"thumbnailUrl":"https:\/\/somos-hermanos.mx\/wp-content\/uploads\/2026\/03\/img-20260311-wa00242046489793989098561.jpg","keywords":["alternativa educativa","calidad de vida","cat\u00e1logo de vitromosaico","desaf\u00edos sociales","Educaci\u00f3n especial","educaci\u00f3n inclusiva","Fomento Social AC","Home Runs 2025","Integraci\u00f3n Down IAP","Integraci\u00f3n Familiar","Juntos construimos oportunidades","modelo de atenci\u00f3n","programas de formaci\u00f3n","Recreaci\u00f3n Bajo las Sombras","Rep\u00fablica Mexicana","S\u00edndrome de Down","transformar vidas","venta de garage"],"articleSection":["Noticias"],"inLanguage":"es","potentialAction":[{"@type":"CommentAction","name":"Comment","target":["https:\/\/somos-hermanos.mx\/index.php\/2026\/03\/13\/para-integracion-down-iap-convivencia-y-desarrollo-son-la-clave\/#respond"]}]},{"@type":"WebPage","@id":"https:\/\/somos-hermanos.mx\/index.php\/2026\/03\/13\/para-integracion-down-iap-convivencia-y-desarrollo-son-la-clave\/","url":"https:\/\/somos-hermanos.mx\/index.php\/2026\/03\/13\/para-integracion-down-iap-convivencia-y-desarrollo-son-la-clave\/","name":"Para Integraci\u00f3n Down IAP, convivencia y desarrollo son la clave - Historias que inspiran...","isPartOf":{"@id":"https:\/\/somos-hermanos.mx\/#website"},"primaryImageOfPage":{"@id":"https:\/\/somos-hermanos.mx\/index.php\/2026\/03\/13\/para-integracion-down-iap-convivencia-y-desarrollo-son-la-clave\/#primaryimage"},"image":{"@id":"https:\/\/somos-hermanos.mx\/index.php\/2026\/03\/13\/para-integracion-down-iap-convivencia-y-desarrollo-son-la-clave\/#primaryimage"},"thumbnailUrl":"https:\/\/somos-hermanos.mx\/wp-content\/uploads\/2026\/03\/img-20260311-wa00242046489793989098561.jpg","datePublished":"2026-03-13T07:00:03+00:00","description":"Primera instituci\u00f3n en M\u00e9xico que promueve la integraci\u00f3n de las infancias con S\u00edndrome de Down a las Escuelas de Educaci\u00f3n B\u00e1sica Regular","breadcrumb":{"@id":"https:\/\/somos-hermanos.mx\/index.php\/2026\/03\/13\/para-integracion-down-iap-convivencia-y-desarrollo-son-la-clave\/#breadcrumb"},"inLanguage":"es","potentialAction":[{"@type":"ReadAction","target":["https:\/\/somos-hermanos.mx\/index.php\/2026\/03\/13\/para-integracion-down-iap-convivencia-y-desarrollo-son-la-clave\/"]}]},{"@type":"ImageObject","inLanguage":"es","@id":"https:\/\/somos-hermanos.mx\/index.php\/2026\/03\/13\/para-integracion-down-iap-convivencia-y-desarrollo-son-la-clave\/#primaryimage","url":"https:\/\/somos-hermanos.mx\/wp-content\/uploads\/2026\/03\/img-20260311-wa00242046489793989098561.jpg","contentUrl":"https:\/\/somos-hermanos.mx\/wp-content\/uploads\/2026\/03\/img-20260311-wa00242046489793989098561.jpg","width":960,"height":1280},{"@type":"BreadcrumbList","@id":"https:\/\/somos-hermanos.mx\/index.php\/2026\/03\/13\/para-integracion-down-iap-convivencia-y-desarrollo-son-la-clave\/#breadcrumb","itemListElement":[{"@type":"ListItem","position":1,"name":"Inicio","item":"https:\/\/somos-hermanos.mx\/"},{"@type":"ListItem","position":2,"name":"Para Integraci\u00f3n Down IAP, convivencia y desarrollo son la clave"}]},{"@type":"WebSite","@id":"https:\/\/somos-hermanos.mx\/#website","url":"https:\/\/somos-hermanos.mx\/","name":"Historias que inspiran...","description":"Somos la voz del altruismo en M\u00e9xico","publisher":{"@id":"https:\/\/somos-hermanos.mx\/#organization"},"potentialAction":[{"@type":"SearchAction","target":{"@type":"EntryPoint","urlTemplate":"https:\/\/somos-hermanos.mx\/?s={search_term_string}"},"query-input":{"@type":"PropertyValueSpecification","valueRequired":true,"valueName":"search_term_string"}}],"inLanguage":"es"},{"@type":"Organization","@id":"https:\/\/somos-hermanos.mx\/#organization","name":"Somos Hermanos","url":"https:\/\/somos-hermanos.mx\/","logo":{"@type":"ImageObject","inLanguage":"es","@id":"https:\/\/somos-hermanos.mx\/#\/schema\/logo\/image\/","url":"https:\/\/somos-hermanos.mx\/wp-content\/uploads\/2025\/08\/SH30-1.jpeg","contentUrl":"https:\/\/somos-hermanos.mx\/wp-content\/uploads\/2025\/08\/SH30-1.jpeg","width":1600,"height":1142,"caption":"Somos Hermanos"},"image":{"@id":"https:\/\/somos-hermanos.mx\/#\/schema\/logo\/image\/"},"sameAs":["https:\/\/www.facebook.com\/SomosHermanosIAP\/","https:\/\/x.com\/Somos__Hermanos","https:\/\/www.instagram.com\/somos__hermanos\/#","https:\/\/www.tiktok.com\/@somoshermanosiap","https:\/\/www.youtube.com\/@somoshermanosiap1201\/videos"]},{"@type":"Person","@id":"https:\/\/somos-hermanos.mx\/#\/schema\/person\/2466d21e6ade208f45dbc821298d62b6","name":"Carlos Hernandez Huerta","image":{"@type":"ImageObject","inLanguage":"es","@id":"https:\/\/secure.gravatar.com\/avatar\/51f6e8e89626306c560ccd8823655e34da99a1f976b5f71bb93591c6b45fd128?s=96&d=mm&r=g","url":"https:\/\/secure.gravatar.com\/avatar\/51f6e8e89626306c560ccd8823655e34da99a1f976b5f71bb93591c6b45fd128?s=96&d=mm&r=g","contentUrl":"https:\/\/secure.gravatar.com\/avatar\/51f6e8e89626306c560ccd8823655e34da99a1f976b5f71bb93591c6b45fd128?s=96&d=mm&r=g","caption":"Carlos Hernandez Huerta"},"url":"https:\/\/somos-hermanos.mx\/index.php\/author\/carlos-hernandez-huerta\/"}]}},"_links":{"self":[{"href":"https:\/\/somos-hermanos.mx\/index.php\/wp-json\/wp\/v2\/posts\/2925","targetHints":{"allow":["GET"]}}],"collection":[{"href":"https:\/\/somos-hermanos.mx\/index.php\/wp-json\/wp\/v2\/posts"}],"about":[{"href":"https:\/\/somos-hermanos.mx\/index.php\/wp-json\/wp\/v2\/types\/post"}],"author":[{"embeddable":true,"href":"https:\/\/somos-hermanos.mx\/index.php\/wp-json\/wp\/v2\/users\/10"}],"replies":[{"embeddable":true,"href":"https:\/\/somos-hermanos.mx\/index.php\/wp-json\/wp\/v2\/comments?post=2925"}],"version-history":[{"count":1,"href":"https:\/\/somos-hermanos.mx\/index.php\/wp-json\/wp\/v2\/posts\/2925\/revisions"}],"predecessor-version":[{"id":2926,"href":"https:\/\/somos-hermanos.mx\/index.php\/wp-json\/wp\/v2\/posts\/2925\/revisions\/2926"}],"wp:featuredmedia":[{"embeddable":true,"href":"https:\/\/somos-hermanos.mx\/index.php\/wp-json\/wp\/v2\/media\/2918"}],"wp:attachment":[{"href":"https:\/\/somos-hermanos.mx\/index.php\/wp-json\/wp\/v2\/media?parent=2925"}],"wp:term":[{"taxonomy":"category","embeddable":true,"href":"https:\/\/somos-hermanos.mx\/index.php\/wp-json\/wp\/v2\/categories?post=2925"},{"taxonomy":"post_tag","embeddable":true,"href":"https:\/\/somos-hermanos.mx\/index.php\/wp-json\/wp\/v2\/tags?post=2925"}],"curies":[{"name":"wp","href":"https:\/\/api.w.org\/{rel}","templated":true}]}}