{"id":2923,"date":"2026-03-12T02:00:30","date_gmt":"2026-03-12T08:00:30","guid":{"rendered":"https:\/\/somos-hermanos.mx\/?p=2923"},"modified":"2026-03-11T23:36:55","modified_gmt":"2026-03-12T05:36:55","slug":"la-gaviota-educacion-y-rehabilitacion-que-transforma-vidas","status":"publish","type":"post","link":"https:\/\/somos-hermanos.mx\/index.php\/2026\/03\/12\/la-gaviota-educacion-y-rehabilitacion-que-transforma-vidas\/","title":{"rendered":"La Gaviota: Educaci\u00f3n y rehabilitaci\u00f3n que transforma vidas"},"content":{"rendered":"<p>La Gaviota IAP impulsa la educaci\u00f3n preescolar inclusiva y la rehabilitaci\u00f3n para ni\u00f1as y ni\u00f1os con discapacidad neuromotora, acompa\u00f1ando tambi\u00e9n a sus familias para construir un futuro con m\u00e1s oportunidades.<\/p>\n<p>En M\u00e9xico, muchas ni\u00f1as y ni\u00f1os con discapacidad enfrentan obst\u00e1culos para acceder a educaci\u00f3n temprana y terapias especializadas. Frente a esta realidad, <strong>La Gaviota IAP<\/strong> trabaja desde hace d\u00e9cadas para ofrecer atenci\u00f3n integral que combine aprendizaje, rehabilitaci\u00f3n y acompa\u00f1amiento familiar.<\/p>\n<p>La instituci\u00f3n brinda <strong>educaci\u00f3n preescolar y servicios de rehabilitaci\u00f3n a menores con y sin discapacidad neuromotora<\/strong>, promoviendo un modelo de inclusi\u00f3n donde cada ni\u00f1a y ni\u00f1o pueda desarrollar sus habilidades y convivir en igualdad de condiciones.<\/p>\n<p><strong>Una historia dedicada a la ni\u00f1ez<\/strong><\/p>\n<p>La historia de La Gaviota comenz\u00f3 como una iniciativa para atender a la infancia en situaci\u00f3n vulnerable. Con el paso del tiempo, el proyecto evolucion\u00f3 hasta consolidarse como un centro especializado en <strong>educaci\u00f3n inclusiva y rehabilitaci\u00f3n infantil<\/strong>.<\/p>\n<p>Hoy, la organizaci\u00f3n contin\u00faa fortaleciendo su misi\u00f3n de brindar a las ni\u00f1as y ni\u00f1os con discapacidad las herramientas necesarias para integrarse a la educaci\u00f3n regular y participar activamente en la sociedad.<\/p>\n<p><strong>Educaci\u00f3n y rehabilitaci\u00f3n en un mismo espacio<\/strong><\/p>\n<p>Uno de los pilares del trabajo de La Gaviota es su modelo educativo inclusivo, donde ni\u00f1as y ni\u00f1os con discapacidad comparten el aula con menores de desarrollo t\u00edpico. Este enfoque fomenta el respeto, la empat\u00eda y la convivencia desde los primeros a\u00f1os de vida.<\/p>\n<p>Entre los servicios que ofrece la instituci\u00f3n destacan:<\/p>\n<ol>\n<li>Educaci\u00f3n preescolar inclusiva<br \/>\n2. Terapia f\u00edsica<br \/>\n3. Terapia de lenguaje<br \/>\n4. Terapia ocupacional<br \/>\n5. Estimulaci\u00f3n temprana<br \/>\n6. Apoyo psicol\u00f3gico y orientaci\u00f3n familiar<\/li>\n<\/ol>\n<p>El objetivo es que cada ni\u00f1o reciba la atenci\u00f3n necesaria para fortalecer su desarrollo f\u00edsico, cognitivo y emocional.<\/p>\n<p><strong>Un acompa\u00f1amiento que llega a las familias<\/strong><\/p>\n<p>La Gaviota tambi\u00e9n trabaja de cerca con madres, padres y cuidadores, brindando orientaci\u00f3n y herramientas para enfrentar los retos que implica la discapacidad en la infancia.<\/p>\n<p>Este acompa\u00f1amiento fortalece las redes de apoyo y ayuda a que las familias se conviertan en aliadas fundamentales en el proceso de desarrollo de sus hijas e hijos.<\/p>\n<p><strong>Movilizar a la sociedad por la inclusi\u00f3n<\/strong><\/p>\n<p>Adem\u00e1s de sus programas educativos y terap\u00e9uticos, la organizaci\u00f3n impulsa iniciativas comunitarias para sensibilizar a la sociedad sobre la importancia de la inclusi\u00f3n. Entre ellas destaca su <strong>carrera anual con causa<\/strong>, un evento que busca recaudar fondos para continuar brindando terapias y educaci\u00f3n a los menores atendidos.<\/p>\n<p><strong>Un compromiso con el derecho a la infancia<\/strong><\/p>\n<p>De acuerdo con <strong>UNICEF<\/strong>, millones de ni\u00f1as y ni\u00f1os con discapacidad en el mundo a\u00fan enfrentan exclusi\u00f3n educativa y social. El <strong>D\u00eda Mundial de la Infancia<\/strong>, promovido por la ONU, recuerda la importancia de garantizar entornos donde todos los menores puedan desarrollarse plenamente.<\/p>\n<p>En ese contexto, el trabajo de La Gaviota IAP representa un ejemplo de c\u00f3mo la sociedad civil puede impulsar cambios reales, creando espacios donde la inclusi\u00f3n no sea una aspiraci\u00f3n, sino una pr\u00e1ctica cotidiana.<\/p>\n<p>En cada aula y en cada terapia, La Gaviota demuestra que cuando la infancia recibe apoyo, educaci\u00f3n y oportunidades, <strong>el potencial de cada ni\u00f1a y ni\u00f1o puede desplegarse sin l\u00edmites<\/strong>.<\/p>\n<p><img loading=\"lazy\" decoding=\"async\" class=\"aligncenter wp-image-2917 \" src=\"https:\/\/somos-hermanos.mx\/wp-content\/uploads\/2026\/03\/img-20260311-wa00194857677269279326752-1024x379.jpg\" alt=\"\" width=\"638\" height=\"236\" srcset=\"https:\/\/somos-hermanos.mx\/wp-content\/uploads\/2026\/03\/img-20260311-wa00194857677269279326752-1024x379.jpg 1024w, https:\/\/somos-hermanos.mx\/wp-content\/uploads\/2026\/03\/img-20260311-wa00194857677269279326752-300x111.jpg 300w, https:\/\/somos-hermanos.mx\/wp-content\/uploads\/2026\/03\/img-20260311-wa00194857677269279326752-768x284.jpg 768w, https:\/\/somos-hermanos.mx\/wp-content\/uploads\/2026\/03\/img-20260311-wa00194857677269279326752-1536x568.jpg 1536w, https:\/\/somos-hermanos.mx\/wp-content\/uploads\/2026\/03\/img-20260311-wa00194857677269279326752.jpg 1600w\" sizes=\"auto, (max-width: 638px) 100vw, 638px\" \/><\/p>\n","protected":false},"excerpt":{"rendered":"<p>La Gaviota IAP impulsa la educaci\u00f3n preescolar inclusiva y la rehabilitaci\u00f3n para ni\u00f1as y ni\u00f1os con discapacidad neuromotora, acompa\u00f1ando tambi\u00e9n a sus familias para construir un futuro con m\u00e1s oportunidades. En M\u00e9xico, muchas ni\u00f1as y ni\u00f1os con discapacidad enfrentan obst\u00e1culos para acceder a educaci\u00f3n temprana y terapias especializadas. Frente a esta realidad, La Gaviota IAP [&hellip;]<\/p>\n","protected":false},"author":14,"featured_media":2913,"comment_status":"open","ping_status":"closed","sticky":false,"template":"","format":"standard","meta":{"footnotes":""},"categories":[6],"tags":[1161,2741,67,4385,4381,853,2277,4384,4376,4374,4383,4378,2781,4386,987,4380,4373,4379,4382,4377,2238,1656,4375,2769,228,145,3476,2364,917,1336,203],"class_list":["post-2923","post","type-post","status-publish","format-standard","has-post-thumbnail","hentry","category-noticias","tag-apoyo-psicologico","tag-aprendizaje","tag-atencion-integral","tag-carrera-anual","tag-centro-especializado","tag-desarrollo-fisico","tag-dia-mundial-de-la-infancia","tag-discapacidad-en-la-infancia","tag-discapacidad-neuromotora","tag-educacion-preescolar","tag-educacion-preescolar-inclusiva","tag-educacion-temprana","tag-estimulacion-temprana","tag-exclusion-educativa","tag-iap","tag-igualdad-de-condiciones","tag-la-gaviota","tag-modelo-de-inclusion","tag-ninos-con-discapacidad","tag-obstaculos","tag-orientacion-familiar","tag-redes-de-apoyo","tag-rehabilitacion","tag-servicios-de-rehabilitacion","tag-situacion-vulnerable","tag-sociedad-civil","tag-terapia-de-lenguaje","tag-terapia-fisica","tag-terapia-ocupacional","tag-terapias-especializadas","tag-unicef"],"yoast_head":"<!-- This site is optimized with the Yoast SEO plugin v27.5 - https:\/\/yoast.com\/product\/yoast-seo-wordpress\/ -->\n<title>La Gaviota: Educaci\u00f3n y rehabilitaci\u00f3n que transforma vidas - Historias que inspiran...<\/title>\n<meta name=\"description\" content=\"El proyecto evolucion\u00f3 hasta consolidarse como un centro especializado en educaci\u00f3n inclusiva y rehabilitaci\u00f3n infantil.\" \/>\n<meta name=\"robots\" content=\"index, follow, max-snippet:-1, max-image-preview:large, max-video-preview:-1\" \/>\n<link rel=\"canonical\" href=\"https:\/\/somos-hermanos.mx\/index.php\/2026\/03\/12\/la-gaviota-educacion-y-rehabilitacion-que-transforma-vidas\/\" \/>\n<meta property=\"og:locale\" content=\"es_MX\" \/>\n<meta property=\"og:type\" content=\"article\" \/>\n<meta property=\"og:title\" content=\"La Gaviota: Educaci\u00f3n y rehabilitaci\u00f3n que transforma vidas - Historias que inspiran...\" \/>\n<meta property=\"og:description\" content=\"El proyecto evolucion\u00f3 hasta consolidarse como un centro especializado en educaci\u00f3n inclusiva y rehabilitaci\u00f3n infantil.\" \/>\n<meta property=\"og:url\" content=\"https:\/\/somos-hermanos.mx\/index.php\/2026\/03\/12\/la-gaviota-educacion-y-rehabilitacion-que-transforma-vidas\/\" \/>\n<meta property=\"og:site_name\" content=\"Historias que inspiran...\" \/>\n<meta property=\"article:publisher\" content=\"https:\/\/www.facebook.com\/SomosHermanosIAP\/\" \/>\n<meta property=\"article:published_time\" content=\"2026-03-12T08:00:30+00:00\" \/>\n<meta property=\"og:image\" content=\"https:\/\/somos-hermanos.mx\/wp-content\/uploads\/2026\/03\/img-20260311-wa00215478925636869636174.jpg\" \/>\n\t<meta property=\"og:image:width\" content=\"960\" \/>\n\t<meta property=\"og:image:height\" content=\"720\" \/>\n\t<meta property=\"og:image:type\" content=\"image\/jpeg\" \/>\n<meta name=\"author\" content=\"Ivon D\u00edaz Rojas\" \/>\n<meta name=\"twitter:card\" content=\"summary_large_image\" \/>\n<meta name=\"twitter:creator\" content=\"@Somos__Hermanos\" \/>\n<meta name=\"twitter:site\" content=\"@Somos__Hermanos\" \/>\n<meta name=\"twitter:label1\" content=\"Escrito por\" \/>\n\t<meta name=\"twitter:data1\" content=\"Ivon D\u00edaz Rojas\" \/>\n\t<meta name=\"twitter:label2\" content=\"Tiempo de lectura\" \/>\n\t<meta name=\"twitter:data2\" content=\"3 minutos\" \/>\n<script type=\"application\/ld+json\" class=\"yoast-schema-graph\">{\"@context\":\"https:\\\/\\\/schema.org\",\"@graph\":[{\"@type\":\"Article\",\"@id\":\"https:\\\/\\\/somos-hermanos.mx\\\/index.php\\\/2026\\\/03\\\/12\\\/la-gaviota-educacion-y-rehabilitacion-que-transforma-vidas\\\/#article\",\"isPartOf\":{\"@id\":\"https:\\\/\\\/somos-hermanos.mx\\\/index.php\\\/2026\\\/03\\\/12\\\/la-gaviota-educacion-y-rehabilitacion-que-transforma-vidas\\\/\"},\"author\":{\"name\":\"Ivon D\u00edaz Rojas\",\"@id\":\"https:\\\/\\\/somos-hermanos.mx\\\/#\\\/schema\\\/person\\\/ca47b05d4e7735cde01b6c20df3ff500\"},\"headline\":\"La Gaviota: Educaci\u00f3n y rehabilitaci\u00f3n que transforma vidas\",\"datePublished\":\"2026-03-12T08:00:30+00:00\",\"mainEntityOfPage\":{\"@id\":\"https:\\\/\\\/somos-hermanos.mx\\\/index.php\\\/2026\\\/03\\\/12\\\/la-gaviota-educacion-y-rehabilitacion-que-transforma-vidas\\\/\"},\"wordCount\":585,\"commentCount\":0,\"publisher\":{\"@id\":\"https:\\\/\\\/somos-hermanos.mx\\\/#organization\"},\"image\":{\"@id\":\"https:\\\/\\\/somos-hermanos.mx\\\/index.php\\\/2026\\\/03\\\/12\\\/la-gaviota-educacion-y-rehabilitacion-que-transforma-vidas\\\/#primaryimage\"},\"thumbnailUrl\":\"https:\\\/\\\/somos-hermanos.mx\\\/wp-content\\\/uploads\\\/2026\\\/03\\\/img-20260311-wa00215478925636869636174.jpg\",\"keywords\":[\"Apoyo psicol\u00f3gico\",\"aprendizaje\",\"atenci\u00f3n integral\",\"carrera anual\",\"centro especializado\",\"desarrollo f\u00edsico\",\"D\u00eda Mundial de la Infancia\",\"discapacidad en la infancia\",\"discapacidad neuromotora\",\"educaci\u00f3n preescolar\",\"Educaci\u00f3n preescolar inclusiva\",\"educaci\u00f3n temprana\",\"estimulaci\u00f3n temprana\",\"exclusi\u00f3n educativa\",\"IAP\",\"igualdad de condiciones\",\"La Gaviota\",\"modelo de inclusi\u00f3n\",\"ni\u00f1os con discapacidad\",\"obst\u00e1culos\",\"orientaci\u00f3n familiar\",\"redes de apoyo\",\"rehabilitaci\u00f3n\",\"servicios de rehabilitaci\u00f3n\",\"situaci\u00f3n vulnerable\",\"sociedad civil\",\"terapia de lenguaje\",\"terapia f\u00edsica\",\"terapia ocupacional\",\"Terapias especializadas\",\"UNICEF\"],\"articleSection\":[\"Noticias\"],\"inLanguage\":\"es\",\"potentialAction\":[{\"@type\":\"CommentAction\",\"name\":\"Comment\",\"target\":[\"https:\\\/\\\/somos-hermanos.mx\\\/index.php\\\/2026\\\/03\\\/12\\\/la-gaviota-educacion-y-rehabilitacion-que-transforma-vidas\\\/#respond\"]}]},{\"@type\":\"WebPage\",\"@id\":\"https:\\\/\\\/somos-hermanos.mx\\\/index.php\\\/2026\\\/03\\\/12\\\/la-gaviota-educacion-y-rehabilitacion-que-transforma-vidas\\\/\",\"url\":\"https:\\\/\\\/somos-hermanos.mx\\\/index.php\\\/2026\\\/03\\\/12\\\/la-gaviota-educacion-y-rehabilitacion-que-transforma-vidas\\\/\",\"name\":\"La Gaviota: Educaci\u00f3n y rehabilitaci\u00f3n que transforma vidas - Historias que inspiran...\",\"isPartOf\":{\"@id\":\"https:\\\/\\\/somos-hermanos.mx\\\/#website\"},\"primaryImageOfPage\":{\"@id\":\"https:\\\/\\\/somos-hermanos.mx\\\/index.php\\\/2026\\\/03\\\/12\\\/la-gaviota-educacion-y-rehabilitacion-que-transforma-vidas\\\/#primaryimage\"},\"image\":{\"@id\":\"https:\\\/\\\/somos-hermanos.mx\\\/index.php\\\/2026\\\/03\\\/12\\\/la-gaviota-educacion-y-rehabilitacion-que-transforma-vidas\\\/#primaryimage\"},\"thumbnailUrl\":\"https:\\\/\\\/somos-hermanos.mx\\\/wp-content\\\/uploads\\\/2026\\\/03\\\/img-20260311-wa00215478925636869636174.jpg\",\"datePublished\":\"2026-03-12T08:00:30+00:00\",\"description\":\"El proyecto evolucion\u00f3 hasta consolidarse como un centro especializado en educaci\u00f3n inclusiva y rehabilitaci\u00f3n infantil.\",\"breadcrumb\":{\"@id\":\"https:\\\/\\\/somos-hermanos.mx\\\/index.php\\\/2026\\\/03\\\/12\\\/la-gaviota-educacion-y-rehabilitacion-que-transforma-vidas\\\/#breadcrumb\"},\"inLanguage\":\"es\",\"potentialAction\":[{\"@type\":\"ReadAction\",\"target\":[\"https:\\\/\\\/somos-hermanos.mx\\\/index.php\\\/2026\\\/03\\\/12\\\/la-gaviota-educacion-y-rehabilitacion-que-transforma-vidas\\\/\"]}]},{\"@type\":\"ImageObject\",\"inLanguage\":\"es\",\"@id\":\"https:\\\/\\\/somos-hermanos.mx\\\/index.php\\\/2026\\\/03\\\/12\\\/la-gaviota-educacion-y-rehabilitacion-que-transforma-vidas\\\/#primaryimage\",\"url\":\"https:\\\/\\\/somos-hermanos.mx\\\/wp-content\\\/uploads\\\/2026\\\/03\\\/img-20260311-wa00215478925636869636174.jpg\",\"contentUrl\":\"https:\\\/\\\/somos-hermanos.mx\\\/wp-content\\\/uploads\\\/2026\\\/03\\\/img-20260311-wa00215478925636869636174.jpg\",\"width\":960,\"height\":720},{\"@type\":\"BreadcrumbList\",\"@id\":\"https:\\\/\\\/somos-hermanos.mx\\\/index.php\\\/2026\\\/03\\\/12\\\/la-gaviota-educacion-y-rehabilitacion-que-transforma-vidas\\\/#breadcrumb\",\"itemListElement\":[{\"@type\":\"ListItem\",\"position\":1,\"name\":\"Inicio\",\"item\":\"https:\\\/\\\/somos-hermanos.mx\\\/\"},{\"@type\":\"ListItem\",\"position\":2,\"name\":\"La Gaviota: Educaci\u00f3n y rehabilitaci\u00f3n que transforma vidas\"}]},{\"@type\":\"WebSite\",\"@id\":\"https:\\\/\\\/somos-hermanos.mx\\\/#website\",\"url\":\"https:\\\/\\\/somos-hermanos.mx\\\/\",\"name\":\"Historias que inspiran...\",\"description\":\"Somos la voz del altruismo en M\u00e9xico\",\"publisher\":{\"@id\":\"https:\\\/\\\/somos-hermanos.mx\\\/#organization\"},\"potentialAction\":[{\"@type\":\"SearchAction\",\"target\":{\"@type\":\"EntryPoint\",\"urlTemplate\":\"https:\\\/\\\/somos-hermanos.mx\\\/?s={search_term_string}\"},\"query-input\":{\"@type\":\"PropertyValueSpecification\",\"valueRequired\":true,\"valueName\":\"search_term_string\"}}],\"inLanguage\":\"es\"},{\"@type\":\"Organization\",\"@id\":\"https:\\\/\\\/somos-hermanos.mx\\\/#organization\",\"name\":\"Somos Hermanos\",\"url\":\"https:\\\/\\\/somos-hermanos.mx\\\/\",\"logo\":{\"@type\":\"ImageObject\",\"inLanguage\":\"es\",\"@id\":\"https:\\\/\\\/somos-hermanos.mx\\\/#\\\/schema\\\/logo\\\/image\\\/\",\"url\":\"https:\\\/\\\/somos-hermanos.mx\\\/wp-content\\\/uploads\\\/2025\\\/08\\\/SH30-1.jpeg\",\"contentUrl\":\"https:\\\/\\\/somos-hermanos.mx\\\/wp-content\\\/uploads\\\/2025\\\/08\\\/SH30-1.jpeg\",\"width\":1600,\"height\":1142,\"caption\":\"Somos Hermanos\"},\"image\":{\"@id\":\"https:\\\/\\\/somos-hermanos.mx\\\/#\\\/schema\\\/logo\\\/image\\\/\"},\"sameAs\":[\"https:\\\/\\\/www.facebook.com\\\/SomosHermanosIAP\\\/\",\"https:\\\/\\\/x.com\\\/Somos__Hermanos\",\"https:\\\/\\\/www.instagram.com\\\/somos__hermanos\\\/#\",\"https:\\\/\\\/www.tiktok.com\\\/@somoshermanosiap\",\"https:\\\/\\\/www.youtube.com\\\/@somoshermanosiap1201\\\/videos\"]},{\"@type\":\"Person\",\"@id\":\"https:\\\/\\\/somos-hermanos.mx\\\/#\\\/schema\\\/person\\\/ca47b05d4e7735cde01b6c20df3ff500\",\"name\":\"Ivon D\u00edaz Rojas\",\"image\":{\"@type\":\"ImageObject\",\"inLanguage\":\"es\",\"@id\":\"https:\\\/\\\/secure.gravatar.com\\\/avatar\\\/1c19107828bb690213f343d5aa89eef40d6744894d5f632754fec79e3043dbb3?s=96&d=mm&r=g\",\"url\":\"https:\\\/\\\/secure.gravatar.com\\\/avatar\\\/1c19107828bb690213f343d5aa89eef40d6744894d5f632754fec79e3043dbb3?s=96&d=mm&r=g\",\"contentUrl\":\"https:\\\/\\\/secure.gravatar.com\\\/avatar\\\/1c19107828bb690213f343d5aa89eef40d6744894d5f632754fec79e3043dbb3?s=96&d=mm&r=g\",\"caption\":\"Ivon D\u00edaz Rojas\"},\"url\":\"https:\\\/\\\/somos-hermanos.mx\\\/index.php\\\/author\\\/ivon-diaz-rojas\\\/\"}]}<\/script>\n<!-- \/ Yoast SEO plugin. -->","yoast_head_json":{"title":"La Gaviota: Educaci\u00f3n y rehabilitaci\u00f3n que transforma vidas - Historias que inspiran...","description":"El proyecto evolucion\u00f3 hasta consolidarse como un centro especializado en educaci\u00f3n inclusiva y rehabilitaci\u00f3n infantil.","robots":{"index":"index","follow":"follow","max-snippet":"max-snippet:-1","max-image-preview":"max-image-preview:large","max-video-preview":"max-video-preview:-1"},"canonical":"https:\/\/somos-hermanos.mx\/index.php\/2026\/03\/12\/la-gaviota-educacion-y-rehabilitacion-que-transforma-vidas\/","og_locale":"es_MX","og_type":"article","og_title":"La Gaviota: Educaci\u00f3n y rehabilitaci\u00f3n que transforma vidas - Historias que inspiran...","og_description":"El proyecto evolucion\u00f3 hasta consolidarse como un centro especializado en educaci\u00f3n inclusiva y rehabilitaci\u00f3n infantil.","og_url":"https:\/\/somos-hermanos.mx\/index.php\/2026\/03\/12\/la-gaviota-educacion-y-rehabilitacion-que-transforma-vidas\/","og_site_name":"Historias que inspiran...","article_publisher":"https:\/\/www.facebook.com\/SomosHermanosIAP\/","article_published_time":"2026-03-12T08:00:30+00:00","og_image":[{"width":960,"height":720,"url":"https:\/\/somos-hermanos.mx\/wp-content\/uploads\/2026\/03\/img-20260311-wa00215478925636869636174.jpg","type":"image\/jpeg"}],"author":"Ivon D\u00edaz Rojas","twitter_card":"summary_large_image","twitter_creator":"@Somos__Hermanos","twitter_site":"@Somos__Hermanos","twitter_misc":{"Escrito por":"Ivon D\u00edaz Rojas","Tiempo de lectura":"3 minutos"},"schema":{"@context":"https:\/\/schema.org","@graph":[{"@type":"Article","@id":"https:\/\/somos-hermanos.mx\/index.php\/2026\/03\/12\/la-gaviota-educacion-y-rehabilitacion-que-transforma-vidas\/#article","isPartOf":{"@id":"https:\/\/somos-hermanos.mx\/index.php\/2026\/03\/12\/la-gaviota-educacion-y-rehabilitacion-que-transforma-vidas\/"},"author":{"name":"Ivon D\u00edaz Rojas","@id":"https:\/\/somos-hermanos.mx\/#\/schema\/person\/ca47b05d4e7735cde01b6c20df3ff500"},"headline":"La Gaviota: Educaci\u00f3n y rehabilitaci\u00f3n que transforma vidas","datePublished":"2026-03-12T08:00:30+00:00","mainEntityOfPage":{"@id":"https:\/\/somos-hermanos.mx\/index.php\/2026\/03\/12\/la-gaviota-educacion-y-rehabilitacion-que-transforma-vidas\/"},"wordCount":585,"commentCount":0,"publisher":{"@id":"https:\/\/somos-hermanos.mx\/#organization"},"image":{"@id":"https:\/\/somos-hermanos.mx\/index.php\/2026\/03\/12\/la-gaviota-educacion-y-rehabilitacion-que-transforma-vidas\/#primaryimage"},"thumbnailUrl":"https:\/\/somos-hermanos.mx\/wp-content\/uploads\/2026\/03\/img-20260311-wa00215478925636869636174.jpg","keywords":["Apoyo psicol\u00f3gico","aprendizaje","atenci\u00f3n integral","carrera anual","centro especializado","desarrollo f\u00edsico","D\u00eda Mundial de la Infancia","discapacidad en la infancia","discapacidad neuromotora","educaci\u00f3n preescolar","Educaci\u00f3n preescolar inclusiva","educaci\u00f3n temprana","estimulaci\u00f3n temprana","exclusi\u00f3n educativa","IAP","igualdad de condiciones","La Gaviota","modelo de inclusi\u00f3n","ni\u00f1os con discapacidad","obst\u00e1culos","orientaci\u00f3n familiar","redes de apoyo","rehabilitaci\u00f3n","servicios de rehabilitaci\u00f3n","situaci\u00f3n vulnerable","sociedad civil","terapia de lenguaje","terapia f\u00edsica","terapia ocupacional","Terapias especializadas","UNICEF"],"articleSection":["Noticias"],"inLanguage":"es","potentialAction":[{"@type":"CommentAction","name":"Comment","target":["https:\/\/somos-hermanos.mx\/index.php\/2026\/03\/12\/la-gaviota-educacion-y-rehabilitacion-que-transforma-vidas\/#respond"]}]},{"@type":"WebPage","@id":"https:\/\/somos-hermanos.mx\/index.php\/2026\/03\/12\/la-gaviota-educacion-y-rehabilitacion-que-transforma-vidas\/","url":"https:\/\/somos-hermanos.mx\/index.php\/2026\/03\/12\/la-gaviota-educacion-y-rehabilitacion-que-transforma-vidas\/","name":"La Gaviota: Educaci\u00f3n y rehabilitaci\u00f3n que transforma vidas - Historias que inspiran...","isPartOf":{"@id":"https:\/\/somos-hermanos.mx\/#website"},"primaryImageOfPage":{"@id":"https:\/\/somos-hermanos.mx\/index.php\/2026\/03\/12\/la-gaviota-educacion-y-rehabilitacion-que-transforma-vidas\/#primaryimage"},"image":{"@id":"https:\/\/somos-hermanos.mx\/index.php\/2026\/03\/12\/la-gaviota-educacion-y-rehabilitacion-que-transforma-vidas\/#primaryimage"},"thumbnailUrl":"https:\/\/somos-hermanos.mx\/wp-content\/uploads\/2026\/03\/img-20260311-wa00215478925636869636174.jpg","datePublished":"2026-03-12T08:00:30+00:00","description":"El proyecto evolucion\u00f3 hasta consolidarse como un centro especializado en educaci\u00f3n inclusiva y rehabilitaci\u00f3n infantil.","breadcrumb":{"@id":"https:\/\/somos-hermanos.mx\/index.php\/2026\/03\/12\/la-gaviota-educacion-y-rehabilitacion-que-transforma-vidas\/#breadcrumb"},"inLanguage":"es","potentialAction":[{"@type":"ReadAction","target":["https:\/\/somos-hermanos.mx\/index.php\/2026\/03\/12\/la-gaviota-educacion-y-rehabilitacion-que-transforma-vidas\/"]}]},{"@type":"ImageObject","inLanguage":"es","@id":"https:\/\/somos-hermanos.mx\/index.php\/2026\/03\/12\/la-gaviota-educacion-y-rehabilitacion-que-transforma-vidas\/#primaryimage","url":"https:\/\/somos-hermanos.mx\/wp-content\/uploads\/2026\/03\/img-20260311-wa00215478925636869636174.jpg","contentUrl":"https:\/\/somos-hermanos.mx\/wp-content\/uploads\/2026\/03\/img-20260311-wa00215478925636869636174.jpg","width":960,"height":720},{"@type":"BreadcrumbList","@id":"https:\/\/somos-hermanos.mx\/index.php\/2026\/03\/12\/la-gaviota-educacion-y-rehabilitacion-que-transforma-vidas\/#breadcrumb","itemListElement":[{"@type":"ListItem","position":1,"name":"Inicio","item":"https:\/\/somos-hermanos.mx\/"},{"@type":"ListItem","position":2,"name":"La Gaviota: Educaci\u00f3n y rehabilitaci\u00f3n que transforma vidas"}]},{"@type":"WebSite","@id":"https:\/\/somos-hermanos.mx\/#website","url":"https:\/\/somos-hermanos.mx\/","name":"Historias que inspiran...","description":"Somos la voz del altruismo en M\u00e9xico","publisher":{"@id":"https:\/\/somos-hermanos.mx\/#organization"},"potentialAction":[{"@type":"SearchAction","target":{"@type":"EntryPoint","urlTemplate":"https:\/\/somos-hermanos.mx\/?s={search_term_string}"},"query-input":{"@type":"PropertyValueSpecification","valueRequired":true,"valueName":"search_term_string"}}],"inLanguage":"es"},{"@type":"Organization","@id":"https:\/\/somos-hermanos.mx\/#organization","name":"Somos Hermanos","url":"https:\/\/somos-hermanos.mx\/","logo":{"@type":"ImageObject","inLanguage":"es","@id":"https:\/\/somos-hermanos.mx\/#\/schema\/logo\/image\/","url":"https:\/\/somos-hermanos.mx\/wp-content\/uploads\/2025\/08\/SH30-1.jpeg","contentUrl":"https:\/\/somos-hermanos.mx\/wp-content\/uploads\/2025\/08\/SH30-1.jpeg","width":1600,"height":1142,"caption":"Somos Hermanos"},"image":{"@id":"https:\/\/somos-hermanos.mx\/#\/schema\/logo\/image\/"},"sameAs":["https:\/\/www.facebook.com\/SomosHermanosIAP\/","https:\/\/x.com\/Somos__Hermanos","https:\/\/www.instagram.com\/somos__hermanos\/#","https:\/\/www.tiktok.com\/@somoshermanosiap","https:\/\/www.youtube.com\/@somoshermanosiap1201\/videos"]},{"@type":"Person","@id":"https:\/\/somos-hermanos.mx\/#\/schema\/person\/ca47b05d4e7735cde01b6c20df3ff500","name":"Ivon D\u00edaz Rojas","image":{"@type":"ImageObject","inLanguage":"es","@id":"https:\/\/secure.gravatar.com\/avatar\/1c19107828bb690213f343d5aa89eef40d6744894d5f632754fec79e3043dbb3?s=96&d=mm&r=g","url":"https:\/\/secure.gravatar.com\/avatar\/1c19107828bb690213f343d5aa89eef40d6744894d5f632754fec79e3043dbb3?s=96&d=mm&r=g","contentUrl":"https:\/\/secure.gravatar.com\/avatar\/1c19107828bb690213f343d5aa89eef40d6744894d5f632754fec79e3043dbb3?s=96&d=mm&r=g","caption":"Ivon D\u00edaz Rojas"},"url":"https:\/\/somos-hermanos.mx\/index.php\/author\/ivon-diaz-rojas\/"}]}},"_links":{"self":[{"href":"https:\/\/somos-hermanos.mx\/index.php\/wp-json\/wp\/v2\/posts\/2923","targetHints":{"allow":["GET"]}}],"collection":[{"href":"https:\/\/somos-hermanos.mx\/index.php\/wp-json\/wp\/v2\/posts"}],"about":[{"href":"https:\/\/somos-hermanos.mx\/index.php\/wp-json\/wp\/v2\/types\/post"}],"author":[{"embeddable":true,"href":"https:\/\/somos-hermanos.mx\/index.php\/wp-json\/wp\/v2\/users\/14"}],"replies":[{"embeddable":true,"href":"https:\/\/somos-hermanos.mx\/index.php\/wp-json\/wp\/v2\/comments?post=2923"}],"version-history":[{"count":1,"href":"https:\/\/somos-hermanos.mx\/index.php\/wp-json\/wp\/v2\/posts\/2923\/revisions"}],"predecessor-version":[{"id":2924,"href":"https:\/\/somos-hermanos.mx\/index.php\/wp-json\/wp\/v2\/posts\/2923\/revisions\/2924"}],"wp:featuredmedia":[{"embeddable":true,"href":"https:\/\/somos-hermanos.mx\/index.php\/wp-json\/wp\/v2\/media\/2913"}],"wp:attachment":[{"href":"https:\/\/somos-hermanos.mx\/index.php\/wp-json\/wp\/v2\/media?parent=2923"}],"wp:term":[{"taxonomy":"category","embeddable":true,"href":"https:\/\/somos-hermanos.mx\/index.php\/wp-json\/wp\/v2\/categories?post=2923"},{"taxonomy":"post_tag","embeddable":true,"href":"https:\/\/somos-hermanos.mx\/index.php\/wp-json\/wp\/v2\/tags?post=2923"}],"curies":[{"name":"wp","href":"https:\/\/api.w.org\/{rel}","templated":true}]}}