{"id":2921,"date":"2026-03-12T01:00:20","date_gmt":"2026-03-12T07:00:20","guid":{"rendered":"https:\/\/somos-hermanos.mx\/?p=2921"},"modified":"2026-03-11T23:23:19","modified_gmt":"2026-03-12T05:23:19","slug":"la-colmena-tres-decadas-de-experiencia","status":"publish","type":"post","link":"https:\/\/somos-hermanos.mx\/index.php\/2026\/03\/12\/la-colmena-tres-decadas-de-experiencia\/","title":{"rendered":"\u201cLa Colmena\u201d tres d\u00e9cadas de experiencia"},"content":{"rendered":"<p>La Colmena Escuela de Educaci\u00f3n Especial AC es una organizaci\u00f3n, con m\u00e1s de tres d\u00e9cadas de experiencia, que <strong>busca el desarrollo de habilidades a personas con discapacidad intelectual, motora y d\u00e9ficit de atenci\u00f3n.<\/strong><\/p>\n<p>Este proyecto naci\u00f3 hace 36 a\u00f1os, desde la preocupaci\u00f3n de Josefina-Landero hacia su hijo con discapacidad. Le comparti\u00f3 a su amiga, Laura Salas, una incertidumbre: <strong>el porvenir de su hijo cuando ella falleciera; pues a pesar de que existieran centros de atenci\u00f3n, no exist\u00eda un modelo de trabajo<\/strong> que ayudara a personas en situaci\u00f3n de discapacidad a ser autosuficientes.<\/p>\n<p>Fue as\u00ed como estas dos mujeres, con una idea construida con base en el amor, el trabajo y la colectividad, fundaron este proyecto.<\/p>\n<p>En la \u201cColmena\u201d <strong>brindan a m\u00e1s de 20 ni\u00f1os talleres de danza, reposter\u00eda, danza contempor\u00e1nea y prehisp\u00e1nica, f\u00fatbol adaptado, costura y un taller de capacitaci\u00f3n de labores de la vida cotidiana;<\/strong> todo esto para lograr que ni\u00f1os, j\u00f3venes y adultos reciban las herramientas necesarias para crear y construir una autonom\u00eda, as\u00ed como un desarrollo social y humano.<\/p>\n<p>A trav\u00e9s de m\u00e1s de 30 a\u00f1os de experiencia y 500 \u201cabejitas\u201d atendidas, <strong>\u201cLa Colmena\u201d ha logrado sostenerse econ\u00f3micamente por medio de concursos, donaciones<\/strong> y una cuota de recuperaci\u00f3n de $200 semanales, que se les solicita a las personas que buscan formar parte de ella.<\/p>\n<p>En sus planes futuros est\u00e1 crear su propia microempresa y crear un espacio laboral libre de la violencia, maltrato psicol\u00f3gico y f\u00edsico. Pues la fundadora comenta que hubo un caso de un chico que, al tener tan buen desempe\u00f1o laboral, lo contrataron en una empresa; pero recibi\u00f3 malos tratos debido a su discapacidad y decidi\u00f3 regresar a la \u201cColmena\u201d.<\/p>\n<p><em>Se encuentra en la alcald\u00eda Gustavo A. Madero, en la Colonia Casas Alem\u00e1n. Y su contacto es: <\/em><a href=\"mailto:escuelacolmena@hotmail.com\"><em>escuelacolmena@hotmail.com<\/em><\/a><em>.\u00a0<\/em><\/p>\n<p><img loading=\"lazy\" decoding=\"async\" class=\"aligncenter wp-image-2914 size-large\" src=\"https:\/\/somos-hermanos.mx\/wp-content\/uploads\/2026\/03\/img-20260311-wa001735706322647119831-576x1024.jpg\" alt=\"\" width=\"576\" height=\"1024\" srcset=\"https:\/\/somos-hermanos.mx\/wp-content\/uploads\/2026\/03\/img-20260311-wa001735706322647119831-576x1024.jpg 576w, https:\/\/somos-hermanos.mx\/wp-content\/uploads\/2026\/03\/img-20260311-wa001735706322647119831-169x300.jpg 169w, https:\/\/somos-hermanos.mx\/wp-content\/uploads\/2026\/03\/img-20260311-wa001735706322647119831-768x1365.jpg 768w, https:\/\/somos-hermanos.mx\/wp-content\/uploads\/2026\/03\/img-20260311-wa001735706322647119831-864x1536.jpg 864w, https:\/\/somos-hermanos.mx\/wp-content\/uploads\/2026\/03\/img-20260311-wa001735706322647119831.jpg 900w\" sizes=\"auto, (max-width: 576px) 100vw, 576px\" \/><\/p>\n","protected":false},"excerpt":{"rendered":"<p>La Colmena Escuela de Educaci\u00f3n Especial AC es una organizaci\u00f3n, con m\u00e1s de tres d\u00e9cadas de experiencia, que busca el desarrollo de habilidades a personas con discapacidad intelectual, motora y d\u00e9ficit de atenci\u00f3n. Este proyecto naci\u00f3 hace 36 a\u00f1os, desde la preocupaci\u00f3n de Josefina-Landero hacia su hijo con discapacidad. Le comparti\u00f3 a su amiga, Laura [&hellip;]<\/p>\n","protected":false},"author":21,"featured_media":2916,"comment_status":"open","ping_status":"closed","sticky":false,"template":"","format":"standard","meta":{"footnotes":""},"categories":[6],"tags":[3387,4363,4361,4369,4365,2484,1096,1273,4372,3396,280,799,4358,4370,4367,4360,4359,4371,4362,4366,4368,4364,3383],"class_list":["post-2921","post","type-post","status-publish","format-standard","has-post-thumbnail","hentry","category-noticias","tag-autonomia","tag-autosuficientes","tag-centros-de-atencion","tag-concursos","tag-danza-contemporanea","tag-deficit-de-atencion","tag-desarrollo-de-habilidades","tag-desarrollo-social","tag-desempeno-laboral","tag-discapacidad","tag-discapacidad-intelectual","tag-donaciones","tag-escuela-de-educacion-especial","tag-espacio-laboral","tag-futbol-adaptado","tag-josefina-landero","tag-la-colmena","tag-maltrato-psicologico","tag-modelo-de-trabajo","tag-prehispanica","tag-taller-de-capacitacion","tag-talleres-de-danza","tag-vida-cotidiana"],"yoast_head":"<!-- This site is optimized with the Yoast SEO plugin v27.5 - https:\/\/yoast.com\/product\/yoast-seo-wordpress\/ -->\n<title>\u201cLa Colmena\u201d tres d\u00e9cadas de experiencia - Historias que inspiran...<\/title>\n<meta name=\"description\" content=\"Una abeja con buen desempe\u00f1o laboral sali\u00f3 a una empresa; pero recibi\u00f3 malos tratos por su discapacidad y decidi\u00f3 regresar a &quot;La Colmena\u201d\" \/>\n<meta name=\"robots\" content=\"index, follow, max-snippet:-1, max-image-preview:large, max-video-preview:-1\" \/>\n<link rel=\"canonical\" href=\"https:\/\/somos-hermanos.mx\/index.php\/2026\/03\/12\/la-colmena-tres-decadas-de-experiencia\/\" \/>\n<meta property=\"og:locale\" content=\"es_MX\" \/>\n<meta property=\"og:type\" content=\"article\" \/>\n<meta property=\"og:title\" content=\"\u201cLa Colmena\u201d tres d\u00e9cadas de experiencia - Historias que inspiran...\" \/>\n<meta property=\"og:description\" content=\"Una abeja con buen desempe\u00f1o laboral sali\u00f3 a una empresa; pero recibi\u00f3 malos tratos por su discapacidad y decidi\u00f3 regresar a &quot;La Colmena\u201d\" \/>\n<meta property=\"og:url\" content=\"https:\/\/somos-hermanos.mx\/index.php\/2026\/03\/12\/la-colmena-tres-decadas-de-experiencia\/\" \/>\n<meta property=\"og:site_name\" content=\"Historias que inspiran...\" \/>\n<meta property=\"article:publisher\" content=\"https:\/\/www.facebook.com\/SomosHermanosIAP\/\" \/>\n<meta property=\"article:published_time\" content=\"2026-03-12T07:00:20+00:00\" \/>\n<meta property=\"og:image\" content=\"https:\/\/somos-hermanos.mx\/wp-content\/uploads\/2026\/03\/img-20260311-wa00187364911351651425885.jpg\" \/>\n\t<meta property=\"og:image:width\" content=\"960\" \/>\n\t<meta property=\"og:image:height\" content=\"1280\" \/>\n\t<meta property=\"og:image:type\" content=\"image\/jpeg\" \/>\n<meta name=\"author\" content=\"Jes\u00fas Pe\u00f1a Aguirre\" \/>\n<meta name=\"twitter:card\" content=\"summary_large_image\" \/>\n<meta name=\"twitter:creator\" content=\"@Somos__Hermanos\" \/>\n<meta name=\"twitter:site\" content=\"@Somos__Hermanos\" \/>\n<meta name=\"twitter:label1\" content=\"Escrito por\" \/>\n\t<meta name=\"twitter:data1\" content=\"Jes\u00fas Pe\u00f1a Aguirre\" \/>\n\t<meta name=\"twitter:label2\" content=\"Tiempo de lectura\" \/>\n\t<meta name=\"twitter:data2\" content=\"2 minutos\" \/>\n<script type=\"application\/ld+json\" class=\"yoast-schema-graph\">{\"@context\":\"https:\\\/\\\/schema.org\",\"@graph\":[{\"@type\":\"Article\",\"@id\":\"https:\\\/\\\/somos-hermanos.mx\\\/index.php\\\/2026\\\/03\\\/12\\\/la-colmena-tres-decadas-de-experiencia\\\/#article\",\"isPartOf\":{\"@id\":\"https:\\\/\\\/somos-hermanos.mx\\\/index.php\\\/2026\\\/03\\\/12\\\/la-colmena-tres-decadas-de-experiencia\\\/\"},\"author\":{\"name\":\"Jes\u00fas Pe\u00f1a Aguirre\",\"@id\":\"https:\\\/\\\/somos-hermanos.mx\\\/#\\\/schema\\\/person\\\/8acd26a8688e659352b79b33c534872c\"},\"headline\":\"\u201cLa Colmena\u201d tres d\u00e9cadas de experiencia\",\"datePublished\":\"2026-03-12T07:00:20+00:00\",\"mainEntityOfPage\":{\"@id\":\"https:\\\/\\\/somos-hermanos.mx\\\/index.php\\\/2026\\\/03\\\/12\\\/la-colmena-tres-decadas-de-experiencia\\\/\"},\"wordCount\":329,\"commentCount\":0,\"publisher\":{\"@id\":\"https:\\\/\\\/somos-hermanos.mx\\\/#organization\"},\"image\":{\"@id\":\"https:\\\/\\\/somos-hermanos.mx\\\/index.php\\\/2026\\\/03\\\/12\\\/la-colmena-tres-decadas-de-experiencia\\\/#primaryimage\"},\"thumbnailUrl\":\"https:\\\/\\\/somos-hermanos.mx\\\/wp-content\\\/uploads\\\/2026\\\/03\\\/img-20260311-wa00187364911351651425885.jpg\",\"keywords\":[\"autonom\u00eda\",\"autosuficientes\",\"centros de atenci\u00f3n\",\"concursos\",\"danza contempor\u00e1nea\",\"D\u00e9ficit de Atenci\u00f3n\",\"desarrollo de habilidades\",\"desarrollo social\",\"desempe\u00f1o laboral\",\"discapacidad\",\"discapacidad intelectual\",\"donaciones\",\"Escuela de Educaci\u00f3n Especial\",\"espacio laboral\",\"f\u00fatbol adaptado\",\"Josefina-Landero\",\"La Colmena\",\"maltrato psicol\u00f3gico\",\"modelo de trabajo\",\"prehisp\u00e1nica\",\"taller de capacitaci\u00f3n\",\"talleres de danza\",\"vida cotidiana\"],\"articleSection\":[\"Noticias\"],\"inLanguage\":\"es\",\"potentialAction\":[{\"@type\":\"CommentAction\",\"name\":\"Comment\",\"target\":[\"https:\\\/\\\/somos-hermanos.mx\\\/index.php\\\/2026\\\/03\\\/12\\\/la-colmena-tres-decadas-de-experiencia\\\/#respond\"]}]},{\"@type\":\"WebPage\",\"@id\":\"https:\\\/\\\/somos-hermanos.mx\\\/index.php\\\/2026\\\/03\\\/12\\\/la-colmena-tres-decadas-de-experiencia\\\/\",\"url\":\"https:\\\/\\\/somos-hermanos.mx\\\/index.php\\\/2026\\\/03\\\/12\\\/la-colmena-tres-decadas-de-experiencia\\\/\",\"name\":\"\u201cLa Colmena\u201d tres d\u00e9cadas de experiencia - Historias que inspiran...\",\"isPartOf\":{\"@id\":\"https:\\\/\\\/somos-hermanos.mx\\\/#website\"},\"primaryImageOfPage\":{\"@id\":\"https:\\\/\\\/somos-hermanos.mx\\\/index.php\\\/2026\\\/03\\\/12\\\/la-colmena-tres-decadas-de-experiencia\\\/#primaryimage\"},\"image\":{\"@id\":\"https:\\\/\\\/somos-hermanos.mx\\\/index.php\\\/2026\\\/03\\\/12\\\/la-colmena-tres-decadas-de-experiencia\\\/#primaryimage\"},\"thumbnailUrl\":\"https:\\\/\\\/somos-hermanos.mx\\\/wp-content\\\/uploads\\\/2026\\\/03\\\/img-20260311-wa00187364911351651425885.jpg\",\"datePublished\":\"2026-03-12T07:00:20+00:00\",\"description\":\"Una abeja con buen desempe\u00f1o laboral sali\u00f3 a una empresa; pero recibi\u00f3 malos tratos por su discapacidad y decidi\u00f3 regresar a \\\"La Colmena\u201d\",\"breadcrumb\":{\"@id\":\"https:\\\/\\\/somos-hermanos.mx\\\/index.php\\\/2026\\\/03\\\/12\\\/la-colmena-tres-decadas-de-experiencia\\\/#breadcrumb\"},\"inLanguage\":\"es\",\"potentialAction\":[{\"@type\":\"ReadAction\",\"target\":[\"https:\\\/\\\/somos-hermanos.mx\\\/index.php\\\/2026\\\/03\\\/12\\\/la-colmena-tres-decadas-de-experiencia\\\/\"]}]},{\"@type\":\"ImageObject\",\"inLanguage\":\"es\",\"@id\":\"https:\\\/\\\/somos-hermanos.mx\\\/index.php\\\/2026\\\/03\\\/12\\\/la-colmena-tres-decadas-de-experiencia\\\/#primaryimage\",\"url\":\"https:\\\/\\\/somos-hermanos.mx\\\/wp-content\\\/uploads\\\/2026\\\/03\\\/img-20260311-wa00187364911351651425885.jpg\",\"contentUrl\":\"https:\\\/\\\/somos-hermanos.mx\\\/wp-content\\\/uploads\\\/2026\\\/03\\\/img-20260311-wa00187364911351651425885.jpg\",\"width\":960,\"height\":1280},{\"@type\":\"BreadcrumbList\",\"@id\":\"https:\\\/\\\/somos-hermanos.mx\\\/index.php\\\/2026\\\/03\\\/12\\\/la-colmena-tres-decadas-de-experiencia\\\/#breadcrumb\",\"itemListElement\":[{\"@type\":\"ListItem\",\"position\":1,\"name\":\"Inicio\",\"item\":\"https:\\\/\\\/somos-hermanos.mx\\\/\"},{\"@type\":\"ListItem\",\"position\":2,\"name\":\"\u201cLa Colmena\u201d tres d\u00e9cadas de experiencia\"}]},{\"@type\":\"WebSite\",\"@id\":\"https:\\\/\\\/somos-hermanos.mx\\\/#website\",\"url\":\"https:\\\/\\\/somos-hermanos.mx\\\/\",\"name\":\"Historias que inspiran...\",\"description\":\"Somos la voz del altruismo en M\u00e9xico\",\"publisher\":{\"@id\":\"https:\\\/\\\/somos-hermanos.mx\\\/#organization\"},\"potentialAction\":[{\"@type\":\"SearchAction\",\"target\":{\"@type\":\"EntryPoint\",\"urlTemplate\":\"https:\\\/\\\/somos-hermanos.mx\\\/?s={search_term_string}\"},\"query-input\":{\"@type\":\"PropertyValueSpecification\",\"valueRequired\":true,\"valueName\":\"search_term_string\"}}],\"inLanguage\":\"es\"},{\"@type\":\"Organization\",\"@id\":\"https:\\\/\\\/somos-hermanos.mx\\\/#organization\",\"name\":\"Somos Hermanos\",\"url\":\"https:\\\/\\\/somos-hermanos.mx\\\/\",\"logo\":{\"@type\":\"ImageObject\",\"inLanguage\":\"es\",\"@id\":\"https:\\\/\\\/somos-hermanos.mx\\\/#\\\/schema\\\/logo\\\/image\\\/\",\"url\":\"https:\\\/\\\/somos-hermanos.mx\\\/wp-content\\\/uploads\\\/2025\\\/08\\\/SH30-1.jpeg\",\"contentUrl\":\"https:\\\/\\\/somos-hermanos.mx\\\/wp-content\\\/uploads\\\/2025\\\/08\\\/SH30-1.jpeg\",\"width\":1600,\"height\":1142,\"caption\":\"Somos Hermanos\"},\"image\":{\"@id\":\"https:\\\/\\\/somos-hermanos.mx\\\/#\\\/schema\\\/logo\\\/image\\\/\"},\"sameAs\":[\"https:\\\/\\\/www.facebook.com\\\/SomosHermanosIAP\\\/\",\"https:\\\/\\\/x.com\\\/Somos__Hermanos\",\"https:\\\/\\\/www.instagram.com\\\/somos__hermanos\\\/#\",\"https:\\\/\\\/www.tiktok.com\\\/@somoshermanosiap\",\"https:\\\/\\\/www.youtube.com\\\/@somoshermanosiap1201\\\/videos\"]},{\"@type\":\"Person\",\"@id\":\"https:\\\/\\\/somos-hermanos.mx\\\/#\\\/schema\\\/person\\\/8acd26a8688e659352b79b33c534872c\",\"name\":\"Jes\u00fas Pe\u00f1a Aguirre\",\"image\":{\"@type\":\"ImageObject\",\"inLanguage\":\"es\",\"@id\":\"https:\\\/\\\/secure.gravatar.com\\\/avatar\\\/a3d489e680e76cdf1b7ccc620e427d14f54a929f15306ea1d436efc89ee85c7c?s=96&d=mm&r=g\",\"url\":\"https:\\\/\\\/secure.gravatar.com\\\/avatar\\\/a3d489e680e76cdf1b7ccc620e427d14f54a929f15306ea1d436efc89ee85c7c?s=96&d=mm&r=g\",\"contentUrl\":\"https:\\\/\\\/secure.gravatar.com\\\/avatar\\\/a3d489e680e76cdf1b7ccc620e427d14f54a929f15306ea1d436efc89ee85c7c?s=96&d=mm&r=g\",\"caption\":\"Jes\u00fas Pe\u00f1a Aguirre\"},\"url\":\"https:\\\/\\\/somos-hermanos.mx\\\/index.php\\\/author\\\/jesus-pena-aguirre\\\/\"}]}<\/script>\n<!-- \/ Yoast SEO plugin. -->","yoast_head_json":{"title":"\u201cLa Colmena\u201d tres d\u00e9cadas de experiencia - Historias que inspiran...","description":"Una abeja con buen desempe\u00f1o laboral sali\u00f3 a una empresa; pero recibi\u00f3 malos tratos por su discapacidad y decidi\u00f3 regresar a \"La Colmena\u201d","robots":{"index":"index","follow":"follow","max-snippet":"max-snippet:-1","max-image-preview":"max-image-preview:large","max-video-preview":"max-video-preview:-1"},"canonical":"https:\/\/somos-hermanos.mx\/index.php\/2026\/03\/12\/la-colmena-tres-decadas-de-experiencia\/","og_locale":"es_MX","og_type":"article","og_title":"\u201cLa Colmena\u201d tres d\u00e9cadas de experiencia - Historias que inspiran...","og_description":"Una abeja con buen desempe\u00f1o laboral sali\u00f3 a una empresa; pero recibi\u00f3 malos tratos por su discapacidad y decidi\u00f3 regresar a \"La Colmena\u201d","og_url":"https:\/\/somos-hermanos.mx\/index.php\/2026\/03\/12\/la-colmena-tres-decadas-de-experiencia\/","og_site_name":"Historias que inspiran...","article_publisher":"https:\/\/www.facebook.com\/SomosHermanosIAP\/","article_published_time":"2026-03-12T07:00:20+00:00","og_image":[{"width":960,"height":1280,"url":"https:\/\/somos-hermanos.mx\/wp-content\/uploads\/2026\/03\/img-20260311-wa00187364911351651425885.jpg","type":"image\/jpeg"}],"author":"Jes\u00fas Pe\u00f1a Aguirre","twitter_card":"summary_large_image","twitter_creator":"@Somos__Hermanos","twitter_site":"@Somos__Hermanos","twitter_misc":{"Escrito por":"Jes\u00fas Pe\u00f1a Aguirre","Tiempo de lectura":"2 minutos"},"schema":{"@context":"https:\/\/schema.org","@graph":[{"@type":"Article","@id":"https:\/\/somos-hermanos.mx\/index.php\/2026\/03\/12\/la-colmena-tres-decadas-de-experiencia\/#article","isPartOf":{"@id":"https:\/\/somos-hermanos.mx\/index.php\/2026\/03\/12\/la-colmena-tres-decadas-de-experiencia\/"},"author":{"name":"Jes\u00fas Pe\u00f1a Aguirre","@id":"https:\/\/somos-hermanos.mx\/#\/schema\/person\/8acd26a8688e659352b79b33c534872c"},"headline":"\u201cLa Colmena\u201d tres d\u00e9cadas de experiencia","datePublished":"2026-03-12T07:00:20+00:00","mainEntityOfPage":{"@id":"https:\/\/somos-hermanos.mx\/index.php\/2026\/03\/12\/la-colmena-tres-decadas-de-experiencia\/"},"wordCount":329,"commentCount":0,"publisher":{"@id":"https:\/\/somos-hermanos.mx\/#organization"},"image":{"@id":"https:\/\/somos-hermanos.mx\/index.php\/2026\/03\/12\/la-colmena-tres-decadas-de-experiencia\/#primaryimage"},"thumbnailUrl":"https:\/\/somos-hermanos.mx\/wp-content\/uploads\/2026\/03\/img-20260311-wa00187364911351651425885.jpg","keywords":["autonom\u00eda","autosuficientes","centros de atenci\u00f3n","concursos","danza contempor\u00e1nea","D\u00e9ficit de Atenci\u00f3n","desarrollo de habilidades","desarrollo social","desempe\u00f1o laboral","discapacidad","discapacidad intelectual","donaciones","Escuela de Educaci\u00f3n Especial","espacio laboral","f\u00fatbol adaptado","Josefina-Landero","La Colmena","maltrato psicol\u00f3gico","modelo de trabajo","prehisp\u00e1nica","taller de capacitaci\u00f3n","talleres de danza","vida cotidiana"],"articleSection":["Noticias"],"inLanguage":"es","potentialAction":[{"@type":"CommentAction","name":"Comment","target":["https:\/\/somos-hermanos.mx\/index.php\/2026\/03\/12\/la-colmena-tres-decadas-de-experiencia\/#respond"]}]},{"@type":"WebPage","@id":"https:\/\/somos-hermanos.mx\/index.php\/2026\/03\/12\/la-colmena-tres-decadas-de-experiencia\/","url":"https:\/\/somos-hermanos.mx\/index.php\/2026\/03\/12\/la-colmena-tres-decadas-de-experiencia\/","name":"\u201cLa Colmena\u201d tres d\u00e9cadas de experiencia - Historias que inspiran...","isPartOf":{"@id":"https:\/\/somos-hermanos.mx\/#website"},"primaryImageOfPage":{"@id":"https:\/\/somos-hermanos.mx\/index.php\/2026\/03\/12\/la-colmena-tres-decadas-de-experiencia\/#primaryimage"},"image":{"@id":"https:\/\/somos-hermanos.mx\/index.php\/2026\/03\/12\/la-colmena-tres-decadas-de-experiencia\/#primaryimage"},"thumbnailUrl":"https:\/\/somos-hermanos.mx\/wp-content\/uploads\/2026\/03\/img-20260311-wa00187364911351651425885.jpg","datePublished":"2026-03-12T07:00:20+00:00","description":"Una abeja con buen desempe\u00f1o laboral sali\u00f3 a una empresa; pero recibi\u00f3 malos tratos por su discapacidad y decidi\u00f3 regresar a \"La Colmena\u201d","breadcrumb":{"@id":"https:\/\/somos-hermanos.mx\/index.php\/2026\/03\/12\/la-colmena-tres-decadas-de-experiencia\/#breadcrumb"},"inLanguage":"es","potentialAction":[{"@type":"ReadAction","target":["https:\/\/somos-hermanos.mx\/index.php\/2026\/03\/12\/la-colmena-tres-decadas-de-experiencia\/"]}]},{"@type":"ImageObject","inLanguage":"es","@id":"https:\/\/somos-hermanos.mx\/index.php\/2026\/03\/12\/la-colmena-tres-decadas-de-experiencia\/#primaryimage","url":"https:\/\/somos-hermanos.mx\/wp-content\/uploads\/2026\/03\/img-20260311-wa00187364911351651425885.jpg","contentUrl":"https:\/\/somos-hermanos.mx\/wp-content\/uploads\/2026\/03\/img-20260311-wa00187364911351651425885.jpg","width":960,"height":1280},{"@type":"BreadcrumbList","@id":"https:\/\/somos-hermanos.mx\/index.php\/2026\/03\/12\/la-colmena-tres-decadas-de-experiencia\/#breadcrumb","itemListElement":[{"@type":"ListItem","position":1,"name":"Inicio","item":"https:\/\/somos-hermanos.mx\/"},{"@type":"ListItem","position":2,"name":"\u201cLa Colmena\u201d tres d\u00e9cadas de experiencia"}]},{"@type":"WebSite","@id":"https:\/\/somos-hermanos.mx\/#website","url":"https:\/\/somos-hermanos.mx\/","name":"Historias que inspiran...","description":"Somos la voz del altruismo en M\u00e9xico","publisher":{"@id":"https:\/\/somos-hermanos.mx\/#organization"},"potentialAction":[{"@type":"SearchAction","target":{"@type":"EntryPoint","urlTemplate":"https:\/\/somos-hermanos.mx\/?s={search_term_string}"},"query-input":{"@type":"PropertyValueSpecification","valueRequired":true,"valueName":"search_term_string"}}],"inLanguage":"es"},{"@type":"Organization","@id":"https:\/\/somos-hermanos.mx\/#organization","name":"Somos Hermanos","url":"https:\/\/somos-hermanos.mx\/","logo":{"@type":"ImageObject","inLanguage":"es","@id":"https:\/\/somos-hermanos.mx\/#\/schema\/logo\/image\/","url":"https:\/\/somos-hermanos.mx\/wp-content\/uploads\/2025\/08\/SH30-1.jpeg","contentUrl":"https:\/\/somos-hermanos.mx\/wp-content\/uploads\/2025\/08\/SH30-1.jpeg","width":1600,"height":1142,"caption":"Somos Hermanos"},"image":{"@id":"https:\/\/somos-hermanos.mx\/#\/schema\/logo\/image\/"},"sameAs":["https:\/\/www.facebook.com\/SomosHermanosIAP\/","https:\/\/x.com\/Somos__Hermanos","https:\/\/www.instagram.com\/somos__hermanos\/#","https:\/\/www.tiktok.com\/@somoshermanosiap","https:\/\/www.youtube.com\/@somoshermanosiap1201\/videos"]},{"@type":"Person","@id":"https:\/\/somos-hermanos.mx\/#\/schema\/person\/8acd26a8688e659352b79b33c534872c","name":"Jes\u00fas Pe\u00f1a Aguirre","image":{"@type":"ImageObject","inLanguage":"es","@id":"https:\/\/secure.gravatar.com\/avatar\/a3d489e680e76cdf1b7ccc620e427d14f54a929f15306ea1d436efc89ee85c7c?s=96&d=mm&r=g","url":"https:\/\/secure.gravatar.com\/avatar\/a3d489e680e76cdf1b7ccc620e427d14f54a929f15306ea1d436efc89ee85c7c?s=96&d=mm&r=g","contentUrl":"https:\/\/secure.gravatar.com\/avatar\/a3d489e680e76cdf1b7ccc620e427d14f54a929f15306ea1d436efc89ee85c7c?s=96&d=mm&r=g","caption":"Jes\u00fas Pe\u00f1a Aguirre"},"url":"https:\/\/somos-hermanos.mx\/index.php\/author\/jesus-pena-aguirre\/"}]}},"_links":{"self":[{"href":"https:\/\/somos-hermanos.mx\/index.php\/wp-json\/wp\/v2\/posts\/2921","targetHints":{"allow":["GET"]}}],"collection":[{"href":"https:\/\/somos-hermanos.mx\/index.php\/wp-json\/wp\/v2\/posts"}],"about":[{"href":"https:\/\/somos-hermanos.mx\/index.php\/wp-json\/wp\/v2\/types\/post"}],"author":[{"embeddable":true,"href":"https:\/\/somos-hermanos.mx\/index.php\/wp-json\/wp\/v2\/users\/21"}],"replies":[{"embeddable":true,"href":"https:\/\/somos-hermanos.mx\/index.php\/wp-json\/wp\/v2\/comments?post=2921"}],"version-history":[{"count":1,"href":"https:\/\/somos-hermanos.mx\/index.php\/wp-json\/wp\/v2\/posts\/2921\/revisions"}],"predecessor-version":[{"id":2922,"href":"https:\/\/somos-hermanos.mx\/index.php\/wp-json\/wp\/v2\/posts\/2921\/revisions\/2922"}],"wp:featuredmedia":[{"embeddable":true,"href":"https:\/\/somos-hermanos.mx\/index.php\/wp-json\/wp\/v2\/media\/2916"}],"wp:attachment":[{"href":"https:\/\/somos-hermanos.mx\/index.php\/wp-json\/wp\/v2\/media?parent=2921"}],"wp:term":[{"taxonomy":"category","embeddable":true,"href":"https:\/\/somos-hermanos.mx\/index.php\/wp-json\/wp\/v2\/categories?post=2921"},{"taxonomy":"post_tag","embeddable":true,"href":"https:\/\/somos-hermanos.mx\/index.php\/wp-json\/wp\/v2\/tags?post=2921"}],"curies":[{"name":"wp","href":"https:\/\/api.w.org\/{rel}","templated":true}]}}