{"id":2909,"date":"2026-03-11T02:00:26","date_gmt":"2026-03-11T08:00:26","guid":{"rendered":"https:\/\/somos-hermanos.mx\/?p=2909"},"modified":"2026-03-10T22:38:03","modified_gmt":"2026-03-11T04:38:03","slug":"un-grito-de-auxilio-contra-el-cmtn-llega-al-congreso","status":"publish","type":"post","link":"https:\/\/somos-hermanos.mx\/index.php\/2026\/03\/11\/un-grito-de-auxilio-contra-el-cmtn-llega-al-congreso\/","title":{"rendered":"Un grito de auxilio contra el CMTN llega al Congreso"},"content":{"rendered":"<p>En el coraz\u00f3n del Senado de la Rep\u00fablica, una alianza entre legisladores y Fundaci\u00f3n CIMA ha encendido una luz sobre una realidad urgente: el C\u00e1ncer de Mama Triple Negativo (CMTN). No es solo una estad\u00edstica, es el subtipo m\u00e1s feroz que enfrenta el sistema de salud mexicano, cobrando la vida de miles de mujeres, muchas de ellas j\u00f3venes.<\/p>\n<p>Con el objetivo de que el 3 de marzo sea oficialmente el\u00a0<strong>D\u00eda Nacional del CMTN<\/strong>, se busca transformar el calendario en una herramienta de supervivencia. En 2022, aunque este subtipo represent\u00f3 menos de una cuarta parte de los casos, fue responsable del\u00a0<strong>62% de las muertes<\/strong>\u00a0por c\u00e1ncer de mama en el pa\u00eds.<\/p>\n<p><em>&#8220;Un diagn\u00f3stico oportuno puede convertirse en una oportunidad de vida&#8221;<\/em>, afirma Eliza Puente, directora de Fundaci\u00f3n CIMA. El mensaje es claro: el tiempo no es solo un factor, es el veredicto. La meta es derribar las barreras geogr\u00e1ficas y econ\u00f3micas para que ninguna mujer, sin importar su edad o d\u00f3nde viva, pierda la batalla por falta de un diagn\u00f3stico a tiempo.<\/p>\n<p><strong>\u00bfSab\u00edas que el c\u00e1ncer de mama m\u00e1s agresivo afecta principalmente a mujeres j\u00f3venes? <\/strong><\/p>\n<p><strong>La cifra:<\/strong>\u00a0El C\u00e1ncer de Mama Triple Negativo (CMTN) caus\u00f3 el 62% de los decesos por c\u00e1ncer de mama en M\u00e9xico durante 2022.<\/p>\n<p><strong>La iniciativa:<\/strong>\u00a0Legisladores y Fundaci\u00f3n CIMA proponen el\u00a0<strong>3 de marzo<\/strong>\u00a0como D\u00eda Nacional para visibilizar esta lucha.<\/p>\n<p><strong>El desaf\u00edo:<\/strong>\u00a0La detecci\u00f3n tard\u00eda es el mayor obst\u00e1culo, especialmente en zonas rurales y en menores de 40 a\u00f1os.<\/p>\n<p>No es solo una fecha, es un llamado a la acci\u00f3n. Oficializar este d\u00eda permitir\u00e1 mejores tamizajes, acceso a tratamientos avanzados y, sobre todo, salvar vidas.\u00a0<strong>Porque en el CMTN, cada segundo cuenta.<\/strong><\/p>\n<p><img loading=\"lazy\" decoding=\"async\" class=\"wp-image-2902  aligncenter\" src=\"https:\/\/somos-hermanos.mx\/wp-content\/uploads\/2026\/03\/img-20260310-wa00075739222196808571439-1024x768.jpg\" alt=\"\" width=\"498\" height=\"373\" srcset=\"https:\/\/somos-hermanos.mx\/wp-content\/uploads\/2026\/03\/img-20260310-wa00075739222196808571439-1024x768.jpg 1024w, https:\/\/somos-hermanos.mx\/wp-content\/uploads\/2026\/03\/img-20260310-wa00075739222196808571439-300x225.jpg 300w, https:\/\/somos-hermanos.mx\/wp-content\/uploads\/2026\/03\/img-20260310-wa00075739222196808571439-768x576.jpg 768w, https:\/\/somos-hermanos.mx\/wp-content\/uploads\/2026\/03\/img-20260310-wa00075739222196808571439-1536x1152.jpg 1536w, https:\/\/somos-hermanos.mx\/wp-content\/uploads\/2026\/03\/img-20260310-wa00075739222196808571439.jpg 1600w\" sizes=\"auto, (max-width: 498px) 100vw, 498px\" \/><\/p>\n","protected":false},"excerpt":{"rendered":"<p>En el coraz\u00f3n del Senado de la Rep\u00fablica, una alianza entre legisladores y Fundaci\u00f3n CIMA ha encendido una luz sobre una realidad urgente: el C\u00e1ncer de Mama Triple Negativo (CMTN). No es solo una estad\u00edstica, es el subtipo m\u00e1s feroz que enfrenta el sistema de salud mexicano, cobrando la vida de miles de mujeres, muchas [&hellip;]<\/p>\n","protected":false},"author":17,"featured_media":2903,"comment_status":"open","ping_status":"closed","sticky":false,"template":"","format":"standard","meta":{"footnotes":""},"categories":[6],"tags":[4356,340,1265,4353,4357,4354,4337,4355,1267,3103,1007,1969],"class_list":["post-2909","post","type-post","status-publish","format-standard","has-post-thumbnail","hentry","category-noticias","tag-barreras-geograficas","tag-cancer-de-mama","tag-cancer-de-mama-triple-negativo","tag-cmtn","tag-deteccion-tardia","tag-dia-nacional-del-cmtn","tag-diagnostico","tag-eliza-puente","tag-fundacion-cima","tag-senado-de-la-republica","tag-sistema-de-salud-mexicano","tag-zonas-rurales"],"yoast_head":"<!-- This site is optimized with the Yoast SEO plugin v27.5 - https:\/\/yoast.com\/product\/yoast-seo-wordpress\/ -->\n<title>Un grito de auxilio contra el CMTN llega al Congreso - Historias que inspiran...<\/title>\n<meta name=\"description\" content=\"Caus\u00f3 el 62% de decesos por c\u00e1ncer de mama en M\u00e9xico durante 2022. Se busca transformar el calendario en una herramienta de supervivencia.\" \/>\n<meta name=\"robots\" content=\"index, follow, max-snippet:-1, max-image-preview:large, max-video-preview:-1\" \/>\n<link rel=\"canonical\" href=\"https:\/\/somos-hermanos.mx\/index.php\/2026\/03\/11\/un-grito-de-auxilio-contra-el-cmtn-llega-al-congreso\/\" \/>\n<meta property=\"og:locale\" content=\"es_MX\" \/>\n<meta property=\"og:type\" content=\"article\" \/>\n<meta property=\"og:title\" content=\"Un grito de auxilio contra el CMTN llega al Congreso - Historias que inspiran...\" \/>\n<meta property=\"og:description\" content=\"Caus\u00f3 el 62% de decesos por c\u00e1ncer de mama en M\u00e9xico durante 2022. Se busca transformar el calendario en una herramienta de supervivencia.\" \/>\n<meta property=\"og:url\" content=\"https:\/\/somos-hermanos.mx\/index.php\/2026\/03\/11\/un-grito-de-auxilio-contra-el-cmtn-llega-al-congreso\/\" \/>\n<meta property=\"og:site_name\" content=\"Historias que inspiran...\" \/>\n<meta property=\"article:publisher\" content=\"https:\/\/www.facebook.com\/SomosHermanosIAP\/\" \/>\n<meta property=\"article:published_time\" content=\"2026-03-11T08:00:26+00:00\" \/>\n<meta property=\"og:image\" content=\"https:\/\/somos-hermanos.mx\/wp-content\/uploads\/2026\/03\/img-20260310-wa00065402146341918309942.jpg\" \/>\n\t<meta property=\"og:image:width\" content=\"1600\" \/>\n\t<meta property=\"og:image:height\" content=\"1200\" \/>\n\t<meta property=\"og:image:type\" content=\"image\/jpeg\" \/>\n<meta name=\"author\" content=\"Ana Barroso Garc\u00eda\" \/>\n<meta name=\"twitter:card\" content=\"summary_large_image\" \/>\n<meta name=\"twitter:creator\" content=\"@Somos__Hermanos\" \/>\n<meta name=\"twitter:site\" content=\"@Somos__Hermanos\" \/>\n<meta name=\"twitter:label1\" content=\"Escrito por\" \/>\n\t<meta name=\"twitter:data1\" content=\"Ana Barroso Garc\u00eda\" \/>\n\t<meta name=\"twitter:label2\" content=\"Tiempo de lectura\" \/>\n\t<meta name=\"twitter:data2\" content=\"2 minutos\" \/>\n<script type=\"application\/ld+json\" class=\"yoast-schema-graph\">{\"@context\":\"https:\\\/\\\/schema.org\",\"@graph\":[{\"@type\":\"Article\",\"@id\":\"https:\\\/\\\/somos-hermanos.mx\\\/index.php\\\/2026\\\/03\\\/11\\\/un-grito-de-auxilio-contra-el-cmtn-llega-al-congreso\\\/#article\",\"isPartOf\":{\"@id\":\"https:\\\/\\\/somos-hermanos.mx\\\/index.php\\\/2026\\\/03\\\/11\\\/un-grito-de-auxilio-contra-el-cmtn-llega-al-congreso\\\/\"},\"author\":{\"name\":\"Ana Barroso Garc\u00eda\",\"@id\":\"https:\\\/\\\/somos-hermanos.mx\\\/#\\\/schema\\\/person\\\/63147baf7f8f25d37fd540b4579d022d\"},\"headline\":\"Un grito de auxilio contra el CMTN llega al Congreso\",\"datePublished\":\"2026-03-11T08:00:26+00:00\",\"mainEntityOfPage\":{\"@id\":\"https:\\\/\\\/somos-hermanos.mx\\\/index.php\\\/2026\\\/03\\\/11\\\/un-grito-de-auxilio-contra-el-cmtn-llega-al-congreso\\\/\"},\"wordCount\":314,\"commentCount\":0,\"publisher\":{\"@id\":\"https:\\\/\\\/somos-hermanos.mx\\\/#organization\"},\"image\":{\"@id\":\"https:\\\/\\\/somos-hermanos.mx\\\/index.php\\\/2026\\\/03\\\/11\\\/un-grito-de-auxilio-contra-el-cmtn-llega-al-congreso\\\/#primaryimage\"},\"thumbnailUrl\":\"https:\\\/\\\/somos-hermanos.mx\\\/wp-content\\\/uploads\\\/2026\\\/03\\\/img-20260310-wa00065402146341918309942.jpg\",\"keywords\":[\"barreras geogr\u00e1ficas\",\"c\u00e1ncer de mama\",\"C\u00e1ncer de Mama Triple Negativo\",\"CMTN\",\"detecci\u00f3n tard\u00eda\",\"D\u00eda Nacional del CMTN\",\"diagn\u00f3stico\",\"Eliza Puente\",\"Fundaci\u00f3n Cima\",\"Senado de la Rep\u00fablica\",\"Sistema de Salud Mexicano\",\"zonas rurales\"],\"articleSection\":[\"Noticias\"],\"inLanguage\":\"es\",\"potentialAction\":[{\"@type\":\"CommentAction\",\"name\":\"Comment\",\"target\":[\"https:\\\/\\\/somos-hermanos.mx\\\/index.php\\\/2026\\\/03\\\/11\\\/un-grito-de-auxilio-contra-el-cmtn-llega-al-congreso\\\/#respond\"]}]},{\"@type\":\"WebPage\",\"@id\":\"https:\\\/\\\/somos-hermanos.mx\\\/index.php\\\/2026\\\/03\\\/11\\\/un-grito-de-auxilio-contra-el-cmtn-llega-al-congreso\\\/\",\"url\":\"https:\\\/\\\/somos-hermanos.mx\\\/index.php\\\/2026\\\/03\\\/11\\\/un-grito-de-auxilio-contra-el-cmtn-llega-al-congreso\\\/\",\"name\":\"Un grito de auxilio contra el CMTN llega al Congreso - Historias que inspiran...\",\"isPartOf\":{\"@id\":\"https:\\\/\\\/somos-hermanos.mx\\\/#website\"},\"primaryImageOfPage\":{\"@id\":\"https:\\\/\\\/somos-hermanos.mx\\\/index.php\\\/2026\\\/03\\\/11\\\/un-grito-de-auxilio-contra-el-cmtn-llega-al-congreso\\\/#primaryimage\"},\"image\":{\"@id\":\"https:\\\/\\\/somos-hermanos.mx\\\/index.php\\\/2026\\\/03\\\/11\\\/un-grito-de-auxilio-contra-el-cmtn-llega-al-congreso\\\/#primaryimage\"},\"thumbnailUrl\":\"https:\\\/\\\/somos-hermanos.mx\\\/wp-content\\\/uploads\\\/2026\\\/03\\\/img-20260310-wa00065402146341918309942.jpg\",\"datePublished\":\"2026-03-11T08:00:26+00:00\",\"description\":\"Caus\u00f3 el 62% de decesos por c\u00e1ncer de mama en M\u00e9xico durante 2022. Se busca transformar el calendario en una herramienta de supervivencia.\",\"breadcrumb\":{\"@id\":\"https:\\\/\\\/somos-hermanos.mx\\\/index.php\\\/2026\\\/03\\\/11\\\/un-grito-de-auxilio-contra-el-cmtn-llega-al-congreso\\\/#breadcrumb\"},\"inLanguage\":\"es\",\"potentialAction\":[{\"@type\":\"ReadAction\",\"target\":[\"https:\\\/\\\/somos-hermanos.mx\\\/index.php\\\/2026\\\/03\\\/11\\\/un-grito-de-auxilio-contra-el-cmtn-llega-al-congreso\\\/\"]}]},{\"@type\":\"ImageObject\",\"inLanguage\":\"es\",\"@id\":\"https:\\\/\\\/somos-hermanos.mx\\\/index.php\\\/2026\\\/03\\\/11\\\/un-grito-de-auxilio-contra-el-cmtn-llega-al-congreso\\\/#primaryimage\",\"url\":\"https:\\\/\\\/somos-hermanos.mx\\\/wp-content\\\/uploads\\\/2026\\\/03\\\/img-20260310-wa00065402146341918309942.jpg\",\"contentUrl\":\"https:\\\/\\\/somos-hermanos.mx\\\/wp-content\\\/uploads\\\/2026\\\/03\\\/img-20260310-wa00065402146341918309942.jpg\",\"width\":1600,\"height\":1200},{\"@type\":\"BreadcrumbList\",\"@id\":\"https:\\\/\\\/somos-hermanos.mx\\\/index.php\\\/2026\\\/03\\\/11\\\/un-grito-de-auxilio-contra-el-cmtn-llega-al-congreso\\\/#breadcrumb\",\"itemListElement\":[{\"@type\":\"ListItem\",\"position\":1,\"name\":\"Inicio\",\"item\":\"https:\\\/\\\/somos-hermanos.mx\\\/\"},{\"@type\":\"ListItem\",\"position\":2,\"name\":\"Un grito de auxilio contra el CMTN llega al Congreso\"}]},{\"@type\":\"WebSite\",\"@id\":\"https:\\\/\\\/somos-hermanos.mx\\\/#website\",\"url\":\"https:\\\/\\\/somos-hermanos.mx\\\/\",\"name\":\"Historias que inspiran...\",\"description\":\"Somos la voz del altruismo en M\u00e9xico\",\"publisher\":{\"@id\":\"https:\\\/\\\/somos-hermanos.mx\\\/#organization\"},\"potentialAction\":[{\"@type\":\"SearchAction\",\"target\":{\"@type\":\"EntryPoint\",\"urlTemplate\":\"https:\\\/\\\/somos-hermanos.mx\\\/?s={search_term_string}\"},\"query-input\":{\"@type\":\"PropertyValueSpecification\",\"valueRequired\":true,\"valueName\":\"search_term_string\"}}],\"inLanguage\":\"es\"},{\"@type\":\"Organization\",\"@id\":\"https:\\\/\\\/somos-hermanos.mx\\\/#organization\",\"name\":\"Somos Hermanos\",\"url\":\"https:\\\/\\\/somos-hermanos.mx\\\/\",\"logo\":{\"@type\":\"ImageObject\",\"inLanguage\":\"es\",\"@id\":\"https:\\\/\\\/somos-hermanos.mx\\\/#\\\/schema\\\/logo\\\/image\\\/\",\"url\":\"https:\\\/\\\/somos-hermanos.mx\\\/wp-content\\\/uploads\\\/2025\\\/08\\\/SH30-1.jpeg\",\"contentUrl\":\"https:\\\/\\\/somos-hermanos.mx\\\/wp-content\\\/uploads\\\/2025\\\/08\\\/SH30-1.jpeg\",\"width\":1600,\"height\":1142,\"caption\":\"Somos Hermanos\"},\"image\":{\"@id\":\"https:\\\/\\\/somos-hermanos.mx\\\/#\\\/schema\\\/logo\\\/image\\\/\"},\"sameAs\":[\"https:\\\/\\\/www.facebook.com\\\/SomosHermanosIAP\\\/\",\"https:\\\/\\\/x.com\\\/Somos__Hermanos\",\"https:\\\/\\\/www.instagram.com\\\/somos__hermanos\\\/#\",\"https:\\\/\\\/www.tiktok.com\\\/@somoshermanosiap\",\"https:\\\/\\\/www.youtube.com\\\/@somoshermanosiap1201\\\/videos\"]},{\"@type\":\"Person\",\"@id\":\"https:\\\/\\\/somos-hermanos.mx\\\/#\\\/schema\\\/person\\\/63147baf7f8f25d37fd540b4579d022d\",\"name\":\"Ana Barroso Garc\u00eda\",\"image\":{\"@type\":\"ImageObject\",\"inLanguage\":\"es\",\"@id\":\"https:\\\/\\\/secure.gravatar.com\\\/avatar\\\/99424aceaeb520d9a017933f94c398823624182d51f42fe1b87fb56103345fc7?s=96&d=mm&r=g\",\"url\":\"https:\\\/\\\/secure.gravatar.com\\\/avatar\\\/99424aceaeb520d9a017933f94c398823624182d51f42fe1b87fb56103345fc7?s=96&d=mm&r=g\",\"contentUrl\":\"https:\\\/\\\/secure.gravatar.com\\\/avatar\\\/99424aceaeb520d9a017933f94c398823624182d51f42fe1b87fb56103345fc7?s=96&d=mm&r=g\",\"caption\":\"Ana Barroso Garc\u00eda\"},\"url\":\"https:\\\/\\\/somos-hermanos.mx\\\/index.php\\\/author\\\/ana-barroso-garcia\\\/\"}]}<\/script>\n<!-- \/ Yoast SEO plugin. -->","yoast_head_json":{"title":"Un grito de auxilio contra el CMTN llega al Congreso - Historias que inspiran...","description":"Caus\u00f3 el 62% de decesos por c\u00e1ncer de mama en M\u00e9xico durante 2022. Se busca transformar el calendario en una herramienta de supervivencia.","robots":{"index":"index","follow":"follow","max-snippet":"max-snippet:-1","max-image-preview":"max-image-preview:large","max-video-preview":"max-video-preview:-1"},"canonical":"https:\/\/somos-hermanos.mx\/index.php\/2026\/03\/11\/un-grito-de-auxilio-contra-el-cmtn-llega-al-congreso\/","og_locale":"es_MX","og_type":"article","og_title":"Un grito de auxilio contra el CMTN llega al Congreso - Historias que inspiran...","og_description":"Caus\u00f3 el 62% de decesos por c\u00e1ncer de mama en M\u00e9xico durante 2022. Se busca transformar el calendario en una herramienta de supervivencia.","og_url":"https:\/\/somos-hermanos.mx\/index.php\/2026\/03\/11\/un-grito-de-auxilio-contra-el-cmtn-llega-al-congreso\/","og_site_name":"Historias que inspiran...","article_publisher":"https:\/\/www.facebook.com\/SomosHermanosIAP\/","article_published_time":"2026-03-11T08:00:26+00:00","og_image":[{"width":1600,"height":1200,"url":"https:\/\/somos-hermanos.mx\/wp-content\/uploads\/2026\/03\/img-20260310-wa00065402146341918309942.jpg","type":"image\/jpeg"}],"author":"Ana Barroso Garc\u00eda","twitter_card":"summary_large_image","twitter_creator":"@Somos__Hermanos","twitter_site":"@Somos__Hermanos","twitter_misc":{"Escrito por":"Ana Barroso Garc\u00eda","Tiempo de lectura":"2 minutos"},"schema":{"@context":"https:\/\/schema.org","@graph":[{"@type":"Article","@id":"https:\/\/somos-hermanos.mx\/index.php\/2026\/03\/11\/un-grito-de-auxilio-contra-el-cmtn-llega-al-congreso\/#article","isPartOf":{"@id":"https:\/\/somos-hermanos.mx\/index.php\/2026\/03\/11\/un-grito-de-auxilio-contra-el-cmtn-llega-al-congreso\/"},"author":{"name":"Ana Barroso Garc\u00eda","@id":"https:\/\/somos-hermanos.mx\/#\/schema\/person\/63147baf7f8f25d37fd540b4579d022d"},"headline":"Un grito de auxilio contra el CMTN llega al Congreso","datePublished":"2026-03-11T08:00:26+00:00","mainEntityOfPage":{"@id":"https:\/\/somos-hermanos.mx\/index.php\/2026\/03\/11\/un-grito-de-auxilio-contra-el-cmtn-llega-al-congreso\/"},"wordCount":314,"commentCount":0,"publisher":{"@id":"https:\/\/somos-hermanos.mx\/#organization"},"image":{"@id":"https:\/\/somos-hermanos.mx\/index.php\/2026\/03\/11\/un-grito-de-auxilio-contra-el-cmtn-llega-al-congreso\/#primaryimage"},"thumbnailUrl":"https:\/\/somos-hermanos.mx\/wp-content\/uploads\/2026\/03\/img-20260310-wa00065402146341918309942.jpg","keywords":["barreras geogr\u00e1ficas","c\u00e1ncer de mama","C\u00e1ncer de Mama Triple Negativo","CMTN","detecci\u00f3n tard\u00eda","D\u00eda Nacional del CMTN","diagn\u00f3stico","Eliza Puente","Fundaci\u00f3n Cima","Senado de la Rep\u00fablica","Sistema de Salud Mexicano","zonas rurales"],"articleSection":["Noticias"],"inLanguage":"es","potentialAction":[{"@type":"CommentAction","name":"Comment","target":["https:\/\/somos-hermanos.mx\/index.php\/2026\/03\/11\/un-grito-de-auxilio-contra-el-cmtn-llega-al-congreso\/#respond"]}]},{"@type":"WebPage","@id":"https:\/\/somos-hermanos.mx\/index.php\/2026\/03\/11\/un-grito-de-auxilio-contra-el-cmtn-llega-al-congreso\/","url":"https:\/\/somos-hermanos.mx\/index.php\/2026\/03\/11\/un-grito-de-auxilio-contra-el-cmtn-llega-al-congreso\/","name":"Un grito de auxilio contra el CMTN llega al Congreso - Historias que inspiran...","isPartOf":{"@id":"https:\/\/somos-hermanos.mx\/#website"},"primaryImageOfPage":{"@id":"https:\/\/somos-hermanos.mx\/index.php\/2026\/03\/11\/un-grito-de-auxilio-contra-el-cmtn-llega-al-congreso\/#primaryimage"},"image":{"@id":"https:\/\/somos-hermanos.mx\/index.php\/2026\/03\/11\/un-grito-de-auxilio-contra-el-cmtn-llega-al-congreso\/#primaryimage"},"thumbnailUrl":"https:\/\/somos-hermanos.mx\/wp-content\/uploads\/2026\/03\/img-20260310-wa00065402146341918309942.jpg","datePublished":"2026-03-11T08:00:26+00:00","description":"Caus\u00f3 el 62% de decesos por c\u00e1ncer de mama en M\u00e9xico durante 2022. Se busca transformar el calendario en una herramienta de supervivencia.","breadcrumb":{"@id":"https:\/\/somos-hermanos.mx\/index.php\/2026\/03\/11\/un-grito-de-auxilio-contra-el-cmtn-llega-al-congreso\/#breadcrumb"},"inLanguage":"es","potentialAction":[{"@type":"ReadAction","target":["https:\/\/somos-hermanos.mx\/index.php\/2026\/03\/11\/un-grito-de-auxilio-contra-el-cmtn-llega-al-congreso\/"]}]},{"@type":"ImageObject","inLanguage":"es","@id":"https:\/\/somos-hermanos.mx\/index.php\/2026\/03\/11\/un-grito-de-auxilio-contra-el-cmtn-llega-al-congreso\/#primaryimage","url":"https:\/\/somos-hermanos.mx\/wp-content\/uploads\/2026\/03\/img-20260310-wa00065402146341918309942.jpg","contentUrl":"https:\/\/somos-hermanos.mx\/wp-content\/uploads\/2026\/03\/img-20260310-wa00065402146341918309942.jpg","width":1600,"height":1200},{"@type":"BreadcrumbList","@id":"https:\/\/somos-hermanos.mx\/index.php\/2026\/03\/11\/un-grito-de-auxilio-contra-el-cmtn-llega-al-congreso\/#breadcrumb","itemListElement":[{"@type":"ListItem","position":1,"name":"Inicio","item":"https:\/\/somos-hermanos.mx\/"},{"@type":"ListItem","position":2,"name":"Un grito de auxilio contra el CMTN llega al Congreso"}]},{"@type":"WebSite","@id":"https:\/\/somos-hermanos.mx\/#website","url":"https:\/\/somos-hermanos.mx\/","name":"Historias que inspiran...","description":"Somos la voz del altruismo en M\u00e9xico","publisher":{"@id":"https:\/\/somos-hermanos.mx\/#organization"},"potentialAction":[{"@type":"SearchAction","target":{"@type":"EntryPoint","urlTemplate":"https:\/\/somos-hermanos.mx\/?s={search_term_string}"},"query-input":{"@type":"PropertyValueSpecification","valueRequired":true,"valueName":"search_term_string"}}],"inLanguage":"es"},{"@type":"Organization","@id":"https:\/\/somos-hermanos.mx\/#organization","name":"Somos Hermanos","url":"https:\/\/somos-hermanos.mx\/","logo":{"@type":"ImageObject","inLanguage":"es","@id":"https:\/\/somos-hermanos.mx\/#\/schema\/logo\/image\/","url":"https:\/\/somos-hermanos.mx\/wp-content\/uploads\/2025\/08\/SH30-1.jpeg","contentUrl":"https:\/\/somos-hermanos.mx\/wp-content\/uploads\/2025\/08\/SH30-1.jpeg","width":1600,"height":1142,"caption":"Somos Hermanos"},"image":{"@id":"https:\/\/somos-hermanos.mx\/#\/schema\/logo\/image\/"},"sameAs":["https:\/\/www.facebook.com\/SomosHermanosIAP\/","https:\/\/x.com\/Somos__Hermanos","https:\/\/www.instagram.com\/somos__hermanos\/#","https:\/\/www.tiktok.com\/@somoshermanosiap","https:\/\/www.youtube.com\/@somoshermanosiap1201\/videos"]},{"@type":"Person","@id":"https:\/\/somos-hermanos.mx\/#\/schema\/person\/63147baf7f8f25d37fd540b4579d022d","name":"Ana Barroso Garc\u00eda","image":{"@type":"ImageObject","inLanguage":"es","@id":"https:\/\/secure.gravatar.com\/avatar\/99424aceaeb520d9a017933f94c398823624182d51f42fe1b87fb56103345fc7?s=96&d=mm&r=g","url":"https:\/\/secure.gravatar.com\/avatar\/99424aceaeb520d9a017933f94c398823624182d51f42fe1b87fb56103345fc7?s=96&d=mm&r=g","contentUrl":"https:\/\/secure.gravatar.com\/avatar\/99424aceaeb520d9a017933f94c398823624182d51f42fe1b87fb56103345fc7?s=96&d=mm&r=g","caption":"Ana Barroso Garc\u00eda"},"url":"https:\/\/somos-hermanos.mx\/index.php\/author\/ana-barroso-garcia\/"}]}},"_links":{"self":[{"href":"https:\/\/somos-hermanos.mx\/index.php\/wp-json\/wp\/v2\/posts\/2909","targetHints":{"allow":["GET"]}}],"collection":[{"href":"https:\/\/somos-hermanos.mx\/index.php\/wp-json\/wp\/v2\/posts"}],"about":[{"href":"https:\/\/somos-hermanos.mx\/index.php\/wp-json\/wp\/v2\/types\/post"}],"author":[{"embeddable":true,"href":"https:\/\/somos-hermanos.mx\/index.php\/wp-json\/wp\/v2\/users\/17"}],"replies":[{"embeddable":true,"href":"https:\/\/somos-hermanos.mx\/index.php\/wp-json\/wp\/v2\/comments?post=2909"}],"version-history":[{"count":1,"href":"https:\/\/somos-hermanos.mx\/index.php\/wp-json\/wp\/v2\/posts\/2909\/revisions"}],"predecessor-version":[{"id":2910,"href":"https:\/\/somos-hermanos.mx\/index.php\/wp-json\/wp\/v2\/posts\/2909\/revisions\/2910"}],"wp:featuredmedia":[{"embeddable":true,"href":"https:\/\/somos-hermanos.mx\/index.php\/wp-json\/wp\/v2\/media\/2903"}],"wp:attachment":[{"href":"https:\/\/somos-hermanos.mx\/index.php\/wp-json\/wp\/v2\/media?parent=2909"}],"wp:term":[{"taxonomy":"category","embeddable":true,"href":"https:\/\/somos-hermanos.mx\/index.php\/wp-json\/wp\/v2\/categories?post=2909"},{"taxonomy":"post_tag","embeddable":true,"href":"https:\/\/somos-hermanos.mx\/index.php\/wp-json\/wp\/v2\/tags?post=2909"}],"curies":[{"name":"wp","href":"https:\/\/api.w.org\/{rel}","templated":true}]}}