{"id":2907,"date":"2026-03-11T01:00:42","date_gmt":"2026-03-11T07:00:42","guid":{"rendered":"https:\/\/somos-hermanos.mx\/?p=2907"},"modified":"2026-03-10T22:32:14","modified_gmt":"2026-03-11T04:32:14","slug":"caridad-sin-limites-un-refugio-para-todos","status":"publish","type":"post","link":"https:\/\/somos-hermanos.mx\/index.php\/2026\/03\/11\/caridad-sin-limites-un-refugio-para-todos\/","title":{"rendered":"Caridad sin l\u00edmites: Un refugio para todos"},"content":{"rendered":"<p>La asociaci\u00f3n Caridad sin L\u00edmites AC lo hace todos los d\u00edas y as\u00ed es como <strong>contribuye para que miles de familias, ni\u00f1os, mujeres y ancianos puedan gozar de una vida digna.<\/strong><\/p>\n<p>Esta fundaci\u00f3n sin fines de lucro es de alcance internacional y tiene como objetivo principal el <strong>beneficiar a las personas, sectores y regiones que se encuentren en situaciones vulnerables, <\/strong>ya sea por edad, sexo, enfermedad, abandono o por sufrir alg\u00fan tipo de abuso.<\/p>\n<p>Dentro de sus actividades principales est\u00e1 el <strong>proveer alimentaci\u00f3n, vestido y vivienda de calidad, <\/strong>prestaci\u00f3n de servicios funerarios para ni\u00f1os no nacidos o abandonados, orientaci\u00f3n social, educativa y capacitaci\u00f3n para el trabajo, apoyo para el desarrollo de pueblos ind\u00edgenas y asistencia y rehabilitaci\u00f3n m\u00e9dica.<\/p>\n<p>Pero su trabajo no termina ah\u00ed, dentro del pa\u00eds cuentan con varias casas de asistencia que brindan atenci\u00f3n y resguardo para menores y adolescentes que se encuentran en situaci\u00f3n de orfandad, as\u00ed como ancianos que fueron abandonados.<\/p>\n<p>Ejemplo de ellas est\u00e1n:<\/p>\n<ul>\n<li>La casa hogar de la divina providencia<\/li>\n<li>Estancia nuestra se\u00f1ora de Guadalupe<\/li>\n<li>Residencia Nuevo Horizonte las Carmelitas<\/li>\n<li>Asilo nuestra se\u00f1ora de Guadalupe<\/li>\n<li>El Hogar de San Charbel y Santa Rafqa, que funge como un centro de alojamiento y ayuda para mujeres embarazadas que se encuentran en situaci\u00f3n vulnerable o aquellas que han pasado por un aborto reciente.<\/li>\n<\/ul>\n<p>Por otro lado, en un \u00e1mbito m\u00e1s internacional tambi\u00e9n brindan asistencia para j\u00f3venes estudiantes de excelencia, asistencia para familias numerosas, grupos de formaci\u00f3n y adopciones entre M\u00e9xico y otros pa\u00edses.<\/p>\n<p>Lo mejor de todo es que tambi\u00e9n cuentan con varios programas de apoyo para la comunidad que desea un\u00edrseles en esta noble causa, siendo uno de los principales las donaciones econ\u00f3micas, la cantidad es totalmente libre y puede hacerse las veces que quieras, o si lo prefieres puedes prestar tus servicios y colaborar como voluntario.<\/p>\n<p>Recuerda que cada granito cuenta y nuestras infancias son el futuro m\u00e1s preciado, no las abandonemos, \u00fanete a la causa.<\/p>\n<p><em>Enlace https:\/\/www.caridadsinlimites.org\/<\/em><\/p>\n<p><img loading=\"lazy\" decoding=\"async\" class=\"aligncenter wp-image-2904 \" src=\"https:\/\/somos-hermanos.mx\/wp-content\/uploads\/2026\/03\/img-20260310-wa00099068235294533025918-1024x327.jpg\" alt=\"\" width=\"811\" height=\"259\" srcset=\"https:\/\/somos-hermanos.mx\/wp-content\/uploads\/2026\/03\/img-20260310-wa00099068235294533025918-1024x327.jpg 1024w, https:\/\/somos-hermanos.mx\/wp-content\/uploads\/2026\/03\/img-20260310-wa00099068235294533025918-300x96.jpg 300w, https:\/\/somos-hermanos.mx\/wp-content\/uploads\/2026\/03\/img-20260310-wa00099068235294533025918-768x245.jpg 768w, https:\/\/somos-hermanos.mx\/wp-content\/uploads\/2026\/03\/img-20260310-wa00099068235294533025918-1536x491.jpg 1536w, https:\/\/somos-hermanos.mx\/wp-content\/uploads\/2026\/03\/img-20260310-wa00099068235294533025918.jpg 1600w\" sizes=\"auto, (max-width: 811px) 100vw, 811px\" \/><\/p>\n","protected":false},"excerpt":{"rendered":"<p>La asociaci\u00f3n Caridad sin L\u00edmites AC lo hace todos los d\u00edas y as\u00ed es como contribuye para que miles de familias, ni\u00f1os, mujeres y ancianos puedan gozar de una vida digna. Esta fundaci\u00f3n sin fines de lucro es de alcance internacional y tiene como objetivo principal el beneficiar a las personas, sectores y regiones que [&hellip;]<\/p>\n","protected":false},"author":15,"featured_media":2905,"comment_status":"open","ping_status":"closed","sticky":false,"template":"","format":"standard","meta":{"footnotes":""},"categories":[6],"tags":[4344,4352,4349,4342,959,3518,3925,4351,4350,4343,3540,36,1497,647,4346,570,4348,4347,611,228,4345,740,3252],"class_list":["post-2907","post","type-post","status-publish","format-standard","has-post-thumbnail","hentry","category-noticias","tag-abandono","tag-aborto","tag-ancianos-abandonados","tag-caridad-sin-limites","tag-casa-hogar","tag-enfermedad","tag-familias","tag-hogar-de-san-charbel","tag-las-carmelitas","tag-mujeres","tag-mujeres-embarazadas","tag-ninos","tag-orientacion-social","tag-programas-de-apoyo","tag-proveer-alimentacion","tag-pueblos-indigenas","tag-rehabilitacion-medica","tag-servicios-funerarios","tag-situacion-de-orfandad","tag-situacion-vulnerable","tag-tipo-de-abuso","tag-vida-digna","tag-vivienda"],"yoast_head":"<!-- This site is optimized with the Yoast SEO plugin v27.5 - https:\/\/yoast.com\/product\/yoast-seo-wordpress\/ -->\n<title>Caridad sin l\u00edmites: Un refugio para todos - Historias que inspiran...<\/title>\n<meta name=\"description\" content=\"Beneficiar a quienes se encuentren en situaciones vulnerables, ya sea por edad, sexo, enfermedad, abandono o por sufrir alg\u00fan tipo de abuso.\" \/>\n<meta name=\"robots\" content=\"index, follow, max-snippet:-1, max-image-preview:large, max-video-preview:-1\" \/>\n<link rel=\"canonical\" href=\"https:\/\/somos-hermanos.mx\/index.php\/2026\/03\/11\/caridad-sin-limites-un-refugio-para-todos\/\" \/>\n<meta property=\"og:locale\" content=\"es_MX\" \/>\n<meta property=\"og:type\" content=\"article\" \/>\n<meta property=\"og:title\" content=\"Caridad sin l\u00edmites: Un refugio para todos - Historias que inspiran...\" \/>\n<meta property=\"og:description\" content=\"Beneficiar a quienes se encuentren en situaciones vulnerables, ya sea por edad, sexo, enfermedad, abandono o por sufrir alg\u00fan tipo de abuso.\" \/>\n<meta property=\"og:url\" content=\"https:\/\/somos-hermanos.mx\/index.php\/2026\/03\/11\/caridad-sin-limites-un-refugio-para-todos\/\" \/>\n<meta property=\"og:site_name\" content=\"Historias que inspiran...\" \/>\n<meta property=\"article:publisher\" content=\"https:\/\/www.facebook.com\/SomosHermanosIAP\/\" \/>\n<meta property=\"article:published_time\" content=\"2026-03-11T07:00:42+00:00\" \/>\n<meta property=\"og:image\" content=\"https:\/\/somos-hermanos.mx\/wp-content\/uploads\/2026\/03\/img-20260310-wa00081889342106709135275.jpg\" \/>\n\t<meta property=\"og:image:width\" content=\"1600\" \/>\n\t<meta property=\"og:image:height\" content=\"1599\" \/>\n\t<meta property=\"og:image:type\" content=\"image\/jpeg\" \/>\n<meta name=\"author\" content=\"Itzel Montiel Luna\" \/>\n<meta name=\"twitter:card\" content=\"summary_large_image\" \/>\n<meta name=\"twitter:creator\" content=\"@Somos__Hermanos\" \/>\n<meta name=\"twitter:site\" content=\"@Somos__Hermanos\" \/>\n<meta name=\"twitter:label1\" content=\"Escrito por\" \/>\n\t<meta name=\"twitter:data1\" content=\"Itzel Montiel Luna\" \/>\n\t<meta name=\"twitter:label2\" content=\"Tiempo de lectura\" \/>\n\t<meta name=\"twitter:data2\" content=\"2 minutos\" \/>\n<script type=\"application\/ld+json\" class=\"yoast-schema-graph\">{\"@context\":\"https:\\\/\\\/schema.org\",\"@graph\":[{\"@type\":\"Article\",\"@id\":\"https:\\\/\\\/somos-hermanos.mx\\\/index.php\\\/2026\\\/03\\\/11\\\/caridad-sin-limites-un-refugio-para-todos\\\/#article\",\"isPartOf\":{\"@id\":\"https:\\\/\\\/somos-hermanos.mx\\\/index.php\\\/2026\\\/03\\\/11\\\/caridad-sin-limites-un-refugio-para-todos\\\/\"},\"author\":{\"name\":\"Itzel Montiel Luna\",\"@id\":\"https:\\\/\\\/somos-hermanos.mx\\\/#\\\/schema\\\/person\\\/0998f178948ff64bb6e8e1479a973eb7\"},\"headline\":\"Caridad sin l\u00edmites: Un refugio para todos\",\"datePublished\":\"2026-03-11T07:00:42+00:00\",\"mainEntityOfPage\":{\"@id\":\"https:\\\/\\\/somos-hermanos.mx\\\/index.php\\\/2026\\\/03\\\/11\\\/caridad-sin-limites-un-refugio-para-todos\\\/\"},\"wordCount\":365,\"commentCount\":0,\"publisher\":{\"@id\":\"https:\\\/\\\/somos-hermanos.mx\\\/#organization\"},\"image\":{\"@id\":\"https:\\\/\\\/somos-hermanos.mx\\\/index.php\\\/2026\\\/03\\\/11\\\/caridad-sin-limites-un-refugio-para-todos\\\/#primaryimage\"},\"thumbnailUrl\":\"https:\\\/\\\/somos-hermanos.mx\\\/wp-content\\\/uploads\\\/2026\\\/03\\\/img-20260310-wa00081889342106709135275.jpg\",\"keywords\":[\"abandono\",\"aborto\",\"ancianos abandonados\",\"Caridad sin L\u00edmites\",\"Casa Hogar\",\"enfermedad\",\"familias\",\"Hogar de San Charbel\",\"las Carmelitas\",\"mujeres\",\"mujeres embarazadas\",\"ni\u00f1os\",\"Orientaci\u00f3n social\",\"programas de apoyo\",\"proveer alimentaci\u00f3n\",\"pueblos ind\u00edgenas\",\"rehabilitaci\u00f3n m\u00e9dica\",\"servicios funerarios\",\"situaci\u00f3n de orfandad\",\"situaci\u00f3n vulnerable\",\"tipo de abuso\",\"vida digna\",\"vivienda\"],\"articleSection\":[\"Noticias\"],\"inLanguage\":\"es\",\"potentialAction\":[{\"@type\":\"CommentAction\",\"name\":\"Comment\",\"target\":[\"https:\\\/\\\/somos-hermanos.mx\\\/index.php\\\/2026\\\/03\\\/11\\\/caridad-sin-limites-un-refugio-para-todos\\\/#respond\"]}]},{\"@type\":\"WebPage\",\"@id\":\"https:\\\/\\\/somos-hermanos.mx\\\/index.php\\\/2026\\\/03\\\/11\\\/caridad-sin-limites-un-refugio-para-todos\\\/\",\"url\":\"https:\\\/\\\/somos-hermanos.mx\\\/index.php\\\/2026\\\/03\\\/11\\\/caridad-sin-limites-un-refugio-para-todos\\\/\",\"name\":\"Caridad sin l\u00edmites: Un refugio para todos - Historias que inspiran...\",\"isPartOf\":{\"@id\":\"https:\\\/\\\/somos-hermanos.mx\\\/#website\"},\"primaryImageOfPage\":{\"@id\":\"https:\\\/\\\/somos-hermanos.mx\\\/index.php\\\/2026\\\/03\\\/11\\\/caridad-sin-limites-un-refugio-para-todos\\\/#primaryimage\"},\"image\":{\"@id\":\"https:\\\/\\\/somos-hermanos.mx\\\/index.php\\\/2026\\\/03\\\/11\\\/caridad-sin-limites-un-refugio-para-todos\\\/#primaryimage\"},\"thumbnailUrl\":\"https:\\\/\\\/somos-hermanos.mx\\\/wp-content\\\/uploads\\\/2026\\\/03\\\/img-20260310-wa00081889342106709135275.jpg\",\"datePublished\":\"2026-03-11T07:00:42+00:00\",\"description\":\"Beneficiar a quienes se encuentren en situaciones vulnerables, ya sea por edad, sexo, enfermedad, abandono o por sufrir alg\u00fan tipo de abuso.\",\"breadcrumb\":{\"@id\":\"https:\\\/\\\/somos-hermanos.mx\\\/index.php\\\/2026\\\/03\\\/11\\\/caridad-sin-limites-un-refugio-para-todos\\\/#breadcrumb\"},\"inLanguage\":\"es\",\"potentialAction\":[{\"@type\":\"ReadAction\",\"target\":[\"https:\\\/\\\/somos-hermanos.mx\\\/index.php\\\/2026\\\/03\\\/11\\\/caridad-sin-limites-un-refugio-para-todos\\\/\"]}]},{\"@type\":\"ImageObject\",\"inLanguage\":\"es\",\"@id\":\"https:\\\/\\\/somos-hermanos.mx\\\/index.php\\\/2026\\\/03\\\/11\\\/caridad-sin-limites-un-refugio-para-todos\\\/#primaryimage\",\"url\":\"https:\\\/\\\/somos-hermanos.mx\\\/wp-content\\\/uploads\\\/2026\\\/03\\\/img-20260310-wa00081889342106709135275.jpg\",\"contentUrl\":\"https:\\\/\\\/somos-hermanos.mx\\\/wp-content\\\/uploads\\\/2026\\\/03\\\/img-20260310-wa00081889342106709135275.jpg\",\"width\":1600,\"height\":1599},{\"@type\":\"BreadcrumbList\",\"@id\":\"https:\\\/\\\/somos-hermanos.mx\\\/index.php\\\/2026\\\/03\\\/11\\\/caridad-sin-limites-un-refugio-para-todos\\\/#breadcrumb\",\"itemListElement\":[{\"@type\":\"ListItem\",\"position\":1,\"name\":\"Inicio\",\"item\":\"https:\\\/\\\/somos-hermanos.mx\\\/\"},{\"@type\":\"ListItem\",\"position\":2,\"name\":\"Caridad sin l\u00edmites: Un refugio para todos\"}]},{\"@type\":\"WebSite\",\"@id\":\"https:\\\/\\\/somos-hermanos.mx\\\/#website\",\"url\":\"https:\\\/\\\/somos-hermanos.mx\\\/\",\"name\":\"Historias que inspiran...\",\"description\":\"Somos la voz del altruismo en M\u00e9xico\",\"publisher\":{\"@id\":\"https:\\\/\\\/somos-hermanos.mx\\\/#organization\"},\"potentialAction\":[{\"@type\":\"SearchAction\",\"target\":{\"@type\":\"EntryPoint\",\"urlTemplate\":\"https:\\\/\\\/somos-hermanos.mx\\\/?s={search_term_string}\"},\"query-input\":{\"@type\":\"PropertyValueSpecification\",\"valueRequired\":true,\"valueName\":\"search_term_string\"}}],\"inLanguage\":\"es\"},{\"@type\":\"Organization\",\"@id\":\"https:\\\/\\\/somos-hermanos.mx\\\/#organization\",\"name\":\"Somos Hermanos\",\"url\":\"https:\\\/\\\/somos-hermanos.mx\\\/\",\"logo\":{\"@type\":\"ImageObject\",\"inLanguage\":\"es\",\"@id\":\"https:\\\/\\\/somos-hermanos.mx\\\/#\\\/schema\\\/logo\\\/image\\\/\",\"url\":\"https:\\\/\\\/somos-hermanos.mx\\\/wp-content\\\/uploads\\\/2025\\\/08\\\/SH30-1.jpeg\",\"contentUrl\":\"https:\\\/\\\/somos-hermanos.mx\\\/wp-content\\\/uploads\\\/2025\\\/08\\\/SH30-1.jpeg\",\"width\":1600,\"height\":1142,\"caption\":\"Somos Hermanos\"},\"image\":{\"@id\":\"https:\\\/\\\/somos-hermanos.mx\\\/#\\\/schema\\\/logo\\\/image\\\/\"},\"sameAs\":[\"https:\\\/\\\/www.facebook.com\\\/SomosHermanosIAP\\\/\",\"https:\\\/\\\/x.com\\\/Somos__Hermanos\",\"https:\\\/\\\/www.instagram.com\\\/somos__hermanos\\\/#\",\"https:\\\/\\\/www.tiktok.com\\\/@somoshermanosiap\",\"https:\\\/\\\/www.youtube.com\\\/@somoshermanosiap1201\\\/videos\"]},{\"@type\":\"Person\",\"@id\":\"https:\\\/\\\/somos-hermanos.mx\\\/#\\\/schema\\\/person\\\/0998f178948ff64bb6e8e1479a973eb7\",\"name\":\"Itzel Montiel Luna\",\"image\":{\"@type\":\"ImageObject\",\"inLanguage\":\"es\",\"@id\":\"https:\\\/\\\/secure.gravatar.com\\\/avatar\\\/fa18ed3df0c81049a1f84da7aea98a9f130aedfb6076ab013d6451875eb77a7b?s=96&d=mm&r=g\",\"url\":\"https:\\\/\\\/secure.gravatar.com\\\/avatar\\\/fa18ed3df0c81049a1f84da7aea98a9f130aedfb6076ab013d6451875eb77a7b?s=96&d=mm&r=g\",\"contentUrl\":\"https:\\\/\\\/secure.gravatar.com\\\/avatar\\\/fa18ed3df0c81049a1f84da7aea98a9f130aedfb6076ab013d6451875eb77a7b?s=96&d=mm&r=g\",\"caption\":\"Itzel Montiel Luna\"},\"url\":\"https:\\\/\\\/somos-hermanos.mx\\\/index.php\\\/author\\\/itzel-montiel-luna\\\/\"}]}<\/script>\n<!-- \/ Yoast SEO plugin. -->","yoast_head_json":{"title":"Caridad sin l\u00edmites: Un refugio para todos - Historias que inspiran...","description":"Beneficiar a quienes se encuentren en situaciones vulnerables, ya sea por edad, sexo, enfermedad, abandono o por sufrir alg\u00fan tipo de abuso.","robots":{"index":"index","follow":"follow","max-snippet":"max-snippet:-1","max-image-preview":"max-image-preview:large","max-video-preview":"max-video-preview:-1"},"canonical":"https:\/\/somos-hermanos.mx\/index.php\/2026\/03\/11\/caridad-sin-limites-un-refugio-para-todos\/","og_locale":"es_MX","og_type":"article","og_title":"Caridad sin l\u00edmites: Un refugio para todos - Historias que inspiran...","og_description":"Beneficiar a quienes se encuentren en situaciones vulnerables, ya sea por edad, sexo, enfermedad, abandono o por sufrir alg\u00fan tipo de abuso.","og_url":"https:\/\/somos-hermanos.mx\/index.php\/2026\/03\/11\/caridad-sin-limites-un-refugio-para-todos\/","og_site_name":"Historias que inspiran...","article_publisher":"https:\/\/www.facebook.com\/SomosHermanosIAP\/","article_published_time":"2026-03-11T07:00:42+00:00","og_image":[{"width":1600,"height":1599,"url":"https:\/\/somos-hermanos.mx\/wp-content\/uploads\/2026\/03\/img-20260310-wa00081889342106709135275.jpg","type":"image\/jpeg"}],"author":"Itzel Montiel Luna","twitter_card":"summary_large_image","twitter_creator":"@Somos__Hermanos","twitter_site":"@Somos__Hermanos","twitter_misc":{"Escrito por":"Itzel Montiel Luna","Tiempo de lectura":"2 minutos"},"schema":{"@context":"https:\/\/schema.org","@graph":[{"@type":"Article","@id":"https:\/\/somos-hermanos.mx\/index.php\/2026\/03\/11\/caridad-sin-limites-un-refugio-para-todos\/#article","isPartOf":{"@id":"https:\/\/somos-hermanos.mx\/index.php\/2026\/03\/11\/caridad-sin-limites-un-refugio-para-todos\/"},"author":{"name":"Itzel Montiel Luna","@id":"https:\/\/somos-hermanos.mx\/#\/schema\/person\/0998f178948ff64bb6e8e1479a973eb7"},"headline":"Caridad sin l\u00edmites: Un refugio para todos","datePublished":"2026-03-11T07:00:42+00:00","mainEntityOfPage":{"@id":"https:\/\/somos-hermanos.mx\/index.php\/2026\/03\/11\/caridad-sin-limites-un-refugio-para-todos\/"},"wordCount":365,"commentCount":0,"publisher":{"@id":"https:\/\/somos-hermanos.mx\/#organization"},"image":{"@id":"https:\/\/somos-hermanos.mx\/index.php\/2026\/03\/11\/caridad-sin-limites-un-refugio-para-todos\/#primaryimage"},"thumbnailUrl":"https:\/\/somos-hermanos.mx\/wp-content\/uploads\/2026\/03\/img-20260310-wa00081889342106709135275.jpg","keywords":["abandono","aborto","ancianos abandonados","Caridad sin L\u00edmites","Casa Hogar","enfermedad","familias","Hogar de San Charbel","las Carmelitas","mujeres","mujeres embarazadas","ni\u00f1os","Orientaci\u00f3n social","programas de apoyo","proveer alimentaci\u00f3n","pueblos ind\u00edgenas","rehabilitaci\u00f3n m\u00e9dica","servicios funerarios","situaci\u00f3n de orfandad","situaci\u00f3n vulnerable","tipo de abuso","vida digna","vivienda"],"articleSection":["Noticias"],"inLanguage":"es","potentialAction":[{"@type":"CommentAction","name":"Comment","target":["https:\/\/somos-hermanos.mx\/index.php\/2026\/03\/11\/caridad-sin-limites-un-refugio-para-todos\/#respond"]}]},{"@type":"WebPage","@id":"https:\/\/somos-hermanos.mx\/index.php\/2026\/03\/11\/caridad-sin-limites-un-refugio-para-todos\/","url":"https:\/\/somos-hermanos.mx\/index.php\/2026\/03\/11\/caridad-sin-limites-un-refugio-para-todos\/","name":"Caridad sin l\u00edmites: Un refugio para todos - Historias que inspiran...","isPartOf":{"@id":"https:\/\/somos-hermanos.mx\/#website"},"primaryImageOfPage":{"@id":"https:\/\/somos-hermanos.mx\/index.php\/2026\/03\/11\/caridad-sin-limites-un-refugio-para-todos\/#primaryimage"},"image":{"@id":"https:\/\/somos-hermanos.mx\/index.php\/2026\/03\/11\/caridad-sin-limites-un-refugio-para-todos\/#primaryimage"},"thumbnailUrl":"https:\/\/somos-hermanos.mx\/wp-content\/uploads\/2026\/03\/img-20260310-wa00081889342106709135275.jpg","datePublished":"2026-03-11T07:00:42+00:00","description":"Beneficiar a quienes se encuentren en situaciones vulnerables, ya sea por edad, sexo, enfermedad, abandono o por sufrir alg\u00fan tipo de abuso.","breadcrumb":{"@id":"https:\/\/somos-hermanos.mx\/index.php\/2026\/03\/11\/caridad-sin-limites-un-refugio-para-todos\/#breadcrumb"},"inLanguage":"es","potentialAction":[{"@type":"ReadAction","target":["https:\/\/somos-hermanos.mx\/index.php\/2026\/03\/11\/caridad-sin-limites-un-refugio-para-todos\/"]}]},{"@type":"ImageObject","inLanguage":"es","@id":"https:\/\/somos-hermanos.mx\/index.php\/2026\/03\/11\/caridad-sin-limites-un-refugio-para-todos\/#primaryimage","url":"https:\/\/somos-hermanos.mx\/wp-content\/uploads\/2026\/03\/img-20260310-wa00081889342106709135275.jpg","contentUrl":"https:\/\/somos-hermanos.mx\/wp-content\/uploads\/2026\/03\/img-20260310-wa00081889342106709135275.jpg","width":1600,"height":1599},{"@type":"BreadcrumbList","@id":"https:\/\/somos-hermanos.mx\/index.php\/2026\/03\/11\/caridad-sin-limites-un-refugio-para-todos\/#breadcrumb","itemListElement":[{"@type":"ListItem","position":1,"name":"Inicio","item":"https:\/\/somos-hermanos.mx\/"},{"@type":"ListItem","position":2,"name":"Caridad sin l\u00edmites: Un refugio para todos"}]},{"@type":"WebSite","@id":"https:\/\/somos-hermanos.mx\/#website","url":"https:\/\/somos-hermanos.mx\/","name":"Historias que inspiran...","description":"Somos la voz del altruismo en M\u00e9xico","publisher":{"@id":"https:\/\/somos-hermanos.mx\/#organization"},"potentialAction":[{"@type":"SearchAction","target":{"@type":"EntryPoint","urlTemplate":"https:\/\/somos-hermanos.mx\/?s={search_term_string}"},"query-input":{"@type":"PropertyValueSpecification","valueRequired":true,"valueName":"search_term_string"}}],"inLanguage":"es"},{"@type":"Organization","@id":"https:\/\/somos-hermanos.mx\/#organization","name":"Somos Hermanos","url":"https:\/\/somos-hermanos.mx\/","logo":{"@type":"ImageObject","inLanguage":"es","@id":"https:\/\/somos-hermanos.mx\/#\/schema\/logo\/image\/","url":"https:\/\/somos-hermanos.mx\/wp-content\/uploads\/2025\/08\/SH30-1.jpeg","contentUrl":"https:\/\/somos-hermanos.mx\/wp-content\/uploads\/2025\/08\/SH30-1.jpeg","width":1600,"height":1142,"caption":"Somos Hermanos"},"image":{"@id":"https:\/\/somos-hermanos.mx\/#\/schema\/logo\/image\/"},"sameAs":["https:\/\/www.facebook.com\/SomosHermanosIAP\/","https:\/\/x.com\/Somos__Hermanos","https:\/\/www.instagram.com\/somos__hermanos\/#","https:\/\/www.tiktok.com\/@somoshermanosiap","https:\/\/www.youtube.com\/@somoshermanosiap1201\/videos"]},{"@type":"Person","@id":"https:\/\/somos-hermanos.mx\/#\/schema\/person\/0998f178948ff64bb6e8e1479a973eb7","name":"Itzel Montiel Luna","image":{"@type":"ImageObject","inLanguage":"es","@id":"https:\/\/secure.gravatar.com\/avatar\/fa18ed3df0c81049a1f84da7aea98a9f130aedfb6076ab013d6451875eb77a7b?s=96&d=mm&r=g","url":"https:\/\/secure.gravatar.com\/avatar\/fa18ed3df0c81049a1f84da7aea98a9f130aedfb6076ab013d6451875eb77a7b?s=96&d=mm&r=g","contentUrl":"https:\/\/secure.gravatar.com\/avatar\/fa18ed3df0c81049a1f84da7aea98a9f130aedfb6076ab013d6451875eb77a7b?s=96&d=mm&r=g","caption":"Itzel Montiel Luna"},"url":"https:\/\/somos-hermanos.mx\/index.php\/author\/itzel-montiel-luna\/"}]}},"_links":{"self":[{"href":"https:\/\/somos-hermanos.mx\/index.php\/wp-json\/wp\/v2\/posts\/2907","targetHints":{"allow":["GET"]}}],"collection":[{"href":"https:\/\/somos-hermanos.mx\/index.php\/wp-json\/wp\/v2\/posts"}],"about":[{"href":"https:\/\/somos-hermanos.mx\/index.php\/wp-json\/wp\/v2\/types\/post"}],"author":[{"embeddable":true,"href":"https:\/\/somos-hermanos.mx\/index.php\/wp-json\/wp\/v2\/users\/15"}],"replies":[{"embeddable":true,"href":"https:\/\/somos-hermanos.mx\/index.php\/wp-json\/wp\/v2\/comments?post=2907"}],"version-history":[{"count":1,"href":"https:\/\/somos-hermanos.mx\/index.php\/wp-json\/wp\/v2\/posts\/2907\/revisions"}],"predecessor-version":[{"id":2908,"href":"https:\/\/somos-hermanos.mx\/index.php\/wp-json\/wp\/v2\/posts\/2907\/revisions\/2908"}],"wp:featuredmedia":[{"embeddable":true,"href":"https:\/\/somos-hermanos.mx\/index.php\/wp-json\/wp\/v2\/media\/2905"}],"wp:attachment":[{"href":"https:\/\/somos-hermanos.mx\/index.php\/wp-json\/wp\/v2\/media?parent=2907"}],"wp:term":[{"taxonomy":"category","embeddable":true,"href":"https:\/\/somos-hermanos.mx\/index.php\/wp-json\/wp\/v2\/categories?post=2907"},{"taxonomy":"post_tag","embeddable":true,"href":"https:\/\/somos-hermanos.mx\/index.php\/wp-json\/wp\/v2\/tags?post=2907"}],"curies":[{"name":"wp","href":"https:\/\/api.w.org\/{rel}","templated":true}]}}