{"id":284,"date":"2025-08-03T20:01:51","date_gmt":"2025-08-04T02:01:51","guid":{"rendered":"https:\/\/somos-hermanos.mx\/?p=284"},"modified":"2025-08-07T02:44:05","modified_gmt":"2025-08-07T08:44:05","slug":"la-alegria-y-la-generosidad-van-de-la-mano","status":"publish","type":"post","link":"https:\/\/somos-hermanos.mx\/index.php\/2025\/08\/03\/la-alegria-y-la-generosidad-van-de-la-mano\/","title":{"rendered":"La alegr\u00eda y generosidad van de la mano"},"content":{"rendered":"<p>Psicol\u00f3gicamente, la alegr\u00eda se considera como un sentimiento y primordialmente como una virtud en la cual lo que penetra inmediatamente en nuestra intimidad es considerado como un don: ya sea una cosa, un acontecimiento, un estado de nuestra vida, etc. \u00a0Todos estamos de acuerdo en que necesitamos una alegr\u00eda permanente, porque en esta alegr\u00eda a pesar de los pesares- nos sentimos felices.<\/p>\n<p>Todos sabemos que hay dos clases de alegr\u00eda: una <strong><u>externa<\/u><\/strong>, que es fisiol\u00f3gica, de diversi\u00f3n pasajera, de placer moment\u00e1neo. Se manifiesta en la salud corporal y en la emoci\u00f3n con risa, extraversi\u00f3n, dinamismo f\u00edsico, etc. \u00a0Y otra <strong><u>profunda.<\/u><\/strong><strong><u>\u00a0<\/u><\/strong><\/p>\n<p><strong>La alegr\u00eda profunda es espiritual, <\/strong>basada m\u00e1s en el tono vital e integrador de toda la personalidad: Se manifiesta primordialmente en la sonrisa constante, en la serenidad y en la paz interior.<\/p>\n<p><strong>Es una alegr\u00eda aut\u00e9ntica, <\/strong>que penetra toda la vida an\u00edmica y proporciona a lo que percibimos un especial brillo, mostrando en todo el horizonte de nuestra existencia una luz \u00a0\u00a0nueva y dichosa. Afecta positivamente tanto los pensamientos como los actos de voluntad.<\/p>\n<p>Por ejemplo, ahora que hemos pasado la Navidad y estamos comenzando a un a\u00f1o nuevo, procuramos asumir un \u00f3ptimo sentido para nuestra vida. Y percibimos que existe tambi\u00e9n una alegr\u00eda sobrenatural, que es fruto de Dios.<\/p>\n<p><strong>\u201cLa alegr\u00eda es una virtud no distinta de la caridad, sino cierto acto y efecto suyo\u201d (Santo Tom\u00e1s).<\/strong>\u00a0La alegr\u00eda exige como punto de apoyo una tranquila humildad. La alegr\u00eda se hace m\u00e1s honda conforme somos m\u00e1s generosos con el Creador, porque percibimos que todas las cosas buenas vienen de \u00c9l.<\/p>\n<p>Esta alegr\u00eda nos lleva a estar serenos, contentos, comprensivos y olvidados de nosotros mismos, en todos nuestros actos de la vida. Queremos el bien para los dem\u00e1s.<\/p>\n<p>La alegr\u00eda profunda es fruto del alma que est\u00e1 cerca de Dios, que no est\u00e1 unida a circunstancias contraproducentes o mentalmente desfavorables. Aunque parezca parad\u00f3jico, hemos de estar siempre alegres, tambi\u00e9n a la hora de la muerte. Porque la muerte debe ser un cambio de vida, hacia otro mejor si estamos unidos con el Creador<\/p>\n<p>La alegr\u00eda que viene de Dios, es fruto de la caridad. Si queremos estar alegres \u2013ser felices-, con buen humor: vivamos la virtud del Amor aut\u00e9ntico, en la familia, en el trabajo, en las relaciones sociales, en la conversaci\u00f3n, tratando a las personas a como quisi\u00e9semos que nos tratasen a uno mismo.<\/p>\n<p>No querer para otro, lo que no queremos para nosotros. Y querer para los dem\u00e1s, lo que queremos para nosotros. \u201cGozas der una alegr\u00eda interior y de una paz, que no cambias por nada. Dios est\u00e1 aqu\u00ed: no hay cosa mejor que contarle a El las penas, para que dejen de ser penas\u201d (san Josemar\u00eda Escriv\u00e1, <strong><em>Forja<\/em><\/strong><em>, <\/em>n.54)<\/p>\n<p>\u201cNadie es feliz, en la tierra, hasta que se decide a no serlo. As\u00ed discurre el camino: dolor, \u00a1en cristiano\u00a1 Cruz: Voluntad de Dios, Amor; felicidad aqu\u00ed y, despu\u00e9s, \u00a0eternamente.\u201d (san Josemar\u00eda Escriv\u00e1, <strong><em>Surco<\/em><\/strong>, n.52).<\/p>\n<p>Esto significa generosidad. Es decir: Dar con alegr\u00eda. \u00a0Estar en la realidad y querer la felicidad tanto para los otros como para nosotros mismos. \u00a0\u00a0Y de esta lucha, brotar\u00e1 la paz, y simult\u00e1neamente la alegr\u00eda. De modo que la alegr\u00eda y la generosidad van siempre de la mano, y no pueden existir separadas.<\/p>\n<p>&nbsp;<\/p>\n","protected":false},"excerpt":{"rendered":"<p>Psicol\u00f3gicamente, la alegr\u00eda se considera como un sentimiento y primordialmente como una virtud en la cual lo que penetra inmediatamente en nuestra intimidad es considerado como un don: ya sea una cosa, un acontecimiento, un estado de nuestra vida, etc. \u00a0Todos estamos de acuerdo en que necesitamos una alegr\u00eda permanente, porque en esta alegr\u00eda a [&hellip;]<\/p>\n","protected":false},"author":7,"featured_media":290,"comment_status":"open","ping_status":"closed","sticky":false,"template":"","format":"standard","meta":{"footnotes":""},"categories":[14,24],"tags":[],"class_list":["post-284","post","type-post","status-publish","format-standard","has-post-thumbnail","hentry","category-columnas","category-gabriel-martinez-navarrete"],"yoast_head":"<!-- This site is optimized with the Yoast SEO plugin v27.5 - https:\/\/yoast.com\/product\/yoast-seo-wordpress\/ -->\n<title>La alegr\u00eda y generosidad van de la mano - Historias que inspiran...<\/title>\n<meta name=\"robots\" content=\"index, follow, max-snippet:-1, max-image-preview:large, max-video-preview:-1\" \/>\n<link rel=\"canonical\" href=\"https:\/\/somos-hermanos.mx\/index.php\/2025\/08\/03\/la-alegria-y-la-generosidad-van-de-la-mano\/\" \/>\n<meta property=\"og:locale\" content=\"es_MX\" \/>\n<meta property=\"og:type\" content=\"article\" \/>\n<meta property=\"og:title\" content=\"La alegr\u00eda y generosidad van de la mano - Historias que inspiran...\" \/>\n<meta property=\"og:description\" content=\"Psicol\u00f3gicamente, la alegr\u00eda se considera como un sentimiento y primordialmente como una virtud en la cual lo que penetra inmediatamente en nuestra intimidad es considerado como un don: ya sea una cosa, un acontecimiento, un estado de nuestra vida, etc. \u00a0Todos estamos de acuerdo en que necesitamos una alegr\u00eda permanente, porque en esta alegr\u00eda a [&hellip;]\" \/>\n<meta property=\"og:url\" content=\"https:\/\/somos-hermanos.mx\/index.php\/2025\/08\/03\/la-alegria-y-la-generosidad-van-de-la-mano\/\" \/>\n<meta property=\"og:site_name\" content=\"Historias que inspiran...\" \/>\n<meta property=\"article:publisher\" content=\"https:\/\/www.facebook.com\/SomosHermanosIAP\/\" \/>\n<meta property=\"article:published_time\" content=\"2025-08-04T02:01:51+00:00\" \/>\n<meta property=\"article:modified_time\" content=\"2025-08-07T08:44:05+00:00\" \/>\n<meta property=\"og:image\" content=\"https:\/\/somos-hermanos.mx\/wp-content\/uploads\/2025\/08\/17901.jpg\" \/>\n\t<meta property=\"og:image:width\" content=\"1000\" \/>\n\t<meta property=\"og:image:height\" content=\"667\" \/>\n\t<meta property=\"og:image:type\" content=\"image\/jpeg\" \/>\n<meta name=\"author\" content=\"Gabriel Mart\u00ednez Navarrete\" \/>\n<meta name=\"twitter:card\" content=\"summary_large_image\" \/>\n<meta name=\"twitter:creator\" content=\"@Somos__Hermanos\" \/>\n<meta name=\"twitter:site\" content=\"@Somos__Hermanos\" \/>\n<meta name=\"twitter:label1\" content=\"Escrito por\" \/>\n\t<meta name=\"twitter:data1\" content=\"Gabriel Mart\u00ednez Navarrete\" \/>\n\t<meta name=\"twitter:label2\" content=\"Tiempo de lectura\" \/>\n\t<meta name=\"twitter:data2\" content=\"3 minutos\" \/>\n<script type=\"application\/ld+json\" class=\"yoast-schema-graph\">{\"@context\":\"https:\\\/\\\/schema.org\",\"@graph\":[{\"@type\":\"Article\",\"@id\":\"https:\\\/\\\/somos-hermanos.mx\\\/index.php\\\/2025\\\/08\\\/03\\\/la-alegria-y-la-generosidad-van-de-la-mano\\\/#article\",\"isPartOf\":{\"@id\":\"https:\\\/\\\/somos-hermanos.mx\\\/index.php\\\/2025\\\/08\\\/03\\\/la-alegria-y-la-generosidad-van-de-la-mano\\\/\"},\"author\":{\"name\":\"Gabriel Mart\u00ednez Navarrete\",\"@id\":\"https:\\\/\\\/somos-hermanos.mx\\\/#\\\/schema\\\/person\\\/44f957c5358a517057be2865328aafa1\"},\"headline\":\"La alegr\u00eda y generosidad van de la mano\",\"datePublished\":\"2025-08-04T02:01:51+00:00\",\"dateModified\":\"2025-08-07T08:44:05+00:00\",\"mainEntityOfPage\":{\"@id\":\"https:\\\/\\\/somos-hermanos.mx\\\/index.php\\\/2025\\\/08\\\/03\\\/la-alegria-y-la-generosidad-van-de-la-mano\\\/\"},\"wordCount\":594,\"commentCount\":1,\"publisher\":{\"@id\":\"https:\\\/\\\/somos-hermanos.mx\\\/#organization\"},\"image\":{\"@id\":\"https:\\\/\\\/somos-hermanos.mx\\\/index.php\\\/2025\\\/08\\\/03\\\/la-alegria-y-la-generosidad-van-de-la-mano\\\/#primaryimage\"},\"thumbnailUrl\":\"https:\\\/\\\/somos-hermanos.mx\\\/wp-content\\\/uploads\\\/2025\\\/08\\\/17901.jpg\",\"articleSection\":[\"Columnas\",\"Gabriel Mart\u00ednez Navarrete\"],\"inLanguage\":\"es\",\"potentialAction\":[{\"@type\":\"CommentAction\",\"name\":\"Comment\",\"target\":[\"https:\\\/\\\/somos-hermanos.mx\\\/index.php\\\/2025\\\/08\\\/03\\\/la-alegria-y-la-generosidad-van-de-la-mano\\\/#respond\"]}]},{\"@type\":\"WebPage\",\"@id\":\"https:\\\/\\\/somos-hermanos.mx\\\/index.php\\\/2025\\\/08\\\/03\\\/la-alegria-y-la-generosidad-van-de-la-mano\\\/\",\"url\":\"https:\\\/\\\/somos-hermanos.mx\\\/index.php\\\/2025\\\/08\\\/03\\\/la-alegria-y-la-generosidad-van-de-la-mano\\\/\",\"name\":\"La alegr\u00eda y generosidad van de la mano - Historias que inspiran...\",\"isPartOf\":{\"@id\":\"https:\\\/\\\/somos-hermanos.mx\\\/#website\"},\"primaryImageOfPage\":{\"@id\":\"https:\\\/\\\/somos-hermanos.mx\\\/index.php\\\/2025\\\/08\\\/03\\\/la-alegria-y-la-generosidad-van-de-la-mano\\\/#primaryimage\"},\"image\":{\"@id\":\"https:\\\/\\\/somos-hermanos.mx\\\/index.php\\\/2025\\\/08\\\/03\\\/la-alegria-y-la-generosidad-van-de-la-mano\\\/#primaryimage\"},\"thumbnailUrl\":\"https:\\\/\\\/somos-hermanos.mx\\\/wp-content\\\/uploads\\\/2025\\\/08\\\/17901.jpg\",\"datePublished\":\"2025-08-04T02:01:51+00:00\",\"dateModified\":\"2025-08-07T08:44:05+00:00\",\"breadcrumb\":{\"@id\":\"https:\\\/\\\/somos-hermanos.mx\\\/index.php\\\/2025\\\/08\\\/03\\\/la-alegria-y-la-generosidad-van-de-la-mano\\\/#breadcrumb\"},\"inLanguage\":\"es\",\"potentialAction\":[{\"@type\":\"ReadAction\",\"target\":[\"https:\\\/\\\/somos-hermanos.mx\\\/index.php\\\/2025\\\/08\\\/03\\\/la-alegria-y-la-generosidad-van-de-la-mano\\\/\"]}]},{\"@type\":\"ImageObject\",\"inLanguage\":\"es\",\"@id\":\"https:\\\/\\\/somos-hermanos.mx\\\/index.php\\\/2025\\\/08\\\/03\\\/la-alegria-y-la-generosidad-van-de-la-mano\\\/#primaryimage\",\"url\":\"https:\\\/\\\/somos-hermanos.mx\\\/wp-content\\\/uploads\\\/2025\\\/08\\\/17901.jpg\",\"contentUrl\":\"https:\\\/\\\/somos-hermanos.mx\\\/wp-content\\\/uploads\\\/2025\\\/08\\\/17901.jpg\",\"width\":1000,\"height\":667},{\"@type\":\"BreadcrumbList\",\"@id\":\"https:\\\/\\\/somos-hermanos.mx\\\/index.php\\\/2025\\\/08\\\/03\\\/la-alegria-y-la-generosidad-van-de-la-mano\\\/#breadcrumb\",\"itemListElement\":[{\"@type\":\"ListItem\",\"position\":1,\"name\":\"Inicio\",\"item\":\"https:\\\/\\\/somos-hermanos.mx\\\/\"},{\"@type\":\"ListItem\",\"position\":2,\"name\":\"La alegr\u00eda y generosidad van de la mano\"}]},{\"@type\":\"WebSite\",\"@id\":\"https:\\\/\\\/somos-hermanos.mx\\\/#website\",\"url\":\"https:\\\/\\\/somos-hermanos.mx\\\/\",\"name\":\"Historias que inspiran...\",\"description\":\"Somos la voz del altruismo en M\u00e9xico\",\"publisher\":{\"@id\":\"https:\\\/\\\/somos-hermanos.mx\\\/#organization\"},\"potentialAction\":[{\"@type\":\"SearchAction\",\"target\":{\"@type\":\"EntryPoint\",\"urlTemplate\":\"https:\\\/\\\/somos-hermanos.mx\\\/?s={search_term_string}\"},\"query-input\":{\"@type\":\"PropertyValueSpecification\",\"valueRequired\":true,\"valueName\":\"search_term_string\"}}],\"inLanguage\":\"es\"},{\"@type\":\"Organization\",\"@id\":\"https:\\\/\\\/somos-hermanos.mx\\\/#organization\",\"name\":\"Somos Hermanos\",\"url\":\"https:\\\/\\\/somos-hermanos.mx\\\/\",\"logo\":{\"@type\":\"ImageObject\",\"inLanguage\":\"es\",\"@id\":\"https:\\\/\\\/somos-hermanos.mx\\\/#\\\/schema\\\/logo\\\/image\\\/\",\"url\":\"https:\\\/\\\/somos-hermanos.mx\\\/wp-content\\\/uploads\\\/2025\\\/08\\\/SH30-1.jpeg\",\"contentUrl\":\"https:\\\/\\\/somos-hermanos.mx\\\/wp-content\\\/uploads\\\/2025\\\/08\\\/SH30-1.jpeg\",\"width\":1600,\"height\":1142,\"caption\":\"Somos Hermanos\"},\"image\":{\"@id\":\"https:\\\/\\\/somos-hermanos.mx\\\/#\\\/schema\\\/logo\\\/image\\\/\"},\"sameAs\":[\"https:\\\/\\\/www.facebook.com\\\/SomosHermanosIAP\\\/\",\"https:\\\/\\\/x.com\\\/Somos__Hermanos\",\"https:\\\/\\\/www.instagram.com\\\/somos__hermanos\\\/#\",\"https:\\\/\\\/www.tiktok.com\\\/@somoshermanosiap\",\"https:\\\/\\\/www.youtube.com\\\/@somoshermanosiap1201\\\/videos\"]},{\"@type\":\"Person\",\"@id\":\"https:\\\/\\\/somos-hermanos.mx\\\/#\\\/schema\\\/person\\\/44f957c5358a517057be2865328aafa1\",\"name\":\"Gabriel Mart\u00ednez Navarrete\",\"image\":{\"@type\":\"ImageObject\",\"inLanguage\":\"es\",\"@id\":\"https:\\\/\\\/secure.gravatar.com\\\/avatar\\\/1566a69e29b83b6a8cea93c853aac1e42bcc49d57e43801948d25b3bd2c4404c?s=96&d=mm&r=g\",\"url\":\"https:\\\/\\\/secure.gravatar.com\\\/avatar\\\/1566a69e29b83b6a8cea93c853aac1e42bcc49d57e43801948d25b3bd2c4404c?s=96&d=mm&r=g\",\"contentUrl\":\"https:\\\/\\\/secure.gravatar.com\\\/avatar\\\/1566a69e29b83b6a8cea93c853aac1e42bcc49d57e43801948d25b3bd2c4404c?s=96&d=mm&r=g\",\"caption\":\"Gabriel Mart\u00ednez Navarrete\"},\"url\":\"https:\\\/\\\/somos-hermanos.mx\\\/index.php\\\/author\\\/gabriel-garcia-navarrete\\\/\"}]}<\/script>\n<!-- \/ Yoast SEO plugin. -->","yoast_head_json":{"title":"La alegr\u00eda y generosidad van de la mano - Historias que inspiran...","robots":{"index":"index","follow":"follow","max-snippet":"max-snippet:-1","max-image-preview":"max-image-preview:large","max-video-preview":"max-video-preview:-1"},"canonical":"https:\/\/somos-hermanos.mx\/index.php\/2025\/08\/03\/la-alegria-y-la-generosidad-van-de-la-mano\/","og_locale":"es_MX","og_type":"article","og_title":"La alegr\u00eda y generosidad van de la mano - Historias que inspiran...","og_description":"Psicol\u00f3gicamente, la alegr\u00eda se considera como un sentimiento y primordialmente como una virtud en la cual lo que penetra inmediatamente en nuestra intimidad es considerado como un don: ya sea una cosa, un acontecimiento, un estado de nuestra vida, etc. \u00a0Todos estamos de acuerdo en que necesitamos una alegr\u00eda permanente, porque en esta alegr\u00eda a [&hellip;]","og_url":"https:\/\/somos-hermanos.mx\/index.php\/2025\/08\/03\/la-alegria-y-la-generosidad-van-de-la-mano\/","og_site_name":"Historias que inspiran...","article_publisher":"https:\/\/www.facebook.com\/SomosHermanosIAP\/","article_published_time":"2025-08-04T02:01:51+00:00","article_modified_time":"2025-08-07T08:44:05+00:00","og_image":[{"width":1000,"height":667,"url":"https:\/\/somos-hermanos.mx\/wp-content\/uploads\/2025\/08\/17901.jpg","type":"image\/jpeg"}],"author":"Gabriel Mart\u00ednez Navarrete","twitter_card":"summary_large_image","twitter_creator":"@Somos__Hermanos","twitter_site":"@Somos__Hermanos","twitter_misc":{"Escrito por":"Gabriel Mart\u00ednez Navarrete","Tiempo de lectura":"3 minutos"},"schema":{"@context":"https:\/\/schema.org","@graph":[{"@type":"Article","@id":"https:\/\/somos-hermanos.mx\/index.php\/2025\/08\/03\/la-alegria-y-la-generosidad-van-de-la-mano\/#article","isPartOf":{"@id":"https:\/\/somos-hermanos.mx\/index.php\/2025\/08\/03\/la-alegria-y-la-generosidad-van-de-la-mano\/"},"author":{"name":"Gabriel Mart\u00ednez Navarrete","@id":"https:\/\/somos-hermanos.mx\/#\/schema\/person\/44f957c5358a517057be2865328aafa1"},"headline":"La alegr\u00eda y generosidad van de la mano","datePublished":"2025-08-04T02:01:51+00:00","dateModified":"2025-08-07T08:44:05+00:00","mainEntityOfPage":{"@id":"https:\/\/somos-hermanos.mx\/index.php\/2025\/08\/03\/la-alegria-y-la-generosidad-van-de-la-mano\/"},"wordCount":594,"commentCount":1,"publisher":{"@id":"https:\/\/somos-hermanos.mx\/#organization"},"image":{"@id":"https:\/\/somos-hermanos.mx\/index.php\/2025\/08\/03\/la-alegria-y-la-generosidad-van-de-la-mano\/#primaryimage"},"thumbnailUrl":"https:\/\/somos-hermanos.mx\/wp-content\/uploads\/2025\/08\/17901.jpg","articleSection":["Columnas","Gabriel Mart\u00ednez Navarrete"],"inLanguage":"es","potentialAction":[{"@type":"CommentAction","name":"Comment","target":["https:\/\/somos-hermanos.mx\/index.php\/2025\/08\/03\/la-alegria-y-la-generosidad-van-de-la-mano\/#respond"]}]},{"@type":"WebPage","@id":"https:\/\/somos-hermanos.mx\/index.php\/2025\/08\/03\/la-alegria-y-la-generosidad-van-de-la-mano\/","url":"https:\/\/somos-hermanos.mx\/index.php\/2025\/08\/03\/la-alegria-y-la-generosidad-van-de-la-mano\/","name":"La alegr\u00eda y generosidad van de la mano - Historias que inspiran...","isPartOf":{"@id":"https:\/\/somos-hermanos.mx\/#website"},"primaryImageOfPage":{"@id":"https:\/\/somos-hermanos.mx\/index.php\/2025\/08\/03\/la-alegria-y-la-generosidad-van-de-la-mano\/#primaryimage"},"image":{"@id":"https:\/\/somos-hermanos.mx\/index.php\/2025\/08\/03\/la-alegria-y-la-generosidad-van-de-la-mano\/#primaryimage"},"thumbnailUrl":"https:\/\/somos-hermanos.mx\/wp-content\/uploads\/2025\/08\/17901.jpg","datePublished":"2025-08-04T02:01:51+00:00","dateModified":"2025-08-07T08:44:05+00:00","breadcrumb":{"@id":"https:\/\/somos-hermanos.mx\/index.php\/2025\/08\/03\/la-alegria-y-la-generosidad-van-de-la-mano\/#breadcrumb"},"inLanguage":"es","potentialAction":[{"@type":"ReadAction","target":["https:\/\/somos-hermanos.mx\/index.php\/2025\/08\/03\/la-alegria-y-la-generosidad-van-de-la-mano\/"]}]},{"@type":"ImageObject","inLanguage":"es","@id":"https:\/\/somos-hermanos.mx\/index.php\/2025\/08\/03\/la-alegria-y-la-generosidad-van-de-la-mano\/#primaryimage","url":"https:\/\/somos-hermanos.mx\/wp-content\/uploads\/2025\/08\/17901.jpg","contentUrl":"https:\/\/somos-hermanos.mx\/wp-content\/uploads\/2025\/08\/17901.jpg","width":1000,"height":667},{"@type":"BreadcrumbList","@id":"https:\/\/somos-hermanos.mx\/index.php\/2025\/08\/03\/la-alegria-y-la-generosidad-van-de-la-mano\/#breadcrumb","itemListElement":[{"@type":"ListItem","position":1,"name":"Inicio","item":"https:\/\/somos-hermanos.mx\/"},{"@type":"ListItem","position":2,"name":"La alegr\u00eda y generosidad van de la mano"}]},{"@type":"WebSite","@id":"https:\/\/somos-hermanos.mx\/#website","url":"https:\/\/somos-hermanos.mx\/","name":"Historias que inspiran...","description":"Somos la voz del altruismo en M\u00e9xico","publisher":{"@id":"https:\/\/somos-hermanos.mx\/#organization"},"potentialAction":[{"@type":"SearchAction","target":{"@type":"EntryPoint","urlTemplate":"https:\/\/somos-hermanos.mx\/?s={search_term_string}"},"query-input":{"@type":"PropertyValueSpecification","valueRequired":true,"valueName":"search_term_string"}}],"inLanguage":"es"},{"@type":"Organization","@id":"https:\/\/somos-hermanos.mx\/#organization","name":"Somos Hermanos","url":"https:\/\/somos-hermanos.mx\/","logo":{"@type":"ImageObject","inLanguage":"es","@id":"https:\/\/somos-hermanos.mx\/#\/schema\/logo\/image\/","url":"https:\/\/somos-hermanos.mx\/wp-content\/uploads\/2025\/08\/SH30-1.jpeg","contentUrl":"https:\/\/somos-hermanos.mx\/wp-content\/uploads\/2025\/08\/SH30-1.jpeg","width":1600,"height":1142,"caption":"Somos Hermanos"},"image":{"@id":"https:\/\/somos-hermanos.mx\/#\/schema\/logo\/image\/"},"sameAs":["https:\/\/www.facebook.com\/SomosHermanosIAP\/","https:\/\/x.com\/Somos__Hermanos","https:\/\/www.instagram.com\/somos__hermanos\/#","https:\/\/www.tiktok.com\/@somoshermanosiap","https:\/\/www.youtube.com\/@somoshermanosiap1201\/videos"]},{"@type":"Person","@id":"https:\/\/somos-hermanos.mx\/#\/schema\/person\/44f957c5358a517057be2865328aafa1","name":"Gabriel Mart\u00ednez Navarrete","image":{"@type":"ImageObject","inLanguage":"es","@id":"https:\/\/secure.gravatar.com\/avatar\/1566a69e29b83b6a8cea93c853aac1e42bcc49d57e43801948d25b3bd2c4404c?s=96&d=mm&r=g","url":"https:\/\/secure.gravatar.com\/avatar\/1566a69e29b83b6a8cea93c853aac1e42bcc49d57e43801948d25b3bd2c4404c?s=96&d=mm&r=g","contentUrl":"https:\/\/secure.gravatar.com\/avatar\/1566a69e29b83b6a8cea93c853aac1e42bcc49d57e43801948d25b3bd2c4404c?s=96&d=mm&r=g","caption":"Gabriel Mart\u00ednez Navarrete"},"url":"https:\/\/somos-hermanos.mx\/index.php\/author\/gabriel-garcia-navarrete\/"}]}},"_links":{"self":[{"href":"https:\/\/somos-hermanos.mx\/index.php\/wp-json\/wp\/v2\/posts\/284","targetHints":{"allow":["GET"]}}],"collection":[{"href":"https:\/\/somos-hermanos.mx\/index.php\/wp-json\/wp\/v2\/posts"}],"about":[{"href":"https:\/\/somos-hermanos.mx\/index.php\/wp-json\/wp\/v2\/types\/post"}],"author":[{"embeddable":true,"href":"https:\/\/somos-hermanos.mx\/index.php\/wp-json\/wp\/v2\/users\/7"}],"replies":[{"embeddable":true,"href":"https:\/\/somos-hermanos.mx\/index.php\/wp-json\/wp\/v2\/comments?post=284"}],"version-history":[{"count":3,"href":"https:\/\/somos-hermanos.mx\/index.php\/wp-json\/wp\/v2\/posts\/284\/revisions"}],"predecessor-version":[{"id":1267,"href":"https:\/\/somos-hermanos.mx\/index.php\/wp-json\/wp\/v2\/posts\/284\/revisions\/1267"}],"wp:featuredmedia":[{"embeddable":true,"href":"https:\/\/somos-hermanos.mx\/index.php\/wp-json\/wp\/v2\/media\/290"}],"wp:attachment":[{"href":"https:\/\/somos-hermanos.mx\/index.php\/wp-json\/wp\/v2\/media?parent=284"}],"wp:term":[{"taxonomy":"category","embeddable":true,"href":"https:\/\/somos-hermanos.mx\/index.php\/wp-json\/wp\/v2\/categories?post=284"},{"taxonomy":"post_tag","embeddable":true,"href":"https:\/\/somos-hermanos.mx\/index.php\/wp-json\/wp\/v2\/tags?post=284"}],"curies":[{"name":"wp","href":"https:\/\/api.w.org\/{rel}","templated":true}]}}