{"id":2655,"date":"2026-01-29T02:00:16","date_gmt":"2026-01-29T08:00:16","guid":{"rendered":"https:\/\/somos-hermanos.mx\/?p=2655"},"modified":"2026-01-28T22:30:03","modified_gmt":"2026-01-29T04:30:03","slug":"crean-cimientos-fuertes-en-ninas-ninos-y-adolescentes-en-vulnerabilidad","status":"publish","type":"post","link":"https:\/\/somos-hermanos.mx\/index.php\/2026\/01\/29\/crean-cimientos-fuertes-en-ninas-ninos-y-adolescentes-en-vulnerabilidad\/","title":{"rendered":"Crean cimientos fuertes en ni\u00f1as, ni\u00f1os y adolescentes en vulnerabilidad"},"content":{"rendered":"<p>La ni\u00f1ez y la adolescencia en M\u00e9xico* en 2023 (de 0 a 17 a\u00f1os) seg\u00fan INEGI*, residen 36,199,642 que representan el 28.0% de la poblaci\u00f3n total, de los cuales el 63.2 de ellos viven en ambos padres, el 28.0% solo con la madre y el 3.0% s\u00f3lo con el padre y el 5.8% no viv\u00eda con ninguno de ellos.<\/p>\n<p>Aunque un 63.2% viven con ambos padres, <strong>el 36.8 est\u00e1n en alto riesgo de vulnerabilidad, porque el padre o madre tienen la necesidad de salir a trabajar dejando solo a su o sus hijos o en simplemente no se ocupan de ellos,<\/strong> dej\u00e1ndolos a la deriva, en pocos casos el, la o los abuelos les apoyan, aunque no sea su responsabilidad.<\/p>\n<p>Esto significado que los ponemos en riesgo de condiciones de calle, poni\u00e9ndolos en manos del crimen organizado, del narcotr\u00e1fico, comienzan por comenzando por dejar de asistir a la escuela, porque est\u00e1n pasando por una edad en que buscan referentes e identidad, reconocimiento, el dinero f\u00e1cil, entre otros.<\/p>\n<p>Seg\u00fan los registros escolares, <strong>la inasistencia se daba en mayor medida entre las ni\u00f1as, ni\u00f1os de 3 a 17 a\u00f1os que no viv\u00edan con ninguno de sus padres, en mayor medida <\/strong>las ni\u00f1as representando el 24.9% y ni\u00f1os el 19.9%.\u00a0 Se dice f\u00e1cil, pero son casi 2,100,000, m\u00e1s los que s\u00f3lo viven con algunos de los padres.<\/p>\n<p>Es un problema muy serio, que requiere de compromiso, voluntad y organizaci\u00f3n entre gobierno, sociedad civil y padres, a trav\u00e9s de diversas estrategias, ya que un ni\u00f1o con buenos principios de crianza, educativos, sociales y suficiente amor de sus progenitores, respeto ser\u00e1n un multiplicador de las siguientes generaciones, impactando de forma positiva, no s\u00f3lo a ellos, el entorno, sociedad y hasta el pa\u00eds.<\/p>\n<p>Por parte de la sociedad, existen personas con mucha voluntad y deseos de atender a esta poblaci\u00f3n de forma integral, para que sea muy parecido a lo que los ni\u00f1os deben tener, porque ellos, son\u00a0 importantes por representar el futuro, as\u00ed que reconocemos el compromiso, voluntad y generosidad de Sor Mar\u00eda del Carmen Fuentes Quezada, mujer que tom\u00f3 la decisi\u00f3n de dar ayudar\u00a0 a ni\u00f1os y adolescentes en condiciones de vulnerabilidad, creando una\u00a0 instituci\u00f3n seria para dar atenci\u00f3n integral a ni\u00f1os y adolescentes, actualmente es la\u00a0 CASA PACO, fundada hace m\u00e1s de medio siglo.<\/p>\n<p><strong>Promoci\u00f3n y Acci\u00f3n\u00a0 Comunitaria IAP (CASA PACO),<\/strong> con 60 a\u00f1os de existencia se dedica a apoyar a ni\u00f1os y adolescentes en situaci\u00f3n vulnerable,\u00a0 que provienen de familias de muy escasos recursos, familias desestructuradas, hu\u00e9rfanos, d\u00e1ndoles herramientas no s\u00f3lo para mejorar su propia vida, sino tambi\u00e9n la de su comunidad, con el objeto de que se rompan los ciclos de que sean agentes de cambio, resilientes a que inspiren una sociedad justa, fraterna y solidaria, al empoderarlos como personas que son.<\/p>\n<p>Paco, esta liderada por\u00a0 un Patronato que junto con la Direcci\u00f3n General crean, implementan,\u00a0 los programas y toda la\u00a0 planeaci\u00f3n estrat\u00e9gica.<\/p>\n<p>Para sacarlos de\u00a0 un alto riesgo de violencia, garantiz\u00e1ndoles sus derechos y rompiendo estos ciclos les proporcionan atenci\u00f3n integral basado en cuatro Programas:<\/p>\n<p>Salud integral: f\u00edsica, nutricional y emocional<\/p>\n<p>Desarrollo Cognitivo: Desarrollo para el aprendizaje, permanencia y progreso escolar.<\/p>\n<p>Desarrollo Socioemocional: Desarrollo de habilidades intrapersonales e interpersonales.<\/p>\n<p>Acompa\u00f1amiento Familiar y Redes de Apoyo: Pr\u00e1cticas de crianza consciente, entornos seguros y de apoyo.<\/p>\n<p>En el pasado, llegaron a una poblaci\u00f3n de\u00a0 80 ni\u00f1os y adolescentes de 4 a 11 a\u00f1os o sea todo su periodo de educaci\u00f3n b\u00e1sica. Adicionalmente a esto, dan seguimiento a cada ni\u00f1o hasta la preparatoria.<\/p>\n<p>Casa Paco, es un hogar, donde actualmente atiende y mantiene a 30 ni\u00f1os y adolescentes y para impulsar la educaci\u00f3n, ha hecho convenios y compromisos con las escuelas p\u00fablicas, para que estos ni\u00f1os asistan y reciban educaci\u00f3n, siendo ellos sus tutores.<\/p>\n<p>Esta poblaci\u00f3n atenida por Casa Paco, proviene de una alianza con Pro Vida, as\u00ed como del DIF, nacional y Estatal.<\/p>\n<p>Es importante se\u00f1alar que la atenci\u00f3n es gratuita y que todo el sostenimiento se adquiere a trav\u00e9s de diversos medios, como son donativo, donativos en especie, eventos, entre otros, tanto de personas f\u00edsicas, como de empresas, organizaciones de la sociedad civil,<\/p>\n<p>Ayudemos, no hay donativo peque\u00f1o, todo suma.<\/p>\n<p><img loading=\"lazy\" decoding=\"async\" class=\"wp-image-2648 aligncenter\" src=\"https:\/\/somos-hermanos.mx\/wp-content\/uploads\/2026\/01\/img-20260128-wa00194585041293884223658-300x141.jpg\" alt=\"\" width=\"515\" height=\"242\" srcset=\"https:\/\/somos-hermanos.mx\/wp-content\/uploads\/2026\/01\/img-20260128-wa00194585041293884223658-300x141.jpg 300w, https:\/\/somos-hermanos.mx\/wp-content\/uploads\/2026\/01\/img-20260128-wa00194585041293884223658-1024x480.jpg 1024w, https:\/\/somos-hermanos.mx\/wp-content\/uploads\/2026\/01\/img-20260128-wa00194585041293884223658-768x360.jpg 768w, https:\/\/somos-hermanos.mx\/wp-content\/uploads\/2026\/01\/img-20260128-wa00194585041293884223658-1536x720.jpg 1536w, https:\/\/somos-hermanos.mx\/wp-content\/uploads\/2026\/01\/img-20260128-wa00194585041293884223658.jpg 1600w\" sizes=\"auto, (max-width: 515px) 100vw, 515px\" \/><\/p>\n","protected":false},"excerpt":{"rendered":"<p>La ni\u00f1ez y la adolescencia en M\u00e9xico* en 2023 (de 0 a 17 a\u00f1os) seg\u00fan INEGI*, residen 36,199,642 que representan el 28.0% de la poblaci\u00f3n total, de los cuales el 63.2 de ellos viven en ambos padres, el 28.0% solo con la madre y el 3.0% s\u00f3lo con el padre y el 5.8% no viv\u00eda [&hellip;]<\/p>\n","protected":false},"author":27,"featured_media":2651,"comment_status":"open","ping_status":"closed","sticky":false,"template":"","format":"standard","meta":{"footnotes":""},"categories":[6],"tags":[3508,442,67,3506,3501,3516,3514,3502,384,981,3504,941,385,344,3513,3155,3515,1102,3503,3510,3517,3512,3507,1656,3511,145,3509,3505,2788],"class_list":["post-2655","post","type-post","status-publish","format-standard","has-post-thumbnail","hentry","category-noticias","tag-agentes-de-cambio","tag-apoyar-a-ninos","tag-atencion-integral","tag-casa-paco","tag-condiciones-de-calle","tag-convenios","tag-crianza-consciente","tag-crimen-organizado","tag-desarrollo-cognitivo","tag-desarrollo-socioemocional","tag-dinero-facil","tag-educacion-basica","tag-entornos-seguros","tag-escasos-recursos","tag-habilidades-intrapersonales","tag-huerfanos","tag-impulsar-la-educacion","tag-inegi","tag-narcotrafico","tag-planeacion-estrategica","tag-pro-vida","tag-progreso-escolar","tag-promocion-y-accion-comunitaria","tag-redes-de-apoyo","tag-salud-integral","tag-sociedad-civil","tag-sociedad-justa","tag-sor-maria-del-carmen-fuentes-quezada","tag-vulnerabilidad"],"yoast_head":"<!-- This site is optimized with the Yoast SEO plugin v27.5 - https:\/\/yoast.com\/product\/yoast-seo-wordpress\/ -->\n<title>Crean cimientos fuertes en ni\u00f1as, ni\u00f1os y adolescentes en vulnerabilidad - Historias que inspiran...<\/title>\n<meta name=\"robots\" content=\"index, follow, max-snippet:-1, max-image-preview:large, max-video-preview:-1\" \/>\n<link rel=\"canonical\" href=\"https:\/\/somos-hermanos.mx\/index.php\/2026\/01\/29\/crean-cimientos-fuertes-en-ninas-ninos-y-adolescentes-en-vulnerabilidad\/\" \/>\n<meta property=\"og:locale\" content=\"es_MX\" \/>\n<meta property=\"og:type\" content=\"article\" \/>\n<meta property=\"og:title\" content=\"Crean cimientos fuertes en ni\u00f1as, ni\u00f1os y adolescentes en vulnerabilidad - Historias que inspiran...\" \/>\n<meta property=\"og:description\" content=\"La ni\u00f1ez y la adolescencia en M\u00e9xico* en 2023 (de 0 a 17 a\u00f1os) seg\u00fan INEGI*, residen 36,199,642 que representan el 28.0% de la poblaci\u00f3n total, de los cuales el 63.2 de ellos viven en ambos padres, el 28.0% solo con la madre y el 3.0% s\u00f3lo con el padre y el 5.8% no viv\u00eda [&hellip;]\" \/>\n<meta property=\"og:url\" content=\"https:\/\/somos-hermanos.mx\/index.php\/2026\/01\/29\/crean-cimientos-fuertes-en-ninas-ninos-y-adolescentes-en-vulnerabilidad\/\" \/>\n<meta property=\"og:site_name\" content=\"Historias que inspiran...\" \/>\n<meta property=\"article:publisher\" content=\"https:\/\/www.facebook.com\/SomosHermanosIAP\/\" \/>\n<meta property=\"article:published_time\" content=\"2026-01-29T08:00:16+00:00\" \/>\n<meta property=\"og:image\" content=\"https:\/\/somos-hermanos.mx\/wp-content\/uploads\/2026\/01\/img-20260128-wa00204889717774511041814.jpg\" \/>\n\t<meta property=\"og:image:width\" content=\"1080\" \/>\n\t<meta property=\"og:image:height\" content=\"1350\" \/>\n\t<meta property=\"og:image:type\" content=\"image\/jpeg\" \/>\n<meta name=\"author\" content=\"Beatriz Chora Guzm\u00e1n\" \/>\n<meta name=\"twitter:card\" content=\"summary_large_image\" \/>\n<meta name=\"twitter:creator\" content=\"@Somos__Hermanos\" \/>\n<meta name=\"twitter:site\" content=\"@Somos__Hermanos\" \/>\n<meta name=\"twitter:label1\" content=\"Escrito por\" \/>\n\t<meta name=\"twitter:data1\" content=\"Beatriz Chora Guzm\u00e1n\" \/>\n\t<meta name=\"twitter:label2\" content=\"Tiempo de lectura\" \/>\n\t<meta name=\"twitter:data2\" content=\"4 minutos\" \/>\n<script type=\"application\/ld+json\" class=\"yoast-schema-graph\">{\"@context\":\"https:\\\/\\\/schema.org\",\"@graph\":[{\"@type\":\"Article\",\"@id\":\"https:\\\/\\\/somos-hermanos.mx\\\/index.php\\\/2026\\\/01\\\/29\\\/crean-cimientos-fuertes-en-ninas-ninos-y-adolescentes-en-vulnerabilidad\\\/#article\",\"isPartOf\":{\"@id\":\"https:\\\/\\\/somos-hermanos.mx\\\/index.php\\\/2026\\\/01\\\/29\\\/crean-cimientos-fuertes-en-ninas-ninos-y-adolescentes-en-vulnerabilidad\\\/\"},\"author\":{\"name\":\"Beatriz Chora Guzm\u00e1n\",\"@id\":\"https:\\\/\\\/somos-hermanos.mx\\\/#\\\/schema\\\/person\\\/b19b77952ccfcc29216b64875087fd1d\"},\"headline\":\"Crean cimientos fuertes en ni\u00f1as, ni\u00f1os y adolescentes en vulnerabilidad\",\"datePublished\":\"2026-01-29T08:00:16+00:00\",\"mainEntityOfPage\":{\"@id\":\"https:\\\/\\\/somos-hermanos.mx\\\/index.php\\\/2026\\\/01\\\/29\\\/crean-cimientos-fuertes-en-ninas-ninos-y-adolescentes-en-vulnerabilidad\\\/\"},\"wordCount\":752,\"commentCount\":0,\"publisher\":{\"@id\":\"https:\\\/\\\/somos-hermanos.mx\\\/#organization\"},\"image\":{\"@id\":\"https:\\\/\\\/somos-hermanos.mx\\\/index.php\\\/2026\\\/01\\\/29\\\/crean-cimientos-fuertes-en-ninas-ninos-y-adolescentes-en-vulnerabilidad\\\/#primaryimage\"},\"thumbnailUrl\":\"https:\\\/\\\/somos-hermanos.mx\\\/wp-content\\\/uploads\\\/2026\\\/01\\\/img-20260128-wa00204889717774511041814.jpg\",\"keywords\":[\"agentes de cambio\",\"apoyar a ni\u00f1os\",\"atenci\u00f3n integral\",\"CASA PACO\",\"condiciones de calle\",\"convenios\",\"crianza consciente\",\"crimen organizado\",\"desarrollo cognitivo\",\"desarrollo socioemocional\",\"dinero f\u00e1cil\",\"educaci\u00f3n b\u00e1sica\",\"entornos seguros\",\"escasos recursos\",\"habilidades intrapersonales\",\"hu\u00e9rfanos\",\"impulsar la educaci\u00f3n\",\"INEGI\",\"narcotr\u00e1fico\",\"planeaci\u00f3n estrat\u00e9gica\",\"Pro Vida\",\"progreso escolar\",\"Promoci\u00f3n y Acci\u00f3n\u00a0 Comunitaria\",\"redes de apoyo\",\"Salud integral\",\"sociedad civil\",\"sociedad justa\",\"Sor Mar\u00eda del Carmen Fuentes Quezada\",\"vulnerabilidad\"],\"articleSection\":[\"Noticias\"],\"inLanguage\":\"es\",\"potentialAction\":[{\"@type\":\"CommentAction\",\"name\":\"Comment\",\"target\":[\"https:\\\/\\\/somos-hermanos.mx\\\/index.php\\\/2026\\\/01\\\/29\\\/crean-cimientos-fuertes-en-ninas-ninos-y-adolescentes-en-vulnerabilidad\\\/#respond\"]}]},{\"@type\":\"WebPage\",\"@id\":\"https:\\\/\\\/somos-hermanos.mx\\\/index.php\\\/2026\\\/01\\\/29\\\/crean-cimientos-fuertes-en-ninas-ninos-y-adolescentes-en-vulnerabilidad\\\/\",\"url\":\"https:\\\/\\\/somos-hermanos.mx\\\/index.php\\\/2026\\\/01\\\/29\\\/crean-cimientos-fuertes-en-ninas-ninos-y-adolescentes-en-vulnerabilidad\\\/\",\"name\":\"Crean cimientos fuertes en ni\u00f1as, ni\u00f1os y adolescentes en vulnerabilidad - Historias que inspiran...\",\"isPartOf\":{\"@id\":\"https:\\\/\\\/somos-hermanos.mx\\\/#website\"},\"primaryImageOfPage\":{\"@id\":\"https:\\\/\\\/somos-hermanos.mx\\\/index.php\\\/2026\\\/01\\\/29\\\/crean-cimientos-fuertes-en-ninas-ninos-y-adolescentes-en-vulnerabilidad\\\/#primaryimage\"},\"image\":{\"@id\":\"https:\\\/\\\/somos-hermanos.mx\\\/index.php\\\/2026\\\/01\\\/29\\\/crean-cimientos-fuertes-en-ninas-ninos-y-adolescentes-en-vulnerabilidad\\\/#primaryimage\"},\"thumbnailUrl\":\"https:\\\/\\\/somos-hermanos.mx\\\/wp-content\\\/uploads\\\/2026\\\/01\\\/img-20260128-wa00204889717774511041814.jpg\",\"datePublished\":\"2026-01-29T08:00:16+00:00\",\"breadcrumb\":{\"@id\":\"https:\\\/\\\/somos-hermanos.mx\\\/index.php\\\/2026\\\/01\\\/29\\\/crean-cimientos-fuertes-en-ninas-ninos-y-adolescentes-en-vulnerabilidad\\\/#breadcrumb\"},\"inLanguage\":\"es\",\"potentialAction\":[{\"@type\":\"ReadAction\",\"target\":[\"https:\\\/\\\/somos-hermanos.mx\\\/index.php\\\/2026\\\/01\\\/29\\\/crean-cimientos-fuertes-en-ninas-ninos-y-adolescentes-en-vulnerabilidad\\\/\"]}]},{\"@type\":\"ImageObject\",\"inLanguage\":\"es\",\"@id\":\"https:\\\/\\\/somos-hermanos.mx\\\/index.php\\\/2026\\\/01\\\/29\\\/crean-cimientos-fuertes-en-ninas-ninos-y-adolescentes-en-vulnerabilidad\\\/#primaryimage\",\"url\":\"https:\\\/\\\/somos-hermanos.mx\\\/wp-content\\\/uploads\\\/2026\\\/01\\\/img-20260128-wa00204889717774511041814.jpg\",\"contentUrl\":\"https:\\\/\\\/somos-hermanos.mx\\\/wp-content\\\/uploads\\\/2026\\\/01\\\/img-20260128-wa00204889717774511041814.jpg\",\"width\":1080,\"height\":1350},{\"@type\":\"BreadcrumbList\",\"@id\":\"https:\\\/\\\/somos-hermanos.mx\\\/index.php\\\/2026\\\/01\\\/29\\\/crean-cimientos-fuertes-en-ninas-ninos-y-adolescentes-en-vulnerabilidad\\\/#breadcrumb\",\"itemListElement\":[{\"@type\":\"ListItem\",\"position\":1,\"name\":\"Inicio\",\"item\":\"https:\\\/\\\/somos-hermanos.mx\\\/\"},{\"@type\":\"ListItem\",\"position\":2,\"name\":\"Crean cimientos fuertes en ni\u00f1as, ni\u00f1os y adolescentes en vulnerabilidad\"}]},{\"@type\":\"WebSite\",\"@id\":\"https:\\\/\\\/somos-hermanos.mx\\\/#website\",\"url\":\"https:\\\/\\\/somos-hermanos.mx\\\/\",\"name\":\"Historias que inspiran...\",\"description\":\"Somos la voz del altruismo en M\u00e9xico\",\"publisher\":{\"@id\":\"https:\\\/\\\/somos-hermanos.mx\\\/#organization\"},\"potentialAction\":[{\"@type\":\"SearchAction\",\"target\":{\"@type\":\"EntryPoint\",\"urlTemplate\":\"https:\\\/\\\/somos-hermanos.mx\\\/?s={search_term_string}\"},\"query-input\":{\"@type\":\"PropertyValueSpecification\",\"valueRequired\":true,\"valueName\":\"search_term_string\"}}],\"inLanguage\":\"es\"},{\"@type\":\"Organization\",\"@id\":\"https:\\\/\\\/somos-hermanos.mx\\\/#organization\",\"name\":\"Somos Hermanos\",\"url\":\"https:\\\/\\\/somos-hermanos.mx\\\/\",\"logo\":{\"@type\":\"ImageObject\",\"inLanguage\":\"es\",\"@id\":\"https:\\\/\\\/somos-hermanos.mx\\\/#\\\/schema\\\/logo\\\/image\\\/\",\"url\":\"https:\\\/\\\/somos-hermanos.mx\\\/wp-content\\\/uploads\\\/2025\\\/08\\\/SH30-1.jpeg\",\"contentUrl\":\"https:\\\/\\\/somos-hermanos.mx\\\/wp-content\\\/uploads\\\/2025\\\/08\\\/SH30-1.jpeg\",\"width\":1600,\"height\":1142,\"caption\":\"Somos Hermanos\"},\"image\":{\"@id\":\"https:\\\/\\\/somos-hermanos.mx\\\/#\\\/schema\\\/logo\\\/image\\\/\"},\"sameAs\":[\"https:\\\/\\\/www.facebook.com\\\/SomosHermanosIAP\\\/\",\"https:\\\/\\\/x.com\\\/Somos__Hermanos\",\"https:\\\/\\\/www.instagram.com\\\/somos__hermanos\\\/#\",\"https:\\\/\\\/www.tiktok.com\\\/@somoshermanosiap\",\"https:\\\/\\\/www.youtube.com\\\/@somoshermanosiap1201\\\/videos\"]},{\"@type\":\"Person\",\"@id\":\"https:\\\/\\\/somos-hermanos.mx\\\/#\\\/schema\\\/person\\\/b19b77952ccfcc29216b64875087fd1d\",\"name\":\"Beatriz Chora Guzm\u00e1n\",\"image\":{\"@type\":\"ImageObject\",\"inLanguage\":\"es\",\"@id\":\"https:\\\/\\\/secure.gravatar.com\\\/avatar\\\/989d787ee1763c8a47386fa8fc7a28b2ca0543ace37e917230a50f8165df7e6c?s=96&d=mm&r=g\",\"url\":\"https:\\\/\\\/secure.gravatar.com\\\/avatar\\\/989d787ee1763c8a47386fa8fc7a28b2ca0543ace37e917230a50f8165df7e6c?s=96&d=mm&r=g\",\"contentUrl\":\"https:\\\/\\\/secure.gravatar.com\\\/avatar\\\/989d787ee1763c8a47386fa8fc7a28b2ca0543ace37e917230a50f8165df7e6c?s=96&d=mm&r=g\",\"caption\":\"Beatriz Chora Guzm\u00e1n\"},\"url\":\"https:\\\/\\\/somos-hermanos.mx\\\/index.php\\\/author\\\/beatriz-chora-guzman\\\/\"}]}<\/script>\n<!-- \/ Yoast SEO plugin. -->","yoast_head_json":{"title":"Crean cimientos fuertes en ni\u00f1as, ni\u00f1os y adolescentes en vulnerabilidad - Historias que inspiran...","robots":{"index":"index","follow":"follow","max-snippet":"max-snippet:-1","max-image-preview":"max-image-preview:large","max-video-preview":"max-video-preview:-1"},"canonical":"https:\/\/somos-hermanos.mx\/index.php\/2026\/01\/29\/crean-cimientos-fuertes-en-ninas-ninos-y-adolescentes-en-vulnerabilidad\/","og_locale":"es_MX","og_type":"article","og_title":"Crean cimientos fuertes en ni\u00f1as, ni\u00f1os y adolescentes en vulnerabilidad - Historias que inspiran...","og_description":"La ni\u00f1ez y la adolescencia en M\u00e9xico* en 2023 (de 0 a 17 a\u00f1os) seg\u00fan INEGI*, residen 36,199,642 que representan el 28.0% de la poblaci\u00f3n total, de los cuales el 63.2 de ellos viven en ambos padres, el 28.0% solo con la madre y el 3.0% s\u00f3lo con el padre y el 5.8% no viv\u00eda [&hellip;]","og_url":"https:\/\/somos-hermanos.mx\/index.php\/2026\/01\/29\/crean-cimientos-fuertes-en-ninas-ninos-y-adolescentes-en-vulnerabilidad\/","og_site_name":"Historias que inspiran...","article_publisher":"https:\/\/www.facebook.com\/SomosHermanosIAP\/","article_published_time":"2026-01-29T08:00:16+00:00","og_image":[{"width":1080,"height":1350,"url":"https:\/\/somos-hermanos.mx\/wp-content\/uploads\/2026\/01\/img-20260128-wa00204889717774511041814.jpg","type":"image\/jpeg"}],"author":"Beatriz Chora Guzm\u00e1n","twitter_card":"summary_large_image","twitter_creator":"@Somos__Hermanos","twitter_site":"@Somos__Hermanos","twitter_misc":{"Escrito por":"Beatriz Chora Guzm\u00e1n","Tiempo de lectura":"4 minutos"},"schema":{"@context":"https:\/\/schema.org","@graph":[{"@type":"Article","@id":"https:\/\/somos-hermanos.mx\/index.php\/2026\/01\/29\/crean-cimientos-fuertes-en-ninas-ninos-y-adolescentes-en-vulnerabilidad\/#article","isPartOf":{"@id":"https:\/\/somos-hermanos.mx\/index.php\/2026\/01\/29\/crean-cimientos-fuertes-en-ninas-ninos-y-adolescentes-en-vulnerabilidad\/"},"author":{"name":"Beatriz Chora Guzm\u00e1n","@id":"https:\/\/somos-hermanos.mx\/#\/schema\/person\/b19b77952ccfcc29216b64875087fd1d"},"headline":"Crean cimientos fuertes en ni\u00f1as, ni\u00f1os y adolescentes en vulnerabilidad","datePublished":"2026-01-29T08:00:16+00:00","mainEntityOfPage":{"@id":"https:\/\/somos-hermanos.mx\/index.php\/2026\/01\/29\/crean-cimientos-fuertes-en-ninas-ninos-y-adolescentes-en-vulnerabilidad\/"},"wordCount":752,"commentCount":0,"publisher":{"@id":"https:\/\/somos-hermanos.mx\/#organization"},"image":{"@id":"https:\/\/somos-hermanos.mx\/index.php\/2026\/01\/29\/crean-cimientos-fuertes-en-ninas-ninos-y-adolescentes-en-vulnerabilidad\/#primaryimage"},"thumbnailUrl":"https:\/\/somos-hermanos.mx\/wp-content\/uploads\/2026\/01\/img-20260128-wa00204889717774511041814.jpg","keywords":["agentes de cambio","apoyar a ni\u00f1os","atenci\u00f3n integral","CASA PACO","condiciones de calle","convenios","crianza consciente","crimen organizado","desarrollo cognitivo","desarrollo socioemocional","dinero f\u00e1cil","educaci\u00f3n b\u00e1sica","entornos seguros","escasos recursos","habilidades intrapersonales","hu\u00e9rfanos","impulsar la educaci\u00f3n","INEGI","narcotr\u00e1fico","planeaci\u00f3n estrat\u00e9gica","Pro Vida","progreso escolar","Promoci\u00f3n y Acci\u00f3n\u00a0 Comunitaria","redes de apoyo","Salud integral","sociedad civil","sociedad justa","Sor Mar\u00eda del Carmen Fuentes Quezada","vulnerabilidad"],"articleSection":["Noticias"],"inLanguage":"es","potentialAction":[{"@type":"CommentAction","name":"Comment","target":["https:\/\/somos-hermanos.mx\/index.php\/2026\/01\/29\/crean-cimientos-fuertes-en-ninas-ninos-y-adolescentes-en-vulnerabilidad\/#respond"]}]},{"@type":"WebPage","@id":"https:\/\/somos-hermanos.mx\/index.php\/2026\/01\/29\/crean-cimientos-fuertes-en-ninas-ninos-y-adolescentes-en-vulnerabilidad\/","url":"https:\/\/somos-hermanos.mx\/index.php\/2026\/01\/29\/crean-cimientos-fuertes-en-ninas-ninos-y-adolescentes-en-vulnerabilidad\/","name":"Crean cimientos fuertes en ni\u00f1as, ni\u00f1os y adolescentes en vulnerabilidad - Historias que inspiran...","isPartOf":{"@id":"https:\/\/somos-hermanos.mx\/#website"},"primaryImageOfPage":{"@id":"https:\/\/somos-hermanos.mx\/index.php\/2026\/01\/29\/crean-cimientos-fuertes-en-ninas-ninos-y-adolescentes-en-vulnerabilidad\/#primaryimage"},"image":{"@id":"https:\/\/somos-hermanos.mx\/index.php\/2026\/01\/29\/crean-cimientos-fuertes-en-ninas-ninos-y-adolescentes-en-vulnerabilidad\/#primaryimage"},"thumbnailUrl":"https:\/\/somos-hermanos.mx\/wp-content\/uploads\/2026\/01\/img-20260128-wa00204889717774511041814.jpg","datePublished":"2026-01-29T08:00:16+00:00","breadcrumb":{"@id":"https:\/\/somos-hermanos.mx\/index.php\/2026\/01\/29\/crean-cimientos-fuertes-en-ninas-ninos-y-adolescentes-en-vulnerabilidad\/#breadcrumb"},"inLanguage":"es","potentialAction":[{"@type":"ReadAction","target":["https:\/\/somos-hermanos.mx\/index.php\/2026\/01\/29\/crean-cimientos-fuertes-en-ninas-ninos-y-adolescentes-en-vulnerabilidad\/"]}]},{"@type":"ImageObject","inLanguage":"es","@id":"https:\/\/somos-hermanos.mx\/index.php\/2026\/01\/29\/crean-cimientos-fuertes-en-ninas-ninos-y-adolescentes-en-vulnerabilidad\/#primaryimage","url":"https:\/\/somos-hermanos.mx\/wp-content\/uploads\/2026\/01\/img-20260128-wa00204889717774511041814.jpg","contentUrl":"https:\/\/somos-hermanos.mx\/wp-content\/uploads\/2026\/01\/img-20260128-wa00204889717774511041814.jpg","width":1080,"height":1350},{"@type":"BreadcrumbList","@id":"https:\/\/somos-hermanos.mx\/index.php\/2026\/01\/29\/crean-cimientos-fuertes-en-ninas-ninos-y-adolescentes-en-vulnerabilidad\/#breadcrumb","itemListElement":[{"@type":"ListItem","position":1,"name":"Inicio","item":"https:\/\/somos-hermanos.mx\/"},{"@type":"ListItem","position":2,"name":"Crean cimientos fuertes en ni\u00f1as, ni\u00f1os y adolescentes en vulnerabilidad"}]},{"@type":"WebSite","@id":"https:\/\/somos-hermanos.mx\/#website","url":"https:\/\/somos-hermanos.mx\/","name":"Historias que inspiran...","description":"Somos la voz del altruismo en M\u00e9xico","publisher":{"@id":"https:\/\/somos-hermanos.mx\/#organization"},"potentialAction":[{"@type":"SearchAction","target":{"@type":"EntryPoint","urlTemplate":"https:\/\/somos-hermanos.mx\/?s={search_term_string}"},"query-input":{"@type":"PropertyValueSpecification","valueRequired":true,"valueName":"search_term_string"}}],"inLanguage":"es"},{"@type":"Organization","@id":"https:\/\/somos-hermanos.mx\/#organization","name":"Somos Hermanos","url":"https:\/\/somos-hermanos.mx\/","logo":{"@type":"ImageObject","inLanguage":"es","@id":"https:\/\/somos-hermanos.mx\/#\/schema\/logo\/image\/","url":"https:\/\/somos-hermanos.mx\/wp-content\/uploads\/2025\/08\/SH30-1.jpeg","contentUrl":"https:\/\/somos-hermanos.mx\/wp-content\/uploads\/2025\/08\/SH30-1.jpeg","width":1600,"height":1142,"caption":"Somos Hermanos"},"image":{"@id":"https:\/\/somos-hermanos.mx\/#\/schema\/logo\/image\/"},"sameAs":["https:\/\/www.facebook.com\/SomosHermanosIAP\/","https:\/\/x.com\/Somos__Hermanos","https:\/\/www.instagram.com\/somos__hermanos\/#","https:\/\/www.tiktok.com\/@somoshermanosiap","https:\/\/www.youtube.com\/@somoshermanosiap1201\/videos"]},{"@type":"Person","@id":"https:\/\/somos-hermanos.mx\/#\/schema\/person\/b19b77952ccfcc29216b64875087fd1d","name":"Beatriz Chora Guzm\u00e1n","image":{"@type":"ImageObject","inLanguage":"es","@id":"https:\/\/secure.gravatar.com\/avatar\/989d787ee1763c8a47386fa8fc7a28b2ca0543ace37e917230a50f8165df7e6c?s=96&d=mm&r=g","url":"https:\/\/secure.gravatar.com\/avatar\/989d787ee1763c8a47386fa8fc7a28b2ca0543ace37e917230a50f8165df7e6c?s=96&d=mm&r=g","contentUrl":"https:\/\/secure.gravatar.com\/avatar\/989d787ee1763c8a47386fa8fc7a28b2ca0543ace37e917230a50f8165df7e6c?s=96&d=mm&r=g","caption":"Beatriz Chora Guzm\u00e1n"},"url":"https:\/\/somos-hermanos.mx\/index.php\/author\/beatriz-chora-guzman\/"}]}},"_links":{"self":[{"href":"https:\/\/somos-hermanos.mx\/index.php\/wp-json\/wp\/v2\/posts\/2655","targetHints":{"allow":["GET"]}}],"collection":[{"href":"https:\/\/somos-hermanos.mx\/index.php\/wp-json\/wp\/v2\/posts"}],"about":[{"href":"https:\/\/somos-hermanos.mx\/index.php\/wp-json\/wp\/v2\/types\/post"}],"author":[{"embeddable":true,"href":"https:\/\/somos-hermanos.mx\/index.php\/wp-json\/wp\/v2\/users\/27"}],"replies":[{"embeddable":true,"href":"https:\/\/somos-hermanos.mx\/index.php\/wp-json\/wp\/v2\/comments?post=2655"}],"version-history":[{"count":1,"href":"https:\/\/somos-hermanos.mx\/index.php\/wp-json\/wp\/v2\/posts\/2655\/revisions"}],"predecessor-version":[{"id":2656,"href":"https:\/\/somos-hermanos.mx\/index.php\/wp-json\/wp\/v2\/posts\/2655\/revisions\/2656"}],"wp:featuredmedia":[{"embeddable":true,"href":"https:\/\/somos-hermanos.mx\/index.php\/wp-json\/wp\/v2\/media\/2651"}],"wp:attachment":[{"href":"https:\/\/somos-hermanos.mx\/index.php\/wp-json\/wp\/v2\/media?parent=2655"}],"wp:term":[{"taxonomy":"category","embeddable":true,"href":"https:\/\/somos-hermanos.mx\/index.php\/wp-json\/wp\/v2\/categories?post=2655"},{"taxonomy":"post_tag","embeddable":true,"href":"https:\/\/somos-hermanos.mx\/index.php\/wp-json\/wp\/v2\/tags?post=2655"}],"curies":[{"name":"wp","href":"https:\/\/api.w.org\/{rel}","templated":true}]}}