{"id":2653,"date":"2026-01-29T01:00:04","date_gmt":"2026-01-29T07:00:04","guid":{"rendered":"https:\/\/somos-hermanos.mx\/?p=2653"},"modified":"2026-01-28T22:14:58","modified_gmt":"2026-01-29T04:14:58","slug":"aqui-no-solo-se-rescatan-areas-verdes-se-reconstruyen-vinculos","status":"publish","type":"post","link":"https:\/\/somos-hermanos.mx\/index.php\/2026\/01\/29\/aqui-no-solo-se-rescatan-areas-verdes-se-reconstruyen-vinculos\/","title":{"rendered":"Aqu\u00ed no s\u00f3lo se rescatan \u00e1reas verdes, se reconstruyen v\u00ednculos"},"content":{"rendered":"<p>Desde Culiac\u00e1n, Parques Alegres IAP <strong>ha demostrado que recuperar los espacios p\u00fablicos no solo embellece las colonias: fortalece el tejido social, <\/strong>impulsa la convivencia y abre caminos hacia comunidades m\u00e1s seguras y participativas.<\/p>\n<p>En muchas colonias de M\u00e9xico, los parques abandonados suelen convertirse en reflejo del aislamiento, la inseguridad o la falta de organizaci\u00f3n comunitaria. Frente a ese panorama, <strong>Parques Alegres IAP<\/strong> naci\u00f3 con una convicci\u00f3n clara: <strong>cuando las personas se apropian de sus espacios, tambi\u00e9n recuperan la esperanza y la convivencia<\/strong>.<\/p>\n<p>La fundaci\u00f3n surgi\u00f3 en 2009, impulsada por un grupo de empresarios que formaban parte del patronato de uno de los parques m\u00e1s importantes de Culiac\u00e1n, Sinaloa. Al observar el potencial transformador de estos lugares, decidieron ir m\u00e1s all\u00e1 del mantenimiento f\u00edsico y apostar por algo m\u00e1s profundo: <strong>activar a las comunidades a trav\u00e9s de comit\u00e9s ciudadanos<\/strong> capaces de convertir los parques de sus colonias en puntos de encuentro, deporte, cultura y paz.<\/p>\n<p><strong>Activar para transformar<\/strong><\/p>\n<p>El modelo de Parques Alegres se basa en una idea poderosa y sencilla: <strong>los vecinos organizados pueden generar cambios duraderos<\/strong>. A trav\u00e9s de la creaci\u00f3n y acompa\u00f1amiento de comit\u00e9s de parque, la fundaci\u00f3n impulsa la participaci\u00f3n activa de quienes viven alrededor de estos espacios, promoviendo su cuidado, programaci\u00f3n de actividades y mejora continua.<\/p>\n<p>El objetivo no es \u00fanicamente rehabilitar \u00e1reas verdes, sino provocar un impacto social m\u00e1s amplio: reducir la violencia, el vandalismo, la contaminaci\u00f3n, los problemas de salud y la desintegraci\u00f3n familiar asociados al abandono del espacio p\u00fablico.<\/p>\n<p>En palabras que resumen su misi\u00f3n cotidiana, Parques Alegres trabaja para que los parques se conviertan en <strong>centros de convivencia y corresponsabilidad<\/strong>, donde ni\u00f1as, ni\u00f1os, j\u00f3venes y adultos puedan encontrarse, hacer deporte, convivir y reconstruir la confianza entre vecinos.<\/p>\n<p><strong>Deportistas, familias y comunidades que florecen<\/strong><\/p>\n<p>Entre las historias que ilustran su impacto est\u00e1 la de parques que, tras procesos de organizaci\u00f3n comunitaria, hoy albergan actividades deportivas constantes, talleres y encuentros familiares. En su blog, la fundaci\u00f3n ha documentado c\u00f3mo espacios recuperados se transforman en semilleros de disciplina, liderazgo y salud para ni\u00f1as, ni\u00f1os y adolescentes, demostrando que <strong>invertir en comunidad es invertir en prevenci\u00f3n<\/strong>.<\/p>\n<p>A esta labor se suma una fuerte apuesta por la formaci\u00f3n: Parques Alegres ofrece <strong>webinars, capacitaciones y una academia digital<\/strong>, donde l\u00edderes vecinales y ciudadanos interesados pueden aprender sobre organizaci\u00f3n comunitaria, gesti\u00f3n de espacios p\u00fablicos, resoluci\u00f3n de conflictos y sostenibilidad.<\/p>\n<p>Este componente educativo fortalece la autonom\u00eda de las colonias y garantiza que los cambios no dependan \u00fanicamente de apoyos externos, sino de comunidades empoderadas y organizadas.<\/p>\n<p><strong>Un equipo que acompa\u00f1a procesos<\/strong><\/p>\n<p>Detr\u00e1s de cada parque recuperado hay un equipo multidisciplinario que acompa\u00f1a a los comit\u00e9s ciudadanos, escucha a las comunidades y dise\u00f1a estrategias adaptadas a cada contexto. Desde su estructura organizativa, Parques Alegres impulsa una visi\u00f3n colaborativa, convencida de que <strong>los cambios reales se construyen desde abajo, con di\u00e1logo y participaci\u00f3n constante<\/strong>.<\/p>\n<p>En redes sociales, la fundaci\u00f3n comparte historias de vecinos que se convierten en guardianes de sus espacios, j\u00f3venes que lideran actividades deportivas y familias que vuelven a encontrarse en lugares que antes estaban vac\u00edos. Estos relatos cotidianos muestran que el impacto no siempre se mide en cifras, sino en relaciones reconstruidas y calles m\u00e1s vivas.<\/p>\n<p><strong>Una misi\u00f3n que dialoga con los Objetivos de Desarrollo Sostenible<\/strong><\/p>\n<p>La labor de Parques Alegres se alinea con metas globales impulsadas por la Organizaci\u00f3n de las Naciones Unidas, especialmente:<\/p>\n<ul>\n<li><strong>Ciudades y comunidades sostenibles<\/strong>, al promover espacios p\u00fablicos seguros, verdes e inclusivos.<\/li>\n<li><strong>Paz, justicia e instituciones s\u00f3lidas<\/strong>, al fortalecer la organizaci\u00f3n ciudadana y la prevenci\u00f3n de la violencia desde lo local.<\/li>\n<li><strong>Alianzas para lograr los objetivos<\/strong>, mediante la colaboraci\u00f3n entre vecinos, sector privado, autoridades y sociedad civil.<\/li>\n<\/ul>\n<p>Desde lo comunitario, la fundaci\u00f3n demuestra que los grandes desaf\u00edos urbanos tambi\u00e9n pueden enfrentarse con soluciones cercanas, humanas y colectivas.<\/p>\n<p><strong>Cuando el parque vuelve a latir<\/strong><\/p>\n<p>Parques Alegres no solo rescata \u00e1reas verdes: <strong>reconstruye v\u00ednculos<\/strong>. En cada colonia donde interviene, la fundaci\u00f3n siembra algo m\u00e1s que \u00e1rboles o canchas renovadas: cultiva participaci\u00f3n, orgullo barrial y una cultura de cuidado compartido.<\/p>\n<p>En tiempos donde la fragmentaci\u00f3n social parece crecer, su trabajo recuerda que los espacios p\u00fablicos pueden ser escenarios de reconciliaci\u00f3n cotidiana, donde la vida comunitaria vuelve a florecer.<\/p>\n<p>Porque cuando un parque se llena de risas, deporte y encuentros, algo m\u00e1s profundo tambi\u00e9n se recupera: <strong>la certeza de que una comunidad unida puede transformar su propio entorno<\/strong>.<\/p>\n<p><img loading=\"lazy\" decoding=\"async\" class=\"aligncenter wp-image-2649 \" src=\"https:\/\/somos-hermanos.mx\/wp-content\/uploads\/2026\/01\/img-20260128-wa00164697188853021418040-300x200.jpg\" alt=\"\" width=\"458\" height=\"305\" srcset=\"https:\/\/somos-hermanos.mx\/wp-content\/uploads\/2026\/01\/img-20260128-wa00164697188853021418040-300x200.jpg 300w, https:\/\/somos-hermanos.mx\/wp-content\/uploads\/2026\/01\/img-20260128-wa00164697188853021418040-1024x683.jpg 1024w, https:\/\/somos-hermanos.mx\/wp-content\/uploads\/2026\/01\/img-20260128-wa00164697188853021418040-768x512.jpg 768w, https:\/\/somos-hermanos.mx\/wp-content\/uploads\/2026\/01\/img-20260128-wa00164697188853021418040-1536x1024.jpg 1536w, https:\/\/somos-hermanos.mx\/wp-content\/uploads\/2026\/01\/img-20260128-wa00164697188853021418040.jpg 1600w\" sizes=\"auto, (max-width: 458px) 100vw, 458px\" \/><\/p>\n","protected":false},"excerpt":{"rendered":"<p>Desde Culiac\u00e1n, Parques Alegres IAP ha demostrado que recuperar los espacios p\u00fablicos no solo embellece las colonias: fortalece el tejido social, impulsa la convivencia y abre caminos hacia comunidades m\u00e1s seguras y participativas. En muchas colonias de M\u00e9xico, los parques abandonados suelen convertirse en reflejo del aislamiento, la inseguridad o la falta de organizaci\u00f3n comunitaria. [&hellip;]<\/p>\n","protected":false},"author":14,"featured_media":2650,"comment_status":"open","ping_status":"closed","sticky":false,"template":"","format":"standard","meta":{"footnotes":""},"categories":[6],"tags":[3499,219,3491,3498,3495,3489,3500,3493,236,3496,3494,502,810,3488,2315,2617,3487,2838,7,3490,796,2427,1857,3492,3497],"class_list":["post-2653","post","type-post","status-publish","format-standard","has-post-thumbnail","hentry","category-noticias","tag-academia-digital","tag-actividades-deportivas","tag-areas-verdes","tag-capacitaciones","tag-centros-de-convivencia","tag-comites-ciudadanos","tag-comunidad-unida","tag-contaminacion","tag-desarrollo-sostenible","tag-encuentros-familiares","tag-espacio-publico","tag-espacios-publicos","tag-impacto-social","tag-mantenimiento","tag-mejora-continua","tag-organizacion-comunitaria","tag-parques-alegres","tag-participacion-activa","tag-problemas-de-salud","tag-puntos-de-encuentro","tag-redes-sociales","tag-resolucion-de-conflictos","tag-tejido-social","tag-vandalismo","tag-webinars"],"yoast_head":"<!-- This site is optimized with the Yoast SEO plugin v27.5 - https:\/\/yoast.com\/product\/yoast-seo-wordpress\/ -->\n<title>Aqu\u00ed no s\u00f3lo se rescatan \u00e1reas verdes, se reconstruyen v\u00ednculos - Historias que inspiran...<\/title>\n<meta name=\"robots\" content=\"index, follow, max-snippet:-1, max-image-preview:large, max-video-preview:-1\" \/>\n<link rel=\"canonical\" href=\"https:\/\/somos-hermanos.mx\/index.php\/2026\/01\/29\/aqui-no-solo-se-rescatan-areas-verdes-se-reconstruyen-vinculos\/\" \/>\n<meta property=\"og:locale\" content=\"es_MX\" \/>\n<meta property=\"og:type\" content=\"article\" \/>\n<meta property=\"og:title\" content=\"Aqu\u00ed no s\u00f3lo se rescatan \u00e1reas verdes, se reconstruyen v\u00ednculos - Historias que inspiran...\" \/>\n<meta property=\"og:description\" content=\"Desde Culiac\u00e1n, Parques Alegres IAP ha demostrado que recuperar los espacios p\u00fablicos no solo embellece las colonias: fortalece el tejido social, impulsa la convivencia y abre caminos hacia comunidades m\u00e1s seguras y participativas. En muchas colonias de M\u00e9xico, los parques abandonados suelen convertirse en reflejo del aislamiento, la inseguridad o la falta de organizaci\u00f3n comunitaria. [&hellip;]\" \/>\n<meta property=\"og:url\" content=\"https:\/\/somos-hermanos.mx\/index.php\/2026\/01\/29\/aqui-no-solo-se-rescatan-areas-verdes-se-reconstruyen-vinculos\/\" \/>\n<meta property=\"og:site_name\" content=\"Historias que inspiran...\" \/>\n<meta property=\"article:publisher\" content=\"https:\/\/www.facebook.com\/SomosHermanosIAP\/\" \/>\n<meta property=\"article:published_time\" content=\"2026-01-29T07:00:04+00:00\" \/>\n<meta property=\"og:image\" content=\"https:\/\/somos-hermanos.mx\/wp-content\/uploads\/2026\/01\/img-20260128-wa00177346625092859750229.jpg\" \/>\n\t<meta property=\"og:image:width\" content=\"1280\" \/>\n\t<meta property=\"og:image:height\" content=\"960\" \/>\n\t<meta property=\"og:image:type\" content=\"image\/jpeg\" \/>\n<meta name=\"author\" content=\"Ivon D\u00edaz Rojas\" \/>\n<meta name=\"twitter:card\" content=\"summary_large_image\" \/>\n<meta name=\"twitter:creator\" content=\"@Somos__Hermanos\" \/>\n<meta name=\"twitter:site\" content=\"@Somos__Hermanos\" \/>\n<meta name=\"twitter:label1\" content=\"Escrito por\" \/>\n\t<meta name=\"twitter:data1\" content=\"Ivon D\u00edaz Rojas\" \/>\n\t<meta name=\"twitter:label2\" content=\"Tiempo de lectura\" \/>\n\t<meta name=\"twitter:data2\" content=\"4 minutos\" \/>\n<script type=\"application\/ld+json\" class=\"yoast-schema-graph\">{\"@context\":\"https:\\\/\\\/schema.org\",\"@graph\":[{\"@type\":\"Article\",\"@id\":\"https:\\\/\\\/somos-hermanos.mx\\\/index.php\\\/2026\\\/01\\\/29\\\/aqui-no-solo-se-rescatan-areas-verdes-se-reconstruyen-vinculos\\\/#article\",\"isPartOf\":{\"@id\":\"https:\\\/\\\/somos-hermanos.mx\\\/index.php\\\/2026\\\/01\\\/29\\\/aqui-no-solo-se-rescatan-areas-verdes-se-reconstruyen-vinculos\\\/\"},\"author\":{\"name\":\"Ivon D\u00edaz Rojas\",\"@id\":\"https:\\\/\\\/somos-hermanos.mx\\\/#\\\/schema\\\/person\\\/ca47b05d4e7735cde01b6c20df3ff500\"},\"headline\":\"Aqu\u00ed no s\u00f3lo se rescatan \u00e1reas verdes, se reconstruyen v\u00ednculos\",\"datePublished\":\"2026-01-29T07:00:04+00:00\",\"mainEntityOfPage\":{\"@id\":\"https:\\\/\\\/somos-hermanos.mx\\\/index.php\\\/2026\\\/01\\\/29\\\/aqui-no-solo-se-rescatan-areas-verdes-se-reconstruyen-vinculos\\\/\"},\"wordCount\":805,\"commentCount\":0,\"publisher\":{\"@id\":\"https:\\\/\\\/somos-hermanos.mx\\\/#organization\"},\"image\":{\"@id\":\"https:\\\/\\\/somos-hermanos.mx\\\/index.php\\\/2026\\\/01\\\/29\\\/aqui-no-solo-se-rescatan-areas-verdes-se-reconstruyen-vinculos\\\/#primaryimage\"},\"thumbnailUrl\":\"https:\\\/\\\/somos-hermanos.mx\\\/wp-content\\\/uploads\\\/2026\\\/01\\\/img-20260128-wa00177346625092859750229.jpg\",\"keywords\":[\"academia digital\",\"Actividades deportivas\",\"\u00e1reas verdes\",\"capacitaciones\",\"centros de convivencia\",\"comit\u00e9s ciudadanos\",\"comunidad unida\",\"contaminaci\u00f3n\",\"Desarrollo Sostenible\",\"encuentros familiares\",\"espacio p\u00fablico\",\"espacios p\u00fablicos\",\"impacto social\",\"mantenimiento\",\"mejora continua\",\"organizaci\u00f3n comunitaria\",\"Parques Alegres\",\"participaci\u00f3n activa\",\"problemas de salud\",\"puntos de encuentro\",\"redes sociales\",\"resoluci\u00f3n de conflictos\",\"tejido social\",\"vandalismo\",\"webinars\"],\"articleSection\":[\"Noticias\"],\"inLanguage\":\"es\",\"potentialAction\":[{\"@type\":\"CommentAction\",\"name\":\"Comment\",\"target\":[\"https:\\\/\\\/somos-hermanos.mx\\\/index.php\\\/2026\\\/01\\\/29\\\/aqui-no-solo-se-rescatan-areas-verdes-se-reconstruyen-vinculos\\\/#respond\"]}]},{\"@type\":\"WebPage\",\"@id\":\"https:\\\/\\\/somos-hermanos.mx\\\/index.php\\\/2026\\\/01\\\/29\\\/aqui-no-solo-se-rescatan-areas-verdes-se-reconstruyen-vinculos\\\/\",\"url\":\"https:\\\/\\\/somos-hermanos.mx\\\/index.php\\\/2026\\\/01\\\/29\\\/aqui-no-solo-se-rescatan-areas-verdes-se-reconstruyen-vinculos\\\/\",\"name\":\"Aqu\u00ed no s\u00f3lo se rescatan \u00e1reas verdes, se reconstruyen v\u00ednculos - Historias que inspiran...\",\"isPartOf\":{\"@id\":\"https:\\\/\\\/somos-hermanos.mx\\\/#website\"},\"primaryImageOfPage\":{\"@id\":\"https:\\\/\\\/somos-hermanos.mx\\\/index.php\\\/2026\\\/01\\\/29\\\/aqui-no-solo-se-rescatan-areas-verdes-se-reconstruyen-vinculos\\\/#primaryimage\"},\"image\":{\"@id\":\"https:\\\/\\\/somos-hermanos.mx\\\/index.php\\\/2026\\\/01\\\/29\\\/aqui-no-solo-se-rescatan-areas-verdes-se-reconstruyen-vinculos\\\/#primaryimage\"},\"thumbnailUrl\":\"https:\\\/\\\/somos-hermanos.mx\\\/wp-content\\\/uploads\\\/2026\\\/01\\\/img-20260128-wa00177346625092859750229.jpg\",\"datePublished\":\"2026-01-29T07:00:04+00:00\",\"breadcrumb\":{\"@id\":\"https:\\\/\\\/somos-hermanos.mx\\\/index.php\\\/2026\\\/01\\\/29\\\/aqui-no-solo-se-rescatan-areas-verdes-se-reconstruyen-vinculos\\\/#breadcrumb\"},\"inLanguage\":\"es\",\"potentialAction\":[{\"@type\":\"ReadAction\",\"target\":[\"https:\\\/\\\/somos-hermanos.mx\\\/index.php\\\/2026\\\/01\\\/29\\\/aqui-no-solo-se-rescatan-areas-verdes-se-reconstruyen-vinculos\\\/\"]}]},{\"@type\":\"ImageObject\",\"inLanguage\":\"es\",\"@id\":\"https:\\\/\\\/somos-hermanos.mx\\\/index.php\\\/2026\\\/01\\\/29\\\/aqui-no-solo-se-rescatan-areas-verdes-se-reconstruyen-vinculos\\\/#primaryimage\",\"url\":\"https:\\\/\\\/somos-hermanos.mx\\\/wp-content\\\/uploads\\\/2026\\\/01\\\/img-20260128-wa00177346625092859750229.jpg\",\"contentUrl\":\"https:\\\/\\\/somos-hermanos.mx\\\/wp-content\\\/uploads\\\/2026\\\/01\\\/img-20260128-wa00177346625092859750229.jpg\",\"width\":1280,\"height\":960},{\"@type\":\"BreadcrumbList\",\"@id\":\"https:\\\/\\\/somos-hermanos.mx\\\/index.php\\\/2026\\\/01\\\/29\\\/aqui-no-solo-se-rescatan-areas-verdes-se-reconstruyen-vinculos\\\/#breadcrumb\",\"itemListElement\":[{\"@type\":\"ListItem\",\"position\":1,\"name\":\"Inicio\",\"item\":\"https:\\\/\\\/somos-hermanos.mx\\\/\"},{\"@type\":\"ListItem\",\"position\":2,\"name\":\"Aqu\u00ed no s\u00f3lo se rescatan \u00e1reas verdes, se reconstruyen v\u00ednculos\"}]},{\"@type\":\"WebSite\",\"@id\":\"https:\\\/\\\/somos-hermanos.mx\\\/#website\",\"url\":\"https:\\\/\\\/somos-hermanos.mx\\\/\",\"name\":\"Historias que inspiran...\",\"description\":\"Somos la voz del altruismo en M\u00e9xico\",\"publisher\":{\"@id\":\"https:\\\/\\\/somos-hermanos.mx\\\/#organization\"},\"potentialAction\":[{\"@type\":\"SearchAction\",\"target\":{\"@type\":\"EntryPoint\",\"urlTemplate\":\"https:\\\/\\\/somos-hermanos.mx\\\/?s={search_term_string}\"},\"query-input\":{\"@type\":\"PropertyValueSpecification\",\"valueRequired\":true,\"valueName\":\"search_term_string\"}}],\"inLanguage\":\"es\"},{\"@type\":\"Organization\",\"@id\":\"https:\\\/\\\/somos-hermanos.mx\\\/#organization\",\"name\":\"Somos Hermanos\",\"url\":\"https:\\\/\\\/somos-hermanos.mx\\\/\",\"logo\":{\"@type\":\"ImageObject\",\"inLanguage\":\"es\",\"@id\":\"https:\\\/\\\/somos-hermanos.mx\\\/#\\\/schema\\\/logo\\\/image\\\/\",\"url\":\"https:\\\/\\\/somos-hermanos.mx\\\/wp-content\\\/uploads\\\/2025\\\/08\\\/SH30-1.jpeg\",\"contentUrl\":\"https:\\\/\\\/somos-hermanos.mx\\\/wp-content\\\/uploads\\\/2025\\\/08\\\/SH30-1.jpeg\",\"width\":1600,\"height\":1142,\"caption\":\"Somos Hermanos\"},\"image\":{\"@id\":\"https:\\\/\\\/somos-hermanos.mx\\\/#\\\/schema\\\/logo\\\/image\\\/\"},\"sameAs\":[\"https:\\\/\\\/www.facebook.com\\\/SomosHermanosIAP\\\/\",\"https:\\\/\\\/x.com\\\/Somos__Hermanos\",\"https:\\\/\\\/www.instagram.com\\\/somos__hermanos\\\/#\",\"https:\\\/\\\/www.tiktok.com\\\/@somoshermanosiap\",\"https:\\\/\\\/www.youtube.com\\\/@somoshermanosiap1201\\\/videos\"]},{\"@type\":\"Person\",\"@id\":\"https:\\\/\\\/somos-hermanos.mx\\\/#\\\/schema\\\/person\\\/ca47b05d4e7735cde01b6c20df3ff500\",\"name\":\"Ivon D\u00edaz Rojas\",\"image\":{\"@type\":\"ImageObject\",\"inLanguage\":\"es\",\"@id\":\"https:\\\/\\\/secure.gravatar.com\\\/avatar\\\/1c19107828bb690213f343d5aa89eef40d6744894d5f632754fec79e3043dbb3?s=96&d=mm&r=g\",\"url\":\"https:\\\/\\\/secure.gravatar.com\\\/avatar\\\/1c19107828bb690213f343d5aa89eef40d6744894d5f632754fec79e3043dbb3?s=96&d=mm&r=g\",\"contentUrl\":\"https:\\\/\\\/secure.gravatar.com\\\/avatar\\\/1c19107828bb690213f343d5aa89eef40d6744894d5f632754fec79e3043dbb3?s=96&d=mm&r=g\",\"caption\":\"Ivon D\u00edaz Rojas\"},\"url\":\"https:\\\/\\\/somos-hermanos.mx\\\/index.php\\\/author\\\/ivon-diaz-rojas\\\/\"}]}<\/script>\n<!-- \/ Yoast SEO plugin. -->","yoast_head_json":{"title":"Aqu\u00ed no s\u00f3lo se rescatan \u00e1reas verdes, se reconstruyen v\u00ednculos - Historias que inspiran...","robots":{"index":"index","follow":"follow","max-snippet":"max-snippet:-1","max-image-preview":"max-image-preview:large","max-video-preview":"max-video-preview:-1"},"canonical":"https:\/\/somos-hermanos.mx\/index.php\/2026\/01\/29\/aqui-no-solo-se-rescatan-areas-verdes-se-reconstruyen-vinculos\/","og_locale":"es_MX","og_type":"article","og_title":"Aqu\u00ed no s\u00f3lo se rescatan \u00e1reas verdes, se reconstruyen v\u00ednculos - Historias que inspiran...","og_description":"Desde Culiac\u00e1n, Parques Alegres IAP ha demostrado que recuperar los espacios p\u00fablicos no solo embellece las colonias: fortalece el tejido social, impulsa la convivencia y abre caminos hacia comunidades m\u00e1s seguras y participativas. En muchas colonias de M\u00e9xico, los parques abandonados suelen convertirse en reflejo del aislamiento, la inseguridad o la falta de organizaci\u00f3n comunitaria. [&hellip;]","og_url":"https:\/\/somos-hermanos.mx\/index.php\/2026\/01\/29\/aqui-no-solo-se-rescatan-areas-verdes-se-reconstruyen-vinculos\/","og_site_name":"Historias que inspiran...","article_publisher":"https:\/\/www.facebook.com\/SomosHermanosIAP\/","article_published_time":"2026-01-29T07:00:04+00:00","og_image":[{"width":1280,"height":960,"url":"https:\/\/somos-hermanos.mx\/wp-content\/uploads\/2026\/01\/img-20260128-wa00177346625092859750229.jpg","type":"image\/jpeg"}],"author":"Ivon D\u00edaz Rojas","twitter_card":"summary_large_image","twitter_creator":"@Somos__Hermanos","twitter_site":"@Somos__Hermanos","twitter_misc":{"Escrito por":"Ivon D\u00edaz Rojas","Tiempo de lectura":"4 minutos"},"schema":{"@context":"https:\/\/schema.org","@graph":[{"@type":"Article","@id":"https:\/\/somos-hermanos.mx\/index.php\/2026\/01\/29\/aqui-no-solo-se-rescatan-areas-verdes-se-reconstruyen-vinculos\/#article","isPartOf":{"@id":"https:\/\/somos-hermanos.mx\/index.php\/2026\/01\/29\/aqui-no-solo-se-rescatan-areas-verdes-se-reconstruyen-vinculos\/"},"author":{"name":"Ivon D\u00edaz Rojas","@id":"https:\/\/somos-hermanos.mx\/#\/schema\/person\/ca47b05d4e7735cde01b6c20df3ff500"},"headline":"Aqu\u00ed no s\u00f3lo se rescatan \u00e1reas verdes, se reconstruyen v\u00ednculos","datePublished":"2026-01-29T07:00:04+00:00","mainEntityOfPage":{"@id":"https:\/\/somos-hermanos.mx\/index.php\/2026\/01\/29\/aqui-no-solo-se-rescatan-areas-verdes-se-reconstruyen-vinculos\/"},"wordCount":805,"commentCount":0,"publisher":{"@id":"https:\/\/somos-hermanos.mx\/#organization"},"image":{"@id":"https:\/\/somos-hermanos.mx\/index.php\/2026\/01\/29\/aqui-no-solo-se-rescatan-areas-verdes-se-reconstruyen-vinculos\/#primaryimage"},"thumbnailUrl":"https:\/\/somos-hermanos.mx\/wp-content\/uploads\/2026\/01\/img-20260128-wa00177346625092859750229.jpg","keywords":["academia digital","Actividades deportivas","\u00e1reas verdes","capacitaciones","centros de convivencia","comit\u00e9s ciudadanos","comunidad unida","contaminaci\u00f3n","Desarrollo Sostenible","encuentros familiares","espacio p\u00fablico","espacios p\u00fablicos","impacto social","mantenimiento","mejora continua","organizaci\u00f3n comunitaria","Parques Alegres","participaci\u00f3n activa","problemas de salud","puntos de encuentro","redes sociales","resoluci\u00f3n de conflictos","tejido social","vandalismo","webinars"],"articleSection":["Noticias"],"inLanguage":"es","potentialAction":[{"@type":"CommentAction","name":"Comment","target":["https:\/\/somos-hermanos.mx\/index.php\/2026\/01\/29\/aqui-no-solo-se-rescatan-areas-verdes-se-reconstruyen-vinculos\/#respond"]}]},{"@type":"WebPage","@id":"https:\/\/somos-hermanos.mx\/index.php\/2026\/01\/29\/aqui-no-solo-se-rescatan-areas-verdes-se-reconstruyen-vinculos\/","url":"https:\/\/somos-hermanos.mx\/index.php\/2026\/01\/29\/aqui-no-solo-se-rescatan-areas-verdes-se-reconstruyen-vinculos\/","name":"Aqu\u00ed no s\u00f3lo se rescatan \u00e1reas verdes, se reconstruyen v\u00ednculos - Historias que inspiran...","isPartOf":{"@id":"https:\/\/somos-hermanos.mx\/#website"},"primaryImageOfPage":{"@id":"https:\/\/somos-hermanos.mx\/index.php\/2026\/01\/29\/aqui-no-solo-se-rescatan-areas-verdes-se-reconstruyen-vinculos\/#primaryimage"},"image":{"@id":"https:\/\/somos-hermanos.mx\/index.php\/2026\/01\/29\/aqui-no-solo-se-rescatan-areas-verdes-se-reconstruyen-vinculos\/#primaryimage"},"thumbnailUrl":"https:\/\/somos-hermanos.mx\/wp-content\/uploads\/2026\/01\/img-20260128-wa00177346625092859750229.jpg","datePublished":"2026-01-29T07:00:04+00:00","breadcrumb":{"@id":"https:\/\/somos-hermanos.mx\/index.php\/2026\/01\/29\/aqui-no-solo-se-rescatan-areas-verdes-se-reconstruyen-vinculos\/#breadcrumb"},"inLanguage":"es","potentialAction":[{"@type":"ReadAction","target":["https:\/\/somos-hermanos.mx\/index.php\/2026\/01\/29\/aqui-no-solo-se-rescatan-areas-verdes-se-reconstruyen-vinculos\/"]}]},{"@type":"ImageObject","inLanguage":"es","@id":"https:\/\/somos-hermanos.mx\/index.php\/2026\/01\/29\/aqui-no-solo-se-rescatan-areas-verdes-se-reconstruyen-vinculos\/#primaryimage","url":"https:\/\/somos-hermanos.mx\/wp-content\/uploads\/2026\/01\/img-20260128-wa00177346625092859750229.jpg","contentUrl":"https:\/\/somos-hermanos.mx\/wp-content\/uploads\/2026\/01\/img-20260128-wa00177346625092859750229.jpg","width":1280,"height":960},{"@type":"BreadcrumbList","@id":"https:\/\/somos-hermanos.mx\/index.php\/2026\/01\/29\/aqui-no-solo-se-rescatan-areas-verdes-se-reconstruyen-vinculos\/#breadcrumb","itemListElement":[{"@type":"ListItem","position":1,"name":"Inicio","item":"https:\/\/somos-hermanos.mx\/"},{"@type":"ListItem","position":2,"name":"Aqu\u00ed no s\u00f3lo se rescatan \u00e1reas verdes, se reconstruyen v\u00ednculos"}]},{"@type":"WebSite","@id":"https:\/\/somos-hermanos.mx\/#website","url":"https:\/\/somos-hermanos.mx\/","name":"Historias que inspiran...","description":"Somos la voz del altruismo en M\u00e9xico","publisher":{"@id":"https:\/\/somos-hermanos.mx\/#organization"},"potentialAction":[{"@type":"SearchAction","target":{"@type":"EntryPoint","urlTemplate":"https:\/\/somos-hermanos.mx\/?s={search_term_string}"},"query-input":{"@type":"PropertyValueSpecification","valueRequired":true,"valueName":"search_term_string"}}],"inLanguage":"es"},{"@type":"Organization","@id":"https:\/\/somos-hermanos.mx\/#organization","name":"Somos Hermanos","url":"https:\/\/somos-hermanos.mx\/","logo":{"@type":"ImageObject","inLanguage":"es","@id":"https:\/\/somos-hermanos.mx\/#\/schema\/logo\/image\/","url":"https:\/\/somos-hermanos.mx\/wp-content\/uploads\/2025\/08\/SH30-1.jpeg","contentUrl":"https:\/\/somos-hermanos.mx\/wp-content\/uploads\/2025\/08\/SH30-1.jpeg","width":1600,"height":1142,"caption":"Somos Hermanos"},"image":{"@id":"https:\/\/somos-hermanos.mx\/#\/schema\/logo\/image\/"},"sameAs":["https:\/\/www.facebook.com\/SomosHermanosIAP\/","https:\/\/x.com\/Somos__Hermanos","https:\/\/www.instagram.com\/somos__hermanos\/#","https:\/\/www.tiktok.com\/@somoshermanosiap","https:\/\/www.youtube.com\/@somoshermanosiap1201\/videos"]},{"@type":"Person","@id":"https:\/\/somos-hermanos.mx\/#\/schema\/person\/ca47b05d4e7735cde01b6c20df3ff500","name":"Ivon D\u00edaz Rojas","image":{"@type":"ImageObject","inLanguage":"es","@id":"https:\/\/secure.gravatar.com\/avatar\/1c19107828bb690213f343d5aa89eef40d6744894d5f632754fec79e3043dbb3?s=96&d=mm&r=g","url":"https:\/\/secure.gravatar.com\/avatar\/1c19107828bb690213f343d5aa89eef40d6744894d5f632754fec79e3043dbb3?s=96&d=mm&r=g","contentUrl":"https:\/\/secure.gravatar.com\/avatar\/1c19107828bb690213f343d5aa89eef40d6744894d5f632754fec79e3043dbb3?s=96&d=mm&r=g","caption":"Ivon D\u00edaz Rojas"},"url":"https:\/\/somos-hermanos.mx\/index.php\/author\/ivon-diaz-rojas\/"}]}},"_links":{"self":[{"href":"https:\/\/somos-hermanos.mx\/index.php\/wp-json\/wp\/v2\/posts\/2653","targetHints":{"allow":["GET"]}}],"collection":[{"href":"https:\/\/somos-hermanos.mx\/index.php\/wp-json\/wp\/v2\/posts"}],"about":[{"href":"https:\/\/somos-hermanos.mx\/index.php\/wp-json\/wp\/v2\/types\/post"}],"author":[{"embeddable":true,"href":"https:\/\/somos-hermanos.mx\/index.php\/wp-json\/wp\/v2\/users\/14"}],"replies":[{"embeddable":true,"href":"https:\/\/somos-hermanos.mx\/index.php\/wp-json\/wp\/v2\/comments?post=2653"}],"version-history":[{"count":1,"href":"https:\/\/somos-hermanos.mx\/index.php\/wp-json\/wp\/v2\/posts\/2653\/revisions"}],"predecessor-version":[{"id":2654,"href":"https:\/\/somos-hermanos.mx\/index.php\/wp-json\/wp\/v2\/posts\/2653\/revisions\/2654"}],"wp:featuredmedia":[{"embeddable":true,"href":"https:\/\/somos-hermanos.mx\/index.php\/wp-json\/wp\/v2\/media\/2650"}],"wp:attachment":[{"href":"https:\/\/somos-hermanos.mx\/index.php\/wp-json\/wp\/v2\/media?parent=2653"}],"wp:term":[{"taxonomy":"category","embeddable":true,"href":"https:\/\/somos-hermanos.mx\/index.php\/wp-json\/wp\/v2\/categories?post=2653"},{"taxonomy":"post_tag","embeddable":true,"href":"https:\/\/somos-hermanos.mx\/index.php\/wp-json\/wp\/v2\/tags?post=2653"}],"curies":[{"name":"wp","href":"https:\/\/api.w.org\/{rel}","templated":true}]}}