{"id":2642,"date":"2026-01-28T01:00:47","date_gmt":"2026-01-28T07:00:47","guid":{"rendered":"https:\/\/somos-hermanos.mx\/?p=2642"},"modified":"2026-01-27T23:48:52","modified_gmt":"2026-01-28T05:48:52","slug":"cci-eas-hablamos-de-dignidad-y-desarrollo-social","status":"publish","type":"post","link":"https:\/\/somos-hermanos.mx\/index.php\/2026\/01\/28\/cci-eas-hablamos-de-dignidad-y-desarrollo-social\/","title":{"rendered":"CCI EAS, hablamos de dignidad y desarrollo social"},"content":{"rendered":"<p>En un escenario social caracterizado por profundas brechas estructurales, fragilidad del entramado comunitario y una creciente deshumanizaci\u00f3n de los v\u00ednculos sociales, el<strong> Centro de Capacitaci\u00f3n Integral EAS (CCI EAS)<\/strong> surge como una instituci\u00f3n de referencia en materia de formaci\u00f3n humana, acompa\u00f1amiento comunitario y promoci\u00f3n de la dignidad de la persona. Con m\u00e1s de 25 a\u00f1os de trayectoria ininterrumpida, esta <strong>Instituci\u00f3n de Asistencia Privada (IAP) <\/strong>ha desarrollado un modelo de intervenci\u00f3n social que articula formaci\u00f3n, comunidad y conciencia \u00e9tica como ejes de transformaci\u00f3n sostenible.<\/p>\n<p><strong>Sustentado en el principio rector \u201cSer para hacer\u201d<\/strong>, el CCI EAS parte de una concepci\u00f3n antropol\u00f3gica integral que reconoce a la persona como sujeto de dignidad, capaz de incidir activamente en su entorno cuando cuenta con herramientas formativas adecuadas. Desde esta perspectiva, la instituci\u00f3n no se limita a atender problem\u00e1ticas inmediatas, sino que apuesta por procesos de largo alcance que impactan tanto en el \u00e1mbito individual como en el colectivo.<\/p>\n<p>El <strong>Centro de Capacitaci\u00f3n Integral EAS fue fundado en el a\u00f1o 1996 por Juana Alicia Fern\u00e1ndez C\u00e1rdenas y Reynaldo Pe\u00f1a Garay<\/strong>, quienes, a partir de una lectura cr\u00edtica de las condiciones sociales de diversas comunidades del estado de Quer\u00e9taro, identificaron la necesidad de crear un espacio dedicado a la formaci\u00f3n humana con un enfoque profundamente social.<\/p>\n<p>La misi\u00f3n del Centro de Capacitaci\u00f3n Integral EAS es promover el respeto y el cuidado de la dignidad de la persona humana y fomentar la recuperaci\u00f3n del tejido social mediante la formaci\u00f3n de peque\u00f1as comunidades. Para ello, la instituci\u00f3n ha definido objetivos estrat\u00e9gicos orientados a impulsar el desarrollo integral de las personas, sostener una estructura operativa basada en la colaboraci\u00f3n fraterna y el servicio, establecer alianzas estrat\u00e9gicas con organizaciones afines, poner su infraestructura al servicio de la sociedad y replicar su modelo de intervenci\u00f3n en otros contextos geogr\u00e1ficos.<\/p>\n<p>Desde su origen, la instituci\u00f3n se propuso promover la dignidad de la persona humana y atender a comunidades campesinas, obreras y marginadas, sectores hist\u00f3ricamente relegados de los procesos formativos y de desarrollo integral. Esta vocaci\u00f3n fundacional ha permeado todas las acciones del CCI EAS, consolid\u00e1ndolo como una <strong>organizaci\u00f3n cuyo quehacer se inscribe en una l\u00f3gica de servicio, corresponsabilidad social y compromiso \u00e9tico.<\/strong><\/p>\n<p><strong>El eje prioritario de la labor del CCI EAS es la formaci\u00f3n y el desarrollo humano, entendidos no como procesos aislados de capacitaci\u00f3n, sino como experiencias profundas de autoconocimiento, resignificaci\u00f3n personal y fortalecimiento de habilidades socioemocionales.<\/strong> Los talleres impartidos por la instituci\u00f3n est\u00e1n dise\u00f1ados para propiciar una reflexi\u00f3n cr\u00edtica sobre la propia historia, las relaciones interpersonales y el papel que cada individuo desempe\u00f1a dentro de su comunidad.<\/p>\n<p>Estos procesos formativos buscan hacer emerger la dimensi\u00f3n humana de la persona, estimulando la responsabilidad social, la conciencia \u00e9tica y la orientaci\u00f3n hacia el bien com\u00fan. <strong>De esta manera, la formaci\u00f3n se convierte en un instrumento para la reconstrucci\u00f3n del tejido social, al generar sujetos m\u00e1s conscientes, emp\u00e1ticos y comprometidos con su entorno.<\/strong><\/p>\n<p>Otro de los pilares estrat\u00e9gicos del CCI EAS es el acompa\u00f1amiento en procesos comunitarios, desarrollado a trav\u00e9s de peque\u00f1as comunidades como unidades b\u00e1sicas de intervenci\u00f3n social. Este enfoque <strong>reconoce a la familia como el n\u00facleo primario de socializaci\u00f3n y como un espacio fundamental para la transmisi\u00f3n de valores, la contenci\u00f3n emocional y la cohesi\u00f3n social.<\/strong><\/p>\n<p>Mediante metodolog\u00edas participativas, el Centro acompa\u00f1a a personas y grupos en procesos de desarrollo integral que favorecen la organizaci\u00f3n comunitaria, el fortalecimiento de redes de apoyo y la generaci\u00f3n de din\u00e1micas solidarias. Este trabajo sostenido permite incidir de manera estructural en las comunidades atendidas, promoviendo una transformaci\u00f3n que trasciende lo individual y se proyecta hacia lo colectivo.<\/p>\n<p>El CCI EAS cuenta con una Casa de Retiros, concebida como un espacio f\u00edsico y simb\u00f3lico destinado al encuentro consigo mismo y con los otros. Este recinto est\u00e1 habilitado para la realizaci\u00f3n de ejercicios espirituales, din\u00e1micas grupales, retiros religiosos, empresariales y personales, as\u00ed como actividades formativas que requieren hospedaje.<\/p>\n<p>Las instalaciones ofrecen condiciones propicias para procesos de introspecci\u00f3n, di\u00e1logo y aprendizaje profundo, convirti\u00e9ndose en un entorno id\u00f3neo para experiencias que demandan silencio, reflexi\u00f3n y convivencia significativa. La Casa de Retiros ampl\u00eda el alcance de la misi\u00f3n institucional al ofrecer un espacio donde la formaci\u00f3n trasciende lo acad\u00e9mico y se sit\u00faa en el \u00e1mbito de la experiencia vital.<\/p>\n<p>De manera complementaria, el <strong>Centro desarrolla cursos y talleres particulares y empresariales, tanto en modalidad presencial como en l\u00ednea, dirigidos a personas, organizaciones y empresas interesadas en fortalecer sus capacidades humanas y organizacionales.<\/strong> Estos programas abordan tem\u00e1ticas complejas vinculadas al desarrollo personal, la gesti\u00f3n emocional y la din\u00e1mica de los equipos de trabajo.<\/p>\n<p>Entre los contenidos que se imparten destacan: autoestima, liderazgo, procesos terap\u00e9uticos de duelo, perd\u00f3n y reconciliaci\u00f3n, comunicaci\u00f3n interpersonal, administraci\u00f3n de la vida para el \u00e9xito integral, integraci\u00f3n y valores, direcci\u00f3n de equipos de alto rendimiento, negociaci\u00f3n empresarial, administraci\u00f3n del tiempo y configuraciones sist\u00e9micas laborales, empresariales y organizacionales. Todos ellos est\u00e1n dise\u00f1ados desde una perspectiva integral que reconoce la dimensi\u00f3n humana como un factor clave en el desempe\u00f1o individual y colectivo.<\/p>\n<p>Como parte de su compromiso social, el CCI EAS pone a disposici\u00f3n de la sociedad una infraestructura funcional orientada a la formaci\u00f3n, el acompa\u00f1amiento y el trabajo comunitario.<strong> El Centro cuenta con un aula con capacidad para 25 personas, sala de juntas, consultorio para asesor\u00edas y procesos terap\u00e9uticos, biblioteca, \u00e1reas verdes, estacionamiento, servicio de cafeter\u00eda e internet.<\/strong><\/p>\n<p>Esta infraestructura no solo respalda las actividades propias de la instituci\u00f3n, sino que se concibe como un recurso comunitario que facilita el acceso a espacios dignos para el aprendizaje, el di\u00e1logo y la atenci\u00f3n especializada.<\/p>\n<p>A m\u00e1s de dos d\u00e9cadas de su fundaci\u00f3n, el Centro de Capacitaci\u00f3n Integral EAS IAP <strong>representa un ejemplo de c\u00f3mo la formaci\u00f3n humana, cuando se articula con el acompa\u00f1amiento comunitario y una visi\u00f3n \u00e9tica del desarrollo, puede convertirse en un motor real de transformaci\u00f3n social<\/strong>. Su labor reafirma que la reconstrucci\u00f3n del tejido social no es un proceso inmediato, sino una tarea sostenida que comienza en la persona y se consolida en comunidad.<\/p>\n<p>Si quieres conocer m\u00e1s sobre su trabajo, descubrir sus programas y ser parte de esta iniciativa que apuesta por la transformaci\u00f3n humana y comunitaria, sigue al <strong>Centro de Capacitaci\u00f3n Integral EAS <\/strong>en sus redes sociales o visita su sitio web oficial: <a href=\"http:\/\/www.capacitacionintegral.org.mx\">www.capacitacionintegral.org.mx<\/a><\/p>\n<p><img loading=\"lazy\" decoding=\"async\" class=\"aligncenter wp-image-2636 \" src=\"https:\/\/somos-hermanos.mx\/wp-content\/uploads\/2026\/01\/img-20260127-wa00135584274748852661478-300x199.jpg\" alt=\"\" width=\"418\" height=\"277\" srcset=\"https:\/\/somos-hermanos.mx\/wp-content\/uploads\/2026\/01\/img-20260127-wa00135584274748852661478-300x199.jpg 300w, https:\/\/somos-hermanos.mx\/wp-content\/uploads\/2026\/01\/img-20260127-wa00135584274748852661478.jpg 550w\" sizes=\"auto, (max-width: 418px) 100vw, 418px\" \/><\/p>\n","protected":false},"excerpt":{"rendered":"<p>En un escenario social caracterizado por profundas brechas estructurales, fragilidad del entramado comunitario y una creciente deshumanizaci\u00f3n de los v\u00ednculos sociales, el Centro de Capacitaci\u00f3n Integral EAS (CCI EAS) surge como una instituci\u00f3n de referencia en materia de formaci\u00f3n humana, acompa\u00f1amiento comunitario y promoci\u00f3n de la dignidad de la persona. Con m\u00e1s de 25 a\u00f1os [&hellip;]<\/p>\n","protected":false},"author":6,"featured_media":2637,"comment_status":"open","ping_status":"closed","sticky":false,"template":"","format":"standard","meta":{"footnotes":""},"categories":[6],"tags":[528,242,3448,3463,3382,3462,3451,3452,3450,235,3459,3457,186,3449,3453,2239,2178,3455,252,1989,3461,2837,3464,3458,2141,3460,3456,3454,1857,1991],"class_list":["post-2642","post","type-post","status-publish","format-standard","has-post-thumbnail","hentry","category-noticias","tag-alianzas-estrategicas","tag-asistencia-privada","tag-brechas-estructurales","tag-capacidades-humanas","tag-capacitacion-integral","tag-casa-de-retiros","tag-cci","tag-cci-eas","tag-centro-de-capacitacion-integral-eas","tag-cohesion-social","tag-compromiso-etico","tag-condiciones-sociales","tag-desarrollo-integral","tag-deshumanizacion","tag-formacion-humana","tag-habilidades-socioemocionales","tag-intervencion-social","tag-juana-alicia-fernandez-cardenas","tag-mision-institucional","tag-modelo-de-intervencion","tag-procesos-comunitarios","tag-procesos-formativos","tag-procesos-terapeuticos","tag-promover-respeto","tag-queretaro","tag-relaciones-interpersonales","tag-reynaldo-pena-garay","tag-ser-para-hacer","tag-tejido-social","tag-vinculos-sociales"],"yoast_head":"<!-- This site is optimized with the Yoast SEO plugin v27.5 - https:\/\/yoast.com\/product\/yoast-seo-wordpress\/ -->\n<title>CCI EAS, hablamos de dignidad y desarrollo social - Historias que inspiran...<\/title>\n<meta name=\"robots\" content=\"index, follow, max-snippet:-1, max-image-preview:large, max-video-preview:-1\" \/>\n<link rel=\"canonical\" href=\"https:\/\/somos-hermanos.mx\/index.php\/2026\/01\/28\/cci-eas-hablamos-de-dignidad-y-desarrollo-social\/\" \/>\n<meta property=\"og:locale\" content=\"es_MX\" \/>\n<meta property=\"og:type\" content=\"article\" \/>\n<meta property=\"og:title\" content=\"CCI EAS, hablamos de dignidad y desarrollo social - Historias que inspiran...\" \/>\n<meta property=\"og:description\" content=\"En un escenario social caracterizado por profundas brechas estructurales, fragilidad del entramado comunitario y una creciente deshumanizaci\u00f3n de los v\u00ednculos sociales, el Centro de Capacitaci\u00f3n Integral EAS (CCI EAS) surge como una instituci\u00f3n de referencia en materia de formaci\u00f3n humana, acompa\u00f1amiento comunitario y promoci\u00f3n de la dignidad de la persona. Con m\u00e1s de 25 a\u00f1os [&hellip;]\" \/>\n<meta property=\"og:url\" content=\"https:\/\/somos-hermanos.mx\/index.php\/2026\/01\/28\/cci-eas-hablamos-de-dignidad-y-desarrollo-social\/\" \/>\n<meta property=\"og:site_name\" content=\"Historias que inspiran...\" \/>\n<meta property=\"article:publisher\" content=\"https:\/\/www.facebook.com\/SomosHermanosIAP\/\" \/>\n<meta property=\"article:published_time\" content=\"2026-01-28T07:00:47+00:00\" \/>\n<meta property=\"og:image\" content=\"https:\/\/somos-hermanos.mx\/wp-content\/uploads\/2026\/01\/img-20260127-wa00147099536286198351934.jpg\" \/>\n\t<meta property=\"og:image:width\" content=\"250\" \/>\n\t<meta property=\"og:image:height\" content=\"279\" \/>\n\t<meta property=\"og:image:type\" content=\"image\/jpeg\" \/>\n<meta name=\"author\" content=\"Jessica Iniestra Montoya\" \/>\n<meta name=\"twitter:card\" content=\"summary_large_image\" \/>\n<meta name=\"twitter:creator\" content=\"@Somos__Hermanos\" \/>\n<meta name=\"twitter:site\" content=\"@Somos__Hermanos\" \/>\n<meta name=\"twitter:label1\" content=\"Escrito por\" \/>\n\t<meta name=\"twitter:data1\" content=\"Jessica Iniestra Montoya\" \/>\n\t<meta name=\"twitter:label2\" content=\"Tiempo de lectura\" \/>\n\t<meta name=\"twitter:data2\" content=\"6 minutos\" \/>\n<script type=\"application\/ld+json\" class=\"yoast-schema-graph\">{\"@context\":\"https:\\\/\\\/schema.org\",\"@graph\":[{\"@type\":\"Article\",\"@id\":\"https:\\\/\\\/somos-hermanos.mx\\\/index.php\\\/2026\\\/01\\\/28\\\/cci-eas-hablamos-de-dignidad-y-desarrollo-social\\\/#article\",\"isPartOf\":{\"@id\":\"https:\\\/\\\/somos-hermanos.mx\\\/index.php\\\/2026\\\/01\\\/28\\\/cci-eas-hablamos-de-dignidad-y-desarrollo-social\\\/\"},\"author\":{\"name\":\"Jessica Iniestra Montoya\",\"@id\":\"https:\\\/\\\/somos-hermanos.mx\\\/#\\\/schema\\\/person\\\/556c08a8ffe5461f078f6d4ee7c7edc6\"},\"headline\":\"CCI EAS, hablamos de dignidad y desarrollo social\",\"datePublished\":\"2026-01-28T07:00:47+00:00\",\"mainEntityOfPage\":{\"@id\":\"https:\\\/\\\/somos-hermanos.mx\\\/index.php\\\/2026\\\/01\\\/28\\\/cci-eas-hablamos-de-dignidad-y-desarrollo-social\\\/\"},\"wordCount\":1165,\"commentCount\":0,\"publisher\":{\"@id\":\"https:\\\/\\\/somos-hermanos.mx\\\/#organization\"},\"image\":{\"@id\":\"https:\\\/\\\/somos-hermanos.mx\\\/index.php\\\/2026\\\/01\\\/28\\\/cci-eas-hablamos-de-dignidad-y-desarrollo-social\\\/#primaryimage\"},\"thumbnailUrl\":\"https:\\\/\\\/somos-hermanos.mx\\\/wp-content\\\/uploads\\\/2026\\\/01\\\/img-20260127-wa00147099536286198351934.jpg\",\"keywords\":[\"alianzas estrat\u00e9gicas\",\"Asistencia Privada\",\"brechas estructurales\",\"capacidades humanas\",\"capacitaci\u00f3n integral\",\"Casa de Retiros\",\"CCI\",\"CCI EAS\",\"Centro de Capacitaci\u00f3n Integral EAS\",\"cohesi\u00f3n social\",\"compromiso \u00e9tico\",\"condiciones sociales\",\"desarrollo integral\",\"deshumanizaci\u00f3n\",\"formaci\u00f3n humana\",\"habilidades socioemocionales\",\"intervenci\u00f3n social\",\"Juana Alicia Fern\u00e1ndez C\u00e1rdenas\",\"misi\u00f3n institucional\",\"modelo de intervenci\u00f3n\",\"procesos comunitarios\",\"procesos formativos\",\"procesos terap\u00e9uticos\",\"promover respeto\",\"Quer\u00e9taro\",\"relaciones interpersonales\",\"Reynaldo Pe\u00f1a Garay\",\"Ser para hacer\",\"tejido social\",\"v\u00ednculos sociales\"],\"articleSection\":[\"Noticias\"],\"inLanguage\":\"es\",\"potentialAction\":[{\"@type\":\"CommentAction\",\"name\":\"Comment\",\"target\":[\"https:\\\/\\\/somos-hermanos.mx\\\/index.php\\\/2026\\\/01\\\/28\\\/cci-eas-hablamos-de-dignidad-y-desarrollo-social\\\/#respond\"]}]},{\"@type\":\"WebPage\",\"@id\":\"https:\\\/\\\/somos-hermanos.mx\\\/index.php\\\/2026\\\/01\\\/28\\\/cci-eas-hablamos-de-dignidad-y-desarrollo-social\\\/\",\"url\":\"https:\\\/\\\/somos-hermanos.mx\\\/index.php\\\/2026\\\/01\\\/28\\\/cci-eas-hablamos-de-dignidad-y-desarrollo-social\\\/\",\"name\":\"CCI EAS, hablamos de dignidad y desarrollo social - Historias que inspiran...\",\"isPartOf\":{\"@id\":\"https:\\\/\\\/somos-hermanos.mx\\\/#website\"},\"primaryImageOfPage\":{\"@id\":\"https:\\\/\\\/somos-hermanos.mx\\\/index.php\\\/2026\\\/01\\\/28\\\/cci-eas-hablamos-de-dignidad-y-desarrollo-social\\\/#primaryimage\"},\"image\":{\"@id\":\"https:\\\/\\\/somos-hermanos.mx\\\/index.php\\\/2026\\\/01\\\/28\\\/cci-eas-hablamos-de-dignidad-y-desarrollo-social\\\/#primaryimage\"},\"thumbnailUrl\":\"https:\\\/\\\/somos-hermanos.mx\\\/wp-content\\\/uploads\\\/2026\\\/01\\\/img-20260127-wa00147099536286198351934.jpg\",\"datePublished\":\"2026-01-28T07:00:47+00:00\",\"breadcrumb\":{\"@id\":\"https:\\\/\\\/somos-hermanos.mx\\\/index.php\\\/2026\\\/01\\\/28\\\/cci-eas-hablamos-de-dignidad-y-desarrollo-social\\\/#breadcrumb\"},\"inLanguage\":\"es\",\"potentialAction\":[{\"@type\":\"ReadAction\",\"target\":[\"https:\\\/\\\/somos-hermanos.mx\\\/index.php\\\/2026\\\/01\\\/28\\\/cci-eas-hablamos-de-dignidad-y-desarrollo-social\\\/\"]}]},{\"@type\":\"ImageObject\",\"inLanguage\":\"es\",\"@id\":\"https:\\\/\\\/somos-hermanos.mx\\\/index.php\\\/2026\\\/01\\\/28\\\/cci-eas-hablamos-de-dignidad-y-desarrollo-social\\\/#primaryimage\",\"url\":\"https:\\\/\\\/somos-hermanos.mx\\\/wp-content\\\/uploads\\\/2026\\\/01\\\/img-20260127-wa00147099536286198351934.jpg\",\"contentUrl\":\"https:\\\/\\\/somos-hermanos.mx\\\/wp-content\\\/uploads\\\/2026\\\/01\\\/img-20260127-wa00147099536286198351934.jpg\",\"width\":250,\"height\":279},{\"@type\":\"BreadcrumbList\",\"@id\":\"https:\\\/\\\/somos-hermanos.mx\\\/index.php\\\/2026\\\/01\\\/28\\\/cci-eas-hablamos-de-dignidad-y-desarrollo-social\\\/#breadcrumb\",\"itemListElement\":[{\"@type\":\"ListItem\",\"position\":1,\"name\":\"Inicio\",\"item\":\"https:\\\/\\\/somos-hermanos.mx\\\/\"},{\"@type\":\"ListItem\",\"position\":2,\"name\":\"CCI EAS, hablamos de dignidad y desarrollo social\"}]},{\"@type\":\"WebSite\",\"@id\":\"https:\\\/\\\/somos-hermanos.mx\\\/#website\",\"url\":\"https:\\\/\\\/somos-hermanos.mx\\\/\",\"name\":\"Historias que inspiran...\",\"description\":\"Somos la voz del altruismo en M\u00e9xico\",\"publisher\":{\"@id\":\"https:\\\/\\\/somos-hermanos.mx\\\/#organization\"},\"potentialAction\":[{\"@type\":\"SearchAction\",\"target\":{\"@type\":\"EntryPoint\",\"urlTemplate\":\"https:\\\/\\\/somos-hermanos.mx\\\/?s={search_term_string}\"},\"query-input\":{\"@type\":\"PropertyValueSpecification\",\"valueRequired\":true,\"valueName\":\"search_term_string\"}}],\"inLanguage\":\"es\"},{\"@type\":\"Organization\",\"@id\":\"https:\\\/\\\/somos-hermanos.mx\\\/#organization\",\"name\":\"Somos Hermanos\",\"url\":\"https:\\\/\\\/somos-hermanos.mx\\\/\",\"logo\":{\"@type\":\"ImageObject\",\"inLanguage\":\"es\",\"@id\":\"https:\\\/\\\/somos-hermanos.mx\\\/#\\\/schema\\\/logo\\\/image\\\/\",\"url\":\"https:\\\/\\\/somos-hermanos.mx\\\/wp-content\\\/uploads\\\/2025\\\/08\\\/SH30-1.jpeg\",\"contentUrl\":\"https:\\\/\\\/somos-hermanos.mx\\\/wp-content\\\/uploads\\\/2025\\\/08\\\/SH30-1.jpeg\",\"width\":1600,\"height\":1142,\"caption\":\"Somos Hermanos\"},\"image\":{\"@id\":\"https:\\\/\\\/somos-hermanos.mx\\\/#\\\/schema\\\/logo\\\/image\\\/\"},\"sameAs\":[\"https:\\\/\\\/www.facebook.com\\\/SomosHermanosIAP\\\/\",\"https:\\\/\\\/x.com\\\/Somos__Hermanos\",\"https:\\\/\\\/www.instagram.com\\\/somos__hermanos\\\/#\",\"https:\\\/\\\/www.tiktok.com\\\/@somoshermanosiap\",\"https:\\\/\\\/www.youtube.com\\\/@somoshermanosiap1201\\\/videos\"]},{\"@type\":\"Person\",\"@id\":\"https:\\\/\\\/somos-hermanos.mx\\\/#\\\/schema\\\/person\\\/556c08a8ffe5461f078f6d4ee7c7edc6\",\"name\":\"Jessica Iniestra Montoya\",\"image\":{\"@type\":\"ImageObject\",\"inLanguage\":\"es\",\"@id\":\"https:\\\/\\\/secure.gravatar.com\\\/avatar\\\/106ac0d17a09f7597c4b7d5101b852538c07d5e73e903cb99fc44476e15e52aa?s=96&d=mm&r=g\",\"url\":\"https:\\\/\\\/secure.gravatar.com\\\/avatar\\\/106ac0d17a09f7597c4b7d5101b852538c07d5e73e903cb99fc44476e15e52aa?s=96&d=mm&r=g\",\"contentUrl\":\"https:\\\/\\\/secure.gravatar.com\\\/avatar\\\/106ac0d17a09f7597c4b7d5101b852538c07d5e73e903cb99fc44476e15e52aa?s=96&d=mm&r=g\",\"caption\":\"Jessica Iniestra Montoya\"},\"url\":\"https:\\\/\\\/somos-hermanos.mx\\\/index.php\\\/author\\\/jessica-iniestra-montoya\\\/\"}]}<\/script>\n<!-- \/ Yoast SEO plugin. -->","yoast_head_json":{"title":"CCI EAS, hablamos de dignidad y desarrollo social - Historias que inspiran...","robots":{"index":"index","follow":"follow","max-snippet":"max-snippet:-1","max-image-preview":"max-image-preview:large","max-video-preview":"max-video-preview:-1"},"canonical":"https:\/\/somos-hermanos.mx\/index.php\/2026\/01\/28\/cci-eas-hablamos-de-dignidad-y-desarrollo-social\/","og_locale":"es_MX","og_type":"article","og_title":"CCI EAS, hablamos de dignidad y desarrollo social - Historias que inspiran...","og_description":"En un escenario social caracterizado por profundas brechas estructurales, fragilidad del entramado comunitario y una creciente deshumanizaci\u00f3n de los v\u00ednculos sociales, el Centro de Capacitaci\u00f3n Integral EAS (CCI EAS) surge como una instituci\u00f3n de referencia en materia de formaci\u00f3n humana, acompa\u00f1amiento comunitario y promoci\u00f3n de la dignidad de la persona. Con m\u00e1s de 25 a\u00f1os [&hellip;]","og_url":"https:\/\/somos-hermanos.mx\/index.php\/2026\/01\/28\/cci-eas-hablamos-de-dignidad-y-desarrollo-social\/","og_site_name":"Historias que inspiran...","article_publisher":"https:\/\/www.facebook.com\/SomosHermanosIAP\/","article_published_time":"2026-01-28T07:00:47+00:00","og_image":[{"width":250,"height":279,"url":"https:\/\/somos-hermanos.mx\/wp-content\/uploads\/2026\/01\/img-20260127-wa00147099536286198351934.jpg","type":"image\/jpeg"}],"author":"Jessica Iniestra Montoya","twitter_card":"summary_large_image","twitter_creator":"@Somos__Hermanos","twitter_site":"@Somos__Hermanos","twitter_misc":{"Escrito por":"Jessica Iniestra Montoya","Tiempo de lectura":"6 minutos"},"schema":{"@context":"https:\/\/schema.org","@graph":[{"@type":"Article","@id":"https:\/\/somos-hermanos.mx\/index.php\/2026\/01\/28\/cci-eas-hablamos-de-dignidad-y-desarrollo-social\/#article","isPartOf":{"@id":"https:\/\/somos-hermanos.mx\/index.php\/2026\/01\/28\/cci-eas-hablamos-de-dignidad-y-desarrollo-social\/"},"author":{"name":"Jessica Iniestra Montoya","@id":"https:\/\/somos-hermanos.mx\/#\/schema\/person\/556c08a8ffe5461f078f6d4ee7c7edc6"},"headline":"CCI EAS, hablamos de dignidad y desarrollo social","datePublished":"2026-01-28T07:00:47+00:00","mainEntityOfPage":{"@id":"https:\/\/somos-hermanos.mx\/index.php\/2026\/01\/28\/cci-eas-hablamos-de-dignidad-y-desarrollo-social\/"},"wordCount":1165,"commentCount":0,"publisher":{"@id":"https:\/\/somos-hermanos.mx\/#organization"},"image":{"@id":"https:\/\/somos-hermanos.mx\/index.php\/2026\/01\/28\/cci-eas-hablamos-de-dignidad-y-desarrollo-social\/#primaryimage"},"thumbnailUrl":"https:\/\/somos-hermanos.mx\/wp-content\/uploads\/2026\/01\/img-20260127-wa00147099536286198351934.jpg","keywords":["alianzas estrat\u00e9gicas","Asistencia Privada","brechas estructurales","capacidades humanas","capacitaci\u00f3n integral","Casa de Retiros","CCI","CCI EAS","Centro de Capacitaci\u00f3n Integral EAS","cohesi\u00f3n social","compromiso \u00e9tico","condiciones sociales","desarrollo integral","deshumanizaci\u00f3n","formaci\u00f3n humana","habilidades socioemocionales","intervenci\u00f3n social","Juana Alicia Fern\u00e1ndez C\u00e1rdenas","misi\u00f3n institucional","modelo de intervenci\u00f3n","procesos comunitarios","procesos formativos","procesos terap\u00e9uticos","promover respeto","Quer\u00e9taro","relaciones interpersonales","Reynaldo Pe\u00f1a Garay","Ser para hacer","tejido social","v\u00ednculos sociales"],"articleSection":["Noticias"],"inLanguage":"es","potentialAction":[{"@type":"CommentAction","name":"Comment","target":["https:\/\/somos-hermanos.mx\/index.php\/2026\/01\/28\/cci-eas-hablamos-de-dignidad-y-desarrollo-social\/#respond"]}]},{"@type":"WebPage","@id":"https:\/\/somos-hermanos.mx\/index.php\/2026\/01\/28\/cci-eas-hablamos-de-dignidad-y-desarrollo-social\/","url":"https:\/\/somos-hermanos.mx\/index.php\/2026\/01\/28\/cci-eas-hablamos-de-dignidad-y-desarrollo-social\/","name":"CCI EAS, hablamos de dignidad y desarrollo social - Historias que inspiran...","isPartOf":{"@id":"https:\/\/somos-hermanos.mx\/#website"},"primaryImageOfPage":{"@id":"https:\/\/somos-hermanos.mx\/index.php\/2026\/01\/28\/cci-eas-hablamos-de-dignidad-y-desarrollo-social\/#primaryimage"},"image":{"@id":"https:\/\/somos-hermanos.mx\/index.php\/2026\/01\/28\/cci-eas-hablamos-de-dignidad-y-desarrollo-social\/#primaryimage"},"thumbnailUrl":"https:\/\/somos-hermanos.mx\/wp-content\/uploads\/2026\/01\/img-20260127-wa00147099536286198351934.jpg","datePublished":"2026-01-28T07:00:47+00:00","breadcrumb":{"@id":"https:\/\/somos-hermanos.mx\/index.php\/2026\/01\/28\/cci-eas-hablamos-de-dignidad-y-desarrollo-social\/#breadcrumb"},"inLanguage":"es","potentialAction":[{"@type":"ReadAction","target":["https:\/\/somos-hermanos.mx\/index.php\/2026\/01\/28\/cci-eas-hablamos-de-dignidad-y-desarrollo-social\/"]}]},{"@type":"ImageObject","inLanguage":"es","@id":"https:\/\/somos-hermanos.mx\/index.php\/2026\/01\/28\/cci-eas-hablamos-de-dignidad-y-desarrollo-social\/#primaryimage","url":"https:\/\/somos-hermanos.mx\/wp-content\/uploads\/2026\/01\/img-20260127-wa00147099536286198351934.jpg","contentUrl":"https:\/\/somos-hermanos.mx\/wp-content\/uploads\/2026\/01\/img-20260127-wa00147099536286198351934.jpg","width":250,"height":279},{"@type":"BreadcrumbList","@id":"https:\/\/somos-hermanos.mx\/index.php\/2026\/01\/28\/cci-eas-hablamos-de-dignidad-y-desarrollo-social\/#breadcrumb","itemListElement":[{"@type":"ListItem","position":1,"name":"Inicio","item":"https:\/\/somos-hermanos.mx\/"},{"@type":"ListItem","position":2,"name":"CCI EAS, hablamos de dignidad y desarrollo social"}]},{"@type":"WebSite","@id":"https:\/\/somos-hermanos.mx\/#website","url":"https:\/\/somos-hermanos.mx\/","name":"Historias que inspiran...","description":"Somos la voz del altruismo en M\u00e9xico","publisher":{"@id":"https:\/\/somos-hermanos.mx\/#organization"},"potentialAction":[{"@type":"SearchAction","target":{"@type":"EntryPoint","urlTemplate":"https:\/\/somos-hermanos.mx\/?s={search_term_string}"},"query-input":{"@type":"PropertyValueSpecification","valueRequired":true,"valueName":"search_term_string"}}],"inLanguage":"es"},{"@type":"Organization","@id":"https:\/\/somos-hermanos.mx\/#organization","name":"Somos Hermanos","url":"https:\/\/somos-hermanos.mx\/","logo":{"@type":"ImageObject","inLanguage":"es","@id":"https:\/\/somos-hermanos.mx\/#\/schema\/logo\/image\/","url":"https:\/\/somos-hermanos.mx\/wp-content\/uploads\/2025\/08\/SH30-1.jpeg","contentUrl":"https:\/\/somos-hermanos.mx\/wp-content\/uploads\/2025\/08\/SH30-1.jpeg","width":1600,"height":1142,"caption":"Somos Hermanos"},"image":{"@id":"https:\/\/somos-hermanos.mx\/#\/schema\/logo\/image\/"},"sameAs":["https:\/\/www.facebook.com\/SomosHermanosIAP\/","https:\/\/x.com\/Somos__Hermanos","https:\/\/www.instagram.com\/somos__hermanos\/#","https:\/\/www.tiktok.com\/@somoshermanosiap","https:\/\/www.youtube.com\/@somoshermanosiap1201\/videos"]},{"@type":"Person","@id":"https:\/\/somos-hermanos.mx\/#\/schema\/person\/556c08a8ffe5461f078f6d4ee7c7edc6","name":"Jessica Iniestra Montoya","image":{"@type":"ImageObject","inLanguage":"es","@id":"https:\/\/secure.gravatar.com\/avatar\/106ac0d17a09f7597c4b7d5101b852538c07d5e73e903cb99fc44476e15e52aa?s=96&d=mm&r=g","url":"https:\/\/secure.gravatar.com\/avatar\/106ac0d17a09f7597c4b7d5101b852538c07d5e73e903cb99fc44476e15e52aa?s=96&d=mm&r=g","contentUrl":"https:\/\/secure.gravatar.com\/avatar\/106ac0d17a09f7597c4b7d5101b852538c07d5e73e903cb99fc44476e15e52aa?s=96&d=mm&r=g","caption":"Jessica Iniestra Montoya"},"url":"https:\/\/somos-hermanos.mx\/index.php\/author\/jessica-iniestra-montoya\/"}]}},"_links":{"self":[{"href":"https:\/\/somos-hermanos.mx\/index.php\/wp-json\/wp\/v2\/posts\/2642","targetHints":{"allow":["GET"]}}],"collection":[{"href":"https:\/\/somos-hermanos.mx\/index.php\/wp-json\/wp\/v2\/posts"}],"about":[{"href":"https:\/\/somos-hermanos.mx\/index.php\/wp-json\/wp\/v2\/types\/post"}],"author":[{"embeddable":true,"href":"https:\/\/somos-hermanos.mx\/index.php\/wp-json\/wp\/v2\/users\/6"}],"replies":[{"embeddable":true,"href":"https:\/\/somos-hermanos.mx\/index.php\/wp-json\/wp\/v2\/comments?post=2642"}],"version-history":[{"count":1,"href":"https:\/\/somos-hermanos.mx\/index.php\/wp-json\/wp\/v2\/posts\/2642\/revisions"}],"predecessor-version":[{"id":2643,"href":"https:\/\/somos-hermanos.mx\/index.php\/wp-json\/wp\/v2\/posts\/2642\/revisions\/2643"}],"wp:featuredmedia":[{"embeddable":true,"href":"https:\/\/somos-hermanos.mx\/index.php\/wp-json\/wp\/v2\/media\/2637"}],"wp:attachment":[{"href":"https:\/\/somos-hermanos.mx\/index.php\/wp-json\/wp\/v2\/media?parent=2642"}],"wp:term":[{"taxonomy":"category","embeddable":true,"href":"https:\/\/somos-hermanos.mx\/index.php\/wp-json\/wp\/v2\/categories?post=2642"},{"taxonomy":"post_tag","embeddable":true,"href":"https:\/\/somos-hermanos.mx\/index.php\/wp-json\/wp\/v2\/tags?post=2642"}],"curies":[{"name":"wp","href":"https:\/\/api.w.org\/{rel}","templated":true}]}}