{"id":2632,"date":"2026-01-27T02:00:20","date_gmt":"2026-01-27T08:00:20","guid":{"rendered":"https:\/\/somos-hermanos.mx\/?p=2632"},"modified":"2026-01-26T22:40:42","modified_gmt":"2026-01-27T04:40:42","slug":"cecpam-iap-20-anos-sin-acelerar-ni-posponer-la-muerte","status":"publish","type":"post","link":"https:\/\/somos-hermanos.mx\/index.php\/2026\/01\/27\/cecpam-iap-20-anos-sin-acelerar-ni-posponer-la-muerte\/","title":{"rendered":"CECPAM IAP: 20 a\u00f1os sin acelerar ni posponer la muerte"},"content":{"rendered":"<p>Hace dos d\u00e9cadas se edific\u00f3 un centro determinado a contribuir al<strong> bienestar integral de las personas que enfrentan enfermedades en etapa avanzada.<\/strong> Aunque la historia de esta instituci\u00f3n comenz\u00f3 un a\u00f1o atr\u00e1s, el 31 de mayo de 2005, fue el 23 de enero de 2006 que se estructur\u00f3 oficialmente CECPAM IAP.<\/p>\n<p>Denominado por sus siglas como el <strong>Centro de Cuidados Paliativos de M\u00e9xico IAP<\/strong>, esta organizaci\u00f3n se encuentra de pl\u00e1cemes no solo por cumplir veinte a\u00f1os de labor ininterrumpida, sino por rememorar las miles de horas de trabajo, capacitaci\u00f3n y preparaci\u00f3n para brindar atenci\u00f3n paliativa que han logrado.<\/p>\n<p>Consolidar un modelo de atenci\u00f3n humanista centrado en la empat\u00eda y el respeto por la dignidad humana es el camino por el cu\u00e1l su labor se ha centrado en lo m\u00e1s valioso: el ser humano. Esto se puede traducir en tres ejes principales de acci\u00f3n:<\/p>\n<ul>\n<li><strong>Visita domiciliaria. <\/strong>Aqu\u00ed la atenci\u00f3n al paciente paliativo se brinda en su domicilio enfocado en el diagn\u00f3stico y tratamiento oportuno de cualquier s\u00edntoma que presente. As\u00ed tambi\u00e9n atienden las necesidades psicosociales y espirituales tanto del paciente como de su familia.<\/li>\n<li><strong>Apoyo tanatol\u00f3gico.<\/strong> Tanto el paciente como el familiar son prioridad y procuran su calidad de vida que tambi\u00e9n acompa\u00f1e en el proceso de duelo.<\/li>\n<li><strong>Cursos y diplomados.<\/strong> Profesionalizar al sector salud en materia de cuidados paliativos significa impulsar el desarrollo de conocimientos y habilidades que den una \u00f3ptima respuesta a los pacientes y familiares, por ello cuentan con diversos cursos, talleres y diplomados en la instituci\u00f3n.<\/li>\n<li><strong>Terapia respiro emocional. <\/strong>Este eje se consolida como un programa emergente para algunos de los pacientes que dependen de disponibilidad de recursos humanos y financieros. El objetivo es disminuir el desgaste de mujeres cuidadoras primarias que atienden a personas con enfermedades que no responden a un tratamiento curativo.<\/li>\n<\/ul>\n<p>Gracias a la labor de m\u00e9dicos, enfermeras, psic\u00f3logos, trabajadores sociales y cuidadores de CECPAM IAP, el impacto ha expandido el alcance a algunos municipios en el Estado de M\u00e9xico y Morelos, con resultados que son dignos de destacar: <strong>19.957 visitas domiciliarias; 15,642 atenciones tanatol\u00f3gicas; 4,432 pacientes CECPAM IAP y 10,558 terapias respiro emocionales<\/strong>.<\/p>\n<p>Conoce la labor altruista de esta admirable instituci\u00f3n que pone en la mesa la importancia de los Cuidados Paliativos, cuidando la vida hasta el \u00faltimo momento de miles de mexicanos de manera profesional y compasiva.<\/p>\n<p><img loading=\"lazy\" decoding=\"async\" class=\"aligncenter wp-image-2628 size-medium\" src=\"https:\/\/somos-hermanos.mx\/wp-content\/uploads\/2026\/01\/img-20260126-wa00111278014067478203526-300x300.jpg\" alt=\"\" width=\"300\" height=\"300\" srcset=\"https:\/\/somos-hermanos.mx\/wp-content\/uploads\/2026\/01\/img-20260126-wa00111278014067478203526-300x300.jpg 300w, https:\/\/somos-hermanos.mx\/wp-content\/uploads\/2026\/01\/img-20260126-wa00111278014067478203526-1024x1024.jpg 1024w, https:\/\/somos-hermanos.mx\/wp-content\/uploads\/2026\/01\/img-20260126-wa00111278014067478203526-150x150.jpg 150w, https:\/\/somos-hermanos.mx\/wp-content\/uploads\/2026\/01\/img-20260126-wa00111278014067478203526-768x768.jpg 768w, https:\/\/somos-hermanos.mx\/wp-content\/uploads\/2026\/01\/img-20260126-wa00111278014067478203526.jpg 1280w\" sizes=\"auto, (max-width: 300px) 100vw, 300px\" \/><\/p>\n","protected":false},"excerpt":{"rendered":"<p>Hace dos d\u00e9cadas se edific\u00f3 un centro determinado a contribuir al bienestar integral de las personas que enfrentan enfermedades en etapa avanzada. Aunque la historia de esta instituci\u00f3n comenz\u00f3 un a\u00f1o atr\u00e1s, el 31 de mayo de 2005, fue el 23 de enero de 2006 que se estructur\u00f3 oficialmente CECPAM IAP. Denominado por sus siglas [&hellip;]<\/p>\n","protected":false},"author":10,"featured_media":2629,"comment_status":"open","ping_status":"closed","sticky":false,"template":"","format":"standard","meta":{"footnotes":""},"categories":[6],"tags":[2663,3416,1900,40,3418,3419,3424,1569,3420,649,3417,1284,2793,3429,3415,3422,3423,3427,3428,3425,3426,3430,2025,3421],"class_list":["post-2632","post","type-post","status-publish","format-standard","has-post-thumbnail","hentry","category-noticias","tag-apoyo-tanatologico","tag-atencion-paliativa","tag-bienestar-integral","tag-calidad-de-vida","tag-cecpam-iap","tag-centro-de-cuidados-paliativos-de-mexico","tag-cursos-y-diplomados","tag-dignidad-humana","tag-ejes-principales","tag-estado-de-mexico","tag-etapa-avanzada","tag-modelo-de-atencion","tag-morelos","tag-mujeres-cuidadoras","tag-nom-011-ssa3-2014","tag-paciente-paliativo","tag-proceso-de-duelo","tag-programa-emergente","tag-recursos-humanos","tag-talleres-y-diplomados","tag-terapia-emocional","tag-tratamiento-curativo","tag-tratamiento-oportuno","tag-visita-domiciliaria"],"yoast_head":"<!-- This site is optimized with the Yoast SEO plugin v27.5 - https:\/\/yoast.com\/product\/yoast-seo-wordpress\/ -->\n<title>CECPAM IAP: 20 a\u00f1os sin acelerar ni posponer la muerte - Historias que inspiran...<\/title>\n<meta name=\"description\" content=\"La atenci\u00f3n paliativa en M\u00e9xico es un derecho humano y un servicio integral interdisciplinario regulada por la norma NOM-011-SSA3-2014\" \/>\n<meta name=\"robots\" content=\"index, follow, max-snippet:-1, max-image-preview:large, max-video-preview:-1\" \/>\n<link rel=\"canonical\" href=\"https:\/\/somos-hermanos.mx\/index.php\/2026\/01\/27\/cecpam-iap-20-anos-sin-acelerar-ni-posponer-la-muerte\/\" \/>\n<meta property=\"og:locale\" content=\"es_MX\" \/>\n<meta property=\"og:type\" content=\"article\" \/>\n<meta property=\"og:title\" content=\"CECPAM IAP: 20 a\u00f1os sin acelerar ni posponer la muerte - Historias que inspiran...\" \/>\n<meta property=\"og:description\" content=\"La atenci\u00f3n paliativa en M\u00e9xico es un derecho humano y un servicio integral interdisciplinario regulada por la norma NOM-011-SSA3-2014\" \/>\n<meta property=\"og:url\" content=\"https:\/\/somos-hermanos.mx\/index.php\/2026\/01\/27\/cecpam-iap-20-anos-sin-acelerar-ni-posponer-la-muerte\/\" \/>\n<meta property=\"og:site_name\" content=\"Historias que inspiran...\" \/>\n<meta property=\"article:publisher\" content=\"https:\/\/www.facebook.com\/SomosHermanosIAP\/\" \/>\n<meta property=\"article:published_time\" content=\"2026-01-27T08:00:20+00:00\" \/>\n<meta property=\"og:image\" content=\"https:\/\/somos-hermanos.mx\/wp-content\/uploads\/2026\/01\/img-20260126-wa00123668016001117603798.jpg\" \/>\n\t<meta property=\"og:image:width\" content=\"1080\" \/>\n\t<meta property=\"og:image:height\" content=\"1350\" \/>\n\t<meta property=\"og:image:type\" content=\"image\/jpeg\" \/>\n<meta name=\"author\" content=\"Carlos Hernandez Huerta\" \/>\n<meta name=\"twitter:card\" content=\"summary_large_image\" \/>\n<meta name=\"twitter:creator\" content=\"@Somos__Hermanos\" \/>\n<meta name=\"twitter:site\" content=\"@Somos__Hermanos\" \/>\n<meta name=\"twitter:label1\" content=\"Escrito por\" \/>\n\t<meta name=\"twitter:data1\" content=\"Carlos Hernandez Huerta\" \/>\n\t<meta name=\"twitter:label2\" content=\"Tiempo de lectura\" \/>\n\t<meta name=\"twitter:data2\" content=\"3 minutos\" \/>\n<script type=\"application\/ld+json\" class=\"yoast-schema-graph\">{\"@context\":\"https:\\\/\\\/schema.org\",\"@graph\":[{\"@type\":\"Article\",\"@id\":\"https:\\\/\\\/somos-hermanos.mx\\\/index.php\\\/2026\\\/01\\\/27\\\/cecpam-iap-20-anos-sin-acelerar-ni-posponer-la-muerte\\\/#article\",\"isPartOf\":{\"@id\":\"https:\\\/\\\/somos-hermanos.mx\\\/index.php\\\/2026\\\/01\\\/27\\\/cecpam-iap-20-anos-sin-acelerar-ni-posponer-la-muerte\\\/\"},\"author\":{\"name\":\"Carlos Hernandez Huerta\",\"@id\":\"https:\\\/\\\/somos-hermanos.mx\\\/#\\\/schema\\\/person\\\/2466d21e6ade208f45dbc821298d62b6\"},\"headline\":\"CECPAM IAP: 20 a\u00f1os sin acelerar ni posponer la muerte\",\"datePublished\":\"2026-01-27T08:00:20+00:00\",\"mainEntityOfPage\":{\"@id\":\"https:\\\/\\\/somos-hermanos.mx\\\/index.php\\\/2026\\\/01\\\/27\\\/cecpam-iap-20-anos-sin-acelerar-ni-posponer-la-muerte\\\/\"},\"wordCount\":416,\"commentCount\":0,\"publisher\":{\"@id\":\"https:\\\/\\\/somos-hermanos.mx\\\/#organization\"},\"image\":{\"@id\":\"https:\\\/\\\/somos-hermanos.mx\\\/index.php\\\/2026\\\/01\\\/27\\\/cecpam-iap-20-anos-sin-acelerar-ni-posponer-la-muerte\\\/#primaryimage\"},\"thumbnailUrl\":\"https:\\\/\\\/somos-hermanos.mx\\\/wp-content\\\/uploads\\\/2026\\\/01\\\/img-20260126-wa00123668016001117603798.jpg\",\"keywords\":[\"apoyo tanatol\u00f3gico\",\"atenci\u00f3n paliativa\",\"bienestar integral\",\"calidad de vida\",\"CECPAM IAP\",\"Centro de Cuidados Paliativos de M\u00e9xico\",\"Cursos y diplomados\",\"dignidad humana\",\"ejes principales\",\"Estado de M\u00e9xico\",\"etapa avanzada\",\"modelo de atenci\u00f3n\",\"Morelos\",\"mujeres cuidadoras\",\"NOM-011-SSA3-2014\",\"paciente paliativo\",\"proceso de duelo\",\"programa emergente\",\"recursos humanos\",\"talleres y diplomados\",\"Terapia emocional\",\"tratamiento curativo\",\"tratamiento oportuno\",\"Visita domiciliaria\"],\"articleSection\":[\"Noticias\"],\"inLanguage\":\"es\",\"potentialAction\":[{\"@type\":\"CommentAction\",\"name\":\"Comment\",\"target\":[\"https:\\\/\\\/somos-hermanos.mx\\\/index.php\\\/2026\\\/01\\\/27\\\/cecpam-iap-20-anos-sin-acelerar-ni-posponer-la-muerte\\\/#respond\"]}]},{\"@type\":\"WebPage\",\"@id\":\"https:\\\/\\\/somos-hermanos.mx\\\/index.php\\\/2026\\\/01\\\/27\\\/cecpam-iap-20-anos-sin-acelerar-ni-posponer-la-muerte\\\/\",\"url\":\"https:\\\/\\\/somos-hermanos.mx\\\/index.php\\\/2026\\\/01\\\/27\\\/cecpam-iap-20-anos-sin-acelerar-ni-posponer-la-muerte\\\/\",\"name\":\"CECPAM IAP: 20 a\u00f1os sin acelerar ni posponer la muerte - Historias que inspiran...\",\"isPartOf\":{\"@id\":\"https:\\\/\\\/somos-hermanos.mx\\\/#website\"},\"primaryImageOfPage\":{\"@id\":\"https:\\\/\\\/somos-hermanos.mx\\\/index.php\\\/2026\\\/01\\\/27\\\/cecpam-iap-20-anos-sin-acelerar-ni-posponer-la-muerte\\\/#primaryimage\"},\"image\":{\"@id\":\"https:\\\/\\\/somos-hermanos.mx\\\/index.php\\\/2026\\\/01\\\/27\\\/cecpam-iap-20-anos-sin-acelerar-ni-posponer-la-muerte\\\/#primaryimage\"},\"thumbnailUrl\":\"https:\\\/\\\/somos-hermanos.mx\\\/wp-content\\\/uploads\\\/2026\\\/01\\\/img-20260126-wa00123668016001117603798.jpg\",\"datePublished\":\"2026-01-27T08:00:20+00:00\",\"description\":\"La atenci\u00f3n paliativa en M\u00e9xico es un derecho humano y un servicio integral interdisciplinario regulada por la norma NOM-011-SSA3-2014\",\"breadcrumb\":{\"@id\":\"https:\\\/\\\/somos-hermanos.mx\\\/index.php\\\/2026\\\/01\\\/27\\\/cecpam-iap-20-anos-sin-acelerar-ni-posponer-la-muerte\\\/#breadcrumb\"},\"inLanguage\":\"es\",\"potentialAction\":[{\"@type\":\"ReadAction\",\"target\":[\"https:\\\/\\\/somos-hermanos.mx\\\/index.php\\\/2026\\\/01\\\/27\\\/cecpam-iap-20-anos-sin-acelerar-ni-posponer-la-muerte\\\/\"]}]},{\"@type\":\"ImageObject\",\"inLanguage\":\"es\",\"@id\":\"https:\\\/\\\/somos-hermanos.mx\\\/index.php\\\/2026\\\/01\\\/27\\\/cecpam-iap-20-anos-sin-acelerar-ni-posponer-la-muerte\\\/#primaryimage\",\"url\":\"https:\\\/\\\/somos-hermanos.mx\\\/wp-content\\\/uploads\\\/2026\\\/01\\\/img-20260126-wa00123668016001117603798.jpg\",\"contentUrl\":\"https:\\\/\\\/somos-hermanos.mx\\\/wp-content\\\/uploads\\\/2026\\\/01\\\/img-20260126-wa00123668016001117603798.jpg\",\"width\":1080,\"height\":1350},{\"@type\":\"BreadcrumbList\",\"@id\":\"https:\\\/\\\/somos-hermanos.mx\\\/index.php\\\/2026\\\/01\\\/27\\\/cecpam-iap-20-anos-sin-acelerar-ni-posponer-la-muerte\\\/#breadcrumb\",\"itemListElement\":[{\"@type\":\"ListItem\",\"position\":1,\"name\":\"Inicio\",\"item\":\"https:\\\/\\\/somos-hermanos.mx\\\/\"},{\"@type\":\"ListItem\",\"position\":2,\"name\":\"CECPAM IAP: 20 a\u00f1os sin acelerar ni posponer la muerte\"}]},{\"@type\":\"WebSite\",\"@id\":\"https:\\\/\\\/somos-hermanos.mx\\\/#website\",\"url\":\"https:\\\/\\\/somos-hermanos.mx\\\/\",\"name\":\"Historias que inspiran...\",\"description\":\"Somos la voz del altruismo en M\u00e9xico\",\"publisher\":{\"@id\":\"https:\\\/\\\/somos-hermanos.mx\\\/#organization\"},\"potentialAction\":[{\"@type\":\"SearchAction\",\"target\":{\"@type\":\"EntryPoint\",\"urlTemplate\":\"https:\\\/\\\/somos-hermanos.mx\\\/?s={search_term_string}\"},\"query-input\":{\"@type\":\"PropertyValueSpecification\",\"valueRequired\":true,\"valueName\":\"search_term_string\"}}],\"inLanguage\":\"es\"},{\"@type\":\"Organization\",\"@id\":\"https:\\\/\\\/somos-hermanos.mx\\\/#organization\",\"name\":\"Somos Hermanos\",\"url\":\"https:\\\/\\\/somos-hermanos.mx\\\/\",\"logo\":{\"@type\":\"ImageObject\",\"inLanguage\":\"es\",\"@id\":\"https:\\\/\\\/somos-hermanos.mx\\\/#\\\/schema\\\/logo\\\/image\\\/\",\"url\":\"https:\\\/\\\/somos-hermanos.mx\\\/wp-content\\\/uploads\\\/2025\\\/08\\\/SH30-1.jpeg\",\"contentUrl\":\"https:\\\/\\\/somos-hermanos.mx\\\/wp-content\\\/uploads\\\/2025\\\/08\\\/SH30-1.jpeg\",\"width\":1600,\"height\":1142,\"caption\":\"Somos Hermanos\"},\"image\":{\"@id\":\"https:\\\/\\\/somos-hermanos.mx\\\/#\\\/schema\\\/logo\\\/image\\\/\"},\"sameAs\":[\"https:\\\/\\\/www.facebook.com\\\/SomosHermanosIAP\\\/\",\"https:\\\/\\\/x.com\\\/Somos__Hermanos\",\"https:\\\/\\\/www.instagram.com\\\/somos__hermanos\\\/#\",\"https:\\\/\\\/www.tiktok.com\\\/@somoshermanosiap\",\"https:\\\/\\\/www.youtube.com\\\/@somoshermanosiap1201\\\/videos\"]},{\"@type\":\"Person\",\"@id\":\"https:\\\/\\\/somos-hermanos.mx\\\/#\\\/schema\\\/person\\\/2466d21e6ade208f45dbc821298d62b6\",\"name\":\"Carlos Hernandez Huerta\",\"image\":{\"@type\":\"ImageObject\",\"inLanguage\":\"es\",\"@id\":\"https:\\\/\\\/secure.gravatar.com\\\/avatar\\\/51f6e8e89626306c560ccd8823655e34da99a1f976b5f71bb93591c6b45fd128?s=96&d=mm&r=g\",\"url\":\"https:\\\/\\\/secure.gravatar.com\\\/avatar\\\/51f6e8e89626306c560ccd8823655e34da99a1f976b5f71bb93591c6b45fd128?s=96&d=mm&r=g\",\"contentUrl\":\"https:\\\/\\\/secure.gravatar.com\\\/avatar\\\/51f6e8e89626306c560ccd8823655e34da99a1f976b5f71bb93591c6b45fd128?s=96&d=mm&r=g\",\"caption\":\"Carlos Hernandez Huerta\"},\"url\":\"https:\\\/\\\/somos-hermanos.mx\\\/index.php\\\/author\\\/carlos-hernandez-huerta\\\/\"}]}<\/script>\n<!-- \/ Yoast SEO plugin. -->","yoast_head_json":{"title":"CECPAM IAP: 20 a\u00f1os sin acelerar ni posponer la muerte - Historias que inspiran...","description":"La atenci\u00f3n paliativa en M\u00e9xico es un derecho humano y un servicio integral interdisciplinario regulada por la norma NOM-011-SSA3-2014","robots":{"index":"index","follow":"follow","max-snippet":"max-snippet:-1","max-image-preview":"max-image-preview:large","max-video-preview":"max-video-preview:-1"},"canonical":"https:\/\/somos-hermanos.mx\/index.php\/2026\/01\/27\/cecpam-iap-20-anos-sin-acelerar-ni-posponer-la-muerte\/","og_locale":"es_MX","og_type":"article","og_title":"CECPAM IAP: 20 a\u00f1os sin acelerar ni posponer la muerte - Historias que inspiran...","og_description":"La atenci\u00f3n paliativa en M\u00e9xico es un derecho humano y un servicio integral interdisciplinario regulada por la norma NOM-011-SSA3-2014","og_url":"https:\/\/somos-hermanos.mx\/index.php\/2026\/01\/27\/cecpam-iap-20-anos-sin-acelerar-ni-posponer-la-muerte\/","og_site_name":"Historias que inspiran...","article_publisher":"https:\/\/www.facebook.com\/SomosHermanosIAP\/","article_published_time":"2026-01-27T08:00:20+00:00","og_image":[{"width":1080,"height":1350,"url":"https:\/\/somos-hermanos.mx\/wp-content\/uploads\/2026\/01\/img-20260126-wa00123668016001117603798.jpg","type":"image\/jpeg"}],"author":"Carlos Hernandez Huerta","twitter_card":"summary_large_image","twitter_creator":"@Somos__Hermanos","twitter_site":"@Somos__Hermanos","twitter_misc":{"Escrito por":"Carlos Hernandez Huerta","Tiempo de lectura":"3 minutos"},"schema":{"@context":"https:\/\/schema.org","@graph":[{"@type":"Article","@id":"https:\/\/somos-hermanos.mx\/index.php\/2026\/01\/27\/cecpam-iap-20-anos-sin-acelerar-ni-posponer-la-muerte\/#article","isPartOf":{"@id":"https:\/\/somos-hermanos.mx\/index.php\/2026\/01\/27\/cecpam-iap-20-anos-sin-acelerar-ni-posponer-la-muerte\/"},"author":{"name":"Carlos Hernandez Huerta","@id":"https:\/\/somos-hermanos.mx\/#\/schema\/person\/2466d21e6ade208f45dbc821298d62b6"},"headline":"CECPAM IAP: 20 a\u00f1os sin acelerar ni posponer la muerte","datePublished":"2026-01-27T08:00:20+00:00","mainEntityOfPage":{"@id":"https:\/\/somos-hermanos.mx\/index.php\/2026\/01\/27\/cecpam-iap-20-anos-sin-acelerar-ni-posponer-la-muerte\/"},"wordCount":416,"commentCount":0,"publisher":{"@id":"https:\/\/somos-hermanos.mx\/#organization"},"image":{"@id":"https:\/\/somos-hermanos.mx\/index.php\/2026\/01\/27\/cecpam-iap-20-anos-sin-acelerar-ni-posponer-la-muerte\/#primaryimage"},"thumbnailUrl":"https:\/\/somos-hermanos.mx\/wp-content\/uploads\/2026\/01\/img-20260126-wa00123668016001117603798.jpg","keywords":["apoyo tanatol\u00f3gico","atenci\u00f3n paliativa","bienestar integral","calidad de vida","CECPAM IAP","Centro de Cuidados Paliativos de M\u00e9xico","Cursos y diplomados","dignidad humana","ejes principales","Estado de M\u00e9xico","etapa avanzada","modelo de atenci\u00f3n","Morelos","mujeres cuidadoras","NOM-011-SSA3-2014","paciente paliativo","proceso de duelo","programa emergente","recursos humanos","talleres y diplomados","Terapia emocional","tratamiento curativo","tratamiento oportuno","Visita domiciliaria"],"articleSection":["Noticias"],"inLanguage":"es","potentialAction":[{"@type":"CommentAction","name":"Comment","target":["https:\/\/somos-hermanos.mx\/index.php\/2026\/01\/27\/cecpam-iap-20-anos-sin-acelerar-ni-posponer-la-muerte\/#respond"]}]},{"@type":"WebPage","@id":"https:\/\/somos-hermanos.mx\/index.php\/2026\/01\/27\/cecpam-iap-20-anos-sin-acelerar-ni-posponer-la-muerte\/","url":"https:\/\/somos-hermanos.mx\/index.php\/2026\/01\/27\/cecpam-iap-20-anos-sin-acelerar-ni-posponer-la-muerte\/","name":"CECPAM IAP: 20 a\u00f1os sin acelerar ni posponer la muerte - Historias que inspiran...","isPartOf":{"@id":"https:\/\/somos-hermanos.mx\/#website"},"primaryImageOfPage":{"@id":"https:\/\/somos-hermanos.mx\/index.php\/2026\/01\/27\/cecpam-iap-20-anos-sin-acelerar-ni-posponer-la-muerte\/#primaryimage"},"image":{"@id":"https:\/\/somos-hermanos.mx\/index.php\/2026\/01\/27\/cecpam-iap-20-anos-sin-acelerar-ni-posponer-la-muerte\/#primaryimage"},"thumbnailUrl":"https:\/\/somos-hermanos.mx\/wp-content\/uploads\/2026\/01\/img-20260126-wa00123668016001117603798.jpg","datePublished":"2026-01-27T08:00:20+00:00","description":"La atenci\u00f3n paliativa en M\u00e9xico es un derecho humano y un servicio integral interdisciplinario regulada por la norma NOM-011-SSA3-2014","breadcrumb":{"@id":"https:\/\/somos-hermanos.mx\/index.php\/2026\/01\/27\/cecpam-iap-20-anos-sin-acelerar-ni-posponer-la-muerte\/#breadcrumb"},"inLanguage":"es","potentialAction":[{"@type":"ReadAction","target":["https:\/\/somos-hermanos.mx\/index.php\/2026\/01\/27\/cecpam-iap-20-anos-sin-acelerar-ni-posponer-la-muerte\/"]}]},{"@type":"ImageObject","inLanguage":"es","@id":"https:\/\/somos-hermanos.mx\/index.php\/2026\/01\/27\/cecpam-iap-20-anos-sin-acelerar-ni-posponer-la-muerte\/#primaryimage","url":"https:\/\/somos-hermanos.mx\/wp-content\/uploads\/2026\/01\/img-20260126-wa00123668016001117603798.jpg","contentUrl":"https:\/\/somos-hermanos.mx\/wp-content\/uploads\/2026\/01\/img-20260126-wa00123668016001117603798.jpg","width":1080,"height":1350},{"@type":"BreadcrumbList","@id":"https:\/\/somos-hermanos.mx\/index.php\/2026\/01\/27\/cecpam-iap-20-anos-sin-acelerar-ni-posponer-la-muerte\/#breadcrumb","itemListElement":[{"@type":"ListItem","position":1,"name":"Inicio","item":"https:\/\/somos-hermanos.mx\/"},{"@type":"ListItem","position":2,"name":"CECPAM IAP: 20 a\u00f1os sin acelerar ni posponer la muerte"}]},{"@type":"WebSite","@id":"https:\/\/somos-hermanos.mx\/#website","url":"https:\/\/somos-hermanos.mx\/","name":"Historias que inspiran...","description":"Somos la voz del altruismo en M\u00e9xico","publisher":{"@id":"https:\/\/somos-hermanos.mx\/#organization"},"potentialAction":[{"@type":"SearchAction","target":{"@type":"EntryPoint","urlTemplate":"https:\/\/somos-hermanos.mx\/?s={search_term_string}"},"query-input":{"@type":"PropertyValueSpecification","valueRequired":true,"valueName":"search_term_string"}}],"inLanguage":"es"},{"@type":"Organization","@id":"https:\/\/somos-hermanos.mx\/#organization","name":"Somos Hermanos","url":"https:\/\/somos-hermanos.mx\/","logo":{"@type":"ImageObject","inLanguage":"es","@id":"https:\/\/somos-hermanos.mx\/#\/schema\/logo\/image\/","url":"https:\/\/somos-hermanos.mx\/wp-content\/uploads\/2025\/08\/SH30-1.jpeg","contentUrl":"https:\/\/somos-hermanos.mx\/wp-content\/uploads\/2025\/08\/SH30-1.jpeg","width":1600,"height":1142,"caption":"Somos Hermanos"},"image":{"@id":"https:\/\/somos-hermanos.mx\/#\/schema\/logo\/image\/"},"sameAs":["https:\/\/www.facebook.com\/SomosHermanosIAP\/","https:\/\/x.com\/Somos__Hermanos","https:\/\/www.instagram.com\/somos__hermanos\/#","https:\/\/www.tiktok.com\/@somoshermanosiap","https:\/\/www.youtube.com\/@somoshermanosiap1201\/videos"]},{"@type":"Person","@id":"https:\/\/somos-hermanos.mx\/#\/schema\/person\/2466d21e6ade208f45dbc821298d62b6","name":"Carlos Hernandez Huerta","image":{"@type":"ImageObject","inLanguage":"es","@id":"https:\/\/secure.gravatar.com\/avatar\/51f6e8e89626306c560ccd8823655e34da99a1f976b5f71bb93591c6b45fd128?s=96&d=mm&r=g","url":"https:\/\/secure.gravatar.com\/avatar\/51f6e8e89626306c560ccd8823655e34da99a1f976b5f71bb93591c6b45fd128?s=96&d=mm&r=g","contentUrl":"https:\/\/secure.gravatar.com\/avatar\/51f6e8e89626306c560ccd8823655e34da99a1f976b5f71bb93591c6b45fd128?s=96&d=mm&r=g","caption":"Carlos Hernandez Huerta"},"url":"https:\/\/somos-hermanos.mx\/index.php\/author\/carlos-hernandez-huerta\/"}]}},"_links":{"self":[{"href":"https:\/\/somos-hermanos.mx\/index.php\/wp-json\/wp\/v2\/posts\/2632","targetHints":{"allow":["GET"]}}],"collection":[{"href":"https:\/\/somos-hermanos.mx\/index.php\/wp-json\/wp\/v2\/posts"}],"about":[{"href":"https:\/\/somos-hermanos.mx\/index.php\/wp-json\/wp\/v2\/types\/post"}],"author":[{"embeddable":true,"href":"https:\/\/somos-hermanos.mx\/index.php\/wp-json\/wp\/v2\/users\/10"}],"replies":[{"embeddable":true,"href":"https:\/\/somos-hermanos.mx\/index.php\/wp-json\/wp\/v2\/comments?post=2632"}],"version-history":[{"count":1,"href":"https:\/\/somos-hermanos.mx\/index.php\/wp-json\/wp\/v2\/posts\/2632\/revisions"}],"predecessor-version":[{"id":2633,"href":"https:\/\/somos-hermanos.mx\/index.php\/wp-json\/wp\/v2\/posts\/2632\/revisions\/2633"}],"wp:featuredmedia":[{"embeddable":true,"href":"https:\/\/somos-hermanos.mx\/index.php\/wp-json\/wp\/v2\/media\/2629"}],"wp:attachment":[{"href":"https:\/\/somos-hermanos.mx\/index.php\/wp-json\/wp\/v2\/media?parent=2632"}],"wp:term":[{"taxonomy":"category","embeddable":true,"href":"https:\/\/somos-hermanos.mx\/index.php\/wp-json\/wp\/v2\/categories?post=2632"},{"taxonomy":"post_tag","embeddable":true,"href":"https:\/\/somos-hermanos.mx\/index.php\/wp-json\/wp\/v2\/tags?post=2632"}],"curies":[{"name":"wp","href":"https:\/\/api.w.org\/{rel}","templated":true}]}}