{"id":2621,"date":"2026-01-26T02:00:17","date_gmt":"2026-01-26T08:00:17","guid":{"rendered":"https:\/\/somos-hermanos.mx\/?p=2621"},"modified":"2026-01-23T23:02:28","modified_gmt":"2026-01-24T05:02:28","slug":"los-nominados-a-caracol-de-plata-2026-seran","status":"publish","type":"post","link":"https:\/\/somos-hermanos.mx\/index.php\/2026\/01\/26\/los-nominados-a-caracol-de-plata-2026-seran\/","title":{"rendered":"Los nominados a Caracol de Plata 2026 ser\u00e1n&#8230;"},"content":{"rendered":"<p>El Centro Mexicano para la Filantrop\u00eda (Cemefi) y su programa, Caracol de Plata\u00ae, abre oficialmente la convocatoria para participar en el\u00a0<strong>Reconocimiento Iberoamericano Caracol de Plata 2026<\/strong>, el certamen que reconoce las mejores campa\u00f1as de comunicaci\u00f3n social realizadas por empresas, agencias, instituciones y estudiantes en Iberoam\u00e9rica.<\/p>\n<p>El concurso busca destacar proyectos que, mediante estrategias creativas y efectivas de comunicaci\u00f3n, promuevan el cambio social positivo y contribuyan a la soluci\u00f3n de problem\u00e1ticas relevantes en la regi\u00f3n.<\/p>\n<p><strong>QUI\u00c9NES PUEDEN PARTICIPAR<\/strong><\/p>\n<ul>\n<li><strong>Empresas Privadas y Organizaciones de la Sociedad Civil<\/strong>: campa\u00f1as de comunicaci\u00f3n con impacto social.<\/li>\n<li><strong>Agencias de publicidad y comunicaci\u00f3n<\/strong>: proyectos desarrollados para clientes con causa social.<\/li>\n<li><strong>Estudiantes universitarios<\/strong>: Tema 2026: \u201c<em>El Voluntariado empieza contigo<\/em>\u201d<\/li>\n<\/ul>\n<p><strong>Fechas clave<\/strong><\/p>\n<ul>\n<li><strong>Apertura de convocatoria:<\/strong>\u00a021 de enero de 2026<\/li>\n<li><strong>Cierre de inscripciones:<\/strong>\u00a031 de marzo de 2026<\/li>\n<li><strong>Ceremonia de premiaci\u00f3n:<\/strong>\u00a0Finales de agosto de 2026, Auditorio Bolsa Mexicana de Valores CDMX M\u00e9xico<\/li>\n<\/ul>\n<p>\u201cLa comunicaci\u00f3n tiene la capacidad de abrir miradas, generar empat\u00eda y transformar realidades. En Cemefi trabajamos para visibilizar causas que inspiran acci\u00f3n y compromiso social. Con el Caracol de Plata\u00ae, reconocemos a quienes utilizan la comunicaci\u00f3n con causa para impulsar una sociedad m\u00e1s responsable, con la participaci\u00f3n activa de empresas, organizaciones y ciudadan\u00eda\u201d, afirm\u00f3 Ricardo Bucio M\u00fajica, presidente ejecutivo de Cemefi.<\/p>\n<p>\u201cEn el Grupo Bolsa Mexicana de Valores creemos firmemente que la comunicaci\u00f3n con causa y la educaci\u00f3n financiera son herramientas clave para generar impacto social. Por ello, nos honra acompa\u00f1ar una nueva edici\u00f3n del Premio Caracol de Plata\u00ae, una iniciativa que reconoce ideas capaces de informar, sensibilizar y transformar la sociedad.\u201d, coment\u00f3 Jorge Alegr\u00eda Formoso, director general del Grupo BMV.<\/p>\n<p>Por su parte, Salvador Villalobos,\u00a0presidente ejecutivo\u00a0del Consejo de la Comunicaci\u00f3n se\u00f1al\u00f3: \u201cHoy en d\u00eda, las empresas buscan cumplir con su responsabilidad social y econ\u00f3mica, aportando al desarrollo de M\u00e9xico y mejorando la calidad de vida de miles de familias. Una forma clave de apoyar a la sociedad es mediante la difusi\u00f3n de mensajes con impacto positivo. Por ello, iniciativas como el Reconocimiento Iberoamericano Caracol de Plata\u00ae resultan fundamentales, ya que inspiran a las organizaciones a comprometerse y asumir plenamente su dimensi\u00f3n social, utilizando una de las herramientas m\u00e1s poderosas: la comunicaci\u00f3n responsable.\u201d<\/p>\n","protected":false},"excerpt":{"rendered":"<p>El Centro Mexicano para la Filantrop\u00eda (Cemefi) y su programa, Caracol de Plata\u00ae, abre oficialmente la convocatoria para participar en el\u00a0Reconocimiento Iberoamericano Caracol de Plata 2026, el certamen que reconoce las mejores campa\u00f1as de comunicaci\u00f3n social realizadas por empresas, agencias, instituciones y estudiantes en Iberoam\u00e9rica. El concurso busca destacar proyectos que, mediante estrategias creativas y [&hellip;]<\/p>\n","protected":false},"author":25,"featured_media":0,"comment_status":"open","ping_status":"closed","sticky":false,"template":"","format":"standard","meta":{"footnotes":""},"categories":[6],"tags":[3402,3407,3409,2205,1527,3398,1536,150,149,449,3411,3414,3399,3408,3282,3406,3404,1538,3412,810,3403,3401,630,1128,3400,1537,3413,3405,1119,3410],"class_list":["post-2621","post","type-post","status-publish","format-standard","hentry","category-noticias","tag-agencias","tag-agencias-de-publicidad","tag-auditorio-bolsa-mexicana-de-valores","tag-cambio-social","tag-caracol-de-plata","tag-caracol-de-plata-2026","tag-causa-social","tag-cemefi","tag-centro-mexicano-para-la-filantropia","tag-compromiso-social","tag-comunicacion-con-causa","tag-consejo-de-la-comunicacio","tag-convocatoria","tag-el-voluntariado-empieza-contigo","tag-empresas","tag-empresas-privadas","tag-estrategias-creativas","tag-grupo-bmv","tag-grupo-bolsa-mexicana-de-valores","tag-impacto-social","tag-instituciones","tag-mejores-campanas-de-comunicacion-social","tag-organizaciones-de-la-sociedad-civil","tag-osc","tag-reconocimiento-iberoamericano","tag-ricardo-bucio","tag-salvador-villalobos","tag-solucion-de-problematicas","tag-transformar-realidades","tag-visibilizar-causas"],"yoast_head":"<!-- This site is optimized with the Yoast SEO plugin v27.5 - https:\/\/yoast.com\/product\/yoast-seo-wordpress\/ -->\n<title>Los nominados a Caracol de Plata 2026 ser\u00e1n... - Historias que inspiran...<\/title>\n<meta name=\"description\" content=\"Cemefi abre oficialmente la convocatoria para participar en el\u00a0Reconocimiento Iberoamericano Caracol de Plata 2026\" \/>\n<meta name=\"robots\" content=\"index, follow, max-snippet:-1, max-image-preview:large, max-video-preview:-1\" \/>\n<link rel=\"canonical\" href=\"https:\/\/somos-hermanos.mx\/index.php\/2026\/01\/26\/los-nominados-a-caracol-de-plata-2026-seran\/\" \/>\n<meta property=\"og:locale\" content=\"es_MX\" \/>\n<meta property=\"og:type\" content=\"article\" \/>\n<meta property=\"og:title\" content=\"Los nominados a Caracol de Plata 2026 ser\u00e1n... - Historias que inspiran...\" \/>\n<meta property=\"og:description\" content=\"Cemefi abre oficialmente la convocatoria para participar en el\u00a0Reconocimiento Iberoamericano Caracol de Plata 2026\" \/>\n<meta property=\"og:url\" content=\"https:\/\/somos-hermanos.mx\/index.php\/2026\/01\/26\/los-nominados-a-caracol-de-plata-2026-seran\/\" \/>\n<meta property=\"og:site_name\" content=\"Historias que inspiran...\" \/>\n<meta property=\"article:publisher\" content=\"https:\/\/www.facebook.com\/SomosHermanosIAP\/\" \/>\n<meta property=\"article:published_time\" content=\"2026-01-26T08:00:17+00:00\" \/>\n<meta name=\"author\" content=\"Ricardo Mart\u00ednez Ram\u00edrez\" \/>\n<meta name=\"twitter:card\" content=\"summary_large_image\" \/>\n<meta name=\"twitter:creator\" content=\"@Somos__Hermanos\" \/>\n<meta name=\"twitter:site\" content=\"@Somos__Hermanos\" \/>\n<meta name=\"twitter:label1\" content=\"Escrito por\" \/>\n\t<meta name=\"twitter:data1\" content=\"Ricardo Mart\u00ednez Ram\u00edrez\" \/>\n\t<meta name=\"twitter:label2\" content=\"Tiempo de lectura\" \/>\n\t<meta name=\"twitter:data2\" content=\"2 minutos\" \/>\n<script type=\"application\/ld+json\" class=\"yoast-schema-graph\">{\"@context\":\"https:\\\/\\\/schema.org\",\"@graph\":[{\"@type\":\"Article\",\"@id\":\"https:\\\/\\\/somos-hermanos.mx\\\/index.php\\\/2026\\\/01\\\/26\\\/los-nominados-a-caracol-de-plata-2026-seran\\\/#article\",\"isPartOf\":{\"@id\":\"https:\\\/\\\/somos-hermanos.mx\\\/index.php\\\/2026\\\/01\\\/26\\\/los-nominados-a-caracol-de-plata-2026-seran\\\/\"},\"author\":{\"name\":\"Ricardo Mart\u00ednez Ram\u00edrez\",\"@id\":\"https:\\\/\\\/somos-hermanos.mx\\\/#\\\/schema\\\/person\\\/8f173caf3165cc629ef3803568901def\"},\"headline\":\"Los nominados a Caracol de Plata 2026 ser\u00e1n&#8230;\",\"datePublished\":\"2026-01-26T08:00:17+00:00\",\"mainEntityOfPage\":{\"@id\":\"https:\\\/\\\/somos-hermanos.mx\\\/index.php\\\/2026\\\/01\\\/26\\\/los-nominados-a-caracol-de-plata-2026-seran\\\/\"},\"wordCount\":397,\"commentCount\":0,\"publisher\":{\"@id\":\"https:\\\/\\\/somos-hermanos.mx\\\/#organization\"},\"keywords\":[\"agencias\",\"Agencias de publicidad\",\"Auditorio Bolsa Mexicana de Valores\",\"cambio social\",\"Caracol de Plata\",\"Caracol de Plata 2026\",\"causa social\",\"CEMEFI\",\"Centro Mexicano para la Filantrop\u00eda\",\"compromiso social\",\"comunicaci\u00f3n con causa\",\"Consejo de la Comunicaci\u00f3\",\"convocatoria\",\"El Voluntariado empieza contigo\",\"empresas\",\"Empresas Privadas\",\"estrategias creativas\",\"Grupo BMV\",\"Grupo Bolsa Mexicana de Valores\",\"impacto social\",\"instituciones\",\"mejores campa\u00f1as de comunicaci\u00f3n social\",\"Organizaciones de la Sociedad Civil\",\"OSC\",\"Reconocimiento Iberoamericano\",\"Ricardo Bucio\",\"Salvador Villalobos\",\"soluci\u00f3n de problem\u00e1ticas\",\"transformar realidades\",\"visibilizar causas\"],\"articleSection\":[\"Noticias\"],\"inLanguage\":\"es\",\"potentialAction\":[{\"@type\":\"CommentAction\",\"name\":\"Comment\",\"target\":[\"https:\\\/\\\/somos-hermanos.mx\\\/index.php\\\/2026\\\/01\\\/26\\\/los-nominados-a-caracol-de-plata-2026-seran\\\/#respond\"]}]},{\"@type\":\"WebPage\",\"@id\":\"https:\\\/\\\/somos-hermanos.mx\\\/index.php\\\/2026\\\/01\\\/26\\\/los-nominados-a-caracol-de-plata-2026-seran\\\/\",\"url\":\"https:\\\/\\\/somos-hermanos.mx\\\/index.php\\\/2026\\\/01\\\/26\\\/los-nominados-a-caracol-de-plata-2026-seran\\\/\",\"name\":\"Los nominados a Caracol de Plata 2026 ser\u00e1n... - Historias que inspiran...\",\"isPartOf\":{\"@id\":\"https:\\\/\\\/somos-hermanos.mx\\\/#website\"},\"datePublished\":\"2026-01-26T08:00:17+00:00\",\"description\":\"Cemefi abre oficialmente la convocatoria para participar en el\u00a0Reconocimiento Iberoamericano Caracol de Plata 2026\",\"breadcrumb\":{\"@id\":\"https:\\\/\\\/somos-hermanos.mx\\\/index.php\\\/2026\\\/01\\\/26\\\/los-nominados-a-caracol-de-plata-2026-seran\\\/#breadcrumb\"},\"inLanguage\":\"es\",\"potentialAction\":[{\"@type\":\"ReadAction\",\"target\":[\"https:\\\/\\\/somos-hermanos.mx\\\/index.php\\\/2026\\\/01\\\/26\\\/los-nominados-a-caracol-de-plata-2026-seran\\\/\"]}]},{\"@type\":\"BreadcrumbList\",\"@id\":\"https:\\\/\\\/somos-hermanos.mx\\\/index.php\\\/2026\\\/01\\\/26\\\/los-nominados-a-caracol-de-plata-2026-seran\\\/#breadcrumb\",\"itemListElement\":[{\"@type\":\"ListItem\",\"position\":1,\"name\":\"Inicio\",\"item\":\"https:\\\/\\\/somos-hermanos.mx\\\/\"},{\"@type\":\"ListItem\",\"position\":2,\"name\":\"Los nominados a Caracol de Plata 2026 ser\u00e1n&#8230;\"}]},{\"@type\":\"WebSite\",\"@id\":\"https:\\\/\\\/somos-hermanos.mx\\\/#website\",\"url\":\"https:\\\/\\\/somos-hermanos.mx\\\/\",\"name\":\"Historias que inspiran...\",\"description\":\"Somos la voz del altruismo en M\u00e9xico\",\"publisher\":{\"@id\":\"https:\\\/\\\/somos-hermanos.mx\\\/#organization\"},\"potentialAction\":[{\"@type\":\"SearchAction\",\"target\":{\"@type\":\"EntryPoint\",\"urlTemplate\":\"https:\\\/\\\/somos-hermanos.mx\\\/?s={search_term_string}\"},\"query-input\":{\"@type\":\"PropertyValueSpecification\",\"valueRequired\":true,\"valueName\":\"search_term_string\"}}],\"inLanguage\":\"es\"},{\"@type\":\"Organization\",\"@id\":\"https:\\\/\\\/somos-hermanos.mx\\\/#organization\",\"name\":\"Somos Hermanos\",\"url\":\"https:\\\/\\\/somos-hermanos.mx\\\/\",\"logo\":{\"@type\":\"ImageObject\",\"inLanguage\":\"es\",\"@id\":\"https:\\\/\\\/somos-hermanos.mx\\\/#\\\/schema\\\/logo\\\/image\\\/\",\"url\":\"https:\\\/\\\/somos-hermanos.mx\\\/wp-content\\\/uploads\\\/2025\\\/08\\\/SH30-1.jpeg\",\"contentUrl\":\"https:\\\/\\\/somos-hermanos.mx\\\/wp-content\\\/uploads\\\/2025\\\/08\\\/SH30-1.jpeg\",\"width\":1600,\"height\":1142,\"caption\":\"Somos Hermanos\"},\"image\":{\"@id\":\"https:\\\/\\\/somos-hermanos.mx\\\/#\\\/schema\\\/logo\\\/image\\\/\"},\"sameAs\":[\"https:\\\/\\\/www.facebook.com\\\/SomosHermanosIAP\\\/\",\"https:\\\/\\\/x.com\\\/Somos__Hermanos\",\"https:\\\/\\\/www.instagram.com\\\/somos__hermanos\\\/#\",\"https:\\\/\\\/www.tiktok.com\\\/@somoshermanosiap\",\"https:\\\/\\\/www.youtube.com\\\/@somoshermanosiap1201\\\/videos\"]},{\"@type\":\"Person\",\"@id\":\"https:\\\/\\\/somos-hermanos.mx\\\/#\\\/schema\\\/person\\\/8f173caf3165cc629ef3803568901def\",\"name\":\"Ricardo Mart\u00ednez Ram\u00edrez\",\"image\":{\"@type\":\"ImageObject\",\"inLanguage\":\"es\",\"@id\":\"https:\\\/\\\/secure.gravatar.com\\\/avatar\\\/6ed8168d80af8603b51892c57b44e62148260531576c3eb92aa1298119d9c0f9?s=96&d=mm&r=g\",\"url\":\"https:\\\/\\\/secure.gravatar.com\\\/avatar\\\/6ed8168d80af8603b51892c57b44e62148260531576c3eb92aa1298119d9c0f9?s=96&d=mm&r=g\",\"contentUrl\":\"https:\\\/\\\/secure.gravatar.com\\\/avatar\\\/6ed8168d80af8603b51892c57b44e62148260531576c3eb92aa1298119d9c0f9?s=96&d=mm&r=g\",\"caption\":\"Ricardo Mart\u00ednez Ram\u00edrez\"},\"url\":\"https:\\\/\\\/somos-hermanos.mx\\\/index.php\\\/author\\\/ricardo-martinez-ramirez\\\/\"}]}<\/script>\n<!-- \/ Yoast SEO plugin. -->","yoast_head_json":{"title":"Los nominados a Caracol de Plata 2026 ser\u00e1n... - Historias que inspiran...","description":"Cemefi abre oficialmente la convocatoria para participar en el\u00a0Reconocimiento Iberoamericano Caracol de Plata 2026","robots":{"index":"index","follow":"follow","max-snippet":"max-snippet:-1","max-image-preview":"max-image-preview:large","max-video-preview":"max-video-preview:-1"},"canonical":"https:\/\/somos-hermanos.mx\/index.php\/2026\/01\/26\/los-nominados-a-caracol-de-plata-2026-seran\/","og_locale":"es_MX","og_type":"article","og_title":"Los nominados a Caracol de Plata 2026 ser\u00e1n... - Historias que inspiran...","og_description":"Cemefi abre oficialmente la convocatoria para participar en el\u00a0Reconocimiento Iberoamericano Caracol de Plata 2026","og_url":"https:\/\/somos-hermanos.mx\/index.php\/2026\/01\/26\/los-nominados-a-caracol-de-plata-2026-seran\/","og_site_name":"Historias que inspiran...","article_publisher":"https:\/\/www.facebook.com\/SomosHermanosIAP\/","article_published_time":"2026-01-26T08:00:17+00:00","author":"Ricardo Mart\u00ednez Ram\u00edrez","twitter_card":"summary_large_image","twitter_creator":"@Somos__Hermanos","twitter_site":"@Somos__Hermanos","twitter_misc":{"Escrito por":"Ricardo Mart\u00ednez Ram\u00edrez","Tiempo de lectura":"2 minutos"},"schema":{"@context":"https:\/\/schema.org","@graph":[{"@type":"Article","@id":"https:\/\/somos-hermanos.mx\/index.php\/2026\/01\/26\/los-nominados-a-caracol-de-plata-2026-seran\/#article","isPartOf":{"@id":"https:\/\/somos-hermanos.mx\/index.php\/2026\/01\/26\/los-nominados-a-caracol-de-plata-2026-seran\/"},"author":{"name":"Ricardo Mart\u00ednez Ram\u00edrez","@id":"https:\/\/somos-hermanos.mx\/#\/schema\/person\/8f173caf3165cc629ef3803568901def"},"headline":"Los nominados a Caracol de Plata 2026 ser\u00e1n&#8230;","datePublished":"2026-01-26T08:00:17+00:00","mainEntityOfPage":{"@id":"https:\/\/somos-hermanos.mx\/index.php\/2026\/01\/26\/los-nominados-a-caracol-de-plata-2026-seran\/"},"wordCount":397,"commentCount":0,"publisher":{"@id":"https:\/\/somos-hermanos.mx\/#organization"},"keywords":["agencias","Agencias de publicidad","Auditorio Bolsa Mexicana de Valores","cambio social","Caracol de Plata","Caracol de Plata 2026","causa social","CEMEFI","Centro Mexicano para la Filantrop\u00eda","compromiso social","comunicaci\u00f3n con causa","Consejo de la Comunicaci\u00f3","convocatoria","El Voluntariado empieza contigo","empresas","Empresas Privadas","estrategias creativas","Grupo BMV","Grupo Bolsa Mexicana de Valores","impacto social","instituciones","mejores campa\u00f1as de comunicaci\u00f3n social","Organizaciones de la Sociedad Civil","OSC","Reconocimiento Iberoamericano","Ricardo Bucio","Salvador Villalobos","soluci\u00f3n de problem\u00e1ticas","transformar realidades","visibilizar causas"],"articleSection":["Noticias"],"inLanguage":"es","potentialAction":[{"@type":"CommentAction","name":"Comment","target":["https:\/\/somos-hermanos.mx\/index.php\/2026\/01\/26\/los-nominados-a-caracol-de-plata-2026-seran\/#respond"]}]},{"@type":"WebPage","@id":"https:\/\/somos-hermanos.mx\/index.php\/2026\/01\/26\/los-nominados-a-caracol-de-plata-2026-seran\/","url":"https:\/\/somos-hermanos.mx\/index.php\/2026\/01\/26\/los-nominados-a-caracol-de-plata-2026-seran\/","name":"Los nominados a Caracol de Plata 2026 ser\u00e1n... - Historias que inspiran...","isPartOf":{"@id":"https:\/\/somos-hermanos.mx\/#website"},"datePublished":"2026-01-26T08:00:17+00:00","description":"Cemefi abre oficialmente la convocatoria para participar en el\u00a0Reconocimiento Iberoamericano Caracol de Plata 2026","breadcrumb":{"@id":"https:\/\/somos-hermanos.mx\/index.php\/2026\/01\/26\/los-nominados-a-caracol-de-plata-2026-seran\/#breadcrumb"},"inLanguage":"es","potentialAction":[{"@type":"ReadAction","target":["https:\/\/somos-hermanos.mx\/index.php\/2026\/01\/26\/los-nominados-a-caracol-de-plata-2026-seran\/"]}]},{"@type":"BreadcrumbList","@id":"https:\/\/somos-hermanos.mx\/index.php\/2026\/01\/26\/los-nominados-a-caracol-de-plata-2026-seran\/#breadcrumb","itemListElement":[{"@type":"ListItem","position":1,"name":"Inicio","item":"https:\/\/somos-hermanos.mx\/"},{"@type":"ListItem","position":2,"name":"Los nominados a Caracol de Plata 2026 ser\u00e1n&#8230;"}]},{"@type":"WebSite","@id":"https:\/\/somos-hermanos.mx\/#website","url":"https:\/\/somos-hermanos.mx\/","name":"Historias que inspiran...","description":"Somos la voz del altruismo en M\u00e9xico","publisher":{"@id":"https:\/\/somos-hermanos.mx\/#organization"},"potentialAction":[{"@type":"SearchAction","target":{"@type":"EntryPoint","urlTemplate":"https:\/\/somos-hermanos.mx\/?s={search_term_string}"},"query-input":{"@type":"PropertyValueSpecification","valueRequired":true,"valueName":"search_term_string"}}],"inLanguage":"es"},{"@type":"Organization","@id":"https:\/\/somos-hermanos.mx\/#organization","name":"Somos Hermanos","url":"https:\/\/somos-hermanos.mx\/","logo":{"@type":"ImageObject","inLanguage":"es","@id":"https:\/\/somos-hermanos.mx\/#\/schema\/logo\/image\/","url":"https:\/\/somos-hermanos.mx\/wp-content\/uploads\/2025\/08\/SH30-1.jpeg","contentUrl":"https:\/\/somos-hermanos.mx\/wp-content\/uploads\/2025\/08\/SH30-1.jpeg","width":1600,"height":1142,"caption":"Somos Hermanos"},"image":{"@id":"https:\/\/somos-hermanos.mx\/#\/schema\/logo\/image\/"},"sameAs":["https:\/\/www.facebook.com\/SomosHermanosIAP\/","https:\/\/x.com\/Somos__Hermanos","https:\/\/www.instagram.com\/somos__hermanos\/#","https:\/\/www.tiktok.com\/@somoshermanosiap","https:\/\/www.youtube.com\/@somoshermanosiap1201\/videos"]},{"@type":"Person","@id":"https:\/\/somos-hermanos.mx\/#\/schema\/person\/8f173caf3165cc629ef3803568901def","name":"Ricardo Mart\u00ednez Ram\u00edrez","image":{"@type":"ImageObject","inLanguage":"es","@id":"https:\/\/secure.gravatar.com\/avatar\/6ed8168d80af8603b51892c57b44e62148260531576c3eb92aa1298119d9c0f9?s=96&d=mm&r=g","url":"https:\/\/secure.gravatar.com\/avatar\/6ed8168d80af8603b51892c57b44e62148260531576c3eb92aa1298119d9c0f9?s=96&d=mm&r=g","contentUrl":"https:\/\/secure.gravatar.com\/avatar\/6ed8168d80af8603b51892c57b44e62148260531576c3eb92aa1298119d9c0f9?s=96&d=mm&r=g","caption":"Ricardo Mart\u00ednez Ram\u00edrez"},"url":"https:\/\/somos-hermanos.mx\/index.php\/author\/ricardo-martinez-ramirez\/"}]}},"_links":{"self":[{"href":"https:\/\/somos-hermanos.mx\/index.php\/wp-json\/wp\/v2\/posts\/2621","targetHints":{"allow":["GET"]}}],"collection":[{"href":"https:\/\/somos-hermanos.mx\/index.php\/wp-json\/wp\/v2\/posts"}],"about":[{"href":"https:\/\/somos-hermanos.mx\/index.php\/wp-json\/wp\/v2\/types\/post"}],"author":[{"embeddable":true,"href":"https:\/\/somos-hermanos.mx\/index.php\/wp-json\/wp\/v2\/users\/25"}],"replies":[{"embeddable":true,"href":"https:\/\/somos-hermanos.mx\/index.php\/wp-json\/wp\/v2\/comments?post=2621"}],"version-history":[{"count":1,"href":"https:\/\/somos-hermanos.mx\/index.php\/wp-json\/wp\/v2\/posts\/2621\/revisions"}],"predecessor-version":[{"id":2622,"href":"https:\/\/somos-hermanos.mx\/index.php\/wp-json\/wp\/v2\/posts\/2621\/revisions\/2622"}],"wp:attachment":[{"href":"https:\/\/somos-hermanos.mx\/index.php\/wp-json\/wp\/v2\/media?parent=2621"}],"wp:term":[{"taxonomy":"category","embeddable":true,"href":"https:\/\/somos-hermanos.mx\/index.php\/wp-json\/wp\/v2\/categories?post=2621"},{"taxonomy":"post_tag","embeddable":true,"href":"https:\/\/somos-hermanos.mx\/index.php\/wp-json\/wp\/v2\/tags?post=2621"}],"curies":[{"name":"wp","href":"https:\/\/api.w.org\/{rel}","templated":true}]}}