{"id":2619,"date":"2026-01-26T01:00:12","date_gmt":"2026-01-26T07:00:12","guid":{"rendered":"https:\/\/somos-hermanos.mx\/?p=2619"},"modified":"2026-01-23T22:49:41","modified_gmt":"2026-01-24T04:49:41","slug":"entre-lo-excepcional-y-lo-comun-reside-en-un-pequeno-extra","status":"publish","type":"post","link":"https:\/\/somos-hermanos.mx\/index.php\/2026\/01\/26\/entre-lo-excepcional-y-lo-comun-reside-en-un-pequeno-extra\/","title":{"rendered":"Entre lo excepcional y lo com\u00fan, reside en un peque\u00f1o extra"},"content":{"rendered":"<p>En M\u00e9xico, m\u00e1s de 2.6 millones de personas viven con alg\u00fan tipo de discapacidad intelectual, de acuerdo con datos del INEGI. Sin embargo, el acceso a oportunidades laborales dignas sigue siendo una deuda social profunda. La exclusi\u00f3n, la desinformaci\u00f3n y los prejuicios contin\u00faan limitando la posibilidad de que estas personas desarrollen una vida independiente y productiva.<\/p>\n<p>Frente a este panorama, Daunis Gente Excepcional IAP surge como una alternativa s\u00f3lida y humana para transformar la realidad de j\u00f3venes y adultos con discapacidad intelectual y s\u00edndrome de Down. Desde hace m\u00e1s de tres d\u00e9cadas, esta instituci\u00f3n de asistencia privada ha trabajado con un objetivo claro: demostrar que la inclusi\u00f3n social y laboral no es un acto de caridad, sino un acto de justicia.<\/p>\n<p>El modelo de Daunis se basa en una capacitaci\u00f3n integral que prepara a las personas para la vida cotidiana y el empleo formal. A trav\u00e9s de talleres productivos, de vida independiente, disciplina laboral, inclusi\u00f3n social, educaci\u00f3n sexual y capacitaci\u00f3n administrativa, las y los participantes adquieren habilidades que fortalecen su autonom\u00eda, autoestima y responsabilidad social. Este proceso, que puede extenderse de seis meses a dos a\u00f1os, se desarrolla en un entorno que simula condiciones reales de trabajo, permitiendo una transici\u00f3n efectiva hacia el mundo laboral.<\/p>\n<p>Uno de los pilares fundamentales de Daunis es la inclusi\u00f3n laboral con seguimiento. Una vez concluida la capacitaci\u00f3n, la instituci\u00f3n vincula a las personas egresadas con empresas aliadas, asegurando empleos formales con salario digno, prestaciones de ley y acompa\u00f1amiento continuo. Paralelamente, se capacita y sensibiliza a las empresas para derribar estigmas y construir espacios laborales verdaderamente incluyentes.<\/p>\n<p>Adem\u00e1s, Daunis impulsa actividades productivas con causa, como los \u201cDesayunos con causa\u201d, donde los participantes elaboran y comercializan alimentos, generando recursos para la instituci\u00f3n y fomentando la interacci\u00f3n social directa. Estas acciones no solo contribuyen a la sostenibilidad del proyecto, sino que visibilizan las capacidades y talentos de una poblaci\u00f3n hist\u00f3ricamente marginada.<\/p>\n<p>La misi\u00f3n de Daunis es clara: brindar herramientas reales para que las personas con discapacidad intelectual logren una vida independiente, digna y plenamente integrada a la sociedad. Su visi\u00f3n apunta a convertirse en un referente nacional de inclusi\u00f3n laboral, demostrando que la diversidad enriquece y fortalece a las comunidades.<\/p>\n<p>Hoy, Daunis Gente Excepcional IAP contin\u00faa construyendo puentes entre la discapacidad y la oportunidad, entre la diferencia y el reconocimiento. Cualquier persona interesada en apoyar esta causa puede sumarse mediante donativos, voluntariado o alianzas empresariales. Porque solo a trav\u00e9s de la empat\u00eda, la informaci\u00f3n y la acci\u00f3n colectiva es posible avanzar hacia una sociedad m\u00e1s justa, incluyente y verdaderamente fraterna.<\/p>\n<p><img loading=\"lazy\" decoding=\"async\" class=\"aligncenter wp-image-2618 \" src=\"https:\/\/somos-hermanos.mx\/wp-content\/uploads\/2026\/01\/img-20260123-wa00059001754474859174851-819x1024.jpg\" alt=\"\" width=\"477\" height=\"596\" srcset=\"https:\/\/somos-hermanos.mx\/wp-content\/uploads\/2026\/01\/img-20260123-wa00059001754474859174851-819x1024.jpg 819w, https:\/\/somos-hermanos.mx\/wp-content\/uploads\/2026\/01\/img-20260123-wa00059001754474859174851-240x300.jpg 240w, https:\/\/somos-hermanos.mx\/wp-content\/uploads\/2026\/01\/img-20260123-wa00059001754474859174851-768x961.jpg 768w, https:\/\/somos-hermanos.mx\/wp-content\/uploads\/2026\/01\/img-20260123-wa00059001754474859174851-1228x1536.jpg 1228w, https:\/\/somos-hermanos.mx\/wp-content\/uploads\/2026\/01\/img-20260123-wa00059001754474859174851.jpg 1279w\" sizes=\"auto, (max-width: 477px) 100vw, 477px\" \/><\/p>\n","protected":false},"excerpt":{"rendered":"<p>En M\u00e9xico, m\u00e1s de 2.6 millones de personas viven con alg\u00fan tipo de discapacidad intelectual, de acuerdo con datos del INEGI. Sin embargo, el acceso a oportunidades laborales dignas sigue siendo una deuda social profunda. La exclusi\u00f3n, la desinformaci\u00f3n y los prejuicios contin\u00faan limitando la posibilidad de que estas personas desarrollen una vida independiente y [&hellip;]<\/p>\n","protected":false},"author":31,"featured_media":2617,"comment_status":"open","ping_status":"closed","sticky":false,"template":"","format":"standard","meta":{"footnotes":""},"categories":[6],"tags":[492,3397,242,3388,3387,3386,3382,3376,737,3393,3380,3378,3396,280,3384,3385,1588,3389,3392,3379,1049,1102,3394,1121,3377,3381,3391,3395,377,3390,732,3383,413,164],"class_list":["post-2619","post","type-post","status-publish","format-standard","has-post-thumbnail","hentry","category-noticias","tag-accion-colectiva","tag-alianzas-empresariales","tag-asistencia-privada","tag-autoestima","tag-autonomia","tag-capacitacion-administrativa","tag-capacitacion-integral","tag-datos-inegi","tag-daunis-gente-excepcional","tag-desayunos-con-causa","tag-desinformacion","tag-deuda-social","tag-discapacidad","tag-discapacidad-intelectual","tag-disciplina-laboral","tag-educacion-sexual","tag-empleo-formal","tag-empresas-aliadas","tag-espacios-laborales","tag-exclusion","tag-inclusion-social","tag-inegi","tag-interaccion-social","tag-mundo-laboral","tag-oportunidades-laborales","tag-prejuicios","tag-prestaciones-de-ley","tag-referente-nacional","tag-responsabilidad-social","tag-salario-digno","tag-sindrome-de-down","tag-vida-cotidiana","tag-vida-independiente","tag-voluntariado"],"yoast_head":"<!-- This site is optimized with the Yoast SEO plugin v27.5 - https:\/\/yoast.com\/product\/yoast-seo-wordpress\/ -->\n<title>Entre lo excepcional y lo com\u00fan, reside en un peque\u00f1o extra - Historias que inspiran...<\/title>\n<meta name=\"description\" content=\"Una alternativa s\u00f3lida y humana para transformar la realidad de j\u00f3venes y adultos con discapacidad intelectual y s\u00edndrome de Down\" \/>\n<meta name=\"robots\" content=\"index, follow, max-snippet:-1, max-image-preview:large, max-video-preview:-1\" \/>\n<link rel=\"canonical\" href=\"https:\/\/somos-hermanos.mx\/index.php\/2026\/01\/26\/entre-lo-excepcional-y-lo-comun-reside-en-un-pequeno-extra\/\" \/>\n<meta property=\"og:locale\" content=\"es_MX\" \/>\n<meta property=\"og:type\" content=\"article\" \/>\n<meta property=\"og:title\" content=\"Entre lo excepcional y lo com\u00fan, reside en un peque\u00f1o extra - Historias que inspiran...\" \/>\n<meta property=\"og:description\" content=\"Una alternativa s\u00f3lida y humana para transformar la realidad de j\u00f3venes y adultos con discapacidad intelectual y s\u00edndrome de Down\" \/>\n<meta property=\"og:url\" content=\"https:\/\/somos-hermanos.mx\/index.php\/2026\/01\/26\/entre-lo-excepcional-y-lo-comun-reside-en-un-pequeno-extra\/\" \/>\n<meta property=\"og:site_name\" content=\"Historias que inspiran...\" \/>\n<meta property=\"article:publisher\" content=\"https:\/\/www.facebook.com\/SomosHermanosIAP\/\" \/>\n<meta property=\"article:published_time\" content=\"2026-01-26T07:00:12+00:00\" \/>\n<meta property=\"og:image\" content=\"https:\/\/somos-hermanos.mx\/wp-content\/uploads\/2026\/01\/img-20260123-wa00062464150521459689324.jpg\" \/>\n\t<meta property=\"og:image:width\" content=\"1279\" \/>\n\t<meta property=\"og:image:height\" content=\"1600\" \/>\n\t<meta property=\"og:image:type\" content=\"image\/jpeg\" \/>\n<meta name=\"author\" content=\"Aar\u00f3n G\u00f3mez L\u00f3pez\" \/>\n<meta name=\"twitter:card\" content=\"summary_large_image\" \/>\n<meta name=\"twitter:creator\" content=\"@Somos__Hermanos\" \/>\n<meta name=\"twitter:site\" content=\"@Somos__Hermanos\" \/>\n<meta name=\"twitter:label1\" content=\"Escrito por\" \/>\n\t<meta name=\"twitter:data1\" content=\"Aar\u00f3n G\u00f3mez L\u00f3pez\" \/>\n\t<meta name=\"twitter:label2\" content=\"Tiempo de lectura\" \/>\n\t<meta name=\"twitter:data2\" content=\"3 minutos\" \/>\n<script type=\"application\/ld+json\" class=\"yoast-schema-graph\">{\"@context\":\"https:\\\/\\\/schema.org\",\"@graph\":[{\"@type\":\"Article\",\"@id\":\"https:\\\/\\\/somos-hermanos.mx\\\/index.php\\\/2026\\\/01\\\/26\\\/entre-lo-excepcional-y-lo-comun-reside-en-un-pequeno-extra\\\/#article\",\"isPartOf\":{\"@id\":\"https:\\\/\\\/somos-hermanos.mx\\\/index.php\\\/2026\\\/01\\\/26\\\/entre-lo-excepcional-y-lo-comun-reside-en-un-pequeno-extra\\\/\"},\"author\":{\"name\":\"Aar\u00f3n G\u00f3mez L\u00f3pez\",\"@id\":\"https:\\\/\\\/somos-hermanos.mx\\\/#\\\/schema\\\/person\\\/71f0340e26eeb45765c557f91e7319dd\"},\"headline\":\"Entre lo excepcional y lo com\u00fan, reside en un peque\u00f1o extra\",\"datePublished\":\"2026-01-26T07:00:12+00:00\",\"mainEntityOfPage\":{\"@id\":\"https:\\\/\\\/somos-hermanos.mx\\\/index.php\\\/2026\\\/01\\\/26\\\/entre-lo-excepcional-y-lo-comun-reside-en-un-pequeno-extra\\\/\"},\"wordCount\":474,\"commentCount\":0,\"publisher\":{\"@id\":\"https:\\\/\\\/somos-hermanos.mx\\\/#organization\"},\"image\":{\"@id\":\"https:\\\/\\\/somos-hermanos.mx\\\/index.php\\\/2026\\\/01\\\/26\\\/entre-lo-excepcional-y-lo-comun-reside-en-un-pequeno-extra\\\/#primaryimage\"},\"thumbnailUrl\":\"https:\\\/\\\/somos-hermanos.mx\\\/wp-content\\\/uploads\\\/2026\\\/01\\\/img-20260123-wa00062464150521459689324.jpg\",\"keywords\":[\"acci\u00f3n colectiva\",\"alianzas empresariales\",\"Asistencia Privada\",\"autoestima\",\"autonom\u00eda\",\"capacitaci\u00f3n administrativa\",\"capacitaci\u00f3n integral\",\"datos INEGI\",\"Daunis Gente Excepcional\",\"Desayunos con causa\",\"desinformaci\u00f3n\",\"deuda social\",\"discapacidad\",\"discapacidad intelectual\",\"disciplina laboral\",\"educaci\u00f3n sexual\",\"empleo formal\",\"empresas aliadas\",\"espacios laborales\",\"exclusi\u00f3n\",\"inclusi\u00f3n social\",\"INEGI\",\"interacci\u00f3n social\",\"mundo laboral\",\"oportunidades laborales\",\"prejuicios\",\"prestaciones de ley\",\"referente nacional\",\"responsabilidad social\",\"salario digno\",\"S\u00edndrome de Down\",\"vida cotidiana\",\"vida independiente\",\"voluntariado\"],\"articleSection\":[\"Noticias\"],\"inLanguage\":\"es\",\"potentialAction\":[{\"@type\":\"CommentAction\",\"name\":\"Comment\",\"target\":[\"https:\\\/\\\/somos-hermanos.mx\\\/index.php\\\/2026\\\/01\\\/26\\\/entre-lo-excepcional-y-lo-comun-reside-en-un-pequeno-extra\\\/#respond\"]}]},{\"@type\":\"WebPage\",\"@id\":\"https:\\\/\\\/somos-hermanos.mx\\\/index.php\\\/2026\\\/01\\\/26\\\/entre-lo-excepcional-y-lo-comun-reside-en-un-pequeno-extra\\\/\",\"url\":\"https:\\\/\\\/somos-hermanos.mx\\\/index.php\\\/2026\\\/01\\\/26\\\/entre-lo-excepcional-y-lo-comun-reside-en-un-pequeno-extra\\\/\",\"name\":\"Entre lo excepcional y lo com\u00fan, reside en un peque\u00f1o extra - Historias que inspiran...\",\"isPartOf\":{\"@id\":\"https:\\\/\\\/somos-hermanos.mx\\\/#website\"},\"primaryImageOfPage\":{\"@id\":\"https:\\\/\\\/somos-hermanos.mx\\\/index.php\\\/2026\\\/01\\\/26\\\/entre-lo-excepcional-y-lo-comun-reside-en-un-pequeno-extra\\\/#primaryimage\"},\"image\":{\"@id\":\"https:\\\/\\\/somos-hermanos.mx\\\/index.php\\\/2026\\\/01\\\/26\\\/entre-lo-excepcional-y-lo-comun-reside-en-un-pequeno-extra\\\/#primaryimage\"},\"thumbnailUrl\":\"https:\\\/\\\/somos-hermanos.mx\\\/wp-content\\\/uploads\\\/2026\\\/01\\\/img-20260123-wa00062464150521459689324.jpg\",\"datePublished\":\"2026-01-26T07:00:12+00:00\",\"description\":\"Una alternativa s\u00f3lida y humana para transformar la realidad de j\u00f3venes y adultos con discapacidad intelectual y s\u00edndrome de Down\",\"breadcrumb\":{\"@id\":\"https:\\\/\\\/somos-hermanos.mx\\\/index.php\\\/2026\\\/01\\\/26\\\/entre-lo-excepcional-y-lo-comun-reside-en-un-pequeno-extra\\\/#breadcrumb\"},\"inLanguage\":\"es\",\"potentialAction\":[{\"@type\":\"ReadAction\",\"target\":[\"https:\\\/\\\/somos-hermanos.mx\\\/index.php\\\/2026\\\/01\\\/26\\\/entre-lo-excepcional-y-lo-comun-reside-en-un-pequeno-extra\\\/\"]}]},{\"@type\":\"ImageObject\",\"inLanguage\":\"es\",\"@id\":\"https:\\\/\\\/somos-hermanos.mx\\\/index.php\\\/2026\\\/01\\\/26\\\/entre-lo-excepcional-y-lo-comun-reside-en-un-pequeno-extra\\\/#primaryimage\",\"url\":\"https:\\\/\\\/somos-hermanos.mx\\\/wp-content\\\/uploads\\\/2026\\\/01\\\/img-20260123-wa00062464150521459689324.jpg\",\"contentUrl\":\"https:\\\/\\\/somos-hermanos.mx\\\/wp-content\\\/uploads\\\/2026\\\/01\\\/img-20260123-wa00062464150521459689324.jpg\",\"width\":1279,\"height\":1600},{\"@type\":\"BreadcrumbList\",\"@id\":\"https:\\\/\\\/somos-hermanos.mx\\\/index.php\\\/2026\\\/01\\\/26\\\/entre-lo-excepcional-y-lo-comun-reside-en-un-pequeno-extra\\\/#breadcrumb\",\"itemListElement\":[{\"@type\":\"ListItem\",\"position\":1,\"name\":\"Inicio\",\"item\":\"https:\\\/\\\/somos-hermanos.mx\\\/\"},{\"@type\":\"ListItem\",\"position\":2,\"name\":\"Entre lo excepcional y lo com\u00fan, reside en un peque\u00f1o extra\"}]},{\"@type\":\"WebSite\",\"@id\":\"https:\\\/\\\/somos-hermanos.mx\\\/#website\",\"url\":\"https:\\\/\\\/somos-hermanos.mx\\\/\",\"name\":\"Historias que inspiran...\",\"description\":\"Somos la voz del altruismo en M\u00e9xico\",\"publisher\":{\"@id\":\"https:\\\/\\\/somos-hermanos.mx\\\/#organization\"},\"potentialAction\":[{\"@type\":\"SearchAction\",\"target\":{\"@type\":\"EntryPoint\",\"urlTemplate\":\"https:\\\/\\\/somos-hermanos.mx\\\/?s={search_term_string}\"},\"query-input\":{\"@type\":\"PropertyValueSpecification\",\"valueRequired\":true,\"valueName\":\"search_term_string\"}}],\"inLanguage\":\"es\"},{\"@type\":\"Organization\",\"@id\":\"https:\\\/\\\/somos-hermanos.mx\\\/#organization\",\"name\":\"Somos Hermanos\",\"url\":\"https:\\\/\\\/somos-hermanos.mx\\\/\",\"logo\":{\"@type\":\"ImageObject\",\"inLanguage\":\"es\",\"@id\":\"https:\\\/\\\/somos-hermanos.mx\\\/#\\\/schema\\\/logo\\\/image\\\/\",\"url\":\"https:\\\/\\\/somos-hermanos.mx\\\/wp-content\\\/uploads\\\/2025\\\/08\\\/SH30-1.jpeg\",\"contentUrl\":\"https:\\\/\\\/somos-hermanos.mx\\\/wp-content\\\/uploads\\\/2025\\\/08\\\/SH30-1.jpeg\",\"width\":1600,\"height\":1142,\"caption\":\"Somos Hermanos\"},\"image\":{\"@id\":\"https:\\\/\\\/somos-hermanos.mx\\\/#\\\/schema\\\/logo\\\/image\\\/\"},\"sameAs\":[\"https:\\\/\\\/www.facebook.com\\\/SomosHermanosIAP\\\/\",\"https:\\\/\\\/x.com\\\/Somos__Hermanos\",\"https:\\\/\\\/www.instagram.com\\\/somos__hermanos\\\/#\",\"https:\\\/\\\/www.tiktok.com\\\/@somoshermanosiap\",\"https:\\\/\\\/www.youtube.com\\\/@somoshermanosiap1201\\\/videos\"]},{\"@type\":\"Person\",\"@id\":\"https:\\\/\\\/somos-hermanos.mx\\\/#\\\/schema\\\/person\\\/71f0340e26eeb45765c557f91e7319dd\",\"name\":\"Aar\u00f3n G\u00f3mez L\u00f3pez\",\"image\":{\"@type\":\"ImageObject\",\"inLanguage\":\"es\",\"@id\":\"https:\\\/\\\/secure.gravatar.com\\\/avatar\\\/b4586da171ab107daf063ca8ca2afb48418841e9746c228b1c4fbde33d707a96?s=96&d=mm&r=g\",\"url\":\"https:\\\/\\\/secure.gravatar.com\\\/avatar\\\/b4586da171ab107daf063ca8ca2afb48418841e9746c228b1c4fbde33d707a96?s=96&d=mm&r=g\",\"contentUrl\":\"https:\\\/\\\/secure.gravatar.com\\\/avatar\\\/b4586da171ab107daf063ca8ca2afb48418841e9746c228b1c4fbde33d707a96?s=96&d=mm&r=g\",\"caption\":\"Aar\u00f3n G\u00f3mez L\u00f3pez\"},\"url\":\"https:\\\/\\\/somos-hermanos.mx\\\/index.php\\\/author\\\/aaron-gomez-lopez\\\/\"}]}<\/script>\n<!-- \/ Yoast SEO plugin. -->","yoast_head_json":{"title":"Entre lo excepcional y lo com\u00fan, reside en un peque\u00f1o extra - Historias que inspiran...","description":"Una alternativa s\u00f3lida y humana para transformar la realidad de j\u00f3venes y adultos con discapacidad intelectual y s\u00edndrome de Down","robots":{"index":"index","follow":"follow","max-snippet":"max-snippet:-1","max-image-preview":"max-image-preview:large","max-video-preview":"max-video-preview:-1"},"canonical":"https:\/\/somos-hermanos.mx\/index.php\/2026\/01\/26\/entre-lo-excepcional-y-lo-comun-reside-en-un-pequeno-extra\/","og_locale":"es_MX","og_type":"article","og_title":"Entre lo excepcional y lo com\u00fan, reside en un peque\u00f1o extra - Historias que inspiran...","og_description":"Una alternativa s\u00f3lida y humana para transformar la realidad de j\u00f3venes y adultos con discapacidad intelectual y s\u00edndrome de Down","og_url":"https:\/\/somos-hermanos.mx\/index.php\/2026\/01\/26\/entre-lo-excepcional-y-lo-comun-reside-en-un-pequeno-extra\/","og_site_name":"Historias que inspiran...","article_publisher":"https:\/\/www.facebook.com\/SomosHermanosIAP\/","article_published_time":"2026-01-26T07:00:12+00:00","og_image":[{"width":1279,"height":1600,"url":"https:\/\/somos-hermanos.mx\/wp-content\/uploads\/2026\/01\/img-20260123-wa00062464150521459689324.jpg","type":"image\/jpeg"}],"author":"Aar\u00f3n G\u00f3mez L\u00f3pez","twitter_card":"summary_large_image","twitter_creator":"@Somos__Hermanos","twitter_site":"@Somos__Hermanos","twitter_misc":{"Escrito por":"Aar\u00f3n G\u00f3mez L\u00f3pez","Tiempo de lectura":"3 minutos"},"schema":{"@context":"https:\/\/schema.org","@graph":[{"@type":"Article","@id":"https:\/\/somos-hermanos.mx\/index.php\/2026\/01\/26\/entre-lo-excepcional-y-lo-comun-reside-en-un-pequeno-extra\/#article","isPartOf":{"@id":"https:\/\/somos-hermanos.mx\/index.php\/2026\/01\/26\/entre-lo-excepcional-y-lo-comun-reside-en-un-pequeno-extra\/"},"author":{"name":"Aar\u00f3n G\u00f3mez L\u00f3pez","@id":"https:\/\/somos-hermanos.mx\/#\/schema\/person\/71f0340e26eeb45765c557f91e7319dd"},"headline":"Entre lo excepcional y lo com\u00fan, reside en un peque\u00f1o extra","datePublished":"2026-01-26T07:00:12+00:00","mainEntityOfPage":{"@id":"https:\/\/somos-hermanos.mx\/index.php\/2026\/01\/26\/entre-lo-excepcional-y-lo-comun-reside-en-un-pequeno-extra\/"},"wordCount":474,"commentCount":0,"publisher":{"@id":"https:\/\/somos-hermanos.mx\/#organization"},"image":{"@id":"https:\/\/somos-hermanos.mx\/index.php\/2026\/01\/26\/entre-lo-excepcional-y-lo-comun-reside-en-un-pequeno-extra\/#primaryimage"},"thumbnailUrl":"https:\/\/somos-hermanos.mx\/wp-content\/uploads\/2026\/01\/img-20260123-wa00062464150521459689324.jpg","keywords":["acci\u00f3n colectiva","alianzas empresariales","Asistencia Privada","autoestima","autonom\u00eda","capacitaci\u00f3n administrativa","capacitaci\u00f3n integral","datos INEGI","Daunis Gente Excepcional","Desayunos con causa","desinformaci\u00f3n","deuda social","discapacidad","discapacidad intelectual","disciplina laboral","educaci\u00f3n sexual","empleo formal","empresas aliadas","espacios laborales","exclusi\u00f3n","inclusi\u00f3n social","INEGI","interacci\u00f3n social","mundo laboral","oportunidades laborales","prejuicios","prestaciones de ley","referente nacional","responsabilidad social","salario digno","S\u00edndrome de Down","vida cotidiana","vida independiente","voluntariado"],"articleSection":["Noticias"],"inLanguage":"es","potentialAction":[{"@type":"CommentAction","name":"Comment","target":["https:\/\/somos-hermanos.mx\/index.php\/2026\/01\/26\/entre-lo-excepcional-y-lo-comun-reside-en-un-pequeno-extra\/#respond"]}]},{"@type":"WebPage","@id":"https:\/\/somos-hermanos.mx\/index.php\/2026\/01\/26\/entre-lo-excepcional-y-lo-comun-reside-en-un-pequeno-extra\/","url":"https:\/\/somos-hermanos.mx\/index.php\/2026\/01\/26\/entre-lo-excepcional-y-lo-comun-reside-en-un-pequeno-extra\/","name":"Entre lo excepcional y lo com\u00fan, reside en un peque\u00f1o extra - Historias que inspiran...","isPartOf":{"@id":"https:\/\/somos-hermanos.mx\/#website"},"primaryImageOfPage":{"@id":"https:\/\/somos-hermanos.mx\/index.php\/2026\/01\/26\/entre-lo-excepcional-y-lo-comun-reside-en-un-pequeno-extra\/#primaryimage"},"image":{"@id":"https:\/\/somos-hermanos.mx\/index.php\/2026\/01\/26\/entre-lo-excepcional-y-lo-comun-reside-en-un-pequeno-extra\/#primaryimage"},"thumbnailUrl":"https:\/\/somos-hermanos.mx\/wp-content\/uploads\/2026\/01\/img-20260123-wa00062464150521459689324.jpg","datePublished":"2026-01-26T07:00:12+00:00","description":"Una alternativa s\u00f3lida y humana para transformar la realidad de j\u00f3venes y adultos con discapacidad intelectual y s\u00edndrome de Down","breadcrumb":{"@id":"https:\/\/somos-hermanos.mx\/index.php\/2026\/01\/26\/entre-lo-excepcional-y-lo-comun-reside-en-un-pequeno-extra\/#breadcrumb"},"inLanguage":"es","potentialAction":[{"@type":"ReadAction","target":["https:\/\/somos-hermanos.mx\/index.php\/2026\/01\/26\/entre-lo-excepcional-y-lo-comun-reside-en-un-pequeno-extra\/"]}]},{"@type":"ImageObject","inLanguage":"es","@id":"https:\/\/somos-hermanos.mx\/index.php\/2026\/01\/26\/entre-lo-excepcional-y-lo-comun-reside-en-un-pequeno-extra\/#primaryimage","url":"https:\/\/somos-hermanos.mx\/wp-content\/uploads\/2026\/01\/img-20260123-wa00062464150521459689324.jpg","contentUrl":"https:\/\/somos-hermanos.mx\/wp-content\/uploads\/2026\/01\/img-20260123-wa00062464150521459689324.jpg","width":1279,"height":1600},{"@type":"BreadcrumbList","@id":"https:\/\/somos-hermanos.mx\/index.php\/2026\/01\/26\/entre-lo-excepcional-y-lo-comun-reside-en-un-pequeno-extra\/#breadcrumb","itemListElement":[{"@type":"ListItem","position":1,"name":"Inicio","item":"https:\/\/somos-hermanos.mx\/"},{"@type":"ListItem","position":2,"name":"Entre lo excepcional y lo com\u00fan, reside en un peque\u00f1o extra"}]},{"@type":"WebSite","@id":"https:\/\/somos-hermanos.mx\/#website","url":"https:\/\/somos-hermanos.mx\/","name":"Historias que inspiran...","description":"Somos la voz del altruismo en M\u00e9xico","publisher":{"@id":"https:\/\/somos-hermanos.mx\/#organization"},"potentialAction":[{"@type":"SearchAction","target":{"@type":"EntryPoint","urlTemplate":"https:\/\/somos-hermanos.mx\/?s={search_term_string}"},"query-input":{"@type":"PropertyValueSpecification","valueRequired":true,"valueName":"search_term_string"}}],"inLanguage":"es"},{"@type":"Organization","@id":"https:\/\/somos-hermanos.mx\/#organization","name":"Somos Hermanos","url":"https:\/\/somos-hermanos.mx\/","logo":{"@type":"ImageObject","inLanguage":"es","@id":"https:\/\/somos-hermanos.mx\/#\/schema\/logo\/image\/","url":"https:\/\/somos-hermanos.mx\/wp-content\/uploads\/2025\/08\/SH30-1.jpeg","contentUrl":"https:\/\/somos-hermanos.mx\/wp-content\/uploads\/2025\/08\/SH30-1.jpeg","width":1600,"height":1142,"caption":"Somos Hermanos"},"image":{"@id":"https:\/\/somos-hermanos.mx\/#\/schema\/logo\/image\/"},"sameAs":["https:\/\/www.facebook.com\/SomosHermanosIAP\/","https:\/\/x.com\/Somos__Hermanos","https:\/\/www.instagram.com\/somos__hermanos\/#","https:\/\/www.tiktok.com\/@somoshermanosiap","https:\/\/www.youtube.com\/@somoshermanosiap1201\/videos"]},{"@type":"Person","@id":"https:\/\/somos-hermanos.mx\/#\/schema\/person\/71f0340e26eeb45765c557f91e7319dd","name":"Aar\u00f3n G\u00f3mez L\u00f3pez","image":{"@type":"ImageObject","inLanguage":"es","@id":"https:\/\/secure.gravatar.com\/avatar\/b4586da171ab107daf063ca8ca2afb48418841e9746c228b1c4fbde33d707a96?s=96&d=mm&r=g","url":"https:\/\/secure.gravatar.com\/avatar\/b4586da171ab107daf063ca8ca2afb48418841e9746c228b1c4fbde33d707a96?s=96&d=mm&r=g","contentUrl":"https:\/\/secure.gravatar.com\/avatar\/b4586da171ab107daf063ca8ca2afb48418841e9746c228b1c4fbde33d707a96?s=96&d=mm&r=g","caption":"Aar\u00f3n G\u00f3mez L\u00f3pez"},"url":"https:\/\/somos-hermanos.mx\/index.php\/author\/aaron-gomez-lopez\/"}]}},"_links":{"self":[{"href":"https:\/\/somos-hermanos.mx\/index.php\/wp-json\/wp\/v2\/posts\/2619","targetHints":{"allow":["GET"]}}],"collection":[{"href":"https:\/\/somos-hermanos.mx\/index.php\/wp-json\/wp\/v2\/posts"}],"about":[{"href":"https:\/\/somos-hermanos.mx\/index.php\/wp-json\/wp\/v2\/types\/post"}],"author":[{"embeddable":true,"href":"https:\/\/somos-hermanos.mx\/index.php\/wp-json\/wp\/v2\/users\/31"}],"replies":[{"embeddable":true,"href":"https:\/\/somos-hermanos.mx\/index.php\/wp-json\/wp\/v2\/comments?post=2619"}],"version-history":[{"count":1,"href":"https:\/\/somos-hermanos.mx\/index.php\/wp-json\/wp\/v2\/posts\/2619\/revisions"}],"predecessor-version":[{"id":2620,"href":"https:\/\/somos-hermanos.mx\/index.php\/wp-json\/wp\/v2\/posts\/2619\/revisions\/2620"}],"wp:featuredmedia":[{"embeddable":true,"href":"https:\/\/somos-hermanos.mx\/index.php\/wp-json\/wp\/v2\/media\/2617"}],"wp:attachment":[{"href":"https:\/\/somos-hermanos.mx\/index.php\/wp-json\/wp\/v2\/media?parent=2619"}],"wp:term":[{"taxonomy":"category","embeddable":true,"href":"https:\/\/somos-hermanos.mx\/index.php\/wp-json\/wp\/v2\/categories?post=2619"},{"taxonomy":"post_tag","embeddable":true,"href":"https:\/\/somos-hermanos.mx\/index.php\/wp-json\/wp\/v2\/tags?post=2619"}],"curies":[{"name":"wp","href":"https:\/\/api.w.org\/{rel}","templated":true}]}}