{"id":2515,"date":"2026-01-08T02:00:15","date_gmt":"2026-01-08T08:00:15","guid":{"rendered":"https:\/\/somos-hermanos.mx\/?p=2515"},"modified":"2026-01-10T19:13:25","modified_gmt":"2026-01-11T01:13:25","slug":"en-abandono-100-millones-de-infantes","status":"publish","type":"post","link":"https:\/\/somos-hermanos.mx\/index.php\/2026\/01\/08\/en-abandono-100-millones-de-infantes\/","title":{"rendered":"\u00a1En abandono 100 millones de infantes!"},"content":{"rendered":"<p>Existen <strong>100 millones de infantes abandonados en todo el mundo, de los cuales 40 millones pertenecen a Am\u00e9rica Latina,<\/strong> seg\u00fan los informes del Fondo de las Naciones Unidas para la Infancia (UNICEF).<\/p>\n<p>El pasado 12 de abril se celebr\u00f3 el D\u00eda Internacional del ni\u00f1o o ni\u00f1a en situaci\u00f3n de calle, mismo que se celebra en m\u00e1s de 130 pa\u00edses <strong>con el objetivo de lograr que las voces de millones de ni\u00f1os en situaci\u00f3n de calle en todo el mundo sean escuchadas<\/strong> y sus derechos no sigan siendo ignorados.<\/p>\n<p>En M\u00e9xico existen Fundaciones que se dedican a asistir a la infancia que por diversos motivos viven en las calles, as\u00ed como a j\u00f3venes y mujeres vulnerables. Tal es el caso de la Fundaci\u00f3n Esperanza Luz Del Sol AC, que, ha dedicado su trayectoria al beneficio de esta parte de la poblaci\u00f3n m\u00e1s vulnerable.<\/p>\n<p>Su trabajo ha sido entregar ayuda a personas en situaci\u00f3n de calle, principalmente a ni\u00f1os, j\u00f3venes, personas de la tercera edad y madres solteras que trabajan en los cruceros de las calles de la Ciudad de M\u00e9xico y zona metropolitana. La organizaci\u00f3n ha representado una esperanza para mejorar su calidad de vida.<\/p>\n<p>Entre las actividades realizadas por la Fundaci\u00f3n Esperanza Luz Del Sol ha sido la entrega de ropa en la colonia Ampliaci\u00f3n Vicente Villada y la Perla del Municipio de Nezahualc\u00f3yotl Estado de M\u00e9xico.<\/p>\n<p>El 2 de marzo del a\u00f1o en curso tambi\u00e9n realiz\u00f3 entregas en materia de salud (gasas y jeringas) al personal de salud de la alcald\u00eda Tlalpan. De acuerdo con un informe del Senado de la Rep\u00fablica, la poblaci\u00f3n en situaci\u00f3n de calle es uno de los grupos m\u00e1s excluidos y vulnerables, a pesar de tener los mismos derechos humanos que la poblaci\u00f3n en general. Con frecuencia de casos en donde personas de todas las edades y en diferentes partes del pa\u00eds, son discriminadas, abusadas, violentadas y criminalizadas.<\/p>\n<p>Son los esfuerzos de la sociedad civil que se agrupa en Asociaciones Civiles como el reconocido trabajo de Esperanza Luz Del Sol, quienes aportan su ayuda para hacer una diferencia en el pa\u00eds que pueda mejorar la calidad de vida de este grupo de personas en estado m\u00e1s vulnerable.<\/p>\n<p>Sus valores como asociaci\u00f3n <strong>han mantenido el enfoque en su labor por los m\u00e1s desamparados,<\/strong> han sido la igualdad, equidad, respeto, perseverancia y colaboraci\u00f3n, mediante los cuales siguen trabajando por quienes m\u00e1s lo necesitan y de quienes se han violado sus derechos.<\/p>\n<p><img loading=\"lazy\" decoding=\"async\" class=\"aligncenter wp-image-2509 \" src=\"https:\/\/somos-hermanos.mx\/wp-content\/uploads\/2026\/01\/img-20260107-wa0008961494840808128948-300x169.jpg\" alt=\"\" width=\"444\" height=\"250\" srcset=\"https:\/\/somos-hermanos.mx\/wp-content\/uploads\/2026\/01\/img-20260107-wa0008961494840808128948-300x169.jpg 300w, https:\/\/somos-hermanos.mx\/wp-content\/uploads\/2026\/01\/img-20260107-wa0008961494840808128948-1024x576.jpg 1024w, https:\/\/somos-hermanos.mx\/wp-content\/uploads\/2026\/01\/img-20260107-wa0008961494840808128948-768x432.jpg 768w, https:\/\/somos-hermanos.mx\/wp-content\/uploads\/2026\/01\/img-20260107-wa0008961494840808128948.jpg 1280w\" sizes=\"auto, (max-width: 444px) 100vw, 444px\" \/><\/p>\n","protected":false},"excerpt":{"rendered":"<p>Existen 100 millones de infantes abandonados en todo el mundo, de los cuales 40 millones pertenecen a Am\u00e9rica Latina, seg\u00fan los informes del Fondo de las Naciones Unidas para la Infancia (UNICEF). El pasado 12 de abril se celebr\u00f3 el D\u00eda Internacional del ni\u00f1o o ni\u00f1a en situaci\u00f3n de calle, mismo que se celebra en [&hellip;]<\/p>\n","protected":false},"author":14,"featured_media":2508,"comment_status":"open","ping_status":"closed","sticky":false,"template":"","format":"standard","meta":{"footnotes":""},"categories":[6],"tags":[3101,205,40,3090,3100,3091,3097,3089,3092,3088,3095,2520,3099,3098,3094,3093,3103,145,112,203,3102,3096],"class_list":["post-2515","post","type-post","status-publish","format-standard","has-post-thumbnail","hentry","category-noticias","tag-abusadas","tag-america-latina","tag-calidad-de-vida","tag-dia-internacional-del-nino","tag-discriminadas","tag-en-situacion-de-calle","tag-entrega-de-ropa","tag-fondo-de-las-naciones-unidas","tag-fundacion-esperanza-luz-del-sol","tag-infantes-abandonados","tag-madres-solteras","tag-mujeres-vulnerables","tag-neza","tag-nezahualcoyotl","tag-personas-de-la-tercera-edad","tag-personas-en-situacion-de-calle","tag-senado-de-la-republica","tag-sociedad-civil","tag-tlalpan","tag-unicef","tag-violentadas","tag-zona-metropolitana"],"yoast_head":"<!-- This site is optimized with the Yoast SEO plugin v27.5 - https:\/\/yoast.com\/product\/yoast-seo-wordpress\/ -->\n<title>\u00a1En abandono 100 millones de infantes! - Historias que inspiran...<\/title>\n<meta name=\"robots\" content=\"index, follow, max-snippet:-1, max-image-preview:large, max-video-preview:-1\" \/>\n<link rel=\"canonical\" href=\"https:\/\/somos-hermanos.mx\/index.php\/2026\/01\/08\/en-abandono-100-millones-de-infantes\/\" \/>\n<meta property=\"og:locale\" content=\"es_MX\" \/>\n<meta property=\"og:type\" content=\"article\" \/>\n<meta property=\"og:title\" content=\"\u00a1En abandono 100 millones de infantes! - Historias que inspiran...\" \/>\n<meta property=\"og:description\" content=\"Existen 100 millones de infantes abandonados en todo el mundo, de los cuales 40 millones pertenecen a Am\u00e9rica Latina, seg\u00fan los informes del Fondo de las Naciones Unidas para la Infancia (UNICEF). El pasado 12 de abril se celebr\u00f3 el D\u00eda Internacional del ni\u00f1o o ni\u00f1a en situaci\u00f3n de calle, mismo que se celebra en [&hellip;]\" \/>\n<meta property=\"og:url\" content=\"https:\/\/somos-hermanos.mx\/index.php\/2026\/01\/08\/en-abandono-100-millones-de-infantes\/\" \/>\n<meta property=\"og:site_name\" content=\"Historias que inspiran...\" \/>\n<meta property=\"article:publisher\" content=\"https:\/\/www.facebook.com\/SomosHermanosIAP\/\" \/>\n<meta property=\"article:published_time\" content=\"2026-01-08T08:00:15+00:00\" \/>\n<meta property=\"article:modified_time\" content=\"2026-01-11T01:13:25+00:00\" \/>\n<meta property=\"og:image\" content=\"https:\/\/somos-hermanos.mx\/wp-content\/uploads\/2026\/01\/img-20260107-wa00093821133028956456822.jpg\" \/>\n\t<meta property=\"og:image:width\" content=\"600\" \/>\n\t<meta property=\"og:image:height\" content=\"800\" \/>\n\t<meta property=\"og:image:type\" content=\"image\/jpeg\" \/>\n<meta name=\"author\" content=\"Ivon D\u00edaz Rojas\" \/>\n<meta name=\"twitter:card\" content=\"summary_large_image\" \/>\n<meta name=\"twitter:creator\" content=\"@Somos__Hermanos\" \/>\n<meta name=\"twitter:site\" content=\"@Somos__Hermanos\" \/>\n<meta name=\"twitter:label1\" content=\"Escrito por\" \/>\n\t<meta name=\"twitter:data1\" content=\"Ivon D\u00edaz Rojas\" \/>\n\t<meta name=\"twitter:label2\" content=\"Tiempo de lectura\" \/>\n\t<meta name=\"twitter:data2\" content=\"3 minutos\" \/>\n<script type=\"application\/ld+json\" class=\"yoast-schema-graph\">{\"@context\":\"https:\\\/\\\/schema.org\",\"@graph\":[{\"@type\":\"Article\",\"@id\":\"https:\\\/\\\/somos-hermanos.mx\\\/index.php\\\/2026\\\/01\\\/08\\\/en-abandono-100-millones-de-infantes\\\/#article\",\"isPartOf\":{\"@id\":\"https:\\\/\\\/somos-hermanos.mx\\\/index.php\\\/2026\\\/01\\\/08\\\/en-abandono-100-millones-de-infantes\\\/\"},\"author\":{\"name\":\"Ivon D\u00edaz Rojas\",\"@id\":\"https:\\\/\\\/somos-hermanos.mx\\\/#\\\/schema\\\/person\\\/ca47b05d4e7735cde01b6c20df3ff500\"},\"headline\":\"\u00a1En abandono 100 millones de infantes!\",\"datePublished\":\"2026-01-08T08:00:15+00:00\",\"dateModified\":\"2026-01-11T01:13:25+00:00\",\"mainEntityOfPage\":{\"@id\":\"https:\\\/\\\/somos-hermanos.mx\\\/index.php\\\/2026\\\/01\\\/08\\\/en-abandono-100-millones-de-infantes\\\/\"},\"wordCount\":444,\"commentCount\":0,\"publisher\":{\"@id\":\"https:\\\/\\\/somos-hermanos.mx\\\/#organization\"},\"image\":{\"@id\":\"https:\\\/\\\/somos-hermanos.mx\\\/index.php\\\/2026\\\/01\\\/08\\\/en-abandono-100-millones-de-infantes\\\/#primaryimage\"},\"thumbnailUrl\":\"https:\\\/\\\/somos-hermanos.mx\\\/wp-content\\\/uploads\\\/2026\\\/01\\\/img-20260107-wa00093821133028956456822.jpg\",\"keywords\":[\"abusadas\",\"Am\u00e9rica Latina\",\"calidad de vida\",\"D\u00eda Internacional del ni\u00f1o\",\"discriminadas\",\"en situaci\u00f3n de calle\",\"entrega de ropa\",\"Fondo de las Naciones Unidas\",\"Fundaci\u00f3n Esperanza Luz Del Sol\",\"infantes abandonados\",\"madres solteras\",\"mujeres vulnerables\",\"Neza\",\"Nezahualc\u00f3yotl\",\"personas de la tercera edad\",\"personas en situaci\u00f3n de calle\",\"Senado de la Rep\u00fablica\",\"sociedad civil\",\"Tlalpan\",\"UNICEF\",\"violentadas\",\"zona metropolitana\"],\"articleSection\":[\"Noticias\"],\"inLanguage\":\"es\",\"potentialAction\":[{\"@type\":\"CommentAction\",\"name\":\"Comment\",\"target\":[\"https:\\\/\\\/somos-hermanos.mx\\\/index.php\\\/2026\\\/01\\\/08\\\/en-abandono-100-millones-de-infantes\\\/#respond\"]}]},{\"@type\":\"WebPage\",\"@id\":\"https:\\\/\\\/somos-hermanos.mx\\\/index.php\\\/2026\\\/01\\\/08\\\/en-abandono-100-millones-de-infantes\\\/\",\"url\":\"https:\\\/\\\/somos-hermanos.mx\\\/index.php\\\/2026\\\/01\\\/08\\\/en-abandono-100-millones-de-infantes\\\/\",\"name\":\"\u00a1En abandono 100 millones de infantes! - Historias que inspiran...\",\"isPartOf\":{\"@id\":\"https:\\\/\\\/somos-hermanos.mx\\\/#website\"},\"primaryImageOfPage\":{\"@id\":\"https:\\\/\\\/somos-hermanos.mx\\\/index.php\\\/2026\\\/01\\\/08\\\/en-abandono-100-millones-de-infantes\\\/#primaryimage\"},\"image\":{\"@id\":\"https:\\\/\\\/somos-hermanos.mx\\\/index.php\\\/2026\\\/01\\\/08\\\/en-abandono-100-millones-de-infantes\\\/#primaryimage\"},\"thumbnailUrl\":\"https:\\\/\\\/somos-hermanos.mx\\\/wp-content\\\/uploads\\\/2026\\\/01\\\/img-20260107-wa00093821133028956456822.jpg\",\"datePublished\":\"2026-01-08T08:00:15+00:00\",\"dateModified\":\"2026-01-11T01:13:25+00:00\",\"breadcrumb\":{\"@id\":\"https:\\\/\\\/somos-hermanos.mx\\\/index.php\\\/2026\\\/01\\\/08\\\/en-abandono-100-millones-de-infantes\\\/#breadcrumb\"},\"inLanguage\":\"es\",\"potentialAction\":[{\"@type\":\"ReadAction\",\"target\":[\"https:\\\/\\\/somos-hermanos.mx\\\/index.php\\\/2026\\\/01\\\/08\\\/en-abandono-100-millones-de-infantes\\\/\"]}]},{\"@type\":\"ImageObject\",\"inLanguage\":\"es\",\"@id\":\"https:\\\/\\\/somos-hermanos.mx\\\/index.php\\\/2026\\\/01\\\/08\\\/en-abandono-100-millones-de-infantes\\\/#primaryimage\",\"url\":\"https:\\\/\\\/somos-hermanos.mx\\\/wp-content\\\/uploads\\\/2026\\\/01\\\/img-20260107-wa00093821133028956456822.jpg\",\"contentUrl\":\"https:\\\/\\\/somos-hermanos.mx\\\/wp-content\\\/uploads\\\/2026\\\/01\\\/img-20260107-wa00093821133028956456822.jpg\",\"width\":600,\"height\":800},{\"@type\":\"BreadcrumbList\",\"@id\":\"https:\\\/\\\/somos-hermanos.mx\\\/index.php\\\/2026\\\/01\\\/08\\\/en-abandono-100-millones-de-infantes\\\/#breadcrumb\",\"itemListElement\":[{\"@type\":\"ListItem\",\"position\":1,\"name\":\"Inicio\",\"item\":\"https:\\\/\\\/somos-hermanos.mx\\\/\"},{\"@type\":\"ListItem\",\"position\":2,\"name\":\"\u00a1En abandono 100 millones de infantes!\"}]},{\"@type\":\"WebSite\",\"@id\":\"https:\\\/\\\/somos-hermanos.mx\\\/#website\",\"url\":\"https:\\\/\\\/somos-hermanos.mx\\\/\",\"name\":\"Historias que inspiran...\",\"description\":\"Somos la voz del altruismo en M\u00e9xico\",\"publisher\":{\"@id\":\"https:\\\/\\\/somos-hermanos.mx\\\/#organization\"},\"potentialAction\":[{\"@type\":\"SearchAction\",\"target\":{\"@type\":\"EntryPoint\",\"urlTemplate\":\"https:\\\/\\\/somos-hermanos.mx\\\/?s={search_term_string}\"},\"query-input\":{\"@type\":\"PropertyValueSpecification\",\"valueRequired\":true,\"valueName\":\"search_term_string\"}}],\"inLanguage\":\"es\"},{\"@type\":\"Organization\",\"@id\":\"https:\\\/\\\/somos-hermanos.mx\\\/#organization\",\"name\":\"Somos Hermanos\",\"url\":\"https:\\\/\\\/somos-hermanos.mx\\\/\",\"logo\":{\"@type\":\"ImageObject\",\"inLanguage\":\"es\",\"@id\":\"https:\\\/\\\/somos-hermanos.mx\\\/#\\\/schema\\\/logo\\\/image\\\/\",\"url\":\"https:\\\/\\\/somos-hermanos.mx\\\/wp-content\\\/uploads\\\/2025\\\/08\\\/SH30-1.jpeg\",\"contentUrl\":\"https:\\\/\\\/somos-hermanos.mx\\\/wp-content\\\/uploads\\\/2025\\\/08\\\/SH30-1.jpeg\",\"width\":1600,\"height\":1142,\"caption\":\"Somos Hermanos\"},\"image\":{\"@id\":\"https:\\\/\\\/somos-hermanos.mx\\\/#\\\/schema\\\/logo\\\/image\\\/\"},\"sameAs\":[\"https:\\\/\\\/www.facebook.com\\\/SomosHermanosIAP\\\/\",\"https:\\\/\\\/x.com\\\/Somos__Hermanos\",\"https:\\\/\\\/www.instagram.com\\\/somos__hermanos\\\/#\",\"https:\\\/\\\/www.tiktok.com\\\/@somoshermanosiap\",\"https:\\\/\\\/www.youtube.com\\\/@somoshermanosiap1201\\\/videos\"]},{\"@type\":\"Person\",\"@id\":\"https:\\\/\\\/somos-hermanos.mx\\\/#\\\/schema\\\/person\\\/ca47b05d4e7735cde01b6c20df3ff500\",\"name\":\"Ivon D\u00edaz Rojas\",\"image\":{\"@type\":\"ImageObject\",\"inLanguage\":\"es\",\"@id\":\"https:\\\/\\\/secure.gravatar.com\\\/avatar\\\/1c19107828bb690213f343d5aa89eef40d6744894d5f632754fec79e3043dbb3?s=96&d=mm&r=g\",\"url\":\"https:\\\/\\\/secure.gravatar.com\\\/avatar\\\/1c19107828bb690213f343d5aa89eef40d6744894d5f632754fec79e3043dbb3?s=96&d=mm&r=g\",\"contentUrl\":\"https:\\\/\\\/secure.gravatar.com\\\/avatar\\\/1c19107828bb690213f343d5aa89eef40d6744894d5f632754fec79e3043dbb3?s=96&d=mm&r=g\",\"caption\":\"Ivon D\u00edaz Rojas\"},\"url\":\"https:\\\/\\\/somos-hermanos.mx\\\/index.php\\\/author\\\/ivon-diaz-rojas\\\/\"}]}<\/script>\n<!-- \/ Yoast SEO plugin. -->","yoast_head_json":{"title":"\u00a1En abandono 100 millones de infantes! - Historias que inspiran...","robots":{"index":"index","follow":"follow","max-snippet":"max-snippet:-1","max-image-preview":"max-image-preview:large","max-video-preview":"max-video-preview:-1"},"canonical":"https:\/\/somos-hermanos.mx\/index.php\/2026\/01\/08\/en-abandono-100-millones-de-infantes\/","og_locale":"es_MX","og_type":"article","og_title":"\u00a1En abandono 100 millones de infantes! - Historias que inspiran...","og_description":"Existen 100 millones de infantes abandonados en todo el mundo, de los cuales 40 millones pertenecen a Am\u00e9rica Latina, seg\u00fan los informes del Fondo de las Naciones Unidas para la Infancia (UNICEF). El pasado 12 de abril se celebr\u00f3 el D\u00eda Internacional del ni\u00f1o o ni\u00f1a en situaci\u00f3n de calle, mismo que se celebra en [&hellip;]","og_url":"https:\/\/somos-hermanos.mx\/index.php\/2026\/01\/08\/en-abandono-100-millones-de-infantes\/","og_site_name":"Historias que inspiran...","article_publisher":"https:\/\/www.facebook.com\/SomosHermanosIAP\/","article_published_time":"2026-01-08T08:00:15+00:00","article_modified_time":"2026-01-11T01:13:25+00:00","og_image":[{"width":600,"height":800,"url":"https:\/\/somos-hermanos.mx\/wp-content\/uploads\/2026\/01\/img-20260107-wa00093821133028956456822.jpg","type":"image\/jpeg"}],"author":"Ivon D\u00edaz Rojas","twitter_card":"summary_large_image","twitter_creator":"@Somos__Hermanos","twitter_site":"@Somos__Hermanos","twitter_misc":{"Escrito por":"Ivon D\u00edaz Rojas","Tiempo de lectura":"3 minutos"},"schema":{"@context":"https:\/\/schema.org","@graph":[{"@type":"Article","@id":"https:\/\/somos-hermanos.mx\/index.php\/2026\/01\/08\/en-abandono-100-millones-de-infantes\/#article","isPartOf":{"@id":"https:\/\/somos-hermanos.mx\/index.php\/2026\/01\/08\/en-abandono-100-millones-de-infantes\/"},"author":{"name":"Ivon D\u00edaz Rojas","@id":"https:\/\/somos-hermanos.mx\/#\/schema\/person\/ca47b05d4e7735cde01b6c20df3ff500"},"headline":"\u00a1En abandono 100 millones de infantes!","datePublished":"2026-01-08T08:00:15+00:00","dateModified":"2026-01-11T01:13:25+00:00","mainEntityOfPage":{"@id":"https:\/\/somos-hermanos.mx\/index.php\/2026\/01\/08\/en-abandono-100-millones-de-infantes\/"},"wordCount":444,"commentCount":0,"publisher":{"@id":"https:\/\/somos-hermanos.mx\/#organization"},"image":{"@id":"https:\/\/somos-hermanos.mx\/index.php\/2026\/01\/08\/en-abandono-100-millones-de-infantes\/#primaryimage"},"thumbnailUrl":"https:\/\/somos-hermanos.mx\/wp-content\/uploads\/2026\/01\/img-20260107-wa00093821133028956456822.jpg","keywords":["abusadas","Am\u00e9rica Latina","calidad de vida","D\u00eda Internacional del ni\u00f1o","discriminadas","en situaci\u00f3n de calle","entrega de ropa","Fondo de las Naciones Unidas","Fundaci\u00f3n Esperanza Luz Del Sol","infantes abandonados","madres solteras","mujeres vulnerables","Neza","Nezahualc\u00f3yotl","personas de la tercera edad","personas en situaci\u00f3n de calle","Senado de la Rep\u00fablica","sociedad civil","Tlalpan","UNICEF","violentadas","zona metropolitana"],"articleSection":["Noticias"],"inLanguage":"es","potentialAction":[{"@type":"CommentAction","name":"Comment","target":["https:\/\/somos-hermanos.mx\/index.php\/2026\/01\/08\/en-abandono-100-millones-de-infantes\/#respond"]}]},{"@type":"WebPage","@id":"https:\/\/somos-hermanos.mx\/index.php\/2026\/01\/08\/en-abandono-100-millones-de-infantes\/","url":"https:\/\/somos-hermanos.mx\/index.php\/2026\/01\/08\/en-abandono-100-millones-de-infantes\/","name":"\u00a1En abandono 100 millones de infantes! - Historias que inspiran...","isPartOf":{"@id":"https:\/\/somos-hermanos.mx\/#website"},"primaryImageOfPage":{"@id":"https:\/\/somos-hermanos.mx\/index.php\/2026\/01\/08\/en-abandono-100-millones-de-infantes\/#primaryimage"},"image":{"@id":"https:\/\/somos-hermanos.mx\/index.php\/2026\/01\/08\/en-abandono-100-millones-de-infantes\/#primaryimage"},"thumbnailUrl":"https:\/\/somos-hermanos.mx\/wp-content\/uploads\/2026\/01\/img-20260107-wa00093821133028956456822.jpg","datePublished":"2026-01-08T08:00:15+00:00","dateModified":"2026-01-11T01:13:25+00:00","breadcrumb":{"@id":"https:\/\/somos-hermanos.mx\/index.php\/2026\/01\/08\/en-abandono-100-millones-de-infantes\/#breadcrumb"},"inLanguage":"es","potentialAction":[{"@type":"ReadAction","target":["https:\/\/somos-hermanos.mx\/index.php\/2026\/01\/08\/en-abandono-100-millones-de-infantes\/"]}]},{"@type":"ImageObject","inLanguage":"es","@id":"https:\/\/somos-hermanos.mx\/index.php\/2026\/01\/08\/en-abandono-100-millones-de-infantes\/#primaryimage","url":"https:\/\/somos-hermanos.mx\/wp-content\/uploads\/2026\/01\/img-20260107-wa00093821133028956456822.jpg","contentUrl":"https:\/\/somos-hermanos.mx\/wp-content\/uploads\/2026\/01\/img-20260107-wa00093821133028956456822.jpg","width":600,"height":800},{"@type":"BreadcrumbList","@id":"https:\/\/somos-hermanos.mx\/index.php\/2026\/01\/08\/en-abandono-100-millones-de-infantes\/#breadcrumb","itemListElement":[{"@type":"ListItem","position":1,"name":"Inicio","item":"https:\/\/somos-hermanos.mx\/"},{"@type":"ListItem","position":2,"name":"\u00a1En abandono 100 millones de infantes!"}]},{"@type":"WebSite","@id":"https:\/\/somos-hermanos.mx\/#website","url":"https:\/\/somos-hermanos.mx\/","name":"Historias que inspiran...","description":"Somos la voz del altruismo en M\u00e9xico","publisher":{"@id":"https:\/\/somos-hermanos.mx\/#organization"},"potentialAction":[{"@type":"SearchAction","target":{"@type":"EntryPoint","urlTemplate":"https:\/\/somos-hermanos.mx\/?s={search_term_string}"},"query-input":{"@type":"PropertyValueSpecification","valueRequired":true,"valueName":"search_term_string"}}],"inLanguage":"es"},{"@type":"Organization","@id":"https:\/\/somos-hermanos.mx\/#organization","name":"Somos Hermanos","url":"https:\/\/somos-hermanos.mx\/","logo":{"@type":"ImageObject","inLanguage":"es","@id":"https:\/\/somos-hermanos.mx\/#\/schema\/logo\/image\/","url":"https:\/\/somos-hermanos.mx\/wp-content\/uploads\/2025\/08\/SH30-1.jpeg","contentUrl":"https:\/\/somos-hermanos.mx\/wp-content\/uploads\/2025\/08\/SH30-1.jpeg","width":1600,"height":1142,"caption":"Somos Hermanos"},"image":{"@id":"https:\/\/somos-hermanos.mx\/#\/schema\/logo\/image\/"},"sameAs":["https:\/\/www.facebook.com\/SomosHermanosIAP\/","https:\/\/x.com\/Somos__Hermanos","https:\/\/www.instagram.com\/somos__hermanos\/#","https:\/\/www.tiktok.com\/@somoshermanosiap","https:\/\/www.youtube.com\/@somoshermanosiap1201\/videos"]},{"@type":"Person","@id":"https:\/\/somos-hermanos.mx\/#\/schema\/person\/ca47b05d4e7735cde01b6c20df3ff500","name":"Ivon D\u00edaz Rojas","image":{"@type":"ImageObject","inLanguage":"es","@id":"https:\/\/secure.gravatar.com\/avatar\/1c19107828bb690213f343d5aa89eef40d6744894d5f632754fec79e3043dbb3?s=96&d=mm&r=g","url":"https:\/\/secure.gravatar.com\/avatar\/1c19107828bb690213f343d5aa89eef40d6744894d5f632754fec79e3043dbb3?s=96&d=mm&r=g","contentUrl":"https:\/\/secure.gravatar.com\/avatar\/1c19107828bb690213f343d5aa89eef40d6744894d5f632754fec79e3043dbb3?s=96&d=mm&r=g","caption":"Ivon D\u00edaz Rojas"},"url":"https:\/\/somos-hermanos.mx\/index.php\/author\/ivon-diaz-rojas\/"}]}},"_links":{"self":[{"href":"https:\/\/somos-hermanos.mx\/index.php\/wp-json\/wp\/v2\/posts\/2515","targetHints":{"allow":["GET"]}}],"collection":[{"href":"https:\/\/somos-hermanos.mx\/index.php\/wp-json\/wp\/v2\/posts"}],"about":[{"href":"https:\/\/somos-hermanos.mx\/index.php\/wp-json\/wp\/v2\/types\/post"}],"author":[{"embeddable":true,"href":"https:\/\/somos-hermanos.mx\/index.php\/wp-json\/wp\/v2\/users\/14"}],"replies":[{"embeddable":true,"href":"https:\/\/somos-hermanos.mx\/index.php\/wp-json\/wp\/v2\/comments?post=2515"}],"version-history":[{"count":2,"href":"https:\/\/somos-hermanos.mx\/index.php\/wp-json\/wp\/v2\/posts\/2515\/revisions"}],"predecessor-version":[{"id":2517,"href":"https:\/\/somos-hermanos.mx\/index.php\/wp-json\/wp\/v2\/posts\/2515\/revisions\/2517"}],"wp:featuredmedia":[{"embeddable":true,"href":"https:\/\/somos-hermanos.mx\/index.php\/wp-json\/wp\/v2\/media\/2508"}],"wp:attachment":[{"href":"https:\/\/somos-hermanos.mx\/index.php\/wp-json\/wp\/v2\/media?parent=2515"}],"wp:term":[{"taxonomy":"category","embeddable":true,"href":"https:\/\/somos-hermanos.mx\/index.php\/wp-json\/wp\/v2\/categories?post=2515"},{"taxonomy":"post_tag","embeddable":true,"href":"https:\/\/somos-hermanos.mx\/index.php\/wp-json\/wp\/v2\/tags?post=2515"}],"curies":[{"name":"wp","href":"https:\/\/api.w.org\/{rel}","templated":true}]}}