{"id":2351,"date":"2025-12-12T04:34:13","date_gmt":"2025-12-12T10:34:13","guid":{"rendered":"https:\/\/somos-hermanos.mx\/?p=2351"},"modified":"2025-12-12T04:34:13","modified_gmt":"2025-12-12T10:34:13","slug":"una-navidad-solidaria-y-con-mucha-ayuda","status":"publish","type":"post","link":"https:\/\/somos-hermanos.mx\/index.php\/2025\/12\/12\/una-navidad-solidaria-y-con-mucha-ayuda\/","title":{"rendered":"Una Navidad solidaria y con mucha ayuda"},"content":{"rendered":"<p>La magia y el esp\u00edritu de la navidad se hizo presente en el patio central de <strong>Ayuda y Solidaridad con las Ni\u00f1as IAP.<\/strong>\u00a0En un momento todo se transform\u00f3, y aquello se convirti\u00f3 en un gran <strong>Festejo Navide\u00f1o<\/strong>\u00a0que acompa\u00f1\u00f3 a las beneficiarias, equipo operativo, patronato, aliados y voluntarios. Ah\u00ed todos unidos como si fuera una sola familia, cantaron y bailaron los villancicos, as\u00ed como la emoci\u00f3n de ver la representaci\u00f3n de una pastorela en donde los actores y actrices fueron algunos de los directivos de la organizaci\u00f3n.<\/p>\n<p>Al respecto, Leticia Becerril Palacios, directora general de la IAP destac\u00f3 <strong>la importancia de celebrar y cerrar con broche de oro el 2025. <\/strong>\u201cHoy estamos de fiesta, celebrando que existimos, aliados, donantes, voluntarios, proveedores, familiares, autoridades y todos los que hacen posible que <strong>nuestras ni\u00f1as reciban una atenci\u00f3n personalizada, human\u00edstica de acuerdo a lo que ellas necesitan y sus anhelos\u201d.<\/strong><\/p>\n<p>Se\u00f1al\u00f3 que las 54 ni\u00f1as que atienden en Ayuda y Solidaridad, viven rodeadas de amor en un hogar, en donde el apoyo es incondicional los 7 d\u00edas de la semana las 24 horas del d\u00eda, ya que ellas vienen de situaciones de vulnerabilidad, ya sea por pobreza extrema, riesgo social, omisi\u00f3n de cuidados parentales y lamentablemente, varios tipos de violencia.<\/p>\n<p>Por lo que, este d\u00eda, dijo Becerril Palacios las ni\u00f1as <strong>mostraron sus habilidades art\u00edsticas a trav\u00e9s de la ejecuci\u00f3n de instrumentos musicales con cantos navide\u00f1os, adem\u00e1s del coro, bailes, incluida la pastorela <\/strong>en donde resalt\u00f3 los valores que perseguimos en la IAP y cerramos el evento con n\u00famero danc\u00edstico en donde nuestras ni\u00f1as mostraron sus habilidades psicomotrices a trav\u00e9s del gusto por el baile.<\/p>\n<p>Por \u00faltimo, refiri\u00f3 que Ayuda y Solidaridad con las Ni\u00f1as IAP tiene 32 a\u00f1os de experiencia en el que todo el tiempo est\u00e1n a la vanguardia y haciendo mejoras para ofrecer a sus ni\u00f1as un enfoque humanista en donde continuamente exista una disciplina positiva que permita una crianza respetuosa.<\/p>\n<p>\u201cHoy estamos practicando el c\u00f3mo si se puede hacer una crianza con ternura basada en derechos humanos y en el inter\u00e9s superior de la ni\u00f1ez y que sobre todo un personal profesional adem\u00e1s de comprometido que tenga los conocimientos para <strong>romper los ciclos de violencia y de pobreza que el contexto ha impregnado a estas peque\u00f1as\u201d.<\/strong><\/p>\n<p>Aunado al festejo, las ni\u00f1as, adolescentes y j\u00f3venes de la IAP rindieron homenaje a Ana del R\u00edo, quien dej\u00f3 el cargo de presidenta del patronato, y quien recibi\u00f3 abrazos, besos, flores, regalos, pero lo m\u00e1s emotivo fue cuando cada una de las peque\u00f1as ley\u00f3 un mensaje de agradecimiento por la loable labor y su apoyo para que el trabajo de Ayuda y Solidaridad permanezca en el tiempo y contin\u00faen ayudando a mujeres que son v\u00edctimas de contextos de violencia.<\/p>\n<p>Ah\u00ed, Ana del R\u00edo destac\u00f3 que se mantuvo como presidenta del patronato durante 10 a\u00f1os, y que fue un verdadero reto estar ah\u00ed, sin embargo, lo importante es ver los logros de cada peque\u00f1a y que han salido adelante.<\/p>\n<p>\u201cTodas tenemos ese sue\u00f1o de que las ni\u00f1as se vuelvan en su mejor versi\u00f3n; que se enfrenten al mundo lo mejor posible, preparadas y que tengan un espacio propio, un hogar c\u00e1lido lleno de amor, aprendizaje y ense\u00f1anzas\u201d, concluy\u00f3 Del R\u00edo.<\/p>\n<p><img loading=\"lazy\" decoding=\"async\" class=\"aligncenter wp-image-2344 \" src=\"https:\/\/somos-hermanos.mx\/wp-content\/uploads\/2025\/12\/img-20251211-wa00131644362922883394234.jpg\" alt=\"\" width=\"509\" height=\"382\" srcset=\"https:\/\/somos-hermanos.mx\/wp-content\/uploads\/2025\/12\/img-20251211-wa00131644362922883394234.jpg 809w, https:\/\/somos-hermanos.mx\/wp-content\/uploads\/2025\/12\/img-20251211-wa00131644362922883394234-300x225.jpg 300w, https:\/\/somos-hermanos.mx\/wp-content\/uploads\/2025\/12\/img-20251211-wa00131644362922883394234-768x576.jpg 768w\" sizes=\"auto, (max-width: 509px) 100vw, 509px\" \/><\/p>\n","protected":false},"excerpt":{"rendered":"<p>La magia y el esp\u00edritu de la navidad se hizo presente en el patio central de Ayuda y Solidaridad con las Ni\u00f1as IAP.\u00a0En un momento todo se transform\u00f3, y aquello se convirti\u00f3 en un gran Festejo Navide\u00f1o\u00a0que acompa\u00f1\u00f3 a las beneficiarias, equipo operativo, patronato, aliados y voluntarios. Ah\u00ed todos unidos como si fuera una sola [&hellip;]<\/p>\n","protected":false},"author":8,"featured_media":2346,"comment_status":"open","ping_status":"closed","sticky":false,"template":"","format":"standard","meta":{"footnotes":""},"categories":[6],"tags":[2636,2631,2633,2639,2634,2632,2638,2635,2640,2428,2637],"class_list":["post-2351","post","type-post","status-publish","format-standard","has-post-thumbnail","hentry","category-noticias","tag-aliados","tag-ayuda-y-solidaridad-con-las-ninas","tag-beneficiarias","tag-cantos-navidenos","tag-equipo-operativo","tag-festejo-navideno","tag-pastorela","tag-patronato","tag-pobreza","tag-violencia","tag-voluntarios"],"yoast_head":"<!-- This site is optimized with the Yoast SEO plugin v27.5 - https:\/\/yoast.com\/product\/yoast-seo-wordpress\/ -->\n<title>Una Navidad solidaria y con mucha ayuda - Historias que inspiran...<\/title>\n<meta name=\"robots\" content=\"index, follow, max-snippet:-1, max-image-preview:large, max-video-preview:-1\" \/>\n<link rel=\"canonical\" href=\"https:\/\/somos-hermanos.mx\/index.php\/2025\/12\/12\/una-navidad-solidaria-y-con-mucha-ayuda\/\" \/>\n<meta property=\"og:locale\" content=\"es_MX\" \/>\n<meta property=\"og:type\" content=\"article\" \/>\n<meta property=\"og:title\" content=\"Una Navidad solidaria y con mucha ayuda - Historias que inspiran...\" \/>\n<meta property=\"og:description\" content=\"La magia y el esp\u00edritu de la navidad se hizo presente en el patio central de Ayuda y Solidaridad con las Ni\u00f1as IAP.\u00a0En un momento todo se transform\u00f3, y aquello se convirti\u00f3 en un gran Festejo Navide\u00f1o\u00a0que acompa\u00f1\u00f3 a las beneficiarias, equipo operativo, patronato, aliados y voluntarios. Ah\u00ed todos unidos como si fuera una sola [&hellip;]\" \/>\n<meta property=\"og:url\" content=\"https:\/\/somos-hermanos.mx\/index.php\/2025\/12\/12\/una-navidad-solidaria-y-con-mucha-ayuda\/\" \/>\n<meta property=\"og:site_name\" content=\"Historias que inspiran...\" \/>\n<meta property=\"article:publisher\" content=\"https:\/\/www.facebook.com\/SomosHermanosIAP\/\" \/>\n<meta property=\"article:published_time\" content=\"2025-12-12T10:34:13+00:00\" \/>\n<meta property=\"og:image\" content=\"https:\/\/somos-hermanos.mx\/wp-content\/uploads\/2025\/12\/img-20251211-wa00156713571817131893676.jpg\" \/>\n\t<meta property=\"og:image:width\" content=\"806\" \/>\n\t<meta property=\"og:image:height\" content=\"607\" \/>\n\t<meta property=\"og:image:type\" content=\"image\/jpeg\" \/>\n<meta name=\"author\" content=\"Jes\u00fas Arizmendi\" \/>\n<meta name=\"twitter:card\" content=\"summary_large_image\" \/>\n<meta name=\"twitter:creator\" content=\"@Somos__Hermanos\" \/>\n<meta name=\"twitter:site\" content=\"@Somos__Hermanos\" \/>\n<meta name=\"twitter:label1\" content=\"Escrito por\" \/>\n\t<meta name=\"twitter:data1\" content=\"Jes\u00fas Arizmendi\" \/>\n\t<meta name=\"twitter:label2\" content=\"Tiempo de lectura\" \/>\n\t<meta name=\"twitter:data2\" content=\"3 minutos\" \/>\n<script type=\"application\/ld+json\" class=\"yoast-schema-graph\">{\"@context\":\"https:\\\/\\\/schema.org\",\"@graph\":[{\"@type\":\"Article\",\"@id\":\"https:\\\/\\\/somos-hermanos.mx\\\/index.php\\\/2025\\\/12\\\/12\\\/una-navidad-solidaria-y-con-mucha-ayuda\\\/#article\",\"isPartOf\":{\"@id\":\"https:\\\/\\\/somos-hermanos.mx\\\/index.php\\\/2025\\\/12\\\/12\\\/una-navidad-solidaria-y-con-mucha-ayuda\\\/\"},\"author\":{\"name\":\"Jes\u00fas Arizmendi\",\"@id\":\"https:\\\/\\\/somos-hermanos.mx\\\/#\\\/schema\\\/person\\\/945cdfed39314d9db1242f593aecb908\"},\"headline\":\"Una Navidad solidaria y con mucha ayuda\",\"datePublished\":\"2025-12-12T10:34:13+00:00\",\"mainEntityOfPage\":{\"@id\":\"https:\\\/\\\/somos-hermanos.mx\\\/index.php\\\/2025\\\/12\\\/12\\\/una-navidad-solidaria-y-con-mucha-ayuda\\\/\"},\"wordCount\":587,\"commentCount\":0,\"publisher\":{\"@id\":\"https:\\\/\\\/somos-hermanos.mx\\\/#organization\"},\"image\":{\"@id\":\"https:\\\/\\\/somos-hermanos.mx\\\/index.php\\\/2025\\\/12\\\/12\\\/una-navidad-solidaria-y-con-mucha-ayuda\\\/#primaryimage\"},\"thumbnailUrl\":\"https:\\\/\\\/somos-hermanos.mx\\\/wp-content\\\/uploads\\\/2025\\\/12\\\/img-20251211-wa00156713571817131893676.jpg\",\"keywords\":[\"aliados\",\"Ayuda y Solidaridad con las Ni\u00f1as\",\"beneficiarias\",\"cantos navide\u00f1os\",\"equipo operativo\",\"Festejo Navide\u00f1o\",\"pastorela\",\"patronato\",\"pobreza\",\"violencia\",\"voluntarios\"],\"articleSection\":[\"Noticias\"],\"inLanguage\":\"es\",\"potentialAction\":[{\"@type\":\"CommentAction\",\"name\":\"Comment\",\"target\":[\"https:\\\/\\\/somos-hermanos.mx\\\/index.php\\\/2025\\\/12\\\/12\\\/una-navidad-solidaria-y-con-mucha-ayuda\\\/#respond\"]}]},{\"@type\":\"WebPage\",\"@id\":\"https:\\\/\\\/somos-hermanos.mx\\\/index.php\\\/2025\\\/12\\\/12\\\/una-navidad-solidaria-y-con-mucha-ayuda\\\/\",\"url\":\"https:\\\/\\\/somos-hermanos.mx\\\/index.php\\\/2025\\\/12\\\/12\\\/una-navidad-solidaria-y-con-mucha-ayuda\\\/\",\"name\":\"Una Navidad solidaria y con mucha ayuda - Historias que inspiran...\",\"isPartOf\":{\"@id\":\"https:\\\/\\\/somos-hermanos.mx\\\/#website\"},\"primaryImageOfPage\":{\"@id\":\"https:\\\/\\\/somos-hermanos.mx\\\/index.php\\\/2025\\\/12\\\/12\\\/una-navidad-solidaria-y-con-mucha-ayuda\\\/#primaryimage\"},\"image\":{\"@id\":\"https:\\\/\\\/somos-hermanos.mx\\\/index.php\\\/2025\\\/12\\\/12\\\/una-navidad-solidaria-y-con-mucha-ayuda\\\/#primaryimage\"},\"thumbnailUrl\":\"https:\\\/\\\/somos-hermanos.mx\\\/wp-content\\\/uploads\\\/2025\\\/12\\\/img-20251211-wa00156713571817131893676.jpg\",\"datePublished\":\"2025-12-12T10:34:13+00:00\",\"breadcrumb\":{\"@id\":\"https:\\\/\\\/somos-hermanos.mx\\\/index.php\\\/2025\\\/12\\\/12\\\/una-navidad-solidaria-y-con-mucha-ayuda\\\/#breadcrumb\"},\"inLanguage\":\"es\",\"potentialAction\":[{\"@type\":\"ReadAction\",\"target\":[\"https:\\\/\\\/somos-hermanos.mx\\\/index.php\\\/2025\\\/12\\\/12\\\/una-navidad-solidaria-y-con-mucha-ayuda\\\/\"]}]},{\"@type\":\"ImageObject\",\"inLanguage\":\"es\",\"@id\":\"https:\\\/\\\/somos-hermanos.mx\\\/index.php\\\/2025\\\/12\\\/12\\\/una-navidad-solidaria-y-con-mucha-ayuda\\\/#primaryimage\",\"url\":\"https:\\\/\\\/somos-hermanos.mx\\\/wp-content\\\/uploads\\\/2025\\\/12\\\/img-20251211-wa00156713571817131893676.jpg\",\"contentUrl\":\"https:\\\/\\\/somos-hermanos.mx\\\/wp-content\\\/uploads\\\/2025\\\/12\\\/img-20251211-wa00156713571817131893676.jpg\",\"width\":806,\"height\":607},{\"@type\":\"BreadcrumbList\",\"@id\":\"https:\\\/\\\/somos-hermanos.mx\\\/index.php\\\/2025\\\/12\\\/12\\\/una-navidad-solidaria-y-con-mucha-ayuda\\\/#breadcrumb\",\"itemListElement\":[{\"@type\":\"ListItem\",\"position\":1,\"name\":\"Inicio\",\"item\":\"https:\\\/\\\/somos-hermanos.mx\\\/\"},{\"@type\":\"ListItem\",\"position\":2,\"name\":\"Una Navidad solidaria y con mucha ayuda\"}]},{\"@type\":\"WebSite\",\"@id\":\"https:\\\/\\\/somos-hermanos.mx\\\/#website\",\"url\":\"https:\\\/\\\/somos-hermanos.mx\\\/\",\"name\":\"Historias que inspiran...\",\"description\":\"Somos la voz del altruismo en M\u00e9xico\",\"publisher\":{\"@id\":\"https:\\\/\\\/somos-hermanos.mx\\\/#organization\"},\"potentialAction\":[{\"@type\":\"SearchAction\",\"target\":{\"@type\":\"EntryPoint\",\"urlTemplate\":\"https:\\\/\\\/somos-hermanos.mx\\\/?s={search_term_string}\"},\"query-input\":{\"@type\":\"PropertyValueSpecification\",\"valueRequired\":true,\"valueName\":\"search_term_string\"}}],\"inLanguage\":\"es\"},{\"@type\":\"Organization\",\"@id\":\"https:\\\/\\\/somos-hermanos.mx\\\/#organization\",\"name\":\"Somos Hermanos\",\"url\":\"https:\\\/\\\/somos-hermanos.mx\\\/\",\"logo\":{\"@type\":\"ImageObject\",\"inLanguage\":\"es\",\"@id\":\"https:\\\/\\\/somos-hermanos.mx\\\/#\\\/schema\\\/logo\\\/image\\\/\",\"url\":\"https:\\\/\\\/somos-hermanos.mx\\\/wp-content\\\/uploads\\\/2025\\\/08\\\/SH30-1.jpeg\",\"contentUrl\":\"https:\\\/\\\/somos-hermanos.mx\\\/wp-content\\\/uploads\\\/2025\\\/08\\\/SH30-1.jpeg\",\"width\":1600,\"height\":1142,\"caption\":\"Somos Hermanos\"},\"image\":{\"@id\":\"https:\\\/\\\/somos-hermanos.mx\\\/#\\\/schema\\\/logo\\\/image\\\/\"},\"sameAs\":[\"https:\\\/\\\/www.facebook.com\\\/SomosHermanosIAP\\\/\",\"https:\\\/\\\/x.com\\\/Somos__Hermanos\",\"https:\\\/\\\/www.instagram.com\\\/somos__hermanos\\\/#\",\"https:\\\/\\\/www.tiktok.com\\\/@somoshermanosiap\",\"https:\\\/\\\/www.youtube.com\\\/@somoshermanosiap1201\\\/videos\"]},{\"@type\":\"Person\",\"@id\":\"https:\\\/\\\/somos-hermanos.mx\\\/#\\\/schema\\\/person\\\/945cdfed39314d9db1242f593aecb908\",\"name\":\"Jes\u00fas Arizmendi\",\"image\":{\"@type\":\"ImageObject\",\"inLanguage\":\"es\",\"@id\":\"https:\\\/\\\/secure.gravatar.com\\\/avatar\\\/9d2f2284f2cc108aae42b8fdb13afa29b801f64001b731516b830e4926cc1b4b?s=96&d=mm&r=g\",\"url\":\"https:\\\/\\\/secure.gravatar.com\\\/avatar\\\/9d2f2284f2cc108aae42b8fdb13afa29b801f64001b731516b830e4926cc1b4b?s=96&d=mm&r=g\",\"contentUrl\":\"https:\\\/\\\/secure.gravatar.com\\\/avatar\\\/9d2f2284f2cc108aae42b8fdb13afa29b801f64001b731516b830e4926cc1b4b?s=96&d=mm&r=g\",\"caption\":\"Jes\u00fas Arizmendi\"},\"url\":\"https:\\\/\\\/somos-hermanos.mx\\\/index.php\\\/author\\\/jesus-arizmendi\\\/\"}]}<\/script>\n<!-- \/ Yoast SEO plugin. -->","yoast_head_json":{"title":"Una Navidad solidaria y con mucha ayuda - Historias que inspiran...","robots":{"index":"index","follow":"follow","max-snippet":"max-snippet:-1","max-image-preview":"max-image-preview:large","max-video-preview":"max-video-preview:-1"},"canonical":"https:\/\/somos-hermanos.mx\/index.php\/2025\/12\/12\/una-navidad-solidaria-y-con-mucha-ayuda\/","og_locale":"es_MX","og_type":"article","og_title":"Una Navidad solidaria y con mucha ayuda - Historias que inspiran...","og_description":"La magia y el esp\u00edritu de la navidad se hizo presente en el patio central de Ayuda y Solidaridad con las Ni\u00f1as IAP.\u00a0En un momento todo se transform\u00f3, y aquello se convirti\u00f3 en un gran Festejo Navide\u00f1o\u00a0que acompa\u00f1\u00f3 a las beneficiarias, equipo operativo, patronato, aliados y voluntarios. Ah\u00ed todos unidos como si fuera una sola [&hellip;]","og_url":"https:\/\/somos-hermanos.mx\/index.php\/2025\/12\/12\/una-navidad-solidaria-y-con-mucha-ayuda\/","og_site_name":"Historias que inspiran...","article_publisher":"https:\/\/www.facebook.com\/SomosHermanosIAP\/","article_published_time":"2025-12-12T10:34:13+00:00","og_image":[{"width":806,"height":607,"url":"https:\/\/somos-hermanos.mx\/wp-content\/uploads\/2025\/12\/img-20251211-wa00156713571817131893676.jpg","type":"image\/jpeg"}],"author":"Jes\u00fas Arizmendi","twitter_card":"summary_large_image","twitter_creator":"@Somos__Hermanos","twitter_site":"@Somos__Hermanos","twitter_misc":{"Escrito por":"Jes\u00fas Arizmendi","Tiempo de lectura":"3 minutos"},"schema":{"@context":"https:\/\/schema.org","@graph":[{"@type":"Article","@id":"https:\/\/somos-hermanos.mx\/index.php\/2025\/12\/12\/una-navidad-solidaria-y-con-mucha-ayuda\/#article","isPartOf":{"@id":"https:\/\/somos-hermanos.mx\/index.php\/2025\/12\/12\/una-navidad-solidaria-y-con-mucha-ayuda\/"},"author":{"name":"Jes\u00fas Arizmendi","@id":"https:\/\/somos-hermanos.mx\/#\/schema\/person\/945cdfed39314d9db1242f593aecb908"},"headline":"Una Navidad solidaria y con mucha ayuda","datePublished":"2025-12-12T10:34:13+00:00","mainEntityOfPage":{"@id":"https:\/\/somos-hermanos.mx\/index.php\/2025\/12\/12\/una-navidad-solidaria-y-con-mucha-ayuda\/"},"wordCount":587,"commentCount":0,"publisher":{"@id":"https:\/\/somos-hermanos.mx\/#organization"},"image":{"@id":"https:\/\/somos-hermanos.mx\/index.php\/2025\/12\/12\/una-navidad-solidaria-y-con-mucha-ayuda\/#primaryimage"},"thumbnailUrl":"https:\/\/somos-hermanos.mx\/wp-content\/uploads\/2025\/12\/img-20251211-wa00156713571817131893676.jpg","keywords":["aliados","Ayuda y Solidaridad con las Ni\u00f1as","beneficiarias","cantos navide\u00f1os","equipo operativo","Festejo Navide\u00f1o","pastorela","patronato","pobreza","violencia","voluntarios"],"articleSection":["Noticias"],"inLanguage":"es","potentialAction":[{"@type":"CommentAction","name":"Comment","target":["https:\/\/somos-hermanos.mx\/index.php\/2025\/12\/12\/una-navidad-solidaria-y-con-mucha-ayuda\/#respond"]}]},{"@type":"WebPage","@id":"https:\/\/somos-hermanos.mx\/index.php\/2025\/12\/12\/una-navidad-solidaria-y-con-mucha-ayuda\/","url":"https:\/\/somos-hermanos.mx\/index.php\/2025\/12\/12\/una-navidad-solidaria-y-con-mucha-ayuda\/","name":"Una Navidad solidaria y con mucha ayuda - Historias que inspiran...","isPartOf":{"@id":"https:\/\/somos-hermanos.mx\/#website"},"primaryImageOfPage":{"@id":"https:\/\/somos-hermanos.mx\/index.php\/2025\/12\/12\/una-navidad-solidaria-y-con-mucha-ayuda\/#primaryimage"},"image":{"@id":"https:\/\/somos-hermanos.mx\/index.php\/2025\/12\/12\/una-navidad-solidaria-y-con-mucha-ayuda\/#primaryimage"},"thumbnailUrl":"https:\/\/somos-hermanos.mx\/wp-content\/uploads\/2025\/12\/img-20251211-wa00156713571817131893676.jpg","datePublished":"2025-12-12T10:34:13+00:00","breadcrumb":{"@id":"https:\/\/somos-hermanos.mx\/index.php\/2025\/12\/12\/una-navidad-solidaria-y-con-mucha-ayuda\/#breadcrumb"},"inLanguage":"es","potentialAction":[{"@type":"ReadAction","target":["https:\/\/somos-hermanos.mx\/index.php\/2025\/12\/12\/una-navidad-solidaria-y-con-mucha-ayuda\/"]}]},{"@type":"ImageObject","inLanguage":"es","@id":"https:\/\/somos-hermanos.mx\/index.php\/2025\/12\/12\/una-navidad-solidaria-y-con-mucha-ayuda\/#primaryimage","url":"https:\/\/somos-hermanos.mx\/wp-content\/uploads\/2025\/12\/img-20251211-wa00156713571817131893676.jpg","contentUrl":"https:\/\/somos-hermanos.mx\/wp-content\/uploads\/2025\/12\/img-20251211-wa00156713571817131893676.jpg","width":806,"height":607},{"@type":"BreadcrumbList","@id":"https:\/\/somos-hermanos.mx\/index.php\/2025\/12\/12\/una-navidad-solidaria-y-con-mucha-ayuda\/#breadcrumb","itemListElement":[{"@type":"ListItem","position":1,"name":"Inicio","item":"https:\/\/somos-hermanos.mx\/"},{"@type":"ListItem","position":2,"name":"Una Navidad solidaria y con mucha ayuda"}]},{"@type":"WebSite","@id":"https:\/\/somos-hermanos.mx\/#website","url":"https:\/\/somos-hermanos.mx\/","name":"Historias que inspiran...","description":"Somos la voz del altruismo en M\u00e9xico","publisher":{"@id":"https:\/\/somos-hermanos.mx\/#organization"},"potentialAction":[{"@type":"SearchAction","target":{"@type":"EntryPoint","urlTemplate":"https:\/\/somos-hermanos.mx\/?s={search_term_string}"},"query-input":{"@type":"PropertyValueSpecification","valueRequired":true,"valueName":"search_term_string"}}],"inLanguage":"es"},{"@type":"Organization","@id":"https:\/\/somos-hermanos.mx\/#organization","name":"Somos Hermanos","url":"https:\/\/somos-hermanos.mx\/","logo":{"@type":"ImageObject","inLanguage":"es","@id":"https:\/\/somos-hermanos.mx\/#\/schema\/logo\/image\/","url":"https:\/\/somos-hermanos.mx\/wp-content\/uploads\/2025\/08\/SH30-1.jpeg","contentUrl":"https:\/\/somos-hermanos.mx\/wp-content\/uploads\/2025\/08\/SH30-1.jpeg","width":1600,"height":1142,"caption":"Somos Hermanos"},"image":{"@id":"https:\/\/somos-hermanos.mx\/#\/schema\/logo\/image\/"},"sameAs":["https:\/\/www.facebook.com\/SomosHermanosIAP\/","https:\/\/x.com\/Somos__Hermanos","https:\/\/www.instagram.com\/somos__hermanos\/#","https:\/\/www.tiktok.com\/@somoshermanosiap","https:\/\/www.youtube.com\/@somoshermanosiap1201\/videos"]},{"@type":"Person","@id":"https:\/\/somos-hermanos.mx\/#\/schema\/person\/945cdfed39314d9db1242f593aecb908","name":"Jes\u00fas Arizmendi","image":{"@type":"ImageObject","inLanguage":"es","@id":"https:\/\/secure.gravatar.com\/avatar\/9d2f2284f2cc108aae42b8fdb13afa29b801f64001b731516b830e4926cc1b4b?s=96&d=mm&r=g","url":"https:\/\/secure.gravatar.com\/avatar\/9d2f2284f2cc108aae42b8fdb13afa29b801f64001b731516b830e4926cc1b4b?s=96&d=mm&r=g","contentUrl":"https:\/\/secure.gravatar.com\/avatar\/9d2f2284f2cc108aae42b8fdb13afa29b801f64001b731516b830e4926cc1b4b?s=96&d=mm&r=g","caption":"Jes\u00fas Arizmendi"},"url":"https:\/\/somos-hermanos.mx\/index.php\/author\/jesus-arizmendi\/"}]}},"_links":{"self":[{"href":"https:\/\/somos-hermanos.mx\/index.php\/wp-json\/wp\/v2\/posts\/2351","targetHints":{"allow":["GET"]}}],"collection":[{"href":"https:\/\/somos-hermanos.mx\/index.php\/wp-json\/wp\/v2\/posts"}],"about":[{"href":"https:\/\/somos-hermanos.mx\/index.php\/wp-json\/wp\/v2\/types\/post"}],"author":[{"embeddable":true,"href":"https:\/\/somos-hermanos.mx\/index.php\/wp-json\/wp\/v2\/users\/8"}],"replies":[{"embeddable":true,"href":"https:\/\/somos-hermanos.mx\/index.php\/wp-json\/wp\/v2\/comments?post=2351"}],"version-history":[{"count":1,"href":"https:\/\/somos-hermanos.mx\/index.php\/wp-json\/wp\/v2\/posts\/2351\/revisions"}],"predecessor-version":[{"id":2352,"href":"https:\/\/somos-hermanos.mx\/index.php\/wp-json\/wp\/v2\/posts\/2351\/revisions\/2352"}],"wp:featuredmedia":[{"embeddable":true,"href":"https:\/\/somos-hermanos.mx\/index.php\/wp-json\/wp\/v2\/media\/2346"}],"wp:attachment":[{"href":"https:\/\/somos-hermanos.mx\/index.php\/wp-json\/wp\/v2\/media?parent=2351"}],"wp:term":[{"taxonomy":"category","embeddable":true,"href":"https:\/\/somos-hermanos.mx\/index.php\/wp-json\/wp\/v2\/categories?post=2351"},{"taxonomy":"post_tag","embeddable":true,"href":"https:\/\/somos-hermanos.mx\/index.php\/wp-json\/wp\/v2\/tags?post=2351"}],"curies":[{"name":"wp","href":"https:\/\/api.w.org\/{rel}","templated":true}]}}