{"id":2136,"date":"2025-11-12T06:59:43","date_gmt":"2025-11-12T12:59:43","guid":{"rendered":"https:\/\/somos-hermanos.mx\/?p=2136"},"modified":"2025-11-12T06:59:43","modified_gmt":"2025-11-12T12:59:43","slug":"apac-iap-por-la-innovacion-robotica","status":"publish","type":"post","link":"https:\/\/somos-hermanos.mx\/index.php\/2025\/11\/12\/apac-iap-por-la-innovacion-robotica\/","title":{"rendered":"APAC IAP por la innovaci\u00f3n rob\u00f3tica"},"content":{"rendered":"<p>De acuerdo con datos de UNICEF, cerca de 240 millones de ni\u00f1as y ni\u00f1os viv\u00edan con alguna discapacidad. Por tal motivo la Asociaci\u00f3n Pro Par\u00e1lisis Cerebral APAC IAP y <strong><b>Marsi Bionics<\/b><\/strong>, celebr\u00f3 <strong><b>II Foro Iberoamericano de Neuro-Rehabilitaci\u00f3n Rob\u00f3tica y Atenci\u00f3n Temprana<\/b><\/strong>\u00a0en la\u00a0<strong><b>CDMX<\/b><\/strong>.<\/p>\n<p>El encuentro promovi\u00f3 la cooperaci\u00f3n entre instituciones, universidades y organismos que trabajan por la inclusi\u00f3n y la accesibilidad universal, as\u00ed como <strong>visibilizar la importancia de la atenci\u00f3n temprana y del desarrollo tecnol\u00f3gico como herramientas para mejorar la calidad de vida.<\/strong><\/p>\n<p>\u201cPara APAC, este foro representa un espacio fundamental para compartir conocimiento, acercar soluciones innovadoras y reafirmar nuestro compromiso con la poblaci\u00f3n beneficiaria y sus familias. Creemos firmemente que la tecnolog\u00eda y la atenci\u00f3n temprana son caminos que transforman la vida de las personas con discapacidad\u201d, afirm\u00f3 Gabriela Molina Ortiz Monasterio, vice presidenta del Patronato de APAC IAP.<\/p>\n<p>Por otro lado, Elena Garc\u00eda, fundadora y presidenta de Marsi Bionics, destac\u00f3 en ediciones anteriores la importancia de este tipo de encuentros para fortalecer la cooperaci\u00f3n y el intercambio de conocimiento entre pa\u00edses iberoamericanos: \u201cCuando los especialistas compartimos experiencias y resultados del uso de la tecnolog\u00eda rob\u00f3tica en distintos contextos, avanzamos hacia modelos m\u00e1s eficaces y accesibles para todas las personas\u201d.<\/p>\n<p>El Foro subray\u00f3 la relevancia de la colaboraci\u00f3n iberoamericana para garantizar que la innovaci\u00f3n tecnol\u00f3gica se ponga al servicio de la inclusi\u00f3n, la equidad y la mejora en la calidad de vida de las personas con discapacidad.<\/p>\n<p>Durante la jornada se presentaron avances cient\u00edficos y cl\u00ednicos sobre la aplicaci\u00f3n de tecnolog\u00eda rob\u00f3tica en procesos de rehabilitaci\u00f3n, con especial \u00e9nfasis en la movilidad, la autonom\u00eda y el fortalecimiento de capacidades motrices en personas con discapacidad.<\/p>\n<p><strong>\u00bfQu\u00e9 es el Foro Iberoamericano?<\/strong><\/p>\n<p>El Foro Iberoamericano sobre Neuro-Rehabilitaci\u00f3n Rob\u00f3tica y Atenci\u00f3n Temprana <strong>es una iniciativa impulsada por APAC, una organizaci\u00f3n mexicana con m\u00e1s de 50 a\u00f1os de experiencia en atenci\u00f3n integral a personas con par\u00e1lisis<\/strong>\u00a0cerebral. Este evento re\u00fane a especialistas, instituciones, investigadores y organizaciones de toda Iberoam\u00e9rica para compartir avances, buenas pr\u00e1cticas y modelos de atenci\u00f3n centrados en la primera infancia.<\/p>\n<p>A trav\u00e9s de ponencias, paneles y experiencias cl\u00ednicas, el foro busca visibilizar la importancia de la atenci\u00f3n temprana basada en evidencia y la innovaci\u00f3n tecnol\u00f3gica como herramienta clave para mejorar la calidad de vida de ni\u00f1as y ni\u00f1os con condiciones neurol\u00f3gicas.<\/p>\n<p><img loading=\"lazy\" decoding=\"async\" class=\"aligncenter wp-image-2135 \" src=\"https:\/\/somos-hermanos.mx\/wp-content\/uploads\/2025\/11\/img-20251111-wa00231854590658147743149.jpg\" alt=\"\" width=\"567\" height=\"427\" srcset=\"https:\/\/somos-hermanos.mx\/wp-content\/uploads\/2025\/11\/img-20251111-wa00231854590658147743149.jpg 806w, https:\/\/somos-hermanos.mx\/wp-content\/uploads\/2025\/11\/img-20251111-wa00231854590658147743149-300x226.jpg 300w, https:\/\/somos-hermanos.mx\/wp-content\/uploads\/2025\/11\/img-20251111-wa00231854590658147743149-768x578.jpg 768w\" sizes=\"auto, (max-width: 567px) 100vw, 567px\" \/><\/p>\n","protected":false},"excerpt":{"rendered":"<p>De acuerdo con datos de UNICEF, cerca de 240 millones de ni\u00f1as y ni\u00f1os viv\u00edan con alguna discapacidad. Por tal motivo la Asociaci\u00f3n Pro Par\u00e1lisis Cerebral APAC IAP y Marsi Bionics, celebr\u00f3 II Foro Iberoamericano de Neuro-Rehabilitaci\u00f3n Rob\u00f3tica y Atenci\u00f3n Temprana\u00a0en la\u00a0CDMX. El encuentro promovi\u00f3 la cooperaci\u00f3n entre instituciones, universidades y organismos que trabajan por [&hellip;]<\/p>\n","protected":false},"author":8,"featured_media":2133,"comment_status":"open","ping_status":"closed","sticky":false,"template":"","format":"standard","meta":{"footnotes":""},"categories":[6],"tags":[1041,2167,976,40,2175,2170,2172,2173,2171,2169,2176,2168,2174,203],"class_list":["post-2136","post","type-post","status-publish","format-standard","has-post-thumbnail","hentry","category-noticias","tag-apac","tag-asociacion-pro-paralisis-cerebral","tag-atencion-temprana","tag-calidad-de-vida","tag-condiciones-neurologicas","tag-desarrollo-tecnologico","tag-elena-garcia","tag-foro-iberoamericano","tag-gabriela-molina-ortiz-monasterio","tag-ii-foro-iberoamericano-de-neuro-rehabilitacion-robotica","tag-innovacion-tecnologica","tag-marsi-bionics","tag-personas-con-paralisis-cerebral","tag-unicef"],"yoast_head":"<!-- This site is optimized with the Yoast SEO plugin v27.5 - https:\/\/yoast.com\/product\/yoast-seo-wordpress\/ -->\n<title>APAC IAP por la innovaci\u00f3n rob\u00f3tica - Historias que inspiran...<\/title>\n<meta name=\"robots\" content=\"index, follow, max-snippet:-1, max-image-preview:large, max-video-preview:-1\" \/>\n<link rel=\"canonical\" href=\"https:\/\/somos-hermanos.mx\/index.php\/2025\/11\/12\/apac-iap-por-la-innovacion-robotica\/\" \/>\n<meta property=\"og:locale\" content=\"es_MX\" \/>\n<meta property=\"og:type\" content=\"article\" \/>\n<meta property=\"og:title\" content=\"APAC IAP por la innovaci\u00f3n rob\u00f3tica - Historias que inspiran...\" \/>\n<meta property=\"og:description\" content=\"De acuerdo con datos de UNICEF, cerca de 240 millones de ni\u00f1as y ni\u00f1os viv\u00edan con alguna discapacidad. Por tal motivo la Asociaci\u00f3n Pro Par\u00e1lisis Cerebral APAC IAP y Marsi Bionics, celebr\u00f3 II Foro Iberoamericano de Neuro-Rehabilitaci\u00f3n Rob\u00f3tica y Atenci\u00f3n Temprana\u00a0en la\u00a0CDMX. El encuentro promovi\u00f3 la cooperaci\u00f3n entre instituciones, universidades y organismos que trabajan por [&hellip;]\" \/>\n<meta property=\"og:url\" content=\"https:\/\/somos-hermanos.mx\/index.php\/2025\/11\/12\/apac-iap-por-la-innovacion-robotica\/\" \/>\n<meta property=\"og:site_name\" content=\"Historias que inspiran...\" \/>\n<meta property=\"article:publisher\" content=\"https:\/\/www.facebook.com\/SomosHermanosIAP\/\" \/>\n<meta property=\"article:published_time\" content=\"2025-11-12T12:59:43+00:00\" \/>\n<meta property=\"og:image\" content=\"https:\/\/somos-hermanos.mx\/wp-content\/uploads\/2025\/11\/img-20251111-wa00211473615954482367252.jpg\" \/>\n\t<meta property=\"og:image:width\" content=\"806\" \/>\n\t<meta property=\"og:image:height\" content=\"607\" \/>\n\t<meta property=\"og:image:type\" content=\"image\/jpeg\" \/>\n<meta name=\"author\" content=\"Jes\u00fas Arizmendi\" \/>\n<meta name=\"twitter:card\" content=\"summary_large_image\" \/>\n<meta name=\"twitter:creator\" content=\"@Somos__Hermanos\" \/>\n<meta name=\"twitter:site\" content=\"@Somos__Hermanos\" \/>\n<meta name=\"twitter:label1\" content=\"Escrito por\" \/>\n\t<meta name=\"twitter:data1\" content=\"Jes\u00fas Arizmendi\" \/>\n\t<meta name=\"twitter:label2\" content=\"Tiempo de lectura\" \/>\n\t<meta name=\"twitter:data2\" content=\"3 minutos\" \/>\n<script type=\"application\/ld+json\" class=\"yoast-schema-graph\">{\"@context\":\"https:\\\/\\\/schema.org\",\"@graph\":[{\"@type\":\"Article\",\"@id\":\"https:\\\/\\\/somos-hermanos.mx\\\/index.php\\\/2025\\\/11\\\/12\\\/apac-iap-por-la-innovacion-robotica\\\/#article\",\"isPartOf\":{\"@id\":\"https:\\\/\\\/somos-hermanos.mx\\\/index.php\\\/2025\\\/11\\\/12\\\/apac-iap-por-la-innovacion-robotica\\\/\"},\"author\":{\"name\":\"Jes\u00fas Arizmendi\",\"@id\":\"https:\\\/\\\/somos-hermanos.mx\\\/#\\\/schema\\\/person\\\/945cdfed39314d9db1242f593aecb908\"},\"headline\":\"APAC IAP por la innovaci\u00f3n rob\u00f3tica\",\"datePublished\":\"2025-11-12T12:59:43+00:00\",\"mainEntityOfPage\":{\"@id\":\"https:\\\/\\\/somos-hermanos.mx\\\/index.php\\\/2025\\\/11\\\/12\\\/apac-iap-por-la-innovacion-robotica\\\/\"},\"wordCount\":439,\"commentCount\":0,\"publisher\":{\"@id\":\"https:\\\/\\\/somos-hermanos.mx\\\/#organization\"},\"image\":{\"@id\":\"https:\\\/\\\/somos-hermanos.mx\\\/index.php\\\/2025\\\/11\\\/12\\\/apac-iap-por-la-innovacion-robotica\\\/#primaryimage\"},\"thumbnailUrl\":\"https:\\\/\\\/somos-hermanos.mx\\\/wp-content\\\/uploads\\\/2025\\\/11\\\/img-20251111-wa00211473615954482367252.jpg\",\"keywords\":[\"APAC\",\"Asociaci\u00f3n Pro Par\u00e1lisis Cerebral\",\"atenci\u00f3n temprana\",\"calidad de vida\",\"condiciones neurol\u00f3gicas\",\"desarrollo tecnol\u00f3gico\",\"Elena Garc\u00eda\",\"Foro Iberoamericano\",\"Gabriela Molina Ortiz Monasterio\",\"II Foro Iberoamericano de Neuro-Rehabilitaci\u00f3n Rob\u00f3tica\",\"innovaci\u00f3n tecnol\u00f3gica\",\"Marsi Bionics\",\"personas con par\u00e1lisis\u00a0cerebral\",\"UNICEF\"],\"articleSection\":[\"Noticias\"],\"inLanguage\":\"es\",\"potentialAction\":[{\"@type\":\"CommentAction\",\"name\":\"Comment\",\"target\":[\"https:\\\/\\\/somos-hermanos.mx\\\/index.php\\\/2025\\\/11\\\/12\\\/apac-iap-por-la-innovacion-robotica\\\/#respond\"]}]},{\"@type\":\"WebPage\",\"@id\":\"https:\\\/\\\/somos-hermanos.mx\\\/index.php\\\/2025\\\/11\\\/12\\\/apac-iap-por-la-innovacion-robotica\\\/\",\"url\":\"https:\\\/\\\/somos-hermanos.mx\\\/index.php\\\/2025\\\/11\\\/12\\\/apac-iap-por-la-innovacion-robotica\\\/\",\"name\":\"APAC IAP por la innovaci\u00f3n rob\u00f3tica - Historias que inspiran...\",\"isPartOf\":{\"@id\":\"https:\\\/\\\/somos-hermanos.mx\\\/#website\"},\"primaryImageOfPage\":{\"@id\":\"https:\\\/\\\/somos-hermanos.mx\\\/index.php\\\/2025\\\/11\\\/12\\\/apac-iap-por-la-innovacion-robotica\\\/#primaryimage\"},\"image\":{\"@id\":\"https:\\\/\\\/somos-hermanos.mx\\\/index.php\\\/2025\\\/11\\\/12\\\/apac-iap-por-la-innovacion-robotica\\\/#primaryimage\"},\"thumbnailUrl\":\"https:\\\/\\\/somos-hermanos.mx\\\/wp-content\\\/uploads\\\/2025\\\/11\\\/img-20251111-wa00211473615954482367252.jpg\",\"datePublished\":\"2025-11-12T12:59:43+00:00\",\"breadcrumb\":{\"@id\":\"https:\\\/\\\/somos-hermanos.mx\\\/index.php\\\/2025\\\/11\\\/12\\\/apac-iap-por-la-innovacion-robotica\\\/#breadcrumb\"},\"inLanguage\":\"es\",\"potentialAction\":[{\"@type\":\"ReadAction\",\"target\":[\"https:\\\/\\\/somos-hermanos.mx\\\/index.php\\\/2025\\\/11\\\/12\\\/apac-iap-por-la-innovacion-robotica\\\/\"]}]},{\"@type\":\"ImageObject\",\"inLanguage\":\"es\",\"@id\":\"https:\\\/\\\/somos-hermanos.mx\\\/index.php\\\/2025\\\/11\\\/12\\\/apac-iap-por-la-innovacion-robotica\\\/#primaryimage\",\"url\":\"https:\\\/\\\/somos-hermanos.mx\\\/wp-content\\\/uploads\\\/2025\\\/11\\\/img-20251111-wa00211473615954482367252.jpg\",\"contentUrl\":\"https:\\\/\\\/somos-hermanos.mx\\\/wp-content\\\/uploads\\\/2025\\\/11\\\/img-20251111-wa00211473615954482367252.jpg\",\"width\":806,\"height\":607},{\"@type\":\"BreadcrumbList\",\"@id\":\"https:\\\/\\\/somos-hermanos.mx\\\/index.php\\\/2025\\\/11\\\/12\\\/apac-iap-por-la-innovacion-robotica\\\/#breadcrumb\",\"itemListElement\":[{\"@type\":\"ListItem\",\"position\":1,\"name\":\"Inicio\",\"item\":\"https:\\\/\\\/somos-hermanos.mx\\\/\"},{\"@type\":\"ListItem\",\"position\":2,\"name\":\"APAC IAP por la innovaci\u00f3n rob\u00f3tica\"}]},{\"@type\":\"WebSite\",\"@id\":\"https:\\\/\\\/somos-hermanos.mx\\\/#website\",\"url\":\"https:\\\/\\\/somos-hermanos.mx\\\/\",\"name\":\"Historias que inspiran...\",\"description\":\"Somos la voz del altruismo en M\u00e9xico\",\"publisher\":{\"@id\":\"https:\\\/\\\/somos-hermanos.mx\\\/#organization\"},\"potentialAction\":[{\"@type\":\"SearchAction\",\"target\":{\"@type\":\"EntryPoint\",\"urlTemplate\":\"https:\\\/\\\/somos-hermanos.mx\\\/?s={search_term_string}\"},\"query-input\":{\"@type\":\"PropertyValueSpecification\",\"valueRequired\":true,\"valueName\":\"search_term_string\"}}],\"inLanguage\":\"es\"},{\"@type\":\"Organization\",\"@id\":\"https:\\\/\\\/somos-hermanos.mx\\\/#organization\",\"name\":\"Somos Hermanos\",\"url\":\"https:\\\/\\\/somos-hermanos.mx\\\/\",\"logo\":{\"@type\":\"ImageObject\",\"inLanguage\":\"es\",\"@id\":\"https:\\\/\\\/somos-hermanos.mx\\\/#\\\/schema\\\/logo\\\/image\\\/\",\"url\":\"https:\\\/\\\/somos-hermanos.mx\\\/wp-content\\\/uploads\\\/2025\\\/08\\\/SH30-1.jpeg\",\"contentUrl\":\"https:\\\/\\\/somos-hermanos.mx\\\/wp-content\\\/uploads\\\/2025\\\/08\\\/SH30-1.jpeg\",\"width\":1600,\"height\":1142,\"caption\":\"Somos Hermanos\"},\"image\":{\"@id\":\"https:\\\/\\\/somos-hermanos.mx\\\/#\\\/schema\\\/logo\\\/image\\\/\"},\"sameAs\":[\"https:\\\/\\\/www.facebook.com\\\/SomosHermanosIAP\\\/\",\"https:\\\/\\\/x.com\\\/Somos__Hermanos\",\"https:\\\/\\\/www.instagram.com\\\/somos__hermanos\\\/#\",\"https:\\\/\\\/www.tiktok.com\\\/@somoshermanosiap\",\"https:\\\/\\\/www.youtube.com\\\/@somoshermanosiap1201\\\/videos\"]},{\"@type\":\"Person\",\"@id\":\"https:\\\/\\\/somos-hermanos.mx\\\/#\\\/schema\\\/person\\\/945cdfed39314d9db1242f593aecb908\",\"name\":\"Jes\u00fas Arizmendi\",\"image\":{\"@type\":\"ImageObject\",\"inLanguage\":\"es\",\"@id\":\"https:\\\/\\\/secure.gravatar.com\\\/avatar\\\/9d2f2284f2cc108aae42b8fdb13afa29b801f64001b731516b830e4926cc1b4b?s=96&d=mm&r=g\",\"url\":\"https:\\\/\\\/secure.gravatar.com\\\/avatar\\\/9d2f2284f2cc108aae42b8fdb13afa29b801f64001b731516b830e4926cc1b4b?s=96&d=mm&r=g\",\"contentUrl\":\"https:\\\/\\\/secure.gravatar.com\\\/avatar\\\/9d2f2284f2cc108aae42b8fdb13afa29b801f64001b731516b830e4926cc1b4b?s=96&d=mm&r=g\",\"caption\":\"Jes\u00fas Arizmendi\"},\"url\":\"https:\\\/\\\/somos-hermanos.mx\\\/index.php\\\/author\\\/jesus-arizmendi\\\/\"}]}<\/script>\n<!-- \/ Yoast SEO plugin. -->","yoast_head_json":{"title":"APAC IAP por la innovaci\u00f3n rob\u00f3tica - Historias que inspiran...","robots":{"index":"index","follow":"follow","max-snippet":"max-snippet:-1","max-image-preview":"max-image-preview:large","max-video-preview":"max-video-preview:-1"},"canonical":"https:\/\/somos-hermanos.mx\/index.php\/2025\/11\/12\/apac-iap-por-la-innovacion-robotica\/","og_locale":"es_MX","og_type":"article","og_title":"APAC IAP por la innovaci\u00f3n rob\u00f3tica - Historias que inspiran...","og_description":"De acuerdo con datos de UNICEF, cerca de 240 millones de ni\u00f1as y ni\u00f1os viv\u00edan con alguna discapacidad. Por tal motivo la Asociaci\u00f3n Pro Par\u00e1lisis Cerebral APAC IAP y Marsi Bionics, celebr\u00f3 II Foro Iberoamericano de Neuro-Rehabilitaci\u00f3n Rob\u00f3tica y Atenci\u00f3n Temprana\u00a0en la\u00a0CDMX. El encuentro promovi\u00f3 la cooperaci\u00f3n entre instituciones, universidades y organismos que trabajan por [&hellip;]","og_url":"https:\/\/somos-hermanos.mx\/index.php\/2025\/11\/12\/apac-iap-por-la-innovacion-robotica\/","og_site_name":"Historias que inspiran...","article_publisher":"https:\/\/www.facebook.com\/SomosHermanosIAP\/","article_published_time":"2025-11-12T12:59:43+00:00","og_image":[{"width":806,"height":607,"url":"https:\/\/somos-hermanos.mx\/wp-content\/uploads\/2025\/11\/img-20251111-wa00211473615954482367252.jpg","type":"image\/jpeg"}],"author":"Jes\u00fas Arizmendi","twitter_card":"summary_large_image","twitter_creator":"@Somos__Hermanos","twitter_site":"@Somos__Hermanos","twitter_misc":{"Escrito por":"Jes\u00fas Arizmendi","Tiempo de lectura":"3 minutos"},"schema":{"@context":"https:\/\/schema.org","@graph":[{"@type":"Article","@id":"https:\/\/somos-hermanos.mx\/index.php\/2025\/11\/12\/apac-iap-por-la-innovacion-robotica\/#article","isPartOf":{"@id":"https:\/\/somos-hermanos.mx\/index.php\/2025\/11\/12\/apac-iap-por-la-innovacion-robotica\/"},"author":{"name":"Jes\u00fas Arizmendi","@id":"https:\/\/somos-hermanos.mx\/#\/schema\/person\/945cdfed39314d9db1242f593aecb908"},"headline":"APAC IAP por la innovaci\u00f3n rob\u00f3tica","datePublished":"2025-11-12T12:59:43+00:00","mainEntityOfPage":{"@id":"https:\/\/somos-hermanos.mx\/index.php\/2025\/11\/12\/apac-iap-por-la-innovacion-robotica\/"},"wordCount":439,"commentCount":0,"publisher":{"@id":"https:\/\/somos-hermanos.mx\/#organization"},"image":{"@id":"https:\/\/somos-hermanos.mx\/index.php\/2025\/11\/12\/apac-iap-por-la-innovacion-robotica\/#primaryimage"},"thumbnailUrl":"https:\/\/somos-hermanos.mx\/wp-content\/uploads\/2025\/11\/img-20251111-wa00211473615954482367252.jpg","keywords":["APAC","Asociaci\u00f3n Pro Par\u00e1lisis Cerebral","atenci\u00f3n temprana","calidad de vida","condiciones neurol\u00f3gicas","desarrollo tecnol\u00f3gico","Elena Garc\u00eda","Foro Iberoamericano","Gabriela Molina Ortiz Monasterio","II Foro Iberoamericano de Neuro-Rehabilitaci\u00f3n Rob\u00f3tica","innovaci\u00f3n tecnol\u00f3gica","Marsi Bionics","personas con par\u00e1lisis\u00a0cerebral","UNICEF"],"articleSection":["Noticias"],"inLanguage":"es","potentialAction":[{"@type":"CommentAction","name":"Comment","target":["https:\/\/somos-hermanos.mx\/index.php\/2025\/11\/12\/apac-iap-por-la-innovacion-robotica\/#respond"]}]},{"@type":"WebPage","@id":"https:\/\/somos-hermanos.mx\/index.php\/2025\/11\/12\/apac-iap-por-la-innovacion-robotica\/","url":"https:\/\/somos-hermanos.mx\/index.php\/2025\/11\/12\/apac-iap-por-la-innovacion-robotica\/","name":"APAC IAP por la innovaci\u00f3n rob\u00f3tica - Historias que inspiran...","isPartOf":{"@id":"https:\/\/somos-hermanos.mx\/#website"},"primaryImageOfPage":{"@id":"https:\/\/somos-hermanos.mx\/index.php\/2025\/11\/12\/apac-iap-por-la-innovacion-robotica\/#primaryimage"},"image":{"@id":"https:\/\/somos-hermanos.mx\/index.php\/2025\/11\/12\/apac-iap-por-la-innovacion-robotica\/#primaryimage"},"thumbnailUrl":"https:\/\/somos-hermanos.mx\/wp-content\/uploads\/2025\/11\/img-20251111-wa00211473615954482367252.jpg","datePublished":"2025-11-12T12:59:43+00:00","breadcrumb":{"@id":"https:\/\/somos-hermanos.mx\/index.php\/2025\/11\/12\/apac-iap-por-la-innovacion-robotica\/#breadcrumb"},"inLanguage":"es","potentialAction":[{"@type":"ReadAction","target":["https:\/\/somos-hermanos.mx\/index.php\/2025\/11\/12\/apac-iap-por-la-innovacion-robotica\/"]}]},{"@type":"ImageObject","inLanguage":"es","@id":"https:\/\/somos-hermanos.mx\/index.php\/2025\/11\/12\/apac-iap-por-la-innovacion-robotica\/#primaryimage","url":"https:\/\/somos-hermanos.mx\/wp-content\/uploads\/2025\/11\/img-20251111-wa00211473615954482367252.jpg","contentUrl":"https:\/\/somos-hermanos.mx\/wp-content\/uploads\/2025\/11\/img-20251111-wa00211473615954482367252.jpg","width":806,"height":607},{"@type":"BreadcrumbList","@id":"https:\/\/somos-hermanos.mx\/index.php\/2025\/11\/12\/apac-iap-por-la-innovacion-robotica\/#breadcrumb","itemListElement":[{"@type":"ListItem","position":1,"name":"Inicio","item":"https:\/\/somos-hermanos.mx\/"},{"@type":"ListItem","position":2,"name":"APAC IAP por la innovaci\u00f3n rob\u00f3tica"}]},{"@type":"WebSite","@id":"https:\/\/somos-hermanos.mx\/#website","url":"https:\/\/somos-hermanos.mx\/","name":"Historias que inspiran...","description":"Somos la voz del altruismo en M\u00e9xico","publisher":{"@id":"https:\/\/somos-hermanos.mx\/#organization"},"potentialAction":[{"@type":"SearchAction","target":{"@type":"EntryPoint","urlTemplate":"https:\/\/somos-hermanos.mx\/?s={search_term_string}"},"query-input":{"@type":"PropertyValueSpecification","valueRequired":true,"valueName":"search_term_string"}}],"inLanguage":"es"},{"@type":"Organization","@id":"https:\/\/somos-hermanos.mx\/#organization","name":"Somos Hermanos","url":"https:\/\/somos-hermanos.mx\/","logo":{"@type":"ImageObject","inLanguage":"es","@id":"https:\/\/somos-hermanos.mx\/#\/schema\/logo\/image\/","url":"https:\/\/somos-hermanos.mx\/wp-content\/uploads\/2025\/08\/SH30-1.jpeg","contentUrl":"https:\/\/somos-hermanos.mx\/wp-content\/uploads\/2025\/08\/SH30-1.jpeg","width":1600,"height":1142,"caption":"Somos Hermanos"},"image":{"@id":"https:\/\/somos-hermanos.mx\/#\/schema\/logo\/image\/"},"sameAs":["https:\/\/www.facebook.com\/SomosHermanosIAP\/","https:\/\/x.com\/Somos__Hermanos","https:\/\/www.instagram.com\/somos__hermanos\/#","https:\/\/www.tiktok.com\/@somoshermanosiap","https:\/\/www.youtube.com\/@somoshermanosiap1201\/videos"]},{"@type":"Person","@id":"https:\/\/somos-hermanos.mx\/#\/schema\/person\/945cdfed39314d9db1242f593aecb908","name":"Jes\u00fas Arizmendi","image":{"@type":"ImageObject","inLanguage":"es","@id":"https:\/\/secure.gravatar.com\/avatar\/9d2f2284f2cc108aae42b8fdb13afa29b801f64001b731516b830e4926cc1b4b?s=96&d=mm&r=g","url":"https:\/\/secure.gravatar.com\/avatar\/9d2f2284f2cc108aae42b8fdb13afa29b801f64001b731516b830e4926cc1b4b?s=96&d=mm&r=g","contentUrl":"https:\/\/secure.gravatar.com\/avatar\/9d2f2284f2cc108aae42b8fdb13afa29b801f64001b731516b830e4926cc1b4b?s=96&d=mm&r=g","caption":"Jes\u00fas Arizmendi"},"url":"https:\/\/somos-hermanos.mx\/index.php\/author\/jesus-arizmendi\/"}]}},"_links":{"self":[{"href":"https:\/\/somos-hermanos.mx\/index.php\/wp-json\/wp\/v2\/posts\/2136","targetHints":{"allow":["GET"]}}],"collection":[{"href":"https:\/\/somos-hermanos.mx\/index.php\/wp-json\/wp\/v2\/posts"}],"about":[{"href":"https:\/\/somos-hermanos.mx\/index.php\/wp-json\/wp\/v2\/types\/post"}],"author":[{"embeddable":true,"href":"https:\/\/somos-hermanos.mx\/index.php\/wp-json\/wp\/v2\/users\/8"}],"replies":[{"embeddable":true,"href":"https:\/\/somos-hermanos.mx\/index.php\/wp-json\/wp\/v2\/comments?post=2136"}],"version-history":[{"count":1,"href":"https:\/\/somos-hermanos.mx\/index.php\/wp-json\/wp\/v2\/posts\/2136\/revisions"}],"predecessor-version":[{"id":2137,"href":"https:\/\/somos-hermanos.mx\/index.php\/wp-json\/wp\/v2\/posts\/2136\/revisions\/2137"}],"wp:featuredmedia":[{"embeddable":true,"href":"https:\/\/somos-hermanos.mx\/index.php\/wp-json\/wp\/v2\/media\/2133"}],"wp:attachment":[{"href":"https:\/\/somos-hermanos.mx\/index.php\/wp-json\/wp\/v2\/media?parent=2136"}],"wp:term":[{"taxonomy":"category","embeddable":true,"href":"https:\/\/somos-hermanos.mx\/index.php\/wp-json\/wp\/v2\/categories?post=2136"},{"taxonomy":"post_tag","embeddable":true,"href":"https:\/\/somos-hermanos.mx\/index.php\/wp-json\/wp\/v2\/tags?post=2136"}],"curies":[{"name":"wp","href":"https:\/\/api.w.org\/{rel}","templated":true}]}}