{"id":2128,"date":"2025-11-11T05:59:35","date_gmt":"2025-11-11T11:59:35","guid":{"rendered":"https:\/\/somos-hermanos.mx\/?p=2128"},"modified":"2025-11-11T05:59:35","modified_gmt":"2025-11-11T11:59:35","slug":"fundacion-las-flores-y-su-constante-compromiso-con-la-comunidad","status":"publish","type":"post","link":"https:\/\/somos-hermanos.mx\/index.php\/2025\/11\/11\/fundacion-las-flores-y-su-constante-compromiso-con-la-comunidad\/","title":{"rendered":"Fundaci\u00f3n las Flores y su constante compromiso con la comunidad"},"content":{"rendered":"<p>La Fundaci\u00f3n las Flores <strong>es reconocida por sus m\u00faltiples acciones enfocadas en el bienestar comunitario, la inclusi\u00f3n social y el impulso al deporte y la educaci\u00f3n.<\/strong>\u00a0A lo largo del a\u00f1o, han realizado distintas actividades con el objetivo de elevar la calidad de vida de los habitantes de Zit\u00e1cuaro y sus comunidades vecinas.<\/p>\n<p><strong><b>Apoyos Comunitarios y Nuevos Proyectos<\/b><\/strong><\/p>\n<p>Han implementado varios programas destinados a apoyar a comunidades de bajos recursos, reafirmando as\u00ed el compromiso de la fundaci\u00f3n con la responsabilidad social. Con el prop\u00f3sito de continuar brindando ayuda, se han establecido objetivos futuros, entre los cuales destacan la instalaci\u00f3n de internet en \u00e1reas rurales, la construcci\u00f3n de espacios para campa\u00f1as de salud y la coordinaci\u00f3n de colectas de juguetes para ni\u00f1os y ni\u00f1as.<\/p>\n<p>La fundaci\u00f3n form\u00f3 parte de la Caminata por el D\u00eda Mundial del Autismo, con el objetivo de fomentar la concienciaci\u00f3n y promover la inclusi\u00f3n de personas con Trastorno del Espectro Autista. Adem\u00e1s, se llev\u00f3 a cabo una jornada solidaria a trav\u00e9s del Jaripeo con Causa, cuyos recursos recaudados se destinaron a organizaciones que brindan apoyo a ni\u00f1os con autismo y s\u00edndrome de Down.<\/p>\n<p><strong><b>Impulso al Deporte Local<\/b><\/strong><\/p>\n<p><strong>El deporte juega un papel fundamental en el desarrollo integral, por lo que, como parte del compromiso de la fundaci\u00f3n con el impulso al ejercicio en Zit\u00e1cuaro,<\/strong>\u00a0se entregaron uniformes deportivos al equipo Pumas del Rafael Baeza. Asimismo, se brind\u00f3 apoyo econ\u00f3mico y log\u00edstico a la ciclista F\u00e1tima Hijar Mar\u00edn, quien represent\u00f3 a Zit\u00e1cuaro en el Campeonato Panamericano de Mountain Bike 2023 llevado a cabo en Brasil.<\/p>\n<p>Adem\u00e1s, se proporcionaron tenis, uniformes y transporte a j\u00f3venes atletas de la Telesecundaria Jos\u00e9 Mar\u00eda Morelos y Pav\u00f3n, facilitando su participaci\u00f3n en competencias estatales. Estos esfuerzos fueron destacados durante la Premiaci\u00f3n al Campe\u00f3n de Campeones del Torneo Zit\u00e1cuaro Liga Florentino Andrade, donde el equipo Cantera Tuzantla fue reconocido por su sobresaliente rendimiento.<\/p>\n<p><strong><b>Apoyo a la Educaci\u00f3n y la Cultura<\/b><\/strong><\/p>\n<p>Con el inicio del ciclo escolar 2023-2024, Fundaci\u00f3n las Flores hizo entrega de \u00fatiles escolares a instituciones como el Centro de Atenci\u00f3n M\u00faltiple (CAM), la Casa Hogar Alegr\u00eda IAP y el Internado Fray Manuel Ortiz, beneficiando directamente a estudiantes en situaci\u00f3n vulnerable.<\/p>\n<p>Tambi\u00e9n, incentivaron a la realizaci\u00f3n de las tradiciones y el talento artesanal de Zit\u00e1cuaro a trav\u00e9s de la Feria de Artesan\u00edas Ancestrales, realizada en la Ciudad de M\u00e9xico. Este evento permiti\u00f3 a los artesanos locales exhibir y comercializar sus creaciones, fortaleciendo su econom\u00eda y ayudando a preservar la identidad cultural de la regi\u00f3n.<\/p>\n<p>En un esfuerzo por fomentar la inclusi\u00f3n, se otorgaron becas y apoyos econ\u00f3micos al Centro de Atenci\u00f3n para el Autismo Alex IAP, beneficiando a ni\u00f1as y ni\u00f1os con autismo. Estas iniciativas fueron profundamente valoradas por las familias y el personal del centro, quienes resaltaron la continuidad y el compromiso de la Fundaci\u00f3n Las Flores en su acompa\u00f1amiento.<\/p>\n<p>Mediante estas acciones, <strong>la Fundaci\u00f3n Las Flores reafirma su misi\u00f3n de contribuir al bienestar social, educativo y cultural de Zit\u00e1cuaro. <\/strong>Gracias al esfuerzo constante, la solidaridad y la colaboraci\u00f3n de la comunidad, se demuestra que peque\u00f1os actos pueden generar grandes transformaciones, construyendo un futuro m\u00e1s inclusivo y lleno de esperanza para todos.<\/p>\n<p><img loading=\"lazy\" decoding=\"async\" class=\"aligncenter wp-image-2119 \" src=\"https:\/\/somos-hermanos.mx\/wp-content\/uploads\/2025\/11\/flo-1024x1024.jpeg\" alt=\"\" width=\"560\" height=\"560\" srcset=\"https:\/\/somos-hermanos.mx\/wp-content\/uploads\/2025\/11\/flo-1024x1024.jpeg 1024w, https:\/\/somos-hermanos.mx\/wp-content\/uploads\/2025\/11\/flo-300x300.jpeg 300w, https:\/\/somos-hermanos.mx\/wp-content\/uploads\/2025\/11\/flo-150x150.jpeg 150w, https:\/\/somos-hermanos.mx\/wp-content\/uploads\/2025\/11\/flo-768x768.jpeg 768w, https:\/\/somos-hermanos.mx\/wp-content\/uploads\/2025\/11\/flo.jpeg 1080w\" sizes=\"auto, (max-width: 560px) 100vw, 560px\" \/><\/p>\n","protected":false},"excerpt":{"rendered":"<p>La Fundaci\u00f3n las Flores es reconocida por sus m\u00faltiples acciones enfocadas en el bienestar comunitario, la inclusi\u00f3n social y el impulso al deporte y la educaci\u00f3n.\u00a0A lo largo del a\u00f1o, han realizado distintas actividades con el objetivo de elevar la calidad de vida de los habitantes de Zit\u00e1cuaro y sus comunidades vecinas. Apoyos Comunitarios y [&hellip;]<\/p>\n","protected":false},"author":4,"featured_media":2120,"comment_status":"open","ping_status":"closed","sticky":false,"template":"","format":"standard","meta":{"footnotes":""},"categories":[6],"tags":[2160,40,2166,2165,186,2162,2164,2159,1049,377,2163,2161],"class_list":["post-2128","post","type-post","status-publish","format-standard","has-post-thumbnail","hentry","category-noticias","tag-bienestar-comunitario","tag-calidad-de-vida","tag-casa-hogar-alegria","tag-centro-de-atencion-multiple","tag-desarrollo-integral","tag-dia-mundial-del-autismo","tag-fatima-hijar-marin","tag-fundacion-las-flores","tag-inclusion-social","tag-responsabilidad-social","tag-trastorno-del-espectro-autista","tag-zitacuaro"],"yoast_head":"<!-- This site is optimized with the Yoast SEO plugin v27.5 - https:\/\/yoast.com\/product\/yoast-seo-wordpress\/ -->\n<title>Fundaci\u00f3n las Flores y su constante compromiso con la comunidad - Historias que inspiran...<\/title>\n<meta name=\"robots\" content=\"index, follow, max-snippet:-1, max-image-preview:large, max-video-preview:-1\" \/>\n<link rel=\"canonical\" href=\"https:\/\/somos-hermanos.mx\/index.php\/2025\/11\/11\/fundacion-las-flores-y-su-constante-compromiso-con-la-comunidad\/\" \/>\n<meta property=\"og:locale\" content=\"es_MX\" \/>\n<meta property=\"og:type\" content=\"article\" \/>\n<meta property=\"og:title\" content=\"Fundaci\u00f3n las Flores y su constante compromiso con la comunidad - Historias que inspiran...\" \/>\n<meta property=\"og:description\" content=\"La Fundaci\u00f3n las Flores es reconocida por sus m\u00faltiples acciones enfocadas en el bienestar comunitario, la inclusi\u00f3n social y el impulso al deporte y la educaci\u00f3n.\u00a0A lo largo del a\u00f1o, han realizado distintas actividades con el objetivo de elevar la calidad de vida de los habitantes de Zit\u00e1cuaro y sus comunidades vecinas. Apoyos Comunitarios y [&hellip;]\" \/>\n<meta property=\"og:url\" content=\"https:\/\/somos-hermanos.mx\/index.php\/2025\/11\/11\/fundacion-las-flores-y-su-constante-compromiso-con-la-comunidad\/\" \/>\n<meta property=\"og:site_name\" content=\"Historias que inspiran...\" \/>\n<meta property=\"article:publisher\" content=\"https:\/\/www.facebook.com\/SomosHermanosIAP\/\" \/>\n<meta property=\"article:published_time\" content=\"2025-11-11T11:59:35+00:00\" \/>\n<meta property=\"og:image\" content=\"https:\/\/somos-hermanos.mx\/wp-content\/uploads\/2025\/11\/flo1.jpeg\" \/>\n\t<meta property=\"og:image:width\" content=\"1080\" \/>\n\t<meta property=\"og:image:height\" content=\"1080\" \/>\n\t<meta property=\"og:image:type\" content=\"image\/jpeg\" \/>\n<meta name=\"author\" content=\"Diana D\u00edaz Cardoza\" \/>\n<meta name=\"twitter:card\" content=\"summary_large_image\" \/>\n<meta name=\"twitter:creator\" content=\"@Somos__Hermanos\" \/>\n<meta name=\"twitter:site\" content=\"@Somos__Hermanos\" \/>\n<meta name=\"twitter:label1\" content=\"Escrito por\" \/>\n\t<meta name=\"twitter:data1\" content=\"Diana D\u00edaz Cardoza\" \/>\n\t<meta name=\"twitter:label2\" content=\"Tiempo de lectura\" \/>\n\t<meta name=\"twitter:data2\" content=\"3 minutos\" \/>\n<script type=\"application\/ld+json\" class=\"yoast-schema-graph\">{\"@context\":\"https:\\\/\\\/schema.org\",\"@graph\":[{\"@type\":\"Article\",\"@id\":\"https:\\\/\\\/somos-hermanos.mx\\\/index.php\\\/2025\\\/11\\\/11\\\/fundacion-las-flores-y-su-constante-compromiso-con-la-comunidad\\\/#article\",\"isPartOf\":{\"@id\":\"https:\\\/\\\/somos-hermanos.mx\\\/index.php\\\/2025\\\/11\\\/11\\\/fundacion-las-flores-y-su-constante-compromiso-con-la-comunidad\\\/\"},\"author\":{\"name\":\"Diana D\u00edaz Cardoza\",\"@id\":\"https:\\\/\\\/somos-hermanos.mx\\\/#\\\/schema\\\/person\\\/410425922654f3768f310e5949e1d304\"},\"headline\":\"Fundaci\u00f3n las Flores y su constante compromiso con la comunidad\",\"datePublished\":\"2025-11-11T11:59:35+00:00\",\"mainEntityOfPage\":{\"@id\":\"https:\\\/\\\/somos-hermanos.mx\\\/index.php\\\/2025\\\/11\\\/11\\\/fundacion-las-flores-y-su-constante-compromiso-con-la-comunidad\\\/\"},\"wordCount\":594,\"commentCount\":0,\"publisher\":{\"@id\":\"https:\\\/\\\/somos-hermanos.mx\\\/#organization\"},\"image\":{\"@id\":\"https:\\\/\\\/somos-hermanos.mx\\\/index.php\\\/2025\\\/11\\\/11\\\/fundacion-las-flores-y-su-constante-compromiso-con-la-comunidad\\\/#primaryimage\"},\"thumbnailUrl\":\"https:\\\/\\\/somos-hermanos.mx\\\/wp-content\\\/uploads\\\/2025\\\/11\\\/flo1.jpeg\",\"keywords\":[\"bienestar comunitario\",\"calidad de vida\",\"Casa Hogar Alegr\u00eda\",\"Centro de Atenci\u00f3n M\u00faltiple\",\"desarrollo integral\",\"D\u00eda Mundial del Autismo\",\"F\u00e1tima Hijar Mar\u00edn\",\"Fundaci\u00f3n las Flores\",\"inclusi\u00f3n social\",\"responsabilidad social\",\"Trastorno del Espectro Autista\",\"Zit\u00e1cuaro\"],\"articleSection\":[\"Noticias\"],\"inLanguage\":\"es\",\"potentialAction\":[{\"@type\":\"CommentAction\",\"name\":\"Comment\",\"target\":[\"https:\\\/\\\/somos-hermanos.mx\\\/index.php\\\/2025\\\/11\\\/11\\\/fundacion-las-flores-y-su-constante-compromiso-con-la-comunidad\\\/#respond\"]}]},{\"@type\":\"WebPage\",\"@id\":\"https:\\\/\\\/somos-hermanos.mx\\\/index.php\\\/2025\\\/11\\\/11\\\/fundacion-las-flores-y-su-constante-compromiso-con-la-comunidad\\\/\",\"url\":\"https:\\\/\\\/somos-hermanos.mx\\\/index.php\\\/2025\\\/11\\\/11\\\/fundacion-las-flores-y-su-constante-compromiso-con-la-comunidad\\\/\",\"name\":\"Fundaci\u00f3n las Flores y su constante compromiso con la comunidad - Historias que inspiran...\",\"isPartOf\":{\"@id\":\"https:\\\/\\\/somos-hermanos.mx\\\/#website\"},\"primaryImageOfPage\":{\"@id\":\"https:\\\/\\\/somos-hermanos.mx\\\/index.php\\\/2025\\\/11\\\/11\\\/fundacion-las-flores-y-su-constante-compromiso-con-la-comunidad\\\/#primaryimage\"},\"image\":{\"@id\":\"https:\\\/\\\/somos-hermanos.mx\\\/index.php\\\/2025\\\/11\\\/11\\\/fundacion-las-flores-y-su-constante-compromiso-con-la-comunidad\\\/#primaryimage\"},\"thumbnailUrl\":\"https:\\\/\\\/somos-hermanos.mx\\\/wp-content\\\/uploads\\\/2025\\\/11\\\/flo1.jpeg\",\"datePublished\":\"2025-11-11T11:59:35+00:00\",\"breadcrumb\":{\"@id\":\"https:\\\/\\\/somos-hermanos.mx\\\/index.php\\\/2025\\\/11\\\/11\\\/fundacion-las-flores-y-su-constante-compromiso-con-la-comunidad\\\/#breadcrumb\"},\"inLanguage\":\"es\",\"potentialAction\":[{\"@type\":\"ReadAction\",\"target\":[\"https:\\\/\\\/somos-hermanos.mx\\\/index.php\\\/2025\\\/11\\\/11\\\/fundacion-las-flores-y-su-constante-compromiso-con-la-comunidad\\\/\"]}]},{\"@type\":\"ImageObject\",\"inLanguage\":\"es\",\"@id\":\"https:\\\/\\\/somos-hermanos.mx\\\/index.php\\\/2025\\\/11\\\/11\\\/fundacion-las-flores-y-su-constante-compromiso-con-la-comunidad\\\/#primaryimage\",\"url\":\"https:\\\/\\\/somos-hermanos.mx\\\/wp-content\\\/uploads\\\/2025\\\/11\\\/flo1.jpeg\",\"contentUrl\":\"https:\\\/\\\/somos-hermanos.mx\\\/wp-content\\\/uploads\\\/2025\\\/11\\\/flo1.jpeg\",\"width\":1080,\"height\":1080},{\"@type\":\"BreadcrumbList\",\"@id\":\"https:\\\/\\\/somos-hermanos.mx\\\/index.php\\\/2025\\\/11\\\/11\\\/fundacion-las-flores-y-su-constante-compromiso-con-la-comunidad\\\/#breadcrumb\",\"itemListElement\":[{\"@type\":\"ListItem\",\"position\":1,\"name\":\"Inicio\",\"item\":\"https:\\\/\\\/somos-hermanos.mx\\\/\"},{\"@type\":\"ListItem\",\"position\":2,\"name\":\"Fundaci\u00f3n las Flores y su constante compromiso con la comunidad\"}]},{\"@type\":\"WebSite\",\"@id\":\"https:\\\/\\\/somos-hermanos.mx\\\/#website\",\"url\":\"https:\\\/\\\/somos-hermanos.mx\\\/\",\"name\":\"Historias que inspiran...\",\"description\":\"Somos la voz del altruismo en M\u00e9xico\",\"publisher\":{\"@id\":\"https:\\\/\\\/somos-hermanos.mx\\\/#organization\"},\"potentialAction\":[{\"@type\":\"SearchAction\",\"target\":{\"@type\":\"EntryPoint\",\"urlTemplate\":\"https:\\\/\\\/somos-hermanos.mx\\\/?s={search_term_string}\"},\"query-input\":{\"@type\":\"PropertyValueSpecification\",\"valueRequired\":true,\"valueName\":\"search_term_string\"}}],\"inLanguage\":\"es\"},{\"@type\":\"Organization\",\"@id\":\"https:\\\/\\\/somos-hermanos.mx\\\/#organization\",\"name\":\"Somos Hermanos\",\"url\":\"https:\\\/\\\/somos-hermanos.mx\\\/\",\"logo\":{\"@type\":\"ImageObject\",\"inLanguage\":\"es\",\"@id\":\"https:\\\/\\\/somos-hermanos.mx\\\/#\\\/schema\\\/logo\\\/image\\\/\",\"url\":\"https:\\\/\\\/somos-hermanos.mx\\\/wp-content\\\/uploads\\\/2025\\\/08\\\/SH30-1.jpeg\",\"contentUrl\":\"https:\\\/\\\/somos-hermanos.mx\\\/wp-content\\\/uploads\\\/2025\\\/08\\\/SH30-1.jpeg\",\"width\":1600,\"height\":1142,\"caption\":\"Somos Hermanos\"},\"image\":{\"@id\":\"https:\\\/\\\/somos-hermanos.mx\\\/#\\\/schema\\\/logo\\\/image\\\/\"},\"sameAs\":[\"https:\\\/\\\/www.facebook.com\\\/SomosHermanosIAP\\\/\",\"https:\\\/\\\/x.com\\\/Somos__Hermanos\",\"https:\\\/\\\/www.instagram.com\\\/somos__hermanos\\\/#\",\"https:\\\/\\\/www.tiktok.com\\\/@somoshermanosiap\",\"https:\\\/\\\/www.youtube.com\\\/@somoshermanosiap1201\\\/videos\"]},{\"@type\":\"Person\",\"@id\":\"https:\\\/\\\/somos-hermanos.mx\\\/#\\\/schema\\\/person\\\/410425922654f3768f310e5949e1d304\",\"name\":\"Diana D\u00edaz Cardoza\",\"image\":{\"@type\":\"ImageObject\",\"inLanguage\":\"es\",\"@id\":\"https:\\\/\\\/secure.gravatar.com\\\/avatar\\\/f80bf4377c9bc6108877fbe8e6e6a08647dd8a628846d62be4318348e3a367f7?s=96&d=mm&r=g\",\"url\":\"https:\\\/\\\/secure.gravatar.com\\\/avatar\\\/f80bf4377c9bc6108877fbe8e6e6a08647dd8a628846d62be4318348e3a367f7?s=96&d=mm&r=g\",\"contentUrl\":\"https:\\\/\\\/secure.gravatar.com\\\/avatar\\\/f80bf4377c9bc6108877fbe8e6e6a08647dd8a628846d62be4318348e3a367f7?s=96&d=mm&r=g\",\"caption\":\"Diana D\u00edaz Cardoza\"},\"url\":\"https:\\\/\\\/somos-hermanos.mx\\\/index.php\\\/author\\\/diana-diaz-cardoza\\\/\"}]}<\/script>\n<!-- \/ Yoast SEO plugin. -->","yoast_head_json":{"title":"Fundaci\u00f3n las Flores y su constante compromiso con la comunidad - Historias que inspiran...","robots":{"index":"index","follow":"follow","max-snippet":"max-snippet:-1","max-image-preview":"max-image-preview:large","max-video-preview":"max-video-preview:-1"},"canonical":"https:\/\/somos-hermanos.mx\/index.php\/2025\/11\/11\/fundacion-las-flores-y-su-constante-compromiso-con-la-comunidad\/","og_locale":"es_MX","og_type":"article","og_title":"Fundaci\u00f3n las Flores y su constante compromiso con la comunidad - Historias que inspiran...","og_description":"La Fundaci\u00f3n las Flores es reconocida por sus m\u00faltiples acciones enfocadas en el bienestar comunitario, la inclusi\u00f3n social y el impulso al deporte y la educaci\u00f3n.\u00a0A lo largo del a\u00f1o, han realizado distintas actividades con el objetivo de elevar la calidad de vida de los habitantes de Zit\u00e1cuaro y sus comunidades vecinas. Apoyos Comunitarios y [&hellip;]","og_url":"https:\/\/somos-hermanos.mx\/index.php\/2025\/11\/11\/fundacion-las-flores-y-su-constante-compromiso-con-la-comunidad\/","og_site_name":"Historias que inspiran...","article_publisher":"https:\/\/www.facebook.com\/SomosHermanosIAP\/","article_published_time":"2025-11-11T11:59:35+00:00","og_image":[{"width":1080,"height":1080,"url":"https:\/\/somos-hermanos.mx\/wp-content\/uploads\/2025\/11\/flo1.jpeg","type":"image\/jpeg"}],"author":"Diana D\u00edaz Cardoza","twitter_card":"summary_large_image","twitter_creator":"@Somos__Hermanos","twitter_site":"@Somos__Hermanos","twitter_misc":{"Escrito por":"Diana D\u00edaz Cardoza","Tiempo de lectura":"3 minutos"},"schema":{"@context":"https:\/\/schema.org","@graph":[{"@type":"Article","@id":"https:\/\/somos-hermanos.mx\/index.php\/2025\/11\/11\/fundacion-las-flores-y-su-constante-compromiso-con-la-comunidad\/#article","isPartOf":{"@id":"https:\/\/somos-hermanos.mx\/index.php\/2025\/11\/11\/fundacion-las-flores-y-su-constante-compromiso-con-la-comunidad\/"},"author":{"name":"Diana D\u00edaz Cardoza","@id":"https:\/\/somos-hermanos.mx\/#\/schema\/person\/410425922654f3768f310e5949e1d304"},"headline":"Fundaci\u00f3n las Flores y su constante compromiso con la comunidad","datePublished":"2025-11-11T11:59:35+00:00","mainEntityOfPage":{"@id":"https:\/\/somos-hermanos.mx\/index.php\/2025\/11\/11\/fundacion-las-flores-y-su-constante-compromiso-con-la-comunidad\/"},"wordCount":594,"commentCount":0,"publisher":{"@id":"https:\/\/somos-hermanos.mx\/#organization"},"image":{"@id":"https:\/\/somos-hermanos.mx\/index.php\/2025\/11\/11\/fundacion-las-flores-y-su-constante-compromiso-con-la-comunidad\/#primaryimage"},"thumbnailUrl":"https:\/\/somos-hermanos.mx\/wp-content\/uploads\/2025\/11\/flo1.jpeg","keywords":["bienestar comunitario","calidad de vida","Casa Hogar Alegr\u00eda","Centro de Atenci\u00f3n M\u00faltiple","desarrollo integral","D\u00eda Mundial del Autismo","F\u00e1tima Hijar Mar\u00edn","Fundaci\u00f3n las Flores","inclusi\u00f3n social","responsabilidad social","Trastorno del Espectro Autista","Zit\u00e1cuaro"],"articleSection":["Noticias"],"inLanguage":"es","potentialAction":[{"@type":"CommentAction","name":"Comment","target":["https:\/\/somos-hermanos.mx\/index.php\/2025\/11\/11\/fundacion-las-flores-y-su-constante-compromiso-con-la-comunidad\/#respond"]}]},{"@type":"WebPage","@id":"https:\/\/somos-hermanos.mx\/index.php\/2025\/11\/11\/fundacion-las-flores-y-su-constante-compromiso-con-la-comunidad\/","url":"https:\/\/somos-hermanos.mx\/index.php\/2025\/11\/11\/fundacion-las-flores-y-su-constante-compromiso-con-la-comunidad\/","name":"Fundaci\u00f3n las Flores y su constante compromiso con la comunidad - Historias que inspiran...","isPartOf":{"@id":"https:\/\/somos-hermanos.mx\/#website"},"primaryImageOfPage":{"@id":"https:\/\/somos-hermanos.mx\/index.php\/2025\/11\/11\/fundacion-las-flores-y-su-constante-compromiso-con-la-comunidad\/#primaryimage"},"image":{"@id":"https:\/\/somos-hermanos.mx\/index.php\/2025\/11\/11\/fundacion-las-flores-y-su-constante-compromiso-con-la-comunidad\/#primaryimage"},"thumbnailUrl":"https:\/\/somos-hermanos.mx\/wp-content\/uploads\/2025\/11\/flo1.jpeg","datePublished":"2025-11-11T11:59:35+00:00","breadcrumb":{"@id":"https:\/\/somos-hermanos.mx\/index.php\/2025\/11\/11\/fundacion-las-flores-y-su-constante-compromiso-con-la-comunidad\/#breadcrumb"},"inLanguage":"es","potentialAction":[{"@type":"ReadAction","target":["https:\/\/somos-hermanos.mx\/index.php\/2025\/11\/11\/fundacion-las-flores-y-su-constante-compromiso-con-la-comunidad\/"]}]},{"@type":"ImageObject","inLanguage":"es","@id":"https:\/\/somos-hermanos.mx\/index.php\/2025\/11\/11\/fundacion-las-flores-y-su-constante-compromiso-con-la-comunidad\/#primaryimage","url":"https:\/\/somos-hermanos.mx\/wp-content\/uploads\/2025\/11\/flo1.jpeg","contentUrl":"https:\/\/somos-hermanos.mx\/wp-content\/uploads\/2025\/11\/flo1.jpeg","width":1080,"height":1080},{"@type":"BreadcrumbList","@id":"https:\/\/somos-hermanos.mx\/index.php\/2025\/11\/11\/fundacion-las-flores-y-su-constante-compromiso-con-la-comunidad\/#breadcrumb","itemListElement":[{"@type":"ListItem","position":1,"name":"Inicio","item":"https:\/\/somos-hermanos.mx\/"},{"@type":"ListItem","position":2,"name":"Fundaci\u00f3n las Flores y su constante compromiso con la comunidad"}]},{"@type":"WebSite","@id":"https:\/\/somos-hermanos.mx\/#website","url":"https:\/\/somos-hermanos.mx\/","name":"Historias que inspiran...","description":"Somos la voz del altruismo en M\u00e9xico","publisher":{"@id":"https:\/\/somos-hermanos.mx\/#organization"},"potentialAction":[{"@type":"SearchAction","target":{"@type":"EntryPoint","urlTemplate":"https:\/\/somos-hermanos.mx\/?s={search_term_string}"},"query-input":{"@type":"PropertyValueSpecification","valueRequired":true,"valueName":"search_term_string"}}],"inLanguage":"es"},{"@type":"Organization","@id":"https:\/\/somos-hermanos.mx\/#organization","name":"Somos Hermanos","url":"https:\/\/somos-hermanos.mx\/","logo":{"@type":"ImageObject","inLanguage":"es","@id":"https:\/\/somos-hermanos.mx\/#\/schema\/logo\/image\/","url":"https:\/\/somos-hermanos.mx\/wp-content\/uploads\/2025\/08\/SH30-1.jpeg","contentUrl":"https:\/\/somos-hermanos.mx\/wp-content\/uploads\/2025\/08\/SH30-1.jpeg","width":1600,"height":1142,"caption":"Somos Hermanos"},"image":{"@id":"https:\/\/somos-hermanos.mx\/#\/schema\/logo\/image\/"},"sameAs":["https:\/\/www.facebook.com\/SomosHermanosIAP\/","https:\/\/x.com\/Somos__Hermanos","https:\/\/www.instagram.com\/somos__hermanos\/#","https:\/\/www.tiktok.com\/@somoshermanosiap","https:\/\/www.youtube.com\/@somoshermanosiap1201\/videos"]},{"@type":"Person","@id":"https:\/\/somos-hermanos.mx\/#\/schema\/person\/410425922654f3768f310e5949e1d304","name":"Diana D\u00edaz Cardoza","image":{"@type":"ImageObject","inLanguage":"es","@id":"https:\/\/secure.gravatar.com\/avatar\/f80bf4377c9bc6108877fbe8e6e6a08647dd8a628846d62be4318348e3a367f7?s=96&d=mm&r=g","url":"https:\/\/secure.gravatar.com\/avatar\/f80bf4377c9bc6108877fbe8e6e6a08647dd8a628846d62be4318348e3a367f7?s=96&d=mm&r=g","contentUrl":"https:\/\/secure.gravatar.com\/avatar\/f80bf4377c9bc6108877fbe8e6e6a08647dd8a628846d62be4318348e3a367f7?s=96&d=mm&r=g","caption":"Diana D\u00edaz Cardoza"},"url":"https:\/\/somos-hermanos.mx\/index.php\/author\/diana-diaz-cardoza\/"}]}},"_links":{"self":[{"href":"https:\/\/somos-hermanos.mx\/index.php\/wp-json\/wp\/v2\/posts\/2128","targetHints":{"allow":["GET"]}}],"collection":[{"href":"https:\/\/somos-hermanos.mx\/index.php\/wp-json\/wp\/v2\/posts"}],"about":[{"href":"https:\/\/somos-hermanos.mx\/index.php\/wp-json\/wp\/v2\/types\/post"}],"author":[{"embeddable":true,"href":"https:\/\/somos-hermanos.mx\/index.php\/wp-json\/wp\/v2\/users\/4"}],"replies":[{"embeddable":true,"href":"https:\/\/somos-hermanos.mx\/index.php\/wp-json\/wp\/v2\/comments?post=2128"}],"version-history":[{"count":1,"href":"https:\/\/somos-hermanos.mx\/index.php\/wp-json\/wp\/v2\/posts\/2128\/revisions"}],"predecessor-version":[{"id":2129,"href":"https:\/\/somos-hermanos.mx\/index.php\/wp-json\/wp\/v2\/posts\/2128\/revisions\/2129"}],"wp:featuredmedia":[{"embeddable":true,"href":"https:\/\/somos-hermanos.mx\/index.php\/wp-json\/wp\/v2\/media\/2120"}],"wp:attachment":[{"href":"https:\/\/somos-hermanos.mx\/index.php\/wp-json\/wp\/v2\/media?parent=2128"}],"wp:term":[{"taxonomy":"category","embeddable":true,"href":"https:\/\/somos-hermanos.mx\/index.php\/wp-json\/wp\/v2\/categories?post=2128"},{"taxonomy":"post_tag","embeddable":true,"href":"https:\/\/somos-hermanos.mx\/index.php\/wp-json\/wp\/v2\/tags?post=2128"}],"curies":[{"name":"wp","href":"https:\/\/api.w.org\/{rel}","templated":true}]}}