{"id":2117,"date":"2025-11-11T05:36:23","date_gmt":"2025-11-11T11:36:23","guid":{"rendered":"https:\/\/somos-hermanos.mx\/?p=2117"},"modified":"2025-11-11T05:36:23","modified_gmt":"2025-11-11T11:36:23","slug":"ser-mejores-para-que-los-projimos-aprendan-a-ser-mejores","status":"publish","type":"post","link":"https:\/\/somos-hermanos.mx\/index.php\/2025\/11\/11\/ser-mejores-para-que-los-projimos-aprendan-a-ser-mejores\/","title":{"rendered":"Ser mejores para que los pr\u00f3jimos aprendan a ser mejores"},"content":{"rendered":"<p>Nada anima tanto como conseguir que los dem\u00e1s mejoren: <strong>porque uno entonces habr\u00e1 mejorado. <\/strong>Si deseamos superarnos, debemos aprender a ser mejores, nadie nace sabiendo. <strong>Para educar, es necesario ir por delante, dar ejemplo, cuidar las cosas peque\u00f1as para poder resolver las grandes.<\/strong>\u00a0No podemos dar lo que no tenemos.<\/p>\n<p><strong>\u201cFarol de la calle y oscuridad de tu casa\u201d, reza el refr\u00e1n. <\/strong>Y es cierto: la caridad empieza por casa, y por medio del ejemplo.<\/p>\n<p>Psicol\u00f3gicamente, cuando el ni\u00f1o peque\u00f1o de la familia crece, se realiza en \u00e9l un proceso de identificaci\u00f3n con sus padres, quienes empiezan a estar presentes en la conciencia del chiquillo y forman parte integrante de su personalidad.<\/p>\n<p>\u00c9sta es una de las razones por las que el car\u00e1cter de los padres necesita ser excelente, dado que el ni\u00f1o aprende a superarse imitando, y se identifica con las personas que le sirven de patr\u00f3n; los rasgos que asimile. \u00a0Influir\u00e1n en su vida posterior.<\/p>\n<p><strong>El ni\u00f1o que no es querido por sus padres, que es identificado como malo y rega\u00f1ado o maltratado sin raz\u00f3n, <\/strong>adopta una actitud negativa hacia s\u00ed mismo, que, a su vez, influye en sus procesos de identificaci\u00f3n posteriores, que le llevar\u00edan a una desintegraci\u00f3n de su personalidad y a ser potencialmente un delincuente: \u201csi mis padres me rechazan, es porque soy malo\u201d.<\/p>\n<p>El ni\u00f1o no educado y maltratado, puede tambi\u00e9n intuir que la sociedad: <strong>compa\u00f1eros de clase, profesores, la gente, etc. lo har\u00e1n as\u00ed conmigo\u201d<\/strong>\u00a0Cuando crezca, ser\u00e1 Incapaz de vivir la solidaridad y la lealtad con los dem\u00e1s, se convertir\u00e1 en un joven problema.<\/p>\n<p>Si el ni\u00f1o es acogido con cari\u00f1o por sus padres, y se le ayuda desde peque\u00f1o a identificar las cosas como son, cuando sea adulto tender\u00e1 a formarse y hacer propios un sano equilibrio y desarrollo mental.<\/p>\n<p>No obstante, lo m\u00e1s importante de todo consiste en educar a los hijos para que conozcan a Dios y desarrollen las virtudes sobrenaturales y las virtudes humanas, que son propiamente las fuerzas del hombre, lo perfeccionan y le permiten realizar el bien. En este sentido puede uno mejorar sin l\u00edmites.<\/p>\n<p>Cuando los ni\u00f1os ven en sus padres una actitud cansina y pesimista ante la vida, cuando se lamentan y se quejan ante las dificultades; cuando no son sinceros; cuando descubren que sus padres no desean tener m\u00e1s hijos por miedo a complicarse la vida; esos ni\u00f1os se encuentran lejos de formarse en la generosidad y la alegr\u00eda. El pesimismo como disposici\u00f3n psicol\u00f3gica es un vicio emparentado con la desesperanza, la soberbia, la vanidad y la presunci\u00f3n.<\/p>\n<p><strong>Los hijos requieren formarse en un ambiente de alegr\u00eda, en un claro optimismo, que es una virtud \u00edntimamente unida a la fortaleza de \u00e1nimo, audacia y humildad para cumplir los deberes.<\/strong>\u00a0Esa alegr\u00eda se fundamenta en la misma libertad y responsabilidad personales y en la realidad de vivir cara a Dios, de sentirse hijos de \u00c9l.<\/p>\n<p>Ayudar a los hijos a que dominen el presente, el cumplimiento exacto de sus deberes de cada instante: amar a los padres y a los hermanos, a rezar, a estudiar, hacer la tarea, realizar un encargo, jugar, saber ser un leal amigo, etc.- les ayudar\u00e1 a tener un sentido positivo \u00a0de la vida, sobre todo si se les ense\u00f1a a saber comprender, a tratar a los dem\u00e1s como quisieran ser ellos tratados. Pueden aprender a sonre\u00edr cuando est\u00e9n cansados o enfermos, etc.<\/p>\n","protected":false},"excerpt":{"rendered":"<p>Nada anima tanto como conseguir que los dem\u00e1s mejoren: porque uno entonces habr\u00e1 mejorado. Si deseamos superarnos, debemos aprender a ser mejores, nadie nace sabiendo. Para educar, es necesario ir por delante, dar ejemplo, cuidar las cosas peque\u00f1as para poder resolver las grandes.\u00a0No podemos dar lo que no tenemos. \u201cFarol de la calle y oscuridad [&hellip;]<\/p>\n","protected":false},"author":7,"featured_media":2118,"comment_status":"open","ping_status":"closed","sticky":false,"template":"","format":"standard","meta":{"footnotes":""},"categories":[14,24],"tags":[],"class_list":["post-2117","post","type-post","status-publish","format-standard","has-post-thumbnail","hentry","category-columnas","category-gabriel-martinez-navarrete"],"yoast_head":"<!-- This site is optimized with the Yoast SEO plugin v27.5 - https:\/\/yoast.com\/product\/yoast-seo-wordpress\/ -->\n<title>Ser mejores para que los pr\u00f3jimos aprendan a ser mejores - Historias que inspiran...<\/title>\n<meta name=\"robots\" content=\"index, follow, max-snippet:-1, max-image-preview:large, max-video-preview:-1\" \/>\n<link rel=\"canonical\" href=\"https:\/\/somos-hermanos.mx\/index.php\/2025\/11\/11\/ser-mejores-para-que-los-projimos-aprendan-a-ser-mejores\/\" \/>\n<meta property=\"og:locale\" content=\"es_MX\" \/>\n<meta property=\"og:type\" content=\"article\" \/>\n<meta property=\"og:title\" content=\"Ser mejores para que los pr\u00f3jimos aprendan a ser mejores - Historias que inspiran...\" \/>\n<meta property=\"og:description\" content=\"Nada anima tanto como conseguir que los dem\u00e1s mejoren: porque uno entonces habr\u00e1 mejorado. Si deseamos superarnos, debemos aprender a ser mejores, nadie nace sabiendo. Para educar, es necesario ir por delante, dar ejemplo, cuidar las cosas peque\u00f1as para poder resolver las grandes.\u00a0No podemos dar lo que no tenemos. \u201cFarol de la calle y oscuridad [&hellip;]\" \/>\n<meta property=\"og:url\" content=\"https:\/\/somos-hermanos.mx\/index.php\/2025\/11\/11\/ser-mejores-para-que-los-projimos-aprendan-a-ser-mejores\/\" \/>\n<meta property=\"og:site_name\" content=\"Historias que inspiran...\" \/>\n<meta property=\"article:publisher\" content=\"https:\/\/www.facebook.com\/SomosHermanosIAP\/\" \/>\n<meta property=\"article:published_time\" content=\"2025-11-11T11:36:23+00:00\" \/>\n<meta property=\"og:image\" content=\"https:\/\/somos-hermanos.mx\/wp-content\/uploads\/2025\/11\/56710.jpg\" \/>\n\t<meta property=\"og:image:width\" content=\"1000\" \/>\n\t<meta property=\"og:image:height\" content=\"667\" \/>\n\t<meta property=\"og:image:type\" content=\"image\/jpeg\" \/>\n<meta name=\"author\" content=\"Gabriel Mart\u00ednez Navarrete\" \/>\n<meta name=\"twitter:card\" content=\"summary_large_image\" \/>\n<meta name=\"twitter:creator\" content=\"@Somos__Hermanos\" \/>\n<meta name=\"twitter:site\" content=\"@Somos__Hermanos\" \/>\n<meta name=\"twitter:label1\" content=\"Escrito por\" \/>\n\t<meta name=\"twitter:data1\" content=\"Gabriel Mart\u00ednez Navarrete\" \/>\n\t<meta name=\"twitter:label2\" content=\"Tiempo de lectura\" \/>\n\t<meta name=\"twitter:data2\" content=\"3 minutos\" \/>\n<script type=\"application\/ld+json\" class=\"yoast-schema-graph\">{\"@context\":\"https:\\\/\\\/schema.org\",\"@graph\":[{\"@type\":\"Article\",\"@id\":\"https:\\\/\\\/somos-hermanos.mx\\\/index.php\\\/2025\\\/11\\\/11\\\/ser-mejores-para-que-los-projimos-aprendan-a-ser-mejores\\\/#article\",\"isPartOf\":{\"@id\":\"https:\\\/\\\/somos-hermanos.mx\\\/index.php\\\/2025\\\/11\\\/11\\\/ser-mejores-para-que-los-projimos-aprendan-a-ser-mejores\\\/\"},\"author\":{\"name\":\"Gabriel Mart\u00ednez Navarrete\",\"@id\":\"https:\\\/\\\/somos-hermanos.mx\\\/#\\\/schema\\\/person\\\/44f957c5358a517057be2865328aafa1\"},\"headline\":\"Ser mejores para que los pr\u00f3jimos aprendan a ser mejores\",\"datePublished\":\"2025-11-11T11:36:23+00:00\",\"mainEntityOfPage\":{\"@id\":\"https:\\\/\\\/somos-hermanos.mx\\\/index.php\\\/2025\\\/11\\\/11\\\/ser-mejores-para-que-los-projimos-aprendan-a-ser-mejores\\\/\"},\"wordCount\":615,\"commentCount\":0,\"publisher\":{\"@id\":\"https:\\\/\\\/somos-hermanos.mx\\\/#organization\"},\"image\":{\"@id\":\"https:\\\/\\\/somos-hermanos.mx\\\/index.php\\\/2025\\\/11\\\/11\\\/ser-mejores-para-que-los-projimos-aprendan-a-ser-mejores\\\/#primaryimage\"},\"thumbnailUrl\":\"https:\\\/\\\/somos-hermanos.mx\\\/wp-content\\\/uploads\\\/2025\\\/11\\\/56710.jpg\",\"articleSection\":[\"Columnas\",\"Gabriel Mart\u00ednez Navarrete\"],\"inLanguage\":\"es\",\"potentialAction\":[{\"@type\":\"CommentAction\",\"name\":\"Comment\",\"target\":[\"https:\\\/\\\/somos-hermanos.mx\\\/index.php\\\/2025\\\/11\\\/11\\\/ser-mejores-para-que-los-projimos-aprendan-a-ser-mejores\\\/#respond\"]}]},{\"@type\":\"WebPage\",\"@id\":\"https:\\\/\\\/somos-hermanos.mx\\\/index.php\\\/2025\\\/11\\\/11\\\/ser-mejores-para-que-los-projimos-aprendan-a-ser-mejores\\\/\",\"url\":\"https:\\\/\\\/somos-hermanos.mx\\\/index.php\\\/2025\\\/11\\\/11\\\/ser-mejores-para-que-los-projimos-aprendan-a-ser-mejores\\\/\",\"name\":\"Ser mejores para que los pr\u00f3jimos aprendan a ser mejores - Historias que inspiran...\",\"isPartOf\":{\"@id\":\"https:\\\/\\\/somos-hermanos.mx\\\/#website\"},\"primaryImageOfPage\":{\"@id\":\"https:\\\/\\\/somos-hermanos.mx\\\/index.php\\\/2025\\\/11\\\/11\\\/ser-mejores-para-que-los-projimos-aprendan-a-ser-mejores\\\/#primaryimage\"},\"image\":{\"@id\":\"https:\\\/\\\/somos-hermanos.mx\\\/index.php\\\/2025\\\/11\\\/11\\\/ser-mejores-para-que-los-projimos-aprendan-a-ser-mejores\\\/#primaryimage\"},\"thumbnailUrl\":\"https:\\\/\\\/somos-hermanos.mx\\\/wp-content\\\/uploads\\\/2025\\\/11\\\/56710.jpg\",\"datePublished\":\"2025-11-11T11:36:23+00:00\",\"breadcrumb\":{\"@id\":\"https:\\\/\\\/somos-hermanos.mx\\\/index.php\\\/2025\\\/11\\\/11\\\/ser-mejores-para-que-los-projimos-aprendan-a-ser-mejores\\\/#breadcrumb\"},\"inLanguage\":\"es\",\"potentialAction\":[{\"@type\":\"ReadAction\",\"target\":[\"https:\\\/\\\/somos-hermanos.mx\\\/index.php\\\/2025\\\/11\\\/11\\\/ser-mejores-para-que-los-projimos-aprendan-a-ser-mejores\\\/\"]}]},{\"@type\":\"ImageObject\",\"inLanguage\":\"es\",\"@id\":\"https:\\\/\\\/somos-hermanos.mx\\\/index.php\\\/2025\\\/11\\\/11\\\/ser-mejores-para-que-los-projimos-aprendan-a-ser-mejores\\\/#primaryimage\",\"url\":\"https:\\\/\\\/somos-hermanos.mx\\\/wp-content\\\/uploads\\\/2025\\\/11\\\/56710.jpg\",\"contentUrl\":\"https:\\\/\\\/somos-hermanos.mx\\\/wp-content\\\/uploads\\\/2025\\\/11\\\/56710.jpg\",\"width\":1000,\"height\":667},{\"@type\":\"BreadcrumbList\",\"@id\":\"https:\\\/\\\/somos-hermanos.mx\\\/index.php\\\/2025\\\/11\\\/11\\\/ser-mejores-para-que-los-projimos-aprendan-a-ser-mejores\\\/#breadcrumb\",\"itemListElement\":[{\"@type\":\"ListItem\",\"position\":1,\"name\":\"Inicio\",\"item\":\"https:\\\/\\\/somos-hermanos.mx\\\/\"},{\"@type\":\"ListItem\",\"position\":2,\"name\":\"Ser mejores para que los pr\u00f3jimos aprendan a ser mejores\"}]},{\"@type\":\"WebSite\",\"@id\":\"https:\\\/\\\/somos-hermanos.mx\\\/#website\",\"url\":\"https:\\\/\\\/somos-hermanos.mx\\\/\",\"name\":\"Historias que inspiran...\",\"description\":\"Somos la voz del altruismo en M\u00e9xico\",\"publisher\":{\"@id\":\"https:\\\/\\\/somos-hermanos.mx\\\/#organization\"},\"potentialAction\":[{\"@type\":\"SearchAction\",\"target\":{\"@type\":\"EntryPoint\",\"urlTemplate\":\"https:\\\/\\\/somos-hermanos.mx\\\/?s={search_term_string}\"},\"query-input\":{\"@type\":\"PropertyValueSpecification\",\"valueRequired\":true,\"valueName\":\"search_term_string\"}}],\"inLanguage\":\"es\"},{\"@type\":\"Organization\",\"@id\":\"https:\\\/\\\/somos-hermanos.mx\\\/#organization\",\"name\":\"Somos Hermanos\",\"url\":\"https:\\\/\\\/somos-hermanos.mx\\\/\",\"logo\":{\"@type\":\"ImageObject\",\"inLanguage\":\"es\",\"@id\":\"https:\\\/\\\/somos-hermanos.mx\\\/#\\\/schema\\\/logo\\\/image\\\/\",\"url\":\"https:\\\/\\\/somos-hermanos.mx\\\/wp-content\\\/uploads\\\/2025\\\/08\\\/SH30-1.jpeg\",\"contentUrl\":\"https:\\\/\\\/somos-hermanos.mx\\\/wp-content\\\/uploads\\\/2025\\\/08\\\/SH30-1.jpeg\",\"width\":1600,\"height\":1142,\"caption\":\"Somos Hermanos\"},\"image\":{\"@id\":\"https:\\\/\\\/somos-hermanos.mx\\\/#\\\/schema\\\/logo\\\/image\\\/\"},\"sameAs\":[\"https:\\\/\\\/www.facebook.com\\\/SomosHermanosIAP\\\/\",\"https:\\\/\\\/x.com\\\/Somos__Hermanos\",\"https:\\\/\\\/www.instagram.com\\\/somos__hermanos\\\/#\",\"https:\\\/\\\/www.tiktok.com\\\/@somoshermanosiap\",\"https:\\\/\\\/www.youtube.com\\\/@somoshermanosiap1201\\\/videos\"]},{\"@type\":\"Person\",\"@id\":\"https:\\\/\\\/somos-hermanos.mx\\\/#\\\/schema\\\/person\\\/44f957c5358a517057be2865328aafa1\",\"name\":\"Gabriel Mart\u00ednez Navarrete\",\"image\":{\"@type\":\"ImageObject\",\"inLanguage\":\"es\",\"@id\":\"https:\\\/\\\/secure.gravatar.com\\\/avatar\\\/1566a69e29b83b6a8cea93c853aac1e42bcc49d57e43801948d25b3bd2c4404c?s=96&d=mm&r=g\",\"url\":\"https:\\\/\\\/secure.gravatar.com\\\/avatar\\\/1566a69e29b83b6a8cea93c853aac1e42bcc49d57e43801948d25b3bd2c4404c?s=96&d=mm&r=g\",\"contentUrl\":\"https:\\\/\\\/secure.gravatar.com\\\/avatar\\\/1566a69e29b83b6a8cea93c853aac1e42bcc49d57e43801948d25b3bd2c4404c?s=96&d=mm&r=g\",\"caption\":\"Gabriel Mart\u00ednez Navarrete\"},\"url\":\"https:\\\/\\\/somos-hermanos.mx\\\/index.php\\\/author\\\/gabriel-garcia-navarrete\\\/\"}]}<\/script>\n<!-- \/ Yoast SEO plugin. -->","yoast_head_json":{"title":"Ser mejores para que los pr\u00f3jimos aprendan a ser mejores - Historias que inspiran...","robots":{"index":"index","follow":"follow","max-snippet":"max-snippet:-1","max-image-preview":"max-image-preview:large","max-video-preview":"max-video-preview:-1"},"canonical":"https:\/\/somos-hermanos.mx\/index.php\/2025\/11\/11\/ser-mejores-para-que-los-projimos-aprendan-a-ser-mejores\/","og_locale":"es_MX","og_type":"article","og_title":"Ser mejores para que los pr\u00f3jimos aprendan a ser mejores - Historias que inspiran...","og_description":"Nada anima tanto como conseguir que los dem\u00e1s mejoren: porque uno entonces habr\u00e1 mejorado. Si deseamos superarnos, debemos aprender a ser mejores, nadie nace sabiendo. Para educar, es necesario ir por delante, dar ejemplo, cuidar las cosas peque\u00f1as para poder resolver las grandes.\u00a0No podemos dar lo que no tenemos. \u201cFarol de la calle y oscuridad [&hellip;]","og_url":"https:\/\/somos-hermanos.mx\/index.php\/2025\/11\/11\/ser-mejores-para-que-los-projimos-aprendan-a-ser-mejores\/","og_site_name":"Historias que inspiran...","article_publisher":"https:\/\/www.facebook.com\/SomosHermanosIAP\/","article_published_time":"2025-11-11T11:36:23+00:00","og_image":[{"width":1000,"height":667,"url":"https:\/\/somos-hermanos.mx\/wp-content\/uploads\/2025\/11\/56710.jpg","type":"image\/jpeg"}],"author":"Gabriel Mart\u00ednez Navarrete","twitter_card":"summary_large_image","twitter_creator":"@Somos__Hermanos","twitter_site":"@Somos__Hermanos","twitter_misc":{"Escrito por":"Gabriel Mart\u00ednez Navarrete","Tiempo de lectura":"3 minutos"},"schema":{"@context":"https:\/\/schema.org","@graph":[{"@type":"Article","@id":"https:\/\/somos-hermanos.mx\/index.php\/2025\/11\/11\/ser-mejores-para-que-los-projimos-aprendan-a-ser-mejores\/#article","isPartOf":{"@id":"https:\/\/somos-hermanos.mx\/index.php\/2025\/11\/11\/ser-mejores-para-que-los-projimos-aprendan-a-ser-mejores\/"},"author":{"name":"Gabriel Mart\u00ednez Navarrete","@id":"https:\/\/somos-hermanos.mx\/#\/schema\/person\/44f957c5358a517057be2865328aafa1"},"headline":"Ser mejores para que los pr\u00f3jimos aprendan a ser mejores","datePublished":"2025-11-11T11:36:23+00:00","mainEntityOfPage":{"@id":"https:\/\/somos-hermanos.mx\/index.php\/2025\/11\/11\/ser-mejores-para-que-los-projimos-aprendan-a-ser-mejores\/"},"wordCount":615,"commentCount":0,"publisher":{"@id":"https:\/\/somos-hermanos.mx\/#organization"},"image":{"@id":"https:\/\/somos-hermanos.mx\/index.php\/2025\/11\/11\/ser-mejores-para-que-los-projimos-aprendan-a-ser-mejores\/#primaryimage"},"thumbnailUrl":"https:\/\/somos-hermanos.mx\/wp-content\/uploads\/2025\/11\/56710.jpg","articleSection":["Columnas","Gabriel Mart\u00ednez Navarrete"],"inLanguage":"es","potentialAction":[{"@type":"CommentAction","name":"Comment","target":["https:\/\/somos-hermanos.mx\/index.php\/2025\/11\/11\/ser-mejores-para-que-los-projimos-aprendan-a-ser-mejores\/#respond"]}]},{"@type":"WebPage","@id":"https:\/\/somos-hermanos.mx\/index.php\/2025\/11\/11\/ser-mejores-para-que-los-projimos-aprendan-a-ser-mejores\/","url":"https:\/\/somos-hermanos.mx\/index.php\/2025\/11\/11\/ser-mejores-para-que-los-projimos-aprendan-a-ser-mejores\/","name":"Ser mejores para que los pr\u00f3jimos aprendan a ser mejores - Historias que inspiran...","isPartOf":{"@id":"https:\/\/somos-hermanos.mx\/#website"},"primaryImageOfPage":{"@id":"https:\/\/somos-hermanos.mx\/index.php\/2025\/11\/11\/ser-mejores-para-que-los-projimos-aprendan-a-ser-mejores\/#primaryimage"},"image":{"@id":"https:\/\/somos-hermanos.mx\/index.php\/2025\/11\/11\/ser-mejores-para-que-los-projimos-aprendan-a-ser-mejores\/#primaryimage"},"thumbnailUrl":"https:\/\/somos-hermanos.mx\/wp-content\/uploads\/2025\/11\/56710.jpg","datePublished":"2025-11-11T11:36:23+00:00","breadcrumb":{"@id":"https:\/\/somos-hermanos.mx\/index.php\/2025\/11\/11\/ser-mejores-para-que-los-projimos-aprendan-a-ser-mejores\/#breadcrumb"},"inLanguage":"es","potentialAction":[{"@type":"ReadAction","target":["https:\/\/somos-hermanos.mx\/index.php\/2025\/11\/11\/ser-mejores-para-que-los-projimos-aprendan-a-ser-mejores\/"]}]},{"@type":"ImageObject","inLanguage":"es","@id":"https:\/\/somos-hermanos.mx\/index.php\/2025\/11\/11\/ser-mejores-para-que-los-projimos-aprendan-a-ser-mejores\/#primaryimage","url":"https:\/\/somos-hermanos.mx\/wp-content\/uploads\/2025\/11\/56710.jpg","contentUrl":"https:\/\/somos-hermanos.mx\/wp-content\/uploads\/2025\/11\/56710.jpg","width":1000,"height":667},{"@type":"BreadcrumbList","@id":"https:\/\/somos-hermanos.mx\/index.php\/2025\/11\/11\/ser-mejores-para-que-los-projimos-aprendan-a-ser-mejores\/#breadcrumb","itemListElement":[{"@type":"ListItem","position":1,"name":"Inicio","item":"https:\/\/somos-hermanos.mx\/"},{"@type":"ListItem","position":2,"name":"Ser mejores para que los pr\u00f3jimos aprendan a ser mejores"}]},{"@type":"WebSite","@id":"https:\/\/somos-hermanos.mx\/#website","url":"https:\/\/somos-hermanos.mx\/","name":"Historias que inspiran...","description":"Somos la voz del altruismo en M\u00e9xico","publisher":{"@id":"https:\/\/somos-hermanos.mx\/#organization"},"potentialAction":[{"@type":"SearchAction","target":{"@type":"EntryPoint","urlTemplate":"https:\/\/somos-hermanos.mx\/?s={search_term_string}"},"query-input":{"@type":"PropertyValueSpecification","valueRequired":true,"valueName":"search_term_string"}}],"inLanguage":"es"},{"@type":"Organization","@id":"https:\/\/somos-hermanos.mx\/#organization","name":"Somos Hermanos","url":"https:\/\/somos-hermanos.mx\/","logo":{"@type":"ImageObject","inLanguage":"es","@id":"https:\/\/somos-hermanos.mx\/#\/schema\/logo\/image\/","url":"https:\/\/somos-hermanos.mx\/wp-content\/uploads\/2025\/08\/SH30-1.jpeg","contentUrl":"https:\/\/somos-hermanos.mx\/wp-content\/uploads\/2025\/08\/SH30-1.jpeg","width":1600,"height":1142,"caption":"Somos Hermanos"},"image":{"@id":"https:\/\/somos-hermanos.mx\/#\/schema\/logo\/image\/"},"sameAs":["https:\/\/www.facebook.com\/SomosHermanosIAP\/","https:\/\/x.com\/Somos__Hermanos","https:\/\/www.instagram.com\/somos__hermanos\/#","https:\/\/www.tiktok.com\/@somoshermanosiap","https:\/\/www.youtube.com\/@somoshermanosiap1201\/videos"]},{"@type":"Person","@id":"https:\/\/somos-hermanos.mx\/#\/schema\/person\/44f957c5358a517057be2865328aafa1","name":"Gabriel Mart\u00ednez Navarrete","image":{"@type":"ImageObject","inLanguage":"es","@id":"https:\/\/secure.gravatar.com\/avatar\/1566a69e29b83b6a8cea93c853aac1e42bcc49d57e43801948d25b3bd2c4404c?s=96&d=mm&r=g","url":"https:\/\/secure.gravatar.com\/avatar\/1566a69e29b83b6a8cea93c853aac1e42bcc49d57e43801948d25b3bd2c4404c?s=96&d=mm&r=g","contentUrl":"https:\/\/secure.gravatar.com\/avatar\/1566a69e29b83b6a8cea93c853aac1e42bcc49d57e43801948d25b3bd2c4404c?s=96&d=mm&r=g","caption":"Gabriel Mart\u00ednez Navarrete"},"url":"https:\/\/somos-hermanos.mx\/index.php\/author\/gabriel-garcia-navarrete\/"}]}},"_links":{"self":[{"href":"https:\/\/somos-hermanos.mx\/index.php\/wp-json\/wp\/v2\/posts\/2117","targetHints":{"allow":["GET"]}}],"collection":[{"href":"https:\/\/somos-hermanos.mx\/index.php\/wp-json\/wp\/v2\/posts"}],"about":[{"href":"https:\/\/somos-hermanos.mx\/index.php\/wp-json\/wp\/v2\/types\/post"}],"author":[{"embeddable":true,"href":"https:\/\/somos-hermanos.mx\/index.php\/wp-json\/wp\/v2\/users\/7"}],"replies":[{"embeddable":true,"href":"https:\/\/somos-hermanos.mx\/index.php\/wp-json\/wp\/v2\/comments?post=2117"}],"version-history":[{"count":1,"href":"https:\/\/somos-hermanos.mx\/index.php\/wp-json\/wp\/v2\/posts\/2117\/revisions"}],"predecessor-version":[{"id":2125,"href":"https:\/\/somos-hermanos.mx\/index.php\/wp-json\/wp\/v2\/posts\/2117\/revisions\/2125"}],"wp:featuredmedia":[{"embeddable":true,"href":"https:\/\/somos-hermanos.mx\/index.php\/wp-json\/wp\/v2\/media\/2118"}],"wp:attachment":[{"href":"https:\/\/somos-hermanos.mx\/index.php\/wp-json\/wp\/v2\/media?parent=2117"}],"wp:term":[{"taxonomy":"category","embeddable":true,"href":"https:\/\/somos-hermanos.mx\/index.php\/wp-json\/wp\/v2\/categories?post=2117"},{"taxonomy":"post_tag","embeddable":true,"href":"https:\/\/somos-hermanos.mx\/index.php\/wp-json\/wp\/v2\/tags?post=2117"}],"curies":[{"name":"wp","href":"https:\/\/api.w.org\/{rel}","templated":true}]}}