{"id":1948,"date":"2025-10-22T01:00:52","date_gmt":"2025-10-22T07:00:52","guid":{"rendered":"https:\/\/somos-hermanos.mx\/?p=1948"},"modified":"2025-10-21T22:35:40","modified_gmt":"2025-10-22T04:35:40","slug":"la-educacion-basica-signo-para-una-vida-futura-proed-iap","status":"publish","type":"post","link":"https:\/\/somos-hermanos.mx\/index.php\/2025\/10\/22\/la-educacion-basica-signo-para-una-vida-futura-proed-iap\/","title":{"rendered":"La educaci\u00f3n b\u00e1sica, signo para una vida futura: PROED IAP"},"content":{"rendered":"<p>La educaci\u00f3n b\u00e1sica es un derecho que todos los ni\u00f1os y ni\u00f1as tienen para aprenden, conocer y ejercer otros derechos, tambi\u00e9n <strong>es un signo del nivel desarrollo de un pa\u00eds y la base para una vida futura, <\/strong>mejor de sus habitantes.<\/p>\n<p>Seg\u00fan el INEGI en el 2020 en M\u00e9xico el 94% de los ni\u00f1os y ni\u00f1as de 6 a 14 a\u00f1os fue a la escuela, o sea, el 18.3 millones, cifra que ha crecido de 1970 que se tom\u00f3 de referencia, donde el porcentaje de hombres, era mayor a las de las mujeres, ya en el 2020, esta cifra casi se igual\u00f3.<\/p>\n<p>Hay que reconocer que la educaci\u00f3n en M\u00e9xico <strong>ha ido en deterioro por diversos factores, entre ellos, por los cambios en la curricula y contenidos de los programas de educaci\u00f3n b\u00e1sica, otro factor que afecto la educaci\u00f3n el COVID-19, <\/strong>que motiv\u00f3 el rezago educativo, situaci\u00f3n econ\u00f3mica de la familia, en la que ambos padres tienen que trabajar y los ni\u00f1os est\u00e1n m\u00e1s tiempo solos.<\/p>\n<p>Sin embargo, desde la sociedad civil se est\u00e1 atendiendo las necesidades como es llevar a las escuelas p\u00fablicas, una educaci\u00f3n de calidad, rescatando el nivel para que los docentes adquieran competencias que les permitan despertar inter\u00e9s en sus alumnos por el aprendizaje, la inquietud de saber m\u00e1s, usar las TICs y desarrollen un crecimiento sano involucrando a la familia para que se convierta en un actor importante en la educaci\u00f3n de sus hijos.<\/p>\n<p>Para ello, han surgido instituciones que impactan en la educaci\u00f3n de ni\u00f1os y ni\u00f1as, una de estas, es <strong>Pro Educaci\u00f3n (PROED),<\/strong> Instituci\u00f3n de Asistencia Privada, que naci\u00f3 en 1997, con la misi\u00f3n de <strong>mejorar la calidad educativa que reciben los estudiantes de escuelas p\u00fablica de educaci\u00f3n b\u00e1sica<\/strong> a trav\u00e9s del desarrollo integral de la comunidad educativa<\/p>\n<p><strong>Su visi\u00f3n<\/strong> es ser un referente de fortalecimiento escolar a nivel nacional a trav\u00e9s de un modelo que acompa\u00f1amiento a la comunidad escolar y de vinculaci\u00f3n de la sociedad con la escuela p\u00fablica.<\/p>\n<p>Esto lo logra con un Modelo de Escuela Integral (MEI) donde se espera cambios en la cultura escolar, en los actores que conforma la escuela, en sus interacciones y en los ambientes y condiciones f\u00edsicas propicias para la ense\u00f1anza y el aprendizaje.<\/p>\n<p>La educaci\u00f3n es centrada en el aprendizaje con capacidades de gesti\u00f3n y desarrollo de competencia para una vida sana, activa y responsable, fortaleciendo a los actores principales.<\/p>\n<p><strong>Esta contribuci\u00f3n a mejorar la calidad en la educaci\u00f3n, la instituci\u00f3n lo basa en las siguientes l\u00edneas de acci\u00f3n:<\/strong><\/p>\n<ol>\n<li>Estrategias,<\/li>\n<li>Formaci\u00f3n<\/li>\n<li>Evaluaci\u00f3n,<\/li>\n<li>Alianzas<\/li>\n<li>Acompa\u00f1amiento.<\/li>\n<\/ol>\n<p><strong>El impacto<\/strong> que esta instituci\u00f3n en 2024 es, 33,653 personas, beneficiadas directamente en 146 escuelas en 8 Estados de la Rep\u00fablica, entre ellos: Ciudad de M\u00e9xico, Estado de M\u00e9xico, Michoac\u00e1n, Morelos, Quer\u00e9taro, Puebla, Zacatecas y Oaxaca, a trav\u00e9s de una Red, a las cuales deben cumplir con ciertos requerimientos para irse integrando y desarrollando un trabajo m\u00e1s profesional que impacte en la calidad de educaci\u00f3n que imparten.<\/p>\n<p>El trabajo que PROED realiza, ha sido reconocido por diversas instituciones como Nacional Monte de Piedad, CONFIO, CEMEFI, Fundaci\u00f3n Merced, Filantrofilia, Ashoka, entre otros el trabajo profesional y comprometido que esta instituci\u00f3n realiza por la educaci\u00f3n b\u00e1sica de calidad a los que los ni\u00f1os y ni\u00f1as de escasos recursos tienen derecho y que la escuela p\u00fablica por si solas no ofrecen.<\/p>\n<p><strong>Los premios son:<\/strong><\/p>\n<p>2020 &#8211; El Mejor Lugar para Hacer Voluntariado, CEMEFI<\/p>\n<p>2019 &#8211; Premio de Excelencia Institucional, Nacional Monte de Piedad<\/p>\n<p>2018 &#8211; Premio a la Transformaci\u00f3n Extraordinaria, Nacional Monte de Piedad<\/p>\n<p>2018 &#8211; Calificaci\u00f3n de Desarrollo Institucional A+ (3.81), Filantrofilia<\/p>\n<p>2017 &#8211; Acreditaci\u00f3n de Institucionalidad y Transparencia (AIT), CEMEFI<\/p>\n<p>2017 &#8211; Premio a la Innovaci\u00f3n Educativa, Ashoka<\/p>\n<p>2014 &#8211; \u00cdndices de Institucionalidad y Transparencia. Modelo de Estimaci\u00f3n de Valor Social<\/p>\n<p>MEVS de GESOC (Gesti\u00f3n Social y Cooperaci\u00f3n, A.C.), Nacional Monte de Piedad<\/p>\n<p>2014 &#8211; Premio Raz\u00f3n de Ser \u201cOrigen\u201d, Fundaci\u00f3n Merced, A.C.<\/p>\n<p>2014 &#8211; Programa Fortaleza II, Fundaci\u00f3n Merced, A.C.<\/p>\n<p>2011 \u2013 Calificaci\u00f3n Filantrofilia A+, Filantrofilia.<\/p>\n<p>Estos premios y reconocimiento nos dan la certeza del trabajo que realizan y el impacto en nuestra ni\u00f1ez mexicana.<\/p>\n<p>Por ello, no permanezcamos indiferentes y ayudemos a que PROED siga impulsando una educaci\u00f3n de calidad, a trav\u00e9s de la implementaci\u00f3n de diversas estrat\u00e9gicas, entre ella potenciando las competencias a los docentes, directivos y padres de familia, haciendo la diferencia en un pa\u00eds como nuestro M\u00e9xico, impacto en miles de ni\u00f1os y ni\u00f1as en educaci\u00f3n b\u00e1sica que es una edad de formaci\u00f3n de adquisici\u00f3n de habilidades de responsabilidad comprometidos para ser mejor ciudadanos exitosos.<\/p>\n<p><em>S\u00famate y dona:<a href=\"https:\/\/www.proeducacion.org.mx\/donativos\"> https:\/\/www.proeducacion.org.mx\/donativos<\/a><\/em><\/p>\n<p><img loading=\"lazy\" decoding=\"async\" class=\"aligncenter wp-image-1943 size-medium\" src=\"https:\/\/somos-hermanos.mx\/wp-content\/uploads\/2025\/10\/img-20251021-wa0005709372110641449300-300x169.jpg\" alt=\"\" width=\"300\" height=\"169\" srcset=\"https:\/\/somos-hermanos.mx\/wp-content\/uploads\/2025\/10\/img-20251021-wa0005709372110641449300-300x169.jpg 300w, https:\/\/somos-hermanos.mx\/wp-content\/uploads\/2025\/10\/img-20251021-wa0005709372110641449300-1024x576.jpg 1024w, https:\/\/somos-hermanos.mx\/wp-content\/uploads\/2025\/10\/img-20251021-wa0005709372110641449300-768x432.jpg 768w, https:\/\/somos-hermanos.mx\/wp-content\/uploads\/2025\/10\/img-20251021-wa0005709372110641449300-1536x864.jpg 1536w, https:\/\/somos-hermanos.mx\/wp-content\/uploads\/2025\/10\/img-20251021-wa0005709372110641449300.jpg 1600w\" sizes=\"auto, (max-width: 300px) 100vw, 300px\" \/><\/p>\n","protected":false},"excerpt":{"rendered":"<p>La educaci\u00f3n b\u00e1sica es un derecho que todos los ni\u00f1os y ni\u00f1as tienen para aprenden, conocer y ejercer otros derechos, tambi\u00e9n es un signo del nivel desarrollo de un pa\u00eds y la base para una vida futura, mejor de sus habitantes. Seg\u00fan el INEGI en el 2020 en M\u00e9xico el 94% de los ni\u00f1os y [&hellip;]<\/p>\n","protected":false},"author":27,"featured_media":1944,"comment_status":"open","ping_status":"closed","sticky":false,"template":"","format":"standard","meta":{"footnotes":""},"categories":[6],"tags":[1705,1707,242,1698,234,1704,150,1696,1690,186,941,883,1692,892,1695,265,1699,1701,1711,1708,1102,1706,1700,1697,1709,1702,1703,1710,1693,1694,1689,1691,145],"class_list":["post-1948","post","type-post","status-publish","format-standard","has-post-thumbnail","hentry","category-noticias","tag-acreditacion-de-institucionalidad","tag-ashoka","tag-asistencia-privada","tag-calidad-educacion","tag-calidad-educativa","tag-calificacion-de-desarrollo-institucional","tag-cemefi","tag-comunidad-escolar","tag-covid-19","tag-desarrollo-integral","tag-educacion-basica","tag-educacion-de-calidad","tag-educacion-de-ninos","tag-educacion-en-mexico","tag-escuelas-publica","tag-escuelas-publicas","tag-estados-de-la-republica","tag-excelencia-institucional","tag-fundacion-merced","tag-indices-de-institucionalidad","tag-inegi","tag-innovacion-educativa","tag-mejor-lugar-para-hacer-voluntariado","tag-modelo-de-escuela-integral","tag-modelo-de-estimacion-de-valor-social","tag-nacional-monte-de-piedad","tag-premio-a-la-transformacion-extraordinaria","tag-premio-razon-de-ser","tag-pro-educacion","tag-proed","tag-programas-de-educacion","tag-rezago-educativo","tag-sociedad-civil"],"yoast_head":"<!-- This site is optimized with the Yoast SEO plugin v27.4 - https:\/\/yoast.com\/product\/yoast-seo-wordpress\/ -->\n<title>La educaci\u00f3n b\u00e1sica, signo para una vida futura: PROED IAP - Historias que inspiran...<\/title>\n<meta name=\"robots\" content=\"index, follow, max-snippet:-1, max-image-preview:large, max-video-preview:-1\" \/>\n<link rel=\"canonical\" href=\"https:\/\/somos-hermanos.mx\/index.php\/2025\/10\/22\/la-educacion-basica-signo-para-una-vida-futura-proed-iap\/\" \/>\n<meta property=\"og:locale\" content=\"es_MX\" \/>\n<meta property=\"og:type\" content=\"article\" \/>\n<meta property=\"og:title\" content=\"La educaci\u00f3n b\u00e1sica, signo para una vida futura: PROED IAP - Historias que inspiran...\" \/>\n<meta property=\"og:description\" content=\"La educaci\u00f3n b\u00e1sica es un derecho que todos los ni\u00f1os y ni\u00f1as tienen para aprenden, conocer y ejercer otros derechos, tambi\u00e9n es un signo del nivel desarrollo de un pa\u00eds y la base para una vida futura, mejor de sus habitantes. Seg\u00fan el INEGI en el 2020 en M\u00e9xico el 94% de los ni\u00f1os y [&hellip;]\" \/>\n<meta property=\"og:url\" content=\"https:\/\/somos-hermanos.mx\/index.php\/2025\/10\/22\/la-educacion-basica-signo-para-una-vida-futura-proed-iap\/\" \/>\n<meta property=\"og:site_name\" content=\"Historias que inspiran...\" \/>\n<meta property=\"article:publisher\" content=\"https:\/\/www.facebook.com\/SomosHermanosIAP\/\" \/>\n<meta property=\"article:published_time\" content=\"2025-10-22T07:00:52+00:00\" \/>\n<meta property=\"og:image\" content=\"https:\/\/somos-hermanos.mx\/wp-content\/uploads\/2025\/10\/img-20251021-wa00065368826012587285670.jpg\" \/>\n\t<meta property=\"og:image:width\" content=\"1600\" \/>\n\t<meta property=\"og:image:height\" content=\"1065\" \/>\n\t<meta property=\"og:image:type\" content=\"image\/jpeg\" \/>\n<meta name=\"author\" content=\"Beatriz Chora Guzm\u00e1n\" \/>\n<meta name=\"twitter:card\" content=\"summary_large_image\" \/>\n<meta name=\"twitter:creator\" content=\"@Somos__Hermanos\" \/>\n<meta name=\"twitter:site\" content=\"@Somos__Hermanos\" \/>\n<meta name=\"twitter:label1\" content=\"Escrito por\" \/>\n\t<meta name=\"twitter:data1\" content=\"Beatriz Chora Guzm\u00e1n\" \/>\n\t<meta name=\"twitter:label2\" content=\"Tiempo de lectura\" \/>\n\t<meta name=\"twitter:data2\" content=\"4 minutos\" \/>\n<script type=\"application\/ld+json\" class=\"yoast-schema-graph\">{\"@context\":\"https:\\\/\\\/schema.org\",\"@graph\":[{\"@type\":\"Article\",\"@id\":\"https:\\\/\\\/somos-hermanos.mx\\\/index.php\\\/2025\\\/10\\\/22\\\/la-educacion-basica-signo-para-una-vida-futura-proed-iap\\\/#article\",\"isPartOf\":{\"@id\":\"https:\\\/\\\/somos-hermanos.mx\\\/index.php\\\/2025\\\/10\\\/22\\\/la-educacion-basica-signo-para-una-vida-futura-proed-iap\\\/\"},\"author\":{\"name\":\"Beatriz Chora Guzm\u00e1n\",\"@id\":\"https:\\\/\\\/somos-hermanos.mx\\\/#\\\/schema\\\/person\\\/b19b77952ccfcc29216b64875087fd1d\"},\"headline\":\"La educaci\u00f3n b\u00e1sica, signo para una vida futura: PROED IAP\",\"datePublished\":\"2025-10-22T07:00:52+00:00\",\"mainEntityOfPage\":{\"@id\":\"https:\\\/\\\/somos-hermanos.mx\\\/index.php\\\/2025\\\/10\\\/22\\\/la-educacion-basica-signo-para-una-vida-futura-proed-iap\\\/\"},\"wordCount\":844,\"commentCount\":0,\"publisher\":{\"@id\":\"https:\\\/\\\/somos-hermanos.mx\\\/#organization\"},\"image\":{\"@id\":\"https:\\\/\\\/somos-hermanos.mx\\\/index.php\\\/2025\\\/10\\\/22\\\/la-educacion-basica-signo-para-una-vida-futura-proed-iap\\\/#primaryimage\"},\"thumbnailUrl\":\"https:\\\/\\\/somos-hermanos.mx\\\/wp-content\\\/uploads\\\/2025\\\/10\\\/img-20251021-wa00065368826012587285670.jpg\",\"keywords\":[\"Acreditaci\u00f3n de Institucionalidad\",\"Ashoka\",\"Asistencia Privada\",\"calidad educaci\u00f3n\",\"calidad educativa\",\"Calificaci\u00f3n de Desarrollo Institucional\",\"CEMEFI\",\"comunidad escolar\",\"COVID-19\",\"desarrollo integral\",\"educaci\u00f3n b\u00e1sica\",\"educaci\u00f3n de calidad\",\"educaci\u00f3n de ni\u00f1os\",\"educaci\u00f3n en M\u00e9xico\",\"escuelas p\u00fablica\",\"escuelas p\u00fablicas\",\"Estados de la Rep\u00fablica\",\"Excelencia Institucional\",\"Fundaci\u00f3n Merced\",\"\u00cdndices de Institucionalidad\",\"INEGI\",\"Innovaci\u00f3n Educativa\",\"Mejor Lugar para Hacer Voluntariado\",\"Modelo de Escuela Integral\",\"Modelo de Estimaci\u00f3n de Valor Social\",\"Nacional Monte de Piedad\",\"Premio a la Transformaci\u00f3n Extraordinaria\",\"Premio Raz\u00f3n de Ser\",\"Pro Educaci\u00f3n\",\"PROED\",\"programas de educaci\u00f3n\",\"rezago educativo\",\"sociedad civil\"],\"articleSection\":[\"Noticias\"],\"inLanguage\":\"es\",\"potentialAction\":[{\"@type\":\"CommentAction\",\"name\":\"Comment\",\"target\":[\"https:\\\/\\\/somos-hermanos.mx\\\/index.php\\\/2025\\\/10\\\/22\\\/la-educacion-basica-signo-para-una-vida-futura-proed-iap\\\/#respond\"]}]},{\"@type\":\"WebPage\",\"@id\":\"https:\\\/\\\/somos-hermanos.mx\\\/index.php\\\/2025\\\/10\\\/22\\\/la-educacion-basica-signo-para-una-vida-futura-proed-iap\\\/\",\"url\":\"https:\\\/\\\/somos-hermanos.mx\\\/index.php\\\/2025\\\/10\\\/22\\\/la-educacion-basica-signo-para-una-vida-futura-proed-iap\\\/\",\"name\":\"La educaci\u00f3n b\u00e1sica, signo para una vida futura: PROED IAP - Historias que inspiran...\",\"isPartOf\":{\"@id\":\"https:\\\/\\\/somos-hermanos.mx\\\/#website\"},\"primaryImageOfPage\":{\"@id\":\"https:\\\/\\\/somos-hermanos.mx\\\/index.php\\\/2025\\\/10\\\/22\\\/la-educacion-basica-signo-para-una-vida-futura-proed-iap\\\/#primaryimage\"},\"image\":{\"@id\":\"https:\\\/\\\/somos-hermanos.mx\\\/index.php\\\/2025\\\/10\\\/22\\\/la-educacion-basica-signo-para-una-vida-futura-proed-iap\\\/#primaryimage\"},\"thumbnailUrl\":\"https:\\\/\\\/somos-hermanos.mx\\\/wp-content\\\/uploads\\\/2025\\\/10\\\/img-20251021-wa00065368826012587285670.jpg\",\"datePublished\":\"2025-10-22T07:00:52+00:00\",\"breadcrumb\":{\"@id\":\"https:\\\/\\\/somos-hermanos.mx\\\/index.php\\\/2025\\\/10\\\/22\\\/la-educacion-basica-signo-para-una-vida-futura-proed-iap\\\/#breadcrumb\"},\"inLanguage\":\"es\",\"potentialAction\":[{\"@type\":\"ReadAction\",\"target\":[\"https:\\\/\\\/somos-hermanos.mx\\\/index.php\\\/2025\\\/10\\\/22\\\/la-educacion-basica-signo-para-una-vida-futura-proed-iap\\\/\"]}]},{\"@type\":\"ImageObject\",\"inLanguage\":\"es\",\"@id\":\"https:\\\/\\\/somos-hermanos.mx\\\/index.php\\\/2025\\\/10\\\/22\\\/la-educacion-basica-signo-para-una-vida-futura-proed-iap\\\/#primaryimage\",\"url\":\"https:\\\/\\\/somos-hermanos.mx\\\/wp-content\\\/uploads\\\/2025\\\/10\\\/img-20251021-wa00065368826012587285670.jpg\",\"contentUrl\":\"https:\\\/\\\/somos-hermanos.mx\\\/wp-content\\\/uploads\\\/2025\\\/10\\\/img-20251021-wa00065368826012587285670.jpg\",\"width\":1600,\"height\":1065},{\"@type\":\"BreadcrumbList\",\"@id\":\"https:\\\/\\\/somos-hermanos.mx\\\/index.php\\\/2025\\\/10\\\/22\\\/la-educacion-basica-signo-para-una-vida-futura-proed-iap\\\/#breadcrumb\",\"itemListElement\":[{\"@type\":\"ListItem\",\"position\":1,\"name\":\"Inicio\",\"item\":\"https:\\\/\\\/somos-hermanos.mx\\\/\"},{\"@type\":\"ListItem\",\"position\":2,\"name\":\"La educaci\u00f3n b\u00e1sica, signo para una vida futura: PROED IAP\"}]},{\"@type\":\"WebSite\",\"@id\":\"https:\\\/\\\/somos-hermanos.mx\\\/#website\",\"url\":\"https:\\\/\\\/somos-hermanos.mx\\\/\",\"name\":\"Historias que inspiran...\",\"description\":\"Somos la voz del altruismo en M\u00e9xico\",\"publisher\":{\"@id\":\"https:\\\/\\\/somos-hermanos.mx\\\/#organization\"},\"potentialAction\":[{\"@type\":\"SearchAction\",\"target\":{\"@type\":\"EntryPoint\",\"urlTemplate\":\"https:\\\/\\\/somos-hermanos.mx\\\/?s={search_term_string}\"},\"query-input\":{\"@type\":\"PropertyValueSpecification\",\"valueRequired\":true,\"valueName\":\"search_term_string\"}}],\"inLanguage\":\"es\"},{\"@type\":\"Organization\",\"@id\":\"https:\\\/\\\/somos-hermanos.mx\\\/#organization\",\"name\":\"Somos Hermanos\",\"url\":\"https:\\\/\\\/somos-hermanos.mx\\\/\",\"logo\":{\"@type\":\"ImageObject\",\"inLanguage\":\"es\",\"@id\":\"https:\\\/\\\/somos-hermanos.mx\\\/#\\\/schema\\\/logo\\\/image\\\/\",\"url\":\"https:\\\/\\\/somos-hermanos.mx\\\/wp-content\\\/uploads\\\/2025\\\/08\\\/SH30-1.jpeg\",\"contentUrl\":\"https:\\\/\\\/somos-hermanos.mx\\\/wp-content\\\/uploads\\\/2025\\\/08\\\/SH30-1.jpeg\",\"width\":1600,\"height\":1142,\"caption\":\"Somos Hermanos\"},\"image\":{\"@id\":\"https:\\\/\\\/somos-hermanos.mx\\\/#\\\/schema\\\/logo\\\/image\\\/\"},\"sameAs\":[\"https:\\\/\\\/www.facebook.com\\\/SomosHermanosIAP\\\/\",\"https:\\\/\\\/x.com\\\/Somos__Hermanos\",\"https:\\\/\\\/www.instagram.com\\\/somos__hermanos\\\/#\",\"https:\\\/\\\/www.tiktok.com\\\/@somoshermanosiap\",\"https:\\\/\\\/www.youtube.com\\\/@somoshermanosiap1201\\\/videos\"]},{\"@type\":\"Person\",\"@id\":\"https:\\\/\\\/somos-hermanos.mx\\\/#\\\/schema\\\/person\\\/b19b77952ccfcc29216b64875087fd1d\",\"name\":\"Beatriz Chora Guzm\u00e1n\",\"image\":{\"@type\":\"ImageObject\",\"inLanguage\":\"es\",\"@id\":\"https:\\\/\\\/secure.gravatar.com\\\/avatar\\\/989d787ee1763c8a47386fa8fc7a28b2ca0543ace37e917230a50f8165df7e6c?s=96&d=mm&r=g\",\"url\":\"https:\\\/\\\/secure.gravatar.com\\\/avatar\\\/989d787ee1763c8a47386fa8fc7a28b2ca0543ace37e917230a50f8165df7e6c?s=96&d=mm&r=g\",\"contentUrl\":\"https:\\\/\\\/secure.gravatar.com\\\/avatar\\\/989d787ee1763c8a47386fa8fc7a28b2ca0543ace37e917230a50f8165df7e6c?s=96&d=mm&r=g\",\"caption\":\"Beatriz Chora Guzm\u00e1n\"},\"url\":\"https:\\\/\\\/somos-hermanos.mx\\\/index.php\\\/author\\\/beatriz-chora-guzman\\\/\"}]}<\/script>\n<!-- \/ Yoast SEO plugin. -->","yoast_head_json":{"title":"La educaci\u00f3n b\u00e1sica, signo para una vida futura: PROED IAP - Historias que inspiran...","robots":{"index":"index","follow":"follow","max-snippet":"max-snippet:-1","max-image-preview":"max-image-preview:large","max-video-preview":"max-video-preview:-1"},"canonical":"https:\/\/somos-hermanos.mx\/index.php\/2025\/10\/22\/la-educacion-basica-signo-para-una-vida-futura-proed-iap\/","og_locale":"es_MX","og_type":"article","og_title":"La educaci\u00f3n b\u00e1sica, signo para una vida futura: PROED IAP - Historias que inspiran...","og_description":"La educaci\u00f3n b\u00e1sica es un derecho que todos los ni\u00f1os y ni\u00f1as tienen para aprenden, conocer y ejercer otros derechos, tambi\u00e9n es un signo del nivel desarrollo de un pa\u00eds y la base para una vida futura, mejor de sus habitantes. Seg\u00fan el INEGI en el 2020 en M\u00e9xico el 94% de los ni\u00f1os y [&hellip;]","og_url":"https:\/\/somos-hermanos.mx\/index.php\/2025\/10\/22\/la-educacion-basica-signo-para-una-vida-futura-proed-iap\/","og_site_name":"Historias que inspiran...","article_publisher":"https:\/\/www.facebook.com\/SomosHermanosIAP\/","article_published_time":"2025-10-22T07:00:52+00:00","og_image":[{"width":1600,"height":1065,"url":"https:\/\/somos-hermanos.mx\/wp-content\/uploads\/2025\/10\/img-20251021-wa00065368826012587285670.jpg","type":"image\/jpeg"}],"author":"Beatriz Chora Guzm\u00e1n","twitter_card":"summary_large_image","twitter_creator":"@Somos__Hermanos","twitter_site":"@Somos__Hermanos","twitter_misc":{"Escrito por":"Beatriz Chora Guzm\u00e1n","Tiempo de lectura":"4 minutos"},"schema":{"@context":"https:\/\/schema.org","@graph":[{"@type":"Article","@id":"https:\/\/somos-hermanos.mx\/index.php\/2025\/10\/22\/la-educacion-basica-signo-para-una-vida-futura-proed-iap\/#article","isPartOf":{"@id":"https:\/\/somos-hermanos.mx\/index.php\/2025\/10\/22\/la-educacion-basica-signo-para-una-vida-futura-proed-iap\/"},"author":{"name":"Beatriz Chora Guzm\u00e1n","@id":"https:\/\/somos-hermanos.mx\/#\/schema\/person\/b19b77952ccfcc29216b64875087fd1d"},"headline":"La educaci\u00f3n b\u00e1sica, signo para una vida futura: PROED IAP","datePublished":"2025-10-22T07:00:52+00:00","mainEntityOfPage":{"@id":"https:\/\/somos-hermanos.mx\/index.php\/2025\/10\/22\/la-educacion-basica-signo-para-una-vida-futura-proed-iap\/"},"wordCount":844,"commentCount":0,"publisher":{"@id":"https:\/\/somos-hermanos.mx\/#organization"},"image":{"@id":"https:\/\/somos-hermanos.mx\/index.php\/2025\/10\/22\/la-educacion-basica-signo-para-una-vida-futura-proed-iap\/#primaryimage"},"thumbnailUrl":"https:\/\/somos-hermanos.mx\/wp-content\/uploads\/2025\/10\/img-20251021-wa00065368826012587285670.jpg","keywords":["Acreditaci\u00f3n de Institucionalidad","Ashoka","Asistencia Privada","calidad educaci\u00f3n","calidad educativa","Calificaci\u00f3n de Desarrollo Institucional","CEMEFI","comunidad escolar","COVID-19","desarrollo integral","educaci\u00f3n b\u00e1sica","educaci\u00f3n de calidad","educaci\u00f3n de ni\u00f1os","educaci\u00f3n en M\u00e9xico","escuelas p\u00fablica","escuelas p\u00fablicas","Estados de la Rep\u00fablica","Excelencia Institucional","Fundaci\u00f3n Merced","\u00cdndices de Institucionalidad","INEGI","Innovaci\u00f3n Educativa","Mejor Lugar para Hacer Voluntariado","Modelo de Escuela Integral","Modelo de Estimaci\u00f3n de Valor Social","Nacional Monte de Piedad","Premio a la Transformaci\u00f3n Extraordinaria","Premio Raz\u00f3n de Ser","Pro Educaci\u00f3n","PROED","programas de educaci\u00f3n","rezago educativo","sociedad civil"],"articleSection":["Noticias"],"inLanguage":"es","potentialAction":[{"@type":"CommentAction","name":"Comment","target":["https:\/\/somos-hermanos.mx\/index.php\/2025\/10\/22\/la-educacion-basica-signo-para-una-vida-futura-proed-iap\/#respond"]}]},{"@type":"WebPage","@id":"https:\/\/somos-hermanos.mx\/index.php\/2025\/10\/22\/la-educacion-basica-signo-para-una-vida-futura-proed-iap\/","url":"https:\/\/somos-hermanos.mx\/index.php\/2025\/10\/22\/la-educacion-basica-signo-para-una-vida-futura-proed-iap\/","name":"La educaci\u00f3n b\u00e1sica, signo para una vida futura: PROED IAP - Historias que inspiran...","isPartOf":{"@id":"https:\/\/somos-hermanos.mx\/#website"},"primaryImageOfPage":{"@id":"https:\/\/somos-hermanos.mx\/index.php\/2025\/10\/22\/la-educacion-basica-signo-para-una-vida-futura-proed-iap\/#primaryimage"},"image":{"@id":"https:\/\/somos-hermanos.mx\/index.php\/2025\/10\/22\/la-educacion-basica-signo-para-una-vida-futura-proed-iap\/#primaryimage"},"thumbnailUrl":"https:\/\/somos-hermanos.mx\/wp-content\/uploads\/2025\/10\/img-20251021-wa00065368826012587285670.jpg","datePublished":"2025-10-22T07:00:52+00:00","breadcrumb":{"@id":"https:\/\/somos-hermanos.mx\/index.php\/2025\/10\/22\/la-educacion-basica-signo-para-una-vida-futura-proed-iap\/#breadcrumb"},"inLanguage":"es","potentialAction":[{"@type":"ReadAction","target":["https:\/\/somos-hermanos.mx\/index.php\/2025\/10\/22\/la-educacion-basica-signo-para-una-vida-futura-proed-iap\/"]}]},{"@type":"ImageObject","inLanguage":"es","@id":"https:\/\/somos-hermanos.mx\/index.php\/2025\/10\/22\/la-educacion-basica-signo-para-una-vida-futura-proed-iap\/#primaryimage","url":"https:\/\/somos-hermanos.mx\/wp-content\/uploads\/2025\/10\/img-20251021-wa00065368826012587285670.jpg","contentUrl":"https:\/\/somos-hermanos.mx\/wp-content\/uploads\/2025\/10\/img-20251021-wa00065368826012587285670.jpg","width":1600,"height":1065},{"@type":"BreadcrumbList","@id":"https:\/\/somos-hermanos.mx\/index.php\/2025\/10\/22\/la-educacion-basica-signo-para-una-vida-futura-proed-iap\/#breadcrumb","itemListElement":[{"@type":"ListItem","position":1,"name":"Inicio","item":"https:\/\/somos-hermanos.mx\/"},{"@type":"ListItem","position":2,"name":"La educaci\u00f3n b\u00e1sica, signo para una vida futura: PROED IAP"}]},{"@type":"WebSite","@id":"https:\/\/somos-hermanos.mx\/#website","url":"https:\/\/somos-hermanos.mx\/","name":"Historias que inspiran...","description":"Somos la voz del altruismo en M\u00e9xico","publisher":{"@id":"https:\/\/somos-hermanos.mx\/#organization"},"potentialAction":[{"@type":"SearchAction","target":{"@type":"EntryPoint","urlTemplate":"https:\/\/somos-hermanos.mx\/?s={search_term_string}"},"query-input":{"@type":"PropertyValueSpecification","valueRequired":true,"valueName":"search_term_string"}}],"inLanguage":"es"},{"@type":"Organization","@id":"https:\/\/somos-hermanos.mx\/#organization","name":"Somos Hermanos","url":"https:\/\/somos-hermanos.mx\/","logo":{"@type":"ImageObject","inLanguage":"es","@id":"https:\/\/somos-hermanos.mx\/#\/schema\/logo\/image\/","url":"https:\/\/somos-hermanos.mx\/wp-content\/uploads\/2025\/08\/SH30-1.jpeg","contentUrl":"https:\/\/somos-hermanos.mx\/wp-content\/uploads\/2025\/08\/SH30-1.jpeg","width":1600,"height":1142,"caption":"Somos Hermanos"},"image":{"@id":"https:\/\/somos-hermanos.mx\/#\/schema\/logo\/image\/"},"sameAs":["https:\/\/www.facebook.com\/SomosHermanosIAP\/","https:\/\/x.com\/Somos__Hermanos","https:\/\/www.instagram.com\/somos__hermanos\/#","https:\/\/www.tiktok.com\/@somoshermanosiap","https:\/\/www.youtube.com\/@somoshermanosiap1201\/videos"]},{"@type":"Person","@id":"https:\/\/somos-hermanos.mx\/#\/schema\/person\/b19b77952ccfcc29216b64875087fd1d","name":"Beatriz Chora Guzm\u00e1n","image":{"@type":"ImageObject","inLanguage":"es","@id":"https:\/\/secure.gravatar.com\/avatar\/989d787ee1763c8a47386fa8fc7a28b2ca0543ace37e917230a50f8165df7e6c?s=96&d=mm&r=g","url":"https:\/\/secure.gravatar.com\/avatar\/989d787ee1763c8a47386fa8fc7a28b2ca0543ace37e917230a50f8165df7e6c?s=96&d=mm&r=g","contentUrl":"https:\/\/secure.gravatar.com\/avatar\/989d787ee1763c8a47386fa8fc7a28b2ca0543ace37e917230a50f8165df7e6c?s=96&d=mm&r=g","caption":"Beatriz Chora Guzm\u00e1n"},"url":"https:\/\/somos-hermanos.mx\/index.php\/author\/beatriz-chora-guzman\/"}]}},"_links":{"self":[{"href":"https:\/\/somos-hermanos.mx\/index.php\/wp-json\/wp\/v2\/posts\/1948","targetHints":{"allow":["GET"]}}],"collection":[{"href":"https:\/\/somos-hermanos.mx\/index.php\/wp-json\/wp\/v2\/posts"}],"about":[{"href":"https:\/\/somos-hermanos.mx\/index.php\/wp-json\/wp\/v2\/types\/post"}],"author":[{"embeddable":true,"href":"https:\/\/somos-hermanos.mx\/index.php\/wp-json\/wp\/v2\/users\/27"}],"replies":[{"embeddable":true,"href":"https:\/\/somos-hermanos.mx\/index.php\/wp-json\/wp\/v2\/comments?post=1948"}],"version-history":[{"count":1,"href":"https:\/\/somos-hermanos.mx\/index.php\/wp-json\/wp\/v2\/posts\/1948\/revisions"}],"predecessor-version":[{"id":1949,"href":"https:\/\/somos-hermanos.mx\/index.php\/wp-json\/wp\/v2\/posts\/1948\/revisions\/1949"}],"wp:featuredmedia":[{"embeddable":true,"href":"https:\/\/somos-hermanos.mx\/index.php\/wp-json\/wp\/v2\/media\/1944"}],"wp:attachment":[{"href":"https:\/\/somos-hermanos.mx\/index.php\/wp-json\/wp\/v2\/media?parent=1948"}],"wp:term":[{"taxonomy":"category","embeddable":true,"href":"https:\/\/somos-hermanos.mx\/index.php\/wp-json\/wp\/v2\/categories?post=1948"},{"taxonomy":"post_tag","embeddable":true,"href":"https:\/\/somos-hermanos.mx\/index.php\/wp-json\/wp\/v2\/tags?post=1948"}],"curies":[{"name":"wp","href":"https:\/\/api.w.org\/{rel}","templated":true}]}}