{"id":1867,"date":"2025-10-14T01:00:41","date_gmt":"2025-10-14T07:00:41","guid":{"rendered":"https:\/\/somos-hermanos.mx\/?p=1867"},"modified":"2025-10-13T22:16:37","modified_gmt":"2025-10-14T04:16:37","slug":"ninos-invisibles-realidad-de-las-infancias-sin-hogar-en-mexico","status":"publish","type":"post","link":"https:\/\/somos-hermanos.mx\/index.php\/2025\/10\/14\/ninos-invisibles-realidad-de-las-infancias-sin-hogar-en-mexico\/","title":{"rendered":"\u00bfNi\u00f1os invisibles? realidad de las infancias sin hogar en M\u00e9xico"},"content":{"rendered":"<p>Con el prop\u00f3sito de suscitar conciencia sobre la situaci\u00f3n de miles de ni\u00f1as, ni\u00f1os y adolescentes que transitan su desarrollo en instituciones de resguardo en M\u00e9xico, <strong>la Fundaci\u00f3n Unnido present\u00f3 la novela <em>Los ni\u00f1os invisibles<\/em>, obra de la escritora Paulette Jonguitud. <\/strong><\/p>\n<p>El texto, concebido a partir de testimonios y experiencias reales, <strong>articula la vida cotidiana de menores que crecen privados de un entorno familiar estable <\/strong>y cuya expectativa de adopci\u00f3n se prolonga en la incertidumbre institucional.<\/p>\n<p>Georgina Ib\u00e1\u00f1ez Velasco, directora general de la Fundaci\u00f3n Unnido, enfatiz\u00f3 la urgencia de atender a estas poblaciones, muchas veces percibidas como protegidas por la estructura de las casas hogar, aunque en realidad enfrentan un devenir marcado por la indeterminaci\u00f3n respecto a su destino. <strong>\u201cNuestro prop\u00f3sito es visibilizar a quienes, pese a encontrarse en resguardo institucional, permanecen sumidos en la incerteza cotidiana, sin certeza sobre su futuro\u201d<\/strong>, afirm\u00f3.<\/p>\n<p>La directora resalt\u00f3 que la obra pretende generar no solo empat\u00eda, sino tambi\u00e9n movilizaci\u00f3n social y pol\u00edtica, alcanzando tanto a las autoridades como a los n\u00facleos familiares potencialmente adoptivos y a la sociedad en general.<\/p>\n<p>Seg\u00fan datos oficiales, <strong>m\u00e1s de 64,000 ni\u00f1as, ni\u00f1os y adolescentes carecen de cuidados parentales en M\u00e9xico, de los cuales m\u00e1s de 25,000 permanecen en instituciones <\/strong>mientras aguardan una adopci\u00f3n efectiva, lo que subraya la pertinencia del trabajo desarrollado por la Fundaci\u00f3n Unnido.<\/p>\n<p><em>Los ni\u00f1os invisibles<\/em>, <strong>concebida en el marco del 40 aniversario de la fundaci\u00f3n, compila relatos y fragmentos de historias extra\u00eddas de la casa hogar Quinta Carmelita, <\/strong>fundada tras el sismo de 1985 por Eva Graciela Castellanos, conocida como Chela del Valle. Ib\u00e1\u00f1ez subray\u00f3 que, a lo largo de cuatro d\u00e9cadas, la organizaci\u00f3n ha propiciado m\u00e1s de 650 reintegraciones familiares y adopciones exitosas, al tiempo que garantiza atenci\u00f3n m\u00e9dica, psicol\u00f3gica y educativa a cientos de menores anualmente.<\/p>\n<p>Jonguitud, autora de la obra, puntualiz\u00f3 que <strong>la novela trasciende la ficci\u00f3n convencional, al ofrecer una representaci\u00f3n fiel de la experiencia de vida de estas infancias. <\/strong>\u201cEste proyecto surge de la escucha de voces hist\u00f3ricamente silenciadas en la literatura, en un intento por conferir identidad y memoria a quienes han vivido su infancia a la espera de un hogar definitivo\u201d, declar\u00f3.<\/p>\n<p>Durante la presentaci\u00f3n, Mar\u00eda Mier y Ter\u00e1n, joven adoptada, ofreci\u00f3 su testimonio y manifest\u00f3 su esperanza de que la publicaci\u00f3n propicie un efecto de conciencia colectiva: \u201cLa lucha por una adopci\u00f3n digna y expedita no es un cometido individual, sino un imperativo social; cada ni\u00f1o invisible merece culminar su espera con el acogimiento c\u00e1lido de una familia\u201d.<\/p>\n<p>El lanzamiento de la obra cont\u00f3 con el respaldo de diversas organizaciones, incluida la Fundaci\u00f3n Incluyendo M\u00e9xico, con la finalidad de visibilizar los desaf\u00edos y realidades que atraviesan miles de menores y familias en el contexto de la adopci\u00f3n en M\u00e9xico.<\/p>\n<p>Frente a cifras que muestran un incremento moderado en los procesos de adopci\u00f3n finalizados \u2014228 en 2024, 5.1% superior a 2023, seg\u00fan la Red por los Derechos de la Infancia en M\u00e9xico (Redim)\u2014, la novela constituye un llamado a la sociedad para reconocer que la transformaci\u00f3n de la situaci\u00f3n de estas infancias es una responsabilidad colectiva.<\/p>\n<p><img loading=\"lazy\" decoding=\"async\" class=\"aligncenter wp-image-1863 size-medium\" src=\"https:\/\/somos-hermanos.mx\/wp-content\/uploads\/2025\/10\/img-20251013-wa00147490582574004905167-300x169.jpg\" alt=\"\" width=\"300\" height=\"169\" srcset=\"https:\/\/somos-hermanos.mx\/wp-content\/uploads\/2025\/10\/img-20251013-wa00147490582574004905167-300x169.jpg 300w, https:\/\/somos-hermanos.mx\/wp-content\/uploads\/2025\/10\/img-20251013-wa00147490582574004905167-1024x575.jpg 1024w, https:\/\/somos-hermanos.mx\/wp-content\/uploads\/2025\/10\/img-20251013-wa00147490582574004905167-768x432.jpg 768w, https:\/\/somos-hermanos.mx\/wp-content\/uploads\/2025\/10\/img-20251013-wa00147490582574004905167-1536x863.jpg 1536w, https:\/\/somos-hermanos.mx\/wp-content\/uploads\/2025\/10\/img-20251013-wa00147490582574004905167.jpg 1600w\" sizes=\"auto, (max-width: 300px) 100vw, 300px\" \/><\/p>\n","protected":false},"excerpt":{"rendered":"<p>Con el prop\u00f3sito de suscitar conciencia sobre la situaci\u00f3n de miles de ni\u00f1as, ni\u00f1os y adolescentes que transitan su desarrollo en instituciones de resguardo en M\u00e9xico, la Fundaci\u00f3n Unnido present\u00f3 la novela Los ni\u00f1os invisibles, obra de la escritora Paulette Jonguitud. El texto, concebido a partir de testimonios y experiencias reales, articula la vida cotidiana [&hellip;]<\/p>\n","protected":false},"author":6,"featured_media":1864,"comment_status":"open","ping_status":"closed","sticky":false,"template":"","format":"standard","meta":{"footnotes":""},"categories":[6],"tags":[1521,1525,1520,1526,1519,1524,1516,1517,1523,1518,1522],"class_list":["post-1867","post","type-post","status-publish","format-standard","has-post-thumbnail","hentry","category-noticias","tag-adopcion-efectiva","tag-adopcion-en-mexico","tag-cuidados-parentales","tag-derechos-de-la-infancia","tag-entorno-familiar","tag-fundacion-incluyendo-mexico","tag-fundacion-unnido","tag-los-ninos-invisibles","tag-mier-y-teran","tag-paulette-jonguitud","tag-quinta-carmelita"],"yoast_head":"<!-- This site is optimized with the Yoast SEO plugin v27.5 - https:\/\/yoast.com\/product\/yoast-seo-wordpress\/ -->\n<title>\u00bfNi\u00f1os invisibles? realidad de las infancias sin hogar en M\u00e9xico - Historias que inspiran...<\/title>\n<meta name=\"robots\" content=\"index, follow, max-snippet:-1, max-image-preview:large, max-video-preview:-1\" \/>\n<link rel=\"canonical\" href=\"https:\/\/somos-hermanos.mx\/index.php\/2025\/10\/14\/ninos-invisibles-realidad-de-las-infancias-sin-hogar-en-mexico\/\" \/>\n<meta property=\"og:locale\" content=\"es_MX\" \/>\n<meta property=\"og:type\" content=\"article\" \/>\n<meta property=\"og:title\" content=\"\u00bfNi\u00f1os invisibles? realidad de las infancias sin hogar en M\u00e9xico - Historias que inspiran...\" \/>\n<meta property=\"og:description\" content=\"Con el prop\u00f3sito de suscitar conciencia sobre la situaci\u00f3n de miles de ni\u00f1as, ni\u00f1os y adolescentes que transitan su desarrollo en instituciones de resguardo en M\u00e9xico, la Fundaci\u00f3n Unnido present\u00f3 la novela Los ni\u00f1os invisibles, obra de la escritora Paulette Jonguitud. El texto, concebido a partir de testimonios y experiencias reales, articula la vida cotidiana [&hellip;]\" \/>\n<meta property=\"og:url\" content=\"https:\/\/somos-hermanos.mx\/index.php\/2025\/10\/14\/ninos-invisibles-realidad-de-las-infancias-sin-hogar-en-mexico\/\" \/>\n<meta property=\"og:site_name\" content=\"Historias que inspiran...\" \/>\n<meta property=\"article:publisher\" content=\"https:\/\/www.facebook.com\/SomosHermanosIAP\/\" \/>\n<meta property=\"article:published_time\" content=\"2025-10-14T07:00:41+00:00\" \/>\n<meta property=\"og:image\" content=\"https:\/\/somos-hermanos.mx\/wp-content\/uploads\/2025\/10\/img-20251013-wa00152328114048381908142.jpg\" \/>\n\t<meta property=\"og:image:width\" content=\"1384\" \/>\n\t<meta property=\"og:image:height\" content=\"776\" \/>\n\t<meta property=\"og:image:type\" content=\"image\/jpeg\" \/>\n<meta name=\"author\" content=\"Jessica Iniestra Montoya\" \/>\n<meta name=\"twitter:card\" content=\"summary_large_image\" \/>\n<meta name=\"twitter:creator\" content=\"@Somos__Hermanos\" \/>\n<meta name=\"twitter:site\" content=\"@Somos__Hermanos\" \/>\n<meta name=\"twitter:label1\" content=\"Escrito por\" \/>\n\t<meta name=\"twitter:data1\" content=\"Jessica Iniestra Montoya\" \/>\n\t<meta name=\"twitter:label2\" content=\"Tiempo de lectura\" \/>\n\t<meta name=\"twitter:data2\" content=\"3 minutos\" \/>\n<script type=\"application\/ld+json\" class=\"yoast-schema-graph\">{\"@context\":\"https:\\\/\\\/schema.org\",\"@graph\":[{\"@type\":\"Article\",\"@id\":\"https:\\\/\\\/somos-hermanos.mx\\\/index.php\\\/2025\\\/10\\\/14\\\/ninos-invisibles-realidad-de-las-infancias-sin-hogar-en-mexico\\\/#article\",\"isPartOf\":{\"@id\":\"https:\\\/\\\/somos-hermanos.mx\\\/index.php\\\/2025\\\/10\\\/14\\\/ninos-invisibles-realidad-de-las-infancias-sin-hogar-en-mexico\\\/\"},\"author\":{\"name\":\"Jessica Iniestra Montoya\",\"@id\":\"https:\\\/\\\/somos-hermanos.mx\\\/#\\\/schema\\\/person\\\/556c08a8ffe5461f078f6d4ee7c7edc6\"},\"headline\":\"\u00bfNi\u00f1os invisibles? realidad de las infancias sin hogar en M\u00e9xico\",\"datePublished\":\"2025-10-14T07:00:41+00:00\",\"mainEntityOfPage\":{\"@id\":\"https:\\\/\\\/somos-hermanos.mx\\\/index.php\\\/2025\\\/10\\\/14\\\/ninos-invisibles-realidad-de-las-infancias-sin-hogar-en-mexico\\\/\"},\"wordCount\":569,\"commentCount\":0,\"publisher\":{\"@id\":\"https:\\\/\\\/somos-hermanos.mx\\\/#organization\"},\"image\":{\"@id\":\"https:\\\/\\\/somos-hermanos.mx\\\/index.php\\\/2025\\\/10\\\/14\\\/ninos-invisibles-realidad-de-las-infancias-sin-hogar-en-mexico\\\/#primaryimage\"},\"thumbnailUrl\":\"https:\\\/\\\/somos-hermanos.mx\\\/wp-content\\\/uploads\\\/2025\\\/10\\\/img-20251013-wa00152328114048381908142.jpg\",\"keywords\":[\"adopci\u00f3n efectiva\",\"adopci\u00f3n en M\u00e9xico\",\"cuidados parentales\",\"Derechos de la Infancia\",\"entorno familiar\",\"Fundaci\u00f3n Incluyendo M\u00e9xico\",\"Fundaci\u00f3n Unnido\",\"Los ni\u00f1os invisibles\",\"Mier y Ter\u00e1n\",\"Paulette Jonguitud\",\"Quinta Carmelita\"],\"articleSection\":[\"Noticias\"],\"inLanguage\":\"es\",\"potentialAction\":[{\"@type\":\"CommentAction\",\"name\":\"Comment\",\"target\":[\"https:\\\/\\\/somos-hermanos.mx\\\/index.php\\\/2025\\\/10\\\/14\\\/ninos-invisibles-realidad-de-las-infancias-sin-hogar-en-mexico\\\/#respond\"]}]},{\"@type\":\"WebPage\",\"@id\":\"https:\\\/\\\/somos-hermanos.mx\\\/index.php\\\/2025\\\/10\\\/14\\\/ninos-invisibles-realidad-de-las-infancias-sin-hogar-en-mexico\\\/\",\"url\":\"https:\\\/\\\/somos-hermanos.mx\\\/index.php\\\/2025\\\/10\\\/14\\\/ninos-invisibles-realidad-de-las-infancias-sin-hogar-en-mexico\\\/\",\"name\":\"\u00bfNi\u00f1os invisibles? realidad de las infancias sin hogar en M\u00e9xico - Historias que inspiran...\",\"isPartOf\":{\"@id\":\"https:\\\/\\\/somos-hermanos.mx\\\/#website\"},\"primaryImageOfPage\":{\"@id\":\"https:\\\/\\\/somos-hermanos.mx\\\/index.php\\\/2025\\\/10\\\/14\\\/ninos-invisibles-realidad-de-las-infancias-sin-hogar-en-mexico\\\/#primaryimage\"},\"image\":{\"@id\":\"https:\\\/\\\/somos-hermanos.mx\\\/index.php\\\/2025\\\/10\\\/14\\\/ninos-invisibles-realidad-de-las-infancias-sin-hogar-en-mexico\\\/#primaryimage\"},\"thumbnailUrl\":\"https:\\\/\\\/somos-hermanos.mx\\\/wp-content\\\/uploads\\\/2025\\\/10\\\/img-20251013-wa00152328114048381908142.jpg\",\"datePublished\":\"2025-10-14T07:00:41+00:00\",\"breadcrumb\":{\"@id\":\"https:\\\/\\\/somos-hermanos.mx\\\/index.php\\\/2025\\\/10\\\/14\\\/ninos-invisibles-realidad-de-las-infancias-sin-hogar-en-mexico\\\/#breadcrumb\"},\"inLanguage\":\"es\",\"potentialAction\":[{\"@type\":\"ReadAction\",\"target\":[\"https:\\\/\\\/somos-hermanos.mx\\\/index.php\\\/2025\\\/10\\\/14\\\/ninos-invisibles-realidad-de-las-infancias-sin-hogar-en-mexico\\\/\"]}]},{\"@type\":\"ImageObject\",\"inLanguage\":\"es\",\"@id\":\"https:\\\/\\\/somos-hermanos.mx\\\/index.php\\\/2025\\\/10\\\/14\\\/ninos-invisibles-realidad-de-las-infancias-sin-hogar-en-mexico\\\/#primaryimage\",\"url\":\"https:\\\/\\\/somos-hermanos.mx\\\/wp-content\\\/uploads\\\/2025\\\/10\\\/img-20251013-wa00152328114048381908142.jpg\",\"contentUrl\":\"https:\\\/\\\/somos-hermanos.mx\\\/wp-content\\\/uploads\\\/2025\\\/10\\\/img-20251013-wa00152328114048381908142.jpg\",\"width\":1384,\"height\":776},{\"@type\":\"BreadcrumbList\",\"@id\":\"https:\\\/\\\/somos-hermanos.mx\\\/index.php\\\/2025\\\/10\\\/14\\\/ninos-invisibles-realidad-de-las-infancias-sin-hogar-en-mexico\\\/#breadcrumb\",\"itemListElement\":[{\"@type\":\"ListItem\",\"position\":1,\"name\":\"Inicio\",\"item\":\"https:\\\/\\\/somos-hermanos.mx\\\/\"},{\"@type\":\"ListItem\",\"position\":2,\"name\":\"\u00bfNi\u00f1os invisibles? realidad de las infancias sin hogar en M\u00e9xico\"}]},{\"@type\":\"WebSite\",\"@id\":\"https:\\\/\\\/somos-hermanos.mx\\\/#website\",\"url\":\"https:\\\/\\\/somos-hermanos.mx\\\/\",\"name\":\"Historias que inspiran...\",\"description\":\"Somos la voz del altruismo en M\u00e9xico\",\"publisher\":{\"@id\":\"https:\\\/\\\/somos-hermanos.mx\\\/#organization\"},\"potentialAction\":[{\"@type\":\"SearchAction\",\"target\":{\"@type\":\"EntryPoint\",\"urlTemplate\":\"https:\\\/\\\/somos-hermanos.mx\\\/?s={search_term_string}\"},\"query-input\":{\"@type\":\"PropertyValueSpecification\",\"valueRequired\":true,\"valueName\":\"search_term_string\"}}],\"inLanguage\":\"es\"},{\"@type\":\"Organization\",\"@id\":\"https:\\\/\\\/somos-hermanos.mx\\\/#organization\",\"name\":\"Somos Hermanos\",\"url\":\"https:\\\/\\\/somos-hermanos.mx\\\/\",\"logo\":{\"@type\":\"ImageObject\",\"inLanguage\":\"es\",\"@id\":\"https:\\\/\\\/somos-hermanos.mx\\\/#\\\/schema\\\/logo\\\/image\\\/\",\"url\":\"https:\\\/\\\/somos-hermanos.mx\\\/wp-content\\\/uploads\\\/2025\\\/08\\\/SH30-1.jpeg\",\"contentUrl\":\"https:\\\/\\\/somos-hermanos.mx\\\/wp-content\\\/uploads\\\/2025\\\/08\\\/SH30-1.jpeg\",\"width\":1600,\"height\":1142,\"caption\":\"Somos Hermanos\"},\"image\":{\"@id\":\"https:\\\/\\\/somos-hermanos.mx\\\/#\\\/schema\\\/logo\\\/image\\\/\"},\"sameAs\":[\"https:\\\/\\\/www.facebook.com\\\/SomosHermanosIAP\\\/\",\"https:\\\/\\\/x.com\\\/Somos__Hermanos\",\"https:\\\/\\\/www.instagram.com\\\/somos__hermanos\\\/#\",\"https:\\\/\\\/www.tiktok.com\\\/@somoshermanosiap\",\"https:\\\/\\\/www.youtube.com\\\/@somoshermanosiap1201\\\/videos\"]},{\"@type\":\"Person\",\"@id\":\"https:\\\/\\\/somos-hermanos.mx\\\/#\\\/schema\\\/person\\\/556c08a8ffe5461f078f6d4ee7c7edc6\",\"name\":\"Jessica Iniestra Montoya\",\"image\":{\"@type\":\"ImageObject\",\"inLanguage\":\"es\",\"@id\":\"https:\\\/\\\/secure.gravatar.com\\\/avatar\\\/106ac0d17a09f7597c4b7d5101b852538c07d5e73e903cb99fc44476e15e52aa?s=96&d=mm&r=g\",\"url\":\"https:\\\/\\\/secure.gravatar.com\\\/avatar\\\/106ac0d17a09f7597c4b7d5101b852538c07d5e73e903cb99fc44476e15e52aa?s=96&d=mm&r=g\",\"contentUrl\":\"https:\\\/\\\/secure.gravatar.com\\\/avatar\\\/106ac0d17a09f7597c4b7d5101b852538c07d5e73e903cb99fc44476e15e52aa?s=96&d=mm&r=g\",\"caption\":\"Jessica Iniestra Montoya\"},\"url\":\"https:\\\/\\\/somos-hermanos.mx\\\/index.php\\\/author\\\/jessica-iniestra-montoya\\\/\"}]}<\/script>\n<!-- \/ Yoast SEO plugin. -->","yoast_head_json":{"title":"\u00bfNi\u00f1os invisibles? realidad de las infancias sin hogar en M\u00e9xico - Historias que inspiran...","robots":{"index":"index","follow":"follow","max-snippet":"max-snippet:-1","max-image-preview":"max-image-preview:large","max-video-preview":"max-video-preview:-1"},"canonical":"https:\/\/somos-hermanos.mx\/index.php\/2025\/10\/14\/ninos-invisibles-realidad-de-las-infancias-sin-hogar-en-mexico\/","og_locale":"es_MX","og_type":"article","og_title":"\u00bfNi\u00f1os invisibles? realidad de las infancias sin hogar en M\u00e9xico - Historias que inspiran...","og_description":"Con el prop\u00f3sito de suscitar conciencia sobre la situaci\u00f3n de miles de ni\u00f1as, ni\u00f1os y adolescentes que transitan su desarrollo en instituciones de resguardo en M\u00e9xico, la Fundaci\u00f3n Unnido present\u00f3 la novela Los ni\u00f1os invisibles, obra de la escritora Paulette Jonguitud. El texto, concebido a partir de testimonios y experiencias reales, articula la vida cotidiana [&hellip;]","og_url":"https:\/\/somos-hermanos.mx\/index.php\/2025\/10\/14\/ninos-invisibles-realidad-de-las-infancias-sin-hogar-en-mexico\/","og_site_name":"Historias que inspiran...","article_publisher":"https:\/\/www.facebook.com\/SomosHermanosIAP\/","article_published_time":"2025-10-14T07:00:41+00:00","og_image":[{"width":1384,"height":776,"url":"https:\/\/somos-hermanos.mx\/wp-content\/uploads\/2025\/10\/img-20251013-wa00152328114048381908142.jpg","type":"image\/jpeg"}],"author":"Jessica Iniestra Montoya","twitter_card":"summary_large_image","twitter_creator":"@Somos__Hermanos","twitter_site":"@Somos__Hermanos","twitter_misc":{"Escrito por":"Jessica Iniestra Montoya","Tiempo de lectura":"3 minutos"},"schema":{"@context":"https:\/\/schema.org","@graph":[{"@type":"Article","@id":"https:\/\/somos-hermanos.mx\/index.php\/2025\/10\/14\/ninos-invisibles-realidad-de-las-infancias-sin-hogar-en-mexico\/#article","isPartOf":{"@id":"https:\/\/somos-hermanos.mx\/index.php\/2025\/10\/14\/ninos-invisibles-realidad-de-las-infancias-sin-hogar-en-mexico\/"},"author":{"name":"Jessica Iniestra Montoya","@id":"https:\/\/somos-hermanos.mx\/#\/schema\/person\/556c08a8ffe5461f078f6d4ee7c7edc6"},"headline":"\u00bfNi\u00f1os invisibles? realidad de las infancias sin hogar en M\u00e9xico","datePublished":"2025-10-14T07:00:41+00:00","mainEntityOfPage":{"@id":"https:\/\/somos-hermanos.mx\/index.php\/2025\/10\/14\/ninos-invisibles-realidad-de-las-infancias-sin-hogar-en-mexico\/"},"wordCount":569,"commentCount":0,"publisher":{"@id":"https:\/\/somos-hermanos.mx\/#organization"},"image":{"@id":"https:\/\/somos-hermanos.mx\/index.php\/2025\/10\/14\/ninos-invisibles-realidad-de-las-infancias-sin-hogar-en-mexico\/#primaryimage"},"thumbnailUrl":"https:\/\/somos-hermanos.mx\/wp-content\/uploads\/2025\/10\/img-20251013-wa00152328114048381908142.jpg","keywords":["adopci\u00f3n efectiva","adopci\u00f3n en M\u00e9xico","cuidados parentales","Derechos de la Infancia","entorno familiar","Fundaci\u00f3n Incluyendo M\u00e9xico","Fundaci\u00f3n Unnido","Los ni\u00f1os invisibles","Mier y Ter\u00e1n","Paulette Jonguitud","Quinta Carmelita"],"articleSection":["Noticias"],"inLanguage":"es","potentialAction":[{"@type":"CommentAction","name":"Comment","target":["https:\/\/somos-hermanos.mx\/index.php\/2025\/10\/14\/ninos-invisibles-realidad-de-las-infancias-sin-hogar-en-mexico\/#respond"]}]},{"@type":"WebPage","@id":"https:\/\/somos-hermanos.mx\/index.php\/2025\/10\/14\/ninos-invisibles-realidad-de-las-infancias-sin-hogar-en-mexico\/","url":"https:\/\/somos-hermanos.mx\/index.php\/2025\/10\/14\/ninos-invisibles-realidad-de-las-infancias-sin-hogar-en-mexico\/","name":"\u00bfNi\u00f1os invisibles? realidad de las infancias sin hogar en M\u00e9xico - Historias que inspiran...","isPartOf":{"@id":"https:\/\/somos-hermanos.mx\/#website"},"primaryImageOfPage":{"@id":"https:\/\/somos-hermanos.mx\/index.php\/2025\/10\/14\/ninos-invisibles-realidad-de-las-infancias-sin-hogar-en-mexico\/#primaryimage"},"image":{"@id":"https:\/\/somos-hermanos.mx\/index.php\/2025\/10\/14\/ninos-invisibles-realidad-de-las-infancias-sin-hogar-en-mexico\/#primaryimage"},"thumbnailUrl":"https:\/\/somos-hermanos.mx\/wp-content\/uploads\/2025\/10\/img-20251013-wa00152328114048381908142.jpg","datePublished":"2025-10-14T07:00:41+00:00","breadcrumb":{"@id":"https:\/\/somos-hermanos.mx\/index.php\/2025\/10\/14\/ninos-invisibles-realidad-de-las-infancias-sin-hogar-en-mexico\/#breadcrumb"},"inLanguage":"es","potentialAction":[{"@type":"ReadAction","target":["https:\/\/somos-hermanos.mx\/index.php\/2025\/10\/14\/ninos-invisibles-realidad-de-las-infancias-sin-hogar-en-mexico\/"]}]},{"@type":"ImageObject","inLanguage":"es","@id":"https:\/\/somos-hermanos.mx\/index.php\/2025\/10\/14\/ninos-invisibles-realidad-de-las-infancias-sin-hogar-en-mexico\/#primaryimage","url":"https:\/\/somos-hermanos.mx\/wp-content\/uploads\/2025\/10\/img-20251013-wa00152328114048381908142.jpg","contentUrl":"https:\/\/somos-hermanos.mx\/wp-content\/uploads\/2025\/10\/img-20251013-wa00152328114048381908142.jpg","width":1384,"height":776},{"@type":"BreadcrumbList","@id":"https:\/\/somos-hermanos.mx\/index.php\/2025\/10\/14\/ninos-invisibles-realidad-de-las-infancias-sin-hogar-en-mexico\/#breadcrumb","itemListElement":[{"@type":"ListItem","position":1,"name":"Inicio","item":"https:\/\/somos-hermanos.mx\/"},{"@type":"ListItem","position":2,"name":"\u00bfNi\u00f1os invisibles? realidad de las infancias sin hogar en M\u00e9xico"}]},{"@type":"WebSite","@id":"https:\/\/somos-hermanos.mx\/#website","url":"https:\/\/somos-hermanos.mx\/","name":"Historias que inspiran...","description":"Somos la voz del altruismo en M\u00e9xico","publisher":{"@id":"https:\/\/somos-hermanos.mx\/#organization"},"potentialAction":[{"@type":"SearchAction","target":{"@type":"EntryPoint","urlTemplate":"https:\/\/somos-hermanos.mx\/?s={search_term_string}"},"query-input":{"@type":"PropertyValueSpecification","valueRequired":true,"valueName":"search_term_string"}}],"inLanguage":"es"},{"@type":"Organization","@id":"https:\/\/somos-hermanos.mx\/#organization","name":"Somos Hermanos","url":"https:\/\/somos-hermanos.mx\/","logo":{"@type":"ImageObject","inLanguage":"es","@id":"https:\/\/somos-hermanos.mx\/#\/schema\/logo\/image\/","url":"https:\/\/somos-hermanos.mx\/wp-content\/uploads\/2025\/08\/SH30-1.jpeg","contentUrl":"https:\/\/somos-hermanos.mx\/wp-content\/uploads\/2025\/08\/SH30-1.jpeg","width":1600,"height":1142,"caption":"Somos Hermanos"},"image":{"@id":"https:\/\/somos-hermanos.mx\/#\/schema\/logo\/image\/"},"sameAs":["https:\/\/www.facebook.com\/SomosHermanosIAP\/","https:\/\/x.com\/Somos__Hermanos","https:\/\/www.instagram.com\/somos__hermanos\/#","https:\/\/www.tiktok.com\/@somoshermanosiap","https:\/\/www.youtube.com\/@somoshermanosiap1201\/videos"]},{"@type":"Person","@id":"https:\/\/somos-hermanos.mx\/#\/schema\/person\/556c08a8ffe5461f078f6d4ee7c7edc6","name":"Jessica Iniestra Montoya","image":{"@type":"ImageObject","inLanguage":"es","@id":"https:\/\/secure.gravatar.com\/avatar\/106ac0d17a09f7597c4b7d5101b852538c07d5e73e903cb99fc44476e15e52aa?s=96&d=mm&r=g","url":"https:\/\/secure.gravatar.com\/avatar\/106ac0d17a09f7597c4b7d5101b852538c07d5e73e903cb99fc44476e15e52aa?s=96&d=mm&r=g","contentUrl":"https:\/\/secure.gravatar.com\/avatar\/106ac0d17a09f7597c4b7d5101b852538c07d5e73e903cb99fc44476e15e52aa?s=96&d=mm&r=g","caption":"Jessica Iniestra Montoya"},"url":"https:\/\/somos-hermanos.mx\/index.php\/author\/jessica-iniestra-montoya\/"}]}},"_links":{"self":[{"href":"https:\/\/somos-hermanos.mx\/index.php\/wp-json\/wp\/v2\/posts\/1867","targetHints":{"allow":["GET"]}}],"collection":[{"href":"https:\/\/somos-hermanos.mx\/index.php\/wp-json\/wp\/v2\/posts"}],"about":[{"href":"https:\/\/somos-hermanos.mx\/index.php\/wp-json\/wp\/v2\/types\/post"}],"author":[{"embeddable":true,"href":"https:\/\/somos-hermanos.mx\/index.php\/wp-json\/wp\/v2\/users\/6"}],"replies":[{"embeddable":true,"href":"https:\/\/somos-hermanos.mx\/index.php\/wp-json\/wp\/v2\/comments?post=1867"}],"version-history":[{"count":1,"href":"https:\/\/somos-hermanos.mx\/index.php\/wp-json\/wp\/v2\/posts\/1867\/revisions"}],"predecessor-version":[{"id":1868,"href":"https:\/\/somos-hermanos.mx\/index.php\/wp-json\/wp\/v2\/posts\/1867\/revisions\/1868"}],"wp:featuredmedia":[{"embeddable":true,"href":"https:\/\/somos-hermanos.mx\/index.php\/wp-json\/wp\/v2\/media\/1864"}],"wp:attachment":[{"href":"https:\/\/somos-hermanos.mx\/index.php\/wp-json\/wp\/v2\/media?parent=1867"}],"wp:term":[{"taxonomy":"category","embeddable":true,"href":"https:\/\/somos-hermanos.mx\/index.php\/wp-json\/wp\/v2\/categories?post=1867"},{"taxonomy":"post_tag","embeddable":true,"href":"https:\/\/somos-hermanos.mx\/index.php\/wp-json\/wp\/v2\/tags?post=1867"}],"curies":[{"name":"wp","href":"https:\/\/api.w.org\/{rel}","templated":true}]}}