{"id":1840,"date":"2025-10-10T02:00:13","date_gmt":"2025-10-10T08:00:13","guid":{"rendered":"https:\/\/somos-hermanos.mx\/?p=1840"},"modified":"2025-10-09T23:18:47","modified_gmt":"2025-10-10T05:18:47","slug":"ley-de-beneficencia-privada-125-anos-de-historias-que-inspiran","status":"publish","type":"post","link":"https:\/\/somos-hermanos.mx\/index.php\/2025\/10\/10\/ley-de-beneficencia-privada-125-anos-de-historias-que-inspiran\/","title":{"rendered":"Ley de Beneficencia Privada: 125 a\u00f1os de historias que inspiran"},"content":{"rendered":"<p>Al tener como recinto el <strong>Alc\u00e1zar del Castillo de Chapultepec;<\/strong> un lugar lleno de magia e historia; la <strong>Junta de Asistencia Privada de la Ciudad de M\u00e9xico (JAPCDMX)<\/strong> present\u00f3 la publicaci\u00f3n conmemorativa <strong>los 125 a\u00f1os de la Ley de Beneficencia Privada.<\/strong><\/p>\n<p>En el acto, Fernando Balzaretti, presidente de la JAP se\u00f1al\u00f3 que, con gran satisfacci\u00f3n, la Junta de Asistencia Privada presenta est\u00e1 publicaci\u00f3n con motivo del 125 aniversario de <strong>la promulgaci\u00f3n, en 1899, de la Ley de beneficencia Privada, <\/strong>normativa que dio origen a la asistencia privada en M\u00e9xico, con el prop\u00f3sito de reconocer y celebrar una legislaci\u00f3n que ha sido fundamental en el desarrollo social de nuestro pa\u00eds.<\/p>\n<p>\u201cA lo largo de estos tres tomos, resultado de m\u00e1s de un a\u00f1o de investigaci\u00f3n, se han reunido documentos hist\u00f3ricos considerados esenciales para comprender el g\u00e9nesis de nuestro sector, acompa\u00f1ados de algunos textos que permiten situar esa legislaci\u00f3n dentro de su marco hist\u00f3rico, ideol\u00f3gico y social\u201d.<\/p>\n<p>Puntualiz\u00f3 que este esfuerzo sirva para simbolizar el compromiso continuo de la asistencia privada con el bienestar social y como una herramienta para investigadores y acad\u00e9micos. \u201cEn este momento de conmemoraci\u00f3n, invitamos a todos a reflexionar sobre los logros alcanzados y los desaf\u00edos que nos guardan\u201d.<\/p>\n<p>Se\u00f1al\u00f3 que, con esta obra, <strong>se honra el origen de la Asistencia Privada en M\u00e9xico<\/strong> y la vocaci\u00f3n social que, desde entonces, da rumbo y finalidad al sector.<\/p>\n<p>Adem\u00e1s, que esta iniciativa inspire a valorar nuestra historia compartida y a renovar en cada uno de nosotros el compromiso con el bien com\u00fan.<\/p>\n<p>Asimismo, durante la presentaci\u00f3n, Javier Moctezuma Barrag\u00e1n, presidente de la Fundaci\u00f3n Gonzalo R\u00edo Arronte IAP y quien prolog\u00f3 esta edici\u00f3n, destac\u00f3 que este libro, al presentar y contextualizar la Ley de Fundaciones y Asociaciones de Beneficencia e Instrucci\u00f3n P\u00fablica de Coahuila de 1898 y la ley de Beneficencia Privada del Distrito Federal de 1899, no solo coloca a disposici\u00f3n del lector fuentes documentales de gran valor hist\u00f3rico, sino que invita a repensar el lugar de la filantrop\u00eda en la configuraci\u00f3n del Estado Moderno.<\/p>\n<p>\u201cEstas normas son m\u00e1s que meros instrumentos jur\u00eddicos: <strong>son testimonio del tr\u00e1nsito entre escenarios hist\u00f3ricos diferenciados, del don caritativo que transita hacia el derecho positivo que aborda la pobreza, <\/strong>de la moral privada que se conmuta en torno a la justicia social organizada.<\/p>\n<p>Con un gesto de satisfacci\u00f3n afirm\u00f3 que, se congratula por la iniciativa de la Junta de Asistencia Privada de la Ciudad de M\u00e9xico al rescatar y publicar estos valiosos documentos hist\u00f3ricos, que mucho aportan al conocimiento sobre el desarrollo de las Instituciones de Asistencia Social.<\/p>\n<p>Da click en la imagen y visita el sitio web de JAP CDMX.<\/p>\n<p><a href=\"https:\/\/www.jap.cdmx.gob.mx\/\"><img loading=\"lazy\" decoding=\"async\" class=\"aligncenter wp-image-1836 size-full\" src=\"https:\/\/somos-hermanos.mx\/wp-content\/uploads\/2025\/10\/img-20251009-wa00168363421057328544332.jpg\" alt=\"\" width=\"809\" height=\"607\" srcset=\"https:\/\/somos-hermanos.mx\/wp-content\/uploads\/2025\/10\/img-20251009-wa00168363421057328544332.jpg 809w, https:\/\/somos-hermanos.mx\/wp-content\/uploads\/2025\/10\/img-20251009-wa00168363421057328544332-300x225.jpg 300w, https:\/\/somos-hermanos.mx\/wp-content\/uploads\/2025\/10\/img-20251009-wa00168363421057328544332-768x576.jpg 768w\" sizes=\"auto, (max-width: 809px) 100vw, 809px\" \/><\/a><\/p>\n","protected":false},"excerpt":{"rendered":"<p>Al tener como recinto el Alc\u00e1zar del Castillo de Chapultepec; un lugar lleno de magia e historia; la Junta de Asistencia Privada de la Ciudad de M\u00e9xico (JAPCDMX) present\u00f3 la publicaci\u00f3n conmemorativa los 125 a\u00f1os de la Ley de Beneficencia Privada. En el acto, Fernando Balzaretti, presidente de la JAP se\u00f1al\u00f3 que, con gran satisfacci\u00f3n, [&hellip;]<\/p>\n","protected":false},"author":8,"featured_media":1833,"comment_status":"open","ping_status":"closed","sticky":false,"template":"","format":"standard","meta":{"footnotes":""},"categories":[6],"tags":[1469,242,1478,583,1466,1273,1473,1479,1470,1476,1481,1468,1475,735,1467,1480,1472,1477,1471,1474],"class_list":["post-1840","post","type-post","status-publish","format-standard","has-post-thumbnail","hentry","category-noticias","tag-125-anos-de-la-ley-de-beneficencia-privada","tag-asistencia-privada","tag-beneficencia-privada","tag-bienestar-social","tag-castillo-de-chapultepec","tag-desarrollo-social","tag-documentos-historicos","tag-escenarios-historicos","tag-fernando-balzaretti","tag-fundacion-gonzalo-rio-arronte","tag-instituciones-de-asistencia-social","tag-japcdmx","tag-javier-moctezuma-barragan","tag-junta-de-asistencia-privada","tag-junta-de-asistencia-privada-de-la-ciudad-de-mexico","tag-justicia-social","tag-ley-de-beneficencia-privada","tag-ley-de-fundaciones","tag-presidente-de-la-jap","tag-vocacion-social"],"yoast_head":"<!-- This site is optimized with the Yoast SEO plugin v27.5 - https:\/\/yoast.com\/product\/yoast-seo-wordpress\/ -->\n<title>Ley de Beneficencia Privada: 125 a\u00f1os de historias que inspiran - Historias que inspiran...<\/title>\n<meta name=\"robots\" content=\"index, follow, max-snippet:-1, max-image-preview:large, max-video-preview:-1\" \/>\n<link rel=\"canonical\" href=\"https:\/\/somos-hermanos.mx\/index.php\/2025\/10\/10\/ley-de-beneficencia-privada-125-anos-de-historias-que-inspiran\/\" \/>\n<meta property=\"og:locale\" content=\"es_MX\" \/>\n<meta property=\"og:type\" content=\"article\" \/>\n<meta property=\"og:title\" content=\"Ley de Beneficencia Privada: 125 a\u00f1os de historias que inspiran - Historias que inspiran...\" \/>\n<meta property=\"og:description\" content=\"Al tener como recinto el Alc\u00e1zar del Castillo de Chapultepec; un lugar lleno de magia e historia; la Junta de Asistencia Privada de la Ciudad de M\u00e9xico (JAPCDMX) present\u00f3 la publicaci\u00f3n conmemorativa los 125 a\u00f1os de la Ley de Beneficencia Privada. En el acto, Fernando Balzaretti, presidente de la JAP se\u00f1al\u00f3 que, con gran satisfacci\u00f3n, [&hellip;]\" \/>\n<meta property=\"og:url\" content=\"https:\/\/somos-hermanos.mx\/index.php\/2025\/10\/10\/ley-de-beneficencia-privada-125-anos-de-historias-que-inspiran\/\" \/>\n<meta property=\"og:site_name\" content=\"Historias que inspiran...\" \/>\n<meta property=\"article:publisher\" content=\"https:\/\/www.facebook.com\/SomosHermanosIAP\/\" \/>\n<meta property=\"article:published_time\" content=\"2025-10-10T08:00:13+00:00\" \/>\n<meta property=\"og:image\" content=\"https:\/\/somos-hermanos.mx\/wp-content\/uploads\/2025\/10\/img-20251009-wa001437292603457797912.jpg\" \/>\n\t<meta property=\"og:image:width\" content=\"806\" \/>\n\t<meta property=\"og:image:height\" content=\"607\" \/>\n\t<meta property=\"og:image:type\" content=\"image\/jpeg\" \/>\n<meta name=\"author\" content=\"Jes\u00fas Arizmendi\" \/>\n<meta name=\"twitter:card\" content=\"summary_large_image\" \/>\n<meta name=\"twitter:creator\" content=\"@Somos__Hermanos\" \/>\n<meta name=\"twitter:site\" content=\"@Somos__Hermanos\" \/>\n<meta name=\"twitter:label1\" content=\"Escrito por\" \/>\n\t<meta name=\"twitter:data1\" content=\"Jes\u00fas Arizmendi\" \/>\n\t<meta name=\"twitter:label2\" content=\"Tiempo de lectura\" \/>\n\t<meta name=\"twitter:data2\" content=\"3 minutos\" \/>\n<script type=\"application\/ld+json\" class=\"yoast-schema-graph\">{\"@context\":\"https:\\\/\\\/schema.org\",\"@graph\":[{\"@type\":\"Article\",\"@id\":\"https:\\\/\\\/somos-hermanos.mx\\\/index.php\\\/2025\\\/10\\\/10\\\/ley-de-beneficencia-privada-125-anos-de-historias-que-inspiran\\\/#article\",\"isPartOf\":{\"@id\":\"https:\\\/\\\/somos-hermanos.mx\\\/index.php\\\/2025\\\/10\\\/10\\\/ley-de-beneficencia-privada-125-anos-de-historias-que-inspiran\\\/\"},\"author\":{\"name\":\"Jes\u00fas Arizmendi\",\"@id\":\"https:\\\/\\\/somos-hermanos.mx\\\/#\\\/schema\\\/person\\\/945cdfed39314d9db1242f593aecb908\"},\"headline\":\"Ley de Beneficencia Privada: 125 a\u00f1os de historias que inspiran\",\"datePublished\":\"2025-10-10T08:00:13+00:00\",\"mainEntityOfPage\":{\"@id\":\"https:\\\/\\\/somos-hermanos.mx\\\/index.php\\\/2025\\\/10\\\/10\\\/ley-de-beneficencia-privada-125-anos-de-historias-que-inspiran\\\/\"},\"wordCount\":489,\"commentCount\":0,\"publisher\":{\"@id\":\"https:\\\/\\\/somos-hermanos.mx\\\/#organization\"},\"image\":{\"@id\":\"https:\\\/\\\/somos-hermanos.mx\\\/index.php\\\/2025\\\/10\\\/10\\\/ley-de-beneficencia-privada-125-anos-de-historias-que-inspiran\\\/#primaryimage\"},\"thumbnailUrl\":\"https:\\\/\\\/somos-hermanos.mx\\\/wp-content\\\/uploads\\\/2025\\\/10\\\/img-20251009-wa001437292603457797912.jpg\",\"keywords\":[\"125 a\u00f1os de la Ley de Beneficencia Privada\",\"Asistencia Privada\",\"Beneficencia Privada\",\"bienestar social\",\"Castillo de Chapultepec\",\"desarrollo social\",\"documentos hist\u00f3ricos\",\"escenarios hist\u00f3ricos\",\"Fernando Balzaretti\",\"Fundaci\u00f3n Gonzalo R\u00edo Arronte\",\"Instituciones de Asistencia Social\",\"JAPCDMX\",\"Javier Moctezuma Barrag\u00e1n\",\"Junta de Asistencia Privada\",\"Junta de Asistencia Privada de la Ciudad de M\u00e9xico\",\"justicia social\",\"Ley de beneficencia Privada\",\"Ley de Fundaciones\",\"presidente de la JAP\",\"vocaci\u00f3n social\"],\"articleSection\":[\"Noticias\"],\"inLanguage\":\"es\",\"potentialAction\":[{\"@type\":\"CommentAction\",\"name\":\"Comment\",\"target\":[\"https:\\\/\\\/somos-hermanos.mx\\\/index.php\\\/2025\\\/10\\\/10\\\/ley-de-beneficencia-privada-125-anos-de-historias-que-inspiran\\\/#respond\"]}]},{\"@type\":\"WebPage\",\"@id\":\"https:\\\/\\\/somos-hermanos.mx\\\/index.php\\\/2025\\\/10\\\/10\\\/ley-de-beneficencia-privada-125-anos-de-historias-que-inspiran\\\/\",\"url\":\"https:\\\/\\\/somos-hermanos.mx\\\/index.php\\\/2025\\\/10\\\/10\\\/ley-de-beneficencia-privada-125-anos-de-historias-que-inspiran\\\/\",\"name\":\"Ley de Beneficencia Privada: 125 a\u00f1os de historias que inspiran - Historias que inspiran...\",\"isPartOf\":{\"@id\":\"https:\\\/\\\/somos-hermanos.mx\\\/#website\"},\"primaryImageOfPage\":{\"@id\":\"https:\\\/\\\/somos-hermanos.mx\\\/index.php\\\/2025\\\/10\\\/10\\\/ley-de-beneficencia-privada-125-anos-de-historias-que-inspiran\\\/#primaryimage\"},\"image\":{\"@id\":\"https:\\\/\\\/somos-hermanos.mx\\\/index.php\\\/2025\\\/10\\\/10\\\/ley-de-beneficencia-privada-125-anos-de-historias-que-inspiran\\\/#primaryimage\"},\"thumbnailUrl\":\"https:\\\/\\\/somos-hermanos.mx\\\/wp-content\\\/uploads\\\/2025\\\/10\\\/img-20251009-wa001437292603457797912.jpg\",\"datePublished\":\"2025-10-10T08:00:13+00:00\",\"breadcrumb\":{\"@id\":\"https:\\\/\\\/somos-hermanos.mx\\\/index.php\\\/2025\\\/10\\\/10\\\/ley-de-beneficencia-privada-125-anos-de-historias-que-inspiran\\\/#breadcrumb\"},\"inLanguage\":\"es\",\"potentialAction\":[{\"@type\":\"ReadAction\",\"target\":[\"https:\\\/\\\/somos-hermanos.mx\\\/index.php\\\/2025\\\/10\\\/10\\\/ley-de-beneficencia-privada-125-anos-de-historias-que-inspiran\\\/\"]}]},{\"@type\":\"ImageObject\",\"inLanguage\":\"es\",\"@id\":\"https:\\\/\\\/somos-hermanos.mx\\\/index.php\\\/2025\\\/10\\\/10\\\/ley-de-beneficencia-privada-125-anos-de-historias-que-inspiran\\\/#primaryimage\",\"url\":\"https:\\\/\\\/somos-hermanos.mx\\\/wp-content\\\/uploads\\\/2025\\\/10\\\/img-20251009-wa001437292603457797912.jpg\",\"contentUrl\":\"https:\\\/\\\/somos-hermanos.mx\\\/wp-content\\\/uploads\\\/2025\\\/10\\\/img-20251009-wa001437292603457797912.jpg\",\"width\":806,\"height\":607},{\"@type\":\"BreadcrumbList\",\"@id\":\"https:\\\/\\\/somos-hermanos.mx\\\/index.php\\\/2025\\\/10\\\/10\\\/ley-de-beneficencia-privada-125-anos-de-historias-que-inspiran\\\/#breadcrumb\",\"itemListElement\":[{\"@type\":\"ListItem\",\"position\":1,\"name\":\"Inicio\",\"item\":\"https:\\\/\\\/somos-hermanos.mx\\\/\"},{\"@type\":\"ListItem\",\"position\":2,\"name\":\"Ley de Beneficencia Privada: 125 a\u00f1os de historias que inspiran\"}]},{\"@type\":\"WebSite\",\"@id\":\"https:\\\/\\\/somos-hermanos.mx\\\/#website\",\"url\":\"https:\\\/\\\/somos-hermanos.mx\\\/\",\"name\":\"Historias que inspiran...\",\"description\":\"Somos la voz del altruismo en M\u00e9xico\",\"publisher\":{\"@id\":\"https:\\\/\\\/somos-hermanos.mx\\\/#organization\"},\"potentialAction\":[{\"@type\":\"SearchAction\",\"target\":{\"@type\":\"EntryPoint\",\"urlTemplate\":\"https:\\\/\\\/somos-hermanos.mx\\\/?s={search_term_string}\"},\"query-input\":{\"@type\":\"PropertyValueSpecification\",\"valueRequired\":true,\"valueName\":\"search_term_string\"}}],\"inLanguage\":\"es\"},{\"@type\":\"Organization\",\"@id\":\"https:\\\/\\\/somos-hermanos.mx\\\/#organization\",\"name\":\"Somos Hermanos\",\"url\":\"https:\\\/\\\/somos-hermanos.mx\\\/\",\"logo\":{\"@type\":\"ImageObject\",\"inLanguage\":\"es\",\"@id\":\"https:\\\/\\\/somos-hermanos.mx\\\/#\\\/schema\\\/logo\\\/image\\\/\",\"url\":\"https:\\\/\\\/somos-hermanos.mx\\\/wp-content\\\/uploads\\\/2025\\\/08\\\/SH30-1.jpeg\",\"contentUrl\":\"https:\\\/\\\/somos-hermanos.mx\\\/wp-content\\\/uploads\\\/2025\\\/08\\\/SH30-1.jpeg\",\"width\":1600,\"height\":1142,\"caption\":\"Somos Hermanos\"},\"image\":{\"@id\":\"https:\\\/\\\/somos-hermanos.mx\\\/#\\\/schema\\\/logo\\\/image\\\/\"},\"sameAs\":[\"https:\\\/\\\/www.facebook.com\\\/SomosHermanosIAP\\\/\",\"https:\\\/\\\/x.com\\\/Somos__Hermanos\",\"https:\\\/\\\/www.instagram.com\\\/somos__hermanos\\\/#\",\"https:\\\/\\\/www.tiktok.com\\\/@somoshermanosiap\",\"https:\\\/\\\/www.youtube.com\\\/@somoshermanosiap1201\\\/videos\"]},{\"@type\":\"Person\",\"@id\":\"https:\\\/\\\/somos-hermanos.mx\\\/#\\\/schema\\\/person\\\/945cdfed39314d9db1242f593aecb908\",\"name\":\"Jes\u00fas Arizmendi\",\"image\":{\"@type\":\"ImageObject\",\"inLanguage\":\"es\",\"@id\":\"https:\\\/\\\/secure.gravatar.com\\\/avatar\\\/9d2f2284f2cc108aae42b8fdb13afa29b801f64001b731516b830e4926cc1b4b?s=96&d=mm&r=g\",\"url\":\"https:\\\/\\\/secure.gravatar.com\\\/avatar\\\/9d2f2284f2cc108aae42b8fdb13afa29b801f64001b731516b830e4926cc1b4b?s=96&d=mm&r=g\",\"contentUrl\":\"https:\\\/\\\/secure.gravatar.com\\\/avatar\\\/9d2f2284f2cc108aae42b8fdb13afa29b801f64001b731516b830e4926cc1b4b?s=96&d=mm&r=g\",\"caption\":\"Jes\u00fas Arizmendi\"},\"url\":\"https:\\\/\\\/somos-hermanos.mx\\\/index.php\\\/author\\\/jesus-arizmendi\\\/\"}]}<\/script>\n<!-- \/ Yoast SEO plugin. -->","yoast_head_json":{"title":"Ley de Beneficencia Privada: 125 a\u00f1os de historias que inspiran - Historias que inspiran...","robots":{"index":"index","follow":"follow","max-snippet":"max-snippet:-1","max-image-preview":"max-image-preview:large","max-video-preview":"max-video-preview:-1"},"canonical":"https:\/\/somos-hermanos.mx\/index.php\/2025\/10\/10\/ley-de-beneficencia-privada-125-anos-de-historias-que-inspiran\/","og_locale":"es_MX","og_type":"article","og_title":"Ley de Beneficencia Privada: 125 a\u00f1os de historias que inspiran - Historias que inspiran...","og_description":"Al tener como recinto el Alc\u00e1zar del Castillo de Chapultepec; un lugar lleno de magia e historia; la Junta de Asistencia Privada de la Ciudad de M\u00e9xico (JAPCDMX) present\u00f3 la publicaci\u00f3n conmemorativa los 125 a\u00f1os de la Ley de Beneficencia Privada. En el acto, Fernando Balzaretti, presidente de la JAP se\u00f1al\u00f3 que, con gran satisfacci\u00f3n, [&hellip;]","og_url":"https:\/\/somos-hermanos.mx\/index.php\/2025\/10\/10\/ley-de-beneficencia-privada-125-anos-de-historias-que-inspiran\/","og_site_name":"Historias que inspiran...","article_publisher":"https:\/\/www.facebook.com\/SomosHermanosIAP\/","article_published_time":"2025-10-10T08:00:13+00:00","og_image":[{"width":806,"height":607,"url":"https:\/\/somos-hermanos.mx\/wp-content\/uploads\/2025\/10\/img-20251009-wa001437292603457797912.jpg","type":"image\/jpeg"}],"author":"Jes\u00fas Arizmendi","twitter_card":"summary_large_image","twitter_creator":"@Somos__Hermanos","twitter_site":"@Somos__Hermanos","twitter_misc":{"Escrito por":"Jes\u00fas Arizmendi","Tiempo de lectura":"3 minutos"},"schema":{"@context":"https:\/\/schema.org","@graph":[{"@type":"Article","@id":"https:\/\/somos-hermanos.mx\/index.php\/2025\/10\/10\/ley-de-beneficencia-privada-125-anos-de-historias-que-inspiran\/#article","isPartOf":{"@id":"https:\/\/somos-hermanos.mx\/index.php\/2025\/10\/10\/ley-de-beneficencia-privada-125-anos-de-historias-que-inspiran\/"},"author":{"name":"Jes\u00fas Arizmendi","@id":"https:\/\/somos-hermanos.mx\/#\/schema\/person\/945cdfed39314d9db1242f593aecb908"},"headline":"Ley de Beneficencia Privada: 125 a\u00f1os de historias que inspiran","datePublished":"2025-10-10T08:00:13+00:00","mainEntityOfPage":{"@id":"https:\/\/somos-hermanos.mx\/index.php\/2025\/10\/10\/ley-de-beneficencia-privada-125-anos-de-historias-que-inspiran\/"},"wordCount":489,"commentCount":0,"publisher":{"@id":"https:\/\/somos-hermanos.mx\/#organization"},"image":{"@id":"https:\/\/somos-hermanos.mx\/index.php\/2025\/10\/10\/ley-de-beneficencia-privada-125-anos-de-historias-que-inspiran\/#primaryimage"},"thumbnailUrl":"https:\/\/somos-hermanos.mx\/wp-content\/uploads\/2025\/10\/img-20251009-wa001437292603457797912.jpg","keywords":["125 a\u00f1os de la Ley de Beneficencia Privada","Asistencia Privada","Beneficencia Privada","bienestar social","Castillo de Chapultepec","desarrollo social","documentos hist\u00f3ricos","escenarios hist\u00f3ricos","Fernando Balzaretti","Fundaci\u00f3n Gonzalo R\u00edo Arronte","Instituciones de Asistencia Social","JAPCDMX","Javier Moctezuma Barrag\u00e1n","Junta de Asistencia Privada","Junta de Asistencia Privada de la Ciudad de M\u00e9xico","justicia social","Ley de beneficencia Privada","Ley de Fundaciones","presidente de la JAP","vocaci\u00f3n social"],"articleSection":["Noticias"],"inLanguage":"es","potentialAction":[{"@type":"CommentAction","name":"Comment","target":["https:\/\/somos-hermanos.mx\/index.php\/2025\/10\/10\/ley-de-beneficencia-privada-125-anos-de-historias-que-inspiran\/#respond"]}]},{"@type":"WebPage","@id":"https:\/\/somos-hermanos.mx\/index.php\/2025\/10\/10\/ley-de-beneficencia-privada-125-anos-de-historias-que-inspiran\/","url":"https:\/\/somos-hermanos.mx\/index.php\/2025\/10\/10\/ley-de-beneficencia-privada-125-anos-de-historias-que-inspiran\/","name":"Ley de Beneficencia Privada: 125 a\u00f1os de historias que inspiran - Historias que inspiran...","isPartOf":{"@id":"https:\/\/somos-hermanos.mx\/#website"},"primaryImageOfPage":{"@id":"https:\/\/somos-hermanos.mx\/index.php\/2025\/10\/10\/ley-de-beneficencia-privada-125-anos-de-historias-que-inspiran\/#primaryimage"},"image":{"@id":"https:\/\/somos-hermanos.mx\/index.php\/2025\/10\/10\/ley-de-beneficencia-privada-125-anos-de-historias-que-inspiran\/#primaryimage"},"thumbnailUrl":"https:\/\/somos-hermanos.mx\/wp-content\/uploads\/2025\/10\/img-20251009-wa001437292603457797912.jpg","datePublished":"2025-10-10T08:00:13+00:00","breadcrumb":{"@id":"https:\/\/somos-hermanos.mx\/index.php\/2025\/10\/10\/ley-de-beneficencia-privada-125-anos-de-historias-que-inspiran\/#breadcrumb"},"inLanguage":"es","potentialAction":[{"@type":"ReadAction","target":["https:\/\/somos-hermanos.mx\/index.php\/2025\/10\/10\/ley-de-beneficencia-privada-125-anos-de-historias-que-inspiran\/"]}]},{"@type":"ImageObject","inLanguage":"es","@id":"https:\/\/somos-hermanos.mx\/index.php\/2025\/10\/10\/ley-de-beneficencia-privada-125-anos-de-historias-que-inspiran\/#primaryimage","url":"https:\/\/somos-hermanos.mx\/wp-content\/uploads\/2025\/10\/img-20251009-wa001437292603457797912.jpg","contentUrl":"https:\/\/somos-hermanos.mx\/wp-content\/uploads\/2025\/10\/img-20251009-wa001437292603457797912.jpg","width":806,"height":607},{"@type":"BreadcrumbList","@id":"https:\/\/somos-hermanos.mx\/index.php\/2025\/10\/10\/ley-de-beneficencia-privada-125-anos-de-historias-que-inspiran\/#breadcrumb","itemListElement":[{"@type":"ListItem","position":1,"name":"Inicio","item":"https:\/\/somos-hermanos.mx\/"},{"@type":"ListItem","position":2,"name":"Ley de Beneficencia Privada: 125 a\u00f1os de historias que inspiran"}]},{"@type":"WebSite","@id":"https:\/\/somos-hermanos.mx\/#website","url":"https:\/\/somos-hermanos.mx\/","name":"Historias que inspiran...","description":"Somos la voz del altruismo en M\u00e9xico","publisher":{"@id":"https:\/\/somos-hermanos.mx\/#organization"},"potentialAction":[{"@type":"SearchAction","target":{"@type":"EntryPoint","urlTemplate":"https:\/\/somos-hermanos.mx\/?s={search_term_string}"},"query-input":{"@type":"PropertyValueSpecification","valueRequired":true,"valueName":"search_term_string"}}],"inLanguage":"es"},{"@type":"Organization","@id":"https:\/\/somos-hermanos.mx\/#organization","name":"Somos Hermanos","url":"https:\/\/somos-hermanos.mx\/","logo":{"@type":"ImageObject","inLanguage":"es","@id":"https:\/\/somos-hermanos.mx\/#\/schema\/logo\/image\/","url":"https:\/\/somos-hermanos.mx\/wp-content\/uploads\/2025\/08\/SH30-1.jpeg","contentUrl":"https:\/\/somos-hermanos.mx\/wp-content\/uploads\/2025\/08\/SH30-1.jpeg","width":1600,"height":1142,"caption":"Somos Hermanos"},"image":{"@id":"https:\/\/somos-hermanos.mx\/#\/schema\/logo\/image\/"},"sameAs":["https:\/\/www.facebook.com\/SomosHermanosIAP\/","https:\/\/x.com\/Somos__Hermanos","https:\/\/www.instagram.com\/somos__hermanos\/#","https:\/\/www.tiktok.com\/@somoshermanosiap","https:\/\/www.youtube.com\/@somoshermanosiap1201\/videos"]},{"@type":"Person","@id":"https:\/\/somos-hermanos.mx\/#\/schema\/person\/945cdfed39314d9db1242f593aecb908","name":"Jes\u00fas Arizmendi","image":{"@type":"ImageObject","inLanguage":"es","@id":"https:\/\/secure.gravatar.com\/avatar\/9d2f2284f2cc108aae42b8fdb13afa29b801f64001b731516b830e4926cc1b4b?s=96&d=mm&r=g","url":"https:\/\/secure.gravatar.com\/avatar\/9d2f2284f2cc108aae42b8fdb13afa29b801f64001b731516b830e4926cc1b4b?s=96&d=mm&r=g","contentUrl":"https:\/\/secure.gravatar.com\/avatar\/9d2f2284f2cc108aae42b8fdb13afa29b801f64001b731516b830e4926cc1b4b?s=96&d=mm&r=g","caption":"Jes\u00fas Arizmendi"},"url":"https:\/\/somos-hermanos.mx\/index.php\/author\/jesus-arizmendi\/"}]}},"_links":{"self":[{"href":"https:\/\/somos-hermanos.mx\/index.php\/wp-json\/wp\/v2\/posts\/1840","targetHints":{"allow":["GET"]}}],"collection":[{"href":"https:\/\/somos-hermanos.mx\/index.php\/wp-json\/wp\/v2\/posts"}],"about":[{"href":"https:\/\/somos-hermanos.mx\/index.php\/wp-json\/wp\/v2\/types\/post"}],"author":[{"embeddable":true,"href":"https:\/\/somos-hermanos.mx\/index.php\/wp-json\/wp\/v2\/users\/8"}],"replies":[{"embeddable":true,"href":"https:\/\/somos-hermanos.mx\/index.php\/wp-json\/wp\/v2\/comments?post=1840"}],"version-history":[{"count":1,"href":"https:\/\/somos-hermanos.mx\/index.php\/wp-json\/wp\/v2\/posts\/1840\/revisions"}],"predecessor-version":[{"id":1841,"href":"https:\/\/somos-hermanos.mx\/index.php\/wp-json\/wp\/v2\/posts\/1840\/revisions\/1841"}],"wp:featuredmedia":[{"embeddable":true,"href":"https:\/\/somos-hermanos.mx\/index.php\/wp-json\/wp\/v2\/media\/1833"}],"wp:attachment":[{"href":"https:\/\/somos-hermanos.mx\/index.php\/wp-json\/wp\/v2\/media?parent=1840"}],"wp:term":[{"taxonomy":"category","embeddable":true,"href":"https:\/\/somos-hermanos.mx\/index.php\/wp-json\/wp\/v2\/categories?post=1840"},{"taxonomy":"post_tag","embeddable":true,"href":"https:\/\/somos-hermanos.mx\/index.php\/wp-json\/wp\/v2\/tags?post=1840"}],"curies":[{"name":"wp","href":"https:\/\/api.w.org\/{rel}","templated":true}]}}