{"id":1807,"date":"2025-10-07T02:00:37","date_gmt":"2025-10-07T08:00:37","guid":{"rendered":"https:\/\/somos-hermanos.mx\/?p=1807"},"modified":"2025-10-06T21:39:12","modified_gmt":"2025-10-07T03:39:12","slug":"calidad-humana-fundacion-para-ancianos-concepcion-beistegui","status":"publish","type":"post","link":"https:\/\/somos-hermanos.mx\/index.php\/2025\/10\/07\/calidad-humana-fundacion-para-ancianos-concepcion-beistegui\/","title":{"rendered":"Calidad humana: Fundaci\u00f3n para Ancianos Concepci\u00f3n Beistegui"},"content":{"rendered":"<p>En 1886 se inaugur\u00f3 el Hospital Concepci\u00f3n B\u00e9istegui, en la Ciudad de M\u00e9xico, gracias al testamento que dej\u00f3 Mar\u00eda Concepci\u00f3n M\u00e1xima B\u00e9istegui. En \u00e9l estipul\u00f3 que su herencia se destinara a la ayuda de personas con bajos recursos.<\/p>\n<p><strong>Su principal objetivo era brindarles consultas a quienes m\u00e1s las necesitaran. <\/strong>Asimismo, este establecimiento lleg\u00f3 a contar con m\u00e1s de su 50% de personal especializado en medicina. Entre 1916 y 1914, alberg\u00f3 las instalaciones de la Cruz Roja Mexicana. <strong>En 1928 se convirti\u00f3 en una Instituci\u00f3n de Asistencia Privada y fue hasta 1984, que cerr\u00f3 por falta de recursos.<\/strong> Pero tres a\u00f1os despu\u00e9s se convirti\u00f3 en lo que sigue siendo actualmente: <strong>Fundaci\u00f3n para Ancianos Concepci\u00f3n B\u00e9istegui.<\/strong><\/p>\n<p>Esta se encarga de <strong>ayudar a adultos mayores con bajos recursos y\u00a0les proporciona la atenci\u00f3n necesaria a sus necesidades b\u00e1sicas:<\/strong> alimentaci\u00f3n, vestido, vivienda y salud. Adem\u00e1s, ofrecen orientaci\u00f3n social y capacitaci\u00f3n para el trabajo a personas con bajos recursos.<\/p>\n<p>Actualmente, su misi\u00f3n es brindar servicios de excelente calidad para los adultos mayores y que estos puedan habitar un ambiente humano y seguro. Tambi\u00e9n dan capacitaci\u00f3n a las personas que se encargan de atenderlos, fomentando una mayor cultura del envejecimiento y as\u00ed poder satisfacer sus necesidades y cuidados.<\/p>\n<p>Esta fundaci\u00f3n busca ser reconocida como una de las mejores instituciones especializadas en la atenci\u00f3n y cuidado de adultos mayores; por fomentar una mayor cultura del envejecimiento; atender a los pacientes desde un enfoque personal, el cual se adapte a cada uno de ellos.<\/p>\n<p>Este proyecto est\u00e1 construido con los pilares del amor, vocaci\u00f3n, respeto, integridad e igualdad. Esto ayuda a que los objetivos se cumplan de una forma segura y exitosa.<\/p>\n<p>Asimismo, parte de las instalaciones de esta fundaci\u00f3n se dividieron para alojar lo que es el Museo del Hospital Concepci\u00f3n B\u00e9istegui. <strong>Este inmueble ha sido catalogado por las autoridades del Instituto Nacional de Antropolog\u00eda e Historia, como Monumento Hist\u00f3rico.<\/strong><\/p>\n<p>Los donativos son parte esencial para que se mantenga esta labor. Donar muestra solidaridad con el constante trabajo para que personas de una edad avanzada puedan vivir bajos los techos de una vida digna.<\/p>\n<p><img loading=\"lazy\" decoding=\"async\" class=\"aligncenter wp-image-1800 size-medium\" src=\"https:\/\/somos-hermanos.mx\/wp-content\/uploads\/2025\/10\/anc1-300x184.jpg\" alt=\"\" width=\"300\" height=\"184\" srcset=\"https:\/\/somos-hermanos.mx\/wp-content\/uploads\/2025\/10\/anc1-300x184.jpg 300w, https:\/\/somos-hermanos.mx\/wp-content\/uploads\/2025\/10\/anc1-1024x630.jpg 1024w, https:\/\/somos-hermanos.mx\/wp-content\/uploads\/2025\/10\/anc1-768x472.jpg 768w, https:\/\/somos-hermanos.mx\/wp-content\/uploads\/2025\/10\/anc1.jpg 1464w\" sizes=\"auto, (max-width: 300px) 100vw, 300px\" \/><\/p>\n<p>&nbsp;<\/p>\n","protected":false},"excerpt":{"rendered":"<p>En 1886 se inaugur\u00f3 el Hospital Concepci\u00f3n B\u00e9istegui, en la Ciudad de M\u00e9xico, gracias al testamento que dej\u00f3 Mar\u00eda Concepci\u00f3n M\u00e1xima B\u00e9istegui. En \u00e9l estipul\u00f3 que su herencia se destinara a la ayuda de personas con bajos recursos. Su principal objetivo era brindarles consultas a quienes m\u00e1s las necesitaran. Asimismo, este establecimiento lleg\u00f3 a contar [&hellip;]<\/p>\n","protected":false},"author":21,"featured_media":1802,"comment_status":"open","ping_status":"closed","sticky":false,"template":"","format":"standard","meta":{"footnotes":""},"categories":[6],"tags":[584,242,1394,968,1395,1393,1391,1397,1392,1396,572],"class_list":["post-1807","post","type-post","status-publish","format-standard","has-post-thumbnail","hentry","category-noticias","tag-adultos-mayores","tag-asistencia-privada","tag-capacitacion-para-el-trabajo","tag-cruz-roja-mexicana","tag-cultura-del-envejecimiento","tag-fundacion-para-ancianos-concepcion-beistegui","tag-hospital-concepcion-beistegui","tag-inah","tag-maria-concepcion-maxima-beistegui","tag-monumento-historico","tag-necesidades-basicas"],"yoast_head":"<!-- This site is optimized with the Yoast SEO plugin v27.4 - https:\/\/yoast.com\/product\/yoast-seo-wordpress\/ -->\n<title>Calidad humana: Fundaci\u00f3n para Ancianos Concepci\u00f3n Beistegui - Historias que inspiran...<\/title>\n<meta name=\"robots\" content=\"index, follow, max-snippet:-1, max-image-preview:large, max-video-preview:-1\" \/>\n<link rel=\"canonical\" href=\"https:\/\/somos-hermanos.mx\/index.php\/2025\/10\/07\/calidad-humana-fundacion-para-ancianos-concepcion-beistegui\/\" \/>\n<meta property=\"og:locale\" content=\"es_MX\" \/>\n<meta property=\"og:type\" content=\"article\" \/>\n<meta property=\"og:title\" content=\"Calidad humana: Fundaci\u00f3n para Ancianos Concepci\u00f3n Beistegui - Historias que inspiran...\" \/>\n<meta property=\"og:description\" content=\"En 1886 se inaugur\u00f3 el Hospital Concepci\u00f3n B\u00e9istegui, en la Ciudad de M\u00e9xico, gracias al testamento que dej\u00f3 Mar\u00eda Concepci\u00f3n M\u00e1xima B\u00e9istegui. En \u00e9l estipul\u00f3 que su herencia se destinara a la ayuda de personas con bajos recursos. Su principal objetivo era brindarles consultas a quienes m\u00e1s las necesitaran. Asimismo, este establecimiento lleg\u00f3 a contar [&hellip;]\" \/>\n<meta property=\"og:url\" content=\"https:\/\/somos-hermanos.mx\/index.php\/2025\/10\/07\/calidad-humana-fundacion-para-ancianos-concepcion-beistegui\/\" \/>\n<meta property=\"og:site_name\" content=\"Historias que inspiran...\" \/>\n<meta property=\"article:publisher\" content=\"https:\/\/www.facebook.com\/SomosHermanosIAP\/\" \/>\n<meta property=\"article:published_time\" content=\"2025-10-07T08:00:37+00:00\" \/>\n<meta property=\"og:image\" content=\"https:\/\/somos-hermanos.mx\/wp-content\/uploads\/2025\/10\/anc2.jpg\" \/>\n\t<meta property=\"og:image:width\" content=\"712\" \/>\n\t<meta property=\"og:image:height\" content=\"794\" \/>\n\t<meta property=\"og:image:type\" content=\"image\/jpeg\" \/>\n<meta name=\"author\" content=\"Jes\u00fas Pe\u00f1a Aguirre\" \/>\n<meta name=\"twitter:card\" content=\"summary_large_image\" \/>\n<meta name=\"twitter:creator\" content=\"@Somos__Hermanos\" \/>\n<meta name=\"twitter:site\" content=\"@Somos__Hermanos\" \/>\n<meta name=\"twitter:label1\" content=\"Escrito por\" \/>\n\t<meta name=\"twitter:data1\" content=\"Jes\u00fas Pe\u00f1a Aguirre\" \/>\n\t<meta name=\"twitter:label2\" content=\"Tiempo de lectura\" \/>\n\t<meta name=\"twitter:data2\" content=\"2 minutos\" \/>\n<script type=\"application\/ld+json\" class=\"yoast-schema-graph\">{\"@context\":\"https:\\\/\\\/schema.org\",\"@graph\":[{\"@type\":\"Article\",\"@id\":\"https:\\\/\\\/somos-hermanos.mx\\\/index.php\\\/2025\\\/10\\\/07\\\/calidad-humana-fundacion-para-ancianos-concepcion-beistegui\\\/#article\",\"isPartOf\":{\"@id\":\"https:\\\/\\\/somos-hermanos.mx\\\/index.php\\\/2025\\\/10\\\/07\\\/calidad-humana-fundacion-para-ancianos-concepcion-beistegui\\\/\"},\"author\":{\"name\":\"Jes\u00fas Pe\u00f1a Aguirre\",\"@id\":\"https:\\\/\\\/somos-hermanos.mx\\\/#\\\/schema\\\/person\\\/8acd26a8688e659352b79b33c534872c\"},\"headline\":\"Calidad humana: Fundaci\u00f3n para Ancianos Concepci\u00f3n Beistegui\",\"datePublished\":\"2025-10-07T08:00:37+00:00\",\"mainEntityOfPage\":{\"@id\":\"https:\\\/\\\/somos-hermanos.mx\\\/index.php\\\/2025\\\/10\\\/07\\\/calidad-humana-fundacion-para-ancianos-concepcion-beistegui\\\/\"},\"wordCount\":383,\"commentCount\":0,\"publisher\":{\"@id\":\"https:\\\/\\\/somos-hermanos.mx\\\/#organization\"},\"image\":{\"@id\":\"https:\\\/\\\/somos-hermanos.mx\\\/index.php\\\/2025\\\/10\\\/07\\\/calidad-humana-fundacion-para-ancianos-concepcion-beistegui\\\/#primaryimage\"},\"thumbnailUrl\":\"https:\\\/\\\/somos-hermanos.mx\\\/wp-content\\\/uploads\\\/2025\\\/10\\\/anc2.jpg\",\"keywords\":[\"adultos mayores\",\"Asistencia Privada\",\"capacitaci\u00f3n para el trabajo\",\"Cruz Roja Mexicana\",\"cultura del envejecimiento\",\"Fundaci\u00f3n para Ancianos Concepci\u00f3n B\u00e9istegui\",\"Hospital Concepci\u00f3n B\u00e9istegui\",\"INAH\",\"Mar\u00eda Concepci\u00f3n M\u00e1xima B\u00e9istegui\",\"Monumento Hist\u00f3rico\",\"necesidades b\u00e1sicas\"],\"articleSection\":[\"Noticias\"],\"inLanguage\":\"es\",\"potentialAction\":[{\"@type\":\"CommentAction\",\"name\":\"Comment\",\"target\":[\"https:\\\/\\\/somos-hermanos.mx\\\/index.php\\\/2025\\\/10\\\/07\\\/calidad-humana-fundacion-para-ancianos-concepcion-beistegui\\\/#respond\"]}]},{\"@type\":\"WebPage\",\"@id\":\"https:\\\/\\\/somos-hermanos.mx\\\/index.php\\\/2025\\\/10\\\/07\\\/calidad-humana-fundacion-para-ancianos-concepcion-beistegui\\\/\",\"url\":\"https:\\\/\\\/somos-hermanos.mx\\\/index.php\\\/2025\\\/10\\\/07\\\/calidad-humana-fundacion-para-ancianos-concepcion-beistegui\\\/\",\"name\":\"Calidad humana: Fundaci\u00f3n para Ancianos Concepci\u00f3n Beistegui - Historias que inspiran...\",\"isPartOf\":{\"@id\":\"https:\\\/\\\/somos-hermanos.mx\\\/#website\"},\"primaryImageOfPage\":{\"@id\":\"https:\\\/\\\/somos-hermanos.mx\\\/index.php\\\/2025\\\/10\\\/07\\\/calidad-humana-fundacion-para-ancianos-concepcion-beistegui\\\/#primaryimage\"},\"image\":{\"@id\":\"https:\\\/\\\/somos-hermanos.mx\\\/index.php\\\/2025\\\/10\\\/07\\\/calidad-humana-fundacion-para-ancianos-concepcion-beistegui\\\/#primaryimage\"},\"thumbnailUrl\":\"https:\\\/\\\/somos-hermanos.mx\\\/wp-content\\\/uploads\\\/2025\\\/10\\\/anc2.jpg\",\"datePublished\":\"2025-10-07T08:00:37+00:00\",\"breadcrumb\":{\"@id\":\"https:\\\/\\\/somos-hermanos.mx\\\/index.php\\\/2025\\\/10\\\/07\\\/calidad-humana-fundacion-para-ancianos-concepcion-beistegui\\\/#breadcrumb\"},\"inLanguage\":\"es\",\"potentialAction\":[{\"@type\":\"ReadAction\",\"target\":[\"https:\\\/\\\/somos-hermanos.mx\\\/index.php\\\/2025\\\/10\\\/07\\\/calidad-humana-fundacion-para-ancianos-concepcion-beistegui\\\/\"]}]},{\"@type\":\"ImageObject\",\"inLanguage\":\"es\",\"@id\":\"https:\\\/\\\/somos-hermanos.mx\\\/index.php\\\/2025\\\/10\\\/07\\\/calidad-humana-fundacion-para-ancianos-concepcion-beistegui\\\/#primaryimage\",\"url\":\"https:\\\/\\\/somos-hermanos.mx\\\/wp-content\\\/uploads\\\/2025\\\/10\\\/anc2.jpg\",\"contentUrl\":\"https:\\\/\\\/somos-hermanos.mx\\\/wp-content\\\/uploads\\\/2025\\\/10\\\/anc2.jpg\",\"width\":712,\"height\":794},{\"@type\":\"BreadcrumbList\",\"@id\":\"https:\\\/\\\/somos-hermanos.mx\\\/index.php\\\/2025\\\/10\\\/07\\\/calidad-humana-fundacion-para-ancianos-concepcion-beistegui\\\/#breadcrumb\",\"itemListElement\":[{\"@type\":\"ListItem\",\"position\":1,\"name\":\"Inicio\",\"item\":\"https:\\\/\\\/somos-hermanos.mx\\\/\"},{\"@type\":\"ListItem\",\"position\":2,\"name\":\"Calidad humana: Fundaci\u00f3n para Ancianos Concepci\u00f3n Beistegui\"}]},{\"@type\":\"WebSite\",\"@id\":\"https:\\\/\\\/somos-hermanos.mx\\\/#website\",\"url\":\"https:\\\/\\\/somos-hermanos.mx\\\/\",\"name\":\"Historias que inspiran...\",\"description\":\"Somos la voz del altruismo en M\u00e9xico\",\"publisher\":{\"@id\":\"https:\\\/\\\/somos-hermanos.mx\\\/#organization\"},\"potentialAction\":[{\"@type\":\"SearchAction\",\"target\":{\"@type\":\"EntryPoint\",\"urlTemplate\":\"https:\\\/\\\/somos-hermanos.mx\\\/?s={search_term_string}\"},\"query-input\":{\"@type\":\"PropertyValueSpecification\",\"valueRequired\":true,\"valueName\":\"search_term_string\"}}],\"inLanguage\":\"es\"},{\"@type\":\"Organization\",\"@id\":\"https:\\\/\\\/somos-hermanos.mx\\\/#organization\",\"name\":\"Somos Hermanos\",\"url\":\"https:\\\/\\\/somos-hermanos.mx\\\/\",\"logo\":{\"@type\":\"ImageObject\",\"inLanguage\":\"es\",\"@id\":\"https:\\\/\\\/somos-hermanos.mx\\\/#\\\/schema\\\/logo\\\/image\\\/\",\"url\":\"https:\\\/\\\/somos-hermanos.mx\\\/wp-content\\\/uploads\\\/2025\\\/08\\\/SH30-1.jpeg\",\"contentUrl\":\"https:\\\/\\\/somos-hermanos.mx\\\/wp-content\\\/uploads\\\/2025\\\/08\\\/SH30-1.jpeg\",\"width\":1600,\"height\":1142,\"caption\":\"Somos Hermanos\"},\"image\":{\"@id\":\"https:\\\/\\\/somos-hermanos.mx\\\/#\\\/schema\\\/logo\\\/image\\\/\"},\"sameAs\":[\"https:\\\/\\\/www.facebook.com\\\/SomosHermanosIAP\\\/\",\"https:\\\/\\\/x.com\\\/Somos__Hermanos\",\"https:\\\/\\\/www.instagram.com\\\/somos__hermanos\\\/#\",\"https:\\\/\\\/www.tiktok.com\\\/@somoshermanosiap\",\"https:\\\/\\\/www.youtube.com\\\/@somoshermanosiap1201\\\/videos\"]},{\"@type\":\"Person\",\"@id\":\"https:\\\/\\\/somos-hermanos.mx\\\/#\\\/schema\\\/person\\\/8acd26a8688e659352b79b33c534872c\",\"name\":\"Jes\u00fas Pe\u00f1a Aguirre\",\"image\":{\"@type\":\"ImageObject\",\"inLanguage\":\"es\",\"@id\":\"https:\\\/\\\/secure.gravatar.com\\\/avatar\\\/a3d489e680e76cdf1b7ccc620e427d14f54a929f15306ea1d436efc89ee85c7c?s=96&d=mm&r=g\",\"url\":\"https:\\\/\\\/secure.gravatar.com\\\/avatar\\\/a3d489e680e76cdf1b7ccc620e427d14f54a929f15306ea1d436efc89ee85c7c?s=96&d=mm&r=g\",\"contentUrl\":\"https:\\\/\\\/secure.gravatar.com\\\/avatar\\\/a3d489e680e76cdf1b7ccc620e427d14f54a929f15306ea1d436efc89ee85c7c?s=96&d=mm&r=g\",\"caption\":\"Jes\u00fas Pe\u00f1a Aguirre\"},\"url\":\"https:\\\/\\\/somos-hermanos.mx\\\/index.php\\\/author\\\/jesus-pena-aguirre\\\/\"}]}<\/script>\n<!-- \/ Yoast SEO plugin. -->","yoast_head_json":{"title":"Calidad humana: Fundaci\u00f3n para Ancianos Concepci\u00f3n Beistegui - Historias que inspiran...","robots":{"index":"index","follow":"follow","max-snippet":"max-snippet:-1","max-image-preview":"max-image-preview:large","max-video-preview":"max-video-preview:-1"},"canonical":"https:\/\/somos-hermanos.mx\/index.php\/2025\/10\/07\/calidad-humana-fundacion-para-ancianos-concepcion-beistegui\/","og_locale":"es_MX","og_type":"article","og_title":"Calidad humana: Fundaci\u00f3n para Ancianos Concepci\u00f3n Beistegui - Historias que inspiran...","og_description":"En 1886 se inaugur\u00f3 el Hospital Concepci\u00f3n B\u00e9istegui, en la Ciudad de M\u00e9xico, gracias al testamento que dej\u00f3 Mar\u00eda Concepci\u00f3n M\u00e1xima B\u00e9istegui. En \u00e9l estipul\u00f3 que su herencia se destinara a la ayuda de personas con bajos recursos. Su principal objetivo era brindarles consultas a quienes m\u00e1s las necesitaran. Asimismo, este establecimiento lleg\u00f3 a contar [&hellip;]","og_url":"https:\/\/somos-hermanos.mx\/index.php\/2025\/10\/07\/calidad-humana-fundacion-para-ancianos-concepcion-beistegui\/","og_site_name":"Historias que inspiran...","article_publisher":"https:\/\/www.facebook.com\/SomosHermanosIAP\/","article_published_time":"2025-10-07T08:00:37+00:00","og_image":[{"width":712,"height":794,"url":"https:\/\/somos-hermanos.mx\/wp-content\/uploads\/2025\/10\/anc2.jpg","type":"image\/jpeg"}],"author":"Jes\u00fas Pe\u00f1a Aguirre","twitter_card":"summary_large_image","twitter_creator":"@Somos__Hermanos","twitter_site":"@Somos__Hermanos","twitter_misc":{"Escrito por":"Jes\u00fas Pe\u00f1a Aguirre","Tiempo de lectura":"2 minutos"},"schema":{"@context":"https:\/\/schema.org","@graph":[{"@type":"Article","@id":"https:\/\/somos-hermanos.mx\/index.php\/2025\/10\/07\/calidad-humana-fundacion-para-ancianos-concepcion-beistegui\/#article","isPartOf":{"@id":"https:\/\/somos-hermanos.mx\/index.php\/2025\/10\/07\/calidad-humana-fundacion-para-ancianos-concepcion-beistegui\/"},"author":{"name":"Jes\u00fas Pe\u00f1a Aguirre","@id":"https:\/\/somos-hermanos.mx\/#\/schema\/person\/8acd26a8688e659352b79b33c534872c"},"headline":"Calidad humana: Fundaci\u00f3n para Ancianos Concepci\u00f3n Beistegui","datePublished":"2025-10-07T08:00:37+00:00","mainEntityOfPage":{"@id":"https:\/\/somos-hermanos.mx\/index.php\/2025\/10\/07\/calidad-humana-fundacion-para-ancianos-concepcion-beistegui\/"},"wordCount":383,"commentCount":0,"publisher":{"@id":"https:\/\/somos-hermanos.mx\/#organization"},"image":{"@id":"https:\/\/somos-hermanos.mx\/index.php\/2025\/10\/07\/calidad-humana-fundacion-para-ancianos-concepcion-beistegui\/#primaryimage"},"thumbnailUrl":"https:\/\/somos-hermanos.mx\/wp-content\/uploads\/2025\/10\/anc2.jpg","keywords":["adultos mayores","Asistencia Privada","capacitaci\u00f3n para el trabajo","Cruz Roja Mexicana","cultura del envejecimiento","Fundaci\u00f3n para Ancianos Concepci\u00f3n B\u00e9istegui","Hospital Concepci\u00f3n B\u00e9istegui","INAH","Mar\u00eda Concepci\u00f3n M\u00e1xima B\u00e9istegui","Monumento Hist\u00f3rico","necesidades b\u00e1sicas"],"articleSection":["Noticias"],"inLanguage":"es","potentialAction":[{"@type":"CommentAction","name":"Comment","target":["https:\/\/somos-hermanos.mx\/index.php\/2025\/10\/07\/calidad-humana-fundacion-para-ancianos-concepcion-beistegui\/#respond"]}]},{"@type":"WebPage","@id":"https:\/\/somos-hermanos.mx\/index.php\/2025\/10\/07\/calidad-humana-fundacion-para-ancianos-concepcion-beistegui\/","url":"https:\/\/somos-hermanos.mx\/index.php\/2025\/10\/07\/calidad-humana-fundacion-para-ancianos-concepcion-beistegui\/","name":"Calidad humana: Fundaci\u00f3n para Ancianos Concepci\u00f3n Beistegui - Historias que inspiran...","isPartOf":{"@id":"https:\/\/somos-hermanos.mx\/#website"},"primaryImageOfPage":{"@id":"https:\/\/somos-hermanos.mx\/index.php\/2025\/10\/07\/calidad-humana-fundacion-para-ancianos-concepcion-beistegui\/#primaryimage"},"image":{"@id":"https:\/\/somos-hermanos.mx\/index.php\/2025\/10\/07\/calidad-humana-fundacion-para-ancianos-concepcion-beistegui\/#primaryimage"},"thumbnailUrl":"https:\/\/somos-hermanos.mx\/wp-content\/uploads\/2025\/10\/anc2.jpg","datePublished":"2025-10-07T08:00:37+00:00","breadcrumb":{"@id":"https:\/\/somos-hermanos.mx\/index.php\/2025\/10\/07\/calidad-humana-fundacion-para-ancianos-concepcion-beistegui\/#breadcrumb"},"inLanguage":"es","potentialAction":[{"@type":"ReadAction","target":["https:\/\/somos-hermanos.mx\/index.php\/2025\/10\/07\/calidad-humana-fundacion-para-ancianos-concepcion-beistegui\/"]}]},{"@type":"ImageObject","inLanguage":"es","@id":"https:\/\/somos-hermanos.mx\/index.php\/2025\/10\/07\/calidad-humana-fundacion-para-ancianos-concepcion-beistegui\/#primaryimage","url":"https:\/\/somos-hermanos.mx\/wp-content\/uploads\/2025\/10\/anc2.jpg","contentUrl":"https:\/\/somos-hermanos.mx\/wp-content\/uploads\/2025\/10\/anc2.jpg","width":712,"height":794},{"@type":"BreadcrumbList","@id":"https:\/\/somos-hermanos.mx\/index.php\/2025\/10\/07\/calidad-humana-fundacion-para-ancianos-concepcion-beistegui\/#breadcrumb","itemListElement":[{"@type":"ListItem","position":1,"name":"Inicio","item":"https:\/\/somos-hermanos.mx\/"},{"@type":"ListItem","position":2,"name":"Calidad humana: Fundaci\u00f3n para Ancianos Concepci\u00f3n Beistegui"}]},{"@type":"WebSite","@id":"https:\/\/somos-hermanos.mx\/#website","url":"https:\/\/somos-hermanos.mx\/","name":"Historias que inspiran...","description":"Somos la voz del altruismo en M\u00e9xico","publisher":{"@id":"https:\/\/somos-hermanos.mx\/#organization"},"potentialAction":[{"@type":"SearchAction","target":{"@type":"EntryPoint","urlTemplate":"https:\/\/somos-hermanos.mx\/?s={search_term_string}"},"query-input":{"@type":"PropertyValueSpecification","valueRequired":true,"valueName":"search_term_string"}}],"inLanguage":"es"},{"@type":"Organization","@id":"https:\/\/somos-hermanos.mx\/#organization","name":"Somos Hermanos","url":"https:\/\/somos-hermanos.mx\/","logo":{"@type":"ImageObject","inLanguage":"es","@id":"https:\/\/somos-hermanos.mx\/#\/schema\/logo\/image\/","url":"https:\/\/somos-hermanos.mx\/wp-content\/uploads\/2025\/08\/SH30-1.jpeg","contentUrl":"https:\/\/somos-hermanos.mx\/wp-content\/uploads\/2025\/08\/SH30-1.jpeg","width":1600,"height":1142,"caption":"Somos Hermanos"},"image":{"@id":"https:\/\/somos-hermanos.mx\/#\/schema\/logo\/image\/"},"sameAs":["https:\/\/www.facebook.com\/SomosHermanosIAP\/","https:\/\/x.com\/Somos__Hermanos","https:\/\/www.instagram.com\/somos__hermanos\/#","https:\/\/www.tiktok.com\/@somoshermanosiap","https:\/\/www.youtube.com\/@somoshermanosiap1201\/videos"]},{"@type":"Person","@id":"https:\/\/somos-hermanos.mx\/#\/schema\/person\/8acd26a8688e659352b79b33c534872c","name":"Jes\u00fas Pe\u00f1a Aguirre","image":{"@type":"ImageObject","inLanguage":"es","@id":"https:\/\/secure.gravatar.com\/avatar\/a3d489e680e76cdf1b7ccc620e427d14f54a929f15306ea1d436efc89ee85c7c?s=96&d=mm&r=g","url":"https:\/\/secure.gravatar.com\/avatar\/a3d489e680e76cdf1b7ccc620e427d14f54a929f15306ea1d436efc89ee85c7c?s=96&d=mm&r=g","contentUrl":"https:\/\/secure.gravatar.com\/avatar\/a3d489e680e76cdf1b7ccc620e427d14f54a929f15306ea1d436efc89ee85c7c?s=96&d=mm&r=g","caption":"Jes\u00fas Pe\u00f1a Aguirre"},"url":"https:\/\/somos-hermanos.mx\/index.php\/author\/jesus-pena-aguirre\/"}]}},"_links":{"self":[{"href":"https:\/\/somos-hermanos.mx\/index.php\/wp-json\/wp\/v2\/posts\/1807","targetHints":{"allow":["GET"]}}],"collection":[{"href":"https:\/\/somos-hermanos.mx\/index.php\/wp-json\/wp\/v2\/posts"}],"about":[{"href":"https:\/\/somos-hermanos.mx\/index.php\/wp-json\/wp\/v2\/types\/post"}],"author":[{"embeddable":true,"href":"https:\/\/somos-hermanos.mx\/index.php\/wp-json\/wp\/v2\/users\/21"}],"replies":[{"embeddable":true,"href":"https:\/\/somos-hermanos.mx\/index.php\/wp-json\/wp\/v2\/comments?post=1807"}],"version-history":[{"count":1,"href":"https:\/\/somos-hermanos.mx\/index.php\/wp-json\/wp\/v2\/posts\/1807\/revisions"}],"predecessor-version":[{"id":1808,"href":"https:\/\/somos-hermanos.mx\/index.php\/wp-json\/wp\/v2\/posts\/1807\/revisions\/1808"}],"wp:featuredmedia":[{"embeddable":true,"href":"https:\/\/somos-hermanos.mx\/index.php\/wp-json\/wp\/v2\/media\/1802"}],"wp:attachment":[{"href":"https:\/\/somos-hermanos.mx\/index.php\/wp-json\/wp\/v2\/media?parent=1807"}],"wp:term":[{"taxonomy":"category","embeddable":true,"href":"https:\/\/somos-hermanos.mx\/index.php\/wp-json\/wp\/v2\/categories?post=1807"},{"taxonomy":"post_tag","embeddable":true,"href":"https:\/\/somos-hermanos.mx\/index.php\/wp-json\/wp\/v2\/tags?post=1807"}],"curies":[{"name":"wp","href":"https:\/\/api.w.org\/{rel}","templated":true}]}}