{"id":1536,"date":"2025-09-09T03:45:40","date_gmt":"2025-09-09T09:45:40","guid":{"rendered":"https:\/\/somos-hermanos.mx\/?p=1536"},"modified":"2025-09-09T03:45:40","modified_gmt":"2025-09-09T09:45:40","slug":"proteccion-de-la-ninez-35-anos-cambiando-vidas-en-mexico","status":"publish","type":"post","link":"https:\/\/somos-hermanos.mx\/index.php\/2025\/09\/09\/proteccion-de-la-ninez-35-anos-cambiando-vidas-en-mexico\/","title":{"rendered":"Protecci\u00f3n de la Ni\u00f1ez: 35 a\u00f1os cambiando vidas en M\u00e9xico"},"content":{"rendered":"<p>La <strong>Fundaci\u00f3n para la Protecci\u00f3n de la Ni\u00f1ez IAP<\/strong> lleva m\u00e1s de tres d\u00e9cadas trabajando para mejorar la calidad de vida de las ni\u00f1as, ni\u00f1os y j\u00f3venes en situaci\u00f3n vulnerable.<\/p>\n<p>Desde su fundaci\u00f3n en 1990, esta instituci\u00f3n <strong>ha enfocado sus esfuerzos en fortalecer a organizaciones de la sociedad civil <\/strong>que, con profesionalismo y compromiso, atienden a quienes m\u00e1s lo necesitan.<\/p>\n<p>Entre sus principales acciones se encuentra la administraci\u00f3n de fondos de inversi\u00f3n social, con los que mejora la infraestructura de casas hogar e impulsa programas de desarrollo acad\u00e9mico y tecnol\u00f3gico.<\/p>\n<p>Tambi\u00e9n organiza donativos en especie para cubrir necesidades b\u00e1sicas, como alimentos y art\u00edculos de higiene, y promueve proyectos innovadores, como la instalaci\u00f3n de paneles y calentadores solares que permiten a los albergues reducir costos y destinar m\u00e1s recursos a la atenci\u00f3n directa.<\/p>\n<p>La fundaci\u00f3n no trabaja sola. <strong>A trav\u00e9s de alianzas estrat\u00e9gicas con empresas y voluntariado corporativo, ha logrado impactar de manera positiva en la vida de miles de personas.<\/strong> Tan solo en 2024, apoy\u00f3 a 201 organizaciones en la Ciudad de M\u00e9xico y 18 estados m\u00e1s, beneficiando a m\u00e1s de 83,000 personas con donativos por m\u00e1s de $31 millones de pesos.<\/p>\n<p>La transparencia y la rendici\u00f3n de cuentas son pilares de su trabajo. Por ello, cuenta con la Acreditaci\u00f3n en Institucionalidad y Transparencia del Cemefi y la Insignia de Organizaci\u00f3n Validada de CAF International, adem\u00e1s de cumplir con las regulaciones de la Junta de Asistencia Privada de la CDMX.<\/p>\n<p>Estas certificaciones garantizan que cada recurso se destine de manera eficiente a su objetivo: transformar la vida de la ni\u00f1ez mexicana.<\/p>\n<p>Hoy m\u00e1s que nunca, el trabajo de la fundaci\u00f3n es indispensable. Con la suma de voluntades, es posible dar oportunidades reales a quienes m\u00e1s lo necesitan.<\/p>\n<p>\u00bfQuieres ser parte de este cambio? Entra a <a href=\"https:\/\/infanciamexico.org\/?utm_source=chatgpt.com\">infanciamexico.org<\/a> y descubre c\u00f3mo puedes donar, sumarte como voluntario o convertirte en aliado para garantizar un mejor futuro a la ni\u00f1ez mexicana.<\/p>\n<p><a href=\"http:\/\/nfanciamexico.org\"><img loading=\"lazy\" decoding=\"async\" class=\"aligncenter wp-image-1538 size-medium\" src=\"https:\/\/somos-hermanos.mx\/wp-content\/uploads\/2025\/09\/nin-300x300.jpg\" alt=\"\" width=\"300\" height=\"300\" srcset=\"https:\/\/somos-hermanos.mx\/wp-content\/uploads\/2025\/09\/nin-300x300.jpg 300w, https:\/\/somos-hermanos.mx\/wp-content\/uploads\/2025\/09\/nin-1024x1024.jpg 1024w, https:\/\/somos-hermanos.mx\/wp-content\/uploads\/2025\/09\/nin-150x150.jpg 150w, https:\/\/somos-hermanos.mx\/wp-content\/uploads\/2025\/09\/nin-768x768.jpg 768w, https:\/\/somos-hermanos.mx\/wp-content\/uploads\/2025\/09\/nin-1536x1536.jpg 1536w, https:\/\/somos-hermanos.mx\/wp-content\/uploads\/2025\/09\/nin.jpg 1600w\" sizes=\"auto, (max-width: 300px) 100vw, 300px\" \/><\/a><\/p>\n","protected":false},"excerpt":{"rendered":"<p>La Fundaci\u00f3n para la Protecci\u00f3n de la Ni\u00f1ez IAP lleva m\u00e1s de tres d\u00e9cadas trabajando para mejorar la calidad de vida de las ni\u00f1as, ni\u00f1os y j\u00f3venes en situaci\u00f3n vulnerable. Desde su fundaci\u00f3n en 1990, esta instituci\u00f3n ha enfocado sus esfuerzos en fortalecer a organizaciones de la sociedad civil que, con profesionalismo y compromiso, atienden [&hellip;]<\/p>\n","protected":false},"author":16,"featured_media":1539,"comment_status":"open","ping_status":"closed","sticky":false,"template":"","format":"standard","meta":{"footnotes":""},"categories":[6],"tags":[920,620,105,921,230,630,919],"class_list":["post-1536","post","type-post","status-publish","format-standard","has-post-thumbnail","hentry","category-noticias","tag-administracion-de-fondos","tag-desarrollo-academico","tag-donativos-en-especie","tag-instalacion-de-paneles","tag-inversion-social","tag-organizaciones-de-la-sociedad-civil","tag-proteccion-de-la-ninez"],"yoast_head":"<!-- This site is optimized with the Yoast SEO plugin v27.5 - https:\/\/yoast.com\/product\/yoast-seo-wordpress\/ -->\n<title>Protecci\u00f3n de la Ni\u00f1ez: 35 a\u00f1os cambiando vidas en M\u00e9xico - Historias que inspiran...<\/title>\n<meta name=\"robots\" content=\"index, follow, max-snippet:-1, max-image-preview:large, max-video-preview:-1\" \/>\n<link rel=\"canonical\" href=\"https:\/\/somos-hermanos.mx\/index.php\/2025\/09\/09\/proteccion-de-la-ninez-35-anos-cambiando-vidas-en-mexico\/\" \/>\n<meta property=\"og:locale\" content=\"es_MX\" \/>\n<meta property=\"og:type\" content=\"article\" \/>\n<meta property=\"og:title\" content=\"Protecci\u00f3n de la Ni\u00f1ez: 35 a\u00f1os cambiando vidas en M\u00e9xico - Historias que inspiran...\" \/>\n<meta property=\"og:description\" content=\"La Fundaci\u00f3n para la Protecci\u00f3n de la Ni\u00f1ez IAP lleva m\u00e1s de tres d\u00e9cadas trabajando para mejorar la calidad de vida de las ni\u00f1as, ni\u00f1os y j\u00f3venes en situaci\u00f3n vulnerable. Desde su fundaci\u00f3n en 1990, esta instituci\u00f3n ha enfocado sus esfuerzos en fortalecer a organizaciones de la sociedad civil que, con profesionalismo y compromiso, atienden [&hellip;]\" \/>\n<meta property=\"og:url\" content=\"https:\/\/somos-hermanos.mx\/index.php\/2025\/09\/09\/proteccion-de-la-ninez-35-anos-cambiando-vidas-en-mexico\/\" \/>\n<meta property=\"og:site_name\" content=\"Historias que inspiran...\" \/>\n<meta property=\"article:publisher\" content=\"https:\/\/www.facebook.com\/SomosHermanosIAP\/\" \/>\n<meta property=\"article:published_time\" content=\"2025-09-09T09:45:40+00:00\" \/>\n<meta property=\"og:image\" content=\"https:\/\/somos-hermanos.mx\/wp-content\/uploads\/2025\/09\/nin1.jpg\" \/>\n\t<meta property=\"og:image:width\" content=\"1600\" \/>\n\t<meta property=\"og:image:height\" content=\"533\" \/>\n\t<meta property=\"og:image:type\" content=\"image\/jpeg\" \/>\n<meta name=\"author\" content=\"Jorge Plascencia Gonz\u00e1lez\" \/>\n<meta name=\"twitter:card\" content=\"summary_large_image\" \/>\n<meta name=\"twitter:creator\" content=\"@Somos__Hermanos\" \/>\n<meta name=\"twitter:site\" content=\"@Somos__Hermanos\" \/>\n<meta name=\"twitter:label1\" content=\"Escrito por\" \/>\n\t<meta name=\"twitter:data1\" content=\"Jorge Plascencia Gonz\u00e1lez\" \/>\n\t<meta name=\"twitter:label2\" content=\"Tiempo de lectura\" \/>\n\t<meta name=\"twitter:data2\" content=\"2 minutos\" \/>\n<script type=\"application\/ld+json\" class=\"yoast-schema-graph\">{\"@context\":\"https:\\\/\\\/schema.org\",\"@graph\":[{\"@type\":\"Article\",\"@id\":\"https:\\\/\\\/somos-hermanos.mx\\\/index.php\\\/2025\\\/09\\\/09\\\/proteccion-de-la-ninez-35-anos-cambiando-vidas-en-mexico\\\/#article\",\"isPartOf\":{\"@id\":\"https:\\\/\\\/somos-hermanos.mx\\\/index.php\\\/2025\\\/09\\\/09\\\/proteccion-de-la-ninez-35-anos-cambiando-vidas-en-mexico\\\/\"},\"author\":{\"name\":\"Jorge Plascencia Gonz\u00e1lez\",\"@id\":\"https:\\\/\\\/somos-hermanos.mx\\\/#\\\/schema\\\/person\\\/310a45203a309f04e24f754c2ffd78b2\"},\"headline\":\"Protecci\u00f3n de la Ni\u00f1ez: 35 a\u00f1os cambiando vidas en M\u00e9xico\",\"datePublished\":\"2025-09-09T09:45:40+00:00\",\"mainEntityOfPage\":{\"@id\":\"https:\\\/\\\/somos-hermanos.mx\\\/index.php\\\/2025\\\/09\\\/09\\\/proteccion-de-la-ninez-35-anos-cambiando-vidas-en-mexico\\\/\"},\"wordCount\":364,\"commentCount\":0,\"publisher\":{\"@id\":\"https:\\\/\\\/somos-hermanos.mx\\\/#organization\"},\"image\":{\"@id\":\"https:\\\/\\\/somos-hermanos.mx\\\/index.php\\\/2025\\\/09\\\/09\\\/proteccion-de-la-ninez-35-anos-cambiando-vidas-en-mexico\\\/#primaryimage\"},\"thumbnailUrl\":\"https:\\\/\\\/somos-hermanos.mx\\\/wp-content\\\/uploads\\\/2025\\\/09\\\/nin1.jpg\",\"keywords\":[\"administraci\u00f3n de fondos\",\"desarrollo acad\u00e9mico\",\"donativos en especie\",\"instalaci\u00f3n de paneles\",\"inversi\u00f3n social\",\"Organizaciones de la Sociedad Civil\",\"Protecci\u00f3n de la Ni\u00f1ez\"],\"articleSection\":[\"Noticias\"],\"inLanguage\":\"es\",\"potentialAction\":[{\"@type\":\"CommentAction\",\"name\":\"Comment\",\"target\":[\"https:\\\/\\\/somos-hermanos.mx\\\/index.php\\\/2025\\\/09\\\/09\\\/proteccion-de-la-ninez-35-anos-cambiando-vidas-en-mexico\\\/#respond\"]}]},{\"@type\":\"WebPage\",\"@id\":\"https:\\\/\\\/somos-hermanos.mx\\\/index.php\\\/2025\\\/09\\\/09\\\/proteccion-de-la-ninez-35-anos-cambiando-vidas-en-mexico\\\/\",\"url\":\"https:\\\/\\\/somos-hermanos.mx\\\/index.php\\\/2025\\\/09\\\/09\\\/proteccion-de-la-ninez-35-anos-cambiando-vidas-en-mexico\\\/\",\"name\":\"Protecci\u00f3n de la Ni\u00f1ez: 35 a\u00f1os cambiando vidas en M\u00e9xico - Historias que inspiran...\",\"isPartOf\":{\"@id\":\"https:\\\/\\\/somos-hermanos.mx\\\/#website\"},\"primaryImageOfPage\":{\"@id\":\"https:\\\/\\\/somos-hermanos.mx\\\/index.php\\\/2025\\\/09\\\/09\\\/proteccion-de-la-ninez-35-anos-cambiando-vidas-en-mexico\\\/#primaryimage\"},\"image\":{\"@id\":\"https:\\\/\\\/somos-hermanos.mx\\\/index.php\\\/2025\\\/09\\\/09\\\/proteccion-de-la-ninez-35-anos-cambiando-vidas-en-mexico\\\/#primaryimage\"},\"thumbnailUrl\":\"https:\\\/\\\/somos-hermanos.mx\\\/wp-content\\\/uploads\\\/2025\\\/09\\\/nin1.jpg\",\"datePublished\":\"2025-09-09T09:45:40+00:00\",\"breadcrumb\":{\"@id\":\"https:\\\/\\\/somos-hermanos.mx\\\/index.php\\\/2025\\\/09\\\/09\\\/proteccion-de-la-ninez-35-anos-cambiando-vidas-en-mexico\\\/#breadcrumb\"},\"inLanguage\":\"es\",\"potentialAction\":[{\"@type\":\"ReadAction\",\"target\":[\"https:\\\/\\\/somos-hermanos.mx\\\/index.php\\\/2025\\\/09\\\/09\\\/proteccion-de-la-ninez-35-anos-cambiando-vidas-en-mexico\\\/\"]}]},{\"@type\":\"ImageObject\",\"inLanguage\":\"es\",\"@id\":\"https:\\\/\\\/somos-hermanos.mx\\\/index.php\\\/2025\\\/09\\\/09\\\/proteccion-de-la-ninez-35-anos-cambiando-vidas-en-mexico\\\/#primaryimage\",\"url\":\"https:\\\/\\\/somos-hermanos.mx\\\/wp-content\\\/uploads\\\/2025\\\/09\\\/nin1.jpg\",\"contentUrl\":\"https:\\\/\\\/somos-hermanos.mx\\\/wp-content\\\/uploads\\\/2025\\\/09\\\/nin1.jpg\",\"width\":1600,\"height\":533},{\"@type\":\"BreadcrumbList\",\"@id\":\"https:\\\/\\\/somos-hermanos.mx\\\/index.php\\\/2025\\\/09\\\/09\\\/proteccion-de-la-ninez-35-anos-cambiando-vidas-en-mexico\\\/#breadcrumb\",\"itemListElement\":[{\"@type\":\"ListItem\",\"position\":1,\"name\":\"Inicio\",\"item\":\"https:\\\/\\\/somos-hermanos.mx\\\/\"},{\"@type\":\"ListItem\",\"position\":2,\"name\":\"Protecci\u00f3n de la Ni\u00f1ez: 35 a\u00f1os cambiando vidas en M\u00e9xico\"}]},{\"@type\":\"WebSite\",\"@id\":\"https:\\\/\\\/somos-hermanos.mx\\\/#website\",\"url\":\"https:\\\/\\\/somos-hermanos.mx\\\/\",\"name\":\"Historias que inspiran...\",\"description\":\"Somos la voz del altruismo en M\u00e9xico\",\"publisher\":{\"@id\":\"https:\\\/\\\/somos-hermanos.mx\\\/#organization\"},\"potentialAction\":[{\"@type\":\"SearchAction\",\"target\":{\"@type\":\"EntryPoint\",\"urlTemplate\":\"https:\\\/\\\/somos-hermanos.mx\\\/?s={search_term_string}\"},\"query-input\":{\"@type\":\"PropertyValueSpecification\",\"valueRequired\":true,\"valueName\":\"search_term_string\"}}],\"inLanguage\":\"es\"},{\"@type\":\"Organization\",\"@id\":\"https:\\\/\\\/somos-hermanos.mx\\\/#organization\",\"name\":\"Somos Hermanos\",\"url\":\"https:\\\/\\\/somos-hermanos.mx\\\/\",\"logo\":{\"@type\":\"ImageObject\",\"inLanguage\":\"es\",\"@id\":\"https:\\\/\\\/somos-hermanos.mx\\\/#\\\/schema\\\/logo\\\/image\\\/\",\"url\":\"https:\\\/\\\/somos-hermanos.mx\\\/wp-content\\\/uploads\\\/2025\\\/08\\\/SH30-1.jpeg\",\"contentUrl\":\"https:\\\/\\\/somos-hermanos.mx\\\/wp-content\\\/uploads\\\/2025\\\/08\\\/SH30-1.jpeg\",\"width\":1600,\"height\":1142,\"caption\":\"Somos Hermanos\"},\"image\":{\"@id\":\"https:\\\/\\\/somos-hermanos.mx\\\/#\\\/schema\\\/logo\\\/image\\\/\"},\"sameAs\":[\"https:\\\/\\\/www.facebook.com\\\/SomosHermanosIAP\\\/\",\"https:\\\/\\\/x.com\\\/Somos__Hermanos\",\"https:\\\/\\\/www.instagram.com\\\/somos__hermanos\\\/#\",\"https:\\\/\\\/www.tiktok.com\\\/@somoshermanosiap\",\"https:\\\/\\\/www.youtube.com\\\/@somoshermanosiap1201\\\/videos\"]},{\"@type\":\"Person\",\"@id\":\"https:\\\/\\\/somos-hermanos.mx\\\/#\\\/schema\\\/person\\\/310a45203a309f04e24f754c2ffd78b2\",\"name\":\"Jorge Plascencia Gonz\u00e1lez\",\"image\":{\"@type\":\"ImageObject\",\"inLanguage\":\"es\",\"@id\":\"https:\\\/\\\/secure.gravatar.com\\\/avatar\\\/64861ec16c81c93b8ca0cb6e8211fcb69e209928bb5e8c177618e37513c17ed7?s=96&d=mm&r=g\",\"url\":\"https:\\\/\\\/secure.gravatar.com\\\/avatar\\\/64861ec16c81c93b8ca0cb6e8211fcb69e209928bb5e8c177618e37513c17ed7?s=96&d=mm&r=g\",\"contentUrl\":\"https:\\\/\\\/secure.gravatar.com\\\/avatar\\\/64861ec16c81c93b8ca0cb6e8211fcb69e209928bb5e8c177618e37513c17ed7?s=96&d=mm&r=g\",\"caption\":\"Jorge Plascencia Gonz\u00e1lez\"},\"url\":\"https:\\\/\\\/somos-hermanos.mx\\\/index.php\\\/author\\\/jorge-plascencia-gonzalez\\\/\"}]}<\/script>\n<!-- \/ Yoast SEO plugin. -->","yoast_head_json":{"title":"Protecci\u00f3n de la Ni\u00f1ez: 35 a\u00f1os cambiando vidas en M\u00e9xico - Historias que inspiran...","robots":{"index":"index","follow":"follow","max-snippet":"max-snippet:-1","max-image-preview":"max-image-preview:large","max-video-preview":"max-video-preview:-1"},"canonical":"https:\/\/somos-hermanos.mx\/index.php\/2025\/09\/09\/proteccion-de-la-ninez-35-anos-cambiando-vidas-en-mexico\/","og_locale":"es_MX","og_type":"article","og_title":"Protecci\u00f3n de la Ni\u00f1ez: 35 a\u00f1os cambiando vidas en M\u00e9xico - Historias que inspiran...","og_description":"La Fundaci\u00f3n para la Protecci\u00f3n de la Ni\u00f1ez IAP lleva m\u00e1s de tres d\u00e9cadas trabajando para mejorar la calidad de vida de las ni\u00f1as, ni\u00f1os y j\u00f3venes en situaci\u00f3n vulnerable. Desde su fundaci\u00f3n en 1990, esta instituci\u00f3n ha enfocado sus esfuerzos en fortalecer a organizaciones de la sociedad civil que, con profesionalismo y compromiso, atienden [&hellip;]","og_url":"https:\/\/somos-hermanos.mx\/index.php\/2025\/09\/09\/proteccion-de-la-ninez-35-anos-cambiando-vidas-en-mexico\/","og_site_name":"Historias que inspiran...","article_publisher":"https:\/\/www.facebook.com\/SomosHermanosIAP\/","article_published_time":"2025-09-09T09:45:40+00:00","og_image":[{"width":1600,"height":533,"url":"https:\/\/somos-hermanos.mx\/wp-content\/uploads\/2025\/09\/nin1.jpg","type":"image\/jpeg"}],"author":"Jorge Plascencia Gonz\u00e1lez","twitter_card":"summary_large_image","twitter_creator":"@Somos__Hermanos","twitter_site":"@Somos__Hermanos","twitter_misc":{"Escrito por":"Jorge Plascencia Gonz\u00e1lez","Tiempo de lectura":"2 minutos"},"schema":{"@context":"https:\/\/schema.org","@graph":[{"@type":"Article","@id":"https:\/\/somos-hermanos.mx\/index.php\/2025\/09\/09\/proteccion-de-la-ninez-35-anos-cambiando-vidas-en-mexico\/#article","isPartOf":{"@id":"https:\/\/somos-hermanos.mx\/index.php\/2025\/09\/09\/proteccion-de-la-ninez-35-anos-cambiando-vidas-en-mexico\/"},"author":{"name":"Jorge Plascencia Gonz\u00e1lez","@id":"https:\/\/somos-hermanos.mx\/#\/schema\/person\/310a45203a309f04e24f754c2ffd78b2"},"headline":"Protecci\u00f3n de la Ni\u00f1ez: 35 a\u00f1os cambiando vidas en M\u00e9xico","datePublished":"2025-09-09T09:45:40+00:00","mainEntityOfPage":{"@id":"https:\/\/somos-hermanos.mx\/index.php\/2025\/09\/09\/proteccion-de-la-ninez-35-anos-cambiando-vidas-en-mexico\/"},"wordCount":364,"commentCount":0,"publisher":{"@id":"https:\/\/somos-hermanos.mx\/#organization"},"image":{"@id":"https:\/\/somos-hermanos.mx\/index.php\/2025\/09\/09\/proteccion-de-la-ninez-35-anos-cambiando-vidas-en-mexico\/#primaryimage"},"thumbnailUrl":"https:\/\/somos-hermanos.mx\/wp-content\/uploads\/2025\/09\/nin1.jpg","keywords":["administraci\u00f3n de fondos","desarrollo acad\u00e9mico","donativos en especie","instalaci\u00f3n de paneles","inversi\u00f3n social","Organizaciones de la Sociedad Civil","Protecci\u00f3n de la Ni\u00f1ez"],"articleSection":["Noticias"],"inLanguage":"es","potentialAction":[{"@type":"CommentAction","name":"Comment","target":["https:\/\/somos-hermanos.mx\/index.php\/2025\/09\/09\/proteccion-de-la-ninez-35-anos-cambiando-vidas-en-mexico\/#respond"]}]},{"@type":"WebPage","@id":"https:\/\/somos-hermanos.mx\/index.php\/2025\/09\/09\/proteccion-de-la-ninez-35-anos-cambiando-vidas-en-mexico\/","url":"https:\/\/somos-hermanos.mx\/index.php\/2025\/09\/09\/proteccion-de-la-ninez-35-anos-cambiando-vidas-en-mexico\/","name":"Protecci\u00f3n de la Ni\u00f1ez: 35 a\u00f1os cambiando vidas en M\u00e9xico - Historias que inspiran...","isPartOf":{"@id":"https:\/\/somos-hermanos.mx\/#website"},"primaryImageOfPage":{"@id":"https:\/\/somos-hermanos.mx\/index.php\/2025\/09\/09\/proteccion-de-la-ninez-35-anos-cambiando-vidas-en-mexico\/#primaryimage"},"image":{"@id":"https:\/\/somos-hermanos.mx\/index.php\/2025\/09\/09\/proteccion-de-la-ninez-35-anos-cambiando-vidas-en-mexico\/#primaryimage"},"thumbnailUrl":"https:\/\/somos-hermanos.mx\/wp-content\/uploads\/2025\/09\/nin1.jpg","datePublished":"2025-09-09T09:45:40+00:00","breadcrumb":{"@id":"https:\/\/somos-hermanos.mx\/index.php\/2025\/09\/09\/proteccion-de-la-ninez-35-anos-cambiando-vidas-en-mexico\/#breadcrumb"},"inLanguage":"es","potentialAction":[{"@type":"ReadAction","target":["https:\/\/somos-hermanos.mx\/index.php\/2025\/09\/09\/proteccion-de-la-ninez-35-anos-cambiando-vidas-en-mexico\/"]}]},{"@type":"ImageObject","inLanguage":"es","@id":"https:\/\/somos-hermanos.mx\/index.php\/2025\/09\/09\/proteccion-de-la-ninez-35-anos-cambiando-vidas-en-mexico\/#primaryimage","url":"https:\/\/somos-hermanos.mx\/wp-content\/uploads\/2025\/09\/nin1.jpg","contentUrl":"https:\/\/somos-hermanos.mx\/wp-content\/uploads\/2025\/09\/nin1.jpg","width":1600,"height":533},{"@type":"BreadcrumbList","@id":"https:\/\/somos-hermanos.mx\/index.php\/2025\/09\/09\/proteccion-de-la-ninez-35-anos-cambiando-vidas-en-mexico\/#breadcrumb","itemListElement":[{"@type":"ListItem","position":1,"name":"Inicio","item":"https:\/\/somos-hermanos.mx\/"},{"@type":"ListItem","position":2,"name":"Protecci\u00f3n de la Ni\u00f1ez: 35 a\u00f1os cambiando vidas en M\u00e9xico"}]},{"@type":"WebSite","@id":"https:\/\/somos-hermanos.mx\/#website","url":"https:\/\/somos-hermanos.mx\/","name":"Historias que inspiran...","description":"Somos la voz del altruismo en M\u00e9xico","publisher":{"@id":"https:\/\/somos-hermanos.mx\/#organization"},"potentialAction":[{"@type":"SearchAction","target":{"@type":"EntryPoint","urlTemplate":"https:\/\/somos-hermanos.mx\/?s={search_term_string}"},"query-input":{"@type":"PropertyValueSpecification","valueRequired":true,"valueName":"search_term_string"}}],"inLanguage":"es"},{"@type":"Organization","@id":"https:\/\/somos-hermanos.mx\/#organization","name":"Somos Hermanos","url":"https:\/\/somos-hermanos.mx\/","logo":{"@type":"ImageObject","inLanguage":"es","@id":"https:\/\/somos-hermanos.mx\/#\/schema\/logo\/image\/","url":"https:\/\/somos-hermanos.mx\/wp-content\/uploads\/2025\/08\/SH30-1.jpeg","contentUrl":"https:\/\/somos-hermanos.mx\/wp-content\/uploads\/2025\/08\/SH30-1.jpeg","width":1600,"height":1142,"caption":"Somos Hermanos"},"image":{"@id":"https:\/\/somos-hermanos.mx\/#\/schema\/logo\/image\/"},"sameAs":["https:\/\/www.facebook.com\/SomosHermanosIAP\/","https:\/\/x.com\/Somos__Hermanos","https:\/\/www.instagram.com\/somos__hermanos\/#","https:\/\/www.tiktok.com\/@somoshermanosiap","https:\/\/www.youtube.com\/@somoshermanosiap1201\/videos"]},{"@type":"Person","@id":"https:\/\/somos-hermanos.mx\/#\/schema\/person\/310a45203a309f04e24f754c2ffd78b2","name":"Jorge Plascencia Gonz\u00e1lez","image":{"@type":"ImageObject","inLanguage":"es","@id":"https:\/\/secure.gravatar.com\/avatar\/64861ec16c81c93b8ca0cb6e8211fcb69e209928bb5e8c177618e37513c17ed7?s=96&d=mm&r=g","url":"https:\/\/secure.gravatar.com\/avatar\/64861ec16c81c93b8ca0cb6e8211fcb69e209928bb5e8c177618e37513c17ed7?s=96&d=mm&r=g","contentUrl":"https:\/\/secure.gravatar.com\/avatar\/64861ec16c81c93b8ca0cb6e8211fcb69e209928bb5e8c177618e37513c17ed7?s=96&d=mm&r=g","caption":"Jorge Plascencia Gonz\u00e1lez"},"url":"https:\/\/somos-hermanos.mx\/index.php\/author\/jorge-plascencia-gonzalez\/"}]}},"_links":{"self":[{"href":"https:\/\/somos-hermanos.mx\/index.php\/wp-json\/wp\/v2\/posts\/1536","targetHints":{"allow":["GET"]}}],"collection":[{"href":"https:\/\/somos-hermanos.mx\/index.php\/wp-json\/wp\/v2\/posts"}],"about":[{"href":"https:\/\/somos-hermanos.mx\/index.php\/wp-json\/wp\/v2\/types\/post"}],"author":[{"embeddable":true,"href":"https:\/\/somos-hermanos.mx\/index.php\/wp-json\/wp\/v2\/users\/16"}],"replies":[{"embeddable":true,"href":"https:\/\/somos-hermanos.mx\/index.php\/wp-json\/wp\/v2\/comments?post=1536"}],"version-history":[{"count":3,"href":"https:\/\/somos-hermanos.mx\/index.php\/wp-json\/wp\/v2\/posts\/1536\/revisions"}],"predecessor-version":[{"id":1548,"href":"https:\/\/somos-hermanos.mx\/index.php\/wp-json\/wp\/v2\/posts\/1536\/revisions\/1548"}],"wp:featuredmedia":[{"embeddable":true,"href":"https:\/\/somos-hermanos.mx\/index.php\/wp-json\/wp\/v2\/media\/1539"}],"wp:attachment":[{"href":"https:\/\/somos-hermanos.mx\/index.php\/wp-json\/wp\/v2\/media?parent=1536"}],"wp:term":[{"taxonomy":"category","embeddable":true,"href":"https:\/\/somos-hermanos.mx\/index.php\/wp-json\/wp\/v2\/categories?post=1536"},{"taxonomy":"post_tag","embeddable":true,"href":"https:\/\/somos-hermanos.mx\/index.php\/wp-json\/wp\/v2\/tags?post=1536"}],"curies":[{"name":"wp","href":"https:\/\/api.w.org\/{rel}","templated":true}]}}