{"id":1534,"date":"2025-09-09T03:32:25","date_gmt":"2025-09-09T09:32:25","guid":{"rendered":"https:\/\/somos-hermanos.mx\/?p=1534"},"modified":"2025-09-09T03:32:25","modified_gmt":"2025-09-09T09:32:25","slug":"actitudes-necesarias-hacia-el-logro","status":"publish","type":"post","link":"https:\/\/somos-hermanos.mx\/index.php\/2025\/09\/09\/actitudes-necesarias-hacia-el-logro\/","title":{"rendered":"Actitudes necesarias hacia el logro"},"content":{"rendered":"<ol>\n<li><strong>Actitud del caos<\/strong>. Si no planifico, planifico el fracaso. Evitar el \u201cah\u00ed se va\u201d<strong>.<\/strong><\/li>\n<\/ol>\n<ol start=\"2\">\n<li><strong>Actitud prointeligente (o de la causa &#8211; efecto). <\/strong>Es imprescindible que cada efecto implique una causa proporcionada, concreta y espec\u00edfica. Mis pensamientos son la causa y mis acciones los efectos. Lo que hago, eso recoger\u00e9.<\/li>\n<\/ol>\n<ol start=\"3\">\n<li><strong>Actitud de afirmaci\u00f3n. <\/strong>Lo que yo crea con fuerza, pondr\u00e9 los medios para conquistarlo. Yo act\u00fao en funci\u00f3n de lo que creo. Si no desisto, lo conseguir\u00e9.<\/li>\n<\/ol>\n<ol start=\"4\">\n<li><strong>Actitud de seguridad. <\/strong>Lo que espere, eso obtendr\u00e9<strong>. <\/strong>Pong\u00e1monos metas altas.<\/li>\n<\/ol>\n<ol start=\"5\">\n<li><strong>Actitud de atracci\u00f3n. <\/strong>Si mis pensamientos son positivos: atraer\u00e9 personas y circunstancias positivas, en armon\u00eda con mis pensamientos. Si soy negativo, si no pienso, si me dejo llevar, ver\u00e9 el mundo negro y me suceder\u00e1n (porque yo las provoco) cosas indeseables.<\/li>\n<\/ol>\n<ol start=\"6\">\n<li><strong>Actitud de concentraci\u00f3n. <\/strong>Hasta la persona m\u00e1s inteligente, necesita concentrarse en sus objetivos. Aquello en lo que reiteradamente me concentre, lo ir\u00e9 construyendo hasta hacerlo realidad.<\/li>\n<\/ol>\n<ol start=\"7\">\n<li><strong>Actitud de madurez.<\/strong> Si tengo virtudes como la alegr\u00eda, lealtad, sinceridad, veracidad, naturalidad, sencillez, nobleza, gratitud, laboriosidad, etc., humanamente ser\u00e9 maduro.<\/li>\n<\/ol>\n<ol start=\"8\">\n<li><strong>Actitud de reemplazo. <\/strong>Yo puedo cambiar pensamientos in\u00fatiles o nocivos por pensamientos \u00fatiles o ben\u00e9ficos. O al rev\u00e9s, todo depende de lo que elija.<\/li>\n<\/ol>\n<ol start=\"9\">\n<li><strong>Actitud constructiva. <\/strong>No admito el des\u00e1nimo, ni la desconfianza, ni la cobard\u00eda ni la pereza, porque antes he elegido el \u00e1nimo, la confianza, la audacia y la diligencia.<\/li>\n<\/ol>\n<ol start=\"10\">\n<li><strong>Actitud de compensaci\u00f3n.<\/strong> Casi siempre es mejor dar que recibir. Mientras m\u00e1s nos entregamos, crece nuestra capacidad de darnos y de servir.<\/li>\n<\/ol>\n<ol start=\"11\">\n<li><strong>Actitud creativa. <\/strong>Todo cambio lo puedo llevar a cabo con nuevas ideas. Puesto que las ideas no tienen l\u00edmite, el potencial de cambio no tiene fin.<\/li>\n<\/ol>\n<ol start=\"12\">\n<li><strong>Actitud de concentraci\u00f3n y estudio. <\/strong>Para lograr la creatividad, es preciso la concentraci\u00f3n y el estudio (an\u00e1lisis) previo, con el fin de adquirir nuevos enfoques e ideas.<\/li>\n<\/ol>\n<ol start=\"13\">\n<li><strong>Actitud de confianza en los propios talentos. <\/strong>Cualquier idea, plan o meta que me ponga, si la visualizo y me entusiasmo con ella, mi subconsciente ir\u00e1 organizando el mundo de personas y experiencias, para que ese plan se haga realidad.<\/li>\n<\/ol>\n<ol start=\"14\">\n<li><strong>Actitud hacia la pr\u00e1ctica inteligente. <\/strong>Cualquier cosa que uno haga bien, y de modo repetitivo, se convertir\u00e1 en nueva cualidad o virtud y\/o habilidad. Se entiende que la virtud es la pr\u00e1ctica del bien.<\/li>\n<\/ol>\n<ol start=\"15\">\n<li><strong>Actitud hacia el buen trato con los dem\u00e1s. <\/strong>Cualquier pensamiento o acci\u00f3n que mejore el trato con uno mismo, en el mismo sentido mejorar\u00e1 mi trato con los dem\u00e1s. Es conviene tratarse con delicadeza extrema.<\/li>\n<\/ol>\n<ol start=\"16\">\n<li><strong>Actitud hacia la elecci\u00f3n. <\/strong>Cada decisi\u00f3n que tomo, se apoya en una elecci\u00f3n previa.<\/li>\n<\/ol>\n<ol start=\"17\">\n<li><strong>Actitud hacia la expresividad. <\/strong>Todo lo que se imprime en mi mente, de un modo insospechado, influye o act\u00faa en mi organizaci\u00f3n psicol\u00f3gica y se vierte hacia afuera. Lo que tengo dentro, eso es lo que expreso hacia fuera.<\/li>\n<\/ol>\n<ol start=\"18\">\n<li><strong>Actitud hacia la autenticidad. <\/strong>Tengo que ser yo mismo y aceptarme. Si tomo una decisi\u00f3n espec\u00edfica y la mantengo queriendo mejorar un aspecto de mi vida, la tendencia ser\u00e1 hacia el cambio en la tendencia escogida. Si no me decido, o no soy constante, el resultado ser\u00e1 la inercia, que imposibilita toda superaci\u00f3n.<\/li>\n<\/ol>\n<ol start=\"19\">\n<li><strong>Actitud hacia el perd\u00f3n. <\/strong>Si puedo perdonar y olvidar las ofensas \u2013reales o imaginadas- del otro-, es porque yo me he perdonado a m\u00ed mismo y he olvidado, me he comprendido, corregido y no me recrimino.<\/li>\n<\/ol>\n<ol start=\"20\">\n<li><strong>Actitud hacia el mejoramiento. <\/strong>Si yo mejoro, puedo renovar a los dem\u00e1s.<\/li>\n<\/ol>\n<ol start=\"21\">\n<li><strong>Actitud hacia el autodominio. <\/strong>Si tengo sentimientos positivos, es porque previamente he tenido ideas positivas que me dan un sano aprecio de m\u00ed mismo y me permiten auto poseerme para poder darme a los dem\u00e1s. Nadie da lo que no tiene.<\/li>\n<\/ol>\n","protected":false},"excerpt":{"rendered":"<p>Actitud del caos. Si no planifico, planifico el fracaso. Evitar el \u201cah\u00ed se va\u201d. Actitud prointeligente (o de la causa &#8211; efecto). Es imprescindible que cada efecto implique una causa proporcionada, concreta y espec\u00edfica. Mis pensamientos son la causa y mis acciones los efectos. Lo que hago, eso recoger\u00e9. Actitud de afirmaci\u00f3n. Lo que yo [&hellip;]<\/p>\n","protected":false},"author":7,"featured_media":1546,"comment_status":"open","ping_status":"closed","sticky":false,"template":"","format":"standard","meta":{"footnotes":""},"categories":[14,24],"tags":[],"class_list":["post-1534","post","type-post","status-publish","format-standard","has-post-thumbnail","hentry","category-columnas","category-gabriel-martinez-navarrete"],"yoast_head":"<!-- This site is optimized with the Yoast SEO plugin v27.5 - https:\/\/yoast.com\/product\/yoast-seo-wordpress\/ -->\n<title>Actitudes necesarias hacia el logro - Historias que inspiran...<\/title>\n<meta name=\"robots\" content=\"index, follow, max-snippet:-1, max-image-preview:large, max-video-preview:-1\" \/>\n<link rel=\"canonical\" href=\"https:\/\/somos-hermanos.mx\/index.php\/2025\/09\/09\/actitudes-necesarias-hacia-el-logro\/\" \/>\n<meta property=\"og:locale\" content=\"es_MX\" \/>\n<meta property=\"og:type\" content=\"article\" \/>\n<meta property=\"og:title\" content=\"Actitudes necesarias hacia el logro - Historias que inspiran...\" \/>\n<meta property=\"og:description\" content=\"Actitud del caos. Si no planifico, planifico el fracaso. Evitar el \u201cah\u00ed se va\u201d. Actitud prointeligente (o de la causa &#8211; efecto). Es imprescindible que cada efecto implique una causa proporcionada, concreta y espec\u00edfica. Mis pensamientos son la causa y mis acciones los efectos. Lo que hago, eso recoger\u00e9. Actitud de afirmaci\u00f3n. Lo que yo [&hellip;]\" \/>\n<meta property=\"og:url\" content=\"https:\/\/somos-hermanos.mx\/index.php\/2025\/09\/09\/actitudes-necesarias-hacia-el-logro\/\" \/>\n<meta property=\"og:site_name\" content=\"Historias que inspiran...\" \/>\n<meta property=\"article:publisher\" content=\"https:\/\/www.facebook.com\/SomosHermanosIAP\/\" \/>\n<meta property=\"article:published_time\" content=\"2025-09-09T09:32:25+00:00\" \/>\n<meta property=\"og:image\" content=\"https:\/\/somos-hermanos.mx\/wp-content\/uploads\/2025\/09\/37521.jpg\" \/>\n\t<meta property=\"og:image:width\" content=\"1000\" \/>\n\t<meta property=\"og:image:height\" content=\"667\" \/>\n\t<meta property=\"og:image:type\" content=\"image\/jpeg\" \/>\n<meta name=\"author\" content=\"Gabriel Mart\u00ednez Navarrete\" \/>\n<meta name=\"twitter:card\" content=\"summary_large_image\" \/>\n<meta name=\"twitter:creator\" content=\"@Somos__Hermanos\" \/>\n<meta name=\"twitter:site\" content=\"@Somos__Hermanos\" \/>\n<meta name=\"twitter:label1\" content=\"Escrito por\" \/>\n\t<meta name=\"twitter:data1\" content=\"Gabriel Mart\u00ednez Navarrete\" \/>\n\t<meta name=\"twitter:label2\" content=\"Tiempo de lectura\" \/>\n\t<meta name=\"twitter:data2\" content=\"3 minutos\" \/>\n<script type=\"application\/ld+json\" class=\"yoast-schema-graph\">{\"@context\":\"https:\\\/\\\/schema.org\",\"@graph\":[{\"@type\":\"Article\",\"@id\":\"https:\\\/\\\/somos-hermanos.mx\\\/index.php\\\/2025\\\/09\\\/09\\\/actitudes-necesarias-hacia-el-logro\\\/#article\",\"isPartOf\":{\"@id\":\"https:\\\/\\\/somos-hermanos.mx\\\/index.php\\\/2025\\\/09\\\/09\\\/actitudes-necesarias-hacia-el-logro\\\/\"},\"author\":{\"name\":\"Gabriel Mart\u00ednez Navarrete\",\"@id\":\"https:\\\/\\\/somos-hermanos.mx\\\/#\\\/schema\\\/person\\\/44f957c5358a517057be2865328aafa1\"},\"headline\":\"Actitudes necesarias hacia el logro\",\"datePublished\":\"2025-09-09T09:32:25+00:00\",\"mainEntityOfPage\":{\"@id\":\"https:\\\/\\\/somos-hermanos.mx\\\/index.php\\\/2025\\\/09\\\/09\\\/actitudes-necesarias-hacia-el-logro\\\/\"},\"wordCount\":651,\"commentCount\":4,\"publisher\":{\"@id\":\"https:\\\/\\\/somos-hermanos.mx\\\/#organization\"},\"image\":{\"@id\":\"https:\\\/\\\/somos-hermanos.mx\\\/index.php\\\/2025\\\/09\\\/09\\\/actitudes-necesarias-hacia-el-logro\\\/#primaryimage\"},\"thumbnailUrl\":\"https:\\\/\\\/somos-hermanos.mx\\\/wp-content\\\/uploads\\\/2025\\\/09\\\/37521.jpg\",\"articleSection\":[\"Columnas\",\"Gabriel Mart\u00ednez Navarrete\"],\"inLanguage\":\"es\",\"potentialAction\":[{\"@type\":\"CommentAction\",\"name\":\"Comment\",\"target\":[\"https:\\\/\\\/somos-hermanos.mx\\\/index.php\\\/2025\\\/09\\\/09\\\/actitudes-necesarias-hacia-el-logro\\\/#respond\"]}]},{\"@type\":\"WebPage\",\"@id\":\"https:\\\/\\\/somos-hermanos.mx\\\/index.php\\\/2025\\\/09\\\/09\\\/actitudes-necesarias-hacia-el-logro\\\/\",\"url\":\"https:\\\/\\\/somos-hermanos.mx\\\/index.php\\\/2025\\\/09\\\/09\\\/actitudes-necesarias-hacia-el-logro\\\/\",\"name\":\"Actitudes necesarias hacia el logro - Historias que inspiran...\",\"isPartOf\":{\"@id\":\"https:\\\/\\\/somos-hermanos.mx\\\/#website\"},\"primaryImageOfPage\":{\"@id\":\"https:\\\/\\\/somos-hermanos.mx\\\/index.php\\\/2025\\\/09\\\/09\\\/actitudes-necesarias-hacia-el-logro\\\/#primaryimage\"},\"image\":{\"@id\":\"https:\\\/\\\/somos-hermanos.mx\\\/index.php\\\/2025\\\/09\\\/09\\\/actitudes-necesarias-hacia-el-logro\\\/#primaryimage\"},\"thumbnailUrl\":\"https:\\\/\\\/somos-hermanos.mx\\\/wp-content\\\/uploads\\\/2025\\\/09\\\/37521.jpg\",\"datePublished\":\"2025-09-09T09:32:25+00:00\",\"breadcrumb\":{\"@id\":\"https:\\\/\\\/somos-hermanos.mx\\\/index.php\\\/2025\\\/09\\\/09\\\/actitudes-necesarias-hacia-el-logro\\\/#breadcrumb\"},\"inLanguage\":\"es\",\"potentialAction\":[{\"@type\":\"ReadAction\",\"target\":[\"https:\\\/\\\/somos-hermanos.mx\\\/index.php\\\/2025\\\/09\\\/09\\\/actitudes-necesarias-hacia-el-logro\\\/\"]}]},{\"@type\":\"ImageObject\",\"inLanguage\":\"es\",\"@id\":\"https:\\\/\\\/somos-hermanos.mx\\\/index.php\\\/2025\\\/09\\\/09\\\/actitudes-necesarias-hacia-el-logro\\\/#primaryimage\",\"url\":\"https:\\\/\\\/somos-hermanos.mx\\\/wp-content\\\/uploads\\\/2025\\\/09\\\/37521.jpg\",\"contentUrl\":\"https:\\\/\\\/somos-hermanos.mx\\\/wp-content\\\/uploads\\\/2025\\\/09\\\/37521.jpg\",\"width\":1000,\"height\":667},{\"@type\":\"BreadcrumbList\",\"@id\":\"https:\\\/\\\/somos-hermanos.mx\\\/index.php\\\/2025\\\/09\\\/09\\\/actitudes-necesarias-hacia-el-logro\\\/#breadcrumb\",\"itemListElement\":[{\"@type\":\"ListItem\",\"position\":1,\"name\":\"Inicio\",\"item\":\"https:\\\/\\\/somos-hermanos.mx\\\/\"},{\"@type\":\"ListItem\",\"position\":2,\"name\":\"Actitudes necesarias hacia el logro\"}]},{\"@type\":\"WebSite\",\"@id\":\"https:\\\/\\\/somos-hermanos.mx\\\/#website\",\"url\":\"https:\\\/\\\/somos-hermanos.mx\\\/\",\"name\":\"Historias que inspiran...\",\"description\":\"Somos la voz del altruismo en M\u00e9xico\",\"publisher\":{\"@id\":\"https:\\\/\\\/somos-hermanos.mx\\\/#organization\"},\"potentialAction\":[{\"@type\":\"SearchAction\",\"target\":{\"@type\":\"EntryPoint\",\"urlTemplate\":\"https:\\\/\\\/somos-hermanos.mx\\\/?s={search_term_string}\"},\"query-input\":{\"@type\":\"PropertyValueSpecification\",\"valueRequired\":true,\"valueName\":\"search_term_string\"}}],\"inLanguage\":\"es\"},{\"@type\":\"Organization\",\"@id\":\"https:\\\/\\\/somos-hermanos.mx\\\/#organization\",\"name\":\"Somos Hermanos\",\"url\":\"https:\\\/\\\/somos-hermanos.mx\\\/\",\"logo\":{\"@type\":\"ImageObject\",\"inLanguage\":\"es\",\"@id\":\"https:\\\/\\\/somos-hermanos.mx\\\/#\\\/schema\\\/logo\\\/image\\\/\",\"url\":\"https:\\\/\\\/somos-hermanos.mx\\\/wp-content\\\/uploads\\\/2025\\\/08\\\/SH30-1.jpeg\",\"contentUrl\":\"https:\\\/\\\/somos-hermanos.mx\\\/wp-content\\\/uploads\\\/2025\\\/08\\\/SH30-1.jpeg\",\"width\":1600,\"height\":1142,\"caption\":\"Somos Hermanos\"},\"image\":{\"@id\":\"https:\\\/\\\/somos-hermanos.mx\\\/#\\\/schema\\\/logo\\\/image\\\/\"},\"sameAs\":[\"https:\\\/\\\/www.facebook.com\\\/SomosHermanosIAP\\\/\",\"https:\\\/\\\/x.com\\\/Somos__Hermanos\",\"https:\\\/\\\/www.instagram.com\\\/somos__hermanos\\\/#\",\"https:\\\/\\\/www.tiktok.com\\\/@somoshermanosiap\",\"https:\\\/\\\/www.youtube.com\\\/@somoshermanosiap1201\\\/videos\"]},{\"@type\":\"Person\",\"@id\":\"https:\\\/\\\/somos-hermanos.mx\\\/#\\\/schema\\\/person\\\/44f957c5358a517057be2865328aafa1\",\"name\":\"Gabriel Mart\u00ednez Navarrete\",\"image\":{\"@type\":\"ImageObject\",\"inLanguage\":\"es\",\"@id\":\"https:\\\/\\\/secure.gravatar.com\\\/avatar\\\/1566a69e29b83b6a8cea93c853aac1e42bcc49d57e43801948d25b3bd2c4404c?s=96&d=mm&r=g\",\"url\":\"https:\\\/\\\/secure.gravatar.com\\\/avatar\\\/1566a69e29b83b6a8cea93c853aac1e42bcc49d57e43801948d25b3bd2c4404c?s=96&d=mm&r=g\",\"contentUrl\":\"https:\\\/\\\/secure.gravatar.com\\\/avatar\\\/1566a69e29b83b6a8cea93c853aac1e42bcc49d57e43801948d25b3bd2c4404c?s=96&d=mm&r=g\",\"caption\":\"Gabriel Mart\u00ednez Navarrete\"},\"url\":\"https:\\\/\\\/somos-hermanos.mx\\\/index.php\\\/author\\\/gabriel-garcia-navarrete\\\/\"}]}<\/script>\n<!-- \/ Yoast SEO plugin. -->","yoast_head_json":{"title":"Actitudes necesarias hacia el logro - Historias que inspiran...","robots":{"index":"index","follow":"follow","max-snippet":"max-snippet:-1","max-image-preview":"max-image-preview:large","max-video-preview":"max-video-preview:-1"},"canonical":"https:\/\/somos-hermanos.mx\/index.php\/2025\/09\/09\/actitudes-necesarias-hacia-el-logro\/","og_locale":"es_MX","og_type":"article","og_title":"Actitudes necesarias hacia el logro - Historias que inspiran...","og_description":"Actitud del caos. Si no planifico, planifico el fracaso. Evitar el \u201cah\u00ed se va\u201d. Actitud prointeligente (o de la causa &#8211; efecto). Es imprescindible que cada efecto implique una causa proporcionada, concreta y espec\u00edfica. Mis pensamientos son la causa y mis acciones los efectos. Lo que hago, eso recoger\u00e9. Actitud de afirmaci\u00f3n. Lo que yo [&hellip;]","og_url":"https:\/\/somos-hermanos.mx\/index.php\/2025\/09\/09\/actitudes-necesarias-hacia-el-logro\/","og_site_name":"Historias que inspiran...","article_publisher":"https:\/\/www.facebook.com\/SomosHermanosIAP\/","article_published_time":"2025-09-09T09:32:25+00:00","og_image":[{"width":1000,"height":667,"url":"https:\/\/somos-hermanos.mx\/wp-content\/uploads\/2025\/09\/37521.jpg","type":"image\/jpeg"}],"author":"Gabriel Mart\u00ednez Navarrete","twitter_card":"summary_large_image","twitter_creator":"@Somos__Hermanos","twitter_site":"@Somos__Hermanos","twitter_misc":{"Escrito por":"Gabriel Mart\u00ednez Navarrete","Tiempo de lectura":"3 minutos"},"schema":{"@context":"https:\/\/schema.org","@graph":[{"@type":"Article","@id":"https:\/\/somos-hermanos.mx\/index.php\/2025\/09\/09\/actitudes-necesarias-hacia-el-logro\/#article","isPartOf":{"@id":"https:\/\/somos-hermanos.mx\/index.php\/2025\/09\/09\/actitudes-necesarias-hacia-el-logro\/"},"author":{"name":"Gabriel Mart\u00ednez Navarrete","@id":"https:\/\/somos-hermanos.mx\/#\/schema\/person\/44f957c5358a517057be2865328aafa1"},"headline":"Actitudes necesarias hacia el logro","datePublished":"2025-09-09T09:32:25+00:00","mainEntityOfPage":{"@id":"https:\/\/somos-hermanos.mx\/index.php\/2025\/09\/09\/actitudes-necesarias-hacia-el-logro\/"},"wordCount":651,"commentCount":4,"publisher":{"@id":"https:\/\/somos-hermanos.mx\/#organization"},"image":{"@id":"https:\/\/somos-hermanos.mx\/index.php\/2025\/09\/09\/actitudes-necesarias-hacia-el-logro\/#primaryimage"},"thumbnailUrl":"https:\/\/somos-hermanos.mx\/wp-content\/uploads\/2025\/09\/37521.jpg","articleSection":["Columnas","Gabriel Mart\u00ednez Navarrete"],"inLanguage":"es","potentialAction":[{"@type":"CommentAction","name":"Comment","target":["https:\/\/somos-hermanos.mx\/index.php\/2025\/09\/09\/actitudes-necesarias-hacia-el-logro\/#respond"]}]},{"@type":"WebPage","@id":"https:\/\/somos-hermanos.mx\/index.php\/2025\/09\/09\/actitudes-necesarias-hacia-el-logro\/","url":"https:\/\/somos-hermanos.mx\/index.php\/2025\/09\/09\/actitudes-necesarias-hacia-el-logro\/","name":"Actitudes necesarias hacia el logro - Historias que inspiran...","isPartOf":{"@id":"https:\/\/somos-hermanos.mx\/#website"},"primaryImageOfPage":{"@id":"https:\/\/somos-hermanos.mx\/index.php\/2025\/09\/09\/actitudes-necesarias-hacia-el-logro\/#primaryimage"},"image":{"@id":"https:\/\/somos-hermanos.mx\/index.php\/2025\/09\/09\/actitudes-necesarias-hacia-el-logro\/#primaryimage"},"thumbnailUrl":"https:\/\/somos-hermanos.mx\/wp-content\/uploads\/2025\/09\/37521.jpg","datePublished":"2025-09-09T09:32:25+00:00","breadcrumb":{"@id":"https:\/\/somos-hermanos.mx\/index.php\/2025\/09\/09\/actitudes-necesarias-hacia-el-logro\/#breadcrumb"},"inLanguage":"es","potentialAction":[{"@type":"ReadAction","target":["https:\/\/somos-hermanos.mx\/index.php\/2025\/09\/09\/actitudes-necesarias-hacia-el-logro\/"]}]},{"@type":"ImageObject","inLanguage":"es","@id":"https:\/\/somos-hermanos.mx\/index.php\/2025\/09\/09\/actitudes-necesarias-hacia-el-logro\/#primaryimage","url":"https:\/\/somos-hermanos.mx\/wp-content\/uploads\/2025\/09\/37521.jpg","contentUrl":"https:\/\/somos-hermanos.mx\/wp-content\/uploads\/2025\/09\/37521.jpg","width":1000,"height":667},{"@type":"BreadcrumbList","@id":"https:\/\/somos-hermanos.mx\/index.php\/2025\/09\/09\/actitudes-necesarias-hacia-el-logro\/#breadcrumb","itemListElement":[{"@type":"ListItem","position":1,"name":"Inicio","item":"https:\/\/somos-hermanos.mx\/"},{"@type":"ListItem","position":2,"name":"Actitudes necesarias hacia el logro"}]},{"@type":"WebSite","@id":"https:\/\/somos-hermanos.mx\/#website","url":"https:\/\/somos-hermanos.mx\/","name":"Historias que inspiran...","description":"Somos la voz del altruismo en M\u00e9xico","publisher":{"@id":"https:\/\/somos-hermanos.mx\/#organization"},"potentialAction":[{"@type":"SearchAction","target":{"@type":"EntryPoint","urlTemplate":"https:\/\/somos-hermanos.mx\/?s={search_term_string}"},"query-input":{"@type":"PropertyValueSpecification","valueRequired":true,"valueName":"search_term_string"}}],"inLanguage":"es"},{"@type":"Organization","@id":"https:\/\/somos-hermanos.mx\/#organization","name":"Somos Hermanos","url":"https:\/\/somos-hermanos.mx\/","logo":{"@type":"ImageObject","inLanguage":"es","@id":"https:\/\/somos-hermanos.mx\/#\/schema\/logo\/image\/","url":"https:\/\/somos-hermanos.mx\/wp-content\/uploads\/2025\/08\/SH30-1.jpeg","contentUrl":"https:\/\/somos-hermanos.mx\/wp-content\/uploads\/2025\/08\/SH30-1.jpeg","width":1600,"height":1142,"caption":"Somos Hermanos"},"image":{"@id":"https:\/\/somos-hermanos.mx\/#\/schema\/logo\/image\/"},"sameAs":["https:\/\/www.facebook.com\/SomosHermanosIAP\/","https:\/\/x.com\/Somos__Hermanos","https:\/\/www.instagram.com\/somos__hermanos\/#","https:\/\/www.tiktok.com\/@somoshermanosiap","https:\/\/www.youtube.com\/@somoshermanosiap1201\/videos"]},{"@type":"Person","@id":"https:\/\/somos-hermanos.mx\/#\/schema\/person\/44f957c5358a517057be2865328aafa1","name":"Gabriel Mart\u00ednez Navarrete","image":{"@type":"ImageObject","inLanguage":"es","@id":"https:\/\/secure.gravatar.com\/avatar\/1566a69e29b83b6a8cea93c853aac1e42bcc49d57e43801948d25b3bd2c4404c?s=96&d=mm&r=g","url":"https:\/\/secure.gravatar.com\/avatar\/1566a69e29b83b6a8cea93c853aac1e42bcc49d57e43801948d25b3bd2c4404c?s=96&d=mm&r=g","contentUrl":"https:\/\/secure.gravatar.com\/avatar\/1566a69e29b83b6a8cea93c853aac1e42bcc49d57e43801948d25b3bd2c4404c?s=96&d=mm&r=g","caption":"Gabriel Mart\u00ednez Navarrete"},"url":"https:\/\/somos-hermanos.mx\/index.php\/author\/gabriel-garcia-navarrete\/"}]}},"_links":{"self":[{"href":"https:\/\/somos-hermanos.mx\/index.php\/wp-json\/wp\/v2\/posts\/1534","targetHints":{"allow":["GET"]}}],"collection":[{"href":"https:\/\/somos-hermanos.mx\/index.php\/wp-json\/wp\/v2\/posts"}],"about":[{"href":"https:\/\/somos-hermanos.mx\/index.php\/wp-json\/wp\/v2\/types\/post"}],"author":[{"embeddable":true,"href":"https:\/\/somos-hermanos.mx\/index.php\/wp-json\/wp\/v2\/users\/7"}],"replies":[{"embeddable":true,"href":"https:\/\/somos-hermanos.mx\/index.php\/wp-json\/wp\/v2\/comments?post=1534"}],"version-history":[{"count":1,"href":"https:\/\/somos-hermanos.mx\/index.php\/wp-json\/wp\/v2\/posts\/1534\/revisions"}],"predecessor-version":[{"id":1535,"href":"https:\/\/somos-hermanos.mx\/index.php\/wp-json\/wp\/v2\/posts\/1534\/revisions\/1535"}],"wp:featuredmedia":[{"embeddable":true,"href":"https:\/\/somos-hermanos.mx\/index.php\/wp-json\/wp\/v2\/media\/1546"}],"wp:attachment":[{"href":"https:\/\/somos-hermanos.mx\/index.php\/wp-json\/wp\/v2\/media?parent=1534"}],"wp:term":[{"taxonomy":"category","embeddable":true,"href":"https:\/\/somos-hermanos.mx\/index.php\/wp-json\/wp\/v2\/categories?post=1534"},{"taxonomy":"post_tag","embeddable":true,"href":"https:\/\/somos-hermanos.mx\/index.php\/wp-json\/wp\/v2\/tags?post=1534"}],"curies":[{"name":"wp","href":"https:\/\/api.w.org\/{rel}","templated":true}]}}