{"id":1381,"date":"2025-08-22T01:22:43","date_gmt":"2025-08-22T07:22:43","guid":{"rendered":"https:\/\/somos-hermanos.mx\/?p=1381"},"modified":"2025-08-22T01:31:38","modified_gmt":"2025-08-22T07:31:38","slug":"aprende-con-reyhan-impulsa-a-comunidades-vulnerables","status":"publish","type":"post","link":"https:\/\/somos-hermanos.mx\/index.php\/2025\/08\/22\/aprende-con-reyhan-impulsa-a-comunidades-vulnerables\/","title":{"rendered":"Aprende con Reyhan, impulsa a comunidades vulnerables"},"content":{"rendered":"<p>La Fundaci\u00f3n Aprende con Reyhan es una Asociaci\u00f3n Civil sin fines de lucro que trabaja en favor de personas, comunidades y regiones en situaci\u00f3n de vulnerabilidad en M\u00e9xico. Su labor est\u00e1 dirigida principalmente a sectores de escasos recursos, pueblos ind\u00edgenas y grupos afectados por factores como la edad, el g\u00e9nero o alguna condici\u00f3n de discapacidad.<\/p>\n<p>Entre sus l\u00edneas de acci\u00f3n se encuentran la atenci\u00f3n a necesidades b\u00e1sicas de subsistencia, como el acceso a la alimentaci\u00f3n, el vestido y la vivienda. Adem\u00e1s, ofrecen orientaci\u00f3n social en temas clave como salud, educaci\u00f3n, empleo y alimentaci\u00f3n, as\u00ed como programas de capacitaci\u00f3n para el trabajo que buscan brindar herramientas para mejorar las condiciones de vida de sus beneficiarios.<\/p>\n<p>Otro de sus ejes de trabajo consiste en fomentar h\u00e1bitos y estilos de vida saludables en el sistema educativo p\u00fablico, abarcando desde el nivel b\u00e1sico hasta el superior. De igual manera, promueven estos h\u00e1bitos dentro del sector laboral, con el objetivo de generar entornos m\u00e1s sanos y prevenir enfermedades relacionadas con la alimentaci\u00f3n y el sedentarismo.<\/p>\n<p>La fundaci\u00f3n tambi\u00e9n apuesta por la colaboraci\u00f3n multisectorial, impulsando alianzas estrat\u00e9gicas con el gobierno, la academia, la industria y otras organizaciones de la sociedad civil. Su meta es convertirse en una instituci\u00f3n l\u00edder en intervenciones educativas enfocadas en la promoci\u00f3n de una vida saludable, contribuyendo a reducir la doble carga de la malnutrici\u00f3n \u2014desnutrici\u00f3n y obesidad\u2014 y facilitando el acceso a una alimentaci\u00f3n adecuada, nutritiva y suficiente.<\/p>\n<p>Si te interesa el bienestar social, la educaci\u00f3n y la salud p\u00fablica, este es el momento de conocer a fondo el trabajo que realiza la Fundaci\u00f3n Aprende con Reyhan. Su compromiso con las causas m\u00e1s urgentes del pa\u00eds merece ser escuchado, compartido y respaldado.<\/p>\n<p>Visita su sitio web y descubre c\u00f3mo puedes involucrarte: <a href=\"https:\/\/aprendeconreyhan.org\/\">https:\/\/aprendeconreyhan.org\/<\/a><\/p>\n<p><a href=\"https:\/\/aprendeconreyhan.org\/\"><img loading=\"lazy\" decoding=\"async\" class=\"aligncenter wp-image-1377 size-large\" src=\"https:\/\/somos-hermanos.mx\/wp-content\/uploads\/2025\/08\/rey1-1024x379.jpg\" alt=\"\" width=\"1024\" height=\"379\" srcset=\"https:\/\/somos-hermanos.mx\/wp-content\/uploads\/2025\/08\/rey1-1024x379.jpg 1024w, https:\/\/somos-hermanos.mx\/wp-content\/uploads\/2025\/08\/rey1-300x111.jpg 300w, https:\/\/somos-hermanos.mx\/wp-content\/uploads\/2025\/08\/rey1-768x284.jpg 768w, https:\/\/somos-hermanos.mx\/wp-content\/uploads\/2025\/08\/rey1-1536x568.jpg 1536w, https:\/\/somos-hermanos.mx\/wp-content\/uploads\/2025\/08\/rey1.jpg 1600w\" sizes=\"auto, (max-width: 1024px) 100vw, 1024px\" \/><\/a><\/p>\n","protected":false},"excerpt":{"rendered":"<p>La Fundaci\u00f3n Aprende con Reyhan es una Asociaci\u00f3n Civil sin fines de lucro que trabaja en favor de personas, comunidades y regiones en situaci\u00f3n de vulnerabilidad en M\u00e9xico. Su labor est\u00e1 dirigida principalmente a sectores de escasos recursos, pueblos ind\u00edgenas y grupos afectados por factores como la edad, el g\u00e9nero o alguna condici\u00f3n de discapacidad. [&hellip;]<\/p>\n","protected":false},"author":16,"featured_media":1376,"comment_status":"open","ping_status":"closed","sticky":false,"template":"","format":"standard","meta":{"footnotes":""},"categories":[6],"tags":[528,568,583,580,571,536,582,573,344,575,574,567,581,572,576,578,570,577,579,171,268,569],"class_list":["post-1381","post","type-post","status-publish","format-standard","has-post-thumbnail","hentry","category-noticias","tag-alianzas-estrategicas","tag-asociacion-civil","tag-bienestar-social","tag-colaboracion-multisectorial","tag-condicion-de-discapacidad","tag-condiciones-de-vida","tag-desnutricion-y-obesidad","tag-ejes-de-trabajo","tag-escasos-recursos","tag-estilos-de-vida","tag-fomentar-habitos","tag-fundacion-aprende-con-reyhan","tag-intervenciones-educativas","tag-necesidades-basicas","tag-nivel-basico","tag-prevenir-enfermedades","tag-pueblos-indigenas","tag-sector-laboral","tag-sedentarismo","tag-sin-fines-de-lucro","tag-sistema-educativo","tag-situacion-de-vulnerabilidad"],"yoast_head":"<!-- This site is optimized with the Yoast SEO plugin v27.4 - https:\/\/yoast.com\/product\/yoast-seo-wordpress\/ -->\n<title>Aprende con Reyhan, impulsa a comunidades vulnerables - Historias que inspiran...<\/title>\n<meta name=\"robots\" content=\"index, follow, max-snippet:-1, max-image-preview:large, max-video-preview:-1\" \/>\n<link rel=\"canonical\" href=\"https:\/\/somos-hermanos.mx\/index.php\/2025\/08\/22\/aprende-con-reyhan-impulsa-a-comunidades-vulnerables\/\" \/>\n<meta property=\"og:locale\" content=\"es_MX\" \/>\n<meta property=\"og:type\" content=\"article\" \/>\n<meta property=\"og:title\" content=\"Aprende con Reyhan, impulsa a comunidades vulnerables - Historias que inspiran...\" \/>\n<meta property=\"og:description\" content=\"La Fundaci\u00f3n Aprende con Reyhan es una Asociaci\u00f3n Civil sin fines de lucro que trabaja en favor de personas, comunidades y regiones en situaci\u00f3n de vulnerabilidad en M\u00e9xico. Su labor est\u00e1 dirigida principalmente a sectores de escasos recursos, pueblos ind\u00edgenas y grupos afectados por factores como la edad, el g\u00e9nero o alguna condici\u00f3n de discapacidad. [&hellip;]\" \/>\n<meta property=\"og:url\" content=\"https:\/\/somos-hermanos.mx\/index.php\/2025\/08\/22\/aprende-con-reyhan-impulsa-a-comunidades-vulnerables\/\" \/>\n<meta property=\"og:site_name\" content=\"Historias que inspiran...\" \/>\n<meta property=\"article:publisher\" content=\"https:\/\/www.facebook.com\/SomosHermanosIAP\/\" \/>\n<meta property=\"article:published_time\" content=\"2025-08-22T07:22:43+00:00\" \/>\n<meta property=\"article:modified_time\" content=\"2025-08-22T07:31:38+00:00\" \/>\n<meta property=\"og:image\" content=\"https:\/\/somos-hermanos.mx\/wp-content\/uploads\/2025\/08\/rey.jpg\" \/>\n\t<meta property=\"og:image:width\" content=\"630\" \/>\n\t<meta property=\"og:image:height\" content=\"630\" \/>\n\t<meta property=\"og:image:type\" content=\"image\/jpeg\" \/>\n<meta name=\"author\" content=\"Jorge Plascencia Gonz\u00e1lez\" \/>\n<meta name=\"twitter:card\" content=\"summary_large_image\" \/>\n<meta name=\"twitter:creator\" content=\"@Somos__Hermanos\" \/>\n<meta name=\"twitter:site\" content=\"@Somos__Hermanos\" \/>\n<meta name=\"twitter:label1\" content=\"Escrito por\" \/>\n\t<meta name=\"twitter:data1\" content=\"Jorge Plascencia Gonz\u00e1lez\" \/>\n\t<meta name=\"twitter:label2\" content=\"Tiempo de lectura\" \/>\n\t<meta name=\"twitter:data2\" content=\"2 minutos\" \/>\n<script type=\"application\/ld+json\" class=\"yoast-schema-graph\">{\"@context\":\"https:\\\/\\\/schema.org\",\"@graph\":[{\"@type\":\"Article\",\"@id\":\"https:\\\/\\\/somos-hermanos.mx\\\/index.php\\\/2025\\\/08\\\/22\\\/aprende-con-reyhan-impulsa-a-comunidades-vulnerables\\\/#article\",\"isPartOf\":{\"@id\":\"https:\\\/\\\/somos-hermanos.mx\\\/index.php\\\/2025\\\/08\\\/22\\\/aprende-con-reyhan-impulsa-a-comunidades-vulnerables\\\/\"},\"author\":{\"name\":\"Jorge Plascencia Gonz\u00e1lez\",\"@id\":\"https:\\\/\\\/somos-hermanos.mx\\\/#\\\/schema\\\/person\\\/310a45203a309f04e24f754c2ffd78b2\"},\"headline\":\"Aprende con Reyhan, impulsa a comunidades vulnerables\",\"datePublished\":\"2025-08-22T07:22:43+00:00\",\"dateModified\":\"2025-08-22T07:31:38+00:00\",\"mainEntityOfPage\":{\"@id\":\"https:\\\/\\\/somos-hermanos.mx\\\/index.php\\\/2025\\\/08\\\/22\\\/aprende-con-reyhan-impulsa-a-comunidades-vulnerables\\\/\"},\"wordCount\":339,\"commentCount\":0,\"publisher\":{\"@id\":\"https:\\\/\\\/somos-hermanos.mx\\\/#organization\"},\"image\":{\"@id\":\"https:\\\/\\\/somos-hermanos.mx\\\/index.php\\\/2025\\\/08\\\/22\\\/aprende-con-reyhan-impulsa-a-comunidades-vulnerables\\\/#primaryimage\"},\"thumbnailUrl\":\"https:\\\/\\\/somos-hermanos.mx\\\/wp-content\\\/uploads\\\/2025\\\/08\\\/rey.jpg\",\"keywords\":[\"alianzas estrat\u00e9gicas\",\"Asociaci\u00f3n Civil\",\"bienestar social\",\"colaboraci\u00f3n multisectorial\",\"condici\u00f3n de discapacidad\",\"condiciones de vida\",\"desnutrici\u00f3n y obesidad\",\"ejes de trabajo\",\"escasos recursos\",\"estilos de vida\",\"fomentar h\u00e1bitos\",\"Fundaci\u00f3n Aprende con Reyhan\",\"intervenciones educativas\",\"necesidades b\u00e1sicas\",\"nivel b\u00e1sico\",\"prevenir enfermedades\",\"pueblos ind\u00edgenas\",\"sector laboral\",\"sedentarismo\",\"sin fines de lucro\",\"sistema educativo\",\"situaci\u00f3n de vulnerabilidad\"],\"articleSection\":[\"Noticias\"],\"inLanguage\":\"es\",\"potentialAction\":[{\"@type\":\"CommentAction\",\"name\":\"Comment\",\"target\":[\"https:\\\/\\\/somos-hermanos.mx\\\/index.php\\\/2025\\\/08\\\/22\\\/aprende-con-reyhan-impulsa-a-comunidades-vulnerables\\\/#respond\"]}]},{\"@type\":\"WebPage\",\"@id\":\"https:\\\/\\\/somos-hermanos.mx\\\/index.php\\\/2025\\\/08\\\/22\\\/aprende-con-reyhan-impulsa-a-comunidades-vulnerables\\\/\",\"url\":\"https:\\\/\\\/somos-hermanos.mx\\\/index.php\\\/2025\\\/08\\\/22\\\/aprende-con-reyhan-impulsa-a-comunidades-vulnerables\\\/\",\"name\":\"Aprende con Reyhan, impulsa a comunidades vulnerables - Historias que inspiran...\",\"isPartOf\":{\"@id\":\"https:\\\/\\\/somos-hermanos.mx\\\/#website\"},\"primaryImageOfPage\":{\"@id\":\"https:\\\/\\\/somos-hermanos.mx\\\/index.php\\\/2025\\\/08\\\/22\\\/aprende-con-reyhan-impulsa-a-comunidades-vulnerables\\\/#primaryimage\"},\"image\":{\"@id\":\"https:\\\/\\\/somos-hermanos.mx\\\/index.php\\\/2025\\\/08\\\/22\\\/aprende-con-reyhan-impulsa-a-comunidades-vulnerables\\\/#primaryimage\"},\"thumbnailUrl\":\"https:\\\/\\\/somos-hermanos.mx\\\/wp-content\\\/uploads\\\/2025\\\/08\\\/rey.jpg\",\"datePublished\":\"2025-08-22T07:22:43+00:00\",\"dateModified\":\"2025-08-22T07:31:38+00:00\",\"breadcrumb\":{\"@id\":\"https:\\\/\\\/somos-hermanos.mx\\\/index.php\\\/2025\\\/08\\\/22\\\/aprende-con-reyhan-impulsa-a-comunidades-vulnerables\\\/#breadcrumb\"},\"inLanguage\":\"es\",\"potentialAction\":[{\"@type\":\"ReadAction\",\"target\":[\"https:\\\/\\\/somos-hermanos.mx\\\/index.php\\\/2025\\\/08\\\/22\\\/aprende-con-reyhan-impulsa-a-comunidades-vulnerables\\\/\"]}]},{\"@type\":\"ImageObject\",\"inLanguage\":\"es\",\"@id\":\"https:\\\/\\\/somos-hermanos.mx\\\/index.php\\\/2025\\\/08\\\/22\\\/aprende-con-reyhan-impulsa-a-comunidades-vulnerables\\\/#primaryimage\",\"url\":\"https:\\\/\\\/somos-hermanos.mx\\\/wp-content\\\/uploads\\\/2025\\\/08\\\/rey.jpg\",\"contentUrl\":\"https:\\\/\\\/somos-hermanos.mx\\\/wp-content\\\/uploads\\\/2025\\\/08\\\/rey.jpg\",\"width\":630,\"height\":630},{\"@type\":\"BreadcrumbList\",\"@id\":\"https:\\\/\\\/somos-hermanos.mx\\\/index.php\\\/2025\\\/08\\\/22\\\/aprende-con-reyhan-impulsa-a-comunidades-vulnerables\\\/#breadcrumb\",\"itemListElement\":[{\"@type\":\"ListItem\",\"position\":1,\"name\":\"Inicio\",\"item\":\"https:\\\/\\\/somos-hermanos.mx\\\/\"},{\"@type\":\"ListItem\",\"position\":2,\"name\":\"Aprende con Reyhan, impulsa a comunidades vulnerables\"}]},{\"@type\":\"WebSite\",\"@id\":\"https:\\\/\\\/somos-hermanos.mx\\\/#website\",\"url\":\"https:\\\/\\\/somos-hermanos.mx\\\/\",\"name\":\"Historias que inspiran...\",\"description\":\"Somos la voz del altruismo en M\u00e9xico\",\"publisher\":{\"@id\":\"https:\\\/\\\/somos-hermanos.mx\\\/#organization\"},\"potentialAction\":[{\"@type\":\"SearchAction\",\"target\":{\"@type\":\"EntryPoint\",\"urlTemplate\":\"https:\\\/\\\/somos-hermanos.mx\\\/?s={search_term_string}\"},\"query-input\":{\"@type\":\"PropertyValueSpecification\",\"valueRequired\":true,\"valueName\":\"search_term_string\"}}],\"inLanguage\":\"es\"},{\"@type\":\"Organization\",\"@id\":\"https:\\\/\\\/somos-hermanos.mx\\\/#organization\",\"name\":\"Somos Hermanos\",\"url\":\"https:\\\/\\\/somos-hermanos.mx\\\/\",\"logo\":{\"@type\":\"ImageObject\",\"inLanguage\":\"es\",\"@id\":\"https:\\\/\\\/somos-hermanos.mx\\\/#\\\/schema\\\/logo\\\/image\\\/\",\"url\":\"https:\\\/\\\/somos-hermanos.mx\\\/wp-content\\\/uploads\\\/2025\\\/08\\\/SH30-1.jpeg\",\"contentUrl\":\"https:\\\/\\\/somos-hermanos.mx\\\/wp-content\\\/uploads\\\/2025\\\/08\\\/SH30-1.jpeg\",\"width\":1600,\"height\":1142,\"caption\":\"Somos Hermanos\"},\"image\":{\"@id\":\"https:\\\/\\\/somos-hermanos.mx\\\/#\\\/schema\\\/logo\\\/image\\\/\"},\"sameAs\":[\"https:\\\/\\\/www.facebook.com\\\/SomosHermanosIAP\\\/\",\"https:\\\/\\\/x.com\\\/Somos__Hermanos\",\"https:\\\/\\\/www.instagram.com\\\/somos__hermanos\\\/#\",\"https:\\\/\\\/www.tiktok.com\\\/@somoshermanosiap\",\"https:\\\/\\\/www.youtube.com\\\/@somoshermanosiap1201\\\/videos\"]},{\"@type\":\"Person\",\"@id\":\"https:\\\/\\\/somos-hermanos.mx\\\/#\\\/schema\\\/person\\\/310a45203a309f04e24f754c2ffd78b2\",\"name\":\"Jorge Plascencia Gonz\u00e1lez\",\"image\":{\"@type\":\"ImageObject\",\"inLanguage\":\"es\",\"@id\":\"https:\\\/\\\/secure.gravatar.com\\\/avatar\\\/64861ec16c81c93b8ca0cb6e8211fcb69e209928bb5e8c177618e37513c17ed7?s=96&d=mm&r=g\",\"url\":\"https:\\\/\\\/secure.gravatar.com\\\/avatar\\\/64861ec16c81c93b8ca0cb6e8211fcb69e209928bb5e8c177618e37513c17ed7?s=96&d=mm&r=g\",\"contentUrl\":\"https:\\\/\\\/secure.gravatar.com\\\/avatar\\\/64861ec16c81c93b8ca0cb6e8211fcb69e209928bb5e8c177618e37513c17ed7?s=96&d=mm&r=g\",\"caption\":\"Jorge Plascencia Gonz\u00e1lez\"},\"url\":\"https:\\\/\\\/somos-hermanos.mx\\\/index.php\\\/author\\\/jorge-plascencia-gonzalez\\\/\"}]}<\/script>\n<!-- \/ Yoast SEO plugin. -->","yoast_head_json":{"title":"Aprende con Reyhan, impulsa a comunidades vulnerables - Historias que inspiran...","robots":{"index":"index","follow":"follow","max-snippet":"max-snippet:-1","max-image-preview":"max-image-preview:large","max-video-preview":"max-video-preview:-1"},"canonical":"https:\/\/somos-hermanos.mx\/index.php\/2025\/08\/22\/aprende-con-reyhan-impulsa-a-comunidades-vulnerables\/","og_locale":"es_MX","og_type":"article","og_title":"Aprende con Reyhan, impulsa a comunidades vulnerables - Historias que inspiran...","og_description":"La Fundaci\u00f3n Aprende con Reyhan es una Asociaci\u00f3n Civil sin fines de lucro que trabaja en favor de personas, comunidades y regiones en situaci\u00f3n de vulnerabilidad en M\u00e9xico. Su labor est\u00e1 dirigida principalmente a sectores de escasos recursos, pueblos ind\u00edgenas y grupos afectados por factores como la edad, el g\u00e9nero o alguna condici\u00f3n de discapacidad. [&hellip;]","og_url":"https:\/\/somos-hermanos.mx\/index.php\/2025\/08\/22\/aprende-con-reyhan-impulsa-a-comunidades-vulnerables\/","og_site_name":"Historias que inspiran...","article_publisher":"https:\/\/www.facebook.com\/SomosHermanosIAP\/","article_published_time":"2025-08-22T07:22:43+00:00","article_modified_time":"2025-08-22T07:31:38+00:00","og_image":[{"width":630,"height":630,"url":"https:\/\/somos-hermanos.mx\/wp-content\/uploads\/2025\/08\/rey.jpg","type":"image\/jpeg"}],"author":"Jorge Plascencia Gonz\u00e1lez","twitter_card":"summary_large_image","twitter_creator":"@Somos__Hermanos","twitter_site":"@Somos__Hermanos","twitter_misc":{"Escrito por":"Jorge Plascencia Gonz\u00e1lez","Tiempo de lectura":"2 minutos"},"schema":{"@context":"https:\/\/schema.org","@graph":[{"@type":"Article","@id":"https:\/\/somos-hermanos.mx\/index.php\/2025\/08\/22\/aprende-con-reyhan-impulsa-a-comunidades-vulnerables\/#article","isPartOf":{"@id":"https:\/\/somos-hermanos.mx\/index.php\/2025\/08\/22\/aprende-con-reyhan-impulsa-a-comunidades-vulnerables\/"},"author":{"name":"Jorge Plascencia Gonz\u00e1lez","@id":"https:\/\/somos-hermanos.mx\/#\/schema\/person\/310a45203a309f04e24f754c2ffd78b2"},"headline":"Aprende con Reyhan, impulsa a comunidades vulnerables","datePublished":"2025-08-22T07:22:43+00:00","dateModified":"2025-08-22T07:31:38+00:00","mainEntityOfPage":{"@id":"https:\/\/somos-hermanos.mx\/index.php\/2025\/08\/22\/aprende-con-reyhan-impulsa-a-comunidades-vulnerables\/"},"wordCount":339,"commentCount":0,"publisher":{"@id":"https:\/\/somos-hermanos.mx\/#organization"},"image":{"@id":"https:\/\/somos-hermanos.mx\/index.php\/2025\/08\/22\/aprende-con-reyhan-impulsa-a-comunidades-vulnerables\/#primaryimage"},"thumbnailUrl":"https:\/\/somos-hermanos.mx\/wp-content\/uploads\/2025\/08\/rey.jpg","keywords":["alianzas estrat\u00e9gicas","Asociaci\u00f3n Civil","bienestar social","colaboraci\u00f3n multisectorial","condici\u00f3n de discapacidad","condiciones de vida","desnutrici\u00f3n y obesidad","ejes de trabajo","escasos recursos","estilos de vida","fomentar h\u00e1bitos","Fundaci\u00f3n Aprende con Reyhan","intervenciones educativas","necesidades b\u00e1sicas","nivel b\u00e1sico","prevenir enfermedades","pueblos ind\u00edgenas","sector laboral","sedentarismo","sin fines de lucro","sistema educativo","situaci\u00f3n de vulnerabilidad"],"articleSection":["Noticias"],"inLanguage":"es","potentialAction":[{"@type":"CommentAction","name":"Comment","target":["https:\/\/somos-hermanos.mx\/index.php\/2025\/08\/22\/aprende-con-reyhan-impulsa-a-comunidades-vulnerables\/#respond"]}]},{"@type":"WebPage","@id":"https:\/\/somos-hermanos.mx\/index.php\/2025\/08\/22\/aprende-con-reyhan-impulsa-a-comunidades-vulnerables\/","url":"https:\/\/somos-hermanos.mx\/index.php\/2025\/08\/22\/aprende-con-reyhan-impulsa-a-comunidades-vulnerables\/","name":"Aprende con Reyhan, impulsa a comunidades vulnerables - Historias que inspiran...","isPartOf":{"@id":"https:\/\/somos-hermanos.mx\/#website"},"primaryImageOfPage":{"@id":"https:\/\/somos-hermanos.mx\/index.php\/2025\/08\/22\/aprende-con-reyhan-impulsa-a-comunidades-vulnerables\/#primaryimage"},"image":{"@id":"https:\/\/somos-hermanos.mx\/index.php\/2025\/08\/22\/aprende-con-reyhan-impulsa-a-comunidades-vulnerables\/#primaryimage"},"thumbnailUrl":"https:\/\/somos-hermanos.mx\/wp-content\/uploads\/2025\/08\/rey.jpg","datePublished":"2025-08-22T07:22:43+00:00","dateModified":"2025-08-22T07:31:38+00:00","breadcrumb":{"@id":"https:\/\/somos-hermanos.mx\/index.php\/2025\/08\/22\/aprende-con-reyhan-impulsa-a-comunidades-vulnerables\/#breadcrumb"},"inLanguage":"es","potentialAction":[{"@type":"ReadAction","target":["https:\/\/somos-hermanos.mx\/index.php\/2025\/08\/22\/aprende-con-reyhan-impulsa-a-comunidades-vulnerables\/"]}]},{"@type":"ImageObject","inLanguage":"es","@id":"https:\/\/somos-hermanos.mx\/index.php\/2025\/08\/22\/aprende-con-reyhan-impulsa-a-comunidades-vulnerables\/#primaryimage","url":"https:\/\/somos-hermanos.mx\/wp-content\/uploads\/2025\/08\/rey.jpg","contentUrl":"https:\/\/somos-hermanos.mx\/wp-content\/uploads\/2025\/08\/rey.jpg","width":630,"height":630},{"@type":"BreadcrumbList","@id":"https:\/\/somos-hermanos.mx\/index.php\/2025\/08\/22\/aprende-con-reyhan-impulsa-a-comunidades-vulnerables\/#breadcrumb","itemListElement":[{"@type":"ListItem","position":1,"name":"Inicio","item":"https:\/\/somos-hermanos.mx\/"},{"@type":"ListItem","position":2,"name":"Aprende con Reyhan, impulsa a comunidades vulnerables"}]},{"@type":"WebSite","@id":"https:\/\/somos-hermanos.mx\/#website","url":"https:\/\/somos-hermanos.mx\/","name":"Historias que inspiran...","description":"Somos la voz del altruismo en M\u00e9xico","publisher":{"@id":"https:\/\/somos-hermanos.mx\/#organization"},"potentialAction":[{"@type":"SearchAction","target":{"@type":"EntryPoint","urlTemplate":"https:\/\/somos-hermanos.mx\/?s={search_term_string}"},"query-input":{"@type":"PropertyValueSpecification","valueRequired":true,"valueName":"search_term_string"}}],"inLanguage":"es"},{"@type":"Organization","@id":"https:\/\/somos-hermanos.mx\/#organization","name":"Somos Hermanos","url":"https:\/\/somos-hermanos.mx\/","logo":{"@type":"ImageObject","inLanguage":"es","@id":"https:\/\/somos-hermanos.mx\/#\/schema\/logo\/image\/","url":"https:\/\/somos-hermanos.mx\/wp-content\/uploads\/2025\/08\/SH30-1.jpeg","contentUrl":"https:\/\/somos-hermanos.mx\/wp-content\/uploads\/2025\/08\/SH30-1.jpeg","width":1600,"height":1142,"caption":"Somos Hermanos"},"image":{"@id":"https:\/\/somos-hermanos.mx\/#\/schema\/logo\/image\/"},"sameAs":["https:\/\/www.facebook.com\/SomosHermanosIAP\/","https:\/\/x.com\/Somos__Hermanos","https:\/\/www.instagram.com\/somos__hermanos\/#","https:\/\/www.tiktok.com\/@somoshermanosiap","https:\/\/www.youtube.com\/@somoshermanosiap1201\/videos"]},{"@type":"Person","@id":"https:\/\/somos-hermanos.mx\/#\/schema\/person\/310a45203a309f04e24f754c2ffd78b2","name":"Jorge Plascencia Gonz\u00e1lez","image":{"@type":"ImageObject","inLanguage":"es","@id":"https:\/\/secure.gravatar.com\/avatar\/64861ec16c81c93b8ca0cb6e8211fcb69e209928bb5e8c177618e37513c17ed7?s=96&d=mm&r=g","url":"https:\/\/secure.gravatar.com\/avatar\/64861ec16c81c93b8ca0cb6e8211fcb69e209928bb5e8c177618e37513c17ed7?s=96&d=mm&r=g","contentUrl":"https:\/\/secure.gravatar.com\/avatar\/64861ec16c81c93b8ca0cb6e8211fcb69e209928bb5e8c177618e37513c17ed7?s=96&d=mm&r=g","caption":"Jorge Plascencia Gonz\u00e1lez"},"url":"https:\/\/somos-hermanos.mx\/index.php\/author\/jorge-plascencia-gonzalez\/"}]}},"_links":{"self":[{"href":"https:\/\/somos-hermanos.mx\/index.php\/wp-json\/wp\/v2\/posts\/1381","targetHints":{"allow":["GET"]}}],"collection":[{"href":"https:\/\/somos-hermanos.mx\/index.php\/wp-json\/wp\/v2\/posts"}],"about":[{"href":"https:\/\/somos-hermanos.mx\/index.php\/wp-json\/wp\/v2\/types\/post"}],"author":[{"embeddable":true,"href":"https:\/\/somos-hermanos.mx\/index.php\/wp-json\/wp\/v2\/users\/16"}],"replies":[{"embeddable":true,"href":"https:\/\/somos-hermanos.mx\/index.php\/wp-json\/wp\/v2\/comments?post=1381"}],"version-history":[{"count":2,"href":"https:\/\/somos-hermanos.mx\/index.php\/wp-json\/wp\/v2\/posts\/1381\/revisions"}],"predecessor-version":[{"id":1384,"href":"https:\/\/somos-hermanos.mx\/index.php\/wp-json\/wp\/v2\/posts\/1381\/revisions\/1384"}],"wp:featuredmedia":[{"embeddable":true,"href":"https:\/\/somos-hermanos.mx\/index.php\/wp-json\/wp\/v2\/media\/1376"}],"wp:attachment":[{"href":"https:\/\/somos-hermanos.mx\/index.php\/wp-json\/wp\/v2\/media?parent=1381"}],"wp:term":[{"taxonomy":"category","embeddable":true,"href":"https:\/\/somos-hermanos.mx\/index.php\/wp-json\/wp\/v2\/categories?post=1381"},{"taxonomy":"post_tag","embeddable":true,"href":"https:\/\/somos-hermanos.mx\/index.php\/wp-json\/wp\/v2\/tags?post=1381"}],"curies":[{"name":"wp","href":"https:\/\/api.w.org\/{rel}","templated":true}]}}