{"id":1357,"date":"2025-08-20T02:46:44","date_gmt":"2025-08-20T08:46:44","guid":{"rendered":"https:\/\/somos-hermanos.mx\/?p=1357"},"modified":"2025-08-20T02:46:44","modified_gmt":"2025-08-20T08:46:44","slug":"fundacion-que-transforma-sembramos-juntos-florecemos-juntos","status":"publish","type":"post","link":"https:\/\/somos-hermanos.mx\/index.php\/2025\/08\/20\/fundacion-que-transforma-sembramos-juntos-florecemos-juntos\/","title":{"rendered":"Fundaci\u00f3n Que Transforma: sembramos juntos, florecemos juntos"},"content":{"rendered":"<p>En una frontera <strong>marcada por el tr\u00e1nsito, el abandono y la urgencia de reconectar, Fundaci\u00f3n que Transforma cultiva comunidad<\/strong> mediante educaci\u00f3n ambiental enlazada con acci\u00f3n colectiva. Pero \u00bfC\u00f3mo logra convertir residuos en ra\u00edces, conciencia en transformaci\u00f3n?<\/p>\n<p>Desde 2008, bajo la visi\u00f3n de su fundadora Daniela Sep\u00falveda, su prop\u00f3sito ha sido claro: <strong>regenerar el v\u00ednculo entre las personas y su entorno urbano, en la ciudad de Tijuana, Baja California. <\/strong>Su filosof\u00eda es que todos somos parte del ecosistema; cada gesto, por m\u00ednimo que parezca, puede detonar cambio.<\/p>\n<p>Emplea el arte como herramienta, la participaci\u00f3n comunitaria como motor; adem\u00e1s, la educaci\u00f3n se convierte en ra\u00edz. Entre sus iniciativas m\u00e1s emblem\u00e1ticas destacan: <strong><em>Echando ra\u00edces,<\/em><\/strong><em> con <\/em>5,750 \u00e1rboles sembrados, campa\u00f1a de reforestaci\u00f3n, que invita a reconectar con la tierra, escuelas junto con vecindarios se unen para sembrar \u00e1rboles y recuperar espacios p\u00fablicos.<\/p>\n<p>Por otro lado, <strong><em>Tu empresa se transforma:<\/em><\/strong> impulsa al sector privado hacia la responsabilidad ecol\u00f3gica, involucrando tanto a colaboradores como a sus familias en actividades verdes.<\/p>\n<p>Adem\u00e1s, han realizado 500 talleres de reciclaje creativo que han alcanzado a m\u00e1s de 59,385 personas. Otro programa destacable es <strong><em>Proyecto Semilla<\/em>: <\/strong>Que promueve el cultivo de conciencia ambiental desde la infancia.<\/p>\n<p>Detr\u00e1s de cada \u00e1rbol hay manos, ideas, sue\u00f1os. El equipo est\u00e1 conformado por educadores, artistas, ambientalistas junto con voluntarios que comparten una visi\u00f3n: la transformaci\u00f3n social comienza en lo cotidiano, en lo local, en lo humano.<\/p>\n<p><strong>\u00bfC\u00f3mo puedo ayudar?<\/strong><\/p>\n<p>La Fundaci\u00f3n opera gracias a donativos individuales adem\u00e1s de empresariales. Puedes ayudar donando paquetes de semillas o aportaciones de 150 pesos que servir\u00e1n para la compra de hortalizas.<\/p>\n<p>Tambi\u00e9n, puedes inscribirte como voluntario, aportar en la beca de un tallerista que realiza su servicio profesional.<\/p>\n<p><em>Si te gustar\u00eda ayudar o ver m\u00e1s de su labor puedes consultarlo en su p\u00e1gina oficial: <\/em><a href=\"https:\/\/fqt.org.mx\/\"><em>https:\/\/fqt.org.mx\/<\/em><\/a><\/p>\n<p><a href=\"https:\/\/fqt.org.mx\/\"><img loading=\"lazy\" decoding=\"async\" class=\"aligncenter wp-image-1349 size-full\" src=\"https:\/\/somos-hermanos.mx\/wp-content\/uploads\/2025\/08\/C2.jpg\" alt=\"\" width=\"940\" height=\"788\" srcset=\"https:\/\/somos-hermanos.mx\/wp-content\/uploads\/2025\/08\/C2.jpg 940w, https:\/\/somos-hermanos.mx\/wp-content\/uploads\/2025\/08\/C2-300x251.jpg 300w, https:\/\/somos-hermanos.mx\/wp-content\/uploads\/2025\/08\/C2-768x644.jpg 768w\" sizes=\"auto, (max-width: 940px) 100vw, 940px\" \/><\/a><\/p>\n","protected":false},"excerpt":{"rendered":"<p>En una frontera marcada por el tr\u00e1nsito, el abandono y la urgencia de reconectar, Fundaci\u00f3n que Transforma cultiva comunidad mediante educaci\u00f3n ambiental enlazada con acci\u00f3n colectiva. Pero \u00bfC\u00f3mo logra convertir residuos en ra\u00edces, conciencia en transformaci\u00f3n? Desde 2008, bajo la visi\u00f3n de su fundadora Daniela Sep\u00falveda, su prop\u00f3sito ha sido claro: regenerar el v\u00ednculo entre [&hellip;]<\/p>\n","protected":false},"author":22,"featured_media":1351,"comment_status":"open","ping_status":"closed","sticky":false,"template":"","format":"standard","meta":{"footnotes":""},"categories":[6],"tags":[492,505,496,500,510,81,490,493,509,499,491,503,494,502,489,498,508,497,507,504,501,511,506,495,244],"class_list":["post-1357","post","type-post","status-publish","format-standard","has-post-thumbnail","hentry","category-noticias","tag-accion-colectiva","tag-actividades-verdes","tag-baja-california","tag-campana-de-reforestacion","tag-compra-de-hortalizas","tag-conciencia-ambiental","tag-cultiva-comunidad","tag-daniela-sepulveda","tag-donativos-individuales","tag-echando-raices","tag-educacion-ambiental","tag-empresa-se-transforma","tag-entorno-urbano","tag-espacios-publicos","tag-fundacion-que-transforma","tag-participacion-comunitaria","tag-proyecto-semilla","tag-puede-detonar","tag-reciclaje-creativo","tag-responsabilidad-ecologica","tag-sembrar-arboles","tag-servicio-profesional","tag-talleres-de-reciclaje","tag-tijuana","tag-transformacion-social"],"yoast_head":"<!-- This site is optimized with the Yoast SEO plugin v27.5 - https:\/\/yoast.com\/product\/yoast-seo-wordpress\/ -->\n<title>Fundaci\u00f3n Que Transforma: sembramos juntos, florecemos juntos - Historias que inspiran...<\/title>\n<meta name=\"robots\" content=\"index, follow, max-snippet:-1, max-image-preview:large, max-video-preview:-1\" \/>\n<link rel=\"canonical\" href=\"https:\/\/somos-hermanos.mx\/index.php\/2025\/08\/20\/fundacion-que-transforma-sembramos-juntos-florecemos-juntos\/\" \/>\n<meta property=\"og:locale\" content=\"es_MX\" \/>\n<meta property=\"og:type\" content=\"article\" \/>\n<meta property=\"og:title\" content=\"Fundaci\u00f3n Que Transforma: sembramos juntos, florecemos juntos - Historias que inspiran...\" \/>\n<meta property=\"og:description\" content=\"En una frontera marcada por el tr\u00e1nsito, el abandono y la urgencia de reconectar, Fundaci\u00f3n que Transforma cultiva comunidad mediante educaci\u00f3n ambiental enlazada con acci\u00f3n colectiva. Pero \u00bfC\u00f3mo logra convertir residuos en ra\u00edces, conciencia en transformaci\u00f3n? Desde 2008, bajo la visi\u00f3n de su fundadora Daniela Sep\u00falveda, su prop\u00f3sito ha sido claro: regenerar el v\u00ednculo entre [&hellip;]\" \/>\n<meta property=\"og:url\" content=\"https:\/\/somos-hermanos.mx\/index.php\/2025\/08\/20\/fundacion-que-transforma-sembramos-juntos-florecemos-juntos\/\" \/>\n<meta property=\"og:site_name\" content=\"Historias que inspiran...\" \/>\n<meta property=\"article:publisher\" content=\"https:\/\/www.facebook.com\/SomosHermanosIAP\/\" \/>\n<meta property=\"article:published_time\" content=\"2025-08-20T08:46:44+00:00\" \/>\n<meta property=\"og:image\" content=\"https:\/\/somos-hermanos.mx\/wp-content\/uploads\/2025\/08\/DAC1.jpg\" \/>\n\t<meta property=\"og:image:width\" content=\"940\" \/>\n\t<meta property=\"og:image:height\" content=\"788\" \/>\n\t<meta property=\"og:image:type\" content=\"image\/jpeg\" \/>\n<meta name=\"author\" content=\"Yuliana Ortega Garc\u00eda\" \/>\n<meta name=\"twitter:card\" content=\"summary_large_image\" \/>\n<meta name=\"twitter:creator\" content=\"@Somos__Hermanos\" \/>\n<meta name=\"twitter:site\" content=\"@Somos__Hermanos\" \/>\n<meta name=\"twitter:label1\" content=\"Escrito por\" \/>\n\t<meta name=\"twitter:data1\" content=\"Yuliana Ortega Garc\u00eda\" \/>\n\t<meta name=\"twitter:label2\" content=\"Tiempo de lectura\" \/>\n\t<meta name=\"twitter:data2\" content=\"2 minutos\" \/>\n<script type=\"application\/ld+json\" class=\"yoast-schema-graph\">{\"@context\":\"https:\\\/\\\/schema.org\",\"@graph\":[{\"@type\":\"Article\",\"@id\":\"https:\\\/\\\/somos-hermanos.mx\\\/index.php\\\/2025\\\/08\\\/20\\\/fundacion-que-transforma-sembramos-juntos-florecemos-juntos\\\/#article\",\"isPartOf\":{\"@id\":\"https:\\\/\\\/somos-hermanos.mx\\\/index.php\\\/2025\\\/08\\\/20\\\/fundacion-que-transforma-sembramos-juntos-florecemos-juntos\\\/\"},\"author\":{\"name\":\"Yuliana Ortega Garc\u00eda\",\"@id\":\"https:\\\/\\\/somos-hermanos.mx\\\/#\\\/schema\\\/person\\\/9f4a63ddc1040c51037b55494fcea738\"},\"headline\":\"Fundaci\u00f3n Que Transforma: sembramos juntos, florecemos juntos\",\"datePublished\":\"2025-08-20T08:46:44+00:00\",\"mainEntityOfPage\":{\"@id\":\"https:\\\/\\\/somos-hermanos.mx\\\/index.php\\\/2025\\\/08\\\/20\\\/fundacion-que-transforma-sembramos-juntos-florecemos-juntos\\\/\"},\"wordCount\":341,\"commentCount\":0,\"publisher\":{\"@id\":\"https:\\\/\\\/somos-hermanos.mx\\\/#organization\"},\"image\":{\"@id\":\"https:\\\/\\\/somos-hermanos.mx\\\/index.php\\\/2025\\\/08\\\/20\\\/fundacion-que-transforma-sembramos-juntos-florecemos-juntos\\\/#primaryimage\"},\"thumbnailUrl\":\"https:\\\/\\\/somos-hermanos.mx\\\/wp-content\\\/uploads\\\/2025\\\/08\\\/DAC1.jpg\",\"keywords\":[\"acci\u00f3n colectiva\",\"actividades verdes\",\"Baja California\",\"campa\u00f1a de reforestaci\u00f3n\",\"compra de hortalizas\",\"conciencia ambiental\",\"cultiva comunidad\",\"Daniela Sep\u00falveda\",\"donativos individuales\",\"Echando ra\u00edces\",\"educaci\u00f3n ambiental\",\"empresa se transforma\",\"entorno urbano\",\"espacios p\u00fablicos\",\"Fundaci\u00f3n que Transforma\",\"participaci\u00f3n comunitaria\",\"Proyecto Semilla\",\"puede detonar\",\"reciclaje creativo\",\"responsabilidad ecol\u00f3gica\",\"sembrar \u00e1rboles\",\"servicio profesional\",\"talleres de reciclaje\",\"Tijuana\",\"transformaci\u00f3n social\"],\"articleSection\":[\"Noticias\"],\"inLanguage\":\"es\",\"potentialAction\":[{\"@type\":\"CommentAction\",\"name\":\"Comment\",\"target\":[\"https:\\\/\\\/somos-hermanos.mx\\\/index.php\\\/2025\\\/08\\\/20\\\/fundacion-que-transforma-sembramos-juntos-florecemos-juntos\\\/#respond\"]}]},{\"@type\":\"WebPage\",\"@id\":\"https:\\\/\\\/somos-hermanos.mx\\\/index.php\\\/2025\\\/08\\\/20\\\/fundacion-que-transforma-sembramos-juntos-florecemos-juntos\\\/\",\"url\":\"https:\\\/\\\/somos-hermanos.mx\\\/index.php\\\/2025\\\/08\\\/20\\\/fundacion-que-transforma-sembramos-juntos-florecemos-juntos\\\/\",\"name\":\"Fundaci\u00f3n Que Transforma: sembramos juntos, florecemos juntos - Historias que inspiran...\",\"isPartOf\":{\"@id\":\"https:\\\/\\\/somos-hermanos.mx\\\/#website\"},\"primaryImageOfPage\":{\"@id\":\"https:\\\/\\\/somos-hermanos.mx\\\/index.php\\\/2025\\\/08\\\/20\\\/fundacion-que-transforma-sembramos-juntos-florecemos-juntos\\\/#primaryimage\"},\"image\":{\"@id\":\"https:\\\/\\\/somos-hermanos.mx\\\/index.php\\\/2025\\\/08\\\/20\\\/fundacion-que-transforma-sembramos-juntos-florecemos-juntos\\\/#primaryimage\"},\"thumbnailUrl\":\"https:\\\/\\\/somos-hermanos.mx\\\/wp-content\\\/uploads\\\/2025\\\/08\\\/DAC1.jpg\",\"datePublished\":\"2025-08-20T08:46:44+00:00\",\"breadcrumb\":{\"@id\":\"https:\\\/\\\/somos-hermanos.mx\\\/index.php\\\/2025\\\/08\\\/20\\\/fundacion-que-transforma-sembramos-juntos-florecemos-juntos\\\/#breadcrumb\"},\"inLanguage\":\"es\",\"potentialAction\":[{\"@type\":\"ReadAction\",\"target\":[\"https:\\\/\\\/somos-hermanos.mx\\\/index.php\\\/2025\\\/08\\\/20\\\/fundacion-que-transforma-sembramos-juntos-florecemos-juntos\\\/\"]}]},{\"@type\":\"ImageObject\",\"inLanguage\":\"es\",\"@id\":\"https:\\\/\\\/somos-hermanos.mx\\\/index.php\\\/2025\\\/08\\\/20\\\/fundacion-que-transforma-sembramos-juntos-florecemos-juntos\\\/#primaryimage\",\"url\":\"https:\\\/\\\/somos-hermanos.mx\\\/wp-content\\\/uploads\\\/2025\\\/08\\\/DAC1.jpg\",\"contentUrl\":\"https:\\\/\\\/somos-hermanos.mx\\\/wp-content\\\/uploads\\\/2025\\\/08\\\/DAC1.jpg\",\"width\":940,\"height\":788},{\"@type\":\"BreadcrumbList\",\"@id\":\"https:\\\/\\\/somos-hermanos.mx\\\/index.php\\\/2025\\\/08\\\/20\\\/fundacion-que-transforma-sembramos-juntos-florecemos-juntos\\\/#breadcrumb\",\"itemListElement\":[{\"@type\":\"ListItem\",\"position\":1,\"name\":\"Inicio\",\"item\":\"https:\\\/\\\/somos-hermanos.mx\\\/\"},{\"@type\":\"ListItem\",\"position\":2,\"name\":\"Fundaci\u00f3n Que Transforma: sembramos juntos, florecemos juntos\"}]},{\"@type\":\"WebSite\",\"@id\":\"https:\\\/\\\/somos-hermanos.mx\\\/#website\",\"url\":\"https:\\\/\\\/somos-hermanos.mx\\\/\",\"name\":\"Historias que inspiran...\",\"description\":\"Somos la voz del altruismo en M\u00e9xico\",\"publisher\":{\"@id\":\"https:\\\/\\\/somos-hermanos.mx\\\/#organization\"},\"potentialAction\":[{\"@type\":\"SearchAction\",\"target\":{\"@type\":\"EntryPoint\",\"urlTemplate\":\"https:\\\/\\\/somos-hermanos.mx\\\/?s={search_term_string}\"},\"query-input\":{\"@type\":\"PropertyValueSpecification\",\"valueRequired\":true,\"valueName\":\"search_term_string\"}}],\"inLanguage\":\"es\"},{\"@type\":\"Organization\",\"@id\":\"https:\\\/\\\/somos-hermanos.mx\\\/#organization\",\"name\":\"Somos Hermanos\",\"url\":\"https:\\\/\\\/somos-hermanos.mx\\\/\",\"logo\":{\"@type\":\"ImageObject\",\"inLanguage\":\"es\",\"@id\":\"https:\\\/\\\/somos-hermanos.mx\\\/#\\\/schema\\\/logo\\\/image\\\/\",\"url\":\"https:\\\/\\\/somos-hermanos.mx\\\/wp-content\\\/uploads\\\/2025\\\/08\\\/SH30-1.jpeg\",\"contentUrl\":\"https:\\\/\\\/somos-hermanos.mx\\\/wp-content\\\/uploads\\\/2025\\\/08\\\/SH30-1.jpeg\",\"width\":1600,\"height\":1142,\"caption\":\"Somos Hermanos\"},\"image\":{\"@id\":\"https:\\\/\\\/somos-hermanos.mx\\\/#\\\/schema\\\/logo\\\/image\\\/\"},\"sameAs\":[\"https:\\\/\\\/www.facebook.com\\\/SomosHermanosIAP\\\/\",\"https:\\\/\\\/x.com\\\/Somos__Hermanos\",\"https:\\\/\\\/www.instagram.com\\\/somos__hermanos\\\/#\",\"https:\\\/\\\/www.tiktok.com\\\/@somoshermanosiap\",\"https:\\\/\\\/www.youtube.com\\\/@somoshermanosiap1201\\\/videos\"]},{\"@type\":\"Person\",\"@id\":\"https:\\\/\\\/somos-hermanos.mx\\\/#\\\/schema\\\/person\\\/9f4a63ddc1040c51037b55494fcea738\",\"name\":\"Yuliana Ortega Garc\u00eda\",\"image\":{\"@type\":\"ImageObject\",\"inLanguage\":\"es\",\"@id\":\"https:\\\/\\\/secure.gravatar.com\\\/avatar\\\/bf756e58b019c2f60b0bff10368edd199f934fc531828593b336fbeb488c875b?s=96&d=mm&r=g\",\"url\":\"https:\\\/\\\/secure.gravatar.com\\\/avatar\\\/bf756e58b019c2f60b0bff10368edd199f934fc531828593b336fbeb488c875b?s=96&d=mm&r=g\",\"contentUrl\":\"https:\\\/\\\/secure.gravatar.com\\\/avatar\\\/bf756e58b019c2f60b0bff10368edd199f934fc531828593b336fbeb488c875b?s=96&d=mm&r=g\",\"caption\":\"Yuliana Ortega Garc\u00eda\"},\"url\":\"https:\\\/\\\/somos-hermanos.mx\\\/index.php\\\/author\\\/yuliana-ortega-garcia\\\/\"}]}<\/script>\n<!-- \/ Yoast SEO plugin. -->","yoast_head_json":{"title":"Fundaci\u00f3n Que Transforma: sembramos juntos, florecemos juntos - Historias que inspiran...","robots":{"index":"index","follow":"follow","max-snippet":"max-snippet:-1","max-image-preview":"max-image-preview:large","max-video-preview":"max-video-preview:-1"},"canonical":"https:\/\/somos-hermanos.mx\/index.php\/2025\/08\/20\/fundacion-que-transforma-sembramos-juntos-florecemos-juntos\/","og_locale":"es_MX","og_type":"article","og_title":"Fundaci\u00f3n Que Transforma: sembramos juntos, florecemos juntos - Historias que inspiran...","og_description":"En una frontera marcada por el tr\u00e1nsito, el abandono y la urgencia de reconectar, Fundaci\u00f3n que Transforma cultiva comunidad mediante educaci\u00f3n ambiental enlazada con acci\u00f3n colectiva. Pero \u00bfC\u00f3mo logra convertir residuos en ra\u00edces, conciencia en transformaci\u00f3n? Desde 2008, bajo la visi\u00f3n de su fundadora Daniela Sep\u00falveda, su prop\u00f3sito ha sido claro: regenerar el v\u00ednculo entre [&hellip;]","og_url":"https:\/\/somos-hermanos.mx\/index.php\/2025\/08\/20\/fundacion-que-transforma-sembramos-juntos-florecemos-juntos\/","og_site_name":"Historias que inspiran...","article_publisher":"https:\/\/www.facebook.com\/SomosHermanosIAP\/","article_published_time":"2025-08-20T08:46:44+00:00","og_image":[{"width":940,"height":788,"url":"https:\/\/somos-hermanos.mx\/wp-content\/uploads\/2025\/08\/DAC1.jpg","type":"image\/jpeg"}],"author":"Yuliana Ortega Garc\u00eda","twitter_card":"summary_large_image","twitter_creator":"@Somos__Hermanos","twitter_site":"@Somos__Hermanos","twitter_misc":{"Escrito por":"Yuliana Ortega Garc\u00eda","Tiempo de lectura":"2 minutos"},"schema":{"@context":"https:\/\/schema.org","@graph":[{"@type":"Article","@id":"https:\/\/somos-hermanos.mx\/index.php\/2025\/08\/20\/fundacion-que-transforma-sembramos-juntos-florecemos-juntos\/#article","isPartOf":{"@id":"https:\/\/somos-hermanos.mx\/index.php\/2025\/08\/20\/fundacion-que-transforma-sembramos-juntos-florecemos-juntos\/"},"author":{"name":"Yuliana Ortega Garc\u00eda","@id":"https:\/\/somos-hermanos.mx\/#\/schema\/person\/9f4a63ddc1040c51037b55494fcea738"},"headline":"Fundaci\u00f3n Que Transforma: sembramos juntos, florecemos juntos","datePublished":"2025-08-20T08:46:44+00:00","mainEntityOfPage":{"@id":"https:\/\/somos-hermanos.mx\/index.php\/2025\/08\/20\/fundacion-que-transforma-sembramos-juntos-florecemos-juntos\/"},"wordCount":341,"commentCount":0,"publisher":{"@id":"https:\/\/somos-hermanos.mx\/#organization"},"image":{"@id":"https:\/\/somos-hermanos.mx\/index.php\/2025\/08\/20\/fundacion-que-transforma-sembramos-juntos-florecemos-juntos\/#primaryimage"},"thumbnailUrl":"https:\/\/somos-hermanos.mx\/wp-content\/uploads\/2025\/08\/DAC1.jpg","keywords":["acci\u00f3n colectiva","actividades verdes","Baja California","campa\u00f1a de reforestaci\u00f3n","compra de hortalizas","conciencia ambiental","cultiva comunidad","Daniela Sep\u00falveda","donativos individuales","Echando ra\u00edces","educaci\u00f3n ambiental","empresa se transforma","entorno urbano","espacios p\u00fablicos","Fundaci\u00f3n que Transforma","participaci\u00f3n comunitaria","Proyecto Semilla","puede detonar","reciclaje creativo","responsabilidad ecol\u00f3gica","sembrar \u00e1rboles","servicio profesional","talleres de reciclaje","Tijuana","transformaci\u00f3n social"],"articleSection":["Noticias"],"inLanguage":"es","potentialAction":[{"@type":"CommentAction","name":"Comment","target":["https:\/\/somos-hermanos.mx\/index.php\/2025\/08\/20\/fundacion-que-transforma-sembramos-juntos-florecemos-juntos\/#respond"]}]},{"@type":"WebPage","@id":"https:\/\/somos-hermanos.mx\/index.php\/2025\/08\/20\/fundacion-que-transforma-sembramos-juntos-florecemos-juntos\/","url":"https:\/\/somos-hermanos.mx\/index.php\/2025\/08\/20\/fundacion-que-transforma-sembramos-juntos-florecemos-juntos\/","name":"Fundaci\u00f3n Que Transforma: sembramos juntos, florecemos juntos - Historias que inspiran...","isPartOf":{"@id":"https:\/\/somos-hermanos.mx\/#website"},"primaryImageOfPage":{"@id":"https:\/\/somos-hermanos.mx\/index.php\/2025\/08\/20\/fundacion-que-transforma-sembramos-juntos-florecemos-juntos\/#primaryimage"},"image":{"@id":"https:\/\/somos-hermanos.mx\/index.php\/2025\/08\/20\/fundacion-que-transforma-sembramos-juntos-florecemos-juntos\/#primaryimage"},"thumbnailUrl":"https:\/\/somos-hermanos.mx\/wp-content\/uploads\/2025\/08\/DAC1.jpg","datePublished":"2025-08-20T08:46:44+00:00","breadcrumb":{"@id":"https:\/\/somos-hermanos.mx\/index.php\/2025\/08\/20\/fundacion-que-transforma-sembramos-juntos-florecemos-juntos\/#breadcrumb"},"inLanguage":"es","potentialAction":[{"@type":"ReadAction","target":["https:\/\/somos-hermanos.mx\/index.php\/2025\/08\/20\/fundacion-que-transforma-sembramos-juntos-florecemos-juntos\/"]}]},{"@type":"ImageObject","inLanguage":"es","@id":"https:\/\/somos-hermanos.mx\/index.php\/2025\/08\/20\/fundacion-que-transforma-sembramos-juntos-florecemos-juntos\/#primaryimage","url":"https:\/\/somos-hermanos.mx\/wp-content\/uploads\/2025\/08\/DAC1.jpg","contentUrl":"https:\/\/somos-hermanos.mx\/wp-content\/uploads\/2025\/08\/DAC1.jpg","width":940,"height":788},{"@type":"BreadcrumbList","@id":"https:\/\/somos-hermanos.mx\/index.php\/2025\/08\/20\/fundacion-que-transforma-sembramos-juntos-florecemos-juntos\/#breadcrumb","itemListElement":[{"@type":"ListItem","position":1,"name":"Inicio","item":"https:\/\/somos-hermanos.mx\/"},{"@type":"ListItem","position":2,"name":"Fundaci\u00f3n Que Transforma: sembramos juntos, florecemos juntos"}]},{"@type":"WebSite","@id":"https:\/\/somos-hermanos.mx\/#website","url":"https:\/\/somos-hermanos.mx\/","name":"Historias que inspiran...","description":"Somos la voz del altruismo en M\u00e9xico","publisher":{"@id":"https:\/\/somos-hermanos.mx\/#organization"},"potentialAction":[{"@type":"SearchAction","target":{"@type":"EntryPoint","urlTemplate":"https:\/\/somos-hermanos.mx\/?s={search_term_string}"},"query-input":{"@type":"PropertyValueSpecification","valueRequired":true,"valueName":"search_term_string"}}],"inLanguage":"es"},{"@type":"Organization","@id":"https:\/\/somos-hermanos.mx\/#organization","name":"Somos Hermanos","url":"https:\/\/somos-hermanos.mx\/","logo":{"@type":"ImageObject","inLanguage":"es","@id":"https:\/\/somos-hermanos.mx\/#\/schema\/logo\/image\/","url":"https:\/\/somos-hermanos.mx\/wp-content\/uploads\/2025\/08\/SH30-1.jpeg","contentUrl":"https:\/\/somos-hermanos.mx\/wp-content\/uploads\/2025\/08\/SH30-1.jpeg","width":1600,"height":1142,"caption":"Somos Hermanos"},"image":{"@id":"https:\/\/somos-hermanos.mx\/#\/schema\/logo\/image\/"},"sameAs":["https:\/\/www.facebook.com\/SomosHermanosIAP\/","https:\/\/x.com\/Somos__Hermanos","https:\/\/www.instagram.com\/somos__hermanos\/#","https:\/\/www.tiktok.com\/@somoshermanosiap","https:\/\/www.youtube.com\/@somoshermanosiap1201\/videos"]},{"@type":"Person","@id":"https:\/\/somos-hermanos.mx\/#\/schema\/person\/9f4a63ddc1040c51037b55494fcea738","name":"Yuliana Ortega Garc\u00eda","image":{"@type":"ImageObject","inLanguage":"es","@id":"https:\/\/secure.gravatar.com\/avatar\/bf756e58b019c2f60b0bff10368edd199f934fc531828593b336fbeb488c875b?s=96&d=mm&r=g","url":"https:\/\/secure.gravatar.com\/avatar\/bf756e58b019c2f60b0bff10368edd199f934fc531828593b336fbeb488c875b?s=96&d=mm&r=g","contentUrl":"https:\/\/secure.gravatar.com\/avatar\/bf756e58b019c2f60b0bff10368edd199f934fc531828593b336fbeb488c875b?s=96&d=mm&r=g","caption":"Yuliana Ortega Garc\u00eda"},"url":"https:\/\/somos-hermanos.mx\/index.php\/author\/yuliana-ortega-garcia\/"}]}},"_links":{"self":[{"href":"https:\/\/somos-hermanos.mx\/index.php\/wp-json\/wp\/v2\/posts\/1357","targetHints":{"allow":["GET"]}}],"collection":[{"href":"https:\/\/somos-hermanos.mx\/index.php\/wp-json\/wp\/v2\/posts"}],"about":[{"href":"https:\/\/somos-hermanos.mx\/index.php\/wp-json\/wp\/v2\/types\/post"}],"author":[{"embeddable":true,"href":"https:\/\/somos-hermanos.mx\/index.php\/wp-json\/wp\/v2\/users\/22"}],"replies":[{"embeddable":true,"href":"https:\/\/somos-hermanos.mx\/index.php\/wp-json\/wp\/v2\/comments?post=1357"}],"version-history":[{"count":3,"href":"https:\/\/somos-hermanos.mx\/index.php\/wp-json\/wp\/v2\/posts\/1357\/revisions"}],"predecessor-version":[{"id":1363,"href":"https:\/\/somos-hermanos.mx\/index.php\/wp-json\/wp\/v2\/posts\/1357\/revisions\/1363"}],"wp:featuredmedia":[{"embeddable":true,"href":"https:\/\/somos-hermanos.mx\/index.php\/wp-json\/wp\/v2\/media\/1351"}],"wp:attachment":[{"href":"https:\/\/somos-hermanos.mx\/index.php\/wp-json\/wp\/v2\/media?parent=1357"}],"wp:term":[{"taxonomy":"category","embeddable":true,"href":"https:\/\/somos-hermanos.mx\/index.php\/wp-json\/wp\/v2\/categories?post=1357"},{"taxonomy":"post_tag","embeddable":true,"href":"https:\/\/somos-hermanos.mx\/index.php\/wp-json\/wp\/v2\/tags?post=1357"}],"curies":[{"name":"wp","href":"https:\/\/api.w.org\/{rel}","templated":true}]}}