{"id":133,"date":"2025-08-01T22:05:12","date_gmt":"2025-08-02T04:05:12","guid":{"rendered":"https:\/\/somos-hermanos.mx\/?p=133"},"modified":"2025-08-01T22:05:12","modified_gmt":"2025-08-02T04:05:12","slug":"casa-hogar-para-ninas-adolescentes-un-espacio-idoneo-para-floreser","status":"publish","type":"post","link":"https:\/\/somos-hermanos.mx\/index.php\/2025\/08\/01\/casa-hogar-para-ninas-adolescentes-un-espacio-idoneo-para-floreser\/","title":{"rendered":"Casa Hogar para Ni\u00f1as Adolescentes: un espacio id\u00f3neo para FloreSer"},"content":{"rendered":"<p>Las ni\u00f1as florecen. Juegan, toman clases, cosen ropa, realizan pi\u00f1atas, cocinan pasteles, y un sinf\u00edn de actividades m\u00e1s, en los pasillos, patios y habitaciones de la casa en la que cimientan sus ra\u00edces que les permiten crecer, como flores fuertes que se levantan entre los resquicios del pavimento durante la primavera.<\/p>\n<p>De ah\u00ed el nombre: FloreSer, <strong>una organizaci\u00f3n mexicana sin fines de lucro establecida en la Mazatl\u00e1n, Sinaloa, que le ofrece a j\u00f3venes mujeres, v\u00edctimas de abuso, maltrato y abandono, una casa hogar<\/strong> en la que surge su crecimiento, su proceso de aprendizaje y conocimiento que les augurar\u00e1 una mejor calidad de vida.<\/p>\n<p>En un video disponible en la p\u00e1gina oficial de la instituci\u00f3n FloreSer (<a href=\"https:\/\/floresermzt.com\">https:\/\/floresermzt.com<\/a>), la presidenta del patronato, Lucila Maga\u00f1a, dio un recorrido por todas las instalaciones de la casa hogar de la organizaci\u00f3n, y destac\u00f3 los beneficios ofrecidos a las personas que ingresan, como acceso a educaci\u00f3n, atenci\u00f3n psicol\u00f3gica y aprendizaje de oficios.<\/p>\n<p>\u201cObviamente esto no pudiera ser posible si no fuera por la ayuda de Francis (directora de la asociaci\u00f3n), las facilitadoras, nuestra trabajadora social, nuestra psic\u00f3loga, el patronato, y much\u00edsima gente que nos ayuda econ\u00f3micamente\u201d, expres\u00f3 Lucila en el video mencionado.<\/p>\n<p>FloreSer <strong>surgi\u00f3 el a\u00f1o 2008 como una casa hogar para albergar a ni\u00f1as y j\u00f3venes de 9 a 18 a\u00f1os, v\u00edctimas de abuso, maltrato y abandono, <\/strong>por lo que les brinda asilo bajo un esquema de protecci\u00f3n en un ambiente seguro y confiable, con la intervenci\u00f3n y coordinaci\u00f3n del Organismo P\u00fablico DIF (Sistema Nacional para el Desarrollo Integral de la Familia).<\/p>\n<p>De acuerdo con la p\u00e1gina oficial de la instituci\u00f3n, <strong>FloreSer incentiva a sus beneficiarias para continuar \u201ccon sus estudios, reciben terapia individual<\/strong> y se les brindan salidas que les permiten desarrollar todo su potencial mientras llevan una vida sana y llena de posibilidades\u201d. Asimismo, <strong>la instituci\u00f3n proporciona las herramientas necesarias para que las ni\u00f1as y j\u00f3venes encuentren maneras de ganar dinero, <\/strong>pues tienen la oportunidad de \u201caprender una profesi\u00f3n y as\u00ed poder visualizar el futuro con gran esperanza y ambici\u00f3n.\u201d<\/p>\n<p>Por eso, <strong>FloreSer no solo permite a sus j\u00f3venes desarrollo profesional, sino tambi\u00e9n crecimiento personal, pues se les acompa\u00f1a en todo su proceso de madurez, y se les ayuda a \u201cdesarrollarse e integrarse a la sociedad con responsabilidad, <\/strong>brind\u00e1ndoles ayuda terap\u00e9utica y las herramientas necesarias para llevarlas a una edad adulta con un futuro prometedor.\u201d<\/p>\n<p>En general, la asociaci\u00f3n brinda apoyo a sus beneficiarias en vivienda, alimento, salud, educaci\u00f3n, apoyo psicol\u00f3gico, ropa, recreaci\u00f3n (deportes), visitas y educaci\u00f3n. En ese \u00faltimo ramo, FloreSer cuenta con programas de apoyo para las j\u00f3venes que terminaron su bachillerato, y fomenta la continuaci\u00f3n de estudios a nivel superior o aprendizaje de oficios, como panader\u00eda, carpinter\u00eda o auxiliar educadora.<\/p>\n<p>Adem\u00e1s, en las instalaciones de la casa hogar hay un \u00e1rea de estudio y tereas que se est\u00e1 en proceso de remodelaci\u00f3n y ampliaci\u00f3n.<\/p>\n<p>Sin embargo, es indispensable que la instituci\u00f3n reciba apoyos mediante donativos, tanto en especie como econ\u00f3micos, porque le permite no solo remodelar y mejorar las instalaciones de la casa hogar, sino tambi\u00e9n contratar servicios importantes para las ni\u00f1as y j\u00f3venes, como atenci\u00f3n psicol\u00f3gica.<\/p>\n<p>Por ese motivo, <strong>FloreSer invita a la gente a realizar donaciones, que en especie pueden ser alimentos saludables, ropa, art\u00edculos escolares, de higiene personal y de casa,<\/strong> mano de obra especializada, tutor\u00edas y servicios profesionales. O donaciones econ\u00f3micas, las cuales pueden hacerse directamente mediante el siguiente enlace: <a href=\"https:\/\/floresermzt.com\/donar\/\">https:\/\/floresermzt.com\/donar\/<\/a>, o al correo <a href=\"mailto:donarfloreser@gmail.com\">donarfloreser@gmail.com<\/a><\/p>\n<p>Tambi\u00e9n, FloreSer cuenta con un espacio de voluntariado, en el que la gente interesada puede ofrecer sus servicios, siempre y cuando beneficien el crecimiento de las chicas, como el caso de Heather, maestra canadiense que da clases de costura a las ni\u00f1as de la organizaci\u00f3n, o Katy, quien les ense\u00f1a a realizar pi\u00f1atas.<\/p>\n<p><em>Comunicarse con FloreSer a trav\u00e9s de los siguientes contactos:<\/em><\/p>\n<p><em>Enlace: <\/em><a href=\"https:\/\/floresermzt.com\/contacto\/\"><em>https:\/\/floresermzt.com\/contacto\/<\/em><\/a><\/p>\n<p><em>Correo electr\u00f3nico: <\/em><a href=\"mailto:Info@floresermzt.com\"><em>Info@floresermzt.com<\/em><\/a><\/p>\n<p><em>Tel\u00e9fonos:<\/em><\/p>\n<p><em>Espa\u00f1ol +52 (669)-120-0355<\/em><\/p>\n<p><em>Ingles +1 (269)-365-5637<\/em><\/p>\n","protected":false},"excerpt":{"rendered":"<p>Las ni\u00f1as florecen. Juegan, toman clases, cosen ropa, realizan pi\u00f1atas, cocinan pasteles, y un sinf\u00edn de actividades m\u00e1s, en los pasillos, patios y habitaciones de la casa en la que cimientan sus ra\u00edces que les permiten crecer, como flores fuertes que se levantan entre los resquicios del pavimento durante la primavera. De ah\u00ed el nombre: [&hellip;]<\/p>\n","protected":false},"author":5,"featured_media":134,"comment_status":"open","ping_status":"closed","sticky":false,"template":"","format":"standard","meta":{"footnotes":""},"categories":[6],"tags":[],"class_list":["post-133","post","type-post","status-publish","format-standard","has-post-thumbnail","hentry","category-noticias"],"yoast_head":"<!-- This site is optimized with the Yoast SEO plugin v27.5 - https:\/\/yoast.com\/product\/yoast-seo-wordpress\/ -->\n<title>Casa Hogar para Ni\u00f1as Adolescentes: un espacio id\u00f3neo para FloreSer - Historias que inspiran...<\/title>\n<meta name=\"robots\" content=\"index, follow, max-snippet:-1, max-image-preview:large, max-video-preview:-1\" \/>\n<link rel=\"canonical\" href=\"https:\/\/somos-hermanos.mx\/index.php\/2025\/08\/01\/casa-hogar-para-ninas-adolescentes-un-espacio-idoneo-para-floreser\/\" \/>\n<meta property=\"og:locale\" content=\"es_MX\" \/>\n<meta property=\"og:type\" content=\"article\" \/>\n<meta property=\"og:title\" content=\"Casa Hogar para Ni\u00f1as Adolescentes: un espacio id\u00f3neo para FloreSer - Historias que inspiran...\" \/>\n<meta property=\"og:description\" content=\"Las ni\u00f1as florecen. Juegan, toman clases, cosen ropa, realizan pi\u00f1atas, cocinan pasteles, y un sinf\u00edn de actividades m\u00e1s, en los pasillos, patios y habitaciones de la casa en la que cimientan sus ra\u00edces que les permiten crecer, como flores fuertes que se levantan entre los resquicios del pavimento durante la primavera. De ah\u00ed el nombre: [&hellip;]\" \/>\n<meta property=\"og:url\" content=\"https:\/\/somos-hermanos.mx\/index.php\/2025\/08\/01\/casa-hogar-para-ninas-adolescentes-un-espacio-idoneo-para-floreser\/\" \/>\n<meta property=\"og:site_name\" content=\"Historias que inspiran...\" \/>\n<meta property=\"article:publisher\" content=\"https:\/\/www.facebook.com\/SomosHermanosIAP\/\" \/>\n<meta property=\"article:published_time\" content=\"2025-08-02T04:05:12+00:00\" \/>\n<meta property=\"og:image\" content=\"https:\/\/somos-hermanos.mx\/wp-content\/uploads\/2025\/08\/floreser.jpg\" \/>\n\t<meta property=\"og:image:width\" content=\"604\" \/>\n\t<meta property=\"og:image:height\" content=\"341\" \/>\n\t<meta property=\"og:image:type\" content=\"image\/jpeg\" \/>\n<meta name=\"author\" content=\"Ian Castelo Espinoza\" \/>\n<meta name=\"twitter:card\" content=\"summary_large_image\" \/>\n<meta name=\"twitter:creator\" content=\"@Somos__Hermanos\" \/>\n<meta name=\"twitter:site\" content=\"@Somos__Hermanos\" \/>\n<meta name=\"twitter:label1\" content=\"Escrito por\" \/>\n\t<meta name=\"twitter:data1\" content=\"Ian Castelo Espinoza\" \/>\n\t<meta name=\"twitter:label2\" content=\"Tiempo de lectura\" \/>\n\t<meta name=\"twitter:data2\" content=\"4 minutos\" \/>\n<script type=\"application\/ld+json\" class=\"yoast-schema-graph\">{\"@context\":\"https:\\\/\\\/schema.org\",\"@graph\":[{\"@type\":\"Article\",\"@id\":\"https:\\\/\\\/somos-hermanos.mx\\\/index.php\\\/2025\\\/08\\\/01\\\/casa-hogar-para-ninas-adolescentes-un-espacio-idoneo-para-floreser\\\/#article\",\"isPartOf\":{\"@id\":\"https:\\\/\\\/somos-hermanos.mx\\\/index.php\\\/2025\\\/08\\\/01\\\/casa-hogar-para-ninas-adolescentes-un-espacio-idoneo-para-floreser\\\/\"},\"author\":{\"name\":\"Ian Castelo Espinoza\",\"@id\":\"https:\\\/\\\/somos-hermanos.mx\\\/#\\\/schema\\\/person\\\/a23e73fa301c31e448c416ffef691a79\"},\"headline\":\"Casa Hogar para Ni\u00f1as Adolescentes: un espacio id\u00f3neo para FloreSer\",\"datePublished\":\"2025-08-02T04:05:12+00:00\",\"mainEntityOfPage\":{\"@id\":\"https:\\\/\\\/somos-hermanos.mx\\\/index.php\\\/2025\\\/08\\\/01\\\/casa-hogar-para-ninas-adolescentes-un-espacio-idoneo-para-floreser\\\/\"},\"wordCount\":736,\"commentCount\":0,\"publisher\":{\"@id\":\"https:\\\/\\\/somos-hermanos.mx\\\/#organization\"},\"image\":{\"@id\":\"https:\\\/\\\/somos-hermanos.mx\\\/index.php\\\/2025\\\/08\\\/01\\\/casa-hogar-para-ninas-adolescentes-un-espacio-idoneo-para-floreser\\\/#primaryimage\"},\"thumbnailUrl\":\"https:\\\/\\\/somos-hermanos.mx\\\/wp-content\\\/uploads\\\/2025\\\/08\\\/floreser.jpg\",\"articleSection\":[\"Noticias\"],\"inLanguage\":\"es\",\"potentialAction\":[{\"@type\":\"CommentAction\",\"name\":\"Comment\",\"target\":[\"https:\\\/\\\/somos-hermanos.mx\\\/index.php\\\/2025\\\/08\\\/01\\\/casa-hogar-para-ninas-adolescentes-un-espacio-idoneo-para-floreser\\\/#respond\"]}]},{\"@type\":\"WebPage\",\"@id\":\"https:\\\/\\\/somos-hermanos.mx\\\/index.php\\\/2025\\\/08\\\/01\\\/casa-hogar-para-ninas-adolescentes-un-espacio-idoneo-para-floreser\\\/\",\"url\":\"https:\\\/\\\/somos-hermanos.mx\\\/index.php\\\/2025\\\/08\\\/01\\\/casa-hogar-para-ninas-adolescentes-un-espacio-idoneo-para-floreser\\\/\",\"name\":\"Casa Hogar para Ni\u00f1as Adolescentes: un espacio id\u00f3neo para FloreSer - Historias que inspiran...\",\"isPartOf\":{\"@id\":\"https:\\\/\\\/somos-hermanos.mx\\\/#website\"},\"primaryImageOfPage\":{\"@id\":\"https:\\\/\\\/somos-hermanos.mx\\\/index.php\\\/2025\\\/08\\\/01\\\/casa-hogar-para-ninas-adolescentes-un-espacio-idoneo-para-floreser\\\/#primaryimage\"},\"image\":{\"@id\":\"https:\\\/\\\/somos-hermanos.mx\\\/index.php\\\/2025\\\/08\\\/01\\\/casa-hogar-para-ninas-adolescentes-un-espacio-idoneo-para-floreser\\\/#primaryimage\"},\"thumbnailUrl\":\"https:\\\/\\\/somos-hermanos.mx\\\/wp-content\\\/uploads\\\/2025\\\/08\\\/floreser.jpg\",\"datePublished\":\"2025-08-02T04:05:12+00:00\",\"breadcrumb\":{\"@id\":\"https:\\\/\\\/somos-hermanos.mx\\\/index.php\\\/2025\\\/08\\\/01\\\/casa-hogar-para-ninas-adolescentes-un-espacio-idoneo-para-floreser\\\/#breadcrumb\"},\"inLanguage\":\"es\",\"potentialAction\":[{\"@type\":\"ReadAction\",\"target\":[\"https:\\\/\\\/somos-hermanos.mx\\\/index.php\\\/2025\\\/08\\\/01\\\/casa-hogar-para-ninas-adolescentes-un-espacio-idoneo-para-floreser\\\/\"]}]},{\"@type\":\"ImageObject\",\"inLanguage\":\"es\",\"@id\":\"https:\\\/\\\/somos-hermanos.mx\\\/index.php\\\/2025\\\/08\\\/01\\\/casa-hogar-para-ninas-adolescentes-un-espacio-idoneo-para-floreser\\\/#primaryimage\",\"url\":\"https:\\\/\\\/somos-hermanos.mx\\\/wp-content\\\/uploads\\\/2025\\\/08\\\/floreser.jpg\",\"contentUrl\":\"https:\\\/\\\/somos-hermanos.mx\\\/wp-content\\\/uploads\\\/2025\\\/08\\\/floreser.jpg\",\"width\":604,\"height\":341},{\"@type\":\"BreadcrumbList\",\"@id\":\"https:\\\/\\\/somos-hermanos.mx\\\/index.php\\\/2025\\\/08\\\/01\\\/casa-hogar-para-ninas-adolescentes-un-espacio-idoneo-para-floreser\\\/#breadcrumb\",\"itemListElement\":[{\"@type\":\"ListItem\",\"position\":1,\"name\":\"Inicio\",\"item\":\"https:\\\/\\\/somos-hermanos.mx\\\/\"},{\"@type\":\"ListItem\",\"position\":2,\"name\":\"Casa Hogar para Ni\u00f1as Adolescentes: un espacio id\u00f3neo para FloreSer\"}]},{\"@type\":\"WebSite\",\"@id\":\"https:\\\/\\\/somos-hermanos.mx\\\/#website\",\"url\":\"https:\\\/\\\/somos-hermanos.mx\\\/\",\"name\":\"Historias que inspiran...\",\"description\":\"Somos la voz del altruismo en M\u00e9xico\",\"publisher\":{\"@id\":\"https:\\\/\\\/somos-hermanos.mx\\\/#organization\"},\"potentialAction\":[{\"@type\":\"SearchAction\",\"target\":{\"@type\":\"EntryPoint\",\"urlTemplate\":\"https:\\\/\\\/somos-hermanos.mx\\\/?s={search_term_string}\"},\"query-input\":{\"@type\":\"PropertyValueSpecification\",\"valueRequired\":true,\"valueName\":\"search_term_string\"}}],\"inLanguage\":\"es\"},{\"@type\":\"Organization\",\"@id\":\"https:\\\/\\\/somos-hermanos.mx\\\/#organization\",\"name\":\"Somos Hermanos\",\"url\":\"https:\\\/\\\/somos-hermanos.mx\\\/\",\"logo\":{\"@type\":\"ImageObject\",\"inLanguage\":\"es\",\"@id\":\"https:\\\/\\\/somos-hermanos.mx\\\/#\\\/schema\\\/logo\\\/image\\\/\",\"url\":\"https:\\\/\\\/somos-hermanos.mx\\\/wp-content\\\/uploads\\\/2025\\\/08\\\/SH30-1.jpeg\",\"contentUrl\":\"https:\\\/\\\/somos-hermanos.mx\\\/wp-content\\\/uploads\\\/2025\\\/08\\\/SH30-1.jpeg\",\"width\":1600,\"height\":1142,\"caption\":\"Somos Hermanos\"},\"image\":{\"@id\":\"https:\\\/\\\/somos-hermanos.mx\\\/#\\\/schema\\\/logo\\\/image\\\/\"},\"sameAs\":[\"https:\\\/\\\/www.facebook.com\\\/SomosHermanosIAP\\\/\",\"https:\\\/\\\/x.com\\\/Somos__Hermanos\",\"https:\\\/\\\/www.instagram.com\\\/somos__hermanos\\\/#\",\"https:\\\/\\\/www.tiktok.com\\\/@somoshermanosiap\",\"https:\\\/\\\/www.youtube.com\\\/@somoshermanosiap1201\\\/videos\"]},{\"@type\":\"Person\",\"@id\":\"https:\\\/\\\/somos-hermanos.mx\\\/#\\\/schema\\\/person\\\/a23e73fa301c31e448c416ffef691a79\",\"name\":\"Ian Castelo Espinoza\",\"image\":{\"@type\":\"ImageObject\",\"inLanguage\":\"es\",\"@id\":\"https:\\\/\\\/secure.gravatar.com\\\/avatar\\\/f6d3daeb57e01d563e3f3a1d9b44389ba979de308271e31fe81ed15d473ce852?s=96&d=mm&r=g\",\"url\":\"https:\\\/\\\/secure.gravatar.com\\\/avatar\\\/f6d3daeb57e01d563e3f3a1d9b44389ba979de308271e31fe81ed15d473ce852?s=96&d=mm&r=g\",\"contentUrl\":\"https:\\\/\\\/secure.gravatar.com\\\/avatar\\\/f6d3daeb57e01d563e3f3a1d9b44389ba979de308271e31fe81ed15d473ce852?s=96&d=mm&r=g\",\"caption\":\"Ian Castelo Espinoza\"},\"url\":\"https:\\\/\\\/somos-hermanos.mx\\\/index.php\\\/author\\\/ian-castelo-espinoza\\\/\"}]}<\/script>\n<!-- \/ Yoast SEO plugin. -->","yoast_head_json":{"title":"Casa Hogar para Ni\u00f1as Adolescentes: un espacio id\u00f3neo para FloreSer - Historias que inspiran...","robots":{"index":"index","follow":"follow","max-snippet":"max-snippet:-1","max-image-preview":"max-image-preview:large","max-video-preview":"max-video-preview:-1"},"canonical":"https:\/\/somos-hermanos.mx\/index.php\/2025\/08\/01\/casa-hogar-para-ninas-adolescentes-un-espacio-idoneo-para-floreser\/","og_locale":"es_MX","og_type":"article","og_title":"Casa Hogar para Ni\u00f1as Adolescentes: un espacio id\u00f3neo para FloreSer - Historias que inspiran...","og_description":"Las ni\u00f1as florecen. Juegan, toman clases, cosen ropa, realizan pi\u00f1atas, cocinan pasteles, y un sinf\u00edn de actividades m\u00e1s, en los pasillos, patios y habitaciones de la casa en la que cimientan sus ra\u00edces que les permiten crecer, como flores fuertes que se levantan entre los resquicios del pavimento durante la primavera. De ah\u00ed el nombre: [&hellip;]","og_url":"https:\/\/somos-hermanos.mx\/index.php\/2025\/08\/01\/casa-hogar-para-ninas-adolescentes-un-espacio-idoneo-para-floreser\/","og_site_name":"Historias que inspiran...","article_publisher":"https:\/\/www.facebook.com\/SomosHermanosIAP\/","article_published_time":"2025-08-02T04:05:12+00:00","og_image":[{"width":604,"height":341,"url":"https:\/\/somos-hermanos.mx\/wp-content\/uploads\/2025\/08\/floreser.jpg","type":"image\/jpeg"}],"author":"Ian Castelo Espinoza","twitter_card":"summary_large_image","twitter_creator":"@Somos__Hermanos","twitter_site":"@Somos__Hermanos","twitter_misc":{"Escrito por":"Ian Castelo Espinoza","Tiempo de lectura":"4 minutos"},"schema":{"@context":"https:\/\/schema.org","@graph":[{"@type":"Article","@id":"https:\/\/somos-hermanos.mx\/index.php\/2025\/08\/01\/casa-hogar-para-ninas-adolescentes-un-espacio-idoneo-para-floreser\/#article","isPartOf":{"@id":"https:\/\/somos-hermanos.mx\/index.php\/2025\/08\/01\/casa-hogar-para-ninas-adolescentes-un-espacio-idoneo-para-floreser\/"},"author":{"name":"Ian Castelo Espinoza","@id":"https:\/\/somos-hermanos.mx\/#\/schema\/person\/a23e73fa301c31e448c416ffef691a79"},"headline":"Casa Hogar para Ni\u00f1as Adolescentes: un espacio id\u00f3neo para FloreSer","datePublished":"2025-08-02T04:05:12+00:00","mainEntityOfPage":{"@id":"https:\/\/somos-hermanos.mx\/index.php\/2025\/08\/01\/casa-hogar-para-ninas-adolescentes-un-espacio-idoneo-para-floreser\/"},"wordCount":736,"commentCount":0,"publisher":{"@id":"https:\/\/somos-hermanos.mx\/#organization"},"image":{"@id":"https:\/\/somos-hermanos.mx\/index.php\/2025\/08\/01\/casa-hogar-para-ninas-adolescentes-un-espacio-idoneo-para-floreser\/#primaryimage"},"thumbnailUrl":"https:\/\/somos-hermanos.mx\/wp-content\/uploads\/2025\/08\/floreser.jpg","articleSection":["Noticias"],"inLanguage":"es","potentialAction":[{"@type":"CommentAction","name":"Comment","target":["https:\/\/somos-hermanos.mx\/index.php\/2025\/08\/01\/casa-hogar-para-ninas-adolescentes-un-espacio-idoneo-para-floreser\/#respond"]}]},{"@type":"WebPage","@id":"https:\/\/somos-hermanos.mx\/index.php\/2025\/08\/01\/casa-hogar-para-ninas-adolescentes-un-espacio-idoneo-para-floreser\/","url":"https:\/\/somos-hermanos.mx\/index.php\/2025\/08\/01\/casa-hogar-para-ninas-adolescentes-un-espacio-idoneo-para-floreser\/","name":"Casa Hogar para Ni\u00f1as Adolescentes: un espacio id\u00f3neo para FloreSer - Historias que inspiran...","isPartOf":{"@id":"https:\/\/somos-hermanos.mx\/#website"},"primaryImageOfPage":{"@id":"https:\/\/somos-hermanos.mx\/index.php\/2025\/08\/01\/casa-hogar-para-ninas-adolescentes-un-espacio-idoneo-para-floreser\/#primaryimage"},"image":{"@id":"https:\/\/somos-hermanos.mx\/index.php\/2025\/08\/01\/casa-hogar-para-ninas-adolescentes-un-espacio-idoneo-para-floreser\/#primaryimage"},"thumbnailUrl":"https:\/\/somos-hermanos.mx\/wp-content\/uploads\/2025\/08\/floreser.jpg","datePublished":"2025-08-02T04:05:12+00:00","breadcrumb":{"@id":"https:\/\/somos-hermanos.mx\/index.php\/2025\/08\/01\/casa-hogar-para-ninas-adolescentes-un-espacio-idoneo-para-floreser\/#breadcrumb"},"inLanguage":"es","potentialAction":[{"@type":"ReadAction","target":["https:\/\/somos-hermanos.mx\/index.php\/2025\/08\/01\/casa-hogar-para-ninas-adolescentes-un-espacio-idoneo-para-floreser\/"]}]},{"@type":"ImageObject","inLanguage":"es","@id":"https:\/\/somos-hermanos.mx\/index.php\/2025\/08\/01\/casa-hogar-para-ninas-adolescentes-un-espacio-idoneo-para-floreser\/#primaryimage","url":"https:\/\/somos-hermanos.mx\/wp-content\/uploads\/2025\/08\/floreser.jpg","contentUrl":"https:\/\/somos-hermanos.mx\/wp-content\/uploads\/2025\/08\/floreser.jpg","width":604,"height":341},{"@type":"BreadcrumbList","@id":"https:\/\/somos-hermanos.mx\/index.php\/2025\/08\/01\/casa-hogar-para-ninas-adolescentes-un-espacio-idoneo-para-floreser\/#breadcrumb","itemListElement":[{"@type":"ListItem","position":1,"name":"Inicio","item":"https:\/\/somos-hermanos.mx\/"},{"@type":"ListItem","position":2,"name":"Casa Hogar para Ni\u00f1as Adolescentes: un espacio id\u00f3neo para FloreSer"}]},{"@type":"WebSite","@id":"https:\/\/somos-hermanos.mx\/#website","url":"https:\/\/somos-hermanos.mx\/","name":"Historias que inspiran...","description":"Somos la voz del altruismo en M\u00e9xico","publisher":{"@id":"https:\/\/somos-hermanos.mx\/#organization"},"potentialAction":[{"@type":"SearchAction","target":{"@type":"EntryPoint","urlTemplate":"https:\/\/somos-hermanos.mx\/?s={search_term_string}"},"query-input":{"@type":"PropertyValueSpecification","valueRequired":true,"valueName":"search_term_string"}}],"inLanguage":"es"},{"@type":"Organization","@id":"https:\/\/somos-hermanos.mx\/#organization","name":"Somos Hermanos","url":"https:\/\/somos-hermanos.mx\/","logo":{"@type":"ImageObject","inLanguage":"es","@id":"https:\/\/somos-hermanos.mx\/#\/schema\/logo\/image\/","url":"https:\/\/somos-hermanos.mx\/wp-content\/uploads\/2025\/08\/SH30-1.jpeg","contentUrl":"https:\/\/somos-hermanos.mx\/wp-content\/uploads\/2025\/08\/SH30-1.jpeg","width":1600,"height":1142,"caption":"Somos Hermanos"},"image":{"@id":"https:\/\/somos-hermanos.mx\/#\/schema\/logo\/image\/"},"sameAs":["https:\/\/www.facebook.com\/SomosHermanosIAP\/","https:\/\/x.com\/Somos__Hermanos","https:\/\/www.instagram.com\/somos__hermanos\/#","https:\/\/www.tiktok.com\/@somoshermanosiap","https:\/\/www.youtube.com\/@somoshermanosiap1201\/videos"]},{"@type":"Person","@id":"https:\/\/somos-hermanos.mx\/#\/schema\/person\/a23e73fa301c31e448c416ffef691a79","name":"Ian Castelo Espinoza","image":{"@type":"ImageObject","inLanguage":"es","@id":"https:\/\/secure.gravatar.com\/avatar\/f6d3daeb57e01d563e3f3a1d9b44389ba979de308271e31fe81ed15d473ce852?s=96&d=mm&r=g","url":"https:\/\/secure.gravatar.com\/avatar\/f6d3daeb57e01d563e3f3a1d9b44389ba979de308271e31fe81ed15d473ce852?s=96&d=mm&r=g","contentUrl":"https:\/\/secure.gravatar.com\/avatar\/f6d3daeb57e01d563e3f3a1d9b44389ba979de308271e31fe81ed15d473ce852?s=96&d=mm&r=g","caption":"Ian Castelo Espinoza"},"url":"https:\/\/somos-hermanos.mx\/index.php\/author\/ian-castelo-espinoza\/"}]}},"_links":{"self":[{"href":"https:\/\/somos-hermanos.mx\/index.php\/wp-json\/wp\/v2\/posts\/133","targetHints":{"allow":["GET"]}}],"collection":[{"href":"https:\/\/somos-hermanos.mx\/index.php\/wp-json\/wp\/v2\/posts"}],"about":[{"href":"https:\/\/somos-hermanos.mx\/index.php\/wp-json\/wp\/v2\/types\/post"}],"author":[{"embeddable":true,"href":"https:\/\/somos-hermanos.mx\/index.php\/wp-json\/wp\/v2\/users\/5"}],"replies":[{"embeddable":true,"href":"https:\/\/somos-hermanos.mx\/index.php\/wp-json\/wp\/v2\/comments?post=133"}],"version-history":[{"count":1,"href":"https:\/\/somos-hermanos.mx\/index.php\/wp-json\/wp\/v2\/posts\/133\/revisions"}],"predecessor-version":[{"id":135,"href":"https:\/\/somos-hermanos.mx\/index.php\/wp-json\/wp\/v2\/posts\/133\/revisions\/135"}],"wp:featuredmedia":[{"embeddable":true,"href":"https:\/\/somos-hermanos.mx\/index.php\/wp-json\/wp\/v2\/media\/134"}],"wp:attachment":[{"href":"https:\/\/somos-hermanos.mx\/index.php\/wp-json\/wp\/v2\/media?parent=133"}],"wp:term":[{"taxonomy":"category","embeddable":true,"href":"https:\/\/somos-hermanos.mx\/index.php\/wp-json\/wp\/v2\/categories?post=133"},{"taxonomy":"post_tag","embeddable":true,"href":"https:\/\/somos-hermanos.mx\/index.php\/wp-json\/wp\/v2\/tags?post=133"}],"curies":[{"name":"wp","href":"https:\/\/api.w.org\/{rel}","templated":true}]}}