{"id":127,"date":"2025-08-01T21:59:46","date_gmt":"2025-08-02T03:59:46","guid":{"rendered":"https:\/\/somos-hermanos.mx\/?p=127"},"modified":"2025-08-01T22:00:06","modified_gmt":"2025-08-02T04:00:06","slug":"una-oportunidad-de-crecimiento-para-las-personas-con-discapacidad-intelectual","status":"publish","type":"post","link":"https:\/\/somos-hermanos.mx\/index.php\/2025\/08\/01\/una-oportunidad-de-crecimiento-para-las-personas-con-discapacidad-intelectual\/","title":{"rendered":"Una oportunidad de crecimiento para las personas con discapacidad intelectual"},"content":{"rendered":"<p>Las personas con discapacidad intelectual est\u00e1n dotadas de valiosos dones que muchas veces no conocen y, por lo tanto, tampoco logran desarrollar. Por eso El Arca de M\u00e9xico, Instituci\u00f3n de Asistencia Privada, <strong>centra sus esfuerzos en acoger \u201cde manera permanente a hombres y mujeres adultos con discapacidad intelectual y que han sido abandonados\u201d, <\/strong>con el objetivo de \u201cconstruir lazos de relaciones mutuas con otras personas con y sin discapacidad y as\u00ed compartir la vida y crecer juntos\u201d, como lo explica la asociaci\u00f3n en su p\u00e1gina web oficial (<a href=\"https:\/\/elarcademexico.org\">https:\/\/elarcademexico.org<\/a>).<\/p>\n<p>El Arca de M\u00e9xico <strong>est\u00e1 constituida a partir de una comunidad de personas con y sin discapacidad intelectual, <\/strong>quienes pretenden compartir la vida en un ambiente de integraci\u00f3n y respeto para lograr \u201cuna sociedad, m\u00e1s justa, solidaria y humana.\u201d Dicha instituci\u00f3n forma parte, adem\u00e1s, de la Federaci\u00f3n Internacional del Arca con sede en Francia.<\/p>\n<p>El Arca tiene sus ra\u00edces en la creaci\u00f3n de la primera comunidad en 1964 en Trosly-Breuil, un peque\u00f1o pueblo al norte de Par\u00eds, con los dos primeros miembros: Philippe Seux y Raphael Simi. Sin embargo, en M\u00e9xico su prioridad ha sido siempre la misma: <strong>\u201cdar a conocer los dones de las personas con discapacidad intelectual, revelados a trav\u00e9s de transformadoras relaciones mutuas.\u201d<\/strong><\/p>\n<p>La instituci\u00f3n organiza distintas actividades que desarrollan las facultades de las personas que forman parte de ella. Por ejemplo, durante la \u00e9poca decembrina de 2024, Taller Arcadia, un grupo de gente con y sin discapacidad de El Arca de M\u00e9xico, elabor\u00f3 distintos productos navide\u00f1os, como pi\u00f1atas para las posadas y arreglos para el \u00e1rbol de Navidad. Dichos art\u00edculos fueron elaborados por los integrantes del taller, y se vendieron en el Bazar Navide\u00f1o de Inhumyc A.C.<\/p>\n<p>Por otro lado, El Arca de M\u00e9xico cuenta con un noticiario digital que se transmite a trav\u00e9s de su cuenta oficial de Facebook (<a href=\"https:\/\/www.facebook.com\/elarcademexico\/\">https:\/\/www.facebook.com\/elarcademexico\/<\/a>), en el que personas con y sin discapacidad intelectual dan a conocer los temas y hechos m\u00e1s relevantes para la instituci\u00f3n.<\/p>\n<p>La asociaci\u00f3n cuenta, adem\u00e1s, con distintas modalidades de apoyo para la gente interesada en brindar servicios a las personas con discapacidad. El programa <em>Siendo Voluntario<\/em> integra a voluntarios que aportan sus capacidades de apoyo tanto en el Hogar como en el Taller.<\/p>\n<p>En <em>Siendo Asistente <\/em>los colaboradores viven con las personas discapacitadas en los hogares de El Arca de M\u00e9xico, en los cuales la \u201cvida comunitaria es a la vez un camino de crecimiento y maduraci\u00f3n personal\u201d. Incluso, la instituci\u00f3n reconoce la oraci\u00f3n como una manera de brindar ayuda.<\/p>\n<p>Finalmente, El Arca de M\u00e9xico recibe donativos, tanto en especie como econ\u00f3micos, que se pueden realizar mediante el siguiente enlace: <a href=\"https:\/\/elarcademexico.org\/donar\/\">https:\/\/elarcademexico.org\/donar\/<\/a><\/p>\n<p>Y pone a disposici\u00f3n de los usuarios el siguiente correo de contacto: contacto@elarcademexico.org<\/p>\n","protected":false},"excerpt":{"rendered":"<p>Las personas con discapacidad intelectual est\u00e1n dotadas de valiosos dones que muchas veces no conocen y, por lo tanto, tampoco logran desarrollar. Por eso El Arca de M\u00e9xico, Instituci\u00f3n de Asistencia Privada, centra sus esfuerzos en acoger \u201cde manera permanente a hombres y mujeres adultos con discapacidad intelectual y que han sido abandonados\u201d, con el [&hellip;]<\/p>\n","protected":false},"author":5,"featured_media":128,"comment_status":"open","ping_status":"closed","sticky":false,"template":"","format":"standard","meta":{"footnotes":""},"categories":[6],"tags":[],"class_list":["post-127","post","type-post","status-publish","format-standard","has-post-thumbnail","hentry","category-noticias"],"yoast_head":"<!-- This site is optimized with the Yoast SEO plugin v27.5 - https:\/\/yoast.com\/product\/yoast-seo-wordpress\/ -->\n<title>Una oportunidad de crecimiento para las personas con discapacidad intelectual - Historias que inspiran...<\/title>\n<meta name=\"robots\" content=\"index, follow, max-snippet:-1, max-image-preview:large, max-video-preview:-1\" \/>\n<link rel=\"canonical\" href=\"https:\/\/somos-hermanos.mx\/index.php\/2025\/08\/01\/una-oportunidad-de-crecimiento-para-las-personas-con-discapacidad-intelectual\/\" \/>\n<meta property=\"og:locale\" content=\"es_MX\" \/>\n<meta property=\"og:type\" content=\"article\" \/>\n<meta property=\"og:title\" content=\"Una oportunidad de crecimiento para las personas con discapacidad intelectual - Historias que inspiran...\" \/>\n<meta property=\"og:description\" content=\"Las personas con discapacidad intelectual est\u00e1n dotadas de valiosos dones que muchas veces no conocen y, por lo tanto, tampoco logran desarrollar. Por eso El Arca de M\u00e9xico, Instituci\u00f3n de Asistencia Privada, centra sus esfuerzos en acoger \u201cde manera permanente a hombres y mujeres adultos con discapacidad intelectual y que han sido abandonados\u201d, con el [&hellip;]\" \/>\n<meta property=\"og:url\" content=\"https:\/\/somos-hermanos.mx\/index.php\/2025\/08\/01\/una-oportunidad-de-crecimiento-para-las-personas-con-discapacidad-intelectual\/\" \/>\n<meta property=\"og:site_name\" content=\"Historias que inspiran...\" \/>\n<meta property=\"article:publisher\" content=\"https:\/\/www.facebook.com\/SomosHermanosIAP\/\" \/>\n<meta property=\"article:published_time\" content=\"2025-08-02T03:59:46+00:00\" \/>\n<meta property=\"article:modified_time\" content=\"2025-08-02T04:00:06+00:00\" \/>\n<meta property=\"og:image\" content=\"https:\/\/somos-hermanos.mx\/wp-content\/uploads\/2025\/08\/arca.jpg\" \/>\n\t<meta property=\"og:image:width\" content=\"350\" \/>\n\t<meta property=\"og:image:height\" content=\"340\" \/>\n\t<meta property=\"og:image:type\" content=\"image\/jpeg\" \/>\n<meta name=\"author\" content=\"Ian Castelo Espinoza\" \/>\n<meta name=\"twitter:card\" content=\"summary_large_image\" \/>\n<meta name=\"twitter:creator\" content=\"@Somos__Hermanos\" \/>\n<meta name=\"twitter:site\" content=\"@Somos__Hermanos\" \/>\n<meta name=\"twitter:label1\" content=\"Escrito por\" \/>\n\t<meta name=\"twitter:data1\" content=\"Ian Castelo Espinoza\" \/>\n\t<meta name=\"twitter:label2\" content=\"Tiempo de lectura\" \/>\n\t<meta name=\"twitter:data2\" content=\"3 minutos\" \/>\n<script type=\"application\/ld+json\" class=\"yoast-schema-graph\">{\"@context\":\"https:\\\/\\\/schema.org\",\"@graph\":[{\"@type\":\"Article\",\"@id\":\"https:\\\/\\\/somos-hermanos.mx\\\/index.php\\\/2025\\\/08\\\/01\\\/una-oportunidad-de-crecimiento-para-las-personas-con-discapacidad-intelectual\\\/#article\",\"isPartOf\":{\"@id\":\"https:\\\/\\\/somos-hermanos.mx\\\/index.php\\\/2025\\\/08\\\/01\\\/una-oportunidad-de-crecimiento-para-las-personas-con-discapacidad-intelectual\\\/\"},\"author\":{\"name\":\"Ian Castelo Espinoza\",\"@id\":\"https:\\\/\\\/somos-hermanos.mx\\\/#\\\/schema\\\/person\\\/a23e73fa301c31e448c416ffef691a79\"},\"headline\":\"Una oportunidad de crecimiento para las personas con discapacidad intelectual\",\"datePublished\":\"2025-08-02T03:59:46+00:00\",\"dateModified\":\"2025-08-02T04:00:06+00:00\",\"mainEntityOfPage\":{\"@id\":\"https:\\\/\\\/somos-hermanos.mx\\\/index.php\\\/2025\\\/08\\\/01\\\/una-oportunidad-de-crecimiento-para-las-personas-con-discapacidad-intelectual\\\/\"},\"wordCount\":503,\"commentCount\":0,\"publisher\":{\"@id\":\"https:\\\/\\\/somos-hermanos.mx\\\/#organization\"},\"image\":{\"@id\":\"https:\\\/\\\/somos-hermanos.mx\\\/index.php\\\/2025\\\/08\\\/01\\\/una-oportunidad-de-crecimiento-para-las-personas-con-discapacidad-intelectual\\\/#primaryimage\"},\"thumbnailUrl\":\"https:\\\/\\\/somos-hermanos.mx\\\/wp-content\\\/uploads\\\/2025\\\/08\\\/arca.jpg\",\"articleSection\":[\"Noticias\"],\"inLanguage\":\"es\",\"potentialAction\":[{\"@type\":\"CommentAction\",\"name\":\"Comment\",\"target\":[\"https:\\\/\\\/somos-hermanos.mx\\\/index.php\\\/2025\\\/08\\\/01\\\/una-oportunidad-de-crecimiento-para-las-personas-con-discapacidad-intelectual\\\/#respond\"]}]},{\"@type\":\"WebPage\",\"@id\":\"https:\\\/\\\/somos-hermanos.mx\\\/index.php\\\/2025\\\/08\\\/01\\\/una-oportunidad-de-crecimiento-para-las-personas-con-discapacidad-intelectual\\\/\",\"url\":\"https:\\\/\\\/somos-hermanos.mx\\\/index.php\\\/2025\\\/08\\\/01\\\/una-oportunidad-de-crecimiento-para-las-personas-con-discapacidad-intelectual\\\/\",\"name\":\"Una oportunidad de crecimiento para las personas con discapacidad intelectual - Historias que inspiran...\",\"isPartOf\":{\"@id\":\"https:\\\/\\\/somos-hermanos.mx\\\/#website\"},\"primaryImageOfPage\":{\"@id\":\"https:\\\/\\\/somos-hermanos.mx\\\/index.php\\\/2025\\\/08\\\/01\\\/una-oportunidad-de-crecimiento-para-las-personas-con-discapacidad-intelectual\\\/#primaryimage\"},\"image\":{\"@id\":\"https:\\\/\\\/somos-hermanos.mx\\\/index.php\\\/2025\\\/08\\\/01\\\/una-oportunidad-de-crecimiento-para-las-personas-con-discapacidad-intelectual\\\/#primaryimage\"},\"thumbnailUrl\":\"https:\\\/\\\/somos-hermanos.mx\\\/wp-content\\\/uploads\\\/2025\\\/08\\\/arca.jpg\",\"datePublished\":\"2025-08-02T03:59:46+00:00\",\"dateModified\":\"2025-08-02T04:00:06+00:00\",\"breadcrumb\":{\"@id\":\"https:\\\/\\\/somos-hermanos.mx\\\/index.php\\\/2025\\\/08\\\/01\\\/una-oportunidad-de-crecimiento-para-las-personas-con-discapacidad-intelectual\\\/#breadcrumb\"},\"inLanguage\":\"es\",\"potentialAction\":[{\"@type\":\"ReadAction\",\"target\":[\"https:\\\/\\\/somos-hermanos.mx\\\/index.php\\\/2025\\\/08\\\/01\\\/una-oportunidad-de-crecimiento-para-las-personas-con-discapacidad-intelectual\\\/\"]}]},{\"@type\":\"ImageObject\",\"inLanguage\":\"es\",\"@id\":\"https:\\\/\\\/somos-hermanos.mx\\\/index.php\\\/2025\\\/08\\\/01\\\/una-oportunidad-de-crecimiento-para-las-personas-con-discapacidad-intelectual\\\/#primaryimage\",\"url\":\"https:\\\/\\\/somos-hermanos.mx\\\/wp-content\\\/uploads\\\/2025\\\/08\\\/arca.jpg\",\"contentUrl\":\"https:\\\/\\\/somos-hermanos.mx\\\/wp-content\\\/uploads\\\/2025\\\/08\\\/arca.jpg\",\"width\":350,\"height\":340,\"caption\":\"Fotograf\u00edas\"},{\"@type\":\"BreadcrumbList\",\"@id\":\"https:\\\/\\\/somos-hermanos.mx\\\/index.php\\\/2025\\\/08\\\/01\\\/una-oportunidad-de-crecimiento-para-las-personas-con-discapacidad-intelectual\\\/#breadcrumb\",\"itemListElement\":[{\"@type\":\"ListItem\",\"position\":1,\"name\":\"Inicio\",\"item\":\"https:\\\/\\\/somos-hermanos.mx\\\/\"},{\"@type\":\"ListItem\",\"position\":2,\"name\":\"Una oportunidad de crecimiento para las personas con discapacidad intelectual\"}]},{\"@type\":\"WebSite\",\"@id\":\"https:\\\/\\\/somos-hermanos.mx\\\/#website\",\"url\":\"https:\\\/\\\/somos-hermanos.mx\\\/\",\"name\":\"Historias que inspiran...\",\"description\":\"Somos la voz del altruismo en M\u00e9xico\",\"publisher\":{\"@id\":\"https:\\\/\\\/somos-hermanos.mx\\\/#organization\"},\"potentialAction\":[{\"@type\":\"SearchAction\",\"target\":{\"@type\":\"EntryPoint\",\"urlTemplate\":\"https:\\\/\\\/somos-hermanos.mx\\\/?s={search_term_string}\"},\"query-input\":{\"@type\":\"PropertyValueSpecification\",\"valueRequired\":true,\"valueName\":\"search_term_string\"}}],\"inLanguage\":\"es\"},{\"@type\":\"Organization\",\"@id\":\"https:\\\/\\\/somos-hermanos.mx\\\/#organization\",\"name\":\"Somos Hermanos\",\"url\":\"https:\\\/\\\/somos-hermanos.mx\\\/\",\"logo\":{\"@type\":\"ImageObject\",\"inLanguage\":\"es\",\"@id\":\"https:\\\/\\\/somos-hermanos.mx\\\/#\\\/schema\\\/logo\\\/image\\\/\",\"url\":\"https:\\\/\\\/somos-hermanos.mx\\\/wp-content\\\/uploads\\\/2025\\\/08\\\/SH30-1.jpeg\",\"contentUrl\":\"https:\\\/\\\/somos-hermanos.mx\\\/wp-content\\\/uploads\\\/2025\\\/08\\\/SH30-1.jpeg\",\"width\":1600,\"height\":1142,\"caption\":\"Somos Hermanos\"},\"image\":{\"@id\":\"https:\\\/\\\/somos-hermanos.mx\\\/#\\\/schema\\\/logo\\\/image\\\/\"},\"sameAs\":[\"https:\\\/\\\/www.facebook.com\\\/SomosHermanosIAP\\\/\",\"https:\\\/\\\/x.com\\\/Somos__Hermanos\",\"https:\\\/\\\/www.instagram.com\\\/somos__hermanos\\\/#\",\"https:\\\/\\\/www.tiktok.com\\\/@somoshermanosiap\",\"https:\\\/\\\/www.youtube.com\\\/@somoshermanosiap1201\\\/videos\"]},{\"@type\":\"Person\",\"@id\":\"https:\\\/\\\/somos-hermanos.mx\\\/#\\\/schema\\\/person\\\/a23e73fa301c31e448c416ffef691a79\",\"name\":\"Ian Castelo Espinoza\",\"image\":{\"@type\":\"ImageObject\",\"inLanguage\":\"es\",\"@id\":\"https:\\\/\\\/secure.gravatar.com\\\/avatar\\\/f6d3daeb57e01d563e3f3a1d9b44389ba979de308271e31fe81ed15d473ce852?s=96&d=mm&r=g\",\"url\":\"https:\\\/\\\/secure.gravatar.com\\\/avatar\\\/f6d3daeb57e01d563e3f3a1d9b44389ba979de308271e31fe81ed15d473ce852?s=96&d=mm&r=g\",\"contentUrl\":\"https:\\\/\\\/secure.gravatar.com\\\/avatar\\\/f6d3daeb57e01d563e3f3a1d9b44389ba979de308271e31fe81ed15d473ce852?s=96&d=mm&r=g\",\"caption\":\"Ian Castelo Espinoza\"},\"url\":\"https:\\\/\\\/somos-hermanos.mx\\\/index.php\\\/author\\\/ian-castelo-espinoza\\\/\"}]}<\/script>\n<!-- \/ Yoast SEO plugin. -->","yoast_head_json":{"title":"Una oportunidad de crecimiento para las personas con discapacidad intelectual - Historias que inspiran...","robots":{"index":"index","follow":"follow","max-snippet":"max-snippet:-1","max-image-preview":"max-image-preview:large","max-video-preview":"max-video-preview:-1"},"canonical":"https:\/\/somos-hermanos.mx\/index.php\/2025\/08\/01\/una-oportunidad-de-crecimiento-para-las-personas-con-discapacidad-intelectual\/","og_locale":"es_MX","og_type":"article","og_title":"Una oportunidad de crecimiento para las personas con discapacidad intelectual - Historias que inspiran...","og_description":"Las personas con discapacidad intelectual est\u00e1n dotadas de valiosos dones que muchas veces no conocen y, por lo tanto, tampoco logran desarrollar. Por eso El Arca de M\u00e9xico, Instituci\u00f3n de Asistencia Privada, centra sus esfuerzos en acoger \u201cde manera permanente a hombres y mujeres adultos con discapacidad intelectual y que han sido abandonados\u201d, con el [&hellip;]","og_url":"https:\/\/somos-hermanos.mx\/index.php\/2025\/08\/01\/una-oportunidad-de-crecimiento-para-las-personas-con-discapacidad-intelectual\/","og_site_name":"Historias que inspiran...","article_publisher":"https:\/\/www.facebook.com\/SomosHermanosIAP\/","article_published_time":"2025-08-02T03:59:46+00:00","article_modified_time":"2025-08-02T04:00:06+00:00","og_image":[{"width":350,"height":340,"url":"https:\/\/somos-hermanos.mx\/wp-content\/uploads\/2025\/08\/arca.jpg","type":"image\/jpeg"}],"author":"Ian Castelo Espinoza","twitter_card":"summary_large_image","twitter_creator":"@Somos__Hermanos","twitter_site":"@Somos__Hermanos","twitter_misc":{"Escrito por":"Ian Castelo Espinoza","Tiempo de lectura":"3 minutos"},"schema":{"@context":"https:\/\/schema.org","@graph":[{"@type":"Article","@id":"https:\/\/somos-hermanos.mx\/index.php\/2025\/08\/01\/una-oportunidad-de-crecimiento-para-las-personas-con-discapacidad-intelectual\/#article","isPartOf":{"@id":"https:\/\/somos-hermanos.mx\/index.php\/2025\/08\/01\/una-oportunidad-de-crecimiento-para-las-personas-con-discapacidad-intelectual\/"},"author":{"name":"Ian Castelo Espinoza","@id":"https:\/\/somos-hermanos.mx\/#\/schema\/person\/a23e73fa301c31e448c416ffef691a79"},"headline":"Una oportunidad de crecimiento para las personas con discapacidad intelectual","datePublished":"2025-08-02T03:59:46+00:00","dateModified":"2025-08-02T04:00:06+00:00","mainEntityOfPage":{"@id":"https:\/\/somos-hermanos.mx\/index.php\/2025\/08\/01\/una-oportunidad-de-crecimiento-para-las-personas-con-discapacidad-intelectual\/"},"wordCount":503,"commentCount":0,"publisher":{"@id":"https:\/\/somos-hermanos.mx\/#organization"},"image":{"@id":"https:\/\/somos-hermanos.mx\/index.php\/2025\/08\/01\/una-oportunidad-de-crecimiento-para-las-personas-con-discapacidad-intelectual\/#primaryimage"},"thumbnailUrl":"https:\/\/somos-hermanos.mx\/wp-content\/uploads\/2025\/08\/arca.jpg","articleSection":["Noticias"],"inLanguage":"es","potentialAction":[{"@type":"CommentAction","name":"Comment","target":["https:\/\/somos-hermanos.mx\/index.php\/2025\/08\/01\/una-oportunidad-de-crecimiento-para-las-personas-con-discapacidad-intelectual\/#respond"]}]},{"@type":"WebPage","@id":"https:\/\/somos-hermanos.mx\/index.php\/2025\/08\/01\/una-oportunidad-de-crecimiento-para-las-personas-con-discapacidad-intelectual\/","url":"https:\/\/somos-hermanos.mx\/index.php\/2025\/08\/01\/una-oportunidad-de-crecimiento-para-las-personas-con-discapacidad-intelectual\/","name":"Una oportunidad de crecimiento para las personas con discapacidad intelectual - Historias que inspiran...","isPartOf":{"@id":"https:\/\/somos-hermanos.mx\/#website"},"primaryImageOfPage":{"@id":"https:\/\/somos-hermanos.mx\/index.php\/2025\/08\/01\/una-oportunidad-de-crecimiento-para-las-personas-con-discapacidad-intelectual\/#primaryimage"},"image":{"@id":"https:\/\/somos-hermanos.mx\/index.php\/2025\/08\/01\/una-oportunidad-de-crecimiento-para-las-personas-con-discapacidad-intelectual\/#primaryimage"},"thumbnailUrl":"https:\/\/somos-hermanos.mx\/wp-content\/uploads\/2025\/08\/arca.jpg","datePublished":"2025-08-02T03:59:46+00:00","dateModified":"2025-08-02T04:00:06+00:00","breadcrumb":{"@id":"https:\/\/somos-hermanos.mx\/index.php\/2025\/08\/01\/una-oportunidad-de-crecimiento-para-las-personas-con-discapacidad-intelectual\/#breadcrumb"},"inLanguage":"es","potentialAction":[{"@type":"ReadAction","target":["https:\/\/somos-hermanos.mx\/index.php\/2025\/08\/01\/una-oportunidad-de-crecimiento-para-las-personas-con-discapacidad-intelectual\/"]}]},{"@type":"ImageObject","inLanguage":"es","@id":"https:\/\/somos-hermanos.mx\/index.php\/2025\/08\/01\/una-oportunidad-de-crecimiento-para-las-personas-con-discapacidad-intelectual\/#primaryimage","url":"https:\/\/somos-hermanos.mx\/wp-content\/uploads\/2025\/08\/arca.jpg","contentUrl":"https:\/\/somos-hermanos.mx\/wp-content\/uploads\/2025\/08\/arca.jpg","width":350,"height":340,"caption":"Fotograf\u00edas"},{"@type":"BreadcrumbList","@id":"https:\/\/somos-hermanos.mx\/index.php\/2025\/08\/01\/una-oportunidad-de-crecimiento-para-las-personas-con-discapacidad-intelectual\/#breadcrumb","itemListElement":[{"@type":"ListItem","position":1,"name":"Inicio","item":"https:\/\/somos-hermanos.mx\/"},{"@type":"ListItem","position":2,"name":"Una oportunidad de crecimiento para las personas con discapacidad intelectual"}]},{"@type":"WebSite","@id":"https:\/\/somos-hermanos.mx\/#website","url":"https:\/\/somos-hermanos.mx\/","name":"Historias que inspiran...","description":"Somos la voz del altruismo en M\u00e9xico","publisher":{"@id":"https:\/\/somos-hermanos.mx\/#organization"},"potentialAction":[{"@type":"SearchAction","target":{"@type":"EntryPoint","urlTemplate":"https:\/\/somos-hermanos.mx\/?s={search_term_string}"},"query-input":{"@type":"PropertyValueSpecification","valueRequired":true,"valueName":"search_term_string"}}],"inLanguage":"es"},{"@type":"Organization","@id":"https:\/\/somos-hermanos.mx\/#organization","name":"Somos Hermanos","url":"https:\/\/somos-hermanos.mx\/","logo":{"@type":"ImageObject","inLanguage":"es","@id":"https:\/\/somos-hermanos.mx\/#\/schema\/logo\/image\/","url":"https:\/\/somos-hermanos.mx\/wp-content\/uploads\/2025\/08\/SH30-1.jpeg","contentUrl":"https:\/\/somos-hermanos.mx\/wp-content\/uploads\/2025\/08\/SH30-1.jpeg","width":1600,"height":1142,"caption":"Somos Hermanos"},"image":{"@id":"https:\/\/somos-hermanos.mx\/#\/schema\/logo\/image\/"},"sameAs":["https:\/\/www.facebook.com\/SomosHermanosIAP\/","https:\/\/x.com\/Somos__Hermanos","https:\/\/www.instagram.com\/somos__hermanos\/#","https:\/\/www.tiktok.com\/@somoshermanosiap","https:\/\/www.youtube.com\/@somoshermanosiap1201\/videos"]},{"@type":"Person","@id":"https:\/\/somos-hermanos.mx\/#\/schema\/person\/a23e73fa301c31e448c416ffef691a79","name":"Ian Castelo Espinoza","image":{"@type":"ImageObject","inLanguage":"es","@id":"https:\/\/secure.gravatar.com\/avatar\/f6d3daeb57e01d563e3f3a1d9b44389ba979de308271e31fe81ed15d473ce852?s=96&d=mm&r=g","url":"https:\/\/secure.gravatar.com\/avatar\/f6d3daeb57e01d563e3f3a1d9b44389ba979de308271e31fe81ed15d473ce852?s=96&d=mm&r=g","contentUrl":"https:\/\/secure.gravatar.com\/avatar\/f6d3daeb57e01d563e3f3a1d9b44389ba979de308271e31fe81ed15d473ce852?s=96&d=mm&r=g","caption":"Ian Castelo Espinoza"},"url":"https:\/\/somos-hermanos.mx\/index.php\/author\/ian-castelo-espinoza\/"}]}},"_links":{"self":[{"href":"https:\/\/somos-hermanos.mx\/index.php\/wp-json\/wp\/v2\/posts\/127","targetHints":{"allow":["GET"]}}],"collection":[{"href":"https:\/\/somos-hermanos.mx\/index.php\/wp-json\/wp\/v2\/posts"}],"about":[{"href":"https:\/\/somos-hermanos.mx\/index.php\/wp-json\/wp\/v2\/types\/post"}],"author":[{"embeddable":true,"href":"https:\/\/somos-hermanos.mx\/index.php\/wp-json\/wp\/v2\/users\/5"}],"replies":[{"embeddable":true,"href":"https:\/\/somos-hermanos.mx\/index.php\/wp-json\/wp\/v2\/comments?post=127"}],"version-history":[{"count":1,"href":"https:\/\/somos-hermanos.mx\/index.php\/wp-json\/wp\/v2\/posts\/127\/revisions"}],"predecessor-version":[{"id":129,"href":"https:\/\/somos-hermanos.mx\/index.php\/wp-json\/wp\/v2\/posts\/127\/revisions\/129"}],"wp:featuredmedia":[{"embeddable":true,"href":"https:\/\/somos-hermanos.mx\/index.php\/wp-json\/wp\/v2\/media\/128"}],"wp:attachment":[{"href":"https:\/\/somos-hermanos.mx\/index.php\/wp-json\/wp\/v2\/media?parent=127"}],"wp:term":[{"taxonomy":"category","embeddable":true,"href":"https:\/\/somos-hermanos.mx\/index.php\/wp-json\/wp\/v2\/categories?post=127"},{"taxonomy":"post_tag","embeddable":true,"href":"https:\/\/somos-hermanos.mx\/index.php\/wp-json\/wp\/v2\/tags?post=127"}],"curies":[{"name":"wp","href":"https:\/\/api.w.org\/{rel}","templated":true}]}}