{"id":1156,"date":"2025-08-04T05:02:47","date_gmt":"2025-08-04T11:02:47","guid":{"rendered":"https:\/\/somos-hermanos.mx\/?p=1156"},"modified":"2025-08-04T05:02:47","modified_gmt":"2025-08-04T11:02:47","slug":"mexico-sin-sordera-el-oido-de-los-mexicanos","status":"publish","type":"post","link":"https:\/\/somos-hermanos.mx\/index.php\/2025\/08\/04\/mexico-sin-sordera-el-oido-de-los-mexicanos\/","title":{"rendered":"M\u00e9xico sin Sordera: el o\u00eddo de los mexicanos"},"content":{"rendered":"<p>Los sonidos de las calles de Ciudad de M\u00e9xico son un distintivo particular de la metr\u00f3polis, es por ello que, a favor de beneficiar a los ciudadanos con discapacidad auditiva, <strong>nace en junio del 2018 en la alcald\u00eda Cuauht\u00e9moc la Fundaci\u00f3n <\/strong><strong>M\u00e9xico sin Sordera AC<\/strong><strong>\u00a0<\/strong>trabajando incansablemente para mejorar la calidad de vida de las personas con esta discapacidad, siendo fuente de esperanza esencial para el desarrollo de un M\u00e9xico inclusivo, donde la oportunidad de escuchar est\u00e9 al alcance de todos.<\/p>\n<p>En M\u00e9xico sin Sordera\u00a0<strong>se promueve la rehabilitaci\u00f3n m\u00e9dica e integral de personas y grupos vulnerables que presentan alg\u00fan tipo o grado de discapacidad auditiva<\/strong>\u00a0conjugando acciones a trav\u00e9s de la asesor\u00eda legal, orientaci\u00f3n, gesti\u00f3n, respaldo y acompa\u00f1amiento, todo esto desde la detecci\u00f3n, la adaptaci\u00f3n de auxiliares auditivos, cirug\u00eda de implante coclear u osteointegrado y hasta la rehabilitaci\u00f3n auditiva.<\/p>\n<p>Durante la conferencia que se celebr\u00f3 el pasado 25 de julio con motivo de la inauguraci\u00f3n del <strong>Centro Especializado de Audiolog\u00eda Pedi\u00e1trica de <\/strong><strong><em><i>M\u00e9xico sin Sordera<\/i><\/em><\/strong><strong>, la embajadora Daniela Garc\u00eda dio un paso gigante por la infancia <\/strong>abriendo un espacio dedicado al diagn\u00f3stico, atenci\u00f3n y acompa\u00f1amiento auditivo de ni\u00f1as y ni\u00f1os desde sus primeros a\u00f1os.<\/p>\n<p>La Dr. Valeria Galv\u00e1n, especialista en audiolog\u00eda que es quien acompa\u00f1a a los pacientes sordos en la evaluaci\u00f3n de la capacidad auditiva en la fundaci\u00f3n, destac\u00f3 durante la conferencia informaci\u00f3n sobre <strong>el implante coclear que es un dispositivo electr\u00f3nico de ayuda auditiva que sustituye las funciones naturales del o\u00eddo para enviar se\u00f1ales el\u00e9ctricas al nervio auditivo y al cerebro,<\/strong>\u00a0para ser procesados e interpretados como sonido.<\/p>\n<p>Este es uno de los tratamientos m\u00e1s destacados con los que la fundaci\u00f3n cuenta para la ayuda de los sordos, consta de dos partes, una interna que debe ser colocada mediante cirug\u00eda y un componente externo donde se procesa el sonido. Tambi\u00e9n mencion\u00f3 que es \u201cun mundo fascinante y una de sus mayores motivaciones son sus pacientes\u201d.<\/p>\n<p>De igual manera la Dr. Valeria Galv\u00e1n refiri\u00f3 que acudir al audi\u00f3logo es importante cuando comienzan factores como p\u00e9rdida de audici\u00f3n, problemas de equilibrio o v\u00e9rtigo, zumbidos o ruidos en los o\u00eddos y sensaciones de o\u00eddos tapados o presi\u00f3n.<\/p>\n<p>La Fundaci\u00f3n M\u00e9xico sin Sordera<em><i>\u00a0<\/i><\/em>ha creado a <strong>Mi Noyolo, un personaje que forma parte del equipo para ayudar a los ni\u00f1os con la integraci\u00f3n de su Implante Coclear <\/strong>y puede adquirirse, en su versi\u00f3n de crochet, como parte de los donativos para la fundaci\u00f3n.<\/p>\n<p>A trav\u00e9s del respeto, la equidad, el amor, la inclusi\u00f3n y la honestidad M\u00e9xico sin Sordera\u00a0procura fomentar el bienestar auditivo con apoyo a la comunidad mexicana, dedicados a detectar a tiempo, atender con amor y cambiar vidas.<\/p>\n","protected":false},"excerpt":{"rendered":"<p>Los sonidos de las calles de Ciudad de M\u00e9xico son un distintivo particular de la metr\u00f3polis, es por ello que, a favor de beneficiar a los ciudadanos con discapacidad auditiva, nace en junio del 2018 en la alcald\u00eda Cuauht\u00e9moc la Fundaci\u00f3n M\u00e9xico sin Sordera AC\u00a0trabajando incansablemente para mejorar la calidad de vida de las personas [&hellip;]<\/p>\n","protected":false},"author":28,"featured_media":1157,"comment_status":"open","ping_status":"closed","sticky":false,"template":"","format":"standard","meta":{"footnotes":""},"categories":[6],"tags":[],"class_list":["post-1156","post","type-post","status-publish","format-standard","has-post-thumbnail","hentry","category-noticias"],"yoast_head":"<!-- This site is optimized with the Yoast SEO plugin v27.5 - https:\/\/yoast.com\/product\/yoast-seo-wordpress\/ -->\n<title>M\u00e9xico sin Sordera: el o\u00eddo de los mexicanos - Historias que inspiran...<\/title>\n<meta name=\"robots\" content=\"index, follow, max-snippet:-1, max-image-preview:large, max-video-preview:-1\" \/>\n<link rel=\"canonical\" href=\"https:\/\/somos-hermanos.mx\/index.php\/2025\/08\/04\/mexico-sin-sordera-el-oido-de-los-mexicanos\/\" \/>\n<meta property=\"og:locale\" content=\"es_MX\" \/>\n<meta property=\"og:type\" content=\"article\" \/>\n<meta property=\"og:title\" content=\"M\u00e9xico sin Sordera: el o\u00eddo de los mexicanos - Historias que inspiran...\" \/>\n<meta property=\"og:description\" content=\"Los sonidos de las calles de Ciudad de M\u00e9xico son un distintivo particular de la metr\u00f3polis, es por ello que, a favor de beneficiar a los ciudadanos con discapacidad auditiva, nace en junio del 2018 en la alcald\u00eda Cuauht\u00e9moc la Fundaci\u00f3n M\u00e9xico sin Sordera AC\u00a0trabajando incansablemente para mejorar la calidad de vida de las personas [&hellip;]\" \/>\n<meta property=\"og:url\" content=\"https:\/\/somos-hermanos.mx\/index.php\/2025\/08\/04\/mexico-sin-sordera-el-oido-de-los-mexicanos\/\" \/>\n<meta property=\"og:site_name\" content=\"Historias que inspiran...\" \/>\n<meta property=\"article:publisher\" content=\"https:\/\/www.facebook.com\/SomosHermanosIAP\/\" \/>\n<meta property=\"article:published_time\" content=\"2025-08-04T11:02:47+00:00\" \/>\n<meta property=\"og:image\" content=\"https:\/\/somos-hermanos.mx\/wp-content\/uploads\/2025\/08\/sordera1.jpeg\" \/>\n\t<meta property=\"og:image:width\" content=\"934\" \/>\n\t<meta property=\"og:image:height\" content=\"934\" \/>\n\t<meta property=\"og:image:type\" content=\"image\/jpeg\" \/>\n<meta name=\"author\" content=\"Jocelyn Guzm\u00e1n Mart\u00ednez\" \/>\n<meta name=\"twitter:card\" content=\"summary_large_image\" \/>\n<meta name=\"twitter:creator\" content=\"@Somos__Hermanos\" \/>\n<meta name=\"twitter:site\" content=\"@Somos__Hermanos\" \/>\n<meta name=\"twitter:label1\" content=\"Escrito por\" \/>\n\t<meta name=\"twitter:data1\" content=\"Jocelyn Guzm\u00e1n Mart\u00ednez\" \/>\n\t<meta name=\"twitter:label2\" content=\"Tiempo de lectura\" \/>\n\t<meta name=\"twitter:data2\" content=\"3 minutos\" \/>\n<script type=\"application\/ld+json\" class=\"yoast-schema-graph\">{\"@context\":\"https:\\\/\\\/schema.org\",\"@graph\":[{\"@type\":\"Article\",\"@id\":\"https:\\\/\\\/somos-hermanos.mx\\\/index.php\\\/2025\\\/08\\\/04\\\/mexico-sin-sordera-el-oido-de-los-mexicanos\\\/#article\",\"isPartOf\":{\"@id\":\"https:\\\/\\\/somos-hermanos.mx\\\/index.php\\\/2025\\\/08\\\/04\\\/mexico-sin-sordera-el-oido-de-los-mexicanos\\\/\"},\"author\":{\"name\":\"Jocelyn Guzm\u00e1n Mart\u00ednez\",\"@id\":\"https:\\\/\\\/somos-hermanos.mx\\\/#\\\/schema\\\/person\\\/0cd447ea54751f11595557ee49ac6f23\"},\"headline\":\"M\u00e9xico sin Sordera: el o\u00eddo de los mexicanos\",\"datePublished\":\"2025-08-04T11:02:47+00:00\",\"mainEntityOfPage\":{\"@id\":\"https:\\\/\\\/somos-hermanos.mx\\\/index.php\\\/2025\\\/08\\\/04\\\/mexico-sin-sordera-el-oido-de-los-mexicanos\\\/\"},\"wordCount\":510,\"commentCount\":0,\"publisher\":{\"@id\":\"https:\\\/\\\/somos-hermanos.mx\\\/#organization\"},\"image\":{\"@id\":\"https:\\\/\\\/somos-hermanos.mx\\\/index.php\\\/2025\\\/08\\\/04\\\/mexico-sin-sordera-el-oido-de-los-mexicanos\\\/#primaryimage\"},\"thumbnailUrl\":\"https:\\\/\\\/somos-hermanos.mx\\\/wp-content\\\/uploads\\\/2025\\\/08\\\/sordera1.jpeg\",\"articleSection\":[\"Noticias\"],\"inLanguage\":\"es\",\"potentialAction\":[{\"@type\":\"CommentAction\",\"name\":\"Comment\",\"target\":[\"https:\\\/\\\/somos-hermanos.mx\\\/index.php\\\/2025\\\/08\\\/04\\\/mexico-sin-sordera-el-oido-de-los-mexicanos\\\/#respond\"]}]},{\"@type\":\"WebPage\",\"@id\":\"https:\\\/\\\/somos-hermanos.mx\\\/index.php\\\/2025\\\/08\\\/04\\\/mexico-sin-sordera-el-oido-de-los-mexicanos\\\/\",\"url\":\"https:\\\/\\\/somos-hermanos.mx\\\/index.php\\\/2025\\\/08\\\/04\\\/mexico-sin-sordera-el-oido-de-los-mexicanos\\\/\",\"name\":\"M\u00e9xico sin Sordera: el o\u00eddo de los mexicanos - Historias que inspiran...\",\"isPartOf\":{\"@id\":\"https:\\\/\\\/somos-hermanos.mx\\\/#website\"},\"primaryImageOfPage\":{\"@id\":\"https:\\\/\\\/somos-hermanos.mx\\\/index.php\\\/2025\\\/08\\\/04\\\/mexico-sin-sordera-el-oido-de-los-mexicanos\\\/#primaryimage\"},\"image\":{\"@id\":\"https:\\\/\\\/somos-hermanos.mx\\\/index.php\\\/2025\\\/08\\\/04\\\/mexico-sin-sordera-el-oido-de-los-mexicanos\\\/#primaryimage\"},\"thumbnailUrl\":\"https:\\\/\\\/somos-hermanos.mx\\\/wp-content\\\/uploads\\\/2025\\\/08\\\/sordera1.jpeg\",\"datePublished\":\"2025-08-04T11:02:47+00:00\",\"breadcrumb\":{\"@id\":\"https:\\\/\\\/somos-hermanos.mx\\\/index.php\\\/2025\\\/08\\\/04\\\/mexico-sin-sordera-el-oido-de-los-mexicanos\\\/#breadcrumb\"},\"inLanguage\":\"es\",\"potentialAction\":[{\"@type\":\"ReadAction\",\"target\":[\"https:\\\/\\\/somos-hermanos.mx\\\/index.php\\\/2025\\\/08\\\/04\\\/mexico-sin-sordera-el-oido-de-los-mexicanos\\\/\"]}]},{\"@type\":\"ImageObject\",\"inLanguage\":\"es\",\"@id\":\"https:\\\/\\\/somos-hermanos.mx\\\/index.php\\\/2025\\\/08\\\/04\\\/mexico-sin-sordera-el-oido-de-los-mexicanos\\\/#primaryimage\",\"url\":\"https:\\\/\\\/somos-hermanos.mx\\\/wp-content\\\/uploads\\\/2025\\\/08\\\/sordera1.jpeg\",\"contentUrl\":\"https:\\\/\\\/somos-hermanos.mx\\\/wp-content\\\/uploads\\\/2025\\\/08\\\/sordera1.jpeg\",\"width\":934,\"height\":934},{\"@type\":\"BreadcrumbList\",\"@id\":\"https:\\\/\\\/somos-hermanos.mx\\\/index.php\\\/2025\\\/08\\\/04\\\/mexico-sin-sordera-el-oido-de-los-mexicanos\\\/#breadcrumb\",\"itemListElement\":[{\"@type\":\"ListItem\",\"position\":1,\"name\":\"Inicio\",\"item\":\"https:\\\/\\\/somos-hermanos.mx\\\/\"},{\"@type\":\"ListItem\",\"position\":2,\"name\":\"M\u00e9xico sin Sordera: el o\u00eddo de los mexicanos\"}]},{\"@type\":\"WebSite\",\"@id\":\"https:\\\/\\\/somos-hermanos.mx\\\/#website\",\"url\":\"https:\\\/\\\/somos-hermanos.mx\\\/\",\"name\":\"Historias que inspiran...\",\"description\":\"Somos la voz del altruismo en M\u00e9xico\",\"publisher\":{\"@id\":\"https:\\\/\\\/somos-hermanos.mx\\\/#organization\"},\"potentialAction\":[{\"@type\":\"SearchAction\",\"target\":{\"@type\":\"EntryPoint\",\"urlTemplate\":\"https:\\\/\\\/somos-hermanos.mx\\\/?s={search_term_string}\"},\"query-input\":{\"@type\":\"PropertyValueSpecification\",\"valueRequired\":true,\"valueName\":\"search_term_string\"}}],\"inLanguage\":\"es\"},{\"@type\":\"Organization\",\"@id\":\"https:\\\/\\\/somos-hermanos.mx\\\/#organization\",\"name\":\"Somos Hermanos\",\"url\":\"https:\\\/\\\/somos-hermanos.mx\\\/\",\"logo\":{\"@type\":\"ImageObject\",\"inLanguage\":\"es\",\"@id\":\"https:\\\/\\\/somos-hermanos.mx\\\/#\\\/schema\\\/logo\\\/image\\\/\",\"url\":\"https:\\\/\\\/somos-hermanos.mx\\\/wp-content\\\/uploads\\\/2025\\\/08\\\/SH30-1.jpeg\",\"contentUrl\":\"https:\\\/\\\/somos-hermanos.mx\\\/wp-content\\\/uploads\\\/2025\\\/08\\\/SH30-1.jpeg\",\"width\":1600,\"height\":1142,\"caption\":\"Somos Hermanos\"},\"image\":{\"@id\":\"https:\\\/\\\/somos-hermanos.mx\\\/#\\\/schema\\\/logo\\\/image\\\/\"},\"sameAs\":[\"https:\\\/\\\/www.facebook.com\\\/SomosHermanosIAP\\\/\",\"https:\\\/\\\/x.com\\\/Somos__Hermanos\",\"https:\\\/\\\/www.instagram.com\\\/somos__hermanos\\\/#\",\"https:\\\/\\\/www.tiktok.com\\\/@somoshermanosiap\",\"https:\\\/\\\/www.youtube.com\\\/@somoshermanosiap1201\\\/videos\"]},{\"@type\":\"Person\",\"@id\":\"https:\\\/\\\/somos-hermanos.mx\\\/#\\\/schema\\\/person\\\/0cd447ea54751f11595557ee49ac6f23\",\"name\":\"Jocelyn Guzm\u00e1n Mart\u00ednez\",\"image\":{\"@type\":\"ImageObject\",\"inLanguage\":\"es\",\"@id\":\"https:\\\/\\\/secure.gravatar.com\\\/avatar\\\/d5074038e8796d4eae4d9158911a66cce26c4f3f9e96ee6629aafc5c0638e08c?s=96&d=mm&r=g\",\"url\":\"https:\\\/\\\/secure.gravatar.com\\\/avatar\\\/d5074038e8796d4eae4d9158911a66cce26c4f3f9e96ee6629aafc5c0638e08c?s=96&d=mm&r=g\",\"contentUrl\":\"https:\\\/\\\/secure.gravatar.com\\\/avatar\\\/d5074038e8796d4eae4d9158911a66cce26c4f3f9e96ee6629aafc5c0638e08c?s=96&d=mm&r=g\",\"caption\":\"Jocelyn Guzm\u00e1n Mart\u00ednez\"},\"url\":\"https:\\\/\\\/somos-hermanos.mx\\\/index.php\\\/author\\\/jocelyn-guzman-martinez\\\/\"}]}<\/script>\n<!-- \/ Yoast SEO plugin. -->","yoast_head_json":{"title":"M\u00e9xico sin Sordera: el o\u00eddo de los mexicanos - Historias que inspiran...","robots":{"index":"index","follow":"follow","max-snippet":"max-snippet:-1","max-image-preview":"max-image-preview:large","max-video-preview":"max-video-preview:-1"},"canonical":"https:\/\/somos-hermanos.mx\/index.php\/2025\/08\/04\/mexico-sin-sordera-el-oido-de-los-mexicanos\/","og_locale":"es_MX","og_type":"article","og_title":"M\u00e9xico sin Sordera: el o\u00eddo de los mexicanos - Historias que inspiran...","og_description":"Los sonidos de las calles de Ciudad de M\u00e9xico son un distintivo particular de la metr\u00f3polis, es por ello que, a favor de beneficiar a los ciudadanos con discapacidad auditiva, nace en junio del 2018 en la alcald\u00eda Cuauht\u00e9moc la Fundaci\u00f3n M\u00e9xico sin Sordera AC\u00a0trabajando incansablemente para mejorar la calidad de vida de las personas [&hellip;]","og_url":"https:\/\/somos-hermanos.mx\/index.php\/2025\/08\/04\/mexico-sin-sordera-el-oido-de-los-mexicanos\/","og_site_name":"Historias que inspiran...","article_publisher":"https:\/\/www.facebook.com\/SomosHermanosIAP\/","article_published_time":"2025-08-04T11:02:47+00:00","og_image":[{"width":934,"height":934,"url":"https:\/\/somos-hermanos.mx\/wp-content\/uploads\/2025\/08\/sordera1.jpeg","type":"image\/jpeg"}],"author":"Jocelyn Guzm\u00e1n Mart\u00ednez","twitter_card":"summary_large_image","twitter_creator":"@Somos__Hermanos","twitter_site":"@Somos__Hermanos","twitter_misc":{"Escrito por":"Jocelyn Guzm\u00e1n Mart\u00ednez","Tiempo de lectura":"3 minutos"},"schema":{"@context":"https:\/\/schema.org","@graph":[{"@type":"Article","@id":"https:\/\/somos-hermanos.mx\/index.php\/2025\/08\/04\/mexico-sin-sordera-el-oido-de-los-mexicanos\/#article","isPartOf":{"@id":"https:\/\/somos-hermanos.mx\/index.php\/2025\/08\/04\/mexico-sin-sordera-el-oido-de-los-mexicanos\/"},"author":{"name":"Jocelyn Guzm\u00e1n Mart\u00ednez","@id":"https:\/\/somos-hermanos.mx\/#\/schema\/person\/0cd447ea54751f11595557ee49ac6f23"},"headline":"M\u00e9xico sin Sordera: el o\u00eddo de los mexicanos","datePublished":"2025-08-04T11:02:47+00:00","mainEntityOfPage":{"@id":"https:\/\/somos-hermanos.mx\/index.php\/2025\/08\/04\/mexico-sin-sordera-el-oido-de-los-mexicanos\/"},"wordCount":510,"commentCount":0,"publisher":{"@id":"https:\/\/somos-hermanos.mx\/#organization"},"image":{"@id":"https:\/\/somos-hermanos.mx\/index.php\/2025\/08\/04\/mexico-sin-sordera-el-oido-de-los-mexicanos\/#primaryimage"},"thumbnailUrl":"https:\/\/somos-hermanos.mx\/wp-content\/uploads\/2025\/08\/sordera1.jpeg","articleSection":["Noticias"],"inLanguage":"es","potentialAction":[{"@type":"CommentAction","name":"Comment","target":["https:\/\/somos-hermanos.mx\/index.php\/2025\/08\/04\/mexico-sin-sordera-el-oido-de-los-mexicanos\/#respond"]}]},{"@type":"WebPage","@id":"https:\/\/somos-hermanos.mx\/index.php\/2025\/08\/04\/mexico-sin-sordera-el-oido-de-los-mexicanos\/","url":"https:\/\/somos-hermanos.mx\/index.php\/2025\/08\/04\/mexico-sin-sordera-el-oido-de-los-mexicanos\/","name":"M\u00e9xico sin Sordera: el o\u00eddo de los mexicanos - Historias que inspiran...","isPartOf":{"@id":"https:\/\/somos-hermanos.mx\/#website"},"primaryImageOfPage":{"@id":"https:\/\/somos-hermanos.mx\/index.php\/2025\/08\/04\/mexico-sin-sordera-el-oido-de-los-mexicanos\/#primaryimage"},"image":{"@id":"https:\/\/somos-hermanos.mx\/index.php\/2025\/08\/04\/mexico-sin-sordera-el-oido-de-los-mexicanos\/#primaryimage"},"thumbnailUrl":"https:\/\/somos-hermanos.mx\/wp-content\/uploads\/2025\/08\/sordera1.jpeg","datePublished":"2025-08-04T11:02:47+00:00","breadcrumb":{"@id":"https:\/\/somos-hermanos.mx\/index.php\/2025\/08\/04\/mexico-sin-sordera-el-oido-de-los-mexicanos\/#breadcrumb"},"inLanguage":"es","potentialAction":[{"@type":"ReadAction","target":["https:\/\/somos-hermanos.mx\/index.php\/2025\/08\/04\/mexico-sin-sordera-el-oido-de-los-mexicanos\/"]}]},{"@type":"ImageObject","inLanguage":"es","@id":"https:\/\/somos-hermanos.mx\/index.php\/2025\/08\/04\/mexico-sin-sordera-el-oido-de-los-mexicanos\/#primaryimage","url":"https:\/\/somos-hermanos.mx\/wp-content\/uploads\/2025\/08\/sordera1.jpeg","contentUrl":"https:\/\/somos-hermanos.mx\/wp-content\/uploads\/2025\/08\/sordera1.jpeg","width":934,"height":934},{"@type":"BreadcrumbList","@id":"https:\/\/somos-hermanos.mx\/index.php\/2025\/08\/04\/mexico-sin-sordera-el-oido-de-los-mexicanos\/#breadcrumb","itemListElement":[{"@type":"ListItem","position":1,"name":"Inicio","item":"https:\/\/somos-hermanos.mx\/"},{"@type":"ListItem","position":2,"name":"M\u00e9xico sin Sordera: el o\u00eddo de los mexicanos"}]},{"@type":"WebSite","@id":"https:\/\/somos-hermanos.mx\/#website","url":"https:\/\/somos-hermanos.mx\/","name":"Historias que inspiran...","description":"Somos la voz del altruismo en M\u00e9xico","publisher":{"@id":"https:\/\/somos-hermanos.mx\/#organization"},"potentialAction":[{"@type":"SearchAction","target":{"@type":"EntryPoint","urlTemplate":"https:\/\/somos-hermanos.mx\/?s={search_term_string}"},"query-input":{"@type":"PropertyValueSpecification","valueRequired":true,"valueName":"search_term_string"}}],"inLanguage":"es"},{"@type":"Organization","@id":"https:\/\/somos-hermanos.mx\/#organization","name":"Somos Hermanos","url":"https:\/\/somos-hermanos.mx\/","logo":{"@type":"ImageObject","inLanguage":"es","@id":"https:\/\/somos-hermanos.mx\/#\/schema\/logo\/image\/","url":"https:\/\/somos-hermanos.mx\/wp-content\/uploads\/2025\/08\/SH30-1.jpeg","contentUrl":"https:\/\/somos-hermanos.mx\/wp-content\/uploads\/2025\/08\/SH30-1.jpeg","width":1600,"height":1142,"caption":"Somos Hermanos"},"image":{"@id":"https:\/\/somos-hermanos.mx\/#\/schema\/logo\/image\/"},"sameAs":["https:\/\/www.facebook.com\/SomosHermanosIAP\/","https:\/\/x.com\/Somos__Hermanos","https:\/\/www.instagram.com\/somos__hermanos\/#","https:\/\/www.tiktok.com\/@somoshermanosiap","https:\/\/www.youtube.com\/@somoshermanosiap1201\/videos"]},{"@type":"Person","@id":"https:\/\/somos-hermanos.mx\/#\/schema\/person\/0cd447ea54751f11595557ee49ac6f23","name":"Jocelyn Guzm\u00e1n Mart\u00ednez","image":{"@type":"ImageObject","inLanguage":"es","@id":"https:\/\/secure.gravatar.com\/avatar\/d5074038e8796d4eae4d9158911a66cce26c4f3f9e96ee6629aafc5c0638e08c?s=96&d=mm&r=g","url":"https:\/\/secure.gravatar.com\/avatar\/d5074038e8796d4eae4d9158911a66cce26c4f3f9e96ee6629aafc5c0638e08c?s=96&d=mm&r=g","contentUrl":"https:\/\/secure.gravatar.com\/avatar\/d5074038e8796d4eae4d9158911a66cce26c4f3f9e96ee6629aafc5c0638e08c?s=96&d=mm&r=g","caption":"Jocelyn Guzm\u00e1n Mart\u00ednez"},"url":"https:\/\/somos-hermanos.mx\/index.php\/author\/jocelyn-guzman-martinez\/"}]}},"_links":{"self":[{"href":"https:\/\/somos-hermanos.mx\/index.php\/wp-json\/wp\/v2\/posts\/1156","targetHints":{"allow":["GET"]}}],"collection":[{"href":"https:\/\/somos-hermanos.mx\/index.php\/wp-json\/wp\/v2\/posts"}],"about":[{"href":"https:\/\/somos-hermanos.mx\/index.php\/wp-json\/wp\/v2\/types\/post"}],"author":[{"embeddable":true,"href":"https:\/\/somos-hermanos.mx\/index.php\/wp-json\/wp\/v2\/users\/28"}],"replies":[{"embeddable":true,"href":"https:\/\/somos-hermanos.mx\/index.php\/wp-json\/wp\/v2\/comments?post=1156"}],"version-history":[{"count":1,"href":"https:\/\/somos-hermanos.mx\/index.php\/wp-json\/wp\/v2\/posts\/1156\/revisions"}],"predecessor-version":[{"id":1158,"href":"https:\/\/somos-hermanos.mx\/index.php\/wp-json\/wp\/v2\/posts\/1156\/revisions\/1158"}],"wp:featuredmedia":[{"embeddable":true,"href":"https:\/\/somos-hermanos.mx\/index.php\/wp-json\/wp\/v2\/media\/1157"}],"wp:attachment":[{"href":"https:\/\/somos-hermanos.mx\/index.php\/wp-json\/wp\/v2\/media?parent=1156"}],"wp:term":[{"taxonomy":"category","embeddable":true,"href":"https:\/\/somos-hermanos.mx\/index.php\/wp-json\/wp\/v2\/categories?post=1156"},{"taxonomy":"post_tag","embeddable":true,"href":"https:\/\/somos-hermanos.mx\/index.php\/wp-json\/wp\/v2\/tags?post=1156"}],"curies":[{"name":"wp","href":"https:\/\/api.w.org\/{rel}","templated":true}]}}